{"id":200845,"date":"2022-12-19T10:16:00","date_gmt":"2022-12-19T10:16:00","guid":{"rendered":"https:\/\/www.webdo.tn\/fr\/blog\/tunisie-jamila-ksiksi-decede-dans-un-accident\/200845\/"},"modified":"2025-05-20T22:48:16","modified_gmt":"2025-05-20T22:48:16","slug":"tunisie-jamila-ksiksi-decede-dans-un-accident","status":"publish","type":"post","link":"https:\/\/www.webdo.tn\/fr\/actualite\/national\/tunisie-jamila-ksiksi-decede-dans-un-accident\/200845\/","title":{"rendered":"Tunisie : Jamila Ksiksi d\u00e9c\u00e8de dans un accident"},"content":{"rendered":"<p>L\u2019ancienne d\u00e9put\u00e9e d&rsquo;Ennahdha Jamila Ksiksi est d\u00e9c\u00e9d\u00e9e ce lundi 19 d\u00e9cembre 2022 suite \u00e0 un accident de voiture. C&rsquo;est son ancien coll\u00e8ge \u00e0 l&rsquo;ARP, Moussa Ben Ahmed qui en fait l&rsquo;annonce.<\/p>\n<p>\t\t\t\t\t\t\t\t\tDe son nom complet Jamila Debbech Ksiksi, elle est n\u00e9e en 1968 \u00e0 M\u00e9denine.<\/p>\n<p>Ancienne dirigeante du mouvement islamiste Ennahdha, elle a si\u00e9g\u00e9 comme d\u00e9put\u00e9e \u00e0 l&rsquo;Assembl\u00e9e des repr\u00e9sentants du peuple comme repr\u00e9sentante de la circonscription de l&rsquo;Ariana de 2014 \u00e0 2021.<\/p>\n","protected":false},"excerpt":{"rendered":"<p>L\u2019ancienne d\u00e9put\u00e9e d&rsquo;Ennahdha Jamila Ksiksi est d\u00e9c\u00e9d\u00e9e ce lundi 19 d\u00e9cembre 2022 suite \u00e0 un accident de voiture. C&rsquo;est son ancien coll\u00e8ge \u00e0 l&rsquo;ARP, Moussa Ben A&#8230;<\/p>\n","protected":false},"author":3175,"featured_media":277429,"comment_status":"open","ping_status":"closed","sticky":false,"template":"","format":"standard","meta":{"footnotes":""},"categories":[44],"tags":[3915,2830,7632,2608],"class_list":["post-200845","post","type-post","status-publish","format-standard","has-post-thumbnail","hentry","category-national","tag-accident","tag-deces","tag-deputee","tag-tunisie"],"yoast_head":"<!-- This site is optimized with the Yoast SEO Premium plugin v27.4 (Yoast SEO v27.5) - https:\/\/yoast.com\/product\/yoast-seo-premium-wordpress\/ -->\n<title>Tunisie : Jamila Ksiksi d\u00e9c\u00e8de dans un accident<\/title>\n<meta name=\"description\" content=\"L\u2019ancienne d\u00e9put\u00e9e d&#039;Ennahdha Jamila Ksiksi est d\u00e9c\u00e9d\u00e9e ce lundi 19 d\u00e9cembre 2022 suite \u00e0 un accident de voiture. C&#039;est son ancien coll\u00e8ge \u00e0 l&#039;ARP, Moussa Ben A...\" \/>\n<link rel=\"canonical\" href=\"https:\/\/www.webdo.tn\/fr\/actualite\/national\/tunisie-jamila-ksiksi-decede-dans-un-accident\/200845\/\" \/>\n<meta property=\"og:locale\" content=\"fr_FR\" \/>\n<meta property=\"og:type\" content=\"article\" \/>\n<meta property=\"og:title\" content=\"Tunisie : Jamila Ksiksi d\u00e9c\u00e8de dans un accident\" \/>\n<meta property=\"og:description\" content=\"L\u2019ancienne d\u00e9put\u00e9e d&#039;Ennahdha Jamila Ksiksi est d\u00e9c\u00e9d\u00e9e ce lundi 19 d\u00e9cembre 2022 suite \u00e0 un accident de voiture. C&#039;est son ancien coll\u00e8ge \u00e0 l&#039;ARP, Moussa Ben A...\" \/>\n<meta property=\"og:url\" content=\"https:\/\/www.webdo.tn\/fr\/actualite\/national\/tunisie-jamila-ksiksi-decede-dans-un-accident\/200845\/\" \/>\n<meta property=\"og:site_name\" content=\"webdo\" \/>\n<meta property=\"article:publisher\" content=\"https:\/\/www.facebook.com\/webdotn\" \/>\n<meta property=\"article:published_time\" content=\"2022-12-19T10:16:00+00:00\" \/>\n<meta property=\"article:modified_time\" content=\"2025-05-20T22:48:16+00:00\" \/>\n<meta property=\"og:image\" content=\"https:\/\/www.webdo.tn\/fr\/wp-content\/uploads\/2022\/12\/d6dcd69ffa39946ddba64dbc1c4ca9c2.jpg\" \/>\n\t<meta property=\"og:image:width\" content=\"640\" \/>\n\t<meta property=\"og:image:height\" content=\"341\" \/>\n\t<meta property=\"og:image:type\" content=\"image\/jpeg\" \/>\n<meta name=\"author\" content=\"CL\" \/>\n<meta name=\"twitter:card\" content=\"summary_large_image\" \/>\n<meta name=\"twitter:creator\" content=\"@webdo_tn\" \/>\n<meta name=\"twitter:site\" content=\"@webdo_tn\" \/>\n<meta name=\"twitter:label1\" content=\"\u00c9crit par\" \/>\n\t<meta name=\"twitter:data1\" content=\"CL\" \/>\n<script type=\"application\/ld+json\" class=\"yoast-schema-graph\">{\"@context\":\"https:\\\/\\\/schema.org\",\"@graph\":[{\"@type\":\"NewsArticle\",\"@id\":\"https:\\\/\\\/www.webdo.tn\\\/fr\\\/actualite\\\/national\\\/tunisie-jamila-ksiksi-decede-dans-un-accident\\\/200845\\\/#article\",\"isPartOf\":{\"@id\":\"https:\\\/\\\/www.webdo.tn\\\/fr\\\/actualite\\\/national\\\/tunisie-jamila-ksiksi-decede-dans-un-accident\\\/200845\\\/\"},\"author\":{\"name\":\"CL\",\"@id\":\"https:\\\/\\\/www.webdo.tn\\\/fr\\\/#\\\/schema\\\/person\\\/f35b42a42c5e2511bbd282959d6385cc\"},\"headline\":\"Tunisie : Jamila Ksiksi d\u00e9c\u00e8de dans un accident\",\"datePublished\":\"2022-12-19T10:16:00+00:00\",\"dateModified\":\"2025-05-20T22:48:16+00:00\",\"mainEntityOfPage\":{\"@id\":\"https:\\\/\\\/www.webdo.tn\\\/fr\\\/actualite\\\/national\\\/tunisie-jamila-ksiksi-decede-dans-un-accident\\\/200845\\\/\"},\"wordCount\":94,\"commentCount\":0,\"publisher\":{\"@id\":\"https:\\\/\\\/www.webdo.tn\\\/fr\\\/#organization\"},\"image\":{\"@id\":\"https:\\\/\\\/www.webdo.tn\\\/fr\\\/actualite\\\/national\\\/tunisie-jamila-ksiksi-decede-dans-un-accident\\\/200845\\\/#primaryimage\"},\"thumbnailUrl\":\"https:\\\/\\\/www.webdo.tn\\\/fr\\\/wp-content\\\/uploads\\\/2022\\\/12\\\/d6dcd69ffa39946ddba64dbc1c4ca9c2.jpg\",\"keywords\":[\"accident\",\"D\u00e9c\u00e8s\",\"D\u00e9put\u00e9e\",\"Tunisie\"],\"articleSection\":[\"National\"],\"inLanguage\":\"fr-FR\"},{\"@type\":\"WebPage\",\"@id\":\"https:\\\/\\\/www.webdo.tn\\\/fr\\\/actualite\\\/national\\\/tunisie-jamila-ksiksi-decede-dans-un-accident\\\/200845\\\/\",\"url\":\"https:\\\/\\\/www.webdo.tn\\\/fr\\\/actualite\\\/national\\\/tunisie-jamila-ksiksi-decede-dans-un-accident\\\/200845\\\/\",\"name\":\"Tunisie : Jamila Ksiksi d\u00e9c\u00e8de dans un accident\",\"isPartOf\":{\"@id\":\"https:\\\/\\\/www.webdo.tn\\\/fr\\\/#website\"},\"primaryImageOfPage\":{\"@id\":\"https:\\\/\\\/www.webdo.tn\\\/fr\\\/actualite\\\/national\\\/tunisie-jamila-ksiksi-decede-dans-un-accident\\\/200845\\\/#primaryimage\"},\"image\":{\"@id\":\"https:\\\/\\\/www.webdo.tn\\\/fr\\\/actualite\\\/national\\\/tunisie-jamila-ksiksi-decede-dans-un-accident\\\/200845\\\/#primaryimage\"},\"thumbnailUrl\":\"https:\\\/\\\/www.webdo.tn\\\/fr\\\/wp-content\\\/uploads\\\/2022\\\/12\\\/d6dcd69ffa39946ddba64dbc1c4ca9c2.jpg\",\"datePublished\":\"2022-12-19T10:16:00+00:00\",\"dateModified\":\"2025-05-20T22:48:16+00:00\",\"description\":\"L\u2019ancienne d\u00e9put\u00e9e d'Ennahdha Jamila Ksiksi est d\u00e9c\u00e9d\u00e9e ce lundi 19 d\u00e9cembre 2022 suite \u00e0 un accident de voiture. C'est son ancien coll\u00e8ge \u00e0 l'ARP, Moussa Ben A...\",\"breadcrumb\":{\"@id\":\"https:\\\/\\\/www.webdo.tn\\\/fr\\\/actualite\\\/national\\\/tunisie-jamila-ksiksi-decede-dans-un-accident\\\/200845\\\/#breadcrumb\"},\"inLanguage\":\"fr-FR\",\"potentialAction\":[{\"@type\":\"ReadAction\",\"target\":[\"https:\\\/\\\/www.webdo.tn\\\/fr\\\/actualite\\\/national\\\/tunisie-jamila-ksiksi-decede-dans-un-accident\\\/200845\\\/\"]}]},{\"@type\":\"ImageObject\",\"inLanguage\":\"fr-FR\",\"@id\":\"https:\\\/\\\/www.webdo.tn\\\/fr\\\/actualite\\\/national\\\/tunisie-jamila-ksiksi-decede-dans-un-accident\\\/200845\\\/#primaryimage\",\"url\":\"https:\\\/\\\/www.webdo.tn\\\/fr\\\/wp-content\\\/uploads\\\/2022\\\/12\\\/d6dcd69ffa39946ddba64dbc1c4ca9c2.jpg\",\"contentUrl\":\"https:\\\/\\\/www.webdo.tn\\\/fr\\\/wp-content\\\/uploads\\\/2022\\\/12\\\/d6dcd69ffa39946ddba64dbc1c4ca9c2.jpg\",\"width\":640,\"height\":341,\"caption\":\"Jamila Ksiksi\"},{\"@type\":\"BreadcrumbList\",\"@id\":\"https:\\\/\\\/www.webdo.tn\\\/fr\\\/actualite\\\/national\\\/tunisie-jamila-ksiksi-decede-dans-un-accident\\\/200845\\\/#breadcrumb\",\"itemListElement\":[{\"@type\":\"ListItem\",\"position\":1,\"name\":\"Accueil\",\"item\":\"https:\\\/\\\/www.webdo.tn\\\/fr\\\/\"},{\"@type\":\"ListItem\",\"position\":2,\"name\":\"Tunisie : Jamila Ksiksi d\u00e9c\u00e8de dans un accident\"}]},{\"@type\":\"WebSite\",\"@id\":\"https:\\\/\\\/www.webdo.tn\\\/fr\\\/#website\",\"url\":\"https:\\\/\\\/www.webdo.tn\\\/fr\\\/\",\"name\":\"webdo\",\"description\":\"Tunisie - News en Tunisie et \u00e0 l&#039;international sur Webdo.tn\",\"publisher\":{\"@id\":\"https:\\\/\\\/www.webdo.tn\\\/fr\\\/#organization\"},\"potentialAction\":[{\"@type\":\"SearchAction\",\"target\":{\"@type\":\"EntryPoint\",\"urlTemplate\":\"https:\\\/\\\/www.webdo.tn\\\/fr\\\/?s={search_term_string}\"},\"query-input\":{\"@type\":\"PropertyValueSpecification\",\"valueRequired\":true,\"valueName\":\"search_term_string\"}}],\"inLanguage\":\"fr-FR\"},{\"@type\":\"Organization\",\"@id\":\"https:\\\/\\\/www.webdo.tn\\\/fr\\\/#organization\",\"name\":\"Webdo\",\"alternateName\":\"Webdo.tn\",\"url\":\"https:\\\/\\\/www.webdo.tn\\\/fr\\\/\",\"logo\":{\"@type\":\"ImageObject\",\"inLanguage\":\"fr-FR\",\"@id\":\"https:\\\/\\\/www.webdo.tn\\\/fr\\\/#\\\/schema\\\/logo\\\/image\\\/\",\"url\":\"https:\\\/\\\/www.webdo.tn\\\/fr\\\/wp-content\\\/uploads\\\/2025\\\/06\\\/Webdo-Tunisie_168377.jpg\",\"contentUrl\":\"https:\\\/\\\/www.webdo.tn\\\/fr\\\/wp-content\\\/uploads\\\/2025\\\/06\\\/Webdo-Tunisie_168377.jpg\",\"width\":301,\"height\":301,\"caption\":\"Webdo\"},\"image\":{\"@id\":\"https:\\\/\\\/www.webdo.tn\\\/fr\\\/#\\\/schema\\\/logo\\\/image\\\/\"},\"sameAs\":[\"https:\\\/\\\/www.facebook.com\\\/webdotn\",\"https:\\\/\\\/x.com\\\/webdo_tn\"],\"description\":\"Webdo est un m\u00e9dia num\u00e9rique tunisien fond\u00e9 en 2010, sp\u00e9cialis\u00e9 dans l\u2019actualit\u00e9 nationale et internationale, l\u2019\u00e9conomie, la soci\u00e9t\u00e9 et les analyses politiques. Le site s\u2019adresse \u00e0 un large public francophone et couvre l\u2019information tunisienne en temps r\u00e9el.\",\"email\":\"redac@webdo.tn\",\"legalName\":\"YNJ SARL\",\"foundingDate\":\"2010-09-06\",\"numberOfEmployees\":{\"@type\":\"QuantitativeValue\",\"minValue\":\"11\",\"maxValue\":\"50\"}},{\"@type\":\"Person\",\"@id\":\"https:\\\/\\\/www.webdo.tn\\\/fr\\\/#\\\/schema\\\/person\\\/f35b42a42c5e2511bbd282959d6385cc\",\"name\":\"CL\",\"image\":{\"@type\":\"ImageObject\",\"inLanguage\":\"fr-FR\",\"@id\":\"https:\\\/\\\/secure.gravatar.com\\\/avatar\\\/1447a49909b67aa657c488aec6512e1dd6143a480c1ecfee9b5b5cd74eb3b59e?s=96&d=mm&r=g\",\"url\":\"https:\\\/\\\/secure.gravatar.com\\\/avatar\\\/1447a49909b67aa657c488aec6512e1dd6143a480c1ecfee9b5b5cd74eb3b59e?s=96&d=mm&r=g\",\"contentUrl\":\"https:\\\/\\\/secure.gravatar.com\\\/avatar\\\/1447a49909b67aa657c488aec6512e1dd6143a480c1ecfee9b5b5cd74eb3b59e?s=96&d=mm&r=g\",\"caption\":\"CL\"},\"url\":\"https:\\\/\\\/www.webdo.tn\\\/fr\\\/actualite\\\/author\\\/cl\\\/\"}]}<\/script>\n<!-- \/ Yoast SEO Premium plugin. -->","yoast_head_json":{"title":"Tunisie : Jamila Ksiksi d\u00e9c\u00e8de dans un accident","description":"L\u2019ancienne d\u00e9put\u00e9e d'Ennahdha Jamila Ksiksi est d\u00e9c\u00e9d\u00e9e ce lundi 19 d\u00e9cembre 2022 suite \u00e0 un accident de voiture. C'est son ancien coll\u00e8ge \u00e0 l'ARP, Moussa Ben A...","canonical":"https:\/\/www.webdo.tn\/fr\/actualite\/national\/tunisie-jamila-ksiksi-decede-dans-un-accident\/200845\/","og_locale":"fr_FR","og_type":"article","og_title":"Tunisie : Jamila Ksiksi d\u00e9c\u00e8de dans un accident","og_description":"L\u2019ancienne d\u00e9put\u00e9e d'Ennahdha Jamila Ksiksi est d\u00e9c\u00e9d\u00e9e ce lundi 19 d\u00e9cembre 2022 suite \u00e0 un accident de voiture. C'est son ancien coll\u00e8ge \u00e0 l'ARP, Moussa Ben A...","og_url":"https:\/\/www.webdo.tn\/fr\/actualite\/national\/tunisie-jamila-ksiksi-decede-dans-un-accident\/200845\/","og_site_name":"webdo","article_publisher":"https:\/\/www.facebook.com\/webdotn","article_published_time":"2022-12-19T10:16:00+00:00","article_modified_time":"2025-05-20T22:48:16+00:00","og_image":[{"width":640,"height":341,"url":"https:\/\/www.webdo.tn\/fr\/wp-content\/uploads\/2022\/12\/d6dcd69ffa39946ddba64dbc1c4ca9c2.jpg","type":"image\/jpeg"}],"author":"CL","twitter_card":"summary_large_image","twitter_creator":"@webdo_tn","twitter_site":"@webdo_tn","twitter_misc":{"\u00c9crit par":"CL"},"schema":{"@context":"https:\/\/schema.org","@graph":[{"@type":"NewsArticle","@id":"https:\/\/www.webdo.tn\/fr\/actualite\/national\/tunisie-jamila-ksiksi-decede-dans-un-accident\/200845\/#article","isPartOf":{"@id":"https:\/\/www.webdo.tn\/fr\/actualite\/national\/tunisie-jamila-ksiksi-decede-dans-un-accident\/200845\/"},"author":{"name":"CL","@id":"https:\/\/www.webdo.tn\/fr\/#\/schema\/person\/f35b42a42c5e2511bbd282959d6385cc"},"headline":"Tunisie : Jamila Ksiksi d\u00e9c\u00e8de dans un accident","datePublished":"2022-12-19T10:16:00+00:00","dateModified":"2025-05-20T22:48:16+00:00","mainEntityOfPage":{"@id":"https:\/\/www.webdo.tn\/fr\/actualite\/national\/tunisie-jamila-ksiksi-decede-dans-un-accident\/200845\/"},"wordCount":94,"commentCount":0,"publisher":{"@id":"https:\/\/www.webdo.tn\/fr\/#organization"},"image":{"@id":"https:\/\/www.webdo.tn\/fr\/actualite\/national\/tunisie-jamila-ksiksi-decede-dans-un-accident\/200845\/#primaryimage"},"thumbnailUrl":"https:\/\/www.webdo.tn\/fr\/wp-content\/uploads\/2022\/12\/d6dcd69ffa39946ddba64dbc1c4ca9c2.jpg","keywords":["accident","D\u00e9c\u00e8s","D\u00e9put\u00e9e","Tunisie"],"articleSection":["National"],"inLanguage":"fr-FR"},{"@type":"WebPage","@id":"https:\/\/www.webdo.tn\/fr\/actualite\/national\/tunisie-jamila-ksiksi-decede-dans-un-accident\/200845\/","url":"https:\/\/www.webdo.tn\/fr\/actualite\/national\/tunisie-jamila-ksiksi-decede-dans-un-accident\/200845\/","name":"Tunisie : Jamila Ksiksi d\u00e9c\u00e8de dans un accident","isPartOf":{"@id":"https:\/\/www.webdo.tn\/fr\/#website"},"primaryImageOfPage":{"@id":"https:\/\/www.webdo.tn\/fr\/actualite\/national\/tunisie-jamila-ksiksi-decede-dans-un-accident\/200845\/#primaryimage"},"image":{"@id":"https:\/\/www.webdo.tn\/fr\/actualite\/national\/tunisie-jamila-ksiksi-decede-dans-un-accident\/200845\/#primaryimage"},"thumbnailUrl":"https:\/\/www.webdo.tn\/fr\/wp-content\/uploads\/2022\/12\/d6dcd69ffa39946ddba64dbc1c4ca9c2.jpg","datePublished":"2022-12-19T10:16:00+00:00","dateModified":"2025-05-20T22:48:16+00:00","description":"L\u2019ancienne d\u00e9put\u00e9e d'Ennahdha Jamila Ksiksi est d\u00e9c\u00e9d\u00e9e ce lundi 19 d\u00e9cembre 2022 suite \u00e0 un accident de voiture. C'est son ancien coll\u00e8ge \u00e0 l'ARP, Moussa Ben A...","breadcrumb":{"@id":"https:\/\/www.webdo.tn\/fr\/actualite\/national\/tunisie-jamila-ksiksi-decede-dans-un-accident\/200845\/#breadcrumb"},"inLanguage":"fr-FR","potentialAction":[{"@type":"ReadAction","target":["https:\/\/www.webdo.tn\/fr\/actualite\/national\/tunisie-jamila-ksiksi-decede-dans-un-accident\/200845\/"]}]},{"@type":"ImageObject","inLanguage":"fr-FR","@id":"https:\/\/www.webdo.tn\/fr\/actualite\/national\/tunisie-jamila-ksiksi-decede-dans-un-accident\/200845\/#primaryimage","url":"https:\/\/www.webdo.tn\/fr\/wp-content\/uploads\/2022\/12\/d6dcd69ffa39946ddba64dbc1c4ca9c2.jpg","contentUrl":"https:\/\/www.webdo.tn\/fr\/wp-content\/uploads\/2022\/12\/d6dcd69ffa39946ddba64dbc1c4ca9c2.jpg","width":640,"height":341,"caption":"Jamila Ksiksi"},{"@type":"BreadcrumbList","@id":"https:\/\/www.webdo.tn\/fr\/actualite\/national\/tunisie-jamila-ksiksi-decede-dans-un-accident\/200845\/#breadcrumb","itemListElement":[{"@type":"ListItem","position":1,"name":"Accueil","item":"https:\/\/www.webdo.tn\/fr\/"},{"@type":"ListItem","position":2,"name":"Tunisie : Jamila Ksiksi d\u00e9c\u00e8de dans un accident"}]},{"@type":"WebSite","@id":"https:\/\/www.webdo.tn\/fr\/#website","url":"https:\/\/www.webdo.tn\/fr\/","name":"webdo","description":"Tunisie - News en Tunisie et \u00e0 l&#039;international sur Webdo.tn","publisher":{"@id":"https:\/\/www.webdo.tn\/fr\/#organization"},"potentialAction":[{"@type":"SearchAction","target":{"@type":"EntryPoint","urlTemplate":"https:\/\/www.webdo.tn\/fr\/?s={search_term_string}"},"query-input":{"@type":"PropertyValueSpecification","valueRequired":true,"valueName":"search_term_string"}}],"inLanguage":"fr-FR"},{"@type":"Organization","@id":"https:\/\/www.webdo.tn\/fr\/#organization","name":"Webdo","alternateName":"Webdo.tn","url":"https:\/\/www.webdo.tn\/fr\/","logo":{"@type":"ImageObject","inLanguage":"fr-FR","@id":"https:\/\/www.webdo.tn\/fr\/#\/schema\/logo\/image\/","url":"https:\/\/www.webdo.tn\/fr\/wp-content\/uploads\/2025\/06\/Webdo-Tunisie_168377.jpg","contentUrl":"https:\/\/www.webdo.tn\/fr\/wp-content\/uploads\/2025\/06\/Webdo-Tunisie_168377.jpg","width":301,"height":301,"caption":"Webdo"},"image":{"@id":"https:\/\/www.webdo.tn\/fr\/#\/schema\/logo\/image\/"},"sameAs":["https:\/\/www.facebook.com\/webdotn","https:\/\/x.com\/webdo_tn"],"description":"Webdo est un m\u00e9dia num\u00e9rique tunisien fond\u00e9 en 2010, sp\u00e9cialis\u00e9 dans l\u2019actualit\u00e9 nationale et internationale, l\u2019\u00e9conomie, la soci\u00e9t\u00e9 et les analyses politiques. Le site s\u2019adresse \u00e0 un large public francophone et couvre l\u2019information tunisienne en temps r\u00e9el.","email":"redac@webdo.tn","legalName":"YNJ SARL","foundingDate":"2010-09-06","numberOfEmployees":{"@type":"QuantitativeValue","minValue":"11","maxValue":"50"}},{"@type":"Person","@id":"https:\/\/www.webdo.tn\/fr\/#\/schema\/person\/f35b42a42c5e2511bbd282959d6385cc","name":"CL","image":{"@type":"ImageObject","inLanguage":"fr-FR","@id":"https:\/\/secure.gravatar.com\/avatar\/1447a49909b67aa657c488aec6512e1dd6143a480c1ecfee9b5b5cd74eb3b59e?s=96&d=mm&r=g","url":"https:\/\/secure.gravatar.com\/avatar\/1447a49909b67aa657c488aec6512e1dd6143a480c1ecfee9b5b5cd74eb3b59e?s=96&d=mm&r=g","contentUrl":"https:\/\/secure.gravatar.com\/avatar\/1447a49909b67aa657c488aec6512e1dd6143a480c1ecfee9b5b5cd74eb3b59e?s=96&d=mm&r=g","caption":"CL"},"url":"https:\/\/www.webdo.tn\/fr\/actualite\/author\/cl\/"}]}},"_links":{"self":[{"href":"https:\/\/www.webdo.tn\/fr\/wp-json\/wp\/v2\/posts\/200845","targetHints":{"allow":["GET"]}}],"collection":[{"href":"https:\/\/www.webdo.tn\/fr\/wp-json\/wp\/v2\/posts"}],"about":[{"href":"https:\/\/www.webdo.tn\/fr\/wp-json\/wp\/v2\/types\/post"}],"author":[{"embeddable":true,"href":"https:\/\/www.webdo.tn\/fr\/wp-json\/wp\/v2\/users\/3175"}],"replies":[{"embeddable":true,"href":"https:\/\/www.webdo.tn\/fr\/wp-json\/wp\/v2\/comments?post=200845"}],"version-history":[{"count":0,"href":"https:\/\/www.webdo.tn\/fr\/wp-json\/wp\/v2\/posts\/200845\/revisions"}],"wp:featuredmedia":[{"embeddable":true,"href":"https:\/\/www.webdo.tn\/fr\/wp-json\/wp\/v2\/media\/277429"}],"wp:attachment":[{"href":"https:\/\/www.webdo.tn\/fr\/wp-json\/wp\/v2\/media?parent=200845"}],"wp:term":[{"taxonomy":"category","embeddable":true,"href":"https:\/\/www.webdo.tn\/fr\/wp-json\/wp\/v2\/categories?post=200845"},{"taxonomy":"post_tag","embeddable":true,"href":"https:\/\/www.webdo.tn\/fr\/wp-json\/wp\/v2\/tags?post=200845"}],"curies":[{"name":"wp","href":"https:\/\/api.w.org\/{rel}","templated":true}]}}