{"id":200843,"date":"2022-12-19T09:54:00","date_gmt":"2022-12-19T09:54:00","guid":{"rendered":"https:\/\/www.webdo.tn\/fr\/blog\/legislatives-le-message-de-fadhel-abdelkafi-a-kais-saied\/200843\/"},"modified":"2025-05-20T22:48:15","modified_gmt":"2025-05-20T22:48:15","slug":"legislatives-le-message-de-fadhel-abdelkafi-a-kais-saied","status":"publish","type":"post","link":"https:\/\/www.webdo.tn\/fr\/actualite\/national\/legislatives-le-message-de-fadhel-abdelkafi-a-kais-saied\/200843\/","title":{"rendered":"L\u00e9gislatives : Le message de Fadhel Abdelkafi \u00e0 Kais Saied"},"content":{"rendered":"<p>Suite \u00e0 la faible participation aux \u00e9lections l\u00e9gislatives anticip\u00e9es, les r\u00e9actions politiques n\u2019ont pas manqu\u00e9 de critiquer le pr\u00e9sident de la R\u00e9publique, mais aussi tout le processus du 25 juillet.<\/p>\n<p>\t\t\t\t\t\t\t\t\tC\u2019est dans ce contexte que Fadhel Abdelkafi, pr\u00e9sident du parti Afek Tounes a adress\u00e9 un message au pr\u00e9sident de la R\u00e9publique Kais Saied l\u2019appelant \u00e0 tirer les enseignements n\u00e9cessaires et \u00e0 revoir sa d\u00e9marche.\u00a0<\/p>\n<p>S\u2019exprimant dans une vid\u00e9o publi\u00e9e sur les r\u00e9seaux sociaux, Abdelkafi a appel\u00e9 Kais Saied a mettre fin \u00ab \u00e0 ce scandale \u00bb et \u00e0 d\u00e9signer un gouvernement d\u2019urgence \u00e9conomique.\u00a0<\/p>\n<p>Pour lui, le pr\u00e9sident est \u00e9galement appel\u00e9 \u00e0 organiser des \u00e9lections pr\u00e9sidentielles anticip\u00e9es suite \u00e0 l\u2019\u00e9chec des L\u00e9gislatives.\u00a0<\/p>\n<p>Le taux g\u00e9n\u00e9ral de participation au scrutin l\u00e9gislatif du 17 d\u00e9cembre 2022 a atteint 8,8%, a annonc\u00e9 le pr\u00e9sident de l&rsquo;Instance sup\u00e9rieure ind\u00e9pendante pour les Elections (ISIE), Farouk Bouasker sur la base de r\u00e9sultats officiels pr\u00e9liminaires.<\/p>\n","protected":false},"excerpt":{"rendered":"<p>Suite \u00e0 la faible participation aux \u00e9lections l\u00e9gislatives anticip\u00e9es, les r\u00e9actions politiques n\u2019ont pas manqu\u00e9 de critiquer le pr\u00e9sident de la R\u00e9publique, mai&#8230;<\/p>\n","protected":false},"author":3175,"featured_media":277427,"comment_status":"open","ping_status":"closed","sticky":false,"template":"","format":"standard","meta":{"footnotes":""},"categories":[44],"tags":[9221,3418,2608],"class_list":["post-200843","post","type-post","status-publish","format-standard","has-post-thumbnail","hentry","category-national","tag-abdelkafi","tag-saied","tag-tunisie"],"yoast_head":"<!-- This site is optimized with the Yoast SEO Premium plugin v27.5 (Yoast SEO v27.5) - https:\/\/yoast.com\/product\/yoast-seo-premium-wordpress\/ -->\n<title>L\u00e9gislatives : Le message de Fadhel Abdelkafi \u00e0 Kais Saied<\/title>\n<meta name=\"description\" content=\"Suite \u00e0 la faible participation aux \u00e9lections l\u00e9gislatives anticip\u00e9es, les r\u00e9actions politiques n\u2019ont pas manqu\u00e9 de critiquer le pr\u00e9sident de la R\u00e9publique, mai...\" \/>\n<link rel=\"canonical\" href=\"https:\/\/www.webdo.tn\/fr\/actualite\/national\/legislatives-le-message-de-fadhel-abdelkafi-a-kais-saied\/200843\/\" \/>\n<meta property=\"og:locale\" content=\"fr_FR\" \/>\n<meta property=\"og:type\" content=\"article\" \/>\n<meta property=\"og:title\" content=\"L\u00e9gislatives : Le message de Fadhel Abdelkafi \u00e0 Kais Saied\" \/>\n<meta property=\"og:description\" content=\"Suite \u00e0 la faible participation aux \u00e9lections l\u00e9gislatives anticip\u00e9es, les r\u00e9actions politiques n\u2019ont pas manqu\u00e9 de critiquer le pr\u00e9sident de la R\u00e9publique, mai...\" \/>\n<meta property=\"og:url\" content=\"https:\/\/www.webdo.tn\/fr\/actualite\/national\/legislatives-le-message-de-fadhel-abdelkafi-a-kais-saied\/200843\/\" \/>\n<meta property=\"og:site_name\" content=\"webdo\" \/>\n<meta property=\"article:publisher\" content=\"https:\/\/www.facebook.com\/webdotn\" \/>\n<meta property=\"article:published_time\" content=\"2022-12-19T09:54:00+00:00\" \/>\n<meta property=\"article:modified_time\" content=\"2025-05-20T22:48:15+00:00\" \/>\n<meta property=\"og:image\" content=\"https:\/\/www.webdo.tn\/fr\/wp-content\/uploads\/2022\/12\/0ac8c932704dce5f22b8a817878d680a.jpg\" \/>\n\t<meta property=\"og:image:width\" content=\"750\" \/>\n\t<meta property=\"og:image:height\" content=\"400\" \/>\n\t<meta property=\"og:image:type\" content=\"image\/jpeg\" \/>\n<meta name=\"author\" content=\"CL\" \/>\n<meta name=\"twitter:card\" content=\"summary_large_image\" \/>\n<meta name=\"twitter:creator\" content=\"@webdo_tn\" \/>\n<meta name=\"twitter:site\" content=\"@webdo_tn\" \/>\n<meta name=\"twitter:label1\" content=\"\u00c9crit par\" \/>\n\t<meta name=\"twitter:data1\" content=\"CL\" \/>\n\t<meta name=\"twitter:label2\" content=\"Dur\u00e9e de lecture estim\u00e9e\" \/>\n\t<meta name=\"twitter:data2\" content=\"1 minute\" \/>\n<script type=\"application\/ld+json\" class=\"yoast-schema-graph\">{\"@context\":\"https:\\\/\\\/schema.org\",\"@graph\":[{\"@type\":\"NewsArticle\",\"@id\":\"https:\\\/\\\/www.webdo.tn\\\/fr\\\/actualite\\\/national\\\/legislatives-le-message-de-fadhel-abdelkafi-a-kais-saied\\\/200843\\\/#article\",\"isPartOf\":{\"@id\":\"https:\\\/\\\/www.webdo.tn\\\/fr\\\/actualite\\\/national\\\/legislatives-le-message-de-fadhel-abdelkafi-a-kais-saied\\\/200843\\\/\"},\"author\":{\"name\":\"CL\",\"@id\":\"https:\\\/\\\/www.webdo.tn\\\/fr\\\/#\\\/schema\\\/person\\\/f35b42a42c5e2511bbd282959d6385cc\"},\"headline\":\"L\u00e9gislatives : Le message de Fadhel Abdelkafi \u00e0 Kais Saied\",\"datePublished\":\"2022-12-19T09:54:00+00:00\",\"dateModified\":\"2025-05-20T22:48:15+00:00\",\"mainEntityOfPage\":{\"@id\":\"https:\\\/\\\/www.webdo.tn\\\/fr\\\/actualite\\\/national\\\/legislatives-le-message-de-fadhel-abdelkafi-a-kais-saied\\\/200843\\\/\"},\"wordCount\":177,\"commentCount\":0,\"publisher\":{\"@id\":\"https:\\\/\\\/www.webdo.tn\\\/fr\\\/#organization\"},\"image\":{\"@id\":\"https:\\\/\\\/www.webdo.tn\\\/fr\\\/actualite\\\/national\\\/legislatives-le-message-de-fadhel-abdelkafi-a-kais-saied\\\/200843\\\/#primaryimage\"},\"thumbnailUrl\":\"https:\\\/\\\/www.webdo.tn\\\/fr\\\/wp-content\\\/uploads\\\/2022\\\/12\\\/0ac8c932704dce5f22b8a817878d680a.jpg\",\"keywords\":[\"Abdelkafi\",\"Saied\",\"Tunisie\"],\"articleSection\":[\"National\"],\"inLanguage\":\"fr-FR\"},{\"@type\":\"WebPage\",\"@id\":\"https:\\\/\\\/www.webdo.tn\\\/fr\\\/actualite\\\/national\\\/legislatives-le-message-de-fadhel-abdelkafi-a-kais-saied\\\/200843\\\/\",\"url\":\"https:\\\/\\\/www.webdo.tn\\\/fr\\\/actualite\\\/national\\\/legislatives-le-message-de-fadhel-abdelkafi-a-kais-saied\\\/200843\\\/\",\"name\":\"L\u00e9gislatives : Le message de Fadhel Abdelkafi \u00e0 Kais Saied\",\"isPartOf\":{\"@id\":\"https:\\\/\\\/www.webdo.tn\\\/fr\\\/#website\"},\"primaryImageOfPage\":{\"@id\":\"https:\\\/\\\/www.webdo.tn\\\/fr\\\/actualite\\\/national\\\/legislatives-le-message-de-fadhel-abdelkafi-a-kais-saied\\\/200843\\\/#primaryimage\"},\"image\":{\"@id\":\"https:\\\/\\\/www.webdo.tn\\\/fr\\\/actualite\\\/national\\\/legislatives-le-message-de-fadhel-abdelkafi-a-kais-saied\\\/200843\\\/#primaryimage\"},\"thumbnailUrl\":\"https:\\\/\\\/www.webdo.tn\\\/fr\\\/wp-content\\\/uploads\\\/2022\\\/12\\\/0ac8c932704dce5f22b8a817878d680a.jpg\",\"datePublished\":\"2022-12-19T09:54:00+00:00\",\"dateModified\":\"2025-05-20T22:48:15+00:00\",\"description\":\"Suite \u00e0 la faible participation aux \u00e9lections l\u00e9gislatives anticip\u00e9es, les r\u00e9actions politiques n\u2019ont pas manqu\u00e9 de critiquer le pr\u00e9sident de la R\u00e9publique, mai...\",\"breadcrumb\":{\"@id\":\"https:\\\/\\\/www.webdo.tn\\\/fr\\\/actualite\\\/national\\\/legislatives-le-message-de-fadhel-abdelkafi-a-kais-saied\\\/200843\\\/#breadcrumb\"},\"inLanguage\":\"fr-FR\",\"potentialAction\":[{\"@type\":\"ReadAction\",\"target\":[\"https:\\\/\\\/www.webdo.tn\\\/fr\\\/actualite\\\/national\\\/legislatives-le-message-de-fadhel-abdelkafi-a-kais-saied\\\/200843\\\/\"]}]},{\"@type\":\"ImageObject\",\"inLanguage\":\"fr-FR\",\"@id\":\"https:\\\/\\\/www.webdo.tn\\\/fr\\\/actualite\\\/national\\\/legislatives-le-message-de-fadhel-abdelkafi-a-kais-saied\\\/200843\\\/#primaryimage\",\"url\":\"https:\\\/\\\/www.webdo.tn\\\/fr\\\/wp-content\\\/uploads\\\/2022\\\/12\\\/0ac8c932704dce5f22b8a817878d680a.jpg\",\"contentUrl\":\"https:\\\/\\\/www.webdo.tn\\\/fr\\\/wp-content\\\/uploads\\\/2022\\\/12\\\/0ac8c932704dce5f22b8a817878d680a.jpg\",\"width\":750,\"height\":400,\"caption\":\"Abdelkafi Saied\"},{\"@type\":\"BreadcrumbList\",\"@id\":\"https:\\\/\\\/www.webdo.tn\\\/fr\\\/actualite\\\/national\\\/legislatives-le-message-de-fadhel-abdelkafi-a-kais-saied\\\/200843\\\/#breadcrumb\",\"itemListElement\":[{\"@type\":\"ListItem\",\"position\":1,\"name\":\"Accueil\",\"item\":\"https:\\\/\\\/www.webdo.tn\\\/fr\\\/\"},{\"@type\":\"ListItem\",\"position\":2,\"name\":\"L\u00e9gislatives : Le message de Fadhel Abdelkafi \u00e0 Kais Saied\"}]},{\"@type\":\"WebSite\",\"@id\":\"https:\\\/\\\/www.webdo.tn\\\/fr\\\/#website\",\"url\":\"https:\\\/\\\/www.webdo.tn\\\/fr\\\/\",\"name\":\"webdo\",\"description\":\"Tunisie - News en Tunisie et \u00e0 l&#039;international sur Webdo.tn\",\"publisher\":{\"@id\":\"https:\\\/\\\/www.webdo.tn\\\/fr\\\/#organization\"},\"potentialAction\":[{\"@type\":\"SearchAction\",\"target\":{\"@type\":\"EntryPoint\",\"urlTemplate\":\"https:\\\/\\\/www.webdo.tn\\\/fr\\\/?s={search_term_string}\"},\"query-input\":{\"@type\":\"PropertyValueSpecification\",\"valueRequired\":true,\"valueName\":\"search_term_string\"}}],\"inLanguage\":\"fr-FR\"},{\"@type\":\"Organization\",\"@id\":\"https:\\\/\\\/www.webdo.tn\\\/fr\\\/#organization\",\"name\":\"Webdo\",\"alternateName\":\"Webdo.tn\",\"url\":\"https:\\\/\\\/www.webdo.tn\\\/fr\\\/\",\"logo\":{\"@type\":\"ImageObject\",\"inLanguage\":\"fr-FR\",\"@id\":\"https:\\\/\\\/www.webdo.tn\\\/fr\\\/#\\\/schema\\\/logo\\\/image\\\/\",\"url\":\"https:\\\/\\\/www.webdo.tn\\\/fr\\\/wp-content\\\/uploads\\\/2025\\\/06\\\/Webdo-Tunisie_168377.jpg\",\"contentUrl\":\"https:\\\/\\\/www.webdo.tn\\\/fr\\\/wp-content\\\/uploads\\\/2025\\\/06\\\/Webdo-Tunisie_168377.jpg\",\"width\":301,\"height\":301,\"caption\":\"Webdo\"},\"image\":{\"@id\":\"https:\\\/\\\/www.webdo.tn\\\/fr\\\/#\\\/schema\\\/logo\\\/image\\\/\"},\"sameAs\":[\"https:\\\/\\\/www.facebook.com\\\/webdotn\",\"https:\\\/\\\/x.com\\\/webdo_tn\"],\"description\":\"Webdo est un m\u00e9dia num\u00e9rique tunisien fond\u00e9 en 2010, sp\u00e9cialis\u00e9 dans l\u2019actualit\u00e9 nationale et internationale, l\u2019\u00e9conomie, la soci\u00e9t\u00e9 et les analyses politiques. Le site s\u2019adresse \u00e0 un large public francophone et couvre l\u2019information tunisienne en temps r\u00e9el.\",\"email\":\"redac@webdo.tn\",\"legalName\":\"YNJ SARL\",\"foundingDate\":\"2010-09-06\",\"numberOfEmployees\":{\"@type\":\"QuantitativeValue\",\"minValue\":\"11\",\"maxValue\":\"50\"}},{\"@type\":\"Person\",\"@id\":\"https:\\\/\\\/www.webdo.tn\\\/fr\\\/#\\\/schema\\\/person\\\/f35b42a42c5e2511bbd282959d6385cc\",\"name\":\"CL\",\"image\":{\"@type\":\"ImageObject\",\"inLanguage\":\"fr-FR\",\"@id\":\"https:\\\/\\\/secure.gravatar.com\\\/avatar\\\/1447a49909b67aa657c488aec6512e1dd6143a480c1ecfee9b5b5cd74eb3b59e?s=96&d=mm&r=g\",\"url\":\"https:\\\/\\\/secure.gravatar.com\\\/avatar\\\/1447a49909b67aa657c488aec6512e1dd6143a480c1ecfee9b5b5cd74eb3b59e?s=96&d=mm&r=g\",\"contentUrl\":\"https:\\\/\\\/secure.gravatar.com\\\/avatar\\\/1447a49909b67aa657c488aec6512e1dd6143a480c1ecfee9b5b5cd74eb3b59e?s=96&d=mm&r=g\",\"caption\":\"CL\"},\"url\":\"https:\\\/\\\/www.webdo.tn\\\/fr\\\/actualite\\\/author\\\/cl\\\/\"}]}<\/script>\n<!-- \/ Yoast SEO Premium plugin. -->","yoast_head_json":{"title":"L\u00e9gislatives : Le message de Fadhel Abdelkafi \u00e0 Kais Saied","description":"Suite \u00e0 la faible participation aux \u00e9lections l\u00e9gislatives anticip\u00e9es, les r\u00e9actions politiques n\u2019ont pas manqu\u00e9 de critiquer le pr\u00e9sident de la R\u00e9publique, mai...","canonical":"https:\/\/www.webdo.tn\/fr\/actualite\/national\/legislatives-le-message-de-fadhel-abdelkafi-a-kais-saied\/200843\/","og_locale":"fr_FR","og_type":"article","og_title":"L\u00e9gislatives : Le message de Fadhel Abdelkafi \u00e0 Kais Saied","og_description":"Suite \u00e0 la faible participation aux \u00e9lections l\u00e9gislatives anticip\u00e9es, les r\u00e9actions politiques n\u2019ont pas manqu\u00e9 de critiquer le pr\u00e9sident de la R\u00e9publique, mai...","og_url":"https:\/\/www.webdo.tn\/fr\/actualite\/national\/legislatives-le-message-de-fadhel-abdelkafi-a-kais-saied\/200843\/","og_site_name":"webdo","article_publisher":"https:\/\/www.facebook.com\/webdotn","article_published_time":"2022-12-19T09:54:00+00:00","article_modified_time":"2025-05-20T22:48:15+00:00","og_image":[{"width":750,"height":400,"url":"https:\/\/www.webdo.tn\/fr\/wp-content\/uploads\/2022\/12\/0ac8c932704dce5f22b8a817878d680a.jpg","type":"image\/jpeg"}],"author":"CL","twitter_card":"summary_large_image","twitter_creator":"@webdo_tn","twitter_site":"@webdo_tn","twitter_misc":{"\u00c9crit par":"CL","Dur\u00e9e de lecture estim\u00e9e":"1 minute"},"schema":{"@context":"https:\/\/schema.org","@graph":[{"@type":"NewsArticle","@id":"https:\/\/www.webdo.tn\/fr\/actualite\/national\/legislatives-le-message-de-fadhel-abdelkafi-a-kais-saied\/200843\/#article","isPartOf":{"@id":"https:\/\/www.webdo.tn\/fr\/actualite\/national\/legislatives-le-message-de-fadhel-abdelkafi-a-kais-saied\/200843\/"},"author":{"name":"CL","@id":"https:\/\/www.webdo.tn\/fr\/#\/schema\/person\/f35b42a42c5e2511bbd282959d6385cc"},"headline":"L\u00e9gislatives : Le message de Fadhel Abdelkafi \u00e0 Kais Saied","datePublished":"2022-12-19T09:54:00+00:00","dateModified":"2025-05-20T22:48:15+00:00","mainEntityOfPage":{"@id":"https:\/\/www.webdo.tn\/fr\/actualite\/national\/legislatives-le-message-de-fadhel-abdelkafi-a-kais-saied\/200843\/"},"wordCount":177,"commentCount":0,"publisher":{"@id":"https:\/\/www.webdo.tn\/fr\/#organization"},"image":{"@id":"https:\/\/www.webdo.tn\/fr\/actualite\/national\/legislatives-le-message-de-fadhel-abdelkafi-a-kais-saied\/200843\/#primaryimage"},"thumbnailUrl":"https:\/\/www.webdo.tn\/fr\/wp-content\/uploads\/2022\/12\/0ac8c932704dce5f22b8a817878d680a.jpg","keywords":["Abdelkafi","Saied","Tunisie"],"articleSection":["National"],"inLanguage":"fr-FR"},{"@type":"WebPage","@id":"https:\/\/www.webdo.tn\/fr\/actualite\/national\/legislatives-le-message-de-fadhel-abdelkafi-a-kais-saied\/200843\/","url":"https:\/\/www.webdo.tn\/fr\/actualite\/national\/legislatives-le-message-de-fadhel-abdelkafi-a-kais-saied\/200843\/","name":"L\u00e9gislatives : Le message de Fadhel Abdelkafi \u00e0 Kais Saied","isPartOf":{"@id":"https:\/\/www.webdo.tn\/fr\/#website"},"primaryImageOfPage":{"@id":"https:\/\/www.webdo.tn\/fr\/actualite\/national\/legislatives-le-message-de-fadhel-abdelkafi-a-kais-saied\/200843\/#primaryimage"},"image":{"@id":"https:\/\/www.webdo.tn\/fr\/actualite\/national\/legislatives-le-message-de-fadhel-abdelkafi-a-kais-saied\/200843\/#primaryimage"},"thumbnailUrl":"https:\/\/www.webdo.tn\/fr\/wp-content\/uploads\/2022\/12\/0ac8c932704dce5f22b8a817878d680a.jpg","datePublished":"2022-12-19T09:54:00+00:00","dateModified":"2025-05-20T22:48:15+00:00","description":"Suite \u00e0 la faible participation aux \u00e9lections l\u00e9gislatives anticip\u00e9es, les r\u00e9actions politiques n\u2019ont pas manqu\u00e9 de critiquer le pr\u00e9sident de la R\u00e9publique, mai...","breadcrumb":{"@id":"https:\/\/www.webdo.tn\/fr\/actualite\/national\/legislatives-le-message-de-fadhel-abdelkafi-a-kais-saied\/200843\/#breadcrumb"},"inLanguage":"fr-FR","potentialAction":[{"@type":"ReadAction","target":["https:\/\/www.webdo.tn\/fr\/actualite\/national\/legislatives-le-message-de-fadhel-abdelkafi-a-kais-saied\/200843\/"]}]},{"@type":"ImageObject","inLanguage":"fr-FR","@id":"https:\/\/www.webdo.tn\/fr\/actualite\/national\/legislatives-le-message-de-fadhel-abdelkafi-a-kais-saied\/200843\/#primaryimage","url":"https:\/\/www.webdo.tn\/fr\/wp-content\/uploads\/2022\/12\/0ac8c932704dce5f22b8a817878d680a.jpg","contentUrl":"https:\/\/www.webdo.tn\/fr\/wp-content\/uploads\/2022\/12\/0ac8c932704dce5f22b8a817878d680a.jpg","width":750,"height":400,"caption":"Abdelkafi Saied"},{"@type":"BreadcrumbList","@id":"https:\/\/www.webdo.tn\/fr\/actualite\/national\/legislatives-le-message-de-fadhel-abdelkafi-a-kais-saied\/200843\/#breadcrumb","itemListElement":[{"@type":"ListItem","position":1,"name":"Accueil","item":"https:\/\/www.webdo.tn\/fr\/"},{"@type":"ListItem","position":2,"name":"L\u00e9gislatives : Le message de Fadhel Abdelkafi \u00e0 Kais Saied"}]},{"@type":"WebSite","@id":"https:\/\/www.webdo.tn\/fr\/#website","url":"https:\/\/www.webdo.tn\/fr\/","name":"webdo","description":"Tunisie - News en Tunisie et \u00e0 l&#039;international sur Webdo.tn","publisher":{"@id":"https:\/\/www.webdo.tn\/fr\/#organization"},"potentialAction":[{"@type":"SearchAction","target":{"@type":"EntryPoint","urlTemplate":"https:\/\/www.webdo.tn\/fr\/?s={search_term_string}"},"query-input":{"@type":"PropertyValueSpecification","valueRequired":true,"valueName":"search_term_string"}}],"inLanguage":"fr-FR"},{"@type":"Organization","@id":"https:\/\/www.webdo.tn\/fr\/#organization","name":"Webdo","alternateName":"Webdo.tn","url":"https:\/\/www.webdo.tn\/fr\/","logo":{"@type":"ImageObject","inLanguage":"fr-FR","@id":"https:\/\/www.webdo.tn\/fr\/#\/schema\/logo\/image\/","url":"https:\/\/www.webdo.tn\/fr\/wp-content\/uploads\/2025\/06\/Webdo-Tunisie_168377.jpg","contentUrl":"https:\/\/www.webdo.tn\/fr\/wp-content\/uploads\/2025\/06\/Webdo-Tunisie_168377.jpg","width":301,"height":301,"caption":"Webdo"},"image":{"@id":"https:\/\/www.webdo.tn\/fr\/#\/schema\/logo\/image\/"},"sameAs":["https:\/\/www.facebook.com\/webdotn","https:\/\/x.com\/webdo_tn"],"description":"Webdo est un m\u00e9dia num\u00e9rique tunisien fond\u00e9 en 2010, sp\u00e9cialis\u00e9 dans l\u2019actualit\u00e9 nationale et internationale, l\u2019\u00e9conomie, la soci\u00e9t\u00e9 et les analyses politiques. Le site s\u2019adresse \u00e0 un large public francophone et couvre l\u2019information tunisienne en temps r\u00e9el.","email":"redac@webdo.tn","legalName":"YNJ SARL","foundingDate":"2010-09-06","numberOfEmployees":{"@type":"QuantitativeValue","minValue":"11","maxValue":"50"}},{"@type":"Person","@id":"https:\/\/www.webdo.tn\/fr\/#\/schema\/person\/f35b42a42c5e2511bbd282959d6385cc","name":"CL","image":{"@type":"ImageObject","inLanguage":"fr-FR","@id":"https:\/\/secure.gravatar.com\/avatar\/1447a49909b67aa657c488aec6512e1dd6143a480c1ecfee9b5b5cd74eb3b59e?s=96&d=mm&r=g","url":"https:\/\/secure.gravatar.com\/avatar\/1447a49909b67aa657c488aec6512e1dd6143a480c1ecfee9b5b5cd74eb3b59e?s=96&d=mm&r=g","contentUrl":"https:\/\/secure.gravatar.com\/avatar\/1447a49909b67aa657c488aec6512e1dd6143a480c1ecfee9b5b5cd74eb3b59e?s=96&d=mm&r=g","caption":"CL"},"url":"https:\/\/www.webdo.tn\/fr\/actualite\/author\/cl\/"}]}},"_links":{"self":[{"href":"https:\/\/www.webdo.tn\/fr\/wp-json\/wp\/v2\/posts\/200843","targetHints":{"allow":["GET"]}}],"collection":[{"href":"https:\/\/www.webdo.tn\/fr\/wp-json\/wp\/v2\/posts"}],"about":[{"href":"https:\/\/www.webdo.tn\/fr\/wp-json\/wp\/v2\/types\/post"}],"author":[{"embeddable":true,"href":"https:\/\/www.webdo.tn\/fr\/wp-json\/wp\/v2\/users\/3175"}],"replies":[{"embeddable":true,"href":"https:\/\/www.webdo.tn\/fr\/wp-json\/wp\/v2\/comments?post=200843"}],"version-history":[{"count":0,"href":"https:\/\/www.webdo.tn\/fr\/wp-json\/wp\/v2\/posts\/200843\/revisions"}],"wp:featuredmedia":[{"embeddable":true,"href":"https:\/\/www.webdo.tn\/fr\/wp-json\/wp\/v2\/media\/277427"}],"wp:attachment":[{"href":"https:\/\/www.webdo.tn\/fr\/wp-json\/wp\/v2\/media?parent=200843"}],"wp:term":[{"taxonomy":"category","embeddable":true,"href":"https:\/\/www.webdo.tn\/fr\/wp-json\/wp\/v2\/categories?post=200843"},{"taxonomy":"post_tag","embeddable":true,"href":"https:\/\/www.webdo.tn\/fr\/wp-json\/wp\/v2\/tags?post=200843"}],"curies":[{"name":"wp","href":"https:\/\/api.w.org\/{rel}","templated":true}]}}