{"id":200841,"date":"2022-12-19T09:28:00","date_gmt":"2022-12-19T09:28:00","guid":{"rendered":"https:\/\/www.webdo.tn\/fr\/blog\/pourquoi-messi-a-porte-une-cape-lors-de-la-remise-du-trophee\/200841\/"},"modified":"2025-05-20T22:06:18","modified_gmt":"2025-05-20T22:06:18","slug":"pourquoi-messi-a-porte-une-cape-lors-de-la-remise-du-trophee","status":"publish","type":"post","link":"https:\/\/www.webdo.tn\/fr\/actualite\/sport\/pourquoi-messi-a-porte-une-cape-lors-de-la-remise-du-trophee\/200841\/","title":{"rendered":"Pourquoi Messi a port\u00e9 une cape lors de la remise du troph\u00e9e"},"content":{"rendered":"<p>Beaucoup ont \u00e9t\u00e9 \u00e9tonn\u00e9s de voir Lionel Messi, capitaine de l\u2019Argentine championne du monde, \u00eatre v\u00eatu d\u2019une cape lors de la remise du troph\u00e9e de la Coupe du monde.<\/p>\n<p>\t\t\t\t\t\t\t\t\tAu moment de recevoir le troph\u00e9e, hier, apr\u00e8s le succ\u00e8s de l&rsquo;Argentine contre la France en finale (3-3, 4-2 t.a.b.), Lionel Messi a enfil\u00e9 une cape noire transparente, par-dessus le maillot argentin.<\/p>\n<p>Cette cape est un v\u00eatement symbolique de certains pays du Moyen-Orient comme le Qatar. Elle est traditionnellement port\u00e9e par les hommes pour les grandes occasions et est \u00e9galement associ\u00e9e \u00e0 la royaut\u00e9.<\/p>\n<p>Cette cape, qui a surpris Messi, lui a \u00e9t\u00e9 remise juste avant la remise du troph\u00e9e par le pr\u00e9sident de la FIFA Gianni Infantino et l&rsquo;\u00e9mir du Qatar, Tamim ben Hamad Al-Thani.<\/p>\n","protected":false},"excerpt":{"rendered":"<p>Beaucoup ont \u00e9t\u00e9 \u00e9tonn\u00e9s de voir Lionel Messi, capitaine de l\u2019Argentine championne du monde, \u00eatre v\u00eatu d\u2019une cape lors de la remise du troph\u00e9e de la Coupe du mo&#8230;<\/p>\n","protected":false},"author":3162,"featured_media":277418,"comment_status":"open","ping_status":"closed","sticky":false,"template":"","format":"standard","meta":{"footnotes":""},"categories":[2593],"tags":[9218,4066,8451,8576],"class_list":["post-200841","post","type-post","status-publish","format-standard","has-post-thumbnail","hentry","category-sport","tag-cape","tag-coupe-du-monde","tag-messi","tag-trophee"],"yoast_head":"<!-- This site is optimized with the Yoast SEO Premium plugin v27.4 (Yoast SEO v27.5) - https:\/\/yoast.com\/product\/yoast-seo-premium-wordpress\/ -->\n<title>Pourquoi Messi a port\u00e9 une cape lors de la remise du troph\u00e9e<\/title>\n<meta name=\"description\" content=\"Beaucoup ont \u00e9t\u00e9 \u00e9tonn\u00e9s de voir Lionel Messi, capitaine de l\u2019Argentine championne du monde, \u00eatre v\u00eatu d\u2019une cape lors de la remise du troph\u00e9e de la Coupe du mo...\" \/>\n<link rel=\"canonical\" href=\"https:\/\/www.webdo.tn\/fr\/actualite\/sport\/pourquoi-messi-a-porte-une-cape-lors-de-la-remise-du-trophee\/200841\/\" \/>\n<meta property=\"og:locale\" content=\"fr_FR\" \/>\n<meta property=\"og:type\" content=\"article\" \/>\n<meta property=\"og:title\" content=\"Pourquoi Messi a port\u00e9 une cape lors de la remise du troph\u00e9e\" \/>\n<meta property=\"og:description\" content=\"Beaucoup ont \u00e9t\u00e9 \u00e9tonn\u00e9s de voir Lionel Messi, capitaine de l\u2019Argentine championne du monde, \u00eatre v\u00eatu d\u2019une cape lors de la remise du troph\u00e9e de la Coupe du mo...\" \/>\n<meta property=\"og:url\" content=\"https:\/\/www.webdo.tn\/fr\/actualite\/sport\/pourquoi-messi-a-porte-une-cape-lors-de-la-remise-du-trophee\/200841\/\" \/>\n<meta property=\"og:site_name\" content=\"webdo\" \/>\n<meta property=\"article:publisher\" content=\"https:\/\/www.facebook.com\/webdotn\" \/>\n<meta property=\"article:published_time\" content=\"2022-12-19T09:28:00+00:00\" \/>\n<meta property=\"article:modified_time\" content=\"2025-05-20T22:06:18+00:00\" \/>\n<meta property=\"og:image\" content=\"https:\/\/www.webdo.tn\/fr\/wp-content\/uploads\/2022\/12\/3c617aeac0eee04007829b48f1b69aa0.jpg\" \/>\n\t<meta property=\"og:image:width\" content=\"750\" \/>\n\t<meta property=\"og:image:height\" content=\"400\" \/>\n\t<meta property=\"og:image:type\" content=\"image\/jpeg\" \/>\n<meta name=\"author\" content=\"MC\" \/>\n<meta name=\"twitter:card\" content=\"summary_large_image\" \/>\n<meta name=\"twitter:creator\" content=\"@webdo_tn\" \/>\n<meta name=\"twitter:site\" content=\"@webdo_tn\" \/>\n<meta name=\"twitter:label1\" content=\"\u00c9crit par\" \/>\n\t<meta name=\"twitter:data1\" content=\"MC\" \/>\n\t<meta name=\"twitter:label2\" content=\"Dur\u00e9e de lecture estim\u00e9e\" \/>\n\t<meta name=\"twitter:data2\" content=\"1 minute\" \/>\n<script type=\"application\/ld+json\" class=\"yoast-schema-graph\">{\"@context\":\"https:\\\/\\\/schema.org\",\"@graph\":[{\"@type\":\"NewsArticle\",\"@id\":\"https:\\\/\\\/www.webdo.tn\\\/fr\\\/actualite\\\/sport\\\/pourquoi-messi-a-porte-une-cape-lors-de-la-remise-du-trophee\\\/200841\\\/#article\",\"isPartOf\":{\"@id\":\"https:\\\/\\\/www.webdo.tn\\\/fr\\\/actualite\\\/sport\\\/pourquoi-messi-a-porte-une-cape-lors-de-la-remise-du-trophee\\\/200841\\\/\"},\"author\":{\"name\":\"MC\",\"@id\":\"https:\\\/\\\/www.webdo.tn\\\/fr\\\/#\\\/schema\\\/person\\\/2c4929cbf5a809e3bd38617c6ce150f6\"},\"headline\":\"Pourquoi Messi a port\u00e9 une cape lors de la remise du troph\u00e9e\",\"datePublished\":\"2022-12-19T09:28:00+00:00\",\"dateModified\":\"2025-05-20T22:06:18+00:00\",\"mainEntityOfPage\":{\"@id\":\"https:\\\/\\\/www.webdo.tn\\\/fr\\\/actualite\\\/sport\\\/pourquoi-messi-a-porte-une-cape-lors-de-la-remise-du-trophee\\\/200841\\\/\"},\"wordCount\":154,\"commentCount\":0,\"publisher\":{\"@id\":\"https:\\\/\\\/www.webdo.tn\\\/fr\\\/#organization\"},\"image\":{\"@id\":\"https:\\\/\\\/www.webdo.tn\\\/fr\\\/actualite\\\/sport\\\/pourquoi-messi-a-porte-une-cape-lors-de-la-remise-du-trophee\\\/200841\\\/#primaryimage\"},\"thumbnailUrl\":\"https:\\\/\\\/www.webdo.tn\\\/fr\\\/wp-content\\\/uploads\\\/2022\\\/12\\\/3c617aeac0eee04007829b48f1b69aa0.jpg\",\"keywords\":[\"cape\",\"Coupe du Monde\",\"Messi\",\"troph\u00e9e\"],\"articleSection\":[\"Sport\"],\"inLanguage\":\"fr-FR\"},{\"@type\":\"WebPage\",\"@id\":\"https:\\\/\\\/www.webdo.tn\\\/fr\\\/actualite\\\/sport\\\/pourquoi-messi-a-porte-une-cape-lors-de-la-remise-du-trophee\\\/200841\\\/\",\"url\":\"https:\\\/\\\/www.webdo.tn\\\/fr\\\/actualite\\\/sport\\\/pourquoi-messi-a-porte-une-cape-lors-de-la-remise-du-trophee\\\/200841\\\/\",\"name\":\"Pourquoi Messi a port\u00e9 une cape lors de la remise du troph\u00e9e\",\"isPartOf\":{\"@id\":\"https:\\\/\\\/www.webdo.tn\\\/fr\\\/#website\"},\"primaryImageOfPage\":{\"@id\":\"https:\\\/\\\/www.webdo.tn\\\/fr\\\/actualite\\\/sport\\\/pourquoi-messi-a-porte-une-cape-lors-de-la-remise-du-trophee\\\/200841\\\/#primaryimage\"},\"image\":{\"@id\":\"https:\\\/\\\/www.webdo.tn\\\/fr\\\/actualite\\\/sport\\\/pourquoi-messi-a-porte-une-cape-lors-de-la-remise-du-trophee\\\/200841\\\/#primaryimage\"},\"thumbnailUrl\":\"https:\\\/\\\/www.webdo.tn\\\/fr\\\/wp-content\\\/uploads\\\/2022\\\/12\\\/3c617aeac0eee04007829b48f1b69aa0.jpg\",\"datePublished\":\"2022-12-19T09:28:00+00:00\",\"dateModified\":\"2025-05-20T22:06:18+00:00\",\"description\":\"Beaucoup ont \u00e9t\u00e9 \u00e9tonn\u00e9s de voir Lionel Messi, capitaine de l\u2019Argentine championne du monde, \u00eatre v\u00eatu d\u2019une cape lors de la remise du troph\u00e9e de la Coupe du mo...\",\"breadcrumb\":{\"@id\":\"https:\\\/\\\/www.webdo.tn\\\/fr\\\/actualite\\\/sport\\\/pourquoi-messi-a-porte-une-cape-lors-de-la-remise-du-trophee\\\/200841\\\/#breadcrumb\"},\"inLanguage\":\"fr-FR\",\"potentialAction\":[{\"@type\":\"ReadAction\",\"target\":[\"https:\\\/\\\/www.webdo.tn\\\/fr\\\/actualite\\\/sport\\\/pourquoi-messi-a-porte-une-cape-lors-de-la-remise-du-trophee\\\/200841\\\/\"]}]},{\"@type\":\"ImageObject\",\"inLanguage\":\"fr-FR\",\"@id\":\"https:\\\/\\\/www.webdo.tn\\\/fr\\\/actualite\\\/sport\\\/pourquoi-messi-a-porte-une-cape-lors-de-la-remise-du-trophee\\\/200841\\\/#primaryimage\",\"url\":\"https:\\\/\\\/www.webdo.tn\\\/fr\\\/wp-content\\\/uploads\\\/2022\\\/12\\\/3c617aeac0eee04007829b48f1b69aa0.jpg\",\"contentUrl\":\"https:\\\/\\\/www.webdo.tn\\\/fr\\\/wp-content\\\/uploads\\\/2022\\\/12\\\/3c617aeac0eee04007829b48f1b69aa0.jpg\",\"width\":750,\"height\":400,\"caption\":\"Pourquoi Messi a port\u00e9 une cape lors de la remise du troph\u00e9e\"},{\"@type\":\"BreadcrumbList\",\"@id\":\"https:\\\/\\\/www.webdo.tn\\\/fr\\\/actualite\\\/sport\\\/pourquoi-messi-a-porte-une-cape-lors-de-la-remise-du-trophee\\\/200841\\\/#breadcrumb\",\"itemListElement\":[{\"@type\":\"ListItem\",\"position\":1,\"name\":\"Accueil\",\"item\":\"https:\\\/\\\/www.webdo.tn\\\/fr\\\/\"},{\"@type\":\"ListItem\",\"position\":2,\"name\":\"Pourquoi Messi a port\u00e9 une cape lors de la remise du troph\u00e9e\"}]},{\"@type\":\"WebSite\",\"@id\":\"https:\\\/\\\/www.webdo.tn\\\/fr\\\/#website\",\"url\":\"https:\\\/\\\/www.webdo.tn\\\/fr\\\/\",\"name\":\"webdo\",\"description\":\"Tunisie - News en Tunisie et \u00e0 l&#039;international sur Webdo.tn\",\"publisher\":{\"@id\":\"https:\\\/\\\/www.webdo.tn\\\/fr\\\/#organization\"},\"potentialAction\":[{\"@type\":\"SearchAction\",\"target\":{\"@type\":\"EntryPoint\",\"urlTemplate\":\"https:\\\/\\\/www.webdo.tn\\\/fr\\\/?s={search_term_string}\"},\"query-input\":{\"@type\":\"PropertyValueSpecification\",\"valueRequired\":true,\"valueName\":\"search_term_string\"}}],\"inLanguage\":\"fr-FR\"},{\"@type\":\"Organization\",\"@id\":\"https:\\\/\\\/www.webdo.tn\\\/fr\\\/#organization\",\"name\":\"Webdo\",\"alternateName\":\"Webdo.tn\",\"url\":\"https:\\\/\\\/www.webdo.tn\\\/fr\\\/\",\"logo\":{\"@type\":\"ImageObject\",\"inLanguage\":\"fr-FR\",\"@id\":\"https:\\\/\\\/www.webdo.tn\\\/fr\\\/#\\\/schema\\\/logo\\\/image\\\/\",\"url\":\"https:\\\/\\\/www.webdo.tn\\\/fr\\\/wp-content\\\/uploads\\\/2025\\\/06\\\/Webdo-Tunisie_168377.jpg\",\"contentUrl\":\"https:\\\/\\\/www.webdo.tn\\\/fr\\\/wp-content\\\/uploads\\\/2025\\\/06\\\/Webdo-Tunisie_168377.jpg\",\"width\":301,\"height\":301,\"caption\":\"Webdo\"},\"image\":{\"@id\":\"https:\\\/\\\/www.webdo.tn\\\/fr\\\/#\\\/schema\\\/logo\\\/image\\\/\"},\"sameAs\":[\"https:\\\/\\\/www.facebook.com\\\/webdotn\",\"https:\\\/\\\/x.com\\\/webdo_tn\"],\"description\":\"Webdo est un m\u00e9dia num\u00e9rique tunisien fond\u00e9 en 2010, sp\u00e9cialis\u00e9 dans l\u2019actualit\u00e9 nationale et internationale, l\u2019\u00e9conomie, la soci\u00e9t\u00e9 et les analyses politiques. Le site s\u2019adresse \u00e0 un large public francophone et couvre l\u2019information tunisienne en temps r\u00e9el.\",\"email\":\"redac@webdo.tn\",\"legalName\":\"YNJ SARL\",\"foundingDate\":\"2010-09-06\",\"numberOfEmployees\":{\"@type\":\"QuantitativeValue\",\"minValue\":\"11\",\"maxValue\":\"50\"}},{\"@type\":\"Person\",\"@id\":\"https:\\\/\\\/www.webdo.tn\\\/fr\\\/#\\\/schema\\\/person\\\/2c4929cbf5a809e3bd38617c6ce150f6\",\"name\":\"MC\",\"image\":{\"@type\":\"ImageObject\",\"inLanguage\":\"fr-FR\",\"@id\":\"https:\\\/\\\/secure.gravatar.com\\\/avatar\\\/a545bbb6f84efdd5553dbbc2895e3ca8f1d12c5215e00a041c9670b54aa9b18a?s=96&d=mm&r=g\",\"url\":\"https:\\\/\\\/secure.gravatar.com\\\/avatar\\\/a545bbb6f84efdd5553dbbc2895e3ca8f1d12c5215e00a041c9670b54aa9b18a?s=96&d=mm&r=g\",\"contentUrl\":\"https:\\\/\\\/secure.gravatar.com\\\/avatar\\\/a545bbb6f84efdd5553dbbc2895e3ca8f1d12c5215e00a041c9670b54aa9b18a?s=96&d=mm&r=g\",\"caption\":\"MC\"},\"url\":\"https:\\\/\\\/www.webdo.tn\\\/fr\\\/actualite\\\/author\\\/mc\\\/\"}]}<\/script>\n<!-- \/ Yoast SEO Premium plugin. -->","yoast_head_json":{"title":"Pourquoi Messi a port\u00e9 une cape lors de la remise du troph\u00e9e","description":"Beaucoup ont \u00e9t\u00e9 \u00e9tonn\u00e9s de voir Lionel Messi, capitaine de l\u2019Argentine championne du monde, \u00eatre v\u00eatu d\u2019une cape lors de la remise du troph\u00e9e de la Coupe du mo...","canonical":"https:\/\/www.webdo.tn\/fr\/actualite\/sport\/pourquoi-messi-a-porte-une-cape-lors-de-la-remise-du-trophee\/200841\/","og_locale":"fr_FR","og_type":"article","og_title":"Pourquoi Messi a port\u00e9 une cape lors de la remise du troph\u00e9e","og_description":"Beaucoup ont \u00e9t\u00e9 \u00e9tonn\u00e9s de voir Lionel Messi, capitaine de l\u2019Argentine championne du monde, \u00eatre v\u00eatu d\u2019une cape lors de la remise du troph\u00e9e de la Coupe du mo...","og_url":"https:\/\/www.webdo.tn\/fr\/actualite\/sport\/pourquoi-messi-a-porte-une-cape-lors-de-la-remise-du-trophee\/200841\/","og_site_name":"webdo","article_publisher":"https:\/\/www.facebook.com\/webdotn","article_published_time":"2022-12-19T09:28:00+00:00","article_modified_time":"2025-05-20T22:06:18+00:00","og_image":[{"width":750,"height":400,"url":"https:\/\/www.webdo.tn\/fr\/wp-content\/uploads\/2022\/12\/3c617aeac0eee04007829b48f1b69aa0.jpg","type":"image\/jpeg"}],"author":"MC","twitter_card":"summary_large_image","twitter_creator":"@webdo_tn","twitter_site":"@webdo_tn","twitter_misc":{"\u00c9crit par":"MC","Dur\u00e9e de lecture estim\u00e9e":"1 minute"},"schema":{"@context":"https:\/\/schema.org","@graph":[{"@type":"NewsArticle","@id":"https:\/\/www.webdo.tn\/fr\/actualite\/sport\/pourquoi-messi-a-porte-une-cape-lors-de-la-remise-du-trophee\/200841\/#article","isPartOf":{"@id":"https:\/\/www.webdo.tn\/fr\/actualite\/sport\/pourquoi-messi-a-porte-une-cape-lors-de-la-remise-du-trophee\/200841\/"},"author":{"name":"MC","@id":"https:\/\/www.webdo.tn\/fr\/#\/schema\/person\/2c4929cbf5a809e3bd38617c6ce150f6"},"headline":"Pourquoi Messi a port\u00e9 une cape lors de la remise du troph\u00e9e","datePublished":"2022-12-19T09:28:00+00:00","dateModified":"2025-05-20T22:06:18+00:00","mainEntityOfPage":{"@id":"https:\/\/www.webdo.tn\/fr\/actualite\/sport\/pourquoi-messi-a-porte-une-cape-lors-de-la-remise-du-trophee\/200841\/"},"wordCount":154,"commentCount":0,"publisher":{"@id":"https:\/\/www.webdo.tn\/fr\/#organization"},"image":{"@id":"https:\/\/www.webdo.tn\/fr\/actualite\/sport\/pourquoi-messi-a-porte-une-cape-lors-de-la-remise-du-trophee\/200841\/#primaryimage"},"thumbnailUrl":"https:\/\/www.webdo.tn\/fr\/wp-content\/uploads\/2022\/12\/3c617aeac0eee04007829b48f1b69aa0.jpg","keywords":["cape","Coupe du Monde","Messi","troph\u00e9e"],"articleSection":["Sport"],"inLanguage":"fr-FR"},{"@type":"WebPage","@id":"https:\/\/www.webdo.tn\/fr\/actualite\/sport\/pourquoi-messi-a-porte-une-cape-lors-de-la-remise-du-trophee\/200841\/","url":"https:\/\/www.webdo.tn\/fr\/actualite\/sport\/pourquoi-messi-a-porte-une-cape-lors-de-la-remise-du-trophee\/200841\/","name":"Pourquoi Messi a port\u00e9 une cape lors de la remise du troph\u00e9e","isPartOf":{"@id":"https:\/\/www.webdo.tn\/fr\/#website"},"primaryImageOfPage":{"@id":"https:\/\/www.webdo.tn\/fr\/actualite\/sport\/pourquoi-messi-a-porte-une-cape-lors-de-la-remise-du-trophee\/200841\/#primaryimage"},"image":{"@id":"https:\/\/www.webdo.tn\/fr\/actualite\/sport\/pourquoi-messi-a-porte-une-cape-lors-de-la-remise-du-trophee\/200841\/#primaryimage"},"thumbnailUrl":"https:\/\/www.webdo.tn\/fr\/wp-content\/uploads\/2022\/12\/3c617aeac0eee04007829b48f1b69aa0.jpg","datePublished":"2022-12-19T09:28:00+00:00","dateModified":"2025-05-20T22:06:18+00:00","description":"Beaucoup ont \u00e9t\u00e9 \u00e9tonn\u00e9s de voir Lionel Messi, capitaine de l\u2019Argentine championne du monde, \u00eatre v\u00eatu d\u2019une cape lors de la remise du troph\u00e9e de la Coupe du mo...","breadcrumb":{"@id":"https:\/\/www.webdo.tn\/fr\/actualite\/sport\/pourquoi-messi-a-porte-une-cape-lors-de-la-remise-du-trophee\/200841\/#breadcrumb"},"inLanguage":"fr-FR","potentialAction":[{"@type":"ReadAction","target":["https:\/\/www.webdo.tn\/fr\/actualite\/sport\/pourquoi-messi-a-porte-une-cape-lors-de-la-remise-du-trophee\/200841\/"]}]},{"@type":"ImageObject","inLanguage":"fr-FR","@id":"https:\/\/www.webdo.tn\/fr\/actualite\/sport\/pourquoi-messi-a-porte-une-cape-lors-de-la-remise-du-trophee\/200841\/#primaryimage","url":"https:\/\/www.webdo.tn\/fr\/wp-content\/uploads\/2022\/12\/3c617aeac0eee04007829b48f1b69aa0.jpg","contentUrl":"https:\/\/www.webdo.tn\/fr\/wp-content\/uploads\/2022\/12\/3c617aeac0eee04007829b48f1b69aa0.jpg","width":750,"height":400,"caption":"Pourquoi Messi a port\u00e9 une cape lors de la remise du troph\u00e9e"},{"@type":"BreadcrumbList","@id":"https:\/\/www.webdo.tn\/fr\/actualite\/sport\/pourquoi-messi-a-porte-une-cape-lors-de-la-remise-du-trophee\/200841\/#breadcrumb","itemListElement":[{"@type":"ListItem","position":1,"name":"Accueil","item":"https:\/\/www.webdo.tn\/fr\/"},{"@type":"ListItem","position":2,"name":"Pourquoi Messi a port\u00e9 une cape lors de la remise du troph\u00e9e"}]},{"@type":"WebSite","@id":"https:\/\/www.webdo.tn\/fr\/#website","url":"https:\/\/www.webdo.tn\/fr\/","name":"webdo","description":"Tunisie - News en Tunisie et \u00e0 l&#039;international sur Webdo.tn","publisher":{"@id":"https:\/\/www.webdo.tn\/fr\/#organization"},"potentialAction":[{"@type":"SearchAction","target":{"@type":"EntryPoint","urlTemplate":"https:\/\/www.webdo.tn\/fr\/?s={search_term_string}"},"query-input":{"@type":"PropertyValueSpecification","valueRequired":true,"valueName":"search_term_string"}}],"inLanguage":"fr-FR"},{"@type":"Organization","@id":"https:\/\/www.webdo.tn\/fr\/#organization","name":"Webdo","alternateName":"Webdo.tn","url":"https:\/\/www.webdo.tn\/fr\/","logo":{"@type":"ImageObject","inLanguage":"fr-FR","@id":"https:\/\/www.webdo.tn\/fr\/#\/schema\/logo\/image\/","url":"https:\/\/www.webdo.tn\/fr\/wp-content\/uploads\/2025\/06\/Webdo-Tunisie_168377.jpg","contentUrl":"https:\/\/www.webdo.tn\/fr\/wp-content\/uploads\/2025\/06\/Webdo-Tunisie_168377.jpg","width":301,"height":301,"caption":"Webdo"},"image":{"@id":"https:\/\/www.webdo.tn\/fr\/#\/schema\/logo\/image\/"},"sameAs":["https:\/\/www.facebook.com\/webdotn","https:\/\/x.com\/webdo_tn"],"description":"Webdo est un m\u00e9dia num\u00e9rique tunisien fond\u00e9 en 2010, sp\u00e9cialis\u00e9 dans l\u2019actualit\u00e9 nationale et internationale, l\u2019\u00e9conomie, la soci\u00e9t\u00e9 et les analyses politiques. Le site s\u2019adresse \u00e0 un large public francophone et couvre l\u2019information tunisienne en temps r\u00e9el.","email":"redac@webdo.tn","legalName":"YNJ SARL","foundingDate":"2010-09-06","numberOfEmployees":{"@type":"QuantitativeValue","minValue":"11","maxValue":"50"}},{"@type":"Person","@id":"https:\/\/www.webdo.tn\/fr\/#\/schema\/person\/2c4929cbf5a809e3bd38617c6ce150f6","name":"MC","image":{"@type":"ImageObject","inLanguage":"fr-FR","@id":"https:\/\/secure.gravatar.com\/avatar\/a545bbb6f84efdd5553dbbc2895e3ca8f1d12c5215e00a041c9670b54aa9b18a?s=96&d=mm&r=g","url":"https:\/\/secure.gravatar.com\/avatar\/a545bbb6f84efdd5553dbbc2895e3ca8f1d12c5215e00a041c9670b54aa9b18a?s=96&d=mm&r=g","contentUrl":"https:\/\/secure.gravatar.com\/avatar\/a545bbb6f84efdd5553dbbc2895e3ca8f1d12c5215e00a041c9670b54aa9b18a?s=96&d=mm&r=g","caption":"MC"},"url":"https:\/\/www.webdo.tn\/fr\/actualite\/author\/mc\/"}]}},"_links":{"self":[{"href":"https:\/\/www.webdo.tn\/fr\/wp-json\/wp\/v2\/posts\/200841","targetHints":{"allow":["GET"]}}],"collection":[{"href":"https:\/\/www.webdo.tn\/fr\/wp-json\/wp\/v2\/posts"}],"about":[{"href":"https:\/\/www.webdo.tn\/fr\/wp-json\/wp\/v2\/types\/post"}],"author":[{"embeddable":true,"href":"https:\/\/www.webdo.tn\/fr\/wp-json\/wp\/v2\/users\/3162"}],"replies":[{"embeddable":true,"href":"https:\/\/www.webdo.tn\/fr\/wp-json\/wp\/v2\/comments?post=200841"}],"version-history":[{"count":0,"href":"https:\/\/www.webdo.tn\/fr\/wp-json\/wp\/v2\/posts\/200841\/revisions"}],"wp:featuredmedia":[{"embeddable":true,"href":"https:\/\/www.webdo.tn\/fr\/wp-json\/wp\/v2\/media\/277418"}],"wp:attachment":[{"href":"https:\/\/www.webdo.tn\/fr\/wp-json\/wp\/v2\/media?parent=200841"}],"wp:term":[{"taxonomy":"category","embeddable":true,"href":"https:\/\/www.webdo.tn\/fr\/wp-json\/wp\/v2\/categories?post=200841"},{"taxonomy":"post_tag","embeddable":true,"href":"https:\/\/www.webdo.tn\/fr\/wp-json\/wp\/v2\/tags?post=200841"}],"curies":[{"name":"wp","href":"https:\/\/api.w.org\/{rel}","templated":true}]}}