{"id":200825,"date":"2022-12-18T11:27:00","date_gmt":"2022-12-18T11:27:00","guid":{"rendered":"https:\/\/www.webdo.tn\/fr\/actualite\/blog\/mondial-2022-sur-quelles-chaines-suivre-la-finale\/200825\/"},"modified":"2025-05-22T11:40:47","modified_gmt":"2025-05-22T11:40:47","slug":"mondial-2022-sur-quelles-chaines-suivre-la-finale","status":"publish","type":"post","link":"https:\/\/www.webdo.tn\/fr\/actualite\/sport\/mondial-2022-sur-quelles-chaines-suivre-la-finale\/200825\/","title":{"rendered":"Mondial-2022 : Sur quelles cha\u00eenes suivre la finale"},"content":{"rendered":"<p>Le Mondial 2022 au Qatar s&rsquo;ach\u00e8ve dimanche dans la fi\u00e8vre d&rsquo;une finale stratosph\u00e9rique opposant l&rsquo;Argentine de Messi et la France de Kylian Mbapp\u00e9, chacune tendue vers le r\u00eave d&rsquo;une troisi\u00e8me \u00e9toile.<\/p>\n<p> * 16h00 : France \u2013 Argentine : beinsports ar en clair, beinsports ar Max 1, beinsports fr 1, TF1, Gol Mundial, Sport TV 1, SRF 2, RTS 2, RSI La 2, Rai 1<\/p>\n","protected":false},"excerpt":{"rendered":"<p>Le Mondial 2022 au Qatar s&rsquo;ach\u00e8ve dimanche dans la fi\u00e8vre d&rsquo;une finale stratosph\u00e9rique opposant l&rsquo;Argentine de Messi et la France de Kylian Mbapp\u00e9, chacune tend&#8230;<\/p>\n","protected":false},"author":3175,"featured_media":348419,"comment_status":"open","ping_status":"closed","sticky":false,"template":"","format":"standard","meta":{"footnotes":""},"categories":[2593],"tags":[6144,4066,4676,2998],"class_list":["post-200825","post","type-post","status-publish","format-standard","has-post-thumbnail","hentry","category-sport","tag-argentine","tag-coupe-du-monde","tag-finale","tag-france"],"yoast_head":"<!-- This site is optimized with the Yoast SEO Premium plugin v27.4 (Yoast SEO v27.5) - https:\/\/yoast.com\/product\/yoast-seo-premium-wordpress\/ -->\n<title>Mondial-2022 : Sur quelles cha\u00eenes suivre la finale<\/title>\n<meta name=\"description\" content=\"Le Mondial 2022 au Qatar s&#039;ach\u00e8ve dimanche dans la fi\u00e8vre d&#039;une finale stratosph\u00e9rique opposant l&#039;Argentine de Messi et la France de Kylian Mbapp\u00e9, chacune tend...\" \/>\n<link rel=\"canonical\" href=\"https:\/\/www.webdo.tn\/fr\/actualite\/sport\/mondial-2022-sur-quelles-chaines-suivre-la-finale\/200825\/\" \/>\n<meta property=\"og:locale\" content=\"fr_FR\" \/>\n<meta property=\"og:type\" content=\"article\" \/>\n<meta property=\"og:title\" content=\"Mondial-2022 : Sur quelles cha\u00eenes suivre la finale\" \/>\n<meta property=\"og:description\" content=\"Le Mondial 2022 au Qatar s&#039;ach\u00e8ve dimanche dans la fi\u00e8vre d&#039;une finale stratosph\u00e9rique opposant l&#039;Argentine de Messi et la France de Kylian Mbapp\u00e9, chacune tend...\" \/>\n<meta property=\"og:url\" content=\"https:\/\/www.webdo.tn\/fr\/actualite\/sport\/mondial-2022-sur-quelles-chaines-suivre-la-finale\/200825\/\" \/>\n<meta property=\"og:site_name\" content=\"webdo\" \/>\n<meta property=\"article:publisher\" content=\"https:\/\/www.facebook.com\/webdotn\" \/>\n<meta property=\"article:published_time\" content=\"2022-12-18T11:27:00+00:00\" \/>\n<meta property=\"article:modified_time\" content=\"2025-05-22T11:40:47+00:00\" \/>\n<meta property=\"og:image\" content=\"https:\/\/www.webdo.tn\/fr\/wp-content\/uploads\/2022\/12\/6b96e399358678d2e834c24de4241122.jpg\" \/>\n\t<meta property=\"og:image:width\" content=\"750\" \/>\n\t<meta property=\"og:image:height\" content=\"400\" \/>\n\t<meta property=\"og:image:type\" content=\"image\/jpeg\" \/>\n<meta name=\"author\" content=\"CL\" \/>\n<meta name=\"twitter:card\" content=\"summary_large_image\" \/>\n<meta name=\"twitter:creator\" content=\"@webdo_tn\" \/>\n<meta name=\"twitter:site\" content=\"@webdo_tn\" \/>\n<meta name=\"twitter:label1\" content=\"\u00c9crit par\" \/>\n\t<meta name=\"twitter:data1\" content=\"CL\" \/>\n<script type=\"application\/ld+json\" class=\"yoast-schema-graph\">{\"@context\":\"https:\\\/\\\/schema.org\",\"@graph\":[{\"@type\":\"NewsArticle\",\"@id\":\"https:\\\/\\\/www.webdo.tn\\\/fr\\\/actualite\\\/sport\\\/mondial-2022-sur-quelles-chaines-suivre-la-finale\\\/200825\\\/#article\",\"isPartOf\":{\"@id\":\"https:\\\/\\\/www.webdo.tn\\\/fr\\\/actualite\\\/sport\\\/mondial-2022-sur-quelles-chaines-suivre-la-finale\\\/200825\\\/\"},\"author\":{\"name\":\"CL\",\"@id\":\"https:\\\/\\\/www.webdo.tn\\\/fr\\\/#\\\/schema\\\/person\\\/f35b42a42c5e2511bbd282959d6385cc\"},\"headline\":\"Mondial-2022 : Sur quelles cha\u00eenes suivre la finale\",\"datePublished\":\"2022-12-18T11:27:00+00:00\",\"dateModified\":\"2025-05-22T11:40:47+00:00\",\"mainEntityOfPage\":{\"@id\":\"https:\\\/\\\/www.webdo.tn\\\/fr\\\/actualite\\\/sport\\\/mondial-2022-sur-quelles-chaines-suivre-la-finale\\\/200825\\\/\"},\"wordCount\":69,\"commentCount\":0,\"publisher\":{\"@id\":\"https:\\\/\\\/www.webdo.tn\\\/fr\\\/#organization\"},\"image\":{\"@id\":\"https:\\\/\\\/www.webdo.tn\\\/fr\\\/actualite\\\/sport\\\/mondial-2022-sur-quelles-chaines-suivre-la-finale\\\/200825\\\/#primaryimage\"},\"thumbnailUrl\":\"https:\\\/\\\/www.webdo.tn\\\/fr\\\/wp-content\\\/uploads\\\/2022\\\/12\\\/6b96e399358678d2e834c24de4241122.jpg\",\"keywords\":[\"Argentine\",\"Coupe du Monde\",\"finale\",\"france\"],\"articleSection\":[\"Sport\"],\"inLanguage\":\"fr-FR\"},{\"@type\":\"WebPage\",\"@id\":\"https:\\\/\\\/www.webdo.tn\\\/fr\\\/actualite\\\/sport\\\/mondial-2022-sur-quelles-chaines-suivre-la-finale\\\/200825\\\/\",\"url\":\"https:\\\/\\\/www.webdo.tn\\\/fr\\\/actualite\\\/sport\\\/mondial-2022-sur-quelles-chaines-suivre-la-finale\\\/200825\\\/\",\"name\":\"Mondial-2022 : Sur quelles cha\u00eenes suivre la finale\",\"isPartOf\":{\"@id\":\"https:\\\/\\\/www.webdo.tn\\\/fr\\\/#website\"},\"primaryImageOfPage\":{\"@id\":\"https:\\\/\\\/www.webdo.tn\\\/fr\\\/actualite\\\/sport\\\/mondial-2022-sur-quelles-chaines-suivre-la-finale\\\/200825\\\/#primaryimage\"},\"image\":{\"@id\":\"https:\\\/\\\/www.webdo.tn\\\/fr\\\/actualite\\\/sport\\\/mondial-2022-sur-quelles-chaines-suivre-la-finale\\\/200825\\\/#primaryimage\"},\"thumbnailUrl\":\"https:\\\/\\\/www.webdo.tn\\\/fr\\\/wp-content\\\/uploads\\\/2022\\\/12\\\/6b96e399358678d2e834c24de4241122.jpg\",\"datePublished\":\"2022-12-18T11:27:00+00:00\",\"dateModified\":\"2025-05-22T11:40:47+00:00\",\"description\":\"Le Mondial 2022 au Qatar s'ach\u00e8ve dimanche dans la fi\u00e8vre d'une finale stratosph\u00e9rique opposant l'Argentine de Messi et la France de Kylian Mbapp\u00e9, chacune tend...\",\"breadcrumb\":{\"@id\":\"https:\\\/\\\/www.webdo.tn\\\/fr\\\/actualite\\\/sport\\\/mondial-2022-sur-quelles-chaines-suivre-la-finale\\\/200825\\\/#breadcrumb\"},\"inLanguage\":\"fr-FR\",\"potentialAction\":[{\"@type\":\"ReadAction\",\"target\":[\"https:\\\/\\\/www.webdo.tn\\\/fr\\\/actualite\\\/sport\\\/mondial-2022-sur-quelles-chaines-suivre-la-finale\\\/200825\\\/\"]}]},{\"@type\":\"ImageObject\",\"inLanguage\":\"fr-FR\",\"@id\":\"https:\\\/\\\/www.webdo.tn\\\/fr\\\/actualite\\\/sport\\\/mondial-2022-sur-quelles-chaines-suivre-la-finale\\\/200825\\\/#primaryimage\",\"url\":\"https:\\\/\\\/www.webdo.tn\\\/fr\\\/wp-content\\\/uploads\\\/2022\\\/12\\\/6b96e399358678d2e834c24de4241122.jpg\",\"contentUrl\":\"https:\\\/\\\/www.webdo.tn\\\/fr\\\/wp-content\\\/uploads\\\/2022\\\/12\\\/6b96e399358678d2e834c24de4241122.jpg\",\"width\":750,\"height\":400,\"caption\":\"Finale CM\"},{\"@type\":\"BreadcrumbList\",\"@id\":\"https:\\\/\\\/www.webdo.tn\\\/fr\\\/actualite\\\/sport\\\/mondial-2022-sur-quelles-chaines-suivre-la-finale\\\/200825\\\/#breadcrumb\",\"itemListElement\":[{\"@type\":\"ListItem\",\"position\":1,\"name\":\"Accueil\",\"item\":\"https:\\\/\\\/www.webdo.tn\\\/fr\\\/\"},{\"@type\":\"ListItem\",\"position\":2,\"name\":\"Mondial-2022 : Sur quelles cha\u00eenes suivre la finale\"}]},{\"@type\":\"WebSite\",\"@id\":\"https:\\\/\\\/www.webdo.tn\\\/fr\\\/#website\",\"url\":\"https:\\\/\\\/www.webdo.tn\\\/fr\\\/\",\"name\":\"webdo\",\"description\":\"Tunisie - News en Tunisie et \u00e0 l&#039;international sur Webdo.tn\",\"publisher\":{\"@id\":\"https:\\\/\\\/www.webdo.tn\\\/fr\\\/#organization\"},\"potentialAction\":[{\"@type\":\"SearchAction\",\"target\":{\"@type\":\"EntryPoint\",\"urlTemplate\":\"https:\\\/\\\/www.webdo.tn\\\/fr\\\/?s={search_term_string}\"},\"query-input\":{\"@type\":\"PropertyValueSpecification\",\"valueRequired\":true,\"valueName\":\"search_term_string\"}}],\"inLanguage\":\"fr-FR\"},{\"@type\":\"Organization\",\"@id\":\"https:\\\/\\\/www.webdo.tn\\\/fr\\\/#organization\",\"name\":\"Webdo\",\"alternateName\":\"Webdo.tn\",\"url\":\"https:\\\/\\\/www.webdo.tn\\\/fr\\\/\",\"logo\":{\"@type\":\"ImageObject\",\"inLanguage\":\"fr-FR\",\"@id\":\"https:\\\/\\\/www.webdo.tn\\\/fr\\\/#\\\/schema\\\/logo\\\/image\\\/\",\"url\":\"https:\\\/\\\/www.webdo.tn\\\/fr\\\/wp-content\\\/uploads\\\/2025\\\/06\\\/Webdo-Tunisie_168377.jpg\",\"contentUrl\":\"https:\\\/\\\/www.webdo.tn\\\/fr\\\/wp-content\\\/uploads\\\/2025\\\/06\\\/Webdo-Tunisie_168377.jpg\",\"width\":301,\"height\":301,\"caption\":\"Webdo\"},\"image\":{\"@id\":\"https:\\\/\\\/www.webdo.tn\\\/fr\\\/#\\\/schema\\\/logo\\\/image\\\/\"},\"sameAs\":[\"https:\\\/\\\/www.facebook.com\\\/webdotn\",\"https:\\\/\\\/x.com\\\/webdo_tn\"],\"description\":\"Webdo est un m\u00e9dia num\u00e9rique tunisien fond\u00e9 en 2010, sp\u00e9cialis\u00e9 dans l\u2019actualit\u00e9 nationale et internationale, l\u2019\u00e9conomie, la soci\u00e9t\u00e9 et les analyses politiques. Le site s\u2019adresse \u00e0 un large public francophone et couvre l\u2019information tunisienne en temps r\u00e9el.\",\"email\":\"redac@webdo.tn\",\"legalName\":\"YNJ SARL\",\"foundingDate\":\"2010-09-06\",\"numberOfEmployees\":{\"@type\":\"QuantitativeValue\",\"minValue\":\"11\",\"maxValue\":\"50\"}},{\"@type\":\"Person\",\"@id\":\"https:\\\/\\\/www.webdo.tn\\\/fr\\\/#\\\/schema\\\/person\\\/f35b42a42c5e2511bbd282959d6385cc\",\"name\":\"CL\",\"image\":{\"@type\":\"ImageObject\",\"inLanguage\":\"fr-FR\",\"@id\":\"https:\\\/\\\/secure.gravatar.com\\\/avatar\\\/1447a49909b67aa657c488aec6512e1dd6143a480c1ecfee9b5b5cd74eb3b59e?s=96&d=mm&r=g\",\"url\":\"https:\\\/\\\/secure.gravatar.com\\\/avatar\\\/1447a49909b67aa657c488aec6512e1dd6143a480c1ecfee9b5b5cd74eb3b59e?s=96&d=mm&r=g\",\"contentUrl\":\"https:\\\/\\\/secure.gravatar.com\\\/avatar\\\/1447a49909b67aa657c488aec6512e1dd6143a480c1ecfee9b5b5cd74eb3b59e?s=96&d=mm&r=g\",\"caption\":\"CL\"},\"url\":\"https:\\\/\\\/www.webdo.tn\\\/fr\\\/actualite\\\/author\\\/cl\\\/\"}]}<\/script>\n<!-- \/ Yoast SEO Premium plugin. -->","yoast_head_json":{"title":"Mondial-2022 : Sur quelles cha\u00eenes suivre la finale","description":"Le Mondial 2022 au Qatar s'ach\u00e8ve dimanche dans la fi\u00e8vre d'une finale stratosph\u00e9rique opposant l'Argentine de Messi et la France de Kylian Mbapp\u00e9, chacune tend...","canonical":"https:\/\/www.webdo.tn\/fr\/actualite\/sport\/mondial-2022-sur-quelles-chaines-suivre-la-finale\/200825\/","og_locale":"fr_FR","og_type":"article","og_title":"Mondial-2022 : Sur quelles cha\u00eenes suivre la finale","og_description":"Le Mondial 2022 au Qatar s'ach\u00e8ve dimanche dans la fi\u00e8vre d'une finale stratosph\u00e9rique opposant l'Argentine de Messi et la France de Kylian Mbapp\u00e9, chacune tend...","og_url":"https:\/\/www.webdo.tn\/fr\/actualite\/sport\/mondial-2022-sur-quelles-chaines-suivre-la-finale\/200825\/","og_site_name":"webdo","article_publisher":"https:\/\/www.facebook.com\/webdotn","article_published_time":"2022-12-18T11:27:00+00:00","article_modified_time":"2025-05-22T11:40:47+00:00","og_image":[{"width":750,"height":400,"url":"https:\/\/www.webdo.tn\/fr\/wp-content\/uploads\/2022\/12\/6b96e399358678d2e834c24de4241122.jpg","type":"image\/jpeg"}],"author":"CL","twitter_card":"summary_large_image","twitter_creator":"@webdo_tn","twitter_site":"@webdo_tn","twitter_misc":{"\u00c9crit par":"CL"},"schema":{"@context":"https:\/\/schema.org","@graph":[{"@type":"NewsArticle","@id":"https:\/\/www.webdo.tn\/fr\/actualite\/sport\/mondial-2022-sur-quelles-chaines-suivre-la-finale\/200825\/#article","isPartOf":{"@id":"https:\/\/www.webdo.tn\/fr\/actualite\/sport\/mondial-2022-sur-quelles-chaines-suivre-la-finale\/200825\/"},"author":{"name":"CL","@id":"https:\/\/www.webdo.tn\/fr\/#\/schema\/person\/f35b42a42c5e2511bbd282959d6385cc"},"headline":"Mondial-2022 : Sur quelles cha\u00eenes suivre la finale","datePublished":"2022-12-18T11:27:00+00:00","dateModified":"2025-05-22T11:40:47+00:00","mainEntityOfPage":{"@id":"https:\/\/www.webdo.tn\/fr\/actualite\/sport\/mondial-2022-sur-quelles-chaines-suivre-la-finale\/200825\/"},"wordCount":69,"commentCount":0,"publisher":{"@id":"https:\/\/www.webdo.tn\/fr\/#organization"},"image":{"@id":"https:\/\/www.webdo.tn\/fr\/actualite\/sport\/mondial-2022-sur-quelles-chaines-suivre-la-finale\/200825\/#primaryimage"},"thumbnailUrl":"https:\/\/www.webdo.tn\/fr\/wp-content\/uploads\/2022\/12\/6b96e399358678d2e834c24de4241122.jpg","keywords":["Argentine","Coupe du Monde","finale","france"],"articleSection":["Sport"],"inLanguage":"fr-FR"},{"@type":"WebPage","@id":"https:\/\/www.webdo.tn\/fr\/actualite\/sport\/mondial-2022-sur-quelles-chaines-suivre-la-finale\/200825\/","url":"https:\/\/www.webdo.tn\/fr\/actualite\/sport\/mondial-2022-sur-quelles-chaines-suivre-la-finale\/200825\/","name":"Mondial-2022 : Sur quelles cha\u00eenes suivre la finale","isPartOf":{"@id":"https:\/\/www.webdo.tn\/fr\/#website"},"primaryImageOfPage":{"@id":"https:\/\/www.webdo.tn\/fr\/actualite\/sport\/mondial-2022-sur-quelles-chaines-suivre-la-finale\/200825\/#primaryimage"},"image":{"@id":"https:\/\/www.webdo.tn\/fr\/actualite\/sport\/mondial-2022-sur-quelles-chaines-suivre-la-finale\/200825\/#primaryimage"},"thumbnailUrl":"https:\/\/www.webdo.tn\/fr\/wp-content\/uploads\/2022\/12\/6b96e399358678d2e834c24de4241122.jpg","datePublished":"2022-12-18T11:27:00+00:00","dateModified":"2025-05-22T11:40:47+00:00","description":"Le Mondial 2022 au Qatar s'ach\u00e8ve dimanche dans la fi\u00e8vre d'une finale stratosph\u00e9rique opposant l'Argentine de Messi et la France de Kylian Mbapp\u00e9, chacune tend...","breadcrumb":{"@id":"https:\/\/www.webdo.tn\/fr\/actualite\/sport\/mondial-2022-sur-quelles-chaines-suivre-la-finale\/200825\/#breadcrumb"},"inLanguage":"fr-FR","potentialAction":[{"@type":"ReadAction","target":["https:\/\/www.webdo.tn\/fr\/actualite\/sport\/mondial-2022-sur-quelles-chaines-suivre-la-finale\/200825\/"]}]},{"@type":"ImageObject","inLanguage":"fr-FR","@id":"https:\/\/www.webdo.tn\/fr\/actualite\/sport\/mondial-2022-sur-quelles-chaines-suivre-la-finale\/200825\/#primaryimage","url":"https:\/\/www.webdo.tn\/fr\/wp-content\/uploads\/2022\/12\/6b96e399358678d2e834c24de4241122.jpg","contentUrl":"https:\/\/www.webdo.tn\/fr\/wp-content\/uploads\/2022\/12\/6b96e399358678d2e834c24de4241122.jpg","width":750,"height":400,"caption":"Finale CM"},{"@type":"BreadcrumbList","@id":"https:\/\/www.webdo.tn\/fr\/actualite\/sport\/mondial-2022-sur-quelles-chaines-suivre-la-finale\/200825\/#breadcrumb","itemListElement":[{"@type":"ListItem","position":1,"name":"Accueil","item":"https:\/\/www.webdo.tn\/fr\/"},{"@type":"ListItem","position":2,"name":"Mondial-2022 : Sur quelles cha\u00eenes suivre la finale"}]},{"@type":"WebSite","@id":"https:\/\/www.webdo.tn\/fr\/#website","url":"https:\/\/www.webdo.tn\/fr\/","name":"webdo","description":"Tunisie - News en Tunisie et \u00e0 l&#039;international sur Webdo.tn","publisher":{"@id":"https:\/\/www.webdo.tn\/fr\/#organization"},"potentialAction":[{"@type":"SearchAction","target":{"@type":"EntryPoint","urlTemplate":"https:\/\/www.webdo.tn\/fr\/?s={search_term_string}"},"query-input":{"@type":"PropertyValueSpecification","valueRequired":true,"valueName":"search_term_string"}}],"inLanguage":"fr-FR"},{"@type":"Organization","@id":"https:\/\/www.webdo.tn\/fr\/#organization","name":"Webdo","alternateName":"Webdo.tn","url":"https:\/\/www.webdo.tn\/fr\/","logo":{"@type":"ImageObject","inLanguage":"fr-FR","@id":"https:\/\/www.webdo.tn\/fr\/#\/schema\/logo\/image\/","url":"https:\/\/www.webdo.tn\/fr\/wp-content\/uploads\/2025\/06\/Webdo-Tunisie_168377.jpg","contentUrl":"https:\/\/www.webdo.tn\/fr\/wp-content\/uploads\/2025\/06\/Webdo-Tunisie_168377.jpg","width":301,"height":301,"caption":"Webdo"},"image":{"@id":"https:\/\/www.webdo.tn\/fr\/#\/schema\/logo\/image\/"},"sameAs":["https:\/\/www.facebook.com\/webdotn","https:\/\/x.com\/webdo_tn"],"description":"Webdo est un m\u00e9dia num\u00e9rique tunisien fond\u00e9 en 2010, sp\u00e9cialis\u00e9 dans l\u2019actualit\u00e9 nationale et internationale, l\u2019\u00e9conomie, la soci\u00e9t\u00e9 et les analyses politiques. Le site s\u2019adresse \u00e0 un large public francophone et couvre l\u2019information tunisienne en temps r\u00e9el.","email":"redac@webdo.tn","legalName":"YNJ SARL","foundingDate":"2010-09-06","numberOfEmployees":{"@type":"QuantitativeValue","minValue":"11","maxValue":"50"}},{"@type":"Person","@id":"https:\/\/www.webdo.tn\/fr\/#\/schema\/person\/f35b42a42c5e2511bbd282959d6385cc","name":"CL","image":{"@type":"ImageObject","inLanguage":"fr-FR","@id":"https:\/\/secure.gravatar.com\/avatar\/1447a49909b67aa657c488aec6512e1dd6143a480c1ecfee9b5b5cd74eb3b59e?s=96&d=mm&r=g","url":"https:\/\/secure.gravatar.com\/avatar\/1447a49909b67aa657c488aec6512e1dd6143a480c1ecfee9b5b5cd74eb3b59e?s=96&d=mm&r=g","contentUrl":"https:\/\/secure.gravatar.com\/avatar\/1447a49909b67aa657c488aec6512e1dd6143a480c1ecfee9b5b5cd74eb3b59e?s=96&d=mm&r=g","caption":"CL"},"url":"https:\/\/www.webdo.tn\/fr\/actualite\/author\/cl\/"}]}},"_links":{"self":[{"href":"https:\/\/www.webdo.tn\/fr\/wp-json\/wp\/v2\/posts\/200825","targetHints":{"allow":["GET"]}}],"collection":[{"href":"https:\/\/www.webdo.tn\/fr\/wp-json\/wp\/v2\/posts"}],"about":[{"href":"https:\/\/www.webdo.tn\/fr\/wp-json\/wp\/v2\/types\/post"}],"author":[{"embeddable":true,"href":"https:\/\/www.webdo.tn\/fr\/wp-json\/wp\/v2\/users\/3175"}],"replies":[{"embeddable":true,"href":"https:\/\/www.webdo.tn\/fr\/wp-json\/wp\/v2\/comments?post=200825"}],"version-history":[{"count":0,"href":"https:\/\/www.webdo.tn\/fr\/wp-json\/wp\/v2\/posts\/200825\/revisions"}],"wp:featuredmedia":[{"embeddable":true,"href":"https:\/\/www.webdo.tn\/fr\/wp-json\/wp\/v2\/media\/348419"}],"wp:attachment":[{"href":"https:\/\/www.webdo.tn\/fr\/wp-json\/wp\/v2\/media?parent=200825"}],"wp:term":[{"taxonomy":"category","embeddable":true,"href":"https:\/\/www.webdo.tn\/fr\/wp-json\/wp\/v2\/categories?post=200825"},{"taxonomy":"post_tag","embeddable":true,"href":"https:\/\/www.webdo.tn\/fr\/wp-json\/wp\/v2\/tags?post=200825"}],"curies":[{"name":"wp","href":"https:\/\/api.w.org\/{rel}","templated":true}]}}