{"id":200800,"date":"2022-12-17T14:40:00","date_gmt":"2022-12-17T14:40:00","guid":{"rendered":"https:\/\/www.webdo.tn\/fr\/blog\/tunisie-sidi-bouzid-fete-le-12eme-anniversaire-de-la-revolution\/200800\/"},"modified":"2025-05-20T22:48:13","modified_gmt":"2025-05-20T22:48:13","slug":"tunisie-sidi-bouzid-fete-le-12eme-anniversaire-de-la-revolution","status":"publish","type":"post","link":"https:\/\/www.webdo.tn\/fr\/actualite\/national\/tunisie-sidi-bouzid-fete-le-12eme-anniversaire-de-la-revolution\/200800\/","title":{"rendered":"Tunisie : Sidi Bouzid f\u00eate le 12\u00e8me anniversaire de la r\u00e9volution"},"content":{"rendered":"<p>Une c\u00e9r\u00e9monie de lever du drapeau a \u00e9t\u00e9 organis\u00e9e, samedi, dans la place Mohamed Bouazizi \u00e0 Sidi Bouzid \u00e0 l&rsquo;occasion de la comm\u00e9moration du 12\u00e8me anniversaire de la r\u00e9volution en pr\u00e9sence du gouverneur de la r\u00e9gion et des repr\u00e9sentants des forces s\u00e9curitaires et des autorit\u00e9s r\u00e9gionales.<\/p>\n<p>\t\t\t\t\t\t\t\t\tDans une d\u00e9claration \u00e0 l&rsquo;agence TAP, le directeur du festival international de la r\u00e9volution du 17 d\u00e9cembre 2010 Nejib Kouka a indiqu\u00e9 que les festivit\u00e9s officielles ont \u00e9t\u00e9 report\u00e9es apr\u00e8s la tenue des \u00e9lections l\u00e9gislatives pour d\u00e9marrer le 18 d\u00e9cembre jusqu&rsquo;au 23 d\u00e9cembre 2022.<\/p>\n<p>Au programme du festival, une exposition de photos, des animations pour enfants, un colloque \u00e9conomique autour des entreprises familiales en plus d&rsquo;un spectacle pr\u00e9sent\u00e9 par l&rsquo;orchestre barb\u00e9s avec l&rsquo;appui du minist\u00e8re des affaires culturelles.<\/p>\n","protected":false},"excerpt":{"rendered":"<p>Une c\u00e9r\u00e9monie de lever du drapeau a \u00e9t\u00e9 organis\u00e9e, samedi, dans la place Mohamed Bouazizi \u00e0 Sidi Bouzid \u00e0 l&rsquo;occasion de la comm\u00e9moration du 12\u00e8me anniversaire d&#8230;<\/p>\n","protected":false},"author":3175,"featured_media":277416,"comment_status":"open","ping_status":"closed","sticky":false,"template":"","format":"standard","meta":{"footnotes":""},"categories":[44],"tags":[2955,2608],"class_list":["post-200800","post","type-post","status-publish","format-standard","has-post-thumbnail","hentry","category-national","tag-sidi-bouzid","tag-tunisie"],"yoast_head":"<!-- This site is optimized with the Yoast SEO Premium plugin v27.4 (Yoast SEO v27.5) - https:\/\/yoast.com\/product\/yoast-seo-premium-wordpress\/ -->\n<title>Tunisie : Sidi Bouzid f\u00eate le 12\u00e8me anniversaire de la r\u00e9volution<\/title>\n<meta name=\"description\" content=\"Une c\u00e9r\u00e9monie de lever du drapeau a \u00e9t\u00e9 organis\u00e9e, samedi, dans la place Mohamed Bouazizi \u00e0 Sidi Bouzid \u00e0 l&#039;occasion de la comm\u00e9moration du 12\u00e8me anniversaire d...\" \/>\n<link rel=\"canonical\" href=\"https:\/\/www.webdo.tn\/fr\/actualite\/national\/tunisie-sidi-bouzid-fete-le-12eme-anniversaire-de-la-revolution\/200800\/\" \/>\n<meta property=\"og:locale\" content=\"fr_FR\" \/>\n<meta property=\"og:type\" content=\"article\" \/>\n<meta property=\"og:title\" content=\"Tunisie : Sidi Bouzid f\u00eate le 12\u00e8me anniversaire de la r\u00e9volution\" \/>\n<meta property=\"og:description\" content=\"Une c\u00e9r\u00e9monie de lever du drapeau a \u00e9t\u00e9 organis\u00e9e, samedi, dans la place Mohamed Bouazizi \u00e0 Sidi Bouzid \u00e0 l&#039;occasion de la comm\u00e9moration du 12\u00e8me anniversaire d...\" \/>\n<meta property=\"og:url\" content=\"https:\/\/www.webdo.tn\/fr\/actualite\/national\/tunisie-sidi-bouzid-fete-le-12eme-anniversaire-de-la-revolution\/200800\/\" \/>\n<meta property=\"og:site_name\" content=\"webdo\" \/>\n<meta property=\"article:publisher\" content=\"https:\/\/www.facebook.com\/webdotn\" \/>\n<meta property=\"article:published_time\" content=\"2022-12-17T14:40:00+00:00\" \/>\n<meta property=\"article:modified_time\" content=\"2025-05-20T22:48:13+00:00\" \/>\n<meta property=\"og:image\" content=\"https:\/\/www.webdo.tn\/fr\/wp-content\/uploads\/2022\/12\/1d6d82473a8414bc2173e18cb947de05.png\" \/>\n\t<meta property=\"og:image:width\" content=\"750\" \/>\n\t<meta property=\"og:image:height\" content=\"400\" \/>\n\t<meta property=\"og:image:type\" content=\"image\/png\" \/>\n<meta name=\"author\" content=\"CL\" \/>\n<meta name=\"twitter:card\" content=\"summary_large_image\" \/>\n<meta name=\"twitter:creator\" content=\"@webdo_tn\" \/>\n<meta name=\"twitter:site\" content=\"@webdo_tn\" \/>\n<meta name=\"twitter:label1\" content=\"\u00c9crit par\" \/>\n\t<meta name=\"twitter:data1\" content=\"CL\" \/>\n\t<meta name=\"twitter:label2\" content=\"Dur\u00e9e de lecture estim\u00e9e\" \/>\n\t<meta name=\"twitter:data2\" content=\"1 minute\" \/>\n<script type=\"application\/ld+json\" class=\"yoast-schema-graph\">{\"@context\":\"https:\\\/\\\/schema.org\",\"@graph\":[{\"@type\":\"NewsArticle\",\"@id\":\"https:\\\/\\\/www.webdo.tn\\\/fr\\\/actualite\\\/national\\\/tunisie-sidi-bouzid-fete-le-12eme-anniversaire-de-la-revolution\\\/200800\\\/#article\",\"isPartOf\":{\"@id\":\"https:\\\/\\\/www.webdo.tn\\\/fr\\\/actualite\\\/national\\\/tunisie-sidi-bouzid-fete-le-12eme-anniversaire-de-la-revolution\\\/200800\\\/\"},\"author\":{\"name\":\"CL\",\"@id\":\"https:\\\/\\\/www.webdo.tn\\\/fr\\\/#\\\/schema\\\/person\\\/f35b42a42c5e2511bbd282959d6385cc\"},\"headline\":\"Tunisie : Sidi Bouzid f\u00eate le 12\u00e8me anniversaire de la r\u00e9volution\",\"datePublished\":\"2022-12-17T14:40:00+00:00\",\"dateModified\":\"2025-05-20T22:48:13+00:00\",\"mainEntityOfPage\":{\"@id\":\"https:\\\/\\\/www.webdo.tn\\\/fr\\\/actualite\\\/national\\\/tunisie-sidi-bouzid-fete-le-12eme-anniversaire-de-la-revolution\\\/200800\\\/\"},\"wordCount\":158,\"commentCount\":0,\"publisher\":{\"@id\":\"https:\\\/\\\/www.webdo.tn\\\/fr\\\/#organization\"},\"image\":{\"@id\":\"https:\\\/\\\/www.webdo.tn\\\/fr\\\/actualite\\\/national\\\/tunisie-sidi-bouzid-fete-le-12eme-anniversaire-de-la-revolution\\\/200800\\\/#primaryimage\"},\"thumbnailUrl\":\"https:\\\/\\\/www.webdo.tn\\\/fr\\\/wp-content\\\/uploads\\\/2022\\\/12\\\/1d6d82473a8414bc2173e18cb947de05.png\",\"keywords\":[\"Sidi Bouzid\",\"Tunisie\"],\"articleSection\":[\"National\"],\"inLanguage\":\"fr-FR\"},{\"@type\":\"WebPage\",\"@id\":\"https:\\\/\\\/www.webdo.tn\\\/fr\\\/actualite\\\/national\\\/tunisie-sidi-bouzid-fete-le-12eme-anniversaire-de-la-revolution\\\/200800\\\/\",\"url\":\"https:\\\/\\\/www.webdo.tn\\\/fr\\\/actualite\\\/national\\\/tunisie-sidi-bouzid-fete-le-12eme-anniversaire-de-la-revolution\\\/200800\\\/\",\"name\":\"Tunisie : Sidi Bouzid f\u00eate le 12\u00e8me anniversaire de la r\u00e9volution\",\"isPartOf\":{\"@id\":\"https:\\\/\\\/www.webdo.tn\\\/fr\\\/#website\"},\"primaryImageOfPage\":{\"@id\":\"https:\\\/\\\/www.webdo.tn\\\/fr\\\/actualite\\\/national\\\/tunisie-sidi-bouzid-fete-le-12eme-anniversaire-de-la-revolution\\\/200800\\\/#primaryimage\"},\"image\":{\"@id\":\"https:\\\/\\\/www.webdo.tn\\\/fr\\\/actualite\\\/national\\\/tunisie-sidi-bouzid-fete-le-12eme-anniversaire-de-la-revolution\\\/200800\\\/#primaryimage\"},\"thumbnailUrl\":\"https:\\\/\\\/www.webdo.tn\\\/fr\\\/wp-content\\\/uploads\\\/2022\\\/12\\\/1d6d82473a8414bc2173e18cb947de05.png\",\"datePublished\":\"2022-12-17T14:40:00+00:00\",\"dateModified\":\"2025-05-20T22:48:13+00:00\",\"description\":\"Une c\u00e9r\u00e9monie de lever du drapeau a \u00e9t\u00e9 organis\u00e9e, samedi, dans la place Mohamed Bouazizi \u00e0 Sidi Bouzid \u00e0 l'occasion de la comm\u00e9moration du 12\u00e8me anniversaire d...\",\"breadcrumb\":{\"@id\":\"https:\\\/\\\/www.webdo.tn\\\/fr\\\/actualite\\\/national\\\/tunisie-sidi-bouzid-fete-le-12eme-anniversaire-de-la-revolution\\\/200800\\\/#breadcrumb\"},\"inLanguage\":\"fr-FR\",\"potentialAction\":[{\"@type\":\"ReadAction\",\"target\":[\"https:\\\/\\\/www.webdo.tn\\\/fr\\\/actualite\\\/national\\\/tunisie-sidi-bouzid-fete-le-12eme-anniversaire-de-la-revolution\\\/200800\\\/\"]}]},{\"@type\":\"ImageObject\",\"inLanguage\":\"fr-FR\",\"@id\":\"https:\\\/\\\/www.webdo.tn\\\/fr\\\/actualite\\\/national\\\/tunisie-sidi-bouzid-fete-le-12eme-anniversaire-de-la-revolution\\\/200800\\\/#primaryimage\",\"url\":\"https:\\\/\\\/www.webdo.tn\\\/fr\\\/wp-content\\\/uploads\\\/2022\\\/12\\\/1d6d82473a8414bc2173e18cb947de05.png\",\"contentUrl\":\"https:\\\/\\\/www.webdo.tn\\\/fr\\\/wp-content\\\/uploads\\\/2022\\\/12\\\/1d6d82473a8414bc2173e18cb947de05.png\",\"width\":750,\"height\":400,\"caption\":\"Sidi Bouzid\"},{\"@type\":\"BreadcrumbList\",\"@id\":\"https:\\\/\\\/www.webdo.tn\\\/fr\\\/actualite\\\/national\\\/tunisie-sidi-bouzid-fete-le-12eme-anniversaire-de-la-revolution\\\/200800\\\/#breadcrumb\",\"itemListElement\":[{\"@type\":\"ListItem\",\"position\":1,\"name\":\"Accueil\",\"item\":\"https:\\\/\\\/www.webdo.tn\\\/fr\\\/\"},{\"@type\":\"ListItem\",\"position\":2,\"name\":\"Tunisie : Sidi Bouzid f\u00eate le 12\u00e8me anniversaire de la r\u00e9volution\"}]},{\"@type\":\"WebSite\",\"@id\":\"https:\\\/\\\/www.webdo.tn\\\/fr\\\/#website\",\"url\":\"https:\\\/\\\/www.webdo.tn\\\/fr\\\/\",\"name\":\"webdo\",\"description\":\"Tunisie - News en Tunisie et \u00e0 l&#039;international sur Webdo.tn\",\"publisher\":{\"@id\":\"https:\\\/\\\/www.webdo.tn\\\/fr\\\/#organization\"},\"potentialAction\":[{\"@type\":\"SearchAction\",\"target\":{\"@type\":\"EntryPoint\",\"urlTemplate\":\"https:\\\/\\\/www.webdo.tn\\\/fr\\\/?s={search_term_string}\"},\"query-input\":{\"@type\":\"PropertyValueSpecification\",\"valueRequired\":true,\"valueName\":\"search_term_string\"}}],\"inLanguage\":\"fr-FR\"},{\"@type\":\"Organization\",\"@id\":\"https:\\\/\\\/www.webdo.tn\\\/fr\\\/#organization\",\"name\":\"Webdo\",\"alternateName\":\"Webdo.tn\",\"url\":\"https:\\\/\\\/www.webdo.tn\\\/fr\\\/\",\"logo\":{\"@type\":\"ImageObject\",\"inLanguage\":\"fr-FR\",\"@id\":\"https:\\\/\\\/www.webdo.tn\\\/fr\\\/#\\\/schema\\\/logo\\\/image\\\/\",\"url\":\"https:\\\/\\\/www.webdo.tn\\\/fr\\\/wp-content\\\/uploads\\\/2025\\\/06\\\/Webdo-Tunisie_168377.jpg\",\"contentUrl\":\"https:\\\/\\\/www.webdo.tn\\\/fr\\\/wp-content\\\/uploads\\\/2025\\\/06\\\/Webdo-Tunisie_168377.jpg\",\"width\":301,\"height\":301,\"caption\":\"Webdo\"},\"image\":{\"@id\":\"https:\\\/\\\/www.webdo.tn\\\/fr\\\/#\\\/schema\\\/logo\\\/image\\\/\"},\"sameAs\":[\"https:\\\/\\\/www.facebook.com\\\/webdotn\",\"https:\\\/\\\/x.com\\\/webdo_tn\"],\"description\":\"Webdo est un m\u00e9dia num\u00e9rique tunisien fond\u00e9 en 2010, sp\u00e9cialis\u00e9 dans l\u2019actualit\u00e9 nationale et internationale, l\u2019\u00e9conomie, la soci\u00e9t\u00e9 et les analyses politiques. Le site s\u2019adresse \u00e0 un large public francophone et couvre l\u2019information tunisienne en temps r\u00e9el.\",\"email\":\"redac@webdo.tn\",\"legalName\":\"YNJ SARL\",\"foundingDate\":\"2010-09-06\",\"numberOfEmployees\":{\"@type\":\"QuantitativeValue\",\"minValue\":\"11\",\"maxValue\":\"50\"}},{\"@type\":\"Person\",\"@id\":\"https:\\\/\\\/www.webdo.tn\\\/fr\\\/#\\\/schema\\\/person\\\/f35b42a42c5e2511bbd282959d6385cc\",\"name\":\"CL\",\"image\":{\"@type\":\"ImageObject\",\"inLanguage\":\"fr-FR\",\"@id\":\"https:\\\/\\\/secure.gravatar.com\\\/avatar\\\/1447a49909b67aa657c488aec6512e1dd6143a480c1ecfee9b5b5cd74eb3b59e?s=96&d=mm&r=g\",\"url\":\"https:\\\/\\\/secure.gravatar.com\\\/avatar\\\/1447a49909b67aa657c488aec6512e1dd6143a480c1ecfee9b5b5cd74eb3b59e?s=96&d=mm&r=g\",\"contentUrl\":\"https:\\\/\\\/secure.gravatar.com\\\/avatar\\\/1447a49909b67aa657c488aec6512e1dd6143a480c1ecfee9b5b5cd74eb3b59e?s=96&d=mm&r=g\",\"caption\":\"CL\"},\"url\":\"https:\\\/\\\/www.webdo.tn\\\/fr\\\/actualite\\\/author\\\/cl\\\/\"}]}<\/script>\n<!-- \/ Yoast SEO Premium plugin. -->","yoast_head_json":{"title":"Tunisie : Sidi Bouzid f\u00eate le 12\u00e8me anniversaire de la r\u00e9volution","description":"Une c\u00e9r\u00e9monie de lever du drapeau a \u00e9t\u00e9 organis\u00e9e, samedi, dans la place Mohamed Bouazizi \u00e0 Sidi Bouzid \u00e0 l'occasion de la comm\u00e9moration du 12\u00e8me anniversaire d...","canonical":"https:\/\/www.webdo.tn\/fr\/actualite\/national\/tunisie-sidi-bouzid-fete-le-12eme-anniversaire-de-la-revolution\/200800\/","og_locale":"fr_FR","og_type":"article","og_title":"Tunisie : Sidi Bouzid f\u00eate le 12\u00e8me anniversaire de la r\u00e9volution","og_description":"Une c\u00e9r\u00e9monie de lever du drapeau a \u00e9t\u00e9 organis\u00e9e, samedi, dans la place Mohamed Bouazizi \u00e0 Sidi Bouzid \u00e0 l'occasion de la comm\u00e9moration du 12\u00e8me anniversaire d...","og_url":"https:\/\/www.webdo.tn\/fr\/actualite\/national\/tunisie-sidi-bouzid-fete-le-12eme-anniversaire-de-la-revolution\/200800\/","og_site_name":"webdo","article_publisher":"https:\/\/www.facebook.com\/webdotn","article_published_time":"2022-12-17T14:40:00+00:00","article_modified_time":"2025-05-20T22:48:13+00:00","og_image":[{"width":750,"height":400,"url":"https:\/\/www.webdo.tn\/fr\/wp-content\/uploads\/2022\/12\/1d6d82473a8414bc2173e18cb947de05.png","type":"image\/png"}],"author":"CL","twitter_card":"summary_large_image","twitter_creator":"@webdo_tn","twitter_site":"@webdo_tn","twitter_misc":{"\u00c9crit par":"CL","Dur\u00e9e de lecture estim\u00e9e":"1 minute"},"schema":{"@context":"https:\/\/schema.org","@graph":[{"@type":"NewsArticle","@id":"https:\/\/www.webdo.tn\/fr\/actualite\/national\/tunisie-sidi-bouzid-fete-le-12eme-anniversaire-de-la-revolution\/200800\/#article","isPartOf":{"@id":"https:\/\/www.webdo.tn\/fr\/actualite\/national\/tunisie-sidi-bouzid-fete-le-12eme-anniversaire-de-la-revolution\/200800\/"},"author":{"name":"CL","@id":"https:\/\/www.webdo.tn\/fr\/#\/schema\/person\/f35b42a42c5e2511bbd282959d6385cc"},"headline":"Tunisie : Sidi Bouzid f\u00eate le 12\u00e8me anniversaire de la r\u00e9volution","datePublished":"2022-12-17T14:40:00+00:00","dateModified":"2025-05-20T22:48:13+00:00","mainEntityOfPage":{"@id":"https:\/\/www.webdo.tn\/fr\/actualite\/national\/tunisie-sidi-bouzid-fete-le-12eme-anniversaire-de-la-revolution\/200800\/"},"wordCount":158,"commentCount":0,"publisher":{"@id":"https:\/\/www.webdo.tn\/fr\/#organization"},"image":{"@id":"https:\/\/www.webdo.tn\/fr\/actualite\/national\/tunisie-sidi-bouzid-fete-le-12eme-anniversaire-de-la-revolution\/200800\/#primaryimage"},"thumbnailUrl":"https:\/\/www.webdo.tn\/fr\/wp-content\/uploads\/2022\/12\/1d6d82473a8414bc2173e18cb947de05.png","keywords":["Sidi Bouzid","Tunisie"],"articleSection":["National"],"inLanguage":"fr-FR"},{"@type":"WebPage","@id":"https:\/\/www.webdo.tn\/fr\/actualite\/national\/tunisie-sidi-bouzid-fete-le-12eme-anniversaire-de-la-revolution\/200800\/","url":"https:\/\/www.webdo.tn\/fr\/actualite\/national\/tunisie-sidi-bouzid-fete-le-12eme-anniversaire-de-la-revolution\/200800\/","name":"Tunisie : Sidi Bouzid f\u00eate le 12\u00e8me anniversaire de la r\u00e9volution","isPartOf":{"@id":"https:\/\/www.webdo.tn\/fr\/#website"},"primaryImageOfPage":{"@id":"https:\/\/www.webdo.tn\/fr\/actualite\/national\/tunisie-sidi-bouzid-fete-le-12eme-anniversaire-de-la-revolution\/200800\/#primaryimage"},"image":{"@id":"https:\/\/www.webdo.tn\/fr\/actualite\/national\/tunisie-sidi-bouzid-fete-le-12eme-anniversaire-de-la-revolution\/200800\/#primaryimage"},"thumbnailUrl":"https:\/\/www.webdo.tn\/fr\/wp-content\/uploads\/2022\/12\/1d6d82473a8414bc2173e18cb947de05.png","datePublished":"2022-12-17T14:40:00+00:00","dateModified":"2025-05-20T22:48:13+00:00","description":"Une c\u00e9r\u00e9monie de lever du drapeau a \u00e9t\u00e9 organis\u00e9e, samedi, dans la place Mohamed Bouazizi \u00e0 Sidi Bouzid \u00e0 l'occasion de la comm\u00e9moration du 12\u00e8me anniversaire d...","breadcrumb":{"@id":"https:\/\/www.webdo.tn\/fr\/actualite\/national\/tunisie-sidi-bouzid-fete-le-12eme-anniversaire-de-la-revolution\/200800\/#breadcrumb"},"inLanguage":"fr-FR","potentialAction":[{"@type":"ReadAction","target":["https:\/\/www.webdo.tn\/fr\/actualite\/national\/tunisie-sidi-bouzid-fete-le-12eme-anniversaire-de-la-revolution\/200800\/"]}]},{"@type":"ImageObject","inLanguage":"fr-FR","@id":"https:\/\/www.webdo.tn\/fr\/actualite\/national\/tunisie-sidi-bouzid-fete-le-12eme-anniversaire-de-la-revolution\/200800\/#primaryimage","url":"https:\/\/www.webdo.tn\/fr\/wp-content\/uploads\/2022\/12\/1d6d82473a8414bc2173e18cb947de05.png","contentUrl":"https:\/\/www.webdo.tn\/fr\/wp-content\/uploads\/2022\/12\/1d6d82473a8414bc2173e18cb947de05.png","width":750,"height":400,"caption":"Sidi Bouzid"},{"@type":"BreadcrumbList","@id":"https:\/\/www.webdo.tn\/fr\/actualite\/national\/tunisie-sidi-bouzid-fete-le-12eme-anniversaire-de-la-revolution\/200800\/#breadcrumb","itemListElement":[{"@type":"ListItem","position":1,"name":"Accueil","item":"https:\/\/www.webdo.tn\/fr\/"},{"@type":"ListItem","position":2,"name":"Tunisie : Sidi Bouzid f\u00eate le 12\u00e8me anniversaire de la r\u00e9volution"}]},{"@type":"WebSite","@id":"https:\/\/www.webdo.tn\/fr\/#website","url":"https:\/\/www.webdo.tn\/fr\/","name":"webdo","description":"Tunisie - News en Tunisie et \u00e0 l&#039;international sur Webdo.tn","publisher":{"@id":"https:\/\/www.webdo.tn\/fr\/#organization"},"potentialAction":[{"@type":"SearchAction","target":{"@type":"EntryPoint","urlTemplate":"https:\/\/www.webdo.tn\/fr\/?s={search_term_string}"},"query-input":{"@type":"PropertyValueSpecification","valueRequired":true,"valueName":"search_term_string"}}],"inLanguage":"fr-FR"},{"@type":"Organization","@id":"https:\/\/www.webdo.tn\/fr\/#organization","name":"Webdo","alternateName":"Webdo.tn","url":"https:\/\/www.webdo.tn\/fr\/","logo":{"@type":"ImageObject","inLanguage":"fr-FR","@id":"https:\/\/www.webdo.tn\/fr\/#\/schema\/logo\/image\/","url":"https:\/\/www.webdo.tn\/fr\/wp-content\/uploads\/2025\/06\/Webdo-Tunisie_168377.jpg","contentUrl":"https:\/\/www.webdo.tn\/fr\/wp-content\/uploads\/2025\/06\/Webdo-Tunisie_168377.jpg","width":301,"height":301,"caption":"Webdo"},"image":{"@id":"https:\/\/www.webdo.tn\/fr\/#\/schema\/logo\/image\/"},"sameAs":["https:\/\/www.facebook.com\/webdotn","https:\/\/x.com\/webdo_tn"],"description":"Webdo est un m\u00e9dia num\u00e9rique tunisien fond\u00e9 en 2010, sp\u00e9cialis\u00e9 dans l\u2019actualit\u00e9 nationale et internationale, l\u2019\u00e9conomie, la soci\u00e9t\u00e9 et les analyses politiques. Le site s\u2019adresse \u00e0 un large public francophone et couvre l\u2019information tunisienne en temps r\u00e9el.","email":"redac@webdo.tn","legalName":"YNJ SARL","foundingDate":"2010-09-06","numberOfEmployees":{"@type":"QuantitativeValue","minValue":"11","maxValue":"50"}},{"@type":"Person","@id":"https:\/\/www.webdo.tn\/fr\/#\/schema\/person\/f35b42a42c5e2511bbd282959d6385cc","name":"CL","image":{"@type":"ImageObject","inLanguage":"fr-FR","@id":"https:\/\/secure.gravatar.com\/avatar\/1447a49909b67aa657c488aec6512e1dd6143a480c1ecfee9b5b5cd74eb3b59e?s=96&d=mm&r=g","url":"https:\/\/secure.gravatar.com\/avatar\/1447a49909b67aa657c488aec6512e1dd6143a480c1ecfee9b5b5cd74eb3b59e?s=96&d=mm&r=g","contentUrl":"https:\/\/secure.gravatar.com\/avatar\/1447a49909b67aa657c488aec6512e1dd6143a480c1ecfee9b5b5cd74eb3b59e?s=96&d=mm&r=g","caption":"CL"},"url":"https:\/\/www.webdo.tn\/fr\/actualite\/author\/cl\/"}]}},"_links":{"self":[{"href":"https:\/\/www.webdo.tn\/fr\/wp-json\/wp\/v2\/posts\/200800","targetHints":{"allow":["GET"]}}],"collection":[{"href":"https:\/\/www.webdo.tn\/fr\/wp-json\/wp\/v2\/posts"}],"about":[{"href":"https:\/\/www.webdo.tn\/fr\/wp-json\/wp\/v2\/types\/post"}],"author":[{"embeddable":true,"href":"https:\/\/www.webdo.tn\/fr\/wp-json\/wp\/v2\/users\/3175"}],"replies":[{"embeddable":true,"href":"https:\/\/www.webdo.tn\/fr\/wp-json\/wp\/v2\/comments?post=200800"}],"version-history":[{"count":0,"href":"https:\/\/www.webdo.tn\/fr\/wp-json\/wp\/v2\/posts\/200800\/revisions"}],"wp:featuredmedia":[{"embeddable":true,"href":"https:\/\/www.webdo.tn\/fr\/wp-json\/wp\/v2\/media\/277416"}],"wp:attachment":[{"href":"https:\/\/www.webdo.tn\/fr\/wp-json\/wp\/v2\/media?parent=200800"}],"wp:term":[{"taxonomy":"category","embeddable":true,"href":"https:\/\/www.webdo.tn\/fr\/wp-json\/wp\/v2\/categories?post=200800"},{"taxonomy":"post_tag","embeddable":true,"href":"https:\/\/www.webdo.tn\/fr\/wp-json\/wp\/v2\/tags?post=200800"}],"curies":[{"name":"wp","href":"https:\/\/api.w.org\/{rel}","templated":true}]}}