{"id":200794,"date":"2022-12-17T13:35:00","date_gmt":"2022-12-17T13:35:00","guid":{"rendered":"https:\/\/www.webdo.tn\/fr\/blog\/le-deficit-budgetaire-a-3-6-milliards-de-dinars\/200794\/"},"modified":"2025-05-20T22:03:58","modified_gmt":"2025-05-20T22:03:58","slug":"le-deficit-budgetaire-a-3-6-milliards-de-dinars","status":"publish","type":"post","link":"https:\/\/www.webdo.tn\/fr\/actualite\/national\/le-deficit-budgetaire-a-3-6-milliards-de-dinars\/200794\/","title":{"rendered":"Le d\u00e9ficit budg\u00e9taire \u00e0 3,6 milliards de dinars"},"content":{"rendered":"<p>Le d\u00e9ficit budg\u00e9taire a baiss\u00e9 de 12,4%, \u00e0 3,6 milliards de dinars, \u00e0 fin septembre 2022, annonce le minist\u00e8re des Finances, selon des chiffres publi\u00e9s ce samedi 17 d\u00e9cembre 2022.<\/p>\n<p>\t\t\t\t\t\t\t\t\tA la m\u00eame p\u00e9riode de l\u2019ann\u00e9e derni\u00e8re, le d\u00e9ficit budg\u00e9taire s&rsquo;\u00e9tablissait \u00e0 4,1 milliards de dinars, r\u00e9v\u00e8le la note sur les \u00ab\u00a0R\u00e9sultats provisoires de l\u2019Ex\u00e9cution du budget de l\u2019Etat\u00a0\u00bb.<\/p>\n<p>Cette baisse du d\u00e9ficit est expliqu\u00e9e par l\u2019accroissement de ressources budg\u00e9taires de 20,3%, \u00e0 28,5 milliards de dinars, au cours des neuf premiers mois de 2022, et ce, compte tenu de la hausse des recettes fiscales de 17%, \u00e0 pr\u00e8s de 26 milliards de dinars.<\/p>\n<p>Quant aux charges budg\u00e9taires, elles ont \u00e9volu\u00e9 mais \u00e0 un rythme moins important de 12%, \u00e0 pr\u00e8s de 31 milliards de dinars.<\/p>\n<p>Pour ce qui est des d\u00e9penses de r\u00e9mun\u00e9ration, elles ont enregistr\u00e9 une hausse de 4%, pour d\u00e9passer les 15,6 milliards de dinars, ce qui repr\u00e9sente 50,4% des charges budg\u00e9taires.<\/p>\n<p>Les ressources de tr\u00e9sorerie ont baiss\u00e9 de 21%, chutant de 13,2 milliards de dinars, en septembre 2021, \u00e0 10,4 milliards de dinars en septembre 2022.<\/p>\n","protected":false},"excerpt":{"rendered":"<p>Le d\u00e9ficit budg\u00e9taire a baiss\u00e9 de 12,4%, \u00e0 3,6 milliards de dinars, \u00e0 fin septembre 2022, annonce le minist\u00e8re des Finances, selon des chiffres publi\u00e9s ce samed&#8230;<\/p>\n","protected":false},"author":3162,"featured_media":252841,"comment_status":"open","ping_status":"closed","sticky":false,"template":"","format":"standard","meta":{"footnotes":""},"categories":[44],"tags":[5401,2608],"class_list":["post-200794","post","type-post","status-publish","format-standard","has-post-thumbnail","hentry","category-national","tag-deficit-budgetaire","tag-tunisie"],"yoast_head":"<!-- This site is optimized with the Yoast SEO Premium plugin v27.5 (Yoast SEO v27.5) - https:\/\/yoast.com\/product\/yoast-seo-premium-wordpress\/ -->\n<title>Le d\u00e9ficit budg\u00e9taire \u00e0 3,6 milliards de dinars<\/title>\n<meta name=\"description\" content=\"Le d\u00e9ficit budg\u00e9taire a baiss\u00e9 de 12,4%, \u00e0 3,6 milliards de dinars, \u00e0 fin septembre 2022, annonce le minist\u00e8re des Finances, selon des chiffres publi\u00e9s ce samed...\" \/>\n<link rel=\"canonical\" href=\"https:\/\/www.webdo.tn\/fr\/actualite\/national\/le-deficit-budgetaire-a-3-6-milliards-de-dinars\/200794\/\" \/>\n<meta property=\"og:locale\" content=\"fr_FR\" \/>\n<meta property=\"og:type\" content=\"article\" \/>\n<meta property=\"og:title\" content=\"Le d\u00e9ficit budg\u00e9taire \u00e0 3,6 milliards de dinars\" \/>\n<meta property=\"og:description\" content=\"Le d\u00e9ficit budg\u00e9taire a baiss\u00e9 de 12,4%, \u00e0 3,6 milliards de dinars, \u00e0 fin septembre 2022, annonce le minist\u00e8re des Finances, selon des chiffres publi\u00e9s ce samed...\" \/>\n<meta property=\"og:url\" content=\"https:\/\/www.webdo.tn\/fr\/actualite\/national\/le-deficit-budgetaire-a-3-6-milliards-de-dinars\/200794\/\" \/>\n<meta property=\"og:site_name\" content=\"webdo\" \/>\n<meta property=\"article:publisher\" content=\"https:\/\/www.facebook.com\/webdotn\" \/>\n<meta property=\"article:published_time\" content=\"2022-12-17T13:35:00+00:00\" \/>\n<meta property=\"article:modified_time\" content=\"2025-05-20T22:03:58+00:00\" \/>\n<meta property=\"og:image\" content=\"https:\/\/www.webdo.tn\/fr\/wp-content\/uploads\/2022\/12\/82d6fa56c2e390ccafa326c0b9de55a2.jpg\" \/>\n\t<meta property=\"og:image:width\" content=\"750\" \/>\n\t<meta property=\"og:image:height\" content=\"400\" \/>\n\t<meta property=\"og:image:type\" content=\"image\/jpeg\" \/>\n<meta name=\"author\" content=\"MC\" \/>\n<meta name=\"twitter:card\" content=\"summary_large_image\" \/>\n<meta name=\"twitter:creator\" content=\"@webdo_tn\" \/>\n<meta name=\"twitter:site\" content=\"@webdo_tn\" \/>\n<meta name=\"twitter:label1\" content=\"\u00c9crit par\" \/>\n\t<meta name=\"twitter:data1\" content=\"MC\" \/>\n\t<meta name=\"twitter:label2\" content=\"Dur\u00e9e de lecture estim\u00e9e\" \/>\n\t<meta name=\"twitter:data2\" content=\"1 minute\" \/>\n<script type=\"application\/ld+json\" class=\"yoast-schema-graph\">{\"@context\":\"https:\\\/\\\/schema.org\",\"@graph\":[{\"@type\":\"NewsArticle\",\"@id\":\"https:\\\/\\\/www.webdo.tn\\\/fr\\\/actualite\\\/national\\\/le-deficit-budgetaire-a-3-6-milliards-de-dinars\\\/200794\\\/#article\",\"isPartOf\":{\"@id\":\"https:\\\/\\\/www.webdo.tn\\\/fr\\\/actualite\\\/national\\\/le-deficit-budgetaire-a-3-6-milliards-de-dinars\\\/200794\\\/\"},\"author\":{\"name\":\"MC\",\"@id\":\"https:\\\/\\\/www.webdo.tn\\\/fr\\\/#\\\/schema\\\/person\\\/2c4929cbf5a809e3bd38617c6ce150f6\"},\"headline\":\"Le d\u00e9ficit budg\u00e9taire \u00e0 3,6 milliards de dinars\",\"datePublished\":\"2022-12-17T13:35:00+00:00\",\"dateModified\":\"2025-05-20T22:03:58+00:00\",\"mainEntityOfPage\":{\"@id\":\"https:\\\/\\\/www.webdo.tn\\\/fr\\\/actualite\\\/national\\\/le-deficit-budgetaire-a-3-6-milliards-de-dinars\\\/200794\\\/\"},\"wordCount\":192,\"commentCount\":0,\"publisher\":{\"@id\":\"https:\\\/\\\/www.webdo.tn\\\/fr\\\/#organization\"},\"image\":{\"@id\":\"https:\\\/\\\/www.webdo.tn\\\/fr\\\/actualite\\\/national\\\/le-deficit-budgetaire-a-3-6-milliards-de-dinars\\\/200794\\\/#primaryimage\"},\"thumbnailUrl\":\"https:\\\/\\\/www.webdo.tn\\\/fr\\\/wp-content\\\/uploads\\\/2022\\\/12\\\/82d6fa56c2e390ccafa326c0b9de55a2.jpg\",\"keywords\":[\"d\u00e9ficit budg\u00e9taire\",\"Tunisie\"],\"articleSection\":[\"National\"],\"inLanguage\":\"fr-FR\"},{\"@type\":\"WebPage\",\"@id\":\"https:\\\/\\\/www.webdo.tn\\\/fr\\\/actualite\\\/national\\\/le-deficit-budgetaire-a-3-6-milliards-de-dinars\\\/200794\\\/\",\"url\":\"https:\\\/\\\/www.webdo.tn\\\/fr\\\/actualite\\\/national\\\/le-deficit-budgetaire-a-3-6-milliards-de-dinars\\\/200794\\\/\",\"name\":\"Le d\u00e9ficit budg\u00e9taire \u00e0 3,6 milliards de dinars\",\"isPartOf\":{\"@id\":\"https:\\\/\\\/www.webdo.tn\\\/fr\\\/#website\"},\"primaryImageOfPage\":{\"@id\":\"https:\\\/\\\/www.webdo.tn\\\/fr\\\/actualite\\\/national\\\/le-deficit-budgetaire-a-3-6-milliards-de-dinars\\\/200794\\\/#primaryimage\"},\"image\":{\"@id\":\"https:\\\/\\\/www.webdo.tn\\\/fr\\\/actualite\\\/national\\\/le-deficit-budgetaire-a-3-6-milliards-de-dinars\\\/200794\\\/#primaryimage\"},\"thumbnailUrl\":\"https:\\\/\\\/www.webdo.tn\\\/fr\\\/wp-content\\\/uploads\\\/2022\\\/12\\\/82d6fa56c2e390ccafa326c0b9de55a2.jpg\",\"datePublished\":\"2022-12-17T13:35:00+00:00\",\"dateModified\":\"2025-05-20T22:03:58+00:00\",\"description\":\"Le d\u00e9ficit budg\u00e9taire a baiss\u00e9 de 12,4%, \u00e0 3,6 milliards de dinars, \u00e0 fin septembre 2022, annonce le minist\u00e8re des Finances, selon des chiffres publi\u00e9s ce samed...\",\"breadcrumb\":{\"@id\":\"https:\\\/\\\/www.webdo.tn\\\/fr\\\/actualite\\\/national\\\/le-deficit-budgetaire-a-3-6-milliards-de-dinars\\\/200794\\\/#breadcrumb\"},\"inLanguage\":\"fr-FR\",\"potentialAction\":[{\"@type\":\"ReadAction\",\"target\":[\"https:\\\/\\\/www.webdo.tn\\\/fr\\\/actualite\\\/national\\\/le-deficit-budgetaire-a-3-6-milliards-de-dinars\\\/200794\\\/\"]}]},{\"@type\":\"ImageObject\",\"inLanguage\":\"fr-FR\",\"@id\":\"https:\\\/\\\/www.webdo.tn\\\/fr\\\/actualite\\\/national\\\/le-deficit-budgetaire-a-3-6-milliards-de-dinars\\\/200794\\\/#primaryimage\",\"url\":\"https:\\\/\\\/www.webdo.tn\\\/fr\\\/wp-content\\\/uploads\\\/2022\\\/12\\\/82d6fa56c2e390ccafa326c0b9de55a2.jpg\",\"contentUrl\":\"https:\\\/\\\/www.webdo.tn\\\/fr\\\/wp-content\\\/uploads\\\/2022\\\/12\\\/82d6fa56c2e390ccafa326c0b9de55a2.jpg\",\"width\":750,\"height\":400,\"caption\":\"Le d\u00e9ficit budg\u00e9taire \u00e0 3,6 milliards de dinars\"},{\"@type\":\"BreadcrumbList\",\"@id\":\"https:\\\/\\\/www.webdo.tn\\\/fr\\\/actualite\\\/national\\\/le-deficit-budgetaire-a-3-6-milliards-de-dinars\\\/200794\\\/#breadcrumb\",\"itemListElement\":[{\"@type\":\"ListItem\",\"position\":1,\"name\":\"Accueil\",\"item\":\"https:\\\/\\\/www.webdo.tn\\\/fr\\\/\"},{\"@type\":\"ListItem\",\"position\":2,\"name\":\"Le d\u00e9ficit budg\u00e9taire \u00e0 3,6 milliards de dinars\"}]},{\"@type\":\"WebSite\",\"@id\":\"https:\\\/\\\/www.webdo.tn\\\/fr\\\/#website\",\"url\":\"https:\\\/\\\/www.webdo.tn\\\/fr\\\/\",\"name\":\"webdo\",\"description\":\"Tunisie - News en Tunisie et \u00e0 l&#039;international sur Webdo.tn\",\"publisher\":{\"@id\":\"https:\\\/\\\/www.webdo.tn\\\/fr\\\/#organization\"},\"potentialAction\":[{\"@type\":\"SearchAction\",\"target\":{\"@type\":\"EntryPoint\",\"urlTemplate\":\"https:\\\/\\\/www.webdo.tn\\\/fr\\\/?s={search_term_string}\"},\"query-input\":{\"@type\":\"PropertyValueSpecification\",\"valueRequired\":true,\"valueName\":\"search_term_string\"}}],\"inLanguage\":\"fr-FR\"},{\"@type\":\"Organization\",\"@id\":\"https:\\\/\\\/www.webdo.tn\\\/fr\\\/#organization\",\"name\":\"Webdo\",\"alternateName\":\"Webdo.tn\",\"url\":\"https:\\\/\\\/www.webdo.tn\\\/fr\\\/\",\"logo\":{\"@type\":\"ImageObject\",\"inLanguage\":\"fr-FR\",\"@id\":\"https:\\\/\\\/www.webdo.tn\\\/fr\\\/#\\\/schema\\\/logo\\\/image\\\/\",\"url\":\"https:\\\/\\\/www.webdo.tn\\\/fr\\\/wp-content\\\/uploads\\\/2025\\\/06\\\/Webdo-Tunisie_168377.jpg\",\"contentUrl\":\"https:\\\/\\\/www.webdo.tn\\\/fr\\\/wp-content\\\/uploads\\\/2025\\\/06\\\/Webdo-Tunisie_168377.jpg\",\"width\":301,\"height\":301,\"caption\":\"Webdo\"},\"image\":{\"@id\":\"https:\\\/\\\/www.webdo.tn\\\/fr\\\/#\\\/schema\\\/logo\\\/image\\\/\"},\"sameAs\":[\"https:\\\/\\\/www.facebook.com\\\/webdotn\",\"https:\\\/\\\/x.com\\\/webdo_tn\"],\"description\":\"Webdo est un m\u00e9dia num\u00e9rique tunisien fond\u00e9 en 2010, sp\u00e9cialis\u00e9 dans l\u2019actualit\u00e9 nationale et internationale, l\u2019\u00e9conomie, la soci\u00e9t\u00e9 et les analyses politiques. Le site s\u2019adresse \u00e0 un large public francophone et couvre l\u2019information tunisienne en temps r\u00e9el.\",\"email\":\"redac@webdo.tn\",\"legalName\":\"YNJ SARL\",\"foundingDate\":\"2010-09-06\",\"numberOfEmployees\":{\"@type\":\"QuantitativeValue\",\"minValue\":\"11\",\"maxValue\":\"50\"}},{\"@type\":\"Person\",\"@id\":\"https:\\\/\\\/www.webdo.tn\\\/fr\\\/#\\\/schema\\\/person\\\/2c4929cbf5a809e3bd38617c6ce150f6\",\"name\":\"MC\",\"image\":{\"@type\":\"ImageObject\",\"inLanguage\":\"fr-FR\",\"@id\":\"https:\\\/\\\/secure.gravatar.com\\\/avatar\\\/a545bbb6f84efdd5553dbbc2895e3ca8f1d12c5215e00a041c9670b54aa9b18a?s=96&d=mm&r=g\",\"url\":\"https:\\\/\\\/secure.gravatar.com\\\/avatar\\\/a545bbb6f84efdd5553dbbc2895e3ca8f1d12c5215e00a041c9670b54aa9b18a?s=96&d=mm&r=g\",\"contentUrl\":\"https:\\\/\\\/secure.gravatar.com\\\/avatar\\\/a545bbb6f84efdd5553dbbc2895e3ca8f1d12c5215e00a041c9670b54aa9b18a?s=96&d=mm&r=g\",\"caption\":\"MC\"},\"url\":\"https:\\\/\\\/www.webdo.tn\\\/fr\\\/actualite\\\/author\\\/mc\\\/\"}]}<\/script>\n<!-- \/ Yoast SEO Premium plugin. -->","yoast_head_json":{"title":"Le d\u00e9ficit budg\u00e9taire \u00e0 3,6 milliards de dinars","description":"Le d\u00e9ficit budg\u00e9taire a baiss\u00e9 de 12,4%, \u00e0 3,6 milliards de dinars, \u00e0 fin septembre 2022, annonce le minist\u00e8re des Finances, selon des chiffres publi\u00e9s ce samed...","canonical":"https:\/\/www.webdo.tn\/fr\/actualite\/national\/le-deficit-budgetaire-a-3-6-milliards-de-dinars\/200794\/","og_locale":"fr_FR","og_type":"article","og_title":"Le d\u00e9ficit budg\u00e9taire \u00e0 3,6 milliards de dinars","og_description":"Le d\u00e9ficit budg\u00e9taire a baiss\u00e9 de 12,4%, \u00e0 3,6 milliards de dinars, \u00e0 fin septembre 2022, annonce le minist\u00e8re des Finances, selon des chiffres publi\u00e9s ce samed...","og_url":"https:\/\/www.webdo.tn\/fr\/actualite\/national\/le-deficit-budgetaire-a-3-6-milliards-de-dinars\/200794\/","og_site_name":"webdo","article_publisher":"https:\/\/www.facebook.com\/webdotn","article_published_time":"2022-12-17T13:35:00+00:00","article_modified_time":"2025-05-20T22:03:58+00:00","og_image":[{"width":750,"height":400,"url":"https:\/\/www.webdo.tn\/fr\/wp-content\/uploads\/2022\/12\/82d6fa56c2e390ccafa326c0b9de55a2.jpg","type":"image\/jpeg"}],"author":"MC","twitter_card":"summary_large_image","twitter_creator":"@webdo_tn","twitter_site":"@webdo_tn","twitter_misc":{"\u00c9crit par":"MC","Dur\u00e9e de lecture estim\u00e9e":"1 minute"},"schema":{"@context":"https:\/\/schema.org","@graph":[{"@type":"NewsArticle","@id":"https:\/\/www.webdo.tn\/fr\/actualite\/national\/le-deficit-budgetaire-a-3-6-milliards-de-dinars\/200794\/#article","isPartOf":{"@id":"https:\/\/www.webdo.tn\/fr\/actualite\/national\/le-deficit-budgetaire-a-3-6-milliards-de-dinars\/200794\/"},"author":{"name":"MC","@id":"https:\/\/www.webdo.tn\/fr\/#\/schema\/person\/2c4929cbf5a809e3bd38617c6ce150f6"},"headline":"Le d\u00e9ficit budg\u00e9taire \u00e0 3,6 milliards de dinars","datePublished":"2022-12-17T13:35:00+00:00","dateModified":"2025-05-20T22:03:58+00:00","mainEntityOfPage":{"@id":"https:\/\/www.webdo.tn\/fr\/actualite\/national\/le-deficit-budgetaire-a-3-6-milliards-de-dinars\/200794\/"},"wordCount":192,"commentCount":0,"publisher":{"@id":"https:\/\/www.webdo.tn\/fr\/#organization"},"image":{"@id":"https:\/\/www.webdo.tn\/fr\/actualite\/national\/le-deficit-budgetaire-a-3-6-milliards-de-dinars\/200794\/#primaryimage"},"thumbnailUrl":"https:\/\/www.webdo.tn\/fr\/wp-content\/uploads\/2022\/12\/82d6fa56c2e390ccafa326c0b9de55a2.jpg","keywords":["d\u00e9ficit budg\u00e9taire","Tunisie"],"articleSection":["National"],"inLanguage":"fr-FR"},{"@type":"WebPage","@id":"https:\/\/www.webdo.tn\/fr\/actualite\/national\/le-deficit-budgetaire-a-3-6-milliards-de-dinars\/200794\/","url":"https:\/\/www.webdo.tn\/fr\/actualite\/national\/le-deficit-budgetaire-a-3-6-milliards-de-dinars\/200794\/","name":"Le d\u00e9ficit budg\u00e9taire \u00e0 3,6 milliards de dinars","isPartOf":{"@id":"https:\/\/www.webdo.tn\/fr\/#website"},"primaryImageOfPage":{"@id":"https:\/\/www.webdo.tn\/fr\/actualite\/national\/le-deficit-budgetaire-a-3-6-milliards-de-dinars\/200794\/#primaryimage"},"image":{"@id":"https:\/\/www.webdo.tn\/fr\/actualite\/national\/le-deficit-budgetaire-a-3-6-milliards-de-dinars\/200794\/#primaryimage"},"thumbnailUrl":"https:\/\/www.webdo.tn\/fr\/wp-content\/uploads\/2022\/12\/82d6fa56c2e390ccafa326c0b9de55a2.jpg","datePublished":"2022-12-17T13:35:00+00:00","dateModified":"2025-05-20T22:03:58+00:00","description":"Le d\u00e9ficit budg\u00e9taire a baiss\u00e9 de 12,4%, \u00e0 3,6 milliards de dinars, \u00e0 fin septembre 2022, annonce le minist\u00e8re des Finances, selon des chiffres publi\u00e9s ce samed...","breadcrumb":{"@id":"https:\/\/www.webdo.tn\/fr\/actualite\/national\/le-deficit-budgetaire-a-3-6-milliards-de-dinars\/200794\/#breadcrumb"},"inLanguage":"fr-FR","potentialAction":[{"@type":"ReadAction","target":["https:\/\/www.webdo.tn\/fr\/actualite\/national\/le-deficit-budgetaire-a-3-6-milliards-de-dinars\/200794\/"]}]},{"@type":"ImageObject","inLanguage":"fr-FR","@id":"https:\/\/www.webdo.tn\/fr\/actualite\/national\/le-deficit-budgetaire-a-3-6-milliards-de-dinars\/200794\/#primaryimage","url":"https:\/\/www.webdo.tn\/fr\/wp-content\/uploads\/2022\/12\/82d6fa56c2e390ccafa326c0b9de55a2.jpg","contentUrl":"https:\/\/www.webdo.tn\/fr\/wp-content\/uploads\/2022\/12\/82d6fa56c2e390ccafa326c0b9de55a2.jpg","width":750,"height":400,"caption":"Le d\u00e9ficit budg\u00e9taire \u00e0 3,6 milliards de dinars"},{"@type":"BreadcrumbList","@id":"https:\/\/www.webdo.tn\/fr\/actualite\/national\/le-deficit-budgetaire-a-3-6-milliards-de-dinars\/200794\/#breadcrumb","itemListElement":[{"@type":"ListItem","position":1,"name":"Accueil","item":"https:\/\/www.webdo.tn\/fr\/"},{"@type":"ListItem","position":2,"name":"Le d\u00e9ficit budg\u00e9taire \u00e0 3,6 milliards de dinars"}]},{"@type":"WebSite","@id":"https:\/\/www.webdo.tn\/fr\/#website","url":"https:\/\/www.webdo.tn\/fr\/","name":"webdo","description":"Tunisie - News en Tunisie et \u00e0 l&#039;international sur Webdo.tn","publisher":{"@id":"https:\/\/www.webdo.tn\/fr\/#organization"},"potentialAction":[{"@type":"SearchAction","target":{"@type":"EntryPoint","urlTemplate":"https:\/\/www.webdo.tn\/fr\/?s={search_term_string}"},"query-input":{"@type":"PropertyValueSpecification","valueRequired":true,"valueName":"search_term_string"}}],"inLanguage":"fr-FR"},{"@type":"Organization","@id":"https:\/\/www.webdo.tn\/fr\/#organization","name":"Webdo","alternateName":"Webdo.tn","url":"https:\/\/www.webdo.tn\/fr\/","logo":{"@type":"ImageObject","inLanguage":"fr-FR","@id":"https:\/\/www.webdo.tn\/fr\/#\/schema\/logo\/image\/","url":"https:\/\/www.webdo.tn\/fr\/wp-content\/uploads\/2025\/06\/Webdo-Tunisie_168377.jpg","contentUrl":"https:\/\/www.webdo.tn\/fr\/wp-content\/uploads\/2025\/06\/Webdo-Tunisie_168377.jpg","width":301,"height":301,"caption":"Webdo"},"image":{"@id":"https:\/\/www.webdo.tn\/fr\/#\/schema\/logo\/image\/"},"sameAs":["https:\/\/www.facebook.com\/webdotn","https:\/\/x.com\/webdo_tn"],"description":"Webdo est un m\u00e9dia num\u00e9rique tunisien fond\u00e9 en 2010, sp\u00e9cialis\u00e9 dans l\u2019actualit\u00e9 nationale et internationale, l\u2019\u00e9conomie, la soci\u00e9t\u00e9 et les analyses politiques. Le site s\u2019adresse \u00e0 un large public francophone et couvre l\u2019information tunisienne en temps r\u00e9el.","email":"redac@webdo.tn","legalName":"YNJ SARL","foundingDate":"2010-09-06","numberOfEmployees":{"@type":"QuantitativeValue","minValue":"11","maxValue":"50"}},{"@type":"Person","@id":"https:\/\/www.webdo.tn\/fr\/#\/schema\/person\/2c4929cbf5a809e3bd38617c6ce150f6","name":"MC","image":{"@type":"ImageObject","inLanguage":"fr-FR","@id":"https:\/\/secure.gravatar.com\/avatar\/a545bbb6f84efdd5553dbbc2895e3ca8f1d12c5215e00a041c9670b54aa9b18a?s=96&d=mm&r=g","url":"https:\/\/secure.gravatar.com\/avatar\/a545bbb6f84efdd5553dbbc2895e3ca8f1d12c5215e00a041c9670b54aa9b18a?s=96&d=mm&r=g","contentUrl":"https:\/\/secure.gravatar.com\/avatar\/a545bbb6f84efdd5553dbbc2895e3ca8f1d12c5215e00a041c9670b54aa9b18a?s=96&d=mm&r=g","caption":"MC"},"url":"https:\/\/www.webdo.tn\/fr\/actualite\/author\/mc\/"}]}},"_links":{"self":[{"href":"https:\/\/www.webdo.tn\/fr\/wp-json\/wp\/v2\/posts\/200794","targetHints":{"allow":["GET"]}}],"collection":[{"href":"https:\/\/www.webdo.tn\/fr\/wp-json\/wp\/v2\/posts"}],"about":[{"href":"https:\/\/www.webdo.tn\/fr\/wp-json\/wp\/v2\/types\/post"}],"author":[{"embeddable":true,"href":"https:\/\/www.webdo.tn\/fr\/wp-json\/wp\/v2\/users\/3162"}],"replies":[{"embeddable":true,"href":"https:\/\/www.webdo.tn\/fr\/wp-json\/wp\/v2\/comments?post=200794"}],"version-history":[{"count":0,"href":"https:\/\/www.webdo.tn\/fr\/wp-json\/wp\/v2\/posts\/200794\/revisions"}],"wp:featuredmedia":[{"embeddable":true,"href":"https:\/\/www.webdo.tn\/fr\/wp-json\/wp\/v2\/media\/252841"}],"wp:attachment":[{"href":"https:\/\/www.webdo.tn\/fr\/wp-json\/wp\/v2\/media?parent=200794"}],"wp:term":[{"taxonomy":"category","embeddable":true,"href":"https:\/\/www.webdo.tn\/fr\/wp-json\/wp\/v2\/categories?post=200794"},{"taxonomy":"post_tag","embeddable":true,"href":"https:\/\/www.webdo.tn\/fr\/wp-json\/wp\/v2\/tags?post=200794"}],"curies":[{"name":"wp","href":"https:\/\/api.w.org\/{rel}","templated":true}]}}