{"id":200765,"date":"2022-12-16T20:02:00","date_gmt":"2022-12-16T20:02:00","guid":{"rendered":"https:\/\/www.webdo.tn\/fr\/blog\/crise-du-lait-la-situation-s-aggrave\/200765\/"},"modified":"2025-05-20T22:46:33","modified_gmt":"2025-05-20T22:46:33","slug":"crise-du-lait-la-situation-s-aggrave","status":"publish","type":"post","link":"https:\/\/www.webdo.tn\/fr\/actualite\/national\/crise-du-lait-la-situation-s-aggrave\/200765\/","title":{"rendered":"Crise du lait : La situation s\u2019aggrave !"},"content":{"rendered":"<p>La fili\u00e8re laiti\u00e8re est en crise. Les quantit\u00e9s de lait collect\u00e9es sont estim\u00e9es \u00e0 1,4 million de litres par jour alors que la consommation quotidienne moyenne est d&rsquo;environ 1,8 million de litres par jour, soit un d\u00e9ficit d&rsquo;environ 400 mille litres, a fait savoir, vendredi, le pr\u00e9sident de la Chambre Syndicale Nationale des Collecteurs de lait, Hamda Aifi.<\/p>\n<p>\t\t\t\t\t\t\t\t\tDans une d\u00e9claration \u00e0 l&rsquo;agence TAP, le responsable a appel\u00e9 le pr\u00e9sident de la R\u00e9publique \u00e0 organiser une r\u00e9union haut niveau qui rassemble tous les acteurs de la fili\u00e8re laiti\u00e8re pour discuter de l&rsquo;avenir de la fili\u00e8re, favoriser sa durabilit\u00e9 et \u00e9viter son effondrement.<\/p>\n<p>\u00ab\u00a0Les quantit\u00e9s collect\u00e9es sont achemin\u00e9es quotidiennement vers le march\u00e9 \u00e0 partir du stock de r\u00e9serve strat\u00e9gique dont le volume a atteint environ 5 millions de litres, contre 40 millions de litres, au cours de la m\u00eame p\u00e9riode de 2021, ceci pourrait conduire \u00e0 un \u00e9puisement du stock et partant aggraver la situation\u00a0\u00bb, pr\u00e9vient le responsable.<\/p>\n<p>Il a expliqu\u00e9, par ailleurs, que la baisse de production est principalement due \u00e0 l\u2019augmentation des prix des fourrages et que face \u00e0 cette situation les \u00e9leveurs se sont trouv\u00e9s contraints de c\u00e9der leurs troupeaux, d\u2019o\u00f9 l&rsquo;apparition de la contrebande de vaches vers l&rsquo;Alg\u00e9rie.<\/p>\n","protected":false},"excerpt":{"rendered":"<p>La fili\u00e8re laiti\u00e8re est en crise. Les quantit\u00e9s de lait collect\u00e9es sont estim\u00e9es \u00e0 1,4 million de litres par jour alors que la consommation quotidienne moyenne&#8230;<\/p>\n","protected":false},"author":3175,"featured_media":252826,"comment_status":"open","ping_status":"closed","sticky":false,"template":"","format":"standard","meta":{"footnotes":""},"categories":[44],"tags":[5618,2608],"class_list":["post-200765","post","type-post","status-publish","format-standard","has-post-thumbnail","hentry","category-national","tag-lait","tag-tunisie"],"yoast_head":"<!-- This site is optimized with the Yoast SEO Premium plugin v27.5 (Yoast SEO v27.5) - https:\/\/yoast.com\/product\/yoast-seo-premium-wordpress\/ -->\n<title>Crise du lait : La situation s\u2019aggrave !<\/title>\n<meta name=\"description\" content=\"La fili\u00e8re laiti\u00e8re est en crise. Les quantit\u00e9s de lait collect\u00e9es sont estim\u00e9es \u00e0 1,4 million de litres par jour alors que la consommation quotidienne moyenne...\" \/>\n<link rel=\"canonical\" href=\"https:\/\/www.webdo.tn\/fr\/actualite\/national\/crise-du-lait-la-situation-s-aggrave\/200765\/\" \/>\n<meta property=\"og:locale\" content=\"fr_FR\" \/>\n<meta property=\"og:type\" content=\"article\" \/>\n<meta property=\"og:title\" content=\"Crise du lait : La situation s\u2019aggrave !\" \/>\n<meta property=\"og:description\" content=\"La fili\u00e8re laiti\u00e8re est en crise. Les quantit\u00e9s de lait collect\u00e9es sont estim\u00e9es \u00e0 1,4 million de litres par jour alors que la consommation quotidienne moyenne...\" \/>\n<meta property=\"og:url\" content=\"https:\/\/www.webdo.tn\/fr\/actualite\/national\/crise-du-lait-la-situation-s-aggrave\/200765\/\" \/>\n<meta property=\"og:site_name\" content=\"webdo\" \/>\n<meta property=\"article:publisher\" content=\"https:\/\/www.facebook.com\/webdotn\" \/>\n<meta property=\"article:published_time\" content=\"2022-12-16T20:02:00+00:00\" \/>\n<meta property=\"article:modified_time\" content=\"2025-05-20T22:46:33+00:00\" \/>\n<meta property=\"og:image\" content=\"https:\/\/www.webdo.tn\/fr\/wp-content\/uploads\/2022\/12\/9758568e3b0cf6ceb603a0f926746c0d.jpg\" \/>\n\t<meta property=\"og:image:width\" content=\"700\" \/>\n\t<meta property=\"og:image:height\" content=\"373\" \/>\n\t<meta property=\"og:image:type\" content=\"image\/jpeg\" \/>\n<meta name=\"author\" content=\"CL\" \/>\n<meta name=\"twitter:card\" content=\"summary_large_image\" \/>\n<meta name=\"twitter:creator\" content=\"@webdo_tn\" \/>\n<meta name=\"twitter:site\" content=\"@webdo_tn\" \/>\n<meta name=\"twitter:label1\" content=\"\u00c9crit par\" \/>\n\t<meta name=\"twitter:data1\" content=\"CL\" \/>\n\t<meta name=\"twitter:label2\" content=\"Dur\u00e9e de lecture estim\u00e9e\" \/>\n\t<meta name=\"twitter:data2\" content=\"1 minute\" \/>\n<script type=\"application\/ld+json\" class=\"yoast-schema-graph\">{\"@context\":\"https:\\\/\\\/schema.org\",\"@graph\":[{\"@type\":\"NewsArticle\",\"@id\":\"https:\\\/\\\/www.webdo.tn\\\/fr\\\/actualite\\\/national\\\/crise-du-lait-la-situation-s-aggrave\\\/200765\\\/#article\",\"isPartOf\":{\"@id\":\"https:\\\/\\\/www.webdo.tn\\\/fr\\\/actualite\\\/national\\\/crise-du-lait-la-situation-s-aggrave\\\/200765\\\/\"},\"author\":{\"name\":\"CL\",\"@id\":\"https:\\\/\\\/www.webdo.tn\\\/fr\\\/#\\\/schema\\\/person\\\/f35b42a42c5e2511bbd282959d6385cc\"},\"headline\":\"Crise du lait : La situation s\u2019aggrave !\",\"datePublished\":\"2022-12-16T20:02:00+00:00\",\"dateModified\":\"2025-05-20T22:46:33+00:00\",\"mainEntityOfPage\":{\"@id\":\"https:\\\/\\\/www.webdo.tn\\\/fr\\\/actualite\\\/national\\\/crise-du-lait-la-situation-s-aggrave\\\/200765\\\/\"},\"wordCount\":228,\"commentCount\":0,\"publisher\":{\"@id\":\"https:\\\/\\\/www.webdo.tn\\\/fr\\\/#organization\"},\"image\":{\"@id\":\"https:\\\/\\\/www.webdo.tn\\\/fr\\\/actualite\\\/national\\\/crise-du-lait-la-situation-s-aggrave\\\/200765\\\/#primaryimage\"},\"thumbnailUrl\":\"https:\\\/\\\/www.webdo.tn\\\/fr\\\/wp-content\\\/uploads\\\/2022\\\/12\\\/9758568e3b0cf6ceb603a0f926746c0d.jpg\",\"keywords\":[\"Lait\",\"Tunisie\"],\"articleSection\":[\"National\"],\"inLanguage\":\"fr-FR\"},{\"@type\":\"WebPage\",\"@id\":\"https:\\\/\\\/www.webdo.tn\\\/fr\\\/actualite\\\/national\\\/crise-du-lait-la-situation-s-aggrave\\\/200765\\\/\",\"url\":\"https:\\\/\\\/www.webdo.tn\\\/fr\\\/actualite\\\/national\\\/crise-du-lait-la-situation-s-aggrave\\\/200765\\\/\",\"name\":\"Crise du lait : La situation s\u2019aggrave !\",\"isPartOf\":{\"@id\":\"https:\\\/\\\/www.webdo.tn\\\/fr\\\/#website\"},\"primaryImageOfPage\":{\"@id\":\"https:\\\/\\\/www.webdo.tn\\\/fr\\\/actualite\\\/national\\\/crise-du-lait-la-situation-s-aggrave\\\/200765\\\/#primaryimage\"},\"image\":{\"@id\":\"https:\\\/\\\/www.webdo.tn\\\/fr\\\/actualite\\\/national\\\/crise-du-lait-la-situation-s-aggrave\\\/200765\\\/#primaryimage\"},\"thumbnailUrl\":\"https:\\\/\\\/www.webdo.tn\\\/fr\\\/wp-content\\\/uploads\\\/2022\\\/12\\\/9758568e3b0cf6ceb603a0f926746c0d.jpg\",\"datePublished\":\"2022-12-16T20:02:00+00:00\",\"dateModified\":\"2025-05-20T22:46:33+00:00\",\"description\":\"La fili\u00e8re laiti\u00e8re est en crise. Les quantit\u00e9s de lait collect\u00e9es sont estim\u00e9es \u00e0 1,4 million de litres par jour alors que la consommation quotidienne moyenne...\",\"breadcrumb\":{\"@id\":\"https:\\\/\\\/www.webdo.tn\\\/fr\\\/actualite\\\/national\\\/crise-du-lait-la-situation-s-aggrave\\\/200765\\\/#breadcrumb\"},\"inLanguage\":\"fr-FR\",\"potentialAction\":[{\"@type\":\"ReadAction\",\"target\":[\"https:\\\/\\\/www.webdo.tn\\\/fr\\\/actualite\\\/national\\\/crise-du-lait-la-situation-s-aggrave\\\/200765\\\/\"]}]},{\"@type\":\"ImageObject\",\"inLanguage\":\"fr-FR\",\"@id\":\"https:\\\/\\\/www.webdo.tn\\\/fr\\\/actualite\\\/national\\\/crise-du-lait-la-situation-s-aggrave\\\/200765\\\/#primaryimage\",\"url\":\"https:\\\/\\\/www.webdo.tn\\\/fr\\\/wp-content\\\/uploads\\\/2022\\\/12\\\/9758568e3b0cf6ceb603a0f926746c0d.jpg\",\"contentUrl\":\"https:\\\/\\\/www.webdo.tn\\\/fr\\\/wp-content\\\/uploads\\\/2022\\\/12\\\/9758568e3b0cf6ceb603a0f926746c0d.jpg\",\"width\":700,\"height\":373,\"caption\":\"Lait\"},{\"@type\":\"BreadcrumbList\",\"@id\":\"https:\\\/\\\/www.webdo.tn\\\/fr\\\/actualite\\\/national\\\/crise-du-lait-la-situation-s-aggrave\\\/200765\\\/#breadcrumb\",\"itemListElement\":[{\"@type\":\"ListItem\",\"position\":1,\"name\":\"Accueil\",\"item\":\"https:\\\/\\\/www.webdo.tn\\\/fr\\\/\"},{\"@type\":\"ListItem\",\"position\":2,\"name\":\"Crise du lait : La situation s\u2019aggrave !\"}]},{\"@type\":\"WebSite\",\"@id\":\"https:\\\/\\\/www.webdo.tn\\\/fr\\\/#website\",\"url\":\"https:\\\/\\\/www.webdo.tn\\\/fr\\\/\",\"name\":\"webdo\",\"description\":\"Tunisie - News en Tunisie et \u00e0 l&#039;international sur Webdo.tn\",\"publisher\":{\"@id\":\"https:\\\/\\\/www.webdo.tn\\\/fr\\\/#organization\"},\"potentialAction\":[{\"@type\":\"SearchAction\",\"target\":{\"@type\":\"EntryPoint\",\"urlTemplate\":\"https:\\\/\\\/www.webdo.tn\\\/fr\\\/?s={search_term_string}\"},\"query-input\":{\"@type\":\"PropertyValueSpecification\",\"valueRequired\":true,\"valueName\":\"search_term_string\"}}],\"inLanguage\":\"fr-FR\"},{\"@type\":\"Organization\",\"@id\":\"https:\\\/\\\/www.webdo.tn\\\/fr\\\/#organization\",\"name\":\"Webdo\",\"alternateName\":\"Webdo.tn\",\"url\":\"https:\\\/\\\/www.webdo.tn\\\/fr\\\/\",\"logo\":{\"@type\":\"ImageObject\",\"inLanguage\":\"fr-FR\",\"@id\":\"https:\\\/\\\/www.webdo.tn\\\/fr\\\/#\\\/schema\\\/logo\\\/image\\\/\",\"url\":\"https:\\\/\\\/www.webdo.tn\\\/fr\\\/wp-content\\\/uploads\\\/2025\\\/06\\\/Webdo-Tunisie_168377.jpg\",\"contentUrl\":\"https:\\\/\\\/www.webdo.tn\\\/fr\\\/wp-content\\\/uploads\\\/2025\\\/06\\\/Webdo-Tunisie_168377.jpg\",\"width\":301,\"height\":301,\"caption\":\"Webdo\"},\"image\":{\"@id\":\"https:\\\/\\\/www.webdo.tn\\\/fr\\\/#\\\/schema\\\/logo\\\/image\\\/\"},\"sameAs\":[\"https:\\\/\\\/www.facebook.com\\\/webdotn\",\"https:\\\/\\\/x.com\\\/webdo_tn\"],\"description\":\"Webdo est un m\u00e9dia num\u00e9rique tunisien fond\u00e9 en 2010, sp\u00e9cialis\u00e9 dans l\u2019actualit\u00e9 nationale et internationale, l\u2019\u00e9conomie, la soci\u00e9t\u00e9 et les analyses politiques. Le site s\u2019adresse \u00e0 un large public francophone et couvre l\u2019information tunisienne en temps r\u00e9el.\",\"email\":\"redac@webdo.tn\",\"legalName\":\"YNJ SARL\",\"foundingDate\":\"2010-09-06\",\"numberOfEmployees\":{\"@type\":\"QuantitativeValue\",\"minValue\":\"11\",\"maxValue\":\"50\"}},{\"@type\":\"Person\",\"@id\":\"https:\\\/\\\/www.webdo.tn\\\/fr\\\/#\\\/schema\\\/person\\\/f35b42a42c5e2511bbd282959d6385cc\",\"name\":\"CL\",\"image\":{\"@type\":\"ImageObject\",\"inLanguage\":\"fr-FR\",\"@id\":\"https:\\\/\\\/secure.gravatar.com\\\/avatar\\\/1447a49909b67aa657c488aec6512e1dd6143a480c1ecfee9b5b5cd74eb3b59e?s=96&d=mm&r=g\",\"url\":\"https:\\\/\\\/secure.gravatar.com\\\/avatar\\\/1447a49909b67aa657c488aec6512e1dd6143a480c1ecfee9b5b5cd74eb3b59e?s=96&d=mm&r=g\",\"contentUrl\":\"https:\\\/\\\/secure.gravatar.com\\\/avatar\\\/1447a49909b67aa657c488aec6512e1dd6143a480c1ecfee9b5b5cd74eb3b59e?s=96&d=mm&r=g\",\"caption\":\"CL\"},\"url\":\"https:\\\/\\\/www.webdo.tn\\\/fr\\\/actualite\\\/author\\\/cl\\\/\"}]}<\/script>\n<!-- \/ Yoast SEO Premium plugin. -->","yoast_head_json":{"title":"Crise du lait : La situation s\u2019aggrave !","description":"La fili\u00e8re laiti\u00e8re est en crise. Les quantit\u00e9s de lait collect\u00e9es sont estim\u00e9es \u00e0 1,4 million de litres par jour alors que la consommation quotidienne moyenne...","canonical":"https:\/\/www.webdo.tn\/fr\/actualite\/national\/crise-du-lait-la-situation-s-aggrave\/200765\/","og_locale":"fr_FR","og_type":"article","og_title":"Crise du lait : La situation s\u2019aggrave !","og_description":"La fili\u00e8re laiti\u00e8re est en crise. Les quantit\u00e9s de lait collect\u00e9es sont estim\u00e9es \u00e0 1,4 million de litres par jour alors que la consommation quotidienne moyenne...","og_url":"https:\/\/www.webdo.tn\/fr\/actualite\/national\/crise-du-lait-la-situation-s-aggrave\/200765\/","og_site_name":"webdo","article_publisher":"https:\/\/www.facebook.com\/webdotn","article_published_time":"2022-12-16T20:02:00+00:00","article_modified_time":"2025-05-20T22:46:33+00:00","og_image":[{"width":700,"height":373,"url":"https:\/\/www.webdo.tn\/fr\/wp-content\/uploads\/2022\/12\/9758568e3b0cf6ceb603a0f926746c0d.jpg","type":"image\/jpeg"}],"author":"CL","twitter_card":"summary_large_image","twitter_creator":"@webdo_tn","twitter_site":"@webdo_tn","twitter_misc":{"\u00c9crit par":"CL","Dur\u00e9e de lecture estim\u00e9e":"1 minute"},"schema":{"@context":"https:\/\/schema.org","@graph":[{"@type":"NewsArticle","@id":"https:\/\/www.webdo.tn\/fr\/actualite\/national\/crise-du-lait-la-situation-s-aggrave\/200765\/#article","isPartOf":{"@id":"https:\/\/www.webdo.tn\/fr\/actualite\/national\/crise-du-lait-la-situation-s-aggrave\/200765\/"},"author":{"name":"CL","@id":"https:\/\/www.webdo.tn\/fr\/#\/schema\/person\/f35b42a42c5e2511bbd282959d6385cc"},"headline":"Crise du lait : La situation s\u2019aggrave !","datePublished":"2022-12-16T20:02:00+00:00","dateModified":"2025-05-20T22:46:33+00:00","mainEntityOfPage":{"@id":"https:\/\/www.webdo.tn\/fr\/actualite\/national\/crise-du-lait-la-situation-s-aggrave\/200765\/"},"wordCount":228,"commentCount":0,"publisher":{"@id":"https:\/\/www.webdo.tn\/fr\/#organization"},"image":{"@id":"https:\/\/www.webdo.tn\/fr\/actualite\/national\/crise-du-lait-la-situation-s-aggrave\/200765\/#primaryimage"},"thumbnailUrl":"https:\/\/www.webdo.tn\/fr\/wp-content\/uploads\/2022\/12\/9758568e3b0cf6ceb603a0f926746c0d.jpg","keywords":["Lait","Tunisie"],"articleSection":["National"],"inLanguage":"fr-FR"},{"@type":"WebPage","@id":"https:\/\/www.webdo.tn\/fr\/actualite\/national\/crise-du-lait-la-situation-s-aggrave\/200765\/","url":"https:\/\/www.webdo.tn\/fr\/actualite\/national\/crise-du-lait-la-situation-s-aggrave\/200765\/","name":"Crise du lait : La situation s\u2019aggrave !","isPartOf":{"@id":"https:\/\/www.webdo.tn\/fr\/#website"},"primaryImageOfPage":{"@id":"https:\/\/www.webdo.tn\/fr\/actualite\/national\/crise-du-lait-la-situation-s-aggrave\/200765\/#primaryimage"},"image":{"@id":"https:\/\/www.webdo.tn\/fr\/actualite\/national\/crise-du-lait-la-situation-s-aggrave\/200765\/#primaryimage"},"thumbnailUrl":"https:\/\/www.webdo.tn\/fr\/wp-content\/uploads\/2022\/12\/9758568e3b0cf6ceb603a0f926746c0d.jpg","datePublished":"2022-12-16T20:02:00+00:00","dateModified":"2025-05-20T22:46:33+00:00","description":"La fili\u00e8re laiti\u00e8re est en crise. Les quantit\u00e9s de lait collect\u00e9es sont estim\u00e9es \u00e0 1,4 million de litres par jour alors que la consommation quotidienne moyenne...","breadcrumb":{"@id":"https:\/\/www.webdo.tn\/fr\/actualite\/national\/crise-du-lait-la-situation-s-aggrave\/200765\/#breadcrumb"},"inLanguage":"fr-FR","potentialAction":[{"@type":"ReadAction","target":["https:\/\/www.webdo.tn\/fr\/actualite\/national\/crise-du-lait-la-situation-s-aggrave\/200765\/"]}]},{"@type":"ImageObject","inLanguage":"fr-FR","@id":"https:\/\/www.webdo.tn\/fr\/actualite\/national\/crise-du-lait-la-situation-s-aggrave\/200765\/#primaryimage","url":"https:\/\/www.webdo.tn\/fr\/wp-content\/uploads\/2022\/12\/9758568e3b0cf6ceb603a0f926746c0d.jpg","contentUrl":"https:\/\/www.webdo.tn\/fr\/wp-content\/uploads\/2022\/12\/9758568e3b0cf6ceb603a0f926746c0d.jpg","width":700,"height":373,"caption":"Lait"},{"@type":"BreadcrumbList","@id":"https:\/\/www.webdo.tn\/fr\/actualite\/national\/crise-du-lait-la-situation-s-aggrave\/200765\/#breadcrumb","itemListElement":[{"@type":"ListItem","position":1,"name":"Accueil","item":"https:\/\/www.webdo.tn\/fr\/"},{"@type":"ListItem","position":2,"name":"Crise du lait : La situation s\u2019aggrave !"}]},{"@type":"WebSite","@id":"https:\/\/www.webdo.tn\/fr\/#website","url":"https:\/\/www.webdo.tn\/fr\/","name":"webdo","description":"Tunisie - News en Tunisie et \u00e0 l&#039;international sur Webdo.tn","publisher":{"@id":"https:\/\/www.webdo.tn\/fr\/#organization"},"potentialAction":[{"@type":"SearchAction","target":{"@type":"EntryPoint","urlTemplate":"https:\/\/www.webdo.tn\/fr\/?s={search_term_string}"},"query-input":{"@type":"PropertyValueSpecification","valueRequired":true,"valueName":"search_term_string"}}],"inLanguage":"fr-FR"},{"@type":"Organization","@id":"https:\/\/www.webdo.tn\/fr\/#organization","name":"Webdo","alternateName":"Webdo.tn","url":"https:\/\/www.webdo.tn\/fr\/","logo":{"@type":"ImageObject","inLanguage":"fr-FR","@id":"https:\/\/www.webdo.tn\/fr\/#\/schema\/logo\/image\/","url":"https:\/\/www.webdo.tn\/fr\/wp-content\/uploads\/2025\/06\/Webdo-Tunisie_168377.jpg","contentUrl":"https:\/\/www.webdo.tn\/fr\/wp-content\/uploads\/2025\/06\/Webdo-Tunisie_168377.jpg","width":301,"height":301,"caption":"Webdo"},"image":{"@id":"https:\/\/www.webdo.tn\/fr\/#\/schema\/logo\/image\/"},"sameAs":["https:\/\/www.facebook.com\/webdotn","https:\/\/x.com\/webdo_tn"],"description":"Webdo est un m\u00e9dia num\u00e9rique tunisien fond\u00e9 en 2010, sp\u00e9cialis\u00e9 dans l\u2019actualit\u00e9 nationale et internationale, l\u2019\u00e9conomie, la soci\u00e9t\u00e9 et les analyses politiques. Le site s\u2019adresse \u00e0 un large public francophone et couvre l\u2019information tunisienne en temps r\u00e9el.","email":"redac@webdo.tn","legalName":"YNJ SARL","foundingDate":"2010-09-06","numberOfEmployees":{"@type":"QuantitativeValue","minValue":"11","maxValue":"50"}},{"@type":"Person","@id":"https:\/\/www.webdo.tn\/fr\/#\/schema\/person\/f35b42a42c5e2511bbd282959d6385cc","name":"CL","image":{"@type":"ImageObject","inLanguage":"fr-FR","@id":"https:\/\/secure.gravatar.com\/avatar\/1447a49909b67aa657c488aec6512e1dd6143a480c1ecfee9b5b5cd74eb3b59e?s=96&d=mm&r=g","url":"https:\/\/secure.gravatar.com\/avatar\/1447a49909b67aa657c488aec6512e1dd6143a480c1ecfee9b5b5cd74eb3b59e?s=96&d=mm&r=g","contentUrl":"https:\/\/secure.gravatar.com\/avatar\/1447a49909b67aa657c488aec6512e1dd6143a480c1ecfee9b5b5cd74eb3b59e?s=96&d=mm&r=g","caption":"CL"},"url":"https:\/\/www.webdo.tn\/fr\/actualite\/author\/cl\/"}]}},"_links":{"self":[{"href":"https:\/\/www.webdo.tn\/fr\/wp-json\/wp\/v2\/posts\/200765","targetHints":{"allow":["GET"]}}],"collection":[{"href":"https:\/\/www.webdo.tn\/fr\/wp-json\/wp\/v2\/posts"}],"about":[{"href":"https:\/\/www.webdo.tn\/fr\/wp-json\/wp\/v2\/types\/post"}],"author":[{"embeddable":true,"href":"https:\/\/www.webdo.tn\/fr\/wp-json\/wp\/v2\/users\/3175"}],"replies":[{"embeddable":true,"href":"https:\/\/www.webdo.tn\/fr\/wp-json\/wp\/v2\/comments?post=200765"}],"version-history":[{"count":0,"href":"https:\/\/www.webdo.tn\/fr\/wp-json\/wp\/v2\/posts\/200765\/revisions"}],"wp:featuredmedia":[{"embeddable":true,"href":"https:\/\/www.webdo.tn\/fr\/wp-json\/wp\/v2\/media\/252826"}],"wp:attachment":[{"href":"https:\/\/www.webdo.tn\/fr\/wp-json\/wp\/v2\/media?parent=200765"}],"wp:term":[{"taxonomy":"category","embeddable":true,"href":"https:\/\/www.webdo.tn\/fr\/wp-json\/wp\/v2\/categories?post=200765"},{"taxonomy":"post_tag","embeddable":true,"href":"https:\/\/www.webdo.tn\/fr\/wp-json\/wp\/v2\/tags?post=200765"}],"curies":[{"name":"wp","href":"https:\/\/api.w.org\/{rel}","templated":true}]}}