{"id":200762,"date":"2022-12-16T19:19:00","date_gmt":"2022-12-16T19:19:00","guid":{"rendered":"https:\/\/www.webdo.tn\/fr\/blog\/le-conseil-superieur-de-l-education-au-coeur-d-un-conseil-ministeriel\/200762\/"},"modified":"2025-05-20T22:46:32","modified_gmt":"2025-05-20T22:46:32","slug":"le-conseil-superieur-de-l-education-au-coeur-d-un-conseil-ministeriel","status":"publish","type":"post","link":"https:\/\/www.webdo.tn\/fr\/actualite\/national\/le-conseil-superieur-de-l-education-au-coeur-d-un-conseil-ministeriel\/200762\/","title":{"rendered":"Le conseil sup\u00e9rieur de l&rsquo;\u00e9ducation au c\u0153ur d\u2019un conseil minist\u00e9riel"},"content":{"rendered":"<p>Un conseil minist\u00e9riel a \u00e9t\u00e9 organis\u00e9 vendredi au palais de la Kasbah sous la pr\u00e9sidence de la cheffe du gouvernement Najla Bouden, ax\u00e9 sur le projet de d\u00e9cret portant cr\u00e9ation du conseil sup\u00e9rieur de l&rsquo;\u00e9ducation.<\/p>\n<p>Selon un communiqu\u00e9 de la pr\u00e9sidence du gouvernement la r\u00e9union a \u00e9t\u00e9 consacr\u00e9e \u00e0 l&rsquo;examen des propositions des ministres de l&rsquo;\u00e9ducation, de l&rsquo;enseignement sup\u00e9rieur et de la recherche scientifique, des affaires religieuses, de l&#8217;emploi et de la formation professionnelle, de l&rsquo;\u00e9conomie et de la planification et ce dans le cadre de l&rsquo;\u00e9laboration du projet du d\u00e9cret portant cr\u00e9ation du conseil sup\u00e9rieur de l&rsquo;\u00e9ducation.\u00a0<\/p>\n<p>Ont particip\u00e9 \u00e0 la r\u00e9union notamment les ministres de l&rsquo;\u00e9ducation, Fathi Sellaouti, et de l&rsquo;enseignement sup\u00e9rieur, Moncef Boukthir, ainsi que des repr\u00e9sentants de la pr\u00e9sidence du gouvernement dont Ammar Mlaouh, conseiller juridique aupr\u00e8s de la cheffe du gouvernement.<\/p>\n","protected":false},"excerpt":{"rendered":"<p>Un conseil minist\u00e9riel a \u00e9t\u00e9 organis\u00e9 vendredi au palais de la Kasbah sous la pr\u00e9sidence de la cheffe du gouvernement Najla Bouden, ax\u00e9 sur le projet de d\u00e9cret&#8230;<\/p>\n","protected":false},"author":3175,"featured_media":252823,"comment_status":"open","ping_status":"closed","sticky":false,"template":"","format":"standard","meta":{"footnotes":""},"categories":[44],"tags":[2634,2608],"class_list":["post-200762","post","type-post","status-publish","format-standard","has-post-thumbnail","hentry","category-national","tag-education","tag-tunisie"],"yoast_head":"<!-- This site is optimized with the Yoast SEO Premium plugin v27.4 (Yoast SEO v27.5) - https:\/\/yoast.com\/product\/yoast-seo-premium-wordpress\/ -->\n<title>Le conseil sup\u00e9rieur de l&#039;\u00e9ducation au c\u0153ur d\u2019un conseil minist\u00e9riel<\/title>\n<meta name=\"description\" content=\"Un conseil minist\u00e9riel a \u00e9t\u00e9 organis\u00e9 vendredi au palais de la Kasbah sous la pr\u00e9sidence de la cheffe du gouvernement Najla Bouden, ax\u00e9 sur le projet de d\u00e9cret...\" \/>\n<link rel=\"canonical\" href=\"https:\/\/www.webdo.tn\/fr\/actualite\/national\/le-conseil-superieur-de-l-education-au-coeur-d-un-conseil-ministeriel\/200762\/\" \/>\n<meta property=\"og:locale\" content=\"fr_FR\" \/>\n<meta property=\"og:type\" content=\"article\" \/>\n<meta property=\"og:title\" content=\"Le conseil sup\u00e9rieur de l&#039;\u00e9ducation au c\u0153ur d\u2019un conseil minist\u00e9riel\" \/>\n<meta property=\"og:description\" content=\"Un conseil minist\u00e9riel a \u00e9t\u00e9 organis\u00e9 vendredi au palais de la Kasbah sous la pr\u00e9sidence de la cheffe du gouvernement Najla Bouden, ax\u00e9 sur le projet de d\u00e9cret...\" \/>\n<meta property=\"og:url\" content=\"https:\/\/www.webdo.tn\/fr\/actualite\/national\/le-conseil-superieur-de-l-education-au-coeur-d-un-conseil-ministeriel\/200762\/\" \/>\n<meta property=\"og:site_name\" content=\"webdo\" \/>\n<meta property=\"article:publisher\" content=\"https:\/\/www.facebook.com\/webdotn\" \/>\n<meta property=\"article:published_time\" content=\"2022-12-16T19:19:00+00:00\" \/>\n<meta property=\"article:modified_time\" content=\"2025-05-20T22:46:32+00:00\" \/>\n<meta property=\"og:image\" content=\"https:\/\/www.webdo.tn\/fr\/wp-content\/uploads\/2022\/12\/da25592b98cbc885c58c5e033644b7a7.jpg\" \/>\n\t<meta property=\"og:image:width\" content=\"750\" \/>\n\t<meta property=\"og:image:height\" content=\"400\" \/>\n\t<meta property=\"og:image:type\" content=\"image\/jpeg\" \/>\n<meta name=\"author\" content=\"CL\" \/>\n<meta name=\"twitter:card\" content=\"summary_large_image\" \/>\n<meta name=\"twitter:creator\" content=\"@webdo_tn\" \/>\n<meta name=\"twitter:site\" content=\"@webdo_tn\" \/>\n<meta name=\"twitter:label1\" content=\"\u00c9crit par\" \/>\n\t<meta name=\"twitter:data1\" content=\"CL\" \/>\n\t<meta name=\"twitter:label2\" content=\"Dur\u00e9e de lecture estim\u00e9e\" \/>\n\t<meta name=\"twitter:data2\" content=\"1 minute\" \/>\n<script type=\"application\/ld+json\" class=\"yoast-schema-graph\">{\"@context\":\"https:\\\/\\\/schema.org\",\"@graph\":[{\"@type\":\"NewsArticle\",\"@id\":\"https:\\\/\\\/www.webdo.tn\\\/fr\\\/actualite\\\/national\\\/le-conseil-superieur-de-l-education-au-coeur-d-un-conseil-ministeriel\\\/200762\\\/#article\",\"isPartOf\":{\"@id\":\"https:\\\/\\\/www.webdo.tn\\\/fr\\\/actualite\\\/national\\\/le-conseil-superieur-de-l-education-au-coeur-d-un-conseil-ministeriel\\\/200762\\\/\"},\"author\":{\"name\":\"CL\",\"@id\":\"https:\\\/\\\/www.webdo.tn\\\/fr\\\/#\\\/schema\\\/person\\\/f35b42a42c5e2511bbd282959d6385cc\"},\"headline\":\"Le conseil sup\u00e9rieur de l&rsquo;\u00e9ducation au c\u0153ur d\u2019un conseil minist\u00e9riel\",\"datePublished\":\"2022-12-16T19:19:00+00:00\",\"dateModified\":\"2025-05-20T22:46:32+00:00\",\"mainEntityOfPage\":{\"@id\":\"https:\\\/\\\/www.webdo.tn\\\/fr\\\/actualite\\\/national\\\/le-conseil-superieur-de-l-education-au-coeur-d-un-conseil-ministeriel\\\/200762\\\/\"},\"wordCount\":176,\"commentCount\":0,\"publisher\":{\"@id\":\"https:\\\/\\\/www.webdo.tn\\\/fr\\\/#organization\"},\"image\":{\"@id\":\"https:\\\/\\\/www.webdo.tn\\\/fr\\\/actualite\\\/national\\\/le-conseil-superieur-de-l-education-au-coeur-d-un-conseil-ministeriel\\\/200762\\\/#primaryimage\"},\"thumbnailUrl\":\"https:\\\/\\\/www.webdo.tn\\\/fr\\\/wp-content\\\/uploads\\\/2022\\\/12\\\/da25592b98cbc885c58c5e033644b7a7.jpg\",\"keywords\":[\"\u00e9ducation\",\"Tunisie\"],\"articleSection\":[\"National\"],\"inLanguage\":\"fr-FR\"},{\"@type\":\"WebPage\",\"@id\":\"https:\\\/\\\/www.webdo.tn\\\/fr\\\/actualite\\\/national\\\/le-conseil-superieur-de-l-education-au-coeur-d-un-conseil-ministeriel\\\/200762\\\/\",\"url\":\"https:\\\/\\\/www.webdo.tn\\\/fr\\\/actualite\\\/national\\\/le-conseil-superieur-de-l-education-au-coeur-d-un-conseil-ministeriel\\\/200762\\\/\",\"name\":\"Le conseil sup\u00e9rieur de l'\u00e9ducation au c\u0153ur d\u2019un conseil minist\u00e9riel\",\"isPartOf\":{\"@id\":\"https:\\\/\\\/www.webdo.tn\\\/fr\\\/#website\"},\"primaryImageOfPage\":{\"@id\":\"https:\\\/\\\/www.webdo.tn\\\/fr\\\/actualite\\\/national\\\/le-conseil-superieur-de-l-education-au-coeur-d-un-conseil-ministeriel\\\/200762\\\/#primaryimage\"},\"image\":{\"@id\":\"https:\\\/\\\/www.webdo.tn\\\/fr\\\/actualite\\\/national\\\/le-conseil-superieur-de-l-education-au-coeur-d-un-conseil-ministeriel\\\/200762\\\/#primaryimage\"},\"thumbnailUrl\":\"https:\\\/\\\/www.webdo.tn\\\/fr\\\/wp-content\\\/uploads\\\/2022\\\/12\\\/da25592b98cbc885c58c5e033644b7a7.jpg\",\"datePublished\":\"2022-12-16T19:19:00+00:00\",\"dateModified\":\"2025-05-20T22:46:32+00:00\",\"description\":\"Un conseil minist\u00e9riel a \u00e9t\u00e9 organis\u00e9 vendredi au palais de la Kasbah sous la pr\u00e9sidence de la cheffe du gouvernement Najla Bouden, ax\u00e9 sur le projet de d\u00e9cret...\",\"breadcrumb\":{\"@id\":\"https:\\\/\\\/www.webdo.tn\\\/fr\\\/actualite\\\/national\\\/le-conseil-superieur-de-l-education-au-coeur-d-un-conseil-ministeriel\\\/200762\\\/#breadcrumb\"},\"inLanguage\":\"fr-FR\",\"potentialAction\":[{\"@type\":\"ReadAction\",\"target\":[\"https:\\\/\\\/www.webdo.tn\\\/fr\\\/actualite\\\/national\\\/le-conseil-superieur-de-l-education-au-coeur-d-un-conseil-ministeriel\\\/200762\\\/\"]}]},{\"@type\":\"ImageObject\",\"inLanguage\":\"fr-FR\",\"@id\":\"https:\\\/\\\/www.webdo.tn\\\/fr\\\/actualite\\\/national\\\/le-conseil-superieur-de-l-education-au-coeur-d-un-conseil-ministeriel\\\/200762\\\/#primaryimage\",\"url\":\"https:\\\/\\\/www.webdo.tn\\\/fr\\\/wp-content\\\/uploads\\\/2022\\\/12\\\/da25592b98cbc885c58c5e033644b7a7.jpg\",\"contentUrl\":\"https:\\\/\\\/www.webdo.tn\\\/fr\\\/wp-content\\\/uploads\\\/2022\\\/12\\\/da25592b98cbc885c58c5e033644b7a7.jpg\",\"width\":750,\"height\":400,\"caption\":\"Conseil minist\u00e9riel\"},{\"@type\":\"BreadcrumbList\",\"@id\":\"https:\\\/\\\/www.webdo.tn\\\/fr\\\/actualite\\\/national\\\/le-conseil-superieur-de-l-education-au-coeur-d-un-conseil-ministeriel\\\/200762\\\/#breadcrumb\",\"itemListElement\":[{\"@type\":\"ListItem\",\"position\":1,\"name\":\"Accueil\",\"item\":\"https:\\\/\\\/www.webdo.tn\\\/fr\\\/\"},{\"@type\":\"ListItem\",\"position\":2,\"name\":\"Le conseil sup\u00e9rieur de l&#8217;\u00e9ducation au c\u0153ur d\u2019un conseil minist\u00e9riel\"}]},{\"@type\":\"WebSite\",\"@id\":\"https:\\\/\\\/www.webdo.tn\\\/fr\\\/#website\",\"url\":\"https:\\\/\\\/www.webdo.tn\\\/fr\\\/\",\"name\":\"webdo\",\"description\":\"Tunisie - News en Tunisie et \u00e0 l&#039;international sur Webdo.tn\",\"publisher\":{\"@id\":\"https:\\\/\\\/www.webdo.tn\\\/fr\\\/#organization\"},\"potentialAction\":[{\"@type\":\"SearchAction\",\"target\":{\"@type\":\"EntryPoint\",\"urlTemplate\":\"https:\\\/\\\/www.webdo.tn\\\/fr\\\/?s={search_term_string}\"},\"query-input\":{\"@type\":\"PropertyValueSpecification\",\"valueRequired\":true,\"valueName\":\"search_term_string\"}}],\"inLanguage\":\"fr-FR\"},{\"@type\":\"Organization\",\"@id\":\"https:\\\/\\\/www.webdo.tn\\\/fr\\\/#organization\",\"name\":\"Webdo\",\"alternateName\":\"Webdo.tn\",\"url\":\"https:\\\/\\\/www.webdo.tn\\\/fr\\\/\",\"logo\":{\"@type\":\"ImageObject\",\"inLanguage\":\"fr-FR\",\"@id\":\"https:\\\/\\\/www.webdo.tn\\\/fr\\\/#\\\/schema\\\/logo\\\/image\\\/\",\"url\":\"https:\\\/\\\/www.webdo.tn\\\/fr\\\/wp-content\\\/uploads\\\/2025\\\/06\\\/Webdo-Tunisie_168377.jpg\",\"contentUrl\":\"https:\\\/\\\/www.webdo.tn\\\/fr\\\/wp-content\\\/uploads\\\/2025\\\/06\\\/Webdo-Tunisie_168377.jpg\",\"width\":301,\"height\":301,\"caption\":\"Webdo\"},\"image\":{\"@id\":\"https:\\\/\\\/www.webdo.tn\\\/fr\\\/#\\\/schema\\\/logo\\\/image\\\/\"},\"sameAs\":[\"https:\\\/\\\/www.facebook.com\\\/webdotn\",\"https:\\\/\\\/x.com\\\/webdo_tn\"],\"description\":\"Webdo est un m\u00e9dia num\u00e9rique tunisien fond\u00e9 en 2010, sp\u00e9cialis\u00e9 dans l\u2019actualit\u00e9 nationale et internationale, l\u2019\u00e9conomie, la soci\u00e9t\u00e9 et les analyses politiques. Le site s\u2019adresse \u00e0 un large public francophone et couvre l\u2019information tunisienne en temps r\u00e9el.\",\"email\":\"redac@webdo.tn\",\"legalName\":\"YNJ SARL\",\"foundingDate\":\"2010-09-06\",\"numberOfEmployees\":{\"@type\":\"QuantitativeValue\",\"minValue\":\"11\",\"maxValue\":\"50\"}},{\"@type\":\"Person\",\"@id\":\"https:\\\/\\\/www.webdo.tn\\\/fr\\\/#\\\/schema\\\/person\\\/f35b42a42c5e2511bbd282959d6385cc\",\"name\":\"CL\",\"image\":{\"@type\":\"ImageObject\",\"inLanguage\":\"fr-FR\",\"@id\":\"https:\\\/\\\/secure.gravatar.com\\\/avatar\\\/1447a49909b67aa657c488aec6512e1dd6143a480c1ecfee9b5b5cd74eb3b59e?s=96&d=mm&r=g\",\"url\":\"https:\\\/\\\/secure.gravatar.com\\\/avatar\\\/1447a49909b67aa657c488aec6512e1dd6143a480c1ecfee9b5b5cd74eb3b59e?s=96&d=mm&r=g\",\"contentUrl\":\"https:\\\/\\\/secure.gravatar.com\\\/avatar\\\/1447a49909b67aa657c488aec6512e1dd6143a480c1ecfee9b5b5cd74eb3b59e?s=96&d=mm&r=g\",\"caption\":\"CL\"},\"url\":\"https:\\\/\\\/www.webdo.tn\\\/fr\\\/actualite\\\/author\\\/cl\\\/\"}]}<\/script>\n<!-- \/ Yoast SEO Premium plugin. -->","yoast_head_json":{"title":"Le conseil sup\u00e9rieur de l'\u00e9ducation au c\u0153ur d\u2019un conseil minist\u00e9riel","description":"Un conseil minist\u00e9riel a \u00e9t\u00e9 organis\u00e9 vendredi au palais de la Kasbah sous la pr\u00e9sidence de la cheffe du gouvernement Najla Bouden, ax\u00e9 sur le projet de d\u00e9cret...","canonical":"https:\/\/www.webdo.tn\/fr\/actualite\/national\/le-conseil-superieur-de-l-education-au-coeur-d-un-conseil-ministeriel\/200762\/","og_locale":"fr_FR","og_type":"article","og_title":"Le conseil sup\u00e9rieur de l'\u00e9ducation au c\u0153ur d\u2019un conseil minist\u00e9riel","og_description":"Un conseil minist\u00e9riel a \u00e9t\u00e9 organis\u00e9 vendredi au palais de la Kasbah sous la pr\u00e9sidence de la cheffe du gouvernement Najla Bouden, ax\u00e9 sur le projet de d\u00e9cret...","og_url":"https:\/\/www.webdo.tn\/fr\/actualite\/national\/le-conseil-superieur-de-l-education-au-coeur-d-un-conseil-ministeriel\/200762\/","og_site_name":"webdo","article_publisher":"https:\/\/www.facebook.com\/webdotn","article_published_time":"2022-12-16T19:19:00+00:00","article_modified_time":"2025-05-20T22:46:32+00:00","og_image":[{"width":750,"height":400,"url":"https:\/\/www.webdo.tn\/fr\/wp-content\/uploads\/2022\/12\/da25592b98cbc885c58c5e033644b7a7.jpg","type":"image\/jpeg"}],"author":"CL","twitter_card":"summary_large_image","twitter_creator":"@webdo_tn","twitter_site":"@webdo_tn","twitter_misc":{"\u00c9crit par":"CL","Dur\u00e9e de lecture estim\u00e9e":"1 minute"},"schema":{"@context":"https:\/\/schema.org","@graph":[{"@type":"NewsArticle","@id":"https:\/\/www.webdo.tn\/fr\/actualite\/national\/le-conseil-superieur-de-l-education-au-coeur-d-un-conseil-ministeriel\/200762\/#article","isPartOf":{"@id":"https:\/\/www.webdo.tn\/fr\/actualite\/national\/le-conseil-superieur-de-l-education-au-coeur-d-un-conseil-ministeriel\/200762\/"},"author":{"name":"CL","@id":"https:\/\/www.webdo.tn\/fr\/#\/schema\/person\/f35b42a42c5e2511bbd282959d6385cc"},"headline":"Le conseil sup\u00e9rieur de l&rsquo;\u00e9ducation au c\u0153ur d\u2019un conseil minist\u00e9riel","datePublished":"2022-12-16T19:19:00+00:00","dateModified":"2025-05-20T22:46:32+00:00","mainEntityOfPage":{"@id":"https:\/\/www.webdo.tn\/fr\/actualite\/national\/le-conseil-superieur-de-l-education-au-coeur-d-un-conseil-ministeriel\/200762\/"},"wordCount":176,"commentCount":0,"publisher":{"@id":"https:\/\/www.webdo.tn\/fr\/#organization"},"image":{"@id":"https:\/\/www.webdo.tn\/fr\/actualite\/national\/le-conseil-superieur-de-l-education-au-coeur-d-un-conseil-ministeriel\/200762\/#primaryimage"},"thumbnailUrl":"https:\/\/www.webdo.tn\/fr\/wp-content\/uploads\/2022\/12\/da25592b98cbc885c58c5e033644b7a7.jpg","keywords":["\u00e9ducation","Tunisie"],"articleSection":["National"],"inLanguage":"fr-FR"},{"@type":"WebPage","@id":"https:\/\/www.webdo.tn\/fr\/actualite\/national\/le-conseil-superieur-de-l-education-au-coeur-d-un-conseil-ministeriel\/200762\/","url":"https:\/\/www.webdo.tn\/fr\/actualite\/national\/le-conseil-superieur-de-l-education-au-coeur-d-un-conseil-ministeriel\/200762\/","name":"Le conseil sup\u00e9rieur de l'\u00e9ducation au c\u0153ur d\u2019un conseil minist\u00e9riel","isPartOf":{"@id":"https:\/\/www.webdo.tn\/fr\/#website"},"primaryImageOfPage":{"@id":"https:\/\/www.webdo.tn\/fr\/actualite\/national\/le-conseil-superieur-de-l-education-au-coeur-d-un-conseil-ministeriel\/200762\/#primaryimage"},"image":{"@id":"https:\/\/www.webdo.tn\/fr\/actualite\/national\/le-conseil-superieur-de-l-education-au-coeur-d-un-conseil-ministeriel\/200762\/#primaryimage"},"thumbnailUrl":"https:\/\/www.webdo.tn\/fr\/wp-content\/uploads\/2022\/12\/da25592b98cbc885c58c5e033644b7a7.jpg","datePublished":"2022-12-16T19:19:00+00:00","dateModified":"2025-05-20T22:46:32+00:00","description":"Un conseil minist\u00e9riel a \u00e9t\u00e9 organis\u00e9 vendredi au palais de la Kasbah sous la pr\u00e9sidence de la cheffe du gouvernement Najla Bouden, ax\u00e9 sur le projet de d\u00e9cret...","breadcrumb":{"@id":"https:\/\/www.webdo.tn\/fr\/actualite\/national\/le-conseil-superieur-de-l-education-au-coeur-d-un-conseil-ministeriel\/200762\/#breadcrumb"},"inLanguage":"fr-FR","potentialAction":[{"@type":"ReadAction","target":["https:\/\/www.webdo.tn\/fr\/actualite\/national\/le-conseil-superieur-de-l-education-au-coeur-d-un-conseil-ministeriel\/200762\/"]}]},{"@type":"ImageObject","inLanguage":"fr-FR","@id":"https:\/\/www.webdo.tn\/fr\/actualite\/national\/le-conseil-superieur-de-l-education-au-coeur-d-un-conseil-ministeriel\/200762\/#primaryimage","url":"https:\/\/www.webdo.tn\/fr\/wp-content\/uploads\/2022\/12\/da25592b98cbc885c58c5e033644b7a7.jpg","contentUrl":"https:\/\/www.webdo.tn\/fr\/wp-content\/uploads\/2022\/12\/da25592b98cbc885c58c5e033644b7a7.jpg","width":750,"height":400,"caption":"Conseil minist\u00e9riel"},{"@type":"BreadcrumbList","@id":"https:\/\/www.webdo.tn\/fr\/actualite\/national\/le-conseil-superieur-de-l-education-au-coeur-d-un-conseil-ministeriel\/200762\/#breadcrumb","itemListElement":[{"@type":"ListItem","position":1,"name":"Accueil","item":"https:\/\/www.webdo.tn\/fr\/"},{"@type":"ListItem","position":2,"name":"Le conseil sup\u00e9rieur de l&#8217;\u00e9ducation au c\u0153ur d\u2019un conseil minist\u00e9riel"}]},{"@type":"WebSite","@id":"https:\/\/www.webdo.tn\/fr\/#website","url":"https:\/\/www.webdo.tn\/fr\/","name":"webdo","description":"Tunisie - News en Tunisie et \u00e0 l&#039;international sur Webdo.tn","publisher":{"@id":"https:\/\/www.webdo.tn\/fr\/#organization"},"potentialAction":[{"@type":"SearchAction","target":{"@type":"EntryPoint","urlTemplate":"https:\/\/www.webdo.tn\/fr\/?s={search_term_string}"},"query-input":{"@type":"PropertyValueSpecification","valueRequired":true,"valueName":"search_term_string"}}],"inLanguage":"fr-FR"},{"@type":"Organization","@id":"https:\/\/www.webdo.tn\/fr\/#organization","name":"Webdo","alternateName":"Webdo.tn","url":"https:\/\/www.webdo.tn\/fr\/","logo":{"@type":"ImageObject","inLanguage":"fr-FR","@id":"https:\/\/www.webdo.tn\/fr\/#\/schema\/logo\/image\/","url":"https:\/\/www.webdo.tn\/fr\/wp-content\/uploads\/2025\/06\/Webdo-Tunisie_168377.jpg","contentUrl":"https:\/\/www.webdo.tn\/fr\/wp-content\/uploads\/2025\/06\/Webdo-Tunisie_168377.jpg","width":301,"height":301,"caption":"Webdo"},"image":{"@id":"https:\/\/www.webdo.tn\/fr\/#\/schema\/logo\/image\/"},"sameAs":["https:\/\/www.facebook.com\/webdotn","https:\/\/x.com\/webdo_tn"],"description":"Webdo est un m\u00e9dia num\u00e9rique tunisien fond\u00e9 en 2010, sp\u00e9cialis\u00e9 dans l\u2019actualit\u00e9 nationale et internationale, l\u2019\u00e9conomie, la soci\u00e9t\u00e9 et les analyses politiques. Le site s\u2019adresse \u00e0 un large public francophone et couvre l\u2019information tunisienne en temps r\u00e9el.","email":"redac@webdo.tn","legalName":"YNJ SARL","foundingDate":"2010-09-06","numberOfEmployees":{"@type":"QuantitativeValue","minValue":"11","maxValue":"50"}},{"@type":"Person","@id":"https:\/\/www.webdo.tn\/fr\/#\/schema\/person\/f35b42a42c5e2511bbd282959d6385cc","name":"CL","image":{"@type":"ImageObject","inLanguage":"fr-FR","@id":"https:\/\/secure.gravatar.com\/avatar\/1447a49909b67aa657c488aec6512e1dd6143a480c1ecfee9b5b5cd74eb3b59e?s=96&d=mm&r=g","url":"https:\/\/secure.gravatar.com\/avatar\/1447a49909b67aa657c488aec6512e1dd6143a480c1ecfee9b5b5cd74eb3b59e?s=96&d=mm&r=g","contentUrl":"https:\/\/secure.gravatar.com\/avatar\/1447a49909b67aa657c488aec6512e1dd6143a480c1ecfee9b5b5cd74eb3b59e?s=96&d=mm&r=g","caption":"CL"},"url":"https:\/\/www.webdo.tn\/fr\/actualite\/author\/cl\/"}]}},"_links":{"self":[{"href":"https:\/\/www.webdo.tn\/fr\/wp-json\/wp\/v2\/posts\/200762","targetHints":{"allow":["GET"]}}],"collection":[{"href":"https:\/\/www.webdo.tn\/fr\/wp-json\/wp\/v2\/posts"}],"about":[{"href":"https:\/\/www.webdo.tn\/fr\/wp-json\/wp\/v2\/types\/post"}],"author":[{"embeddable":true,"href":"https:\/\/www.webdo.tn\/fr\/wp-json\/wp\/v2\/users\/3175"}],"replies":[{"embeddable":true,"href":"https:\/\/www.webdo.tn\/fr\/wp-json\/wp\/v2\/comments?post=200762"}],"version-history":[{"count":0,"href":"https:\/\/www.webdo.tn\/fr\/wp-json\/wp\/v2\/posts\/200762\/revisions"}],"wp:featuredmedia":[{"embeddable":true,"href":"https:\/\/www.webdo.tn\/fr\/wp-json\/wp\/v2\/media\/252823"}],"wp:attachment":[{"href":"https:\/\/www.webdo.tn\/fr\/wp-json\/wp\/v2\/media?parent=200762"}],"wp:term":[{"taxonomy":"category","embeddable":true,"href":"https:\/\/www.webdo.tn\/fr\/wp-json\/wp\/v2\/categories?post=200762"},{"taxonomy":"post_tag","embeddable":true,"href":"https:\/\/www.webdo.tn\/fr\/wp-json\/wp\/v2\/tags?post=200762"}],"curies":[{"name":"wp","href":"https:\/\/api.w.org\/{rel}","templated":true}]}}