{"id":200759,"date":"2022-12-16T18:27:00","date_gmt":"2022-12-16T18:27:00","guid":{"rendered":"https:\/\/www.webdo.tn\/fr\/blog\/washington-saied-appelle-a-annuler-les-dettes-et-a-recuperer-les-fonds-spolies\/200759\/"},"modified":"2025-05-20T22:46:33","modified_gmt":"2025-05-20T22:46:33","slug":"washington-saied-appelle-a-annuler-les-dettes-et-a-recuperer-les-fonds-spolies","status":"publish","type":"post","link":"https:\/\/www.webdo.tn\/fr\/actualite\/national\/washington-saied-appelle-a-annuler-les-dettes-et-a-recuperer-les-fonds-spolies\/200759\/","title":{"rendered":"Washington : Saied appelle \u00e0 annuler les dettes et \u00e0 r\u00e9cup\u00e9rer les fonds spoli\u00e9s"},"content":{"rendered":"<p>Il est temps d&rsquo;\u00e9ponger les dettes cumul\u00e9es depuis des d\u00e9cennies et d&rsquo;\u0153uvrer \u00e0 r\u00e9cup\u00e9rer les fonds spoli\u00e9s, d\u00e8s lors qu&rsquo;il s&rsquo;agit d&rsquo;un \u00ab\u00a0droit vol\u00e9 \u00e0 de nombreux peuples africains, dont le peuple tunisien\u00a0\u00bb, a vivement plaid\u00e9 le pr\u00e9sident de la R\u00e9publique, Kais Sa\u00efed, depuis Washington o\u00f9 il participe aux travaux de la deuxi\u00e8me session du Sommet Etats Unis-Afrique.<\/p>\n<p>\t\t\t\t\t\t\t\t\tS&rsquo;exprimant lors d&rsquo;une table ronde autour d'\u00a0\u00bbune Afrique prosp\u00e8re fond\u00e9e sur la croissance inclusive et le d\u00e9veloppement durable \u00ab\u00a0, le pr\u00e9sident Sa\u00efed a soulign\u00e9 que les Tunisiens, hommes et femmes, aspirent \u00e0 la justice et \u00e0 la libert\u00e9 dans leur patrie et se partagent le souci de les voir s&rsquo;instaurer dans le monde entier, lit-on dans un communiqu\u00e9 de la pr\u00e9sidence.<\/p>\n<p>Point de rem\u00e8de efficace \u00e0 nos probl\u00e8mes sans \u00a0\u00bb un diagnostic juste et fiable \u00a0\u00bb de la maladie, a fait savoir le chef de l&rsquo;Etat, soulignant que le flot de pactes et d&rsquo;accords conclus et les textes de loi \u00e9labor\u00e9es s&rsquo;est av\u00e9r\u00e9 \u00a0\u00bb inutile \u00a0\u00bb et n&rsquo;a pas produit les effets auxquels les gens aspirent.<br \/>\nEt le pr\u00e9sident Saied de poursuivre que des millions de vies humaines ont p\u00e9ri, des millions ont mouru de faim et des millions d&rsquo;autres vivent comme s&rsquo;ils n&rsquo;appartenaient pas \u00e0 la race humaine.<\/p>\n<p>\u00a0\u00bb Sommes-nous des Nations-Unies \u00ab\u00a0, s&rsquo;est t-il interrog\u00e9, r\u00e9affirmant que le peuple tunisien \u00e0 l&rsquo;image des autres peuples du monde \u00a0\u00bb ne veut plus revenir en arri\u00e8re et ne veut plus renouer avec le pass\u00e9, qu&rsquo;il souhaite qu&rsquo;il soit r\u00e9volu. \u00a0\u00bb<\/p>\n<p>Notre peuple, tout comme les autres peuples africains, a endur\u00e9 tant de souffrances et de d\u00e9boires, a-t-il regrett\u00e9, rappelant que les mutations profondes que vit le monde d&rsquo;aujourd&rsquo;hui au rythme d&rsquo;une mondialisation effr\u00e9n\u00e9e, nous dicte le devoir de r\u00e9\u00e9crire l&rsquo;histoire et d&#8217;emprunter une nouvelle voie que nous devons tracer semble.<\/p>\n","protected":false},"excerpt":{"rendered":"<p>Il est temps d&rsquo;\u00e9ponger les dettes cumul\u00e9es depuis des d\u00e9cennies et d&rsquo;\u0153uvrer \u00e0 r\u00e9cup\u00e9rer les fonds spoli\u00e9s, d\u00e8s lors qu&rsquo;il s&rsquo;agit d&rsquo;un  droit vol\u00e9 \u00e0 de nombreux&#8230;<\/p>\n","protected":false},"author":3175,"featured_media":252825,"comment_status":"open","ping_status":"closed","sticky":false,"template":"","format":"standard","meta":{"footnotes":""},"categories":[44],"tags":[3418,2608],"class_list":["post-200759","post","type-post","status-publish","format-standard","has-post-thumbnail","hentry","category-national","tag-saied","tag-tunisie"],"yoast_head":"<!-- This site is optimized with the Yoast SEO Premium plugin v27.5 (Yoast SEO v27.5) - https:\/\/yoast.com\/product\/yoast-seo-premium-wordpress\/ -->\n<title>Washington : Saied appelle \u00e0 annuler les dettes et \u00e0 r\u00e9cup\u00e9rer les fonds spoli\u00e9s<\/title>\n<meta name=\"description\" content=\"Il est temps d&#039;\u00e9ponger les dettes cumul\u00e9es depuis des d\u00e9cennies et d&#039;\u0153uvrer \u00e0 r\u00e9cup\u00e9rer les fonds spoli\u00e9s, d\u00e8s lors qu&#039;il s&#039;agit d&#039;un droit vol\u00e9 \u00e0 de nombreux...\" \/>\n<link rel=\"canonical\" href=\"https:\/\/www.webdo.tn\/fr\/actualite\/national\/washington-saied-appelle-a-annuler-les-dettes-et-a-recuperer-les-fonds-spolies\/200759\/\" \/>\n<meta property=\"og:locale\" content=\"fr_FR\" \/>\n<meta property=\"og:type\" content=\"article\" \/>\n<meta property=\"og:title\" content=\"Washington : Saied appelle \u00e0 annuler les dettes et \u00e0 r\u00e9cup\u00e9rer les fonds spoli\u00e9s\" \/>\n<meta property=\"og:description\" content=\"Il est temps d&#039;\u00e9ponger les dettes cumul\u00e9es depuis des d\u00e9cennies et d&#039;\u0153uvrer \u00e0 r\u00e9cup\u00e9rer les fonds spoli\u00e9s, d\u00e8s lors qu&#039;il s&#039;agit d&#039;un droit vol\u00e9 \u00e0 de nombreux...\" \/>\n<meta property=\"og:url\" content=\"https:\/\/www.webdo.tn\/fr\/actualite\/national\/washington-saied-appelle-a-annuler-les-dettes-et-a-recuperer-les-fonds-spolies\/200759\/\" \/>\n<meta property=\"og:site_name\" content=\"webdo\" \/>\n<meta property=\"article:publisher\" content=\"https:\/\/www.facebook.com\/webdotn\" \/>\n<meta property=\"article:published_time\" content=\"2022-12-16T18:27:00+00:00\" \/>\n<meta property=\"article:modified_time\" content=\"2025-05-20T22:46:33+00:00\" \/>\n<meta property=\"og:image\" content=\"https:\/\/www.webdo.tn\/fr\/wp-content\/uploads\/2022\/12\/71be8385dc8360faa605b97c83aeac66.jpg\" \/>\n\t<meta property=\"og:image:width\" content=\"750\" \/>\n\t<meta property=\"og:image:height\" content=\"400\" \/>\n\t<meta property=\"og:image:type\" content=\"image\/jpeg\" \/>\n<meta name=\"author\" content=\"CL\" \/>\n<meta name=\"twitter:card\" content=\"summary_large_image\" \/>\n<meta name=\"twitter:creator\" content=\"@webdo_tn\" \/>\n<meta name=\"twitter:site\" content=\"@webdo_tn\" \/>\n<meta name=\"twitter:label1\" content=\"\u00c9crit par\" \/>\n\t<meta name=\"twitter:data1\" content=\"CL\" \/>\n\t<meta name=\"twitter:label2\" content=\"Dur\u00e9e de lecture estim\u00e9e\" \/>\n\t<meta name=\"twitter:data2\" content=\"2 minutes\" \/>\n<script type=\"application\/ld+json\" class=\"yoast-schema-graph\">{\"@context\":\"https:\\\/\\\/schema.org\",\"@graph\":[{\"@type\":\"NewsArticle\",\"@id\":\"https:\\\/\\\/www.webdo.tn\\\/fr\\\/actualite\\\/national\\\/washington-saied-appelle-a-annuler-les-dettes-et-a-recuperer-les-fonds-spolies\\\/200759\\\/#article\",\"isPartOf\":{\"@id\":\"https:\\\/\\\/www.webdo.tn\\\/fr\\\/actualite\\\/national\\\/washington-saied-appelle-a-annuler-les-dettes-et-a-recuperer-les-fonds-spolies\\\/200759\\\/\"},\"author\":{\"name\":\"CL\",\"@id\":\"https:\\\/\\\/www.webdo.tn\\\/fr\\\/#\\\/schema\\\/person\\\/f35b42a42c5e2511bbd282959d6385cc\"},\"headline\":\"Washington : Saied appelle \u00e0 annuler les dettes et \u00e0 r\u00e9cup\u00e9rer les fonds spoli\u00e9s\",\"datePublished\":\"2022-12-16T18:27:00+00:00\",\"dateModified\":\"2025-05-20T22:46:33+00:00\",\"mainEntityOfPage\":{\"@id\":\"https:\\\/\\\/www.webdo.tn\\\/fr\\\/actualite\\\/national\\\/washington-saied-appelle-a-annuler-les-dettes-et-a-recuperer-les-fonds-spolies\\\/200759\\\/\"},\"wordCount\":350,\"commentCount\":0,\"publisher\":{\"@id\":\"https:\\\/\\\/www.webdo.tn\\\/fr\\\/#organization\"},\"image\":{\"@id\":\"https:\\\/\\\/www.webdo.tn\\\/fr\\\/actualite\\\/national\\\/washington-saied-appelle-a-annuler-les-dettes-et-a-recuperer-les-fonds-spolies\\\/200759\\\/#primaryimage\"},\"thumbnailUrl\":\"https:\\\/\\\/www.webdo.tn\\\/fr\\\/wp-content\\\/uploads\\\/2022\\\/12\\\/71be8385dc8360faa605b97c83aeac66.jpg\",\"keywords\":[\"Saied\",\"Tunisie\"],\"articleSection\":[\"National\"],\"inLanguage\":\"fr-FR\"},{\"@type\":\"WebPage\",\"@id\":\"https:\\\/\\\/www.webdo.tn\\\/fr\\\/actualite\\\/national\\\/washington-saied-appelle-a-annuler-les-dettes-et-a-recuperer-les-fonds-spolies\\\/200759\\\/\",\"url\":\"https:\\\/\\\/www.webdo.tn\\\/fr\\\/actualite\\\/national\\\/washington-saied-appelle-a-annuler-les-dettes-et-a-recuperer-les-fonds-spolies\\\/200759\\\/\",\"name\":\"Washington : Saied appelle \u00e0 annuler les dettes et \u00e0 r\u00e9cup\u00e9rer les fonds spoli\u00e9s\",\"isPartOf\":{\"@id\":\"https:\\\/\\\/www.webdo.tn\\\/fr\\\/#website\"},\"primaryImageOfPage\":{\"@id\":\"https:\\\/\\\/www.webdo.tn\\\/fr\\\/actualite\\\/national\\\/washington-saied-appelle-a-annuler-les-dettes-et-a-recuperer-les-fonds-spolies\\\/200759\\\/#primaryimage\"},\"image\":{\"@id\":\"https:\\\/\\\/www.webdo.tn\\\/fr\\\/actualite\\\/national\\\/washington-saied-appelle-a-annuler-les-dettes-et-a-recuperer-les-fonds-spolies\\\/200759\\\/#primaryimage\"},\"thumbnailUrl\":\"https:\\\/\\\/www.webdo.tn\\\/fr\\\/wp-content\\\/uploads\\\/2022\\\/12\\\/71be8385dc8360faa605b97c83aeac66.jpg\",\"datePublished\":\"2022-12-16T18:27:00+00:00\",\"dateModified\":\"2025-05-20T22:46:33+00:00\",\"description\":\"Il est temps d'\u00e9ponger les dettes cumul\u00e9es depuis des d\u00e9cennies et d'\u0153uvrer \u00e0 r\u00e9cup\u00e9rer les fonds spoli\u00e9s, d\u00e8s lors qu'il s'agit d'un droit vol\u00e9 \u00e0 de nombreux...\",\"breadcrumb\":{\"@id\":\"https:\\\/\\\/www.webdo.tn\\\/fr\\\/actualite\\\/national\\\/washington-saied-appelle-a-annuler-les-dettes-et-a-recuperer-les-fonds-spolies\\\/200759\\\/#breadcrumb\"},\"inLanguage\":\"fr-FR\",\"potentialAction\":[{\"@type\":\"ReadAction\",\"target\":[\"https:\\\/\\\/www.webdo.tn\\\/fr\\\/actualite\\\/national\\\/washington-saied-appelle-a-annuler-les-dettes-et-a-recuperer-les-fonds-spolies\\\/200759\\\/\"]}]},{\"@type\":\"ImageObject\",\"inLanguage\":\"fr-FR\",\"@id\":\"https:\\\/\\\/www.webdo.tn\\\/fr\\\/actualite\\\/national\\\/washington-saied-appelle-a-annuler-les-dettes-et-a-recuperer-les-fonds-spolies\\\/200759\\\/#primaryimage\",\"url\":\"https:\\\/\\\/www.webdo.tn\\\/fr\\\/wp-content\\\/uploads\\\/2022\\\/12\\\/71be8385dc8360faa605b97c83aeac66.jpg\",\"contentUrl\":\"https:\\\/\\\/www.webdo.tn\\\/fr\\\/wp-content\\\/uploads\\\/2022\\\/12\\\/71be8385dc8360faa605b97c83aeac66.jpg\",\"width\":750,\"height\":400,\"caption\":\"Kais Saied\"},{\"@type\":\"BreadcrumbList\",\"@id\":\"https:\\\/\\\/www.webdo.tn\\\/fr\\\/actualite\\\/national\\\/washington-saied-appelle-a-annuler-les-dettes-et-a-recuperer-les-fonds-spolies\\\/200759\\\/#breadcrumb\",\"itemListElement\":[{\"@type\":\"ListItem\",\"position\":1,\"name\":\"Accueil\",\"item\":\"https:\\\/\\\/www.webdo.tn\\\/fr\\\/\"},{\"@type\":\"ListItem\",\"position\":2,\"name\":\"Washington : Saied appelle \u00e0 annuler les dettes et \u00e0 r\u00e9cup\u00e9rer les fonds spoli\u00e9s\"}]},{\"@type\":\"WebSite\",\"@id\":\"https:\\\/\\\/www.webdo.tn\\\/fr\\\/#website\",\"url\":\"https:\\\/\\\/www.webdo.tn\\\/fr\\\/\",\"name\":\"webdo\",\"description\":\"Tunisie - News en Tunisie et \u00e0 l&#039;international sur Webdo.tn\",\"publisher\":{\"@id\":\"https:\\\/\\\/www.webdo.tn\\\/fr\\\/#organization\"},\"potentialAction\":[{\"@type\":\"SearchAction\",\"target\":{\"@type\":\"EntryPoint\",\"urlTemplate\":\"https:\\\/\\\/www.webdo.tn\\\/fr\\\/?s={search_term_string}\"},\"query-input\":{\"@type\":\"PropertyValueSpecification\",\"valueRequired\":true,\"valueName\":\"search_term_string\"}}],\"inLanguage\":\"fr-FR\"},{\"@type\":\"Organization\",\"@id\":\"https:\\\/\\\/www.webdo.tn\\\/fr\\\/#organization\",\"name\":\"Webdo\",\"alternateName\":\"Webdo.tn\",\"url\":\"https:\\\/\\\/www.webdo.tn\\\/fr\\\/\",\"logo\":{\"@type\":\"ImageObject\",\"inLanguage\":\"fr-FR\",\"@id\":\"https:\\\/\\\/www.webdo.tn\\\/fr\\\/#\\\/schema\\\/logo\\\/image\\\/\",\"url\":\"https:\\\/\\\/www.webdo.tn\\\/fr\\\/wp-content\\\/uploads\\\/2025\\\/06\\\/Webdo-Tunisie_168377.jpg\",\"contentUrl\":\"https:\\\/\\\/www.webdo.tn\\\/fr\\\/wp-content\\\/uploads\\\/2025\\\/06\\\/Webdo-Tunisie_168377.jpg\",\"width\":301,\"height\":301,\"caption\":\"Webdo\"},\"image\":{\"@id\":\"https:\\\/\\\/www.webdo.tn\\\/fr\\\/#\\\/schema\\\/logo\\\/image\\\/\"},\"sameAs\":[\"https:\\\/\\\/www.facebook.com\\\/webdotn\",\"https:\\\/\\\/x.com\\\/webdo_tn\"],\"description\":\"Webdo est un m\u00e9dia num\u00e9rique tunisien fond\u00e9 en 2010, sp\u00e9cialis\u00e9 dans l\u2019actualit\u00e9 nationale et internationale, l\u2019\u00e9conomie, la soci\u00e9t\u00e9 et les analyses politiques. Le site s\u2019adresse \u00e0 un large public francophone et couvre l\u2019information tunisienne en temps r\u00e9el.\",\"email\":\"redac@webdo.tn\",\"legalName\":\"YNJ SARL\",\"foundingDate\":\"2010-09-06\",\"numberOfEmployees\":{\"@type\":\"QuantitativeValue\",\"minValue\":\"11\",\"maxValue\":\"50\"}},{\"@type\":\"Person\",\"@id\":\"https:\\\/\\\/www.webdo.tn\\\/fr\\\/#\\\/schema\\\/person\\\/f35b42a42c5e2511bbd282959d6385cc\",\"name\":\"CL\",\"image\":{\"@type\":\"ImageObject\",\"inLanguage\":\"fr-FR\",\"@id\":\"https:\\\/\\\/secure.gravatar.com\\\/avatar\\\/1447a49909b67aa657c488aec6512e1dd6143a480c1ecfee9b5b5cd74eb3b59e?s=96&d=mm&r=g\",\"url\":\"https:\\\/\\\/secure.gravatar.com\\\/avatar\\\/1447a49909b67aa657c488aec6512e1dd6143a480c1ecfee9b5b5cd74eb3b59e?s=96&d=mm&r=g\",\"contentUrl\":\"https:\\\/\\\/secure.gravatar.com\\\/avatar\\\/1447a49909b67aa657c488aec6512e1dd6143a480c1ecfee9b5b5cd74eb3b59e?s=96&d=mm&r=g\",\"caption\":\"CL\"},\"url\":\"https:\\\/\\\/www.webdo.tn\\\/fr\\\/actualite\\\/author\\\/cl\\\/\"}]}<\/script>\n<!-- \/ Yoast SEO Premium plugin. -->","yoast_head_json":{"title":"Washington : Saied appelle \u00e0 annuler les dettes et \u00e0 r\u00e9cup\u00e9rer les fonds spoli\u00e9s","description":"Il est temps d'\u00e9ponger les dettes cumul\u00e9es depuis des d\u00e9cennies et d'\u0153uvrer \u00e0 r\u00e9cup\u00e9rer les fonds spoli\u00e9s, d\u00e8s lors qu'il s'agit d'un droit vol\u00e9 \u00e0 de nombreux...","canonical":"https:\/\/www.webdo.tn\/fr\/actualite\/national\/washington-saied-appelle-a-annuler-les-dettes-et-a-recuperer-les-fonds-spolies\/200759\/","og_locale":"fr_FR","og_type":"article","og_title":"Washington : Saied appelle \u00e0 annuler les dettes et \u00e0 r\u00e9cup\u00e9rer les fonds spoli\u00e9s","og_description":"Il est temps d'\u00e9ponger les dettes cumul\u00e9es depuis des d\u00e9cennies et d'\u0153uvrer \u00e0 r\u00e9cup\u00e9rer les fonds spoli\u00e9s, d\u00e8s lors qu'il s'agit d'un droit vol\u00e9 \u00e0 de nombreux...","og_url":"https:\/\/www.webdo.tn\/fr\/actualite\/national\/washington-saied-appelle-a-annuler-les-dettes-et-a-recuperer-les-fonds-spolies\/200759\/","og_site_name":"webdo","article_publisher":"https:\/\/www.facebook.com\/webdotn","article_published_time":"2022-12-16T18:27:00+00:00","article_modified_time":"2025-05-20T22:46:33+00:00","og_image":[{"width":750,"height":400,"url":"https:\/\/www.webdo.tn\/fr\/wp-content\/uploads\/2022\/12\/71be8385dc8360faa605b97c83aeac66.jpg","type":"image\/jpeg"}],"author":"CL","twitter_card":"summary_large_image","twitter_creator":"@webdo_tn","twitter_site":"@webdo_tn","twitter_misc":{"\u00c9crit par":"CL","Dur\u00e9e de lecture estim\u00e9e":"2 minutes"},"schema":{"@context":"https:\/\/schema.org","@graph":[{"@type":"NewsArticle","@id":"https:\/\/www.webdo.tn\/fr\/actualite\/national\/washington-saied-appelle-a-annuler-les-dettes-et-a-recuperer-les-fonds-spolies\/200759\/#article","isPartOf":{"@id":"https:\/\/www.webdo.tn\/fr\/actualite\/national\/washington-saied-appelle-a-annuler-les-dettes-et-a-recuperer-les-fonds-spolies\/200759\/"},"author":{"name":"CL","@id":"https:\/\/www.webdo.tn\/fr\/#\/schema\/person\/f35b42a42c5e2511bbd282959d6385cc"},"headline":"Washington : Saied appelle \u00e0 annuler les dettes et \u00e0 r\u00e9cup\u00e9rer les fonds spoli\u00e9s","datePublished":"2022-12-16T18:27:00+00:00","dateModified":"2025-05-20T22:46:33+00:00","mainEntityOfPage":{"@id":"https:\/\/www.webdo.tn\/fr\/actualite\/national\/washington-saied-appelle-a-annuler-les-dettes-et-a-recuperer-les-fonds-spolies\/200759\/"},"wordCount":350,"commentCount":0,"publisher":{"@id":"https:\/\/www.webdo.tn\/fr\/#organization"},"image":{"@id":"https:\/\/www.webdo.tn\/fr\/actualite\/national\/washington-saied-appelle-a-annuler-les-dettes-et-a-recuperer-les-fonds-spolies\/200759\/#primaryimage"},"thumbnailUrl":"https:\/\/www.webdo.tn\/fr\/wp-content\/uploads\/2022\/12\/71be8385dc8360faa605b97c83aeac66.jpg","keywords":["Saied","Tunisie"],"articleSection":["National"],"inLanguage":"fr-FR"},{"@type":"WebPage","@id":"https:\/\/www.webdo.tn\/fr\/actualite\/national\/washington-saied-appelle-a-annuler-les-dettes-et-a-recuperer-les-fonds-spolies\/200759\/","url":"https:\/\/www.webdo.tn\/fr\/actualite\/national\/washington-saied-appelle-a-annuler-les-dettes-et-a-recuperer-les-fonds-spolies\/200759\/","name":"Washington : Saied appelle \u00e0 annuler les dettes et \u00e0 r\u00e9cup\u00e9rer les fonds spoli\u00e9s","isPartOf":{"@id":"https:\/\/www.webdo.tn\/fr\/#website"},"primaryImageOfPage":{"@id":"https:\/\/www.webdo.tn\/fr\/actualite\/national\/washington-saied-appelle-a-annuler-les-dettes-et-a-recuperer-les-fonds-spolies\/200759\/#primaryimage"},"image":{"@id":"https:\/\/www.webdo.tn\/fr\/actualite\/national\/washington-saied-appelle-a-annuler-les-dettes-et-a-recuperer-les-fonds-spolies\/200759\/#primaryimage"},"thumbnailUrl":"https:\/\/www.webdo.tn\/fr\/wp-content\/uploads\/2022\/12\/71be8385dc8360faa605b97c83aeac66.jpg","datePublished":"2022-12-16T18:27:00+00:00","dateModified":"2025-05-20T22:46:33+00:00","description":"Il est temps d'\u00e9ponger les dettes cumul\u00e9es depuis des d\u00e9cennies et d'\u0153uvrer \u00e0 r\u00e9cup\u00e9rer les fonds spoli\u00e9s, d\u00e8s lors qu'il s'agit d'un droit vol\u00e9 \u00e0 de nombreux...","breadcrumb":{"@id":"https:\/\/www.webdo.tn\/fr\/actualite\/national\/washington-saied-appelle-a-annuler-les-dettes-et-a-recuperer-les-fonds-spolies\/200759\/#breadcrumb"},"inLanguage":"fr-FR","potentialAction":[{"@type":"ReadAction","target":["https:\/\/www.webdo.tn\/fr\/actualite\/national\/washington-saied-appelle-a-annuler-les-dettes-et-a-recuperer-les-fonds-spolies\/200759\/"]}]},{"@type":"ImageObject","inLanguage":"fr-FR","@id":"https:\/\/www.webdo.tn\/fr\/actualite\/national\/washington-saied-appelle-a-annuler-les-dettes-et-a-recuperer-les-fonds-spolies\/200759\/#primaryimage","url":"https:\/\/www.webdo.tn\/fr\/wp-content\/uploads\/2022\/12\/71be8385dc8360faa605b97c83aeac66.jpg","contentUrl":"https:\/\/www.webdo.tn\/fr\/wp-content\/uploads\/2022\/12\/71be8385dc8360faa605b97c83aeac66.jpg","width":750,"height":400,"caption":"Kais Saied"},{"@type":"BreadcrumbList","@id":"https:\/\/www.webdo.tn\/fr\/actualite\/national\/washington-saied-appelle-a-annuler-les-dettes-et-a-recuperer-les-fonds-spolies\/200759\/#breadcrumb","itemListElement":[{"@type":"ListItem","position":1,"name":"Accueil","item":"https:\/\/www.webdo.tn\/fr\/"},{"@type":"ListItem","position":2,"name":"Washington : Saied appelle \u00e0 annuler les dettes et \u00e0 r\u00e9cup\u00e9rer les fonds spoli\u00e9s"}]},{"@type":"WebSite","@id":"https:\/\/www.webdo.tn\/fr\/#website","url":"https:\/\/www.webdo.tn\/fr\/","name":"webdo","description":"Tunisie - News en Tunisie et \u00e0 l&#039;international sur Webdo.tn","publisher":{"@id":"https:\/\/www.webdo.tn\/fr\/#organization"},"potentialAction":[{"@type":"SearchAction","target":{"@type":"EntryPoint","urlTemplate":"https:\/\/www.webdo.tn\/fr\/?s={search_term_string}"},"query-input":{"@type":"PropertyValueSpecification","valueRequired":true,"valueName":"search_term_string"}}],"inLanguage":"fr-FR"},{"@type":"Organization","@id":"https:\/\/www.webdo.tn\/fr\/#organization","name":"Webdo","alternateName":"Webdo.tn","url":"https:\/\/www.webdo.tn\/fr\/","logo":{"@type":"ImageObject","inLanguage":"fr-FR","@id":"https:\/\/www.webdo.tn\/fr\/#\/schema\/logo\/image\/","url":"https:\/\/www.webdo.tn\/fr\/wp-content\/uploads\/2025\/06\/Webdo-Tunisie_168377.jpg","contentUrl":"https:\/\/www.webdo.tn\/fr\/wp-content\/uploads\/2025\/06\/Webdo-Tunisie_168377.jpg","width":301,"height":301,"caption":"Webdo"},"image":{"@id":"https:\/\/www.webdo.tn\/fr\/#\/schema\/logo\/image\/"},"sameAs":["https:\/\/www.facebook.com\/webdotn","https:\/\/x.com\/webdo_tn"],"description":"Webdo est un m\u00e9dia num\u00e9rique tunisien fond\u00e9 en 2010, sp\u00e9cialis\u00e9 dans l\u2019actualit\u00e9 nationale et internationale, l\u2019\u00e9conomie, la soci\u00e9t\u00e9 et les analyses politiques. Le site s\u2019adresse \u00e0 un large public francophone et couvre l\u2019information tunisienne en temps r\u00e9el.","email":"redac@webdo.tn","legalName":"YNJ SARL","foundingDate":"2010-09-06","numberOfEmployees":{"@type":"QuantitativeValue","minValue":"11","maxValue":"50"}},{"@type":"Person","@id":"https:\/\/www.webdo.tn\/fr\/#\/schema\/person\/f35b42a42c5e2511bbd282959d6385cc","name":"CL","image":{"@type":"ImageObject","inLanguage":"fr-FR","@id":"https:\/\/secure.gravatar.com\/avatar\/1447a49909b67aa657c488aec6512e1dd6143a480c1ecfee9b5b5cd74eb3b59e?s=96&d=mm&r=g","url":"https:\/\/secure.gravatar.com\/avatar\/1447a49909b67aa657c488aec6512e1dd6143a480c1ecfee9b5b5cd74eb3b59e?s=96&d=mm&r=g","contentUrl":"https:\/\/secure.gravatar.com\/avatar\/1447a49909b67aa657c488aec6512e1dd6143a480c1ecfee9b5b5cd74eb3b59e?s=96&d=mm&r=g","caption":"CL"},"url":"https:\/\/www.webdo.tn\/fr\/actualite\/author\/cl\/"}]}},"_links":{"self":[{"href":"https:\/\/www.webdo.tn\/fr\/wp-json\/wp\/v2\/posts\/200759","targetHints":{"allow":["GET"]}}],"collection":[{"href":"https:\/\/www.webdo.tn\/fr\/wp-json\/wp\/v2\/posts"}],"about":[{"href":"https:\/\/www.webdo.tn\/fr\/wp-json\/wp\/v2\/types\/post"}],"author":[{"embeddable":true,"href":"https:\/\/www.webdo.tn\/fr\/wp-json\/wp\/v2\/users\/3175"}],"replies":[{"embeddable":true,"href":"https:\/\/www.webdo.tn\/fr\/wp-json\/wp\/v2\/comments?post=200759"}],"version-history":[{"count":0,"href":"https:\/\/www.webdo.tn\/fr\/wp-json\/wp\/v2\/posts\/200759\/revisions"}],"wp:featuredmedia":[{"embeddable":true,"href":"https:\/\/www.webdo.tn\/fr\/wp-json\/wp\/v2\/media\/252825"}],"wp:attachment":[{"href":"https:\/\/www.webdo.tn\/fr\/wp-json\/wp\/v2\/media?parent=200759"}],"wp:term":[{"taxonomy":"category","embeddable":true,"href":"https:\/\/www.webdo.tn\/fr\/wp-json\/wp\/v2\/categories?post=200759"},{"taxonomy":"post_tag","embeddable":true,"href":"https:\/\/www.webdo.tn\/fr\/wp-json\/wp\/v2\/tags?post=200759"}],"curies":[{"name":"wp","href":"https:\/\/api.w.org\/{rel}","templated":true}]}}