{"id":200742,"date":"2022-12-16T12:42:00","date_gmt":"2022-12-16T12:42:00","guid":{"rendered":"https:\/\/www.webdo.tn\/fr\/blog\/mandat-d-amener-lance-contre-l-homme-de-l-ombre-d-ennahda\/200742\/"},"modified":"2025-05-20T22:06:18","modified_gmt":"2025-05-20T22:06:18","slug":"mandat-d-amener-lance-contre-l-homme-de-l-ombre-d-ennahda","status":"publish","type":"post","link":"https:\/\/www.webdo.tn\/fr\/actualite\/national\/mandat-d-amener-lance-contre-l-homme-de-l-ombre-d-ennahda\/200742\/","title":{"rendered":"Mandat d\u2019amener lanc\u00e9 contre \u00ab\u00a0l\u2019homme de l&rsquo;ombre\u00a0\u00bb d\u2019Ennahda"},"content":{"rendered":"<p>Le P\u00f4le judiciaire financier a d\u00e9cid\u00e9 d\u2019inclure Najeh Hadj Letaief, plus connu comme \u00e9tant \u00ab\u00a0l\u2019homme de l&rsquo;ombre d\u2019Ennahda\u00a0\u00bb, dans le lot des personnes impliqu\u00e9es dans l\u2019affaire \u00ab\u00a0Namaa Tounes\u00a0\u00bb. Il est d\u00e9sormais recherch\u00e9 par la justice.<\/p>\n<p>\t\t\t\t\t\t\t\t\tMembre de l\u2019association \u00ab\u00a0Namaa Tounes\u00a0\u00bb, Najeh Hadj Letaief est soup\u00e7onn\u00e9 de blanchiment d\u2019argent, d&rsquo;enrichissement ill\u00e9gal et d\u2019avoir per\u00e7u des fonds suspects en provenance de l&rsquo;\u00e9tranger. A cet \u00e9gard, Mosa\u00efque fm, citant des sources proches du dossier, rapporte que Najeh Hadj Letaief aurait re\u00e7u d&rsquo;importantes sommes d\u2019argent de l&rsquo;\u00e9tranger.<\/p>\n<p>L\u2019imprimerie dont il est propri\u00e9taire \u00e0 Sanhaja (la Manouba) au capital de 10 millions de dinars, ainsi que les machines d&rsquo;une valeur d&rsquo;environ 2 millions de dinars, et le compte bancaire de l&rsquo;entreprise, dans lequel figurent 390 mille dinars, ont \u00e9t\u00e9 gel\u00e9s, ajoute Mosaique fm.<\/p>\n<p>Le minist\u00e8re public a \u00e9galement autoris\u00e9 la brigade sp\u00e9cialis\u00e9e dans les d\u00e9lits financiers d\u2019El Gorjani, d\u2019ouvrir une enqu\u00eate concernant 39 propri\u00e9t\u00e9s appartenant \u00e0 Najeh Hadj Letaief et aux membres de sa famille, et acquises \u00e0 partir de 2014. Leur valeur financi\u00e8re initiale est estim\u00e9e \u00e0 environ 3,2 millions de dinars.<\/p>\n<p>L\u2019affaire de l&rsquo;association \u00ab\u00a0Namaa Tounes\u00a0\u00bb<\/p>\n<p>Les recherches dans cette affaire ont \u00e9t\u00e9 lanc\u00e9es \u00e0 la suite d&rsquo;une plainte d\u00e9pos\u00e9e par le comit\u00e9 de d\u00e9fense des deux martyrs, Chokri Bela\u00efd et Mohamed Brahmi, qui indique qu&rsquo;il existe des flux financiers et des transferts \u00e9trangers suspects transitant via cette assoication cr\u00e9\u00e9e en 2011.<\/p>\n<p>Parmi les accus\u00e9s dans cette affaire, on cite l&rsquo;ancien chef du gouvernement Hammadi Jebali, outre l&rsquo;audition du chef du mouvement Ennahda, Rached Ghannouchi dans ce dossier, et l\u2019\u00e9ventuele implication de son fils Mouadh Ghannouchi.<\/p>\n<p>Comment a d\u00e9but\u00e9 l&rsquo;affaire Namaa Tounes ? Le minist\u00e8re de l\u2019Int\u00e9rieur a rep\u00e9r\u00e9 des op\u00e9rations financi\u00e8res louches de la part d\u2019activistes au sein de l\u2019association \u00ab\u00a0Namaa Tounes\u00a0\u00bb, ainsi qu\u2019un important flux d\u2019argent au profit de cette association qui ne correspond pas \u00e0 la nature de ses activit\u00e9s telles que d\u00e9clar\u00e9es, cela en plus de soup\u00e7ons de blanchiment d\u2019argent.<\/p>\n<p>Dans un premier temps, trois personnes ont \u00e9t\u00e9 arr\u00eat\u00e9es et des ordinateurs, du mat\u00e9riel \u00e9lectronique et des relev\u00e9s bancaires ont \u00e9t\u00e9 de m\u00eame saisis. Par la suite, plusieurs personnalit\u00e9s ont \u00e9t\u00e9 inscrites sur la liste des recherch\u00e9s.<\/p>\n<p>Najeh Hadj Letaief \u00ab\u00a0d\u00e9masqu\u00e9\u00a0\u00bb<\/p>\n<p>Le 9 f\u00e9vrier dernier, le comit\u00e9 de d\u00e9fense de Chokri Belaid et Mohamed Brahi pr\u00e9sente preuves \u00e0 l\u2019appui, des \u00e9l\u00e9ments sur l\u2019implication de Rached Ghannouchi et du parti Ennahdha dans les assassinats politiques. Lors d&rsquo;une conf\u00e9rence de presse, de nouvelles r\u00e9v\u00e9lations sur l&rsquo;implication du parti Ennahdha et notamment de Rached Ghannouchi dans cette affaire sont apport\u00e9es.<\/p>\n<p>D\u00e9cortiquant l\u2019\u00e9ventuelle implication du leader du parti islamiste surtout dans l\u2019assassinat de Chokri Belaid, le comit\u00e9 a r\u00e9v\u00e9l\u00e9 que Ghannouchi dispose d\u2019un tr\u00e9sorier secret qui organise et m\u00e8ne ses op\u00e9rations financi\u00e8res. Le membre de ce comit\u00e9 Ridha Raddaoui a r\u00e9v\u00e9l\u00e9 dans ce sens le nom d\u2019un certain Najeh Hadj Letaief, une personne inconnue sans aucune trace sur internet ni sur les r\u00e9seaux sociaux.<\/p>\n<p>Cette personne \u00e9tait un repr\u00e9sentant d\u2019une soci\u00e9t\u00e9 britannique de textile install\u00e9e en Tunisie et serait en lien avec des comptes \u00e0 l\u2019\u00e9tranger et plus pr\u00e9cis\u00e9ment au Qatar.<\/p>\n<p>\u00ab\u00a0Des sommes allant jusqu\u2019\u00e0 20 millions de dollars sont vers\u00e9s dans ces comptes sans aucun service en contrepartie\u00a0\u00bb, avait r\u00e9v\u00e9l\u00e9 Ridha Raddaoui, affirmant que l\u2019argent entrait en Tunisie par le biais d\u2019une association caritative qatarie.<\/p>\n<p>Qui est Najeh Hadj Letaief ?<\/p>\n<p>Najeh Hadj Letaief est membre d&rsquo;Ennahda depuis les ann\u00e9es 1990, ann\u00e9e o\u00f9 il a \u00e9t\u00e9 condamn\u00e9 \u00e0 un an de prison en raison de son affiliation au mouvement, amis aussi parce qu&rsquo;il s&rsquo;occupait de sa tr\u00e9sorerie. Depuis, il s&rsquo;est sp\u00e9cialis\u00e9 dans les montages financiers, selon Ridha Raddaoui.<\/p>\n<p>Apr\u00e8s son retour en Tunisie en 2011, Najeh Hadj Letaief  assum\u00e9 la pr\u00e9sidence de l&rsquo;association \u00ab\u00a0Namaa Tounes\u00a0\u00bb sur demande de Rached Ghannouchi.<\/p>\n<p>Toujours selon Ridha Raddaoui, la seule mission de l&rsquo;association \u00e9tait d&rsquo;ouvrir la porte aux Turcs pour envahir le march\u00e9 tunisien et faciliter leur obtention d&rsquo;appels d&rsquo;offres aux d\u00e9pens des Tunisiens, et leur permettre de s&rsquo;\u00e9tablir en Tunisie.<\/p>\n","protected":false},"excerpt":{"rendered":"<p>Le P\u00f4le judiciaire financier a d\u00e9cid\u00e9 d\u2019inclure Najeh Hadj Letaief, plus connu comme \u00e9tant  l\u2019homme de l&rsquo;ombre d\u2019Ennahda , dans le lot des personnes impliqu\u00e9es&#8230;<\/p>\n","protected":false},"author":3162,"featured_media":277412,"comment_status":"open","ping_status":"closed","sticky":false,"template":"","format":"standard","meta":{"footnotes":""},"categories":[44],"tags":[3057,2619,9213,6661,2608],"class_list":["post-200742","post","type-post","status-publish","format-standard","has-post-thumbnail","hentry","category-national","tag-ennahdha","tag-justice","tag-najeh-hadj-letaief","tag-namaa-tounes","tag-tunisie"],"yoast_head":"<!-- This site is optimized with the Yoast SEO Premium plugin v27.5 (Yoast SEO v27.5) - https:\/\/yoast.com\/product\/yoast-seo-premium-wordpress\/ -->\n<title>Mandat d\u2019amener lanc\u00e9 contre l\u2019homme de l&#039;ombre d\u2019Ennahda<\/title>\n<meta name=\"description\" content=\"Le P\u00f4le judiciaire financier a d\u00e9cid\u00e9 d\u2019inclure Najeh Hadj Letaief, plus connu comme \u00e9tant l\u2019homme de l&#039;ombre d\u2019Ennahda , dans le lot des personnes impliqu\u00e9es...\" \/>\n<link rel=\"canonical\" href=\"https:\/\/www.webdo.tn\/fr\/actualite\/national\/mandat-d-amener-lance-contre-l-homme-de-l-ombre-d-ennahda\/200742\/\" \/>\n<meta property=\"og:locale\" content=\"fr_FR\" \/>\n<meta property=\"og:type\" content=\"article\" \/>\n<meta property=\"og:title\" content=\"Mandat d\u2019amener lanc\u00e9 contre &quot;l\u2019homme de l&#039;ombre&quot; d\u2019Ennahda\" \/>\n<meta property=\"og:description\" content=\"Le P\u00f4le judiciaire financier a d\u00e9cid\u00e9 d\u2019inclure Najeh Hadj Letaief, plus connu comme \u00e9tant l\u2019homme de l&#039;ombre d\u2019Ennahda , dans le lot des personnes impliqu\u00e9es...\" \/>\n<meta property=\"og:url\" content=\"https:\/\/www.webdo.tn\/fr\/actualite\/national\/mandat-d-amener-lance-contre-l-homme-de-l-ombre-d-ennahda\/200742\/\" \/>\n<meta property=\"og:site_name\" content=\"webdo\" \/>\n<meta property=\"article:publisher\" content=\"https:\/\/www.facebook.com\/webdotn\" \/>\n<meta property=\"article:published_time\" content=\"2022-12-16T12:42:00+00:00\" \/>\n<meta property=\"article:modified_time\" content=\"2025-05-20T22:06:18+00:00\" \/>\n<meta property=\"og:image\" content=\"https:\/\/www.webdo.tn\/fr\/wp-content\/uploads\/2022\/12\/460a4e57c994bb308d51cc3b490e5ce0.jpg\" \/>\n\t<meta property=\"og:image:width\" content=\"660\" \/>\n\t<meta property=\"og:image:height\" content=\"352\" \/>\n\t<meta property=\"og:image:type\" content=\"image\/jpeg\" \/>\n<meta name=\"author\" content=\"MC\" \/>\n<meta name=\"twitter:card\" content=\"summary_large_image\" \/>\n<meta name=\"twitter:creator\" content=\"@webdo_tn\" \/>\n<meta name=\"twitter:site\" content=\"@webdo_tn\" \/>\n<meta name=\"twitter:label1\" content=\"\u00c9crit par\" \/>\n\t<meta name=\"twitter:data1\" content=\"MC\" \/>\n\t<meta name=\"twitter:label2\" content=\"Dur\u00e9e de lecture estim\u00e9e\" \/>\n\t<meta name=\"twitter:data2\" content=\"4 minutes\" \/>\n<script type=\"application\/ld+json\" class=\"yoast-schema-graph\">{\"@context\":\"https:\\\/\\\/schema.org\",\"@graph\":[{\"@type\":\"NewsArticle\",\"@id\":\"https:\\\/\\\/www.webdo.tn\\\/fr\\\/actualite\\\/national\\\/mandat-d-amener-lance-contre-l-homme-de-l-ombre-d-ennahda\\\/200742\\\/#article\",\"isPartOf\":{\"@id\":\"https:\\\/\\\/www.webdo.tn\\\/fr\\\/actualite\\\/national\\\/mandat-d-amener-lance-contre-l-homme-de-l-ombre-d-ennahda\\\/200742\\\/\"},\"author\":{\"name\":\"MC\",\"@id\":\"https:\\\/\\\/www.webdo.tn\\\/fr\\\/#\\\/schema\\\/person\\\/2c4929cbf5a809e3bd38617c6ce150f6\"},\"headline\":\"Mandat d\u2019amener lanc\u00e9 contre \u00ab\u00a0l\u2019homme de l&rsquo;ombre\u00a0\u00bb d\u2019Ennahda\",\"datePublished\":\"2022-12-16T12:42:00+00:00\",\"dateModified\":\"2025-05-20T22:06:18+00:00\",\"mainEntityOfPage\":{\"@id\":\"https:\\\/\\\/www.webdo.tn\\\/fr\\\/actualite\\\/national\\\/mandat-d-amener-lance-contre-l-homme-de-l-ombre-d-ennahda\\\/200742\\\/\"},\"wordCount\":778,\"commentCount\":0,\"publisher\":{\"@id\":\"https:\\\/\\\/www.webdo.tn\\\/fr\\\/#organization\"},\"image\":{\"@id\":\"https:\\\/\\\/www.webdo.tn\\\/fr\\\/actualite\\\/national\\\/mandat-d-amener-lance-contre-l-homme-de-l-ombre-d-ennahda\\\/200742\\\/#primaryimage\"},\"thumbnailUrl\":\"https:\\\/\\\/www.webdo.tn\\\/fr\\\/wp-content\\\/uploads\\\/2022\\\/12\\\/460a4e57c994bb308d51cc3b490e5ce0.jpg\",\"keywords\":[\"Ennahdha\",\"justice\",\"Najeh Hadj Letaief\",\"namaa tounes\",\"Tunisie\"],\"articleSection\":[\"National\"],\"inLanguage\":\"fr-FR\"},{\"@type\":\"WebPage\",\"@id\":\"https:\\\/\\\/www.webdo.tn\\\/fr\\\/actualite\\\/national\\\/mandat-d-amener-lance-contre-l-homme-de-l-ombre-d-ennahda\\\/200742\\\/\",\"url\":\"https:\\\/\\\/www.webdo.tn\\\/fr\\\/actualite\\\/national\\\/mandat-d-amener-lance-contre-l-homme-de-l-ombre-d-ennahda\\\/200742\\\/\",\"name\":\"Mandat d\u2019amener lanc\u00e9 contre l\u2019homme de l'ombre d\u2019Ennahda\",\"isPartOf\":{\"@id\":\"https:\\\/\\\/www.webdo.tn\\\/fr\\\/#website\"},\"primaryImageOfPage\":{\"@id\":\"https:\\\/\\\/www.webdo.tn\\\/fr\\\/actualite\\\/national\\\/mandat-d-amener-lance-contre-l-homme-de-l-ombre-d-ennahda\\\/200742\\\/#primaryimage\"},\"image\":{\"@id\":\"https:\\\/\\\/www.webdo.tn\\\/fr\\\/actualite\\\/national\\\/mandat-d-amener-lance-contre-l-homme-de-l-ombre-d-ennahda\\\/200742\\\/#primaryimage\"},\"thumbnailUrl\":\"https:\\\/\\\/www.webdo.tn\\\/fr\\\/wp-content\\\/uploads\\\/2022\\\/12\\\/460a4e57c994bb308d51cc3b490e5ce0.jpg\",\"datePublished\":\"2022-12-16T12:42:00+00:00\",\"dateModified\":\"2025-05-20T22:06:18+00:00\",\"description\":\"Le P\u00f4le judiciaire financier a d\u00e9cid\u00e9 d\u2019inclure Najeh Hadj Letaief, plus connu comme \u00e9tant l\u2019homme de l'ombre d\u2019Ennahda , dans le lot des personnes impliqu\u00e9es...\",\"breadcrumb\":{\"@id\":\"https:\\\/\\\/www.webdo.tn\\\/fr\\\/actualite\\\/national\\\/mandat-d-amener-lance-contre-l-homme-de-l-ombre-d-ennahda\\\/200742\\\/#breadcrumb\"},\"inLanguage\":\"fr-FR\",\"potentialAction\":[{\"@type\":\"ReadAction\",\"target\":[\"https:\\\/\\\/www.webdo.tn\\\/fr\\\/actualite\\\/national\\\/mandat-d-amener-lance-contre-l-homme-de-l-ombre-d-ennahda\\\/200742\\\/\"]}]},{\"@type\":\"ImageObject\",\"inLanguage\":\"fr-FR\",\"@id\":\"https:\\\/\\\/www.webdo.tn\\\/fr\\\/actualite\\\/national\\\/mandat-d-amener-lance-contre-l-homme-de-l-ombre-d-ennahda\\\/200742\\\/#primaryimage\",\"url\":\"https:\\\/\\\/www.webdo.tn\\\/fr\\\/wp-content\\\/uploads\\\/2022\\\/12\\\/460a4e57c994bb308d51cc3b490e5ce0.jpg\",\"contentUrl\":\"https:\\\/\\\/www.webdo.tn\\\/fr\\\/wp-content\\\/uploads\\\/2022\\\/12\\\/460a4e57c994bb308d51cc3b490e5ce0.jpg\",\"width\":660,\"height\":352,\"caption\":\"Mandat d\u2019amener lanc\u00e9 contre \\\"l\u2019homme de l'ombre\\\" d\u2019Ennahda\"},{\"@type\":\"BreadcrumbList\",\"@id\":\"https:\\\/\\\/www.webdo.tn\\\/fr\\\/actualite\\\/national\\\/mandat-d-amener-lance-contre-l-homme-de-l-ombre-d-ennahda\\\/200742\\\/#breadcrumb\",\"itemListElement\":[{\"@type\":\"ListItem\",\"position\":1,\"name\":\"Accueil\",\"item\":\"https:\\\/\\\/www.webdo.tn\\\/fr\\\/\"},{\"@type\":\"ListItem\",\"position\":2,\"name\":\"Mandat d\u2019amener lanc\u00e9 contre \u00ab\u00a0l\u2019homme de l&rsquo;ombre\u00a0\u00bb d\u2019Ennahda\"}]},{\"@type\":\"WebSite\",\"@id\":\"https:\\\/\\\/www.webdo.tn\\\/fr\\\/#website\",\"url\":\"https:\\\/\\\/www.webdo.tn\\\/fr\\\/\",\"name\":\"webdo\",\"description\":\"Tunisie - News en Tunisie et \u00e0 l&#039;international sur Webdo.tn\",\"publisher\":{\"@id\":\"https:\\\/\\\/www.webdo.tn\\\/fr\\\/#organization\"},\"potentialAction\":[{\"@type\":\"SearchAction\",\"target\":{\"@type\":\"EntryPoint\",\"urlTemplate\":\"https:\\\/\\\/www.webdo.tn\\\/fr\\\/?s={search_term_string}\"},\"query-input\":{\"@type\":\"PropertyValueSpecification\",\"valueRequired\":true,\"valueName\":\"search_term_string\"}}],\"inLanguage\":\"fr-FR\"},{\"@type\":\"Organization\",\"@id\":\"https:\\\/\\\/www.webdo.tn\\\/fr\\\/#organization\",\"name\":\"Webdo\",\"alternateName\":\"Webdo.tn\",\"url\":\"https:\\\/\\\/www.webdo.tn\\\/fr\\\/\",\"logo\":{\"@type\":\"ImageObject\",\"inLanguage\":\"fr-FR\",\"@id\":\"https:\\\/\\\/www.webdo.tn\\\/fr\\\/#\\\/schema\\\/logo\\\/image\\\/\",\"url\":\"https:\\\/\\\/www.webdo.tn\\\/fr\\\/wp-content\\\/uploads\\\/2025\\\/06\\\/Webdo-Tunisie_168377.jpg\",\"contentUrl\":\"https:\\\/\\\/www.webdo.tn\\\/fr\\\/wp-content\\\/uploads\\\/2025\\\/06\\\/Webdo-Tunisie_168377.jpg\",\"width\":301,\"height\":301,\"caption\":\"Webdo\"},\"image\":{\"@id\":\"https:\\\/\\\/www.webdo.tn\\\/fr\\\/#\\\/schema\\\/logo\\\/image\\\/\"},\"sameAs\":[\"https:\\\/\\\/www.facebook.com\\\/webdotn\",\"https:\\\/\\\/x.com\\\/webdo_tn\"],\"description\":\"Webdo est un m\u00e9dia num\u00e9rique tunisien fond\u00e9 en 2010, sp\u00e9cialis\u00e9 dans l\u2019actualit\u00e9 nationale et internationale, l\u2019\u00e9conomie, la soci\u00e9t\u00e9 et les analyses politiques. Le site s\u2019adresse \u00e0 un large public francophone et couvre l\u2019information tunisienne en temps r\u00e9el.\",\"email\":\"redac@webdo.tn\",\"legalName\":\"YNJ SARL\",\"foundingDate\":\"2010-09-06\",\"numberOfEmployees\":{\"@type\":\"QuantitativeValue\",\"minValue\":\"11\",\"maxValue\":\"50\"}},{\"@type\":\"Person\",\"@id\":\"https:\\\/\\\/www.webdo.tn\\\/fr\\\/#\\\/schema\\\/person\\\/2c4929cbf5a809e3bd38617c6ce150f6\",\"name\":\"MC\",\"image\":{\"@type\":\"ImageObject\",\"inLanguage\":\"fr-FR\",\"@id\":\"https:\\\/\\\/secure.gravatar.com\\\/avatar\\\/a545bbb6f84efdd5553dbbc2895e3ca8f1d12c5215e00a041c9670b54aa9b18a?s=96&d=mm&r=g\",\"url\":\"https:\\\/\\\/secure.gravatar.com\\\/avatar\\\/a545bbb6f84efdd5553dbbc2895e3ca8f1d12c5215e00a041c9670b54aa9b18a?s=96&d=mm&r=g\",\"contentUrl\":\"https:\\\/\\\/secure.gravatar.com\\\/avatar\\\/a545bbb6f84efdd5553dbbc2895e3ca8f1d12c5215e00a041c9670b54aa9b18a?s=96&d=mm&r=g\",\"caption\":\"MC\"},\"url\":\"https:\\\/\\\/www.webdo.tn\\\/fr\\\/actualite\\\/author\\\/mc\\\/\"}]}<\/script>\n<!-- \/ Yoast SEO Premium plugin. -->","yoast_head_json":{"title":"Mandat d\u2019amener lanc\u00e9 contre l\u2019homme de l'ombre d\u2019Ennahda","description":"Le P\u00f4le judiciaire financier a d\u00e9cid\u00e9 d\u2019inclure Najeh Hadj Letaief, plus connu comme \u00e9tant l\u2019homme de l'ombre d\u2019Ennahda , dans le lot des personnes impliqu\u00e9es...","canonical":"https:\/\/www.webdo.tn\/fr\/actualite\/national\/mandat-d-amener-lance-contre-l-homme-de-l-ombre-d-ennahda\/200742\/","og_locale":"fr_FR","og_type":"article","og_title":"Mandat d\u2019amener lanc\u00e9 contre \"l\u2019homme de l'ombre\" d\u2019Ennahda","og_description":"Le P\u00f4le judiciaire financier a d\u00e9cid\u00e9 d\u2019inclure Najeh Hadj Letaief, plus connu comme \u00e9tant l\u2019homme de l'ombre d\u2019Ennahda , dans le lot des personnes impliqu\u00e9es...","og_url":"https:\/\/www.webdo.tn\/fr\/actualite\/national\/mandat-d-amener-lance-contre-l-homme-de-l-ombre-d-ennahda\/200742\/","og_site_name":"webdo","article_publisher":"https:\/\/www.facebook.com\/webdotn","article_published_time":"2022-12-16T12:42:00+00:00","article_modified_time":"2025-05-20T22:06:18+00:00","og_image":[{"width":660,"height":352,"url":"https:\/\/www.webdo.tn\/fr\/wp-content\/uploads\/2022\/12\/460a4e57c994bb308d51cc3b490e5ce0.jpg","type":"image\/jpeg"}],"author":"MC","twitter_card":"summary_large_image","twitter_creator":"@webdo_tn","twitter_site":"@webdo_tn","twitter_misc":{"\u00c9crit par":"MC","Dur\u00e9e de lecture estim\u00e9e":"4 minutes"},"schema":{"@context":"https:\/\/schema.org","@graph":[{"@type":"NewsArticle","@id":"https:\/\/www.webdo.tn\/fr\/actualite\/national\/mandat-d-amener-lance-contre-l-homme-de-l-ombre-d-ennahda\/200742\/#article","isPartOf":{"@id":"https:\/\/www.webdo.tn\/fr\/actualite\/national\/mandat-d-amener-lance-contre-l-homme-de-l-ombre-d-ennahda\/200742\/"},"author":{"name":"MC","@id":"https:\/\/www.webdo.tn\/fr\/#\/schema\/person\/2c4929cbf5a809e3bd38617c6ce150f6"},"headline":"Mandat d\u2019amener lanc\u00e9 contre \u00ab\u00a0l\u2019homme de l&rsquo;ombre\u00a0\u00bb d\u2019Ennahda","datePublished":"2022-12-16T12:42:00+00:00","dateModified":"2025-05-20T22:06:18+00:00","mainEntityOfPage":{"@id":"https:\/\/www.webdo.tn\/fr\/actualite\/national\/mandat-d-amener-lance-contre-l-homme-de-l-ombre-d-ennahda\/200742\/"},"wordCount":778,"commentCount":0,"publisher":{"@id":"https:\/\/www.webdo.tn\/fr\/#organization"},"image":{"@id":"https:\/\/www.webdo.tn\/fr\/actualite\/national\/mandat-d-amener-lance-contre-l-homme-de-l-ombre-d-ennahda\/200742\/#primaryimage"},"thumbnailUrl":"https:\/\/www.webdo.tn\/fr\/wp-content\/uploads\/2022\/12\/460a4e57c994bb308d51cc3b490e5ce0.jpg","keywords":["Ennahdha","justice","Najeh Hadj Letaief","namaa tounes","Tunisie"],"articleSection":["National"],"inLanguage":"fr-FR"},{"@type":"WebPage","@id":"https:\/\/www.webdo.tn\/fr\/actualite\/national\/mandat-d-amener-lance-contre-l-homme-de-l-ombre-d-ennahda\/200742\/","url":"https:\/\/www.webdo.tn\/fr\/actualite\/national\/mandat-d-amener-lance-contre-l-homme-de-l-ombre-d-ennahda\/200742\/","name":"Mandat d\u2019amener lanc\u00e9 contre l\u2019homme de l'ombre d\u2019Ennahda","isPartOf":{"@id":"https:\/\/www.webdo.tn\/fr\/#website"},"primaryImageOfPage":{"@id":"https:\/\/www.webdo.tn\/fr\/actualite\/national\/mandat-d-amener-lance-contre-l-homme-de-l-ombre-d-ennahda\/200742\/#primaryimage"},"image":{"@id":"https:\/\/www.webdo.tn\/fr\/actualite\/national\/mandat-d-amener-lance-contre-l-homme-de-l-ombre-d-ennahda\/200742\/#primaryimage"},"thumbnailUrl":"https:\/\/www.webdo.tn\/fr\/wp-content\/uploads\/2022\/12\/460a4e57c994bb308d51cc3b490e5ce0.jpg","datePublished":"2022-12-16T12:42:00+00:00","dateModified":"2025-05-20T22:06:18+00:00","description":"Le P\u00f4le judiciaire financier a d\u00e9cid\u00e9 d\u2019inclure Najeh Hadj Letaief, plus connu comme \u00e9tant l\u2019homme de l'ombre d\u2019Ennahda , dans le lot des personnes impliqu\u00e9es...","breadcrumb":{"@id":"https:\/\/www.webdo.tn\/fr\/actualite\/national\/mandat-d-amener-lance-contre-l-homme-de-l-ombre-d-ennahda\/200742\/#breadcrumb"},"inLanguage":"fr-FR","potentialAction":[{"@type":"ReadAction","target":["https:\/\/www.webdo.tn\/fr\/actualite\/national\/mandat-d-amener-lance-contre-l-homme-de-l-ombre-d-ennahda\/200742\/"]}]},{"@type":"ImageObject","inLanguage":"fr-FR","@id":"https:\/\/www.webdo.tn\/fr\/actualite\/national\/mandat-d-amener-lance-contre-l-homme-de-l-ombre-d-ennahda\/200742\/#primaryimage","url":"https:\/\/www.webdo.tn\/fr\/wp-content\/uploads\/2022\/12\/460a4e57c994bb308d51cc3b490e5ce0.jpg","contentUrl":"https:\/\/www.webdo.tn\/fr\/wp-content\/uploads\/2022\/12\/460a4e57c994bb308d51cc3b490e5ce0.jpg","width":660,"height":352,"caption":"Mandat d\u2019amener lanc\u00e9 contre \"l\u2019homme de l'ombre\" d\u2019Ennahda"},{"@type":"BreadcrumbList","@id":"https:\/\/www.webdo.tn\/fr\/actualite\/national\/mandat-d-amener-lance-contre-l-homme-de-l-ombre-d-ennahda\/200742\/#breadcrumb","itemListElement":[{"@type":"ListItem","position":1,"name":"Accueil","item":"https:\/\/www.webdo.tn\/fr\/"},{"@type":"ListItem","position":2,"name":"Mandat d\u2019amener lanc\u00e9 contre \u00ab\u00a0l\u2019homme de l&rsquo;ombre\u00a0\u00bb d\u2019Ennahda"}]},{"@type":"WebSite","@id":"https:\/\/www.webdo.tn\/fr\/#website","url":"https:\/\/www.webdo.tn\/fr\/","name":"webdo","description":"Tunisie - News en Tunisie et \u00e0 l&#039;international sur Webdo.tn","publisher":{"@id":"https:\/\/www.webdo.tn\/fr\/#organization"},"potentialAction":[{"@type":"SearchAction","target":{"@type":"EntryPoint","urlTemplate":"https:\/\/www.webdo.tn\/fr\/?s={search_term_string}"},"query-input":{"@type":"PropertyValueSpecification","valueRequired":true,"valueName":"search_term_string"}}],"inLanguage":"fr-FR"},{"@type":"Organization","@id":"https:\/\/www.webdo.tn\/fr\/#organization","name":"Webdo","alternateName":"Webdo.tn","url":"https:\/\/www.webdo.tn\/fr\/","logo":{"@type":"ImageObject","inLanguage":"fr-FR","@id":"https:\/\/www.webdo.tn\/fr\/#\/schema\/logo\/image\/","url":"https:\/\/www.webdo.tn\/fr\/wp-content\/uploads\/2025\/06\/Webdo-Tunisie_168377.jpg","contentUrl":"https:\/\/www.webdo.tn\/fr\/wp-content\/uploads\/2025\/06\/Webdo-Tunisie_168377.jpg","width":301,"height":301,"caption":"Webdo"},"image":{"@id":"https:\/\/www.webdo.tn\/fr\/#\/schema\/logo\/image\/"},"sameAs":["https:\/\/www.facebook.com\/webdotn","https:\/\/x.com\/webdo_tn"],"description":"Webdo est un m\u00e9dia num\u00e9rique tunisien fond\u00e9 en 2010, sp\u00e9cialis\u00e9 dans l\u2019actualit\u00e9 nationale et internationale, l\u2019\u00e9conomie, la soci\u00e9t\u00e9 et les analyses politiques. Le site s\u2019adresse \u00e0 un large public francophone et couvre l\u2019information tunisienne en temps r\u00e9el.","email":"redac@webdo.tn","legalName":"YNJ SARL","foundingDate":"2010-09-06","numberOfEmployees":{"@type":"QuantitativeValue","minValue":"11","maxValue":"50"}},{"@type":"Person","@id":"https:\/\/www.webdo.tn\/fr\/#\/schema\/person\/2c4929cbf5a809e3bd38617c6ce150f6","name":"MC","image":{"@type":"ImageObject","inLanguage":"fr-FR","@id":"https:\/\/secure.gravatar.com\/avatar\/a545bbb6f84efdd5553dbbc2895e3ca8f1d12c5215e00a041c9670b54aa9b18a?s=96&d=mm&r=g","url":"https:\/\/secure.gravatar.com\/avatar\/a545bbb6f84efdd5553dbbc2895e3ca8f1d12c5215e00a041c9670b54aa9b18a?s=96&d=mm&r=g","contentUrl":"https:\/\/secure.gravatar.com\/avatar\/a545bbb6f84efdd5553dbbc2895e3ca8f1d12c5215e00a041c9670b54aa9b18a?s=96&d=mm&r=g","caption":"MC"},"url":"https:\/\/www.webdo.tn\/fr\/actualite\/author\/mc\/"}]}},"_links":{"self":[{"href":"https:\/\/www.webdo.tn\/fr\/wp-json\/wp\/v2\/posts\/200742","targetHints":{"allow":["GET"]}}],"collection":[{"href":"https:\/\/www.webdo.tn\/fr\/wp-json\/wp\/v2\/posts"}],"about":[{"href":"https:\/\/www.webdo.tn\/fr\/wp-json\/wp\/v2\/types\/post"}],"author":[{"embeddable":true,"href":"https:\/\/www.webdo.tn\/fr\/wp-json\/wp\/v2\/users\/3162"}],"replies":[{"embeddable":true,"href":"https:\/\/www.webdo.tn\/fr\/wp-json\/wp\/v2\/comments?post=200742"}],"version-history":[{"count":0,"href":"https:\/\/www.webdo.tn\/fr\/wp-json\/wp\/v2\/posts\/200742\/revisions"}],"wp:featuredmedia":[{"embeddable":true,"href":"https:\/\/www.webdo.tn\/fr\/wp-json\/wp\/v2\/media\/277412"}],"wp:attachment":[{"href":"https:\/\/www.webdo.tn\/fr\/wp-json\/wp\/v2\/media?parent=200742"}],"wp:term":[{"taxonomy":"category","embeddable":true,"href":"https:\/\/www.webdo.tn\/fr\/wp-json\/wp\/v2\/categories?post=200742"},{"taxonomy":"post_tag","embeddable":true,"href":"https:\/\/www.webdo.tn\/fr\/wp-json\/wp\/v2\/tags?post=200742"}],"curies":[{"name":"wp","href":"https:\/\/api.w.org\/{rel}","templated":true}]}}