{"id":200735,"date":"2022-12-16T10:29:00","date_gmt":"2022-12-16T10:29:00","guid":{"rendered":"https:\/\/www.webdo.tn\/fr\/blog\/l-ancien-depute-anouar-bechahed-dement-les-propos-de-kais-saied\/200735\/"},"modified":"2025-05-20T22:06:16","modified_gmt":"2025-05-20T22:06:16","slug":"l-ancien-depute-anouar-bechahed-dement-les-propos-de-kais-saied","status":"publish","type":"post","link":"https:\/\/www.webdo.tn\/fr\/actualite\/national\/l-ancien-depute-anouar-bechahed-dement-les-propos-de-kais-saied\/200735\/","title":{"rendered":"L\u2019ancien d\u00e9put\u00e9 Anouar Bechahed d\u00e9ment les propos de Kais Saied"},"content":{"rendered":"<p>On se rappelle tous la violente bagarre qui a \u00e9clat\u00e9 le 7 d\u00e9cembre 2020 au sein de l\u2019Assembl\u00e9e des repr\u00e9sentants du peuple, mettant aux prises les d\u00e9put\u00e9s de la Coalition Al Karama et ceux du Courant d\u00e9mocrate.<\/p>\n<p>\t\t\t\t\t\t\t\t\tCe jour-l\u00e0, le d\u00e9put\u00e9 d&rsquo;Attayar, Anouar Bechahed avait \u00e9t\u00e9 violemment agress\u00e9. Suite \u00e0 cet incident il avait \u00e9t\u00e9 re\u00e7u par le pr\u00e9sident Kais Saied.<\/p>\n<p>Anouar Bechahed est revenu sur cette affaire, hier soir, pour d\u00e9mentir les propos qu\u2019a \u00e9chang\u00e9s le Chef de l\u2019Etat mardi, \u00e0 Washington, avec le secr\u00e9taire d&rsquo;Etat am\u00e9ricain, Antony Blinken.<\/p>\n<p>Kais Saied aurait expliqu\u00e9 que la d\u00e9cision de dissoudre le Parlement fait suite \u00e0 une demande d\u2019Anouar Bechahed, en marge de son agression. Ce dernier a d\u00e9menti !<\/p>\n<p>\u00a0\u00bb (\u2026) Il a laiss\u00e9 entendre que je lui avais demand\u00e9 de dissoudre le Parlement. Comment puis-je lui demander une telle chose alors que je crois en la supr\u00e9matie de la loi et que j&rsquo;ai jur\u00e9 de respecter la constitution sachant pertinemment qu&rsquo;il n&rsquo;avait aucune autorit\u00e9 pour le faire en dehors des cadres constitutionnels et que je n&rsquo;accepterais pas \u00eatre \u00e0 l\u2019origine d&rsquo;un pr\u00e9c\u00e9dent historique dans la violation de la constitution\u00a0\u00bb, a lanc\u00e9 Anouar Bechahed.<\/p>\n<p>\u00ab\u00a0Il est \u00e0 noter que lors de ma rencontre avec le pr\u00e9sident de la R\u00e9publique, il avait monopolis\u00e9 la parole (\u2026). Peut-\u00eatre que son incapacit\u00e9 \u00e0 \u00e9couter lui fait croire que ce qu&rsquo;il pensait lui avait \u00e9t\u00e9 dit\u00a0\u00bb, a ajout\u00e9 l\u2019ancien d\u00e9put\u00e9.<\/p>\n<p>Rappelons que des d\u00e9put\u00e9s en \u00e9taient venus aux mains au sein de l\u2019ARP \u00e0 l&rsquo;ext\u00e9rieur de la salle de la pl\u00e9ni\u00e8re. Une bagarre d\u00e9clench\u00e9e apr\u00e8s qu&rsquo;un d\u00e9put\u00e9 d&rsquo;Al Karama ait agress\u00e9 physiquement un d\u00e9put\u00e9 du Bloc d\u00e9mocratique.<\/p>\n","protected":false},"excerpt":{"rendered":"<p>On se rappelle tous la violente bagarre qui a \u00e9clat\u00e9 le 7 d\u00e9cembre 2020 au sein de l\u2019Assembl\u00e9e des repr\u00e9sentants du peuple, mettant aux prises les d\u00e9put\u00e9s de la&#8230;<\/p>\n","protected":false},"author":3162,"featured_media":277409,"comment_status":"open","ping_status":"closed","sticky":false,"template":"","format":"standard","meta":{"footnotes":""},"categories":[44],"tags":[3435,9212,2813,8052,3267],"class_list":["post-200735","post","type-post","status-publish","format-standard","has-post-thumbnail","hentry","category-national","tag-agression","tag-anouar-bechahed","tag-arp","tag-dementi","tag-dissolution"],"yoast_head":"<!-- This site is optimized with the Yoast SEO Premium plugin v27.5 (Yoast SEO v27.5) - https:\/\/yoast.com\/product\/yoast-seo-premium-wordpress\/ -->\n<title>L\u2019ancien d\u00e9put\u00e9 Anouar Bechahed d\u00e9ment les propos de Kais Saied<\/title>\n<meta name=\"description\" content=\"On se rappelle tous la violente bagarre qui a \u00e9clat\u00e9 le 7 d\u00e9cembre 2020 au sein de l\u2019Assembl\u00e9e des repr\u00e9sentants du peuple, mettant aux prises les d\u00e9put\u00e9s de la...\" \/>\n<link rel=\"canonical\" href=\"https:\/\/www.webdo.tn\/fr\/actualite\/national\/l-ancien-depute-anouar-bechahed-dement-les-propos-de-kais-saied\/200735\/\" \/>\n<meta property=\"og:locale\" content=\"fr_FR\" \/>\n<meta property=\"og:type\" content=\"article\" \/>\n<meta property=\"og:title\" content=\"L\u2019ancien d\u00e9put\u00e9 Anouar Bechahed d\u00e9ment les propos de Kais Saied\" \/>\n<meta property=\"og:description\" content=\"On se rappelle tous la violente bagarre qui a \u00e9clat\u00e9 le 7 d\u00e9cembre 2020 au sein de l\u2019Assembl\u00e9e des repr\u00e9sentants du peuple, mettant aux prises les d\u00e9put\u00e9s de la...\" \/>\n<meta property=\"og:url\" content=\"https:\/\/www.webdo.tn\/fr\/actualite\/national\/l-ancien-depute-anouar-bechahed-dement-les-propos-de-kais-saied\/200735\/\" \/>\n<meta property=\"og:site_name\" content=\"webdo\" \/>\n<meta property=\"article:publisher\" content=\"https:\/\/www.facebook.com\/webdotn\" \/>\n<meta property=\"article:published_time\" content=\"2022-12-16T10:29:00+00:00\" \/>\n<meta property=\"article:modified_time\" content=\"2025-05-20T22:06:16+00:00\" \/>\n<meta property=\"og:image\" content=\"https:\/\/www.webdo.tn\/fr\/wp-content\/uploads\/2022\/12\/a13a228f2e83def1b0e2e39e7019660a.jpg\" \/>\n\t<meta property=\"og:image:width\" content=\"626\" \/>\n\t<meta property=\"og:image:height\" content=\"334\" \/>\n\t<meta property=\"og:image:type\" content=\"image\/jpeg\" \/>\n<meta name=\"author\" content=\"MC\" \/>\n<meta name=\"twitter:card\" content=\"summary_large_image\" \/>\n<meta name=\"twitter:creator\" content=\"@webdo_tn\" \/>\n<meta name=\"twitter:site\" content=\"@webdo_tn\" \/>\n<meta name=\"twitter:label1\" content=\"\u00c9crit par\" \/>\n\t<meta name=\"twitter:data1\" content=\"MC\" \/>\n\t<meta name=\"twitter:label2\" content=\"Dur\u00e9e de lecture estim\u00e9e\" \/>\n\t<meta name=\"twitter:data2\" content=\"1 minute\" \/>\n<script type=\"application\/ld+json\" class=\"yoast-schema-graph\">{\"@context\":\"https:\\\/\\\/schema.org\",\"@graph\":[{\"@type\":\"NewsArticle\",\"@id\":\"https:\\\/\\\/www.webdo.tn\\\/fr\\\/actualite\\\/national\\\/l-ancien-depute-anouar-bechahed-dement-les-propos-de-kais-saied\\\/200735\\\/#article\",\"isPartOf\":{\"@id\":\"https:\\\/\\\/www.webdo.tn\\\/fr\\\/actualite\\\/national\\\/l-ancien-depute-anouar-bechahed-dement-les-propos-de-kais-saied\\\/200735\\\/\"},\"author\":{\"name\":\"MC\",\"@id\":\"https:\\\/\\\/www.webdo.tn\\\/fr\\\/#\\\/schema\\\/person\\\/2c4929cbf5a809e3bd38617c6ce150f6\"},\"headline\":\"L\u2019ancien d\u00e9put\u00e9 Anouar Bechahed d\u00e9ment les propos de Kais Saied\",\"datePublished\":\"2022-12-16T10:29:00+00:00\",\"dateModified\":\"2025-05-20T22:06:16+00:00\",\"mainEntityOfPage\":{\"@id\":\"https:\\\/\\\/www.webdo.tn\\\/fr\\\/actualite\\\/national\\\/l-ancien-depute-anouar-bechahed-dement-les-propos-de-kais-saied\\\/200735\\\/\"},\"wordCount\":323,\"commentCount\":0,\"publisher\":{\"@id\":\"https:\\\/\\\/www.webdo.tn\\\/fr\\\/#organization\"},\"image\":{\"@id\":\"https:\\\/\\\/www.webdo.tn\\\/fr\\\/actualite\\\/national\\\/l-ancien-depute-anouar-bechahed-dement-les-propos-de-kais-saied\\\/200735\\\/#primaryimage\"},\"thumbnailUrl\":\"https:\\\/\\\/www.webdo.tn\\\/fr\\\/wp-content\\\/uploads\\\/2022\\\/12\\\/a13a228f2e83def1b0e2e39e7019660a.jpg\",\"keywords\":[\"agression\",\"anouar bechahed\",\"ARP\",\"d\u00e9menti\",\"dissolution\"],\"articleSection\":[\"National\"],\"inLanguage\":\"fr-FR\"},{\"@type\":\"WebPage\",\"@id\":\"https:\\\/\\\/www.webdo.tn\\\/fr\\\/actualite\\\/national\\\/l-ancien-depute-anouar-bechahed-dement-les-propos-de-kais-saied\\\/200735\\\/\",\"url\":\"https:\\\/\\\/www.webdo.tn\\\/fr\\\/actualite\\\/national\\\/l-ancien-depute-anouar-bechahed-dement-les-propos-de-kais-saied\\\/200735\\\/\",\"name\":\"L\u2019ancien d\u00e9put\u00e9 Anouar Bechahed d\u00e9ment les propos de Kais Saied\",\"isPartOf\":{\"@id\":\"https:\\\/\\\/www.webdo.tn\\\/fr\\\/#website\"},\"primaryImageOfPage\":{\"@id\":\"https:\\\/\\\/www.webdo.tn\\\/fr\\\/actualite\\\/national\\\/l-ancien-depute-anouar-bechahed-dement-les-propos-de-kais-saied\\\/200735\\\/#primaryimage\"},\"image\":{\"@id\":\"https:\\\/\\\/www.webdo.tn\\\/fr\\\/actualite\\\/national\\\/l-ancien-depute-anouar-bechahed-dement-les-propos-de-kais-saied\\\/200735\\\/#primaryimage\"},\"thumbnailUrl\":\"https:\\\/\\\/www.webdo.tn\\\/fr\\\/wp-content\\\/uploads\\\/2022\\\/12\\\/a13a228f2e83def1b0e2e39e7019660a.jpg\",\"datePublished\":\"2022-12-16T10:29:00+00:00\",\"dateModified\":\"2025-05-20T22:06:16+00:00\",\"description\":\"On se rappelle tous la violente bagarre qui a \u00e9clat\u00e9 le 7 d\u00e9cembre 2020 au sein de l\u2019Assembl\u00e9e des repr\u00e9sentants du peuple, mettant aux prises les d\u00e9put\u00e9s de la...\",\"breadcrumb\":{\"@id\":\"https:\\\/\\\/www.webdo.tn\\\/fr\\\/actualite\\\/national\\\/l-ancien-depute-anouar-bechahed-dement-les-propos-de-kais-saied\\\/200735\\\/#breadcrumb\"},\"inLanguage\":\"fr-FR\",\"potentialAction\":[{\"@type\":\"ReadAction\",\"target\":[\"https:\\\/\\\/www.webdo.tn\\\/fr\\\/actualite\\\/national\\\/l-ancien-depute-anouar-bechahed-dement-les-propos-de-kais-saied\\\/200735\\\/\"]}]},{\"@type\":\"ImageObject\",\"inLanguage\":\"fr-FR\",\"@id\":\"https:\\\/\\\/www.webdo.tn\\\/fr\\\/actualite\\\/national\\\/l-ancien-depute-anouar-bechahed-dement-les-propos-de-kais-saied\\\/200735\\\/#primaryimage\",\"url\":\"https:\\\/\\\/www.webdo.tn\\\/fr\\\/wp-content\\\/uploads\\\/2022\\\/12\\\/a13a228f2e83def1b0e2e39e7019660a.jpg\",\"contentUrl\":\"https:\\\/\\\/www.webdo.tn\\\/fr\\\/wp-content\\\/uploads\\\/2022\\\/12\\\/a13a228f2e83def1b0e2e39e7019660a.jpg\",\"width\":626,\"height\":334,\"caption\":\"Anouar Bechahed\"},{\"@type\":\"BreadcrumbList\",\"@id\":\"https:\\\/\\\/www.webdo.tn\\\/fr\\\/actualite\\\/national\\\/l-ancien-depute-anouar-bechahed-dement-les-propos-de-kais-saied\\\/200735\\\/#breadcrumb\",\"itemListElement\":[{\"@type\":\"ListItem\",\"position\":1,\"name\":\"Accueil\",\"item\":\"https:\\\/\\\/www.webdo.tn\\\/fr\\\/\"},{\"@type\":\"ListItem\",\"position\":2,\"name\":\"L\u2019ancien d\u00e9put\u00e9 Anouar Bechahed d\u00e9ment les propos de Kais Saied\"}]},{\"@type\":\"WebSite\",\"@id\":\"https:\\\/\\\/www.webdo.tn\\\/fr\\\/#website\",\"url\":\"https:\\\/\\\/www.webdo.tn\\\/fr\\\/\",\"name\":\"webdo\",\"description\":\"Tunisie - News en Tunisie et \u00e0 l&#039;international sur Webdo.tn\",\"publisher\":{\"@id\":\"https:\\\/\\\/www.webdo.tn\\\/fr\\\/#organization\"},\"potentialAction\":[{\"@type\":\"SearchAction\",\"target\":{\"@type\":\"EntryPoint\",\"urlTemplate\":\"https:\\\/\\\/www.webdo.tn\\\/fr\\\/?s={search_term_string}\"},\"query-input\":{\"@type\":\"PropertyValueSpecification\",\"valueRequired\":true,\"valueName\":\"search_term_string\"}}],\"inLanguage\":\"fr-FR\"},{\"@type\":\"Organization\",\"@id\":\"https:\\\/\\\/www.webdo.tn\\\/fr\\\/#organization\",\"name\":\"Webdo\",\"alternateName\":\"Webdo.tn\",\"url\":\"https:\\\/\\\/www.webdo.tn\\\/fr\\\/\",\"logo\":{\"@type\":\"ImageObject\",\"inLanguage\":\"fr-FR\",\"@id\":\"https:\\\/\\\/www.webdo.tn\\\/fr\\\/#\\\/schema\\\/logo\\\/image\\\/\",\"url\":\"https:\\\/\\\/www.webdo.tn\\\/fr\\\/wp-content\\\/uploads\\\/2025\\\/06\\\/Webdo-Tunisie_168377.jpg\",\"contentUrl\":\"https:\\\/\\\/www.webdo.tn\\\/fr\\\/wp-content\\\/uploads\\\/2025\\\/06\\\/Webdo-Tunisie_168377.jpg\",\"width\":301,\"height\":301,\"caption\":\"Webdo\"},\"image\":{\"@id\":\"https:\\\/\\\/www.webdo.tn\\\/fr\\\/#\\\/schema\\\/logo\\\/image\\\/\"},\"sameAs\":[\"https:\\\/\\\/www.facebook.com\\\/webdotn\",\"https:\\\/\\\/x.com\\\/webdo_tn\"],\"description\":\"Webdo est un m\u00e9dia num\u00e9rique tunisien fond\u00e9 en 2010, sp\u00e9cialis\u00e9 dans l\u2019actualit\u00e9 nationale et internationale, l\u2019\u00e9conomie, la soci\u00e9t\u00e9 et les analyses politiques. Le site s\u2019adresse \u00e0 un large public francophone et couvre l\u2019information tunisienne en temps r\u00e9el.\",\"email\":\"redac@webdo.tn\",\"legalName\":\"YNJ SARL\",\"foundingDate\":\"2010-09-06\",\"numberOfEmployees\":{\"@type\":\"QuantitativeValue\",\"minValue\":\"11\",\"maxValue\":\"50\"}},{\"@type\":\"Person\",\"@id\":\"https:\\\/\\\/www.webdo.tn\\\/fr\\\/#\\\/schema\\\/person\\\/2c4929cbf5a809e3bd38617c6ce150f6\",\"name\":\"MC\",\"image\":{\"@type\":\"ImageObject\",\"inLanguage\":\"fr-FR\",\"@id\":\"https:\\\/\\\/secure.gravatar.com\\\/avatar\\\/a545bbb6f84efdd5553dbbc2895e3ca8f1d12c5215e00a041c9670b54aa9b18a?s=96&d=mm&r=g\",\"url\":\"https:\\\/\\\/secure.gravatar.com\\\/avatar\\\/a545bbb6f84efdd5553dbbc2895e3ca8f1d12c5215e00a041c9670b54aa9b18a?s=96&d=mm&r=g\",\"contentUrl\":\"https:\\\/\\\/secure.gravatar.com\\\/avatar\\\/a545bbb6f84efdd5553dbbc2895e3ca8f1d12c5215e00a041c9670b54aa9b18a?s=96&d=mm&r=g\",\"caption\":\"MC\"},\"url\":\"https:\\\/\\\/www.webdo.tn\\\/fr\\\/actualite\\\/author\\\/mc\\\/\"}]}<\/script>\n<!-- \/ Yoast SEO Premium plugin. -->","yoast_head_json":{"title":"L\u2019ancien d\u00e9put\u00e9 Anouar Bechahed d\u00e9ment les propos de Kais Saied","description":"On se rappelle tous la violente bagarre qui a \u00e9clat\u00e9 le 7 d\u00e9cembre 2020 au sein de l\u2019Assembl\u00e9e des repr\u00e9sentants du peuple, mettant aux prises les d\u00e9put\u00e9s de la...","canonical":"https:\/\/www.webdo.tn\/fr\/actualite\/national\/l-ancien-depute-anouar-bechahed-dement-les-propos-de-kais-saied\/200735\/","og_locale":"fr_FR","og_type":"article","og_title":"L\u2019ancien d\u00e9put\u00e9 Anouar Bechahed d\u00e9ment les propos de Kais Saied","og_description":"On se rappelle tous la violente bagarre qui a \u00e9clat\u00e9 le 7 d\u00e9cembre 2020 au sein de l\u2019Assembl\u00e9e des repr\u00e9sentants du peuple, mettant aux prises les d\u00e9put\u00e9s de la...","og_url":"https:\/\/www.webdo.tn\/fr\/actualite\/national\/l-ancien-depute-anouar-bechahed-dement-les-propos-de-kais-saied\/200735\/","og_site_name":"webdo","article_publisher":"https:\/\/www.facebook.com\/webdotn","article_published_time":"2022-12-16T10:29:00+00:00","article_modified_time":"2025-05-20T22:06:16+00:00","og_image":[{"width":626,"height":334,"url":"https:\/\/www.webdo.tn\/fr\/wp-content\/uploads\/2022\/12\/a13a228f2e83def1b0e2e39e7019660a.jpg","type":"image\/jpeg"}],"author":"MC","twitter_card":"summary_large_image","twitter_creator":"@webdo_tn","twitter_site":"@webdo_tn","twitter_misc":{"\u00c9crit par":"MC","Dur\u00e9e de lecture estim\u00e9e":"1 minute"},"schema":{"@context":"https:\/\/schema.org","@graph":[{"@type":"NewsArticle","@id":"https:\/\/www.webdo.tn\/fr\/actualite\/national\/l-ancien-depute-anouar-bechahed-dement-les-propos-de-kais-saied\/200735\/#article","isPartOf":{"@id":"https:\/\/www.webdo.tn\/fr\/actualite\/national\/l-ancien-depute-anouar-bechahed-dement-les-propos-de-kais-saied\/200735\/"},"author":{"name":"MC","@id":"https:\/\/www.webdo.tn\/fr\/#\/schema\/person\/2c4929cbf5a809e3bd38617c6ce150f6"},"headline":"L\u2019ancien d\u00e9put\u00e9 Anouar Bechahed d\u00e9ment les propos de Kais Saied","datePublished":"2022-12-16T10:29:00+00:00","dateModified":"2025-05-20T22:06:16+00:00","mainEntityOfPage":{"@id":"https:\/\/www.webdo.tn\/fr\/actualite\/national\/l-ancien-depute-anouar-bechahed-dement-les-propos-de-kais-saied\/200735\/"},"wordCount":323,"commentCount":0,"publisher":{"@id":"https:\/\/www.webdo.tn\/fr\/#organization"},"image":{"@id":"https:\/\/www.webdo.tn\/fr\/actualite\/national\/l-ancien-depute-anouar-bechahed-dement-les-propos-de-kais-saied\/200735\/#primaryimage"},"thumbnailUrl":"https:\/\/www.webdo.tn\/fr\/wp-content\/uploads\/2022\/12\/a13a228f2e83def1b0e2e39e7019660a.jpg","keywords":["agression","anouar bechahed","ARP","d\u00e9menti","dissolution"],"articleSection":["National"],"inLanguage":"fr-FR"},{"@type":"WebPage","@id":"https:\/\/www.webdo.tn\/fr\/actualite\/national\/l-ancien-depute-anouar-bechahed-dement-les-propos-de-kais-saied\/200735\/","url":"https:\/\/www.webdo.tn\/fr\/actualite\/national\/l-ancien-depute-anouar-bechahed-dement-les-propos-de-kais-saied\/200735\/","name":"L\u2019ancien d\u00e9put\u00e9 Anouar Bechahed d\u00e9ment les propos de Kais Saied","isPartOf":{"@id":"https:\/\/www.webdo.tn\/fr\/#website"},"primaryImageOfPage":{"@id":"https:\/\/www.webdo.tn\/fr\/actualite\/national\/l-ancien-depute-anouar-bechahed-dement-les-propos-de-kais-saied\/200735\/#primaryimage"},"image":{"@id":"https:\/\/www.webdo.tn\/fr\/actualite\/national\/l-ancien-depute-anouar-bechahed-dement-les-propos-de-kais-saied\/200735\/#primaryimage"},"thumbnailUrl":"https:\/\/www.webdo.tn\/fr\/wp-content\/uploads\/2022\/12\/a13a228f2e83def1b0e2e39e7019660a.jpg","datePublished":"2022-12-16T10:29:00+00:00","dateModified":"2025-05-20T22:06:16+00:00","description":"On se rappelle tous la violente bagarre qui a \u00e9clat\u00e9 le 7 d\u00e9cembre 2020 au sein de l\u2019Assembl\u00e9e des repr\u00e9sentants du peuple, mettant aux prises les d\u00e9put\u00e9s de la...","breadcrumb":{"@id":"https:\/\/www.webdo.tn\/fr\/actualite\/national\/l-ancien-depute-anouar-bechahed-dement-les-propos-de-kais-saied\/200735\/#breadcrumb"},"inLanguage":"fr-FR","potentialAction":[{"@type":"ReadAction","target":["https:\/\/www.webdo.tn\/fr\/actualite\/national\/l-ancien-depute-anouar-bechahed-dement-les-propos-de-kais-saied\/200735\/"]}]},{"@type":"ImageObject","inLanguage":"fr-FR","@id":"https:\/\/www.webdo.tn\/fr\/actualite\/national\/l-ancien-depute-anouar-bechahed-dement-les-propos-de-kais-saied\/200735\/#primaryimage","url":"https:\/\/www.webdo.tn\/fr\/wp-content\/uploads\/2022\/12\/a13a228f2e83def1b0e2e39e7019660a.jpg","contentUrl":"https:\/\/www.webdo.tn\/fr\/wp-content\/uploads\/2022\/12\/a13a228f2e83def1b0e2e39e7019660a.jpg","width":626,"height":334,"caption":"Anouar Bechahed"},{"@type":"BreadcrumbList","@id":"https:\/\/www.webdo.tn\/fr\/actualite\/national\/l-ancien-depute-anouar-bechahed-dement-les-propos-de-kais-saied\/200735\/#breadcrumb","itemListElement":[{"@type":"ListItem","position":1,"name":"Accueil","item":"https:\/\/www.webdo.tn\/fr\/"},{"@type":"ListItem","position":2,"name":"L\u2019ancien d\u00e9put\u00e9 Anouar Bechahed d\u00e9ment les propos de Kais Saied"}]},{"@type":"WebSite","@id":"https:\/\/www.webdo.tn\/fr\/#website","url":"https:\/\/www.webdo.tn\/fr\/","name":"webdo","description":"Tunisie - News en Tunisie et \u00e0 l&#039;international sur Webdo.tn","publisher":{"@id":"https:\/\/www.webdo.tn\/fr\/#organization"},"potentialAction":[{"@type":"SearchAction","target":{"@type":"EntryPoint","urlTemplate":"https:\/\/www.webdo.tn\/fr\/?s={search_term_string}"},"query-input":{"@type":"PropertyValueSpecification","valueRequired":true,"valueName":"search_term_string"}}],"inLanguage":"fr-FR"},{"@type":"Organization","@id":"https:\/\/www.webdo.tn\/fr\/#organization","name":"Webdo","alternateName":"Webdo.tn","url":"https:\/\/www.webdo.tn\/fr\/","logo":{"@type":"ImageObject","inLanguage":"fr-FR","@id":"https:\/\/www.webdo.tn\/fr\/#\/schema\/logo\/image\/","url":"https:\/\/www.webdo.tn\/fr\/wp-content\/uploads\/2025\/06\/Webdo-Tunisie_168377.jpg","contentUrl":"https:\/\/www.webdo.tn\/fr\/wp-content\/uploads\/2025\/06\/Webdo-Tunisie_168377.jpg","width":301,"height":301,"caption":"Webdo"},"image":{"@id":"https:\/\/www.webdo.tn\/fr\/#\/schema\/logo\/image\/"},"sameAs":["https:\/\/www.facebook.com\/webdotn","https:\/\/x.com\/webdo_tn"],"description":"Webdo est un m\u00e9dia num\u00e9rique tunisien fond\u00e9 en 2010, sp\u00e9cialis\u00e9 dans l\u2019actualit\u00e9 nationale et internationale, l\u2019\u00e9conomie, la soci\u00e9t\u00e9 et les analyses politiques. Le site s\u2019adresse \u00e0 un large public francophone et couvre l\u2019information tunisienne en temps r\u00e9el.","email":"redac@webdo.tn","legalName":"YNJ SARL","foundingDate":"2010-09-06","numberOfEmployees":{"@type":"QuantitativeValue","minValue":"11","maxValue":"50"}},{"@type":"Person","@id":"https:\/\/www.webdo.tn\/fr\/#\/schema\/person\/2c4929cbf5a809e3bd38617c6ce150f6","name":"MC","image":{"@type":"ImageObject","inLanguage":"fr-FR","@id":"https:\/\/secure.gravatar.com\/avatar\/a545bbb6f84efdd5553dbbc2895e3ca8f1d12c5215e00a041c9670b54aa9b18a?s=96&d=mm&r=g","url":"https:\/\/secure.gravatar.com\/avatar\/a545bbb6f84efdd5553dbbc2895e3ca8f1d12c5215e00a041c9670b54aa9b18a?s=96&d=mm&r=g","contentUrl":"https:\/\/secure.gravatar.com\/avatar\/a545bbb6f84efdd5553dbbc2895e3ca8f1d12c5215e00a041c9670b54aa9b18a?s=96&d=mm&r=g","caption":"MC"},"url":"https:\/\/www.webdo.tn\/fr\/actualite\/author\/mc\/"}]}},"_links":{"self":[{"href":"https:\/\/www.webdo.tn\/fr\/wp-json\/wp\/v2\/posts\/200735","targetHints":{"allow":["GET"]}}],"collection":[{"href":"https:\/\/www.webdo.tn\/fr\/wp-json\/wp\/v2\/posts"}],"about":[{"href":"https:\/\/www.webdo.tn\/fr\/wp-json\/wp\/v2\/types\/post"}],"author":[{"embeddable":true,"href":"https:\/\/www.webdo.tn\/fr\/wp-json\/wp\/v2\/users\/3162"}],"replies":[{"embeddable":true,"href":"https:\/\/www.webdo.tn\/fr\/wp-json\/wp\/v2\/comments?post=200735"}],"version-history":[{"count":0,"href":"https:\/\/www.webdo.tn\/fr\/wp-json\/wp\/v2\/posts\/200735\/revisions"}],"wp:featuredmedia":[{"embeddable":true,"href":"https:\/\/www.webdo.tn\/fr\/wp-json\/wp\/v2\/media\/277409"}],"wp:attachment":[{"href":"https:\/\/www.webdo.tn\/fr\/wp-json\/wp\/v2\/media?parent=200735"}],"wp:term":[{"taxonomy":"category","embeddable":true,"href":"https:\/\/www.webdo.tn\/fr\/wp-json\/wp\/v2\/categories?post=200735"},{"taxonomy":"post_tag","embeddable":true,"href":"https:\/\/www.webdo.tn\/fr\/wp-json\/wp\/v2\/tags?post=200735"}],"curies":[{"name":"wp","href":"https:\/\/api.w.org\/{rel}","templated":true}]}}