{"id":200715,"date":"2022-12-15T19:05:00","date_gmt":"2022-12-15T19:05:00","guid":{"rendered":"https:\/\/www.webdo.tn\/fr\/actualite\/blog\/rfr-le-ligne-e-fin-prete\/200715\/"},"modified":"2025-05-22T11:40:49","modified_gmt":"2025-05-22T11:40:49","slug":"rfr-le-ligne-e-fin-prete","status":"publish","type":"post","link":"https:\/\/www.webdo.tn\/fr\/actualite\/national\/rfr-le-ligne-e-fin-prete\/200715\/","title":{"rendered":"RFR : Le ligne E fin pr\u00eate !"},"content":{"rendered":"<p>La Soci\u00e9t\u00e9 du R\u00e9seau Ferroviaire Rapide de Tunis a fait savoir, jeudi, que le r\u00e9seau RFR est pr\u00eat \u00e0 \u00eatre exploit\u00e9 au niveau de la ligne E (Tunis- Ezzouhour- Zahrouni- S\u00e9joumi)\u00a0\u00bb.<\/p>\n<p> R\u00e9agissant \u00e0 des infos circulant sur des probl\u00e8mes de gestion au sein de l&rsquo;entreprise, la soci\u00e9t\u00e9 a fait savoir dans un communiqu\u00e9 que l\u2019ensemble des exp\u00e9rimentations techniques concernant l&rsquo;infrastructure de la ligne E, qui s\u2019\u00e9tend sur une longueur de 12,9 km, ont \u00e9t\u00e9 men\u00e9es, avec succ\u00e8s, depuis septembre 2022.<\/p>\n<p>Toutefois, elle a not\u00e9 qu\u2019afin de pouvoir entamer l&rsquo;exploitation de la nouvelle ligne du RFR, la Soci\u00e9t\u00e9 Nationale des Chemins de Fer Tunisiens a \u00e9t\u00e9 charg\u00e9e de la finalisation des proc\u00e9dures r\u00e9glementaires et de la formation des agents charg\u00e9s de l&rsquo;exploitation, afin d\u2019assurer la s\u00e9curit\u00e9 des utilisateurs potentiels de ces trains.<\/p>\n<p>La soci\u00e9t\u00e9 a rappel\u00e9 que la r\u00e9alisation du projet du RFR a \u00e9t\u00e9 interrompue, \u00e0 plusieurs reprises, notamment lors de sa premi\u00e8re phase, \u00e0 cause des probl\u00e8mes fonciers, ainsi que des mouvements sociaux, observ\u00e9s durant le mois de janvier 2011, outre la r\u00e9siliation du contrat conclu avec un promoteur, fin 2017 \u00e0 la suite d&rsquo;un manquement \u00e0 ses obligations, et le renouvellement de l&rsquo;appel d&rsquo;offres, ce qui a permis la conclusion d&rsquo;un nouveau contrat, fin 2019.<\/p>\n<p>Evoquant l\u2019incident de d\u00e9raillement de l&rsquo;un de nouveaux trains, la soci\u00e9t\u00e9 a pr\u00e9cis\u00e9 que ceci a \u00e9t\u00e9 enregistr\u00e9 durant l\u2019ann\u00e9e 2019 lors de sa traction du port de Rad\u00e8s \u00e0 l&rsquo;entrep\u00f4t de Sidi Fathallah, ajoutant que la soci\u00e9t\u00e9 n\u2019est pas responsable de cet accident.<\/p>\n","protected":false},"excerpt":{"rendered":"<p>La Soci\u00e9t\u00e9 du R\u00e9seau Ferroviaire Rapide de Tunis a fait savoir, jeudi, que le r\u00e9seau RFR est pr\u00eat \u00e0 \u00eatre exploit\u00e9 au niveau de la ligne E (Tunis- Ezzouhour- Zah&#8230;<\/p>\n","protected":false},"author":3175,"featured_media":348422,"comment_status":"open","ping_status":"closed","sticky":false,"template":"","format":"standard","meta":{"footnotes":""},"categories":[44],"tags":[3285,4161,2608],"class_list":["post-200715","post","type-post","status-publish","format-standard","has-post-thumbnail","hentry","category-national","tag-rfr","tag-train","tag-tunisie"],"yoast_head":"<!-- This site is optimized with the Yoast SEO Premium plugin v27.4 (Yoast SEO v27.5) - https:\/\/yoast.com\/product\/yoast-seo-premium-wordpress\/ -->\n<title>RFR : Le ligne E fin pr\u00eate !<\/title>\n<meta name=\"description\" content=\"La Soci\u00e9t\u00e9 du R\u00e9seau Ferroviaire Rapide de Tunis a fait savoir, jeudi, que le r\u00e9seau RFR est pr\u00eat \u00e0 \u00eatre exploit\u00e9 au niveau de la ligne E (Tunis- Ezzouhour- Zah...\" \/>\n<link rel=\"canonical\" href=\"https:\/\/www.webdo.tn\/fr\/actualite\/national-45\/rfr-le-ligne-e-fin-prete\/200715\/\" \/>\n<meta property=\"og:locale\" content=\"fr_FR\" \/>\n<meta property=\"og:type\" content=\"article\" \/>\n<meta property=\"og:title\" content=\"RFR : Le ligne E fin pr\u00eate !\" \/>\n<meta property=\"og:description\" content=\"La Soci\u00e9t\u00e9 du R\u00e9seau Ferroviaire Rapide de Tunis a fait savoir, jeudi, que le r\u00e9seau RFR est pr\u00eat \u00e0 \u00eatre exploit\u00e9 au niveau de la ligne E (Tunis- Ezzouhour- Zah...\" \/>\n<meta property=\"og:url\" content=\"https:\/\/www.webdo.tn\/fr\/actualite\/national-45\/rfr-le-ligne-e-fin-prete\/200715\/\" \/>\n<meta property=\"og:site_name\" content=\"webdo\" \/>\n<meta property=\"article:publisher\" content=\"https:\/\/www.facebook.com\/webdotn\" \/>\n<meta property=\"article:published_time\" content=\"2022-12-15T19:05:00+00:00\" \/>\n<meta property=\"article:modified_time\" content=\"2025-05-22T11:40:49+00:00\" \/>\n<meta property=\"og:image\" content=\"https:\/\/www.webdo.tn\/fr\/wp-content\/uploads\/2022\/12\/0bdef85151db7d279d2216318d601935.jpg\" \/>\n\t<meta property=\"og:image:width\" content=\"680\" \/>\n\t<meta property=\"og:image:height\" content=\"363\" \/>\n\t<meta property=\"og:image:type\" content=\"image\/jpeg\" \/>\n<meta name=\"author\" content=\"CL\" \/>\n<meta name=\"twitter:card\" content=\"summary_large_image\" \/>\n<meta name=\"twitter:creator\" content=\"@webdo_tn\" \/>\n<meta name=\"twitter:site\" content=\"@webdo_tn\" \/>\n<meta name=\"twitter:label1\" content=\"\u00c9crit par\" \/>\n\t<meta name=\"twitter:data1\" content=\"CL\" \/>\n\t<meta name=\"twitter:label2\" content=\"Dur\u00e9e de lecture estim\u00e9e\" \/>\n\t<meta name=\"twitter:data2\" content=\"1 minute\" \/>\n<script type=\"application\/ld+json\" class=\"yoast-schema-graph\">{\"@context\":\"https:\\\/\\\/schema.org\",\"@graph\":[{\"@type\":\"NewsArticle\",\"@id\":\"https:\\\/\\\/www.webdo.tn\\\/fr\\\/actualite\\\/national-45\\\/rfr-le-ligne-e-fin-prete\\\/200715\\\/#article\",\"isPartOf\":{\"@id\":\"https:\\\/\\\/www.webdo.tn\\\/fr\\\/actualite\\\/national-45\\\/rfr-le-ligne-e-fin-prete\\\/200715\\\/\"},\"author\":{\"name\":\"CL\",\"@id\":\"https:\\\/\\\/www.webdo.tn\\\/fr\\\/#\\\/schema\\\/person\\\/f35b42a42c5e2511bbd282959d6385cc\"},\"headline\":\"RFR : Le ligne E fin pr\u00eate !\",\"datePublished\":\"2022-12-15T19:05:00+00:00\",\"dateModified\":\"2025-05-22T11:40:49+00:00\",\"mainEntityOfPage\":{\"@id\":\"https:\\\/\\\/www.webdo.tn\\\/fr\\\/actualite\\\/national-45\\\/rfr-le-ligne-e-fin-prete\\\/200715\\\/\"},\"wordCount\":292,\"commentCount\":0,\"publisher\":{\"@id\":\"https:\\\/\\\/www.webdo.tn\\\/fr\\\/#organization\"},\"image\":{\"@id\":\"https:\\\/\\\/www.webdo.tn\\\/fr\\\/actualite\\\/national-45\\\/rfr-le-ligne-e-fin-prete\\\/200715\\\/#primaryimage\"},\"thumbnailUrl\":\"https:\\\/\\\/www.webdo.tn\\\/fr\\\/wp-content\\\/uploads\\\/2022\\\/12\\\/0bdef85151db7d279d2216318d601935.jpg\",\"keywords\":[\"RFR\",\"Train\",\"Tunisie\"],\"articleSection\":[\"National\"],\"inLanguage\":\"fr-FR\"},{\"@type\":\"WebPage\",\"@id\":\"https:\\\/\\\/www.webdo.tn\\\/fr\\\/actualite\\\/national-45\\\/rfr-le-ligne-e-fin-prete\\\/200715\\\/\",\"url\":\"https:\\\/\\\/www.webdo.tn\\\/fr\\\/actualite\\\/national-45\\\/rfr-le-ligne-e-fin-prete\\\/200715\\\/\",\"name\":\"RFR : Le ligne E fin pr\u00eate !\",\"isPartOf\":{\"@id\":\"https:\\\/\\\/www.webdo.tn\\\/fr\\\/#website\"},\"primaryImageOfPage\":{\"@id\":\"https:\\\/\\\/www.webdo.tn\\\/fr\\\/actualite\\\/national-45\\\/rfr-le-ligne-e-fin-prete\\\/200715\\\/#primaryimage\"},\"image\":{\"@id\":\"https:\\\/\\\/www.webdo.tn\\\/fr\\\/actualite\\\/national-45\\\/rfr-le-ligne-e-fin-prete\\\/200715\\\/#primaryimage\"},\"thumbnailUrl\":\"https:\\\/\\\/www.webdo.tn\\\/fr\\\/wp-content\\\/uploads\\\/2022\\\/12\\\/0bdef85151db7d279d2216318d601935.jpg\",\"datePublished\":\"2022-12-15T19:05:00+00:00\",\"dateModified\":\"2025-05-22T11:40:49+00:00\",\"description\":\"La Soci\u00e9t\u00e9 du R\u00e9seau Ferroviaire Rapide de Tunis a fait savoir, jeudi, que le r\u00e9seau RFR est pr\u00eat \u00e0 \u00eatre exploit\u00e9 au niveau de la ligne E (Tunis- Ezzouhour- Zah...\",\"breadcrumb\":{\"@id\":\"https:\\\/\\\/www.webdo.tn\\\/fr\\\/actualite\\\/national-45\\\/rfr-le-ligne-e-fin-prete\\\/200715\\\/#breadcrumb\"},\"inLanguage\":\"fr-FR\",\"potentialAction\":[{\"@type\":\"ReadAction\",\"target\":[\"https:\\\/\\\/www.webdo.tn\\\/fr\\\/actualite\\\/national-45\\\/rfr-le-ligne-e-fin-prete\\\/200715\\\/\"]}]},{\"@type\":\"ImageObject\",\"inLanguage\":\"fr-FR\",\"@id\":\"https:\\\/\\\/www.webdo.tn\\\/fr\\\/actualite\\\/national-45\\\/rfr-le-ligne-e-fin-prete\\\/200715\\\/#primaryimage\",\"url\":\"https:\\\/\\\/www.webdo.tn\\\/fr\\\/wp-content\\\/uploads\\\/2022\\\/12\\\/0bdef85151db7d279d2216318d601935.jpg\",\"contentUrl\":\"https:\\\/\\\/www.webdo.tn\\\/fr\\\/wp-content\\\/uploads\\\/2022\\\/12\\\/0bdef85151db7d279d2216318d601935.jpg\",\"width\":680,\"height\":363,\"caption\":\"RFR\"},{\"@type\":\"BreadcrumbList\",\"@id\":\"https:\\\/\\\/www.webdo.tn\\\/fr\\\/actualite\\\/national-45\\\/rfr-le-ligne-e-fin-prete\\\/200715\\\/#breadcrumb\",\"itemListElement\":[{\"@type\":\"ListItem\",\"position\":1,\"name\":\"Accueil\",\"item\":\"https:\\\/\\\/www.webdo.tn\\\/fr\\\/\"},{\"@type\":\"ListItem\",\"position\":2,\"name\":\"RFR : Le ligne E fin pr\u00eate !\"}]},{\"@type\":\"WebSite\",\"@id\":\"https:\\\/\\\/www.webdo.tn\\\/fr\\\/#website\",\"url\":\"https:\\\/\\\/www.webdo.tn\\\/fr\\\/\",\"name\":\"webdo\",\"description\":\"Tunisie - News en Tunisie et \u00e0 l&#039;international sur Webdo.tn\",\"publisher\":{\"@id\":\"https:\\\/\\\/www.webdo.tn\\\/fr\\\/#organization\"},\"potentialAction\":[{\"@type\":\"SearchAction\",\"target\":{\"@type\":\"EntryPoint\",\"urlTemplate\":\"https:\\\/\\\/www.webdo.tn\\\/fr\\\/?s={search_term_string}\"},\"query-input\":{\"@type\":\"PropertyValueSpecification\",\"valueRequired\":true,\"valueName\":\"search_term_string\"}}],\"inLanguage\":\"fr-FR\"},{\"@type\":\"Organization\",\"@id\":\"https:\\\/\\\/www.webdo.tn\\\/fr\\\/#organization\",\"name\":\"Webdo\",\"alternateName\":\"Webdo.tn\",\"url\":\"https:\\\/\\\/www.webdo.tn\\\/fr\\\/\",\"logo\":{\"@type\":\"ImageObject\",\"inLanguage\":\"fr-FR\",\"@id\":\"https:\\\/\\\/www.webdo.tn\\\/fr\\\/#\\\/schema\\\/logo\\\/image\\\/\",\"url\":\"https:\\\/\\\/www.webdo.tn\\\/fr\\\/wp-content\\\/uploads\\\/2025\\\/06\\\/Webdo-Tunisie_168377.jpg\",\"contentUrl\":\"https:\\\/\\\/www.webdo.tn\\\/fr\\\/wp-content\\\/uploads\\\/2025\\\/06\\\/Webdo-Tunisie_168377.jpg\",\"width\":301,\"height\":301,\"caption\":\"Webdo\"},\"image\":{\"@id\":\"https:\\\/\\\/www.webdo.tn\\\/fr\\\/#\\\/schema\\\/logo\\\/image\\\/\"},\"sameAs\":[\"https:\\\/\\\/www.facebook.com\\\/webdotn\",\"https:\\\/\\\/x.com\\\/webdo_tn\"],\"description\":\"Webdo est un m\u00e9dia num\u00e9rique tunisien fond\u00e9 en 2010, sp\u00e9cialis\u00e9 dans l\u2019actualit\u00e9 nationale et internationale, l\u2019\u00e9conomie, la soci\u00e9t\u00e9 et les analyses politiques. Le site s\u2019adresse \u00e0 un large public francophone et couvre l\u2019information tunisienne en temps r\u00e9el.\",\"email\":\"redac@webdo.tn\",\"legalName\":\"YNJ SARL\",\"foundingDate\":\"2010-09-06\",\"numberOfEmployees\":{\"@type\":\"QuantitativeValue\",\"minValue\":\"11\",\"maxValue\":\"50\"}},{\"@type\":\"Person\",\"@id\":\"https:\\\/\\\/www.webdo.tn\\\/fr\\\/#\\\/schema\\\/person\\\/f35b42a42c5e2511bbd282959d6385cc\",\"name\":\"CL\",\"image\":{\"@type\":\"ImageObject\",\"inLanguage\":\"fr-FR\",\"@id\":\"https:\\\/\\\/secure.gravatar.com\\\/avatar\\\/1447a49909b67aa657c488aec6512e1dd6143a480c1ecfee9b5b5cd74eb3b59e?s=96&d=mm&r=g\",\"url\":\"https:\\\/\\\/secure.gravatar.com\\\/avatar\\\/1447a49909b67aa657c488aec6512e1dd6143a480c1ecfee9b5b5cd74eb3b59e?s=96&d=mm&r=g\",\"contentUrl\":\"https:\\\/\\\/secure.gravatar.com\\\/avatar\\\/1447a49909b67aa657c488aec6512e1dd6143a480c1ecfee9b5b5cd74eb3b59e?s=96&d=mm&r=g\",\"caption\":\"CL\"},\"url\":\"https:\\\/\\\/www.webdo.tn\\\/fr\\\/actualite\\\/author\\\/cl\\\/\"}]}<\/script>\n<!-- \/ Yoast SEO Premium plugin. -->","yoast_head_json":{"title":"RFR : Le ligne E fin pr\u00eate !","description":"La Soci\u00e9t\u00e9 du R\u00e9seau Ferroviaire Rapide de Tunis a fait savoir, jeudi, que le r\u00e9seau RFR est pr\u00eat \u00e0 \u00eatre exploit\u00e9 au niveau de la ligne E (Tunis- Ezzouhour- Zah...","canonical":"https:\/\/www.webdo.tn\/fr\/actualite\/national-45\/rfr-le-ligne-e-fin-prete\/200715\/","og_locale":"fr_FR","og_type":"article","og_title":"RFR : Le ligne E fin pr\u00eate !","og_description":"La Soci\u00e9t\u00e9 du R\u00e9seau Ferroviaire Rapide de Tunis a fait savoir, jeudi, que le r\u00e9seau RFR est pr\u00eat \u00e0 \u00eatre exploit\u00e9 au niveau de la ligne E (Tunis- Ezzouhour- Zah...","og_url":"https:\/\/www.webdo.tn\/fr\/actualite\/national-45\/rfr-le-ligne-e-fin-prete\/200715\/","og_site_name":"webdo","article_publisher":"https:\/\/www.facebook.com\/webdotn","article_published_time":"2022-12-15T19:05:00+00:00","article_modified_time":"2025-05-22T11:40:49+00:00","og_image":[{"width":680,"height":363,"url":"https:\/\/www.webdo.tn\/fr\/wp-content\/uploads\/2022\/12\/0bdef85151db7d279d2216318d601935.jpg","type":"image\/jpeg"}],"author":"CL","twitter_card":"summary_large_image","twitter_creator":"@webdo_tn","twitter_site":"@webdo_tn","twitter_misc":{"\u00c9crit par":"CL","Dur\u00e9e de lecture estim\u00e9e":"1 minute"},"schema":{"@context":"https:\/\/schema.org","@graph":[{"@type":"NewsArticle","@id":"https:\/\/www.webdo.tn\/fr\/actualite\/national-45\/rfr-le-ligne-e-fin-prete\/200715\/#article","isPartOf":{"@id":"https:\/\/www.webdo.tn\/fr\/actualite\/national-45\/rfr-le-ligne-e-fin-prete\/200715\/"},"author":{"name":"CL","@id":"https:\/\/www.webdo.tn\/fr\/#\/schema\/person\/f35b42a42c5e2511bbd282959d6385cc"},"headline":"RFR : Le ligne E fin pr\u00eate !","datePublished":"2022-12-15T19:05:00+00:00","dateModified":"2025-05-22T11:40:49+00:00","mainEntityOfPage":{"@id":"https:\/\/www.webdo.tn\/fr\/actualite\/national-45\/rfr-le-ligne-e-fin-prete\/200715\/"},"wordCount":292,"commentCount":0,"publisher":{"@id":"https:\/\/www.webdo.tn\/fr\/#organization"},"image":{"@id":"https:\/\/www.webdo.tn\/fr\/actualite\/national-45\/rfr-le-ligne-e-fin-prete\/200715\/#primaryimage"},"thumbnailUrl":"https:\/\/www.webdo.tn\/fr\/wp-content\/uploads\/2022\/12\/0bdef85151db7d279d2216318d601935.jpg","keywords":["RFR","Train","Tunisie"],"articleSection":["National"],"inLanguage":"fr-FR"},{"@type":"WebPage","@id":"https:\/\/www.webdo.tn\/fr\/actualite\/national-45\/rfr-le-ligne-e-fin-prete\/200715\/","url":"https:\/\/www.webdo.tn\/fr\/actualite\/national-45\/rfr-le-ligne-e-fin-prete\/200715\/","name":"RFR : Le ligne E fin pr\u00eate !","isPartOf":{"@id":"https:\/\/www.webdo.tn\/fr\/#website"},"primaryImageOfPage":{"@id":"https:\/\/www.webdo.tn\/fr\/actualite\/national-45\/rfr-le-ligne-e-fin-prete\/200715\/#primaryimage"},"image":{"@id":"https:\/\/www.webdo.tn\/fr\/actualite\/national-45\/rfr-le-ligne-e-fin-prete\/200715\/#primaryimage"},"thumbnailUrl":"https:\/\/www.webdo.tn\/fr\/wp-content\/uploads\/2022\/12\/0bdef85151db7d279d2216318d601935.jpg","datePublished":"2022-12-15T19:05:00+00:00","dateModified":"2025-05-22T11:40:49+00:00","description":"La Soci\u00e9t\u00e9 du R\u00e9seau Ferroviaire Rapide de Tunis a fait savoir, jeudi, que le r\u00e9seau RFR est pr\u00eat \u00e0 \u00eatre exploit\u00e9 au niveau de la ligne E (Tunis- Ezzouhour- Zah...","breadcrumb":{"@id":"https:\/\/www.webdo.tn\/fr\/actualite\/national-45\/rfr-le-ligne-e-fin-prete\/200715\/#breadcrumb"},"inLanguage":"fr-FR","potentialAction":[{"@type":"ReadAction","target":["https:\/\/www.webdo.tn\/fr\/actualite\/national-45\/rfr-le-ligne-e-fin-prete\/200715\/"]}]},{"@type":"ImageObject","inLanguage":"fr-FR","@id":"https:\/\/www.webdo.tn\/fr\/actualite\/national-45\/rfr-le-ligne-e-fin-prete\/200715\/#primaryimage","url":"https:\/\/www.webdo.tn\/fr\/wp-content\/uploads\/2022\/12\/0bdef85151db7d279d2216318d601935.jpg","contentUrl":"https:\/\/www.webdo.tn\/fr\/wp-content\/uploads\/2022\/12\/0bdef85151db7d279d2216318d601935.jpg","width":680,"height":363,"caption":"RFR"},{"@type":"BreadcrumbList","@id":"https:\/\/www.webdo.tn\/fr\/actualite\/national-45\/rfr-le-ligne-e-fin-prete\/200715\/#breadcrumb","itemListElement":[{"@type":"ListItem","position":1,"name":"Accueil","item":"https:\/\/www.webdo.tn\/fr\/"},{"@type":"ListItem","position":2,"name":"RFR : Le ligne E fin pr\u00eate !"}]},{"@type":"WebSite","@id":"https:\/\/www.webdo.tn\/fr\/#website","url":"https:\/\/www.webdo.tn\/fr\/","name":"webdo","description":"Tunisie - News en Tunisie et \u00e0 l&#039;international sur Webdo.tn","publisher":{"@id":"https:\/\/www.webdo.tn\/fr\/#organization"},"potentialAction":[{"@type":"SearchAction","target":{"@type":"EntryPoint","urlTemplate":"https:\/\/www.webdo.tn\/fr\/?s={search_term_string}"},"query-input":{"@type":"PropertyValueSpecification","valueRequired":true,"valueName":"search_term_string"}}],"inLanguage":"fr-FR"},{"@type":"Organization","@id":"https:\/\/www.webdo.tn\/fr\/#organization","name":"Webdo","alternateName":"Webdo.tn","url":"https:\/\/www.webdo.tn\/fr\/","logo":{"@type":"ImageObject","inLanguage":"fr-FR","@id":"https:\/\/www.webdo.tn\/fr\/#\/schema\/logo\/image\/","url":"https:\/\/www.webdo.tn\/fr\/wp-content\/uploads\/2025\/06\/Webdo-Tunisie_168377.jpg","contentUrl":"https:\/\/www.webdo.tn\/fr\/wp-content\/uploads\/2025\/06\/Webdo-Tunisie_168377.jpg","width":301,"height":301,"caption":"Webdo"},"image":{"@id":"https:\/\/www.webdo.tn\/fr\/#\/schema\/logo\/image\/"},"sameAs":["https:\/\/www.facebook.com\/webdotn","https:\/\/x.com\/webdo_tn"],"description":"Webdo est un m\u00e9dia num\u00e9rique tunisien fond\u00e9 en 2010, sp\u00e9cialis\u00e9 dans l\u2019actualit\u00e9 nationale et internationale, l\u2019\u00e9conomie, la soci\u00e9t\u00e9 et les analyses politiques. Le site s\u2019adresse \u00e0 un large public francophone et couvre l\u2019information tunisienne en temps r\u00e9el.","email":"redac@webdo.tn","legalName":"YNJ SARL","foundingDate":"2010-09-06","numberOfEmployees":{"@type":"QuantitativeValue","minValue":"11","maxValue":"50"}},{"@type":"Person","@id":"https:\/\/www.webdo.tn\/fr\/#\/schema\/person\/f35b42a42c5e2511bbd282959d6385cc","name":"CL","image":{"@type":"ImageObject","inLanguage":"fr-FR","@id":"https:\/\/secure.gravatar.com\/avatar\/1447a49909b67aa657c488aec6512e1dd6143a480c1ecfee9b5b5cd74eb3b59e?s=96&d=mm&r=g","url":"https:\/\/secure.gravatar.com\/avatar\/1447a49909b67aa657c488aec6512e1dd6143a480c1ecfee9b5b5cd74eb3b59e?s=96&d=mm&r=g","contentUrl":"https:\/\/secure.gravatar.com\/avatar\/1447a49909b67aa657c488aec6512e1dd6143a480c1ecfee9b5b5cd74eb3b59e?s=96&d=mm&r=g","caption":"CL"},"url":"https:\/\/www.webdo.tn\/fr\/actualite\/author\/cl\/"}]}},"_links":{"self":[{"href":"https:\/\/www.webdo.tn\/fr\/wp-json\/wp\/v2\/posts\/200715","targetHints":{"allow":["GET"]}}],"collection":[{"href":"https:\/\/www.webdo.tn\/fr\/wp-json\/wp\/v2\/posts"}],"about":[{"href":"https:\/\/www.webdo.tn\/fr\/wp-json\/wp\/v2\/types\/post"}],"author":[{"embeddable":true,"href":"https:\/\/www.webdo.tn\/fr\/wp-json\/wp\/v2\/users\/3175"}],"replies":[{"embeddable":true,"href":"https:\/\/www.webdo.tn\/fr\/wp-json\/wp\/v2\/comments?post=200715"}],"version-history":[{"count":0,"href":"https:\/\/www.webdo.tn\/fr\/wp-json\/wp\/v2\/posts\/200715\/revisions"}],"wp:featuredmedia":[{"embeddable":true,"href":"https:\/\/www.webdo.tn\/fr\/wp-json\/wp\/v2\/media\/348422"}],"wp:attachment":[{"href":"https:\/\/www.webdo.tn\/fr\/wp-json\/wp\/v2\/media?parent=200715"}],"wp:term":[{"taxonomy":"category","embeddable":true,"href":"https:\/\/www.webdo.tn\/fr\/wp-json\/wp\/v2\/categories?post=200715"},{"taxonomy":"post_tag","embeddable":true,"href":"https:\/\/www.webdo.tn\/fr\/wp-json\/wp\/v2\/tags?post=200715"}],"curies":[{"name":"wp","href":"https:\/\/api.w.org\/{rel}","templated":true}]}}