{"id":200699,"date":"2022-12-15T12:08:00","date_gmt":"2022-12-15T12:08:00","guid":{"rendered":"https:\/\/www.webdo.tn\/fr\/blog\/tunisie-quid-des-elections-legislatives\/200699\/"},"modified":"2025-05-20T22:04:01","modified_gmt":"2025-05-20T22:04:01","slug":"tunisie-quid-des-elections-legislatives","status":"publish","type":"post","link":"https:\/\/www.webdo.tn\/fr\/actualite\/national\/tunisie-quid-des-elections-legislatives\/200699\/","title":{"rendered":"Tunisie : Quid des \u00e9lections l\u00e9gislatives"},"content":{"rendered":"<p>Les \u00e9lections l\u00e9gislatives sont pr\u00e9vues ce samedi 17 d\u00e9cembre 2022. Quand voter ? O\u00f9 voter ? Combien y a-t-il de candidats ? Quand seront annonc\u00e9s les r\u00e9sultats ?<\/p>\n<p>\t\t\t\t\t\t\t\t\tC\u2019est le 13 d\u00e9cembre 2021 que le pr\u00e9sident de la R\u00e9publique, Kais Saied, a annonc\u00e9, lors d&rsquo;une allocution prononc\u00e9e \u00e0 la t\u00e9l\u00e9vision, que des \u00e9lections l\u00e9gislatives anticip\u00e9es seront organis\u00e9es le 17 d\u00e9cembre 2022.<\/p>\n<p>Comment vont se d\u00e9rouler les premi\u00e8res \u00e9lections l\u00e9gislatives sous l&rsquo;\u00e9gide de la nouvelle loi \u00e9lectorale, celle-ci ayant \u00e9t\u00e9 publi\u00e9e le 15 septembre 2022, au JORT, et fixe les dispositions du prochain scrutin ?<\/p>\n<p>Scrutin uninominal<\/p>\n<p>Les \u00e9lections l\u00e9gislatives ob\u00e9iront au principe du scrutin uninominal, en un ou deux tours, si n\u00e9cessaire, et ce dans des circonscriptions \u00e0 si\u00e8ge unique. C&rsquo;est-\u00e0-dire que l\u2019\u00e9lecteur votera pour une personne et non pour un parti.<\/p>\n<p>D\u00e9sormais, le d\u00e9put\u00e9 doit assumer ses responsabilit\u00e9s avant tout devant ses \u00e9lecteurs et c\u2019est pour cette raison qu\u2019il est d\u00e9sormais possible de retirer la confiance d&rsquo;un d\u00e9put\u00e9 qui n&rsquo;applique pas son programme \u00e9lectoral dont une copie sera remise \u00e0 l\u2019instance sup\u00e9rieure ind\u00e9pendante pour les \u00e9lections (ISIE).<\/p>\n<p>Si un seul candidat se pr\u00e9sente dans une circonscription, il est automatiquement proclam\u00e9 vainqueur. De m\u00eame s&rsquo;il obtient la majorit\u00e9 absolue au premier tour. En cas d&rsquo;absence de majorit\u00e9 absolue au premier tour, un deuxi\u00e8me tour est organis\u00e9 dans les deux semaines suivant la proclamation d\u00e9finitive des r\u00e9sultats du premier tour.<\/p>\n<p>9,3 millions d\u2019\u00e9lecteurs potentiels, 1058 candidats<\/p>\n<p>Selon la derni\u00e8re mise \u00e0 jour des donn\u00e9es de l&rsquo;ISIE, le registre \u00e9lectoral compte, au total, 9.339.756 \u00e9lecteurs.<\/p>\n<p>Pour assurer le bon d\u00e9roulement des op\u00e9rations de vote, l&rsquo;Instance a mis en place, 4551 centres de votes \u00e0 l&rsquo;int\u00e9rieur du pays et 140 centres de vote pour les circonscriptions \u00e0 l&rsquo;\u00e9tranger.<\/p>\n<p>Le nombre des candidats aux l\u00e9gislatives s&rsquo;\u00e9l\u00e8ve \u00e0 1058 (936 hommes et 122 femmes).<\/p>\n<p>L&rsquo;annonce des r\u00e9sultats pr\u00e9liminaires des \u00e9lections l\u00e9gislatives aura lieu le 20 d\u00e9cembre alors que les r\u00e9sultats d\u00e9finitifs seront proclam\u00e9s le 19 janvier 2023.<\/p>\n<p>Vote et r\u00e9sultats<\/p>\n<p>Le vote pour les \u00e9lections l\u00e9gislatives d\u00e9marre, aujourd\u2019hui, jeudi 15 d\u00e9cembre 2022, dans trois circonscriptions \u00e0 l\u2019\u00e9tranger. Il s\u2019agit des circonscriptions \u00e9lectorales de France 2, France 3 et d\u2019Italie. Le vote se poursuivra jusqu\u2019\u00e0 samedi 17 d\u00e9cembre \u00e0 18h.<\/p>\n<p>A noter que ces trois circonscriptions \u00e9lectorales n\u2019ont enregistr\u00e9 qu\u2019une seule candidature, chacune alors qu&rsquo;aucune candidature n&rsquo;a \u00e9t\u00e9 enregistr\u00e9e dans les sept autres circonscriptions \u00e0 l&rsquo;\u00e9tranger.<\/p>\n<p>En d\u2019autres termes, l\u2019ISIE devra organiser des l\u00e9gislatives partielles dans les sept circonscriptions sans candidat et ce, apr\u00e8s la proclamation des r\u00e9sultats d\u00e9finitifs des \u00e9lections.<\/p>\n<p>Pour les circonscriptions \u00e9lectorales \u00e0 l&rsquo;int\u00e9rieur du pays, l&rsquo;op\u00e9ration de vote aura lieu le samedi 17 d\u00e9cembre, de 8h jusqu&rsquo;\u00e0 18h. A noter que l&rsquo;ISIE a fix\u00e9 des horaires exceptionnels pour le vote dans les centres de vote au gouvernorat de M\u00e9denine (entre 8h et 20h) et pour les gouvernorats de Kasserine, Sidi Bouzid, le Kef, Jendouba et Siliana, (de 9h \u00e0 16h pour des raisons s\u00e9curitaires).<\/p>\n<p>Le vendredi 16 d\u00e9cembre est la date du silence \u00e9lectoral.<\/p>\n<p>161 d\u00e9put\u00e9s<\/p>\n<p>Selon la nouvelle loi \u00e9lectorale, le nombre de d\u00e9put\u00e9s qui si\u00e9geront d\u00e9sormais \u00e0 l&rsquo;Assembl\u00e9e des repr\u00e9sentants du peuple (ARP) a chang\u00e9. Compos\u00e9, par le pass\u00e9 de 217 d\u00e9put\u00e9s, le nouveau Parlement ne comptera plus que 161 membres, \u00e0 raison d&rsquo;un \u00e9lu par circonscription.<\/p>\n<p>Concernant le tourisme parlementaire, le projet de la nouvelle constitution pr\u00e9voit, \u00e0 travers l\u2019article 62 que si un d\u00e9put\u00e9 se retire du bloc parlementaire auquel il appartenait au d\u00e9but de la l\u00e9gislature, il ne peut rejoindre un autre bloc. D&rsquo;autre part, l&rsquo;article 61 stipule qu&rsquo;il est interdit \u00e0 un d\u00e9put\u00e9 d&rsquo;exercer une activit\u00e9, \u00e0 titre on\u00e9reux ou non.<\/p>\n<p>Quant \u00e0 l\u2019article 66, il indique que le d\u00e9put\u00e9 ne b\u00e9n\u00e9ficie pas de l\u2019immunit\u00e9 parlementaire en ce qui concerne les d\u00e9lits d\u2019injure, de diffamation et d\u2019\u00e9change de violence commis au sein du parlement, ni en cas de perturbation du fonctionnement normal du parlement.<\/p>\n","protected":false},"excerpt":{"rendered":"<p>Les \u00e9lections l\u00e9gislatives sont pr\u00e9vues ce samedi 17 d\u00e9cembre 2022. Quand voter ? O\u00f9 voter ? Combien y a-t-il de candidats ? Quand seront annonc\u00e9s les r\u00e9sultats&#8230;<\/p>\n","protected":false},"author":3162,"featured_media":252857,"comment_status":"open","ping_status":"closed","sticky":false,"template":"","format":"standard","meta":{"footnotes":""},"categories":[44],"tags":[3923,6190,2608],"class_list":["post-200699","post","type-post","status-publish","format-standard","has-post-thumbnail","hentry","category-national","tag-elections","tag-legislatives","tag-tunisie"],"yoast_head":"<!-- This site is optimized with the Yoast SEO Premium plugin v27.5 (Yoast SEO v27.5) - https:\/\/yoast.com\/product\/yoast-seo-premium-wordpress\/ -->\n<title>Tunisie : Quid des \u00e9lections l\u00e9gislatives<\/title>\n<meta name=\"description\" content=\"Les \u00e9lections l\u00e9gislatives sont pr\u00e9vues ce samedi 17 d\u00e9cembre 2022. Quand voter ? O\u00f9 voter ? Combien y a-t-il de candidats ? Quand seront annonc\u00e9s les r\u00e9sultats...\" \/>\n<link rel=\"canonical\" href=\"https:\/\/www.webdo.tn\/fr\/actualite\/national\/tunisie-quid-des-elections-legislatives\/200699\/\" \/>\n<meta property=\"og:locale\" content=\"fr_FR\" \/>\n<meta property=\"og:type\" content=\"article\" \/>\n<meta property=\"og:title\" content=\"Tunisie : Quid des \u00e9lections l\u00e9gislatives\" \/>\n<meta property=\"og:description\" content=\"Les \u00e9lections l\u00e9gislatives sont pr\u00e9vues ce samedi 17 d\u00e9cembre 2022. Quand voter ? O\u00f9 voter ? Combien y a-t-il de candidats ? Quand seront annonc\u00e9s les r\u00e9sultats...\" \/>\n<meta property=\"og:url\" content=\"https:\/\/www.webdo.tn\/fr\/actualite\/national\/tunisie-quid-des-elections-legislatives\/200699\/\" \/>\n<meta property=\"og:site_name\" content=\"webdo\" \/>\n<meta property=\"article:publisher\" content=\"https:\/\/www.facebook.com\/webdotn\" \/>\n<meta property=\"article:published_time\" content=\"2022-12-15T12:08:00+00:00\" \/>\n<meta property=\"article:modified_time\" content=\"2025-05-20T22:04:01+00:00\" \/>\n<meta property=\"og:image\" content=\"https:\/\/www.webdo.tn\/fr\/wp-content\/uploads\/2022\/12\/caec1f36600c6dfea3795262ce5e31c0.jpg\" \/>\n\t<meta property=\"og:image:width\" content=\"750\" \/>\n\t<meta property=\"og:image:height\" content=\"400\" \/>\n\t<meta property=\"og:image:type\" content=\"image\/jpeg\" \/>\n<meta name=\"author\" content=\"MC\" \/>\n<meta name=\"twitter:card\" content=\"summary_large_image\" \/>\n<meta name=\"twitter:creator\" content=\"@webdo_tn\" \/>\n<meta name=\"twitter:site\" content=\"@webdo_tn\" \/>\n<meta name=\"twitter:label1\" content=\"\u00c9crit par\" \/>\n\t<meta name=\"twitter:data1\" content=\"MC\" \/>\n\t<meta name=\"twitter:label2\" content=\"Dur\u00e9e de lecture estim\u00e9e\" \/>\n\t<meta name=\"twitter:data2\" content=\"3 minutes\" \/>\n<script type=\"application\/ld+json\" class=\"yoast-schema-graph\">{\"@context\":\"https:\\\/\\\/schema.org\",\"@graph\":[{\"@type\":\"NewsArticle\",\"@id\":\"https:\\\/\\\/www.webdo.tn\\\/fr\\\/actualite\\\/national\\\/tunisie-quid-des-elections-legislatives\\\/200699\\\/#article\",\"isPartOf\":{\"@id\":\"https:\\\/\\\/www.webdo.tn\\\/fr\\\/actualite\\\/national\\\/tunisie-quid-des-elections-legislatives\\\/200699\\\/\"},\"author\":{\"name\":\"MC\",\"@id\":\"https:\\\/\\\/www.webdo.tn\\\/fr\\\/#\\\/schema\\\/person\\\/2c4929cbf5a809e3bd38617c6ce150f6\"},\"headline\":\"Tunisie : Quid des \u00e9lections l\u00e9gislatives\",\"datePublished\":\"2022-12-15T12:08:00+00:00\",\"dateModified\":\"2025-05-20T22:04:01+00:00\",\"mainEntityOfPage\":{\"@id\":\"https:\\\/\\\/www.webdo.tn\\\/fr\\\/actualite\\\/national\\\/tunisie-quid-des-elections-legislatives\\\/200699\\\/\"},\"wordCount\":719,\"commentCount\":0,\"publisher\":{\"@id\":\"https:\\\/\\\/www.webdo.tn\\\/fr\\\/#organization\"},\"image\":{\"@id\":\"https:\\\/\\\/www.webdo.tn\\\/fr\\\/actualite\\\/national\\\/tunisie-quid-des-elections-legislatives\\\/200699\\\/#primaryimage\"},\"thumbnailUrl\":\"https:\\\/\\\/www.webdo.tn\\\/fr\\\/wp-content\\\/uploads\\\/2022\\\/12\\\/caec1f36600c6dfea3795262ce5e31c0.jpg\",\"keywords\":[\"\u00e9lections\",\"L\u00e9gislatives\",\"Tunisie\"],\"articleSection\":[\"National\"],\"inLanguage\":\"fr-FR\"},{\"@type\":\"WebPage\",\"@id\":\"https:\\\/\\\/www.webdo.tn\\\/fr\\\/actualite\\\/national\\\/tunisie-quid-des-elections-legislatives\\\/200699\\\/\",\"url\":\"https:\\\/\\\/www.webdo.tn\\\/fr\\\/actualite\\\/national\\\/tunisie-quid-des-elections-legislatives\\\/200699\\\/\",\"name\":\"Tunisie : Quid des \u00e9lections l\u00e9gislatives\",\"isPartOf\":{\"@id\":\"https:\\\/\\\/www.webdo.tn\\\/fr\\\/#website\"},\"primaryImageOfPage\":{\"@id\":\"https:\\\/\\\/www.webdo.tn\\\/fr\\\/actualite\\\/national\\\/tunisie-quid-des-elections-legislatives\\\/200699\\\/#primaryimage\"},\"image\":{\"@id\":\"https:\\\/\\\/www.webdo.tn\\\/fr\\\/actualite\\\/national\\\/tunisie-quid-des-elections-legislatives\\\/200699\\\/#primaryimage\"},\"thumbnailUrl\":\"https:\\\/\\\/www.webdo.tn\\\/fr\\\/wp-content\\\/uploads\\\/2022\\\/12\\\/caec1f36600c6dfea3795262ce5e31c0.jpg\",\"datePublished\":\"2022-12-15T12:08:00+00:00\",\"dateModified\":\"2025-05-20T22:04:01+00:00\",\"description\":\"Les \u00e9lections l\u00e9gislatives sont pr\u00e9vues ce samedi 17 d\u00e9cembre 2022. Quand voter ? O\u00f9 voter ? Combien y a-t-il de candidats ? Quand seront annonc\u00e9s les r\u00e9sultats...\",\"breadcrumb\":{\"@id\":\"https:\\\/\\\/www.webdo.tn\\\/fr\\\/actualite\\\/national\\\/tunisie-quid-des-elections-legislatives\\\/200699\\\/#breadcrumb\"},\"inLanguage\":\"fr-FR\",\"potentialAction\":[{\"@type\":\"ReadAction\",\"target\":[\"https:\\\/\\\/www.webdo.tn\\\/fr\\\/actualite\\\/national\\\/tunisie-quid-des-elections-legislatives\\\/200699\\\/\"]}]},{\"@type\":\"ImageObject\",\"inLanguage\":\"fr-FR\",\"@id\":\"https:\\\/\\\/www.webdo.tn\\\/fr\\\/actualite\\\/national\\\/tunisie-quid-des-elections-legislatives\\\/200699\\\/#primaryimage\",\"url\":\"https:\\\/\\\/www.webdo.tn\\\/fr\\\/wp-content\\\/uploads\\\/2022\\\/12\\\/caec1f36600c6dfea3795262ce5e31c0.jpg\",\"contentUrl\":\"https:\\\/\\\/www.webdo.tn\\\/fr\\\/wp-content\\\/uploads\\\/2022\\\/12\\\/caec1f36600c6dfea3795262ce5e31c0.jpg\",\"width\":750,\"height\":400,\"caption\":\"Tunisie : Quid des \u00e9lections l\u00e9gislatives\"},{\"@type\":\"BreadcrumbList\",\"@id\":\"https:\\\/\\\/www.webdo.tn\\\/fr\\\/actualite\\\/national\\\/tunisie-quid-des-elections-legislatives\\\/200699\\\/#breadcrumb\",\"itemListElement\":[{\"@type\":\"ListItem\",\"position\":1,\"name\":\"Accueil\",\"item\":\"https:\\\/\\\/www.webdo.tn\\\/fr\\\/\"},{\"@type\":\"ListItem\",\"position\":2,\"name\":\"Tunisie : Quid des \u00e9lections l\u00e9gislatives\"}]},{\"@type\":\"WebSite\",\"@id\":\"https:\\\/\\\/www.webdo.tn\\\/fr\\\/#website\",\"url\":\"https:\\\/\\\/www.webdo.tn\\\/fr\\\/\",\"name\":\"webdo\",\"description\":\"Tunisie - News en Tunisie et \u00e0 l&#039;international sur Webdo.tn\",\"publisher\":{\"@id\":\"https:\\\/\\\/www.webdo.tn\\\/fr\\\/#organization\"},\"potentialAction\":[{\"@type\":\"SearchAction\",\"target\":{\"@type\":\"EntryPoint\",\"urlTemplate\":\"https:\\\/\\\/www.webdo.tn\\\/fr\\\/?s={search_term_string}\"},\"query-input\":{\"@type\":\"PropertyValueSpecification\",\"valueRequired\":true,\"valueName\":\"search_term_string\"}}],\"inLanguage\":\"fr-FR\"},{\"@type\":\"Organization\",\"@id\":\"https:\\\/\\\/www.webdo.tn\\\/fr\\\/#organization\",\"name\":\"Webdo\",\"alternateName\":\"Webdo.tn\",\"url\":\"https:\\\/\\\/www.webdo.tn\\\/fr\\\/\",\"logo\":{\"@type\":\"ImageObject\",\"inLanguage\":\"fr-FR\",\"@id\":\"https:\\\/\\\/www.webdo.tn\\\/fr\\\/#\\\/schema\\\/logo\\\/image\\\/\",\"url\":\"https:\\\/\\\/www.webdo.tn\\\/fr\\\/wp-content\\\/uploads\\\/2025\\\/06\\\/Webdo-Tunisie_168377.jpg\",\"contentUrl\":\"https:\\\/\\\/www.webdo.tn\\\/fr\\\/wp-content\\\/uploads\\\/2025\\\/06\\\/Webdo-Tunisie_168377.jpg\",\"width\":301,\"height\":301,\"caption\":\"Webdo\"},\"image\":{\"@id\":\"https:\\\/\\\/www.webdo.tn\\\/fr\\\/#\\\/schema\\\/logo\\\/image\\\/\"},\"sameAs\":[\"https:\\\/\\\/www.facebook.com\\\/webdotn\",\"https:\\\/\\\/x.com\\\/webdo_tn\"],\"description\":\"Webdo est un m\u00e9dia num\u00e9rique tunisien fond\u00e9 en 2010, sp\u00e9cialis\u00e9 dans l\u2019actualit\u00e9 nationale et internationale, l\u2019\u00e9conomie, la soci\u00e9t\u00e9 et les analyses politiques. Le site s\u2019adresse \u00e0 un large public francophone et couvre l\u2019information tunisienne en temps r\u00e9el.\",\"email\":\"redac@webdo.tn\",\"legalName\":\"YNJ SARL\",\"foundingDate\":\"2010-09-06\",\"numberOfEmployees\":{\"@type\":\"QuantitativeValue\",\"minValue\":\"11\",\"maxValue\":\"50\"}},{\"@type\":\"Person\",\"@id\":\"https:\\\/\\\/www.webdo.tn\\\/fr\\\/#\\\/schema\\\/person\\\/2c4929cbf5a809e3bd38617c6ce150f6\",\"name\":\"MC\",\"image\":{\"@type\":\"ImageObject\",\"inLanguage\":\"fr-FR\",\"@id\":\"https:\\\/\\\/secure.gravatar.com\\\/avatar\\\/a545bbb6f84efdd5553dbbc2895e3ca8f1d12c5215e00a041c9670b54aa9b18a?s=96&d=mm&r=g\",\"url\":\"https:\\\/\\\/secure.gravatar.com\\\/avatar\\\/a545bbb6f84efdd5553dbbc2895e3ca8f1d12c5215e00a041c9670b54aa9b18a?s=96&d=mm&r=g\",\"contentUrl\":\"https:\\\/\\\/secure.gravatar.com\\\/avatar\\\/a545bbb6f84efdd5553dbbc2895e3ca8f1d12c5215e00a041c9670b54aa9b18a?s=96&d=mm&r=g\",\"caption\":\"MC\"},\"url\":\"https:\\\/\\\/www.webdo.tn\\\/fr\\\/actualite\\\/author\\\/mc\\\/\"}]}<\/script>\n<!-- \/ Yoast SEO Premium plugin. -->","yoast_head_json":{"title":"Tunisie : Quid des \u00e9lections l\u00e9gislatives","description":"Les \u00e9lections l\u00e9gislatives sont pr\u00e9vues ce samedi 17 d\u00e9cembre 2022. Quand voter ? O\u00f9 voter ? Combien y a-t-il de candidats ? Quand seront annonc\u00e9s les r\u00e9sultats...","canonical":"https:\/\/www.webdo.tn\/fr\/actualite\/national\/tunisie-quid-des-elections-legislatives\/200699\/","og_locale":"fr_FR","og_type":"article","og_title":"Tunisie : Quid des \u00e9lections l\u00e9gislatives","og_description":"Les \u00e9lections l\u00e9gislatives sont pr\u00e9vues ce samedi 17 d\u00e9cembre 2022. Quand voter ? O\u00f9 voter ? Combien y a-t-il de candidats ? Quand seront annonc\u00e9s les r\u00e9sultats...","og_url":"https:\/\/www.webdo.tn\/fr\/actualite\/national\/tunisie-quid-des-elections-legislatives\/200699\/","og_site_name":"webdo","article_publisher":"https:\/\/www.facebook.com\/webdotn","article_published_time":"2022-12-15T12:08:00+00:00","article_modified_time":"2025-05-20T22:04:01+00:00","og_image":[{"width":750,"height":400,"url":"https:\/\/www.webdo.tn\/fr\/wp-content\/uploads\/2022\/12\/caec1f36600c6dfea3795262ce5e31c0.jpg","type":"image\/jpeg"}],"author":"MC","twitter_card":"summary_large_image","twitter_creator":"@webdo_tn","twitter_site":"@webdo_tn","twitter_misc":{"\u00c9crit par":"MC","Dur\u00e9e de lecture estim\u00e9e":"3 minutes"},"schema":{"@context":"https:\/\/schema.org","@graph":[{"@type":"NewsArticle","@id":"https:\/\/www.webdo.tn\/fr\/actualite\/national\/tunisie-quid-des-elections-legislatives\/200699\/#article","isPartOf":{"@id":"https:\/\/www.webdo.tn\/fr\/actualite\/national\/tunisie-quid-des-elections-legislatives\/200699\/"},"author":{"name":"MC","@id":"https:\/\/www.webdo.tn\/fr\/#\/schema\/person\/2c4929cbf5a809e3bd38617c6ce150f6"},"headline":"Tunisie : Quid des \u00e9lections l\u00e9gislatives","datePublished":"2022-12-15T12:08:00+00:00","dateModified":"2025-05-20T22:04:01+00:00","mainEntityOfPage":{"@id":"https:\/\/www.webdo.tn\/fr\/actualite\/national\/tunisie-quid-des-elections-legislatives\/200699\/"},"wordCount":719,"commentCount":0,"publisher":{"@id":"https:\/\/www.webdo.tn\/fr\/#organization"},"image":{"@id":"https:\/\/www.webdo.tn\/fr\/actualite\/national\/tunisie-quid-des-elections-legislatives\/200699\/#primaryimage"},"thumbnailUrl":"https:\/\/www.webdo.tn\/fr\/wp-content\/uploads\/2022\/12\/caec1f36600c6dfea3795262ce5e31c0.jpg","keywords":["\u00e9lections","L\u00e9gislatives","Tunisie"],"articleSection":["National"],"inLanguage":"fr-FR"},{"@type":"WebPage","@id":"https:\/\/www.webdo.tn\/fr\/actualite\/national\/tunisie-quid-des-elections-legislatives\/200699\/","url":"https:\/\/www.webdo.tn\/fr\/actualite\/national\/tunisie-quid-des-elections-legislatives\/200699\/","name":"Tunisie : Quid des \u00e9lections l\u00e9gislatives","isPartOf":{"@id":"https:\/\/www.webdo.tn\/fr\/#website"},"primaryImageOfPage":{"@id":"https:\/\/www.webdo.tn\/fr\/actualite\/national\/tunisie-quid-des-elections-legislatives\/200699\/#primaryimage"},"image":{"@id":"https:\/\/www.webdo.tn\/fr\/actualite\/national\/tunisie-quid-des-elections-legislatives\/200699\/#primaryimage"},"thumbnailUrl":"https:\/\/www.webdo.tn\/fr\/wp-content\/uploads\/2022\/12\/caec1f36600c6dfea3795262ce5e31c0.jpg","datePublished":"2022-12-15T12:08:00+00:00","dateModified":"2025-05-20T22:04:01+00:00","description":"Les \u00e9lections l\u00e9gislatives sont pr\u00e9vues ce samedi 17 d\u00e9cembre 2022. Quand voter ? O\u00f9 voter ? Combien y a-t-il de candidats ? Quand seront annonc\u00e9s les r\u00e9sultats...","breadcrumb":{"@id":"https:\/\/www.webdo.tn\/fr\/actualite\/national\/tunisie-quid-des-elections-legislatives\/200699\/#breadcrumb"},"inLanguage":"fr-FR","potentialAction":[{"@type":"ReadAction","target":["https:\/\/www.webdo.tn\/fr\/actualite\/national\/tunisie-quid-des-elections-legislatives\/200699\/"]}]},{"@type":"ImageObject","inLanguage":"fr-FR","@id":"https:\/\/www.webdo.tn\/fr\/actualite\/national\/tunisie-quid-des-elections-legislatives\/200699\/#primaryimage","url":"https:\/\/www.webdo.tn\/fr\/wp-content\/uploads\/2022\/12\/caec1f36600c6dfea3795262ce5e31c0.jpg","contentUrl":"https:\/\/www.webdo.tn\/fr\/wp-content\/uploads\/2022\/12\/caec1f36600c6dfea3795262ce5e31c0.jpg","width":750,"height":400,"caption":"Tunisie : Quid des \u00e9lections l\u00e9gislatives"},{"@type":"BreadcrumbList","@id":"https:\/\/www.webdo.tn\/fr\/actualite\/national\/tunisie-quid-des-elections-legislatives\/200699\/#breadcrumb","itemListElement":[{"@type":"ListItem","position":1,"name":"Accueil","item":"https:\/\/www.webdo.tn\/fr\/"},{"@type":"ListItem","position":2,"name":"Tunisie : Quid des \u00e9lections l\u00e9gislatives"}]},{"@type":"WebSite","@id":"https:\/\/www.webdo.tn\/fr\/#website","url":"https:\/\/www.webdo.tn\/fr\/","name":"webdo","description":"Tunisie - News en Tunisie et \u00e0 l&#039;international sur Webdo.tn","publisher":{"@id":"https:\/\/www.webdo.tn\/fr\/#organization"},"potentialAction":[{"@type":"SearchAction","target":{"@type":"EntryPoint","urlTemplate":"https:\/\/www.webdo.tn\/fr\/?s={search_term_string}"},"query-input":{"@type":"PropertyValueSpecification","valueRequired":true,"valueName":"search_term_string"}}],"inLanguage":"fr-FR"},{"@type":"Organization","@id":"https:\/\/www.webdo.tn\/fr\/#organization","name":"Webdo","alternateName":"Webdo.tn","url":"https:\/\/www.webdo.tn\/fr\/","logo":{"@type":"ImageObject","inLanguage":"fr-FR","@id":"https:\/\/www.webdo.tn\/fr\/#\/schema\/logo\/image\/","url":"https:\/\/www.webdo.tn\/fr\/wp-content\/uploads\/2025\/06\/Webdo-Tunisie_168377.jpg","contentUrl":"https:\/\/www.webdo.tn\/fr\/wp-content\/uploads\/2025\/06\/Webdo-Tunisie_168377.jpg","width":301,"height":301,"caption":"Webdo"},"image":{"@id":"https:\/\/www.webdo.tn\/fr\/#\/schema\/logo\/image\/"},"sameAs":["https:\/\/www.facebook.com\/webdotn","https:\/\/x.com\/webdo_tn"],"description":"Webdo est un m\u00e9dia num\u00e9rique tunisien fond\u00e9 en 2010, sp\u00e9cialis\u00e9 dans l\u2019actualit\u00e9 nationale et internationale, l\u2019\u00e9conomie, la soci\u00e9t\u00e9 et les analyses politiques. Le site s\u2019adresse \u00e0 un large public francophone et couvre l\u2019information tunisienne en temps r\u00e9el.","email":"redac@webdo.tn","legalName":"YNJ SARL","foundingDate":"2010-09-06","numberOfEmployees":{"@type":"QuantitativeValue","minValue":"11","maxValue":"50"}},{"@type":"Person","@id":"https:\/\/www.webdo.tn\/fr\/#\/schema\/person\/2c4929cbf5a809e3bd38617c6ce150f6","name":"MC","image":{"@type":"ImageObject","inLanguage":"fr-FR","@id":"https:\/\/secure.gravatar.com\/avatar\/a545bbb6f84efdd5553dbbc2895e3ca8f1d12c5215e00a041c9670b54aa9b18a?s=96&d=mm&r=g","url":"https:\/\/secure.gravatar.com\/avatar\/a545bbb6f84efdd5553dbbc2895e3ca8f1d12c5215e00a041c9670b54aa9b18a?s=96&d=mm&r=g","contentUrl":"https:\/\/secure.gravatar.com\/avatar\/a545bbb6f84efdd5553dbbc2895e3ca8f1d12c5215e00a041c9670b54aa9b18a?s=96&d=mm&r=g","caption":"MC"},"url":"https:\/\/www.webdo.tn\/fr\/actualite\/author\/mc\/"}]}},"_links":{"self":[{"href":"https:\/\/www.webdo.tn\/fr\/wp-json\/wp\/v2\/posts\/200699","targetHints":{"allow":["GET"]}}],"collection":[{"href":"https:\/\/www.webdo.tn\/fr\/wp-json\/wp\/v2\/posts"}],"about":[{"href":"https:\/\/www.webdo.tn\/fr\/wp-json\/wp\/v2\/types\/post"}],"author":[{"embeddable":true,"href":"https:\/\/www.webdo.tn\/fr\/wp-json\/wp\/v2\/users\/3162"}],"replies":[{"embeddable":true,"href":"https:\/\/www.webdo.tn\/fr\/wp-json\/wp\/v2\/comments?post=200699"}],"version-history":[{"count":0,"href":"https:\/\/www.webdo.tn\/fr\/wp-json\/wp\/v2\/posts\/200699\/revisions"}],"wp:featuredmedia":[{"embeddable":true,"href":"https:\/\/www.webdo.tn\/fr\/wp-json\/wp\/v2\/media\/252857"}],"wp:attachment":[{"href":"https:\/\/www.webdo.tn\/fr\/wp-json\/wp\/v2\/media?parent=200699"}],"wp:term":[{"taxonomy":"category","embeddable":true,"href":"https:\/\/www.webdo.tn\/fr\/wp-json\/wp\/v2\/categories?post=200699"},{"taxonomy":"post_tag","embeddable":true,"href":"https:\/\/www.webdo.tn\/fr\/wp-json\/wp\/v2\/tags?post=200699"}],"curies":[{"name":"wp","href":"https:\/\/api.w.org\/{rel}","templated":true}]}}