{"id":200691,"date":"2022-12-15T09:32:00","date_gmt":"2022-12-15T09:32:00","guid":{"rendered":"https:\/\/www.webdo.tn\/fr\/blog\/la-television-et-la-radio-nationales-en-greve-generale\/200691\/"},"modified":"2025-05-20T22:03:59","modified_gmt":"2025-05-20T22:03:59","slug":"la-television-et-la-radio-nationales-en-greve-generale","status":"publish","type":"post","link":"https:\/\/www.webdo.tn\/fr\/actualite\/national\/la-television-et-la-radio-nationales-en-greve-generale\/200691\/","title":{"rendered":"La t\u00e9l\u00e9vision et la radio nationales en gr\u00e8ve g\u00e9n\u00e9rale"},"content":{"rendered":"<p>La F\u00e9d\u00e9ration g\u00e9n\u00e9rale de l&rsquo;information relevant de l&rsquo;Union g\u00e9n\u00e9rale tunisienne du Travail (UGTT) a annonc\u00e9, mercredi 14 d\u00e9cembre 2022, les dispositions de la gr\u00e8ve g\u00e9n\u00e9rale pr\u00e9vue samedi 17 et dimanche 18 d\u00e9cembre dans les \u00e9tablissements de la t\u00e9l\u00e9vision et de la radio nationales.<\/p>\n<p>\t\t\t\t\t\t\t\t\tLa F\u00e9d\u00e9ration a appel\u00e9 ses adh\u00e9rents \u00e0 boycotter les d\u00e9placements et les programmes diffus\u00e9s en direct, pr\u00e9conisant d&rsquo;\u00e9mettre des bulletins d&rsquo;information brefs et de lire, \u00e0 l&rsquo;occasion, les d\u00e9clarations li\u00e9es \u00e0 la gr\u00e8ve du secteur.<\/p>\n<p>Cette gr\u00e8ve a \u00e9t\u00e9 d\u00e9cid\u00e9e pour r\u00e9clamer la publication du d\u00e9cret amendant le statut, conform\u00e9ment \u00e0 l&rsquo;accord sign\u00e9, le 28 juin 2021, au si\u00e8ge du minist\u00e8re des Affaires sociales.<\/p>\n","protected":false},"excerpt":{"rendered":"<p>La F\u00e9d\u00e9ration g\u00e9n\u00e9rale de l&rsquo;information relevant de l&rsquo;Union g\u00e9n\u00e9rale tunisienne du Travail (UGTT) a annonc\u00e9, mercredi 14 d\u00e9cembre 2022, les dispositions de la g&#8230;<\/p>\n","protected":false},"author":3162,"featured_media":252846,"comment_status":"open","ping_status":"closed","sticky":false,"template":"","format":"standard","meta":{"footnotes":""},"categories":[44],"tags":[2782,8931,4515],"class_list":["post-200691","post","type-post","status-publish","format-standard","has-post-thumbnail","hentry","category-national","tag-greve-generale","tag-radio-nationale","tag-television-nationale"],"yoast_head":"<!-- This site is optimized with the Yoast SEO Premium plugin v27.4 (Yoast SEO v27.5) - https:\/\/yoast.com\/product\/yoast-seo-premium-wordpress\/ -->\n<title>La t\u00e9l\u00e9vision et la radio nationales en gr\u00e8ve g\u00e9n\u00e9rale<\/title>\n<meta name=\"description\" content=\"La F\u00e9d\u00e9ration g\u00e9n\u00e9rale de l&#039;information relevant de l&#039;Union g\u00e9n\u00e9rale tunisienne du Travail (UGTT) a annonc\u00e9, mercredi 14 d\u00e9cembre 2022, les dispositions de la g...\" \/>\n<link rel=\"canonical\" href=\"https:\/\/www.webdo.tn\/fr\/actualite\/national\/la-television-et-la-radio-nationales-en-greve-generale\/200691\/\" \/>\n<meta property=\"og:locale\" content=\"fr_FR\" \/>\n<meta property=\"og:type\" content=\"article\" \/>\n<meta property=\"og:title\" content=\"La t\u00e9l\u00e9vision et la radio nationales en gr\u00e8ve g\u00e9n\u00e9rale\" \/>\n<meta property=\"og:description\" content=\"La F\u00e9d\u00e9ration g\u00e9n\u00e9rale de l&#039;information relevant de l&#039;Union g\u00e9n\u00e9rale tunisienne du Travail (UGTT) a annonc\u00e9, mercredi 14 d\u00e9cembre 2022, les dispositions de la g...\" \/>\n<meta property=\"og:url\" content=\"https:\/\/www.webdo.tn\/fr\/actualite\/national\/la-television-et-la-radio-nationales-en-greve-generale\/200691\/\" \/>\n<meta property=\"og:site_name\" content=\"webdo\" \/>\n<meta property=\"article:publisher\" content=\"https:\/\/www.facebook.com\/webdotn\" \/>\n<meta property=\"article:published_time\" content=\"2022-12-15T09:32:00+00:00\" \/>\n<meta property=\"article:modified_time\" content=\"2025-05-20T22:03:59+00:00\" \/>\n<meta property=\"og:image\" content=\"https:\/\/www.webdo.tn\/fr\/wp-content\/uploads\/2022\/12\/a234d000fa9fd93799bdaf08f0adb783.jpg\" \/>\n\t<meta property=\"og:image:width\" content=\"750\" \/>\n\t<meta property=\"og:image:height\" content=\"400\" \/>\n\t<meta property=\"og:image:type\" content=\"image\/jpeg\" \/>\n<meta name=\"author\" content=\"MC\" \/>\n<meta name=\"twitter:card\" content=\"summary_large_image\" \/>\n<meta name=\"twitter:creator\" content=\"@webdo_tn\" \/>\n<meta name=\"twitter:site\" content=\"@webdo_tn\" \/>\n<meta name=\"twitter:label1\" content=\"\u00c9crit par\" \/>\n\t<meta name=\"twitter:data1\" content=\"MC\" \/>\n\t<meta name=\"twitter:label2\" content=\"Dur\u00e9e de lecture estim\u00e9e\" \/>\n\t<meta name=\"twitter:data2\" content=\"1 minute\" \/>\n<script type=\"application\/ld+json\" class=\"yoast-schema-graph\">{\"@context\":\"https:\\\/\\\/schema.org\",\"@graph\":[{\"@type\":\"NewsArticle\",\"@id\":\"https:\\\/\\\/www.webdo.tn\\\/fr\\\/actualite\\\/national\\\/la-television-et-la-radio-nationales-en-greve-generale\\\/200691\\\/#article\",\"isPartOf\":{\"@id\":\"https:\\\/\\\/www.webdo.tn\\\/fr\\\/actualite\\\/national\\\/la-television-et-la-radio-nationales-en-greve-generale\\\/200691\\\/\"},\"author\":{\"name\":\"MC\",\"@id\":\"https:\\\/\\\/www.webdo.tn\\\/fr\\\/#\\\/schema\\\/person\\\/2c4929cbf5a809e3bd38617c6ce150f6\"},\"headline\":\"La t\u00e9l\u00e9vision et la radio nationales en gr\u00e8ve g\u00e9n\u00e9rale\",\"datePublished\":\"2022-12-15T09:32:00+00:00\",\"dateModified\":\"2025-05-20T22:03:59+00:00\",\"mainEntityOfPage\":{\"@id\":\"https:\\\/\\\/www.webdo.tn\\\/fr\\\/actualite\\\/national\\\/la-television-et-la-radio-nationales-en-greve-generale\\\/200691\\\/\"},\"wordCount\":148,\"commentCount\":0,\"publisher\":{\"@id\":\"https:\\\/\\\/www.webdo.tn\\\/fr\\\/#organization\"},\"image\":{\"@id\":\"https:\\\/\\\/www.webdo.tn\\\/fr\\\/actualite\\\/national\\\/la-television-et-la-radio-nationales-en-greve-generale\\\/200691\\\/#primaryimage\"},\"thumbnailUrl\":\"https:\\\/\\\/www.webdo.tn\\\/fr\\\/wp-content\\\/uploads\\\/2022\\\/12\\\/a234d000fa9fd93799bdaf08f0adb783.jpg\",\"keywords\":[\"Gr\u00e8ve g\u00e9n\u00e9rale\",\"radio nationale\",\"t\u00e9l\u00e9vision nationale\"],\"articleSection\":[\"National\"],\"inLanguage\":\"fr-FR\"},{\"@type\":\"WebPage\",\"@id\":\"https:\\\/\\\/www.webdo.tn\\\/fr\\\/actualite\\\/national\\\/la-television-et-la-radio-nationales-en-greve-generale\\\/200691\\\/\",\"url\":\"https:\\\/\\\/www.webdo.tn\\\/fr\\\/actualite\\\/national\\\/la-television-et-la-radio-nationales-en-greve-generale\\\/200691\\\/\",\"name\":\"La t\u00e9l\u00e9vision et la radio nationales en gr\u00e8ve g\u00e9n\u00e9rale\",\"isPartOf\":{\"@id\":\"https:\\\/\\\/www.webdo.tn\\\/fr\\\/#website\"},\"primaryImageOfPage\":{\"@id\":\"https:\\\/\\\/www.webdo.tn\\\/fr\\\/actualite\\\/national\\\/la-television-et-la-radio-nationales-en-greve-generale\\\/200691\\\/#primaryimage\"},\"image\":{\"@id\":\"https:\\\/\\\/www.webdo.tn\\\/fr\\\/actualite\\\/national\\\/la-television-et-la-radio-nationales-en-greve-generale\\\/200691\\\/#primaryimage\"},\"thumbnailUrl\":\"https:\\\/\\\/www.webdo.tn\\\/fr\\\/wp-content\\\/uploads\\\/2022\\\/12\\\/a234d000fa9fd93799bdaf08f0adb783.jpg\",\"datePublished\":\"2022-12-15T09:32:00+00:00\",\"dateModified\":\"2025-05-20T22:03:59+00:00\",\"description\":\"La F\u00e9d\u00e9ration g\u00e9n\u00e9rale de l'information relevant de l'Union g\u00e9n\u00e9rale tunisienne du Travail (UGTT) a annonc\u00e9, mercredi 14 d\u00e9cembre 2022, les dispositions de la g...\",\"breadcrumb\":{\"@id\":\"https:\\\/\\\/www.webdo.tn\\\/fr\\\/actualite\\\/national\\\/la-television-et-la-radio-nationales-en-greve-generale\\\/200691\\\/#breadcrumb\"},\"inLanguage\":\"fr-FR\",\"potentialAction\":[{\"@type\":\"ReadAction\",\"target\":[\"https:\\\/\\\/www.webdo.tn\\\/fr\\\/actualite\\\/national\\\/la-television-et-la-radio-nationales-en-greve-generale\\\/200691\\\/\"]}]},{\"@type\":\"ImageObject\",\"inLanguage\":\"fr-FR\",\"@id\":\"https:\\\/\\\/www.webdo.tn\\\/fr\\\/actualite\\\/national\\\/la-television-et-la-radio-nationales-en-greve-generale\\\/200691\\\/#primaryimage\",\"url\":\"https:\\\/\\\/www.webdo.tn\\\/fr\\\/wp-content\\\/uploads\\\/2022\\\/12\\\/a234d000fa9fd93799bdaf08f0adb783.jpg\",\"contentUrl\":\"https:\\\/\\\/www.webdo.tn\\\/fr\\\/wp-content\\\/uploads\\\/2022\\\/12\\\/a234d000fa9fd93799bdaf08f0adb783.jpg\",\"width\":750,\"height\":400,\"caption\":\"La t\u00e9l\u00e9vision et la radio nationales en gr\u00e8ve g\u00e9n\u00e9rale\"},{\"@type\":\"BreadcrumbList\",\"@id\":\"https:\\\/\\\/www.webdo.tn\\\/fr\\\/actualite\\\/national\\\/la-television-et-la-radio-nationales-en-greve-generale\\\/200691\\\/#breadcrumb\",\"itemListElement\":[{\"@type\":\"ListItem\",\"position\":1,\"name\":\"Accueil\",\"item\":\"https:\\\/\\\/www.webdo.tn\\\/fr\\\/\"},{\"@type\":\"ListItem\",\"position\":2,\"name\":\"La t\u00e9l\u00e9vision et la radio nationales en gr\u00e8ve g\u00e9n\u00e9rale\"}]},{\"@type\":\"WebSite\",\"@id\":\"https:\\\/\\\/www.webdo.tn\\\/fr\\\/#website\",\"url\":\"https:\\\/\\\/www.webdo.tn\\\/fr\\\/\",\"name\":\"webdo\",\"description\":\"Tunisie - News en Tunisie et \u00e0 l&#039;international sur Webdo.tn\",\"publisher\":{\"@id\":\"https:\\\/\\\/www.webdo.tn\\\/fr\\\/#organization\"},\"potentialAction\":[{\"@type\":\"SearchAction\",\"target\":{\"@type\":\"EntryPoint\",\"urlTemplate\":\"https:\\\/\\\/www.webdo.tn\\\/fr\\\/?s={search_term_string}\"},\"query-input\":{\"@type\":\"PropertyValueSpecification\",\"valueRequired\":true,\"valueName\":\"search_term_string\"}}],\"inLanguage\":\"fr-FR\"},{\"@type\":\"Organization\",\"@id\":\"https:\\\/\\\/www.webdo.tn\\\/fr\\\/#organization\",\"name\":\"Webdo\",\"alternateName\":\"Webdo.tn\",\"url\":\"https:\\\/\\\/www.webdo.tn\\\/fr\\\/\",\"logo\":{\"@type\":\"ImageObject\",\"inLanguage\":\"fr-FR\",\"@id\":\"https:\\\/\\\/www.webdo.tn\\\/fr\\\/#\\\/schema\\\/logo\\\/image\\\/\",\"url\":\"https:\\\/\\\/www.webdo.tn\\\/fr\\\/wp-content\\\/uploads\\\/2025\\\/06\\\/Webdo-Tunisie_168377.jpg\",\"contentUrl\":\"https:\\\/\\\/www.webdo.tn\\\/fr\\\/wp-content\\\/uploads\\\/2025\\\/06\\\/Webdo-Tunisie_168377.jpg\",\"width\":301,\"height\":301,\"caption\":\"Webdo\"},\"image\":{\"@id\":\"https:\\\/\\\/www.webdo.tn\\\/fr\\\/#\\\/schema\\\/logo\\\/image\\\/\"},\"sameAs\":[\"https:\\\/\\\/www.facebook.com\\\/webdotn\",\"https:\\\/\\\/x.com\\\/webdo_tn\"],\"description\":\"Webdo est un m\u00e9dia num\u00e9rique tunisien fond\u00e9 en 2010, sp\u00e9cialis\u00e9 dans l\u2019actualit\u00e9 nationale et internationale, l\u2019\u00e9conomie, la soci\u00e9t\u00e9 et les analyses politiques. Le site s\u2019adresse \u00e0 un large public francophone et couvre l\u2019information tunisienne en temps r\u00e9el.\",\"email\":\"redac@webdo.tn\",\"legalName\":\"YNJ SARL\",\"foundingDate\":\"2010-09-06\",\"numberOfEmployees\":{\"@type\":\"QuantitativeValue\",\"minValue\":\"11\",\"maxValue\":\"50\"}},{\"@type\":\"Person\",\"@id\":\"https:\\\/\\\/www.webdo.tn\\\/fr\\\/#\\\/schema\\\/person\\\/2c4929cbf5a809e3bd38617c6ce150f6\",\"name\":\"MC\",\"image\":{\"@type\":\"ImageObject\",\"inLanguage\":\"fr-FR\",\"@id\":\"https:\\\/\\\/secure.gravatar.com\\\/avatar\\\/a545bbb6f84efdd5553dbbc2895e3ca8f1d12c5215e00a041c9670b54aa9b18a?s=96&d=mm&r=g\",\"url\":\"https:\\\/\\\/secure.gravatar.com\\\/avatar\\\/a545bbb6f84efdd5553dbbc2895e3ca8f1d12c5215e00a041c9670b54aa9b18a?s=96&d=mm&r=g\",\"contentUrl\":\"https:\\\/\\\/secure.gravatar.com\\\/avatar\\\/a545bbb6f84efdd5553dbbc2895e3ca8f1d12c5215e00a041c9670b54aa9b18a?s=96&d=mm&r=g\",\"caption\":\"MC\"},\"url\":\"https:\\\/\\\/www.webdo.tn\\\/fr\\\/actualite\\\/author\\\/mc\\\/\"}]}<\/script>\n<!-- \/ Yoast SEO Premium plugin. -->","yoast_head_json":{"title":"La t\u00e9l\u00e9vision et la radio nationales en gr\u00e8ve g\u00e9n\u00e9rale","description":"La F\u00e9d\u00e9ration g\u00e9n\u00e9rale de l'information relevant de l'Union g\u00e9n\u00e9rale tunisienne du Travail (UGTT) a annonc\u00e9, mercredi 14 d\u00e9cembre 2022, les dispositions de la g...","canonical":"https:\/\/www.webdo.tn\/fr\/actualite\/national\/la-television-et-la-radio-nationales-en-greve-generale\/200691\/","og_locale":"fr_FR","og_type":"article","og_title":"La t\u00e9l\u00e9vision et la radio nationales en gr\u00e8ve g\u00e9n\u00e9rale","og_description":"La F\u00e9d\u00e9ration g\u00e9n\u00e9rale de l'information relevant de l'Union g\u00e9n\u00e9rale tunisienne du Travail (UGTT) a annonc\u00e9, mercredi 14 d\u00e9cembre 2022, les dispositions de la g...","og_url":"https:\/\/www.webdo.tn\/fr\/actualite\/national\/la-television-et-la-radio-nationales-en-greve-generale\/200691\/","og_site_name":"webdo","article_publisher":"https:\/\/www.facebook.com\/webdotn","article_published_time":"2022-12-15T09:32:00+00:00","article_modified_time":"2025-05-20T22:03:59+00:00","og_image":[{"width":750,"height":400,"url":"https:\/\/www.webdo.tn\/fr\/wp-content\/uploads\/2022\/12\/a234d000fa9fd93799bdaf08f0adb783.jpg","type":"image\/jpeg"}],"author":"MC","twitter_card":"summary_large_image","twitter_creator":"@webdo_tn","twitter_site":"@webdo_tn","twitter_misc":{"\u00c9crit par":"MC","Dur\u00e9e de lecture estim\u00e9e":"1 minute"},"schema":{"@context":"https:\/\/schema.org","@graph":[{"@type":"NewsArticle","@id":"https:\/\/www.webdo.tn\/fr\/actualite\/national\/la-television-et-la-radio-nationales-en-greve-generale\/200691\/#article","isPartOf":{"@id":"https:\/\/www.webdo.tn\/fr\/actualite\/national\/la-television-et-la-radio-nationales-en-greve-generale\/200691\/"},"author":{"name":"MC","@id":"https:\/\/www.webdo.tn\/fr\/#\/schema\/person\/2c4929cbf5a809e3bd38617c6ce150f6"},"headline":"La t\u00e9l\u00e9vision et la radio nationales en gr\u00e8ve g\u00e9n\u00e9rale","datePublished":"2022-12-15T09:32:00+00:00","dateModified":"2025-05-20T22:03:59+00:00","mainEntityOfPage":{"@id":"https:\/\/www.webdo.tn\/fr\/actualite\/national\/la-television-et-la-radio-nationales-en-greve-generale\/200691\/"},"wordCount":148,"commentCount":0,"publisher":{"@id":"https:\/\/www.webdo.tn\/fr\/#organization"},"image":{"@id":"https:\/\/www.webdo.tn\/fr\/actualite\/national\/la-television-et-la-radio-nationales-en-greve-generale\/200691\/#primaryimage"},"thumbnailUrl":"https:\/\/www.webdo.tn\/fr\/wp-content\/uploads\/2022\/12\/a234d000fa9fd93799bdaf08f0adb783.jpg","keywords":["Gr\u00e8ve g\u00e9n\u00e9rale","radio nationale","t\u00e9l\u00e9vision nationale"],"articleSection":["National"],"inLanguage":"fr-FR"},{"@type":"WebPage","@id":"https:\/\/www.webdo.tn\/fr\/actualite\/national\/la-television-et-la-radio-nationales-en-greve-generale\/200691\/","url":"https:\/\/www.webdo.tn\/fr\/actualite\/national\/la-television-et-la-radio-nationales-en-greve-generale\/200691\/","name":"La t\u00e9l\u00e9vision et la radio nationales en gr\u00e8ve g\u00e9n\u00e9rale","isPartOf":{"@id":"https:\/\/www.webdo.tn\/fr\/#website"},"primaryImageOfPage":{"@id":"https:\/\/www.webdo.tn\/fr\/actualite\/national\/la-television-et-la-radio-nationales-en-greve-generale\/200691\/#primaryimage"},"image":{"@id":"https:\/\/www.webdo.tn\/fr\/actualite\/national\/la-television-et-la-radio-nationales-en-greve-generale\/200691\/#primaryimage"},"thumbnailUrl":"https:\/\/www.webdo.tn\/fr\/wp-content\/uploads\/2022\/12\/a234d000fa9fd93799bdaf08f0adb783.jpg","datePublished":"2022-12-15T09:32:00+00:00","dateModified":"2025-05-20T22:03:59+00:00","description":"La F\u00e9d\u00e9ration g\u00e9n\u00e9rale de l'information relevant de l'Union g\u00e9n\u00e9rale tunisienne du Travail (UGTT) a annonc\u00e9, mercredi 14 d\u00e9cembre 2022, les dispositions de la g...","breadcrumb":{"@id":"https:\/\/www.webdo.tn\/fr\/actualite\/national\/la-television-et-la-radio-nationales-en-greve-generale\/200691\/#breadcrumb"},"inLanguage":"fr-FR","potentialAction":[{"@type":"ReadAction","target":["https:\/\/www.webdo.tn\/fr\/actualite\/national\/la-television-et-la-radio-nationales-en-greve-generale\/200691\/"]}]},{"@type":"ImageObject","inLanguage":"fr-FR","@id":"https:\/\/www.webdo.tn\/fr\/actualite\/national\/la-television-et-la-radio-nationales-en-greve-generale\/200691\/#primaryimage","url":"https:\/\/www.webdo.tn\/fr\/wp-content\/uploads\/2022\/12\/a234d000fa9fd93799bdaf08f0adb783.jpg","contentUrl":"https:\/\/www.webdo.tn\/fr\/wp-content\/uploads\/2022\/12\/a234d000fa9fd93799bdaf08f0adb783.jpg","width":750,"height":400,"caption":"La t\u00e9l\u00e9vision et la radio nationales en gr\u00e8ve g\u00e9n\u00e9rale"},{"@type":"BreadcrumbList","@id":"https:\/\/www.webdo.tn\/fr\/actualite\/national\/la-television-et-la-radio-nationales-en-greve-generale\/200691\/#breadcrumb","itemListElement":[{"@type":"ListItem","position":1,"name":"Accueil","item":"https:\/\/www.webdo.tn\/fr\/"},{"@type":"ListItem","position":2,"name":"La t\u00e9l\u00e9vision et la radio nationales en gr\u00e8ve g\u00e9n\u00e9rale"}]},{"@type":"WebSite","@id":"https:\/\/www.webdo.tn\/fr\/#website","url":"https:\/\/www.webdo.tn\/fr\/","name":"webdo","description":"Tunisie - News en Tunisie et \u00e0 l&#039;international sur Webdo.tn","publisher":{"@id":"https:\/\/www.webdo.tn\/fr\/#organization"},"potentialAction":[{"@type":"SearchAction","target":{"@type":"EntryPoint","urlTemplate":"https:\/\/www.webdo.tn\/fr\/?s={search_term_string}"},"query-input":{"@type":"PropertyValueSpecification","valueRequired":true,"valueName":"search_term_string"}}],"inLanguage":"fr-FR"},{"@type":"Organization","@id":"https:\/\/www.webdo.tn\/fr\/#organization","name":"Webdo","alternateName":"Webdo.tn","url":"https:\/\/www.webdo.tn\/fr\/","logo":{"@type":"ImageObject","inLanguage":"fr-FR","@id":"https:\/\/www.webdo.tn\/fr\/#\/schema\/logo\/image\/","url":"https:\/\/www.webdo.tn\/fr\/wp-content\/uploads\/2025\/06\/Webdo-Tunisie_168377.jpg","contentUrl":"https:\/\/www.webdo.tn\/fr\/wp-content\/uploads\/2025\/06\/Webdo-Tunisie_168377.jpg","width":301,"height":301,"caption":"Webdo"},"image":{"@id":"https:\/\/www.webdo.tn\/fr\/#\/schema\/logo\/image\/"},"sameAs":["https:\/\/www.facebook.com\/webdotn","https:\/\/x.com\/webdo_tn"],"description":"Webdo est un m\u00e9dia num\u00e9rique tunisien fond\u00e9 en 2010, sp\u00e9cialis\u00e9 dans l\u2019actualit\u00e9 nationale et internationale, l\u2019\u00e9conomie, la soci\u00e9t\u00e9 et les analyses politiques. Le site s\u2019adresse \u00e0 un large public francophone et couvre l\u2019information tunisienne en temps r\u00e9el.","email":"redac@webdo.tn","legalName":"YNJ SARL","foundingDate":"2010-09-06","numberOfEmployees":{"@type":"QuantitativeValue","minValue":"11","maxValue":"50"}},{"@type":"Person","@id":"https:\/\/www.webdo.tn\/fr\/#\/schema\/person\/2c4929cbf5a809e3bd38617c6ce150f6","name":"MC","image":{"@type":"ImageObject","inLanguage":"fr-FR","@id":"https:\/\/secure.gravatar.com\/avatar\/a545bbb6f84efdd5553dbbc2895e3ca8f1d12c5215e00a041c9670b54aa9b18a?s=96&d=mm&r=g","url":"https:\/\/secure.gravatar.com\/avatar\/a545bbb6f84efdd5553dbbc2895e3ca8f1d12c5215e00a041c9670b54aa9b18a?s=96&d=mm&r=g","contentUrl":"https:\/\/secure.gravatar.com\/avatar\/a545bbb6f84efdd5553dbbc2895e3ca8f1d12c5215e00a041c9670b54aa9b18a?s=96&d=mm&r=g","caption":"MC"},"url":"https:\/\/www.webdo.tn\/fr\/actualite\/author\/mc\/"}]}},"_links":{"self":[{"href":"https:\/\/www.webdo.tn\/fr\/wp-json\/wp\/v2\/posts\/200691","targetHints":{"allow":["GET"]}}],"collection":[{"href":"https:\/\/www.webdo.tn\/fr\/wp-json\/wp\/v2\/posts"}],"about":[{"href":"https:\/\/www.webdo.tn\/fr\/wp-json\/wp\/v2\/types\/post"}],"author":[{"embeddable":true,"href":"https:\/\/www.webdo.tn\/fr\/wp-json\/wp\/v2\/users\/3162"}],"replies":[{"embeddable":true,"href":"https:\/\/www.webdo.tn\/fr\/wp-json\/wp\/v2\/comments?post=200691"}],"version-history":[{"count":0,"href":"https:\/\/www.webdo.tn\/fr\/wp-json\/wp\/v2\/posts\/200691\/revisions"}],"wp:featuredmedia":[{"embeddable":true,"href":"https:\/\/www.webdo.tn\/fr\/wp-json\/wp\/v2\/media\/252846"}],"wp:attachment":[{"href":"https:\/\/www.webdo.tn\/fr\/wp-json\/wp\/v2\/media?parent=200691"}],"wp:term":[{"taxonomy":"category","embeddable":true,"href":"https:\/\/www.webdo.tn\/fr\/wp-json\/wp\/v2\/categories?post=200691"},{"taxonomy":"post_tag","embeddable":true,"href":"https:\/\/www.webdo.tn\/fr\/wp-json\/wp\/v2\/tags?post=200691"}],"curies":[{"name":"wp","href":"https:\/\/api.w.org\/{rel}","templated":true}]}}