{"id":200665,"date":"2022-12-14T16:08:00","date_gmt":"2022-12-14T16:08:00","guid":{"rendered":"https:\/\/www.webdo.tn\/fr\/blog\/legislatives-demarrage-demain-du-vote-dans-trois-circonscriptions-a-l-etranger\/200665\/"},"modified":"2025-05-20T22:06:14","modified_gmt":"2025-05-20T22:06:14","slug":"legislatives-demarrage-demain-du-vote-dans-trois-circonscriptions-a-l-etranger","status":"publish","type":"post","link":"https:\/\/www.webdo.tn\/fr\/actualite\/national\/legislatives-demarrage-demain-du-vote-dans-trois-circonscriptions-a-l-etranger\/200665\/","title":{"rendered":"L\u00e9gislatives : D\u00e9marrage, demain, du vote dans trois circonscriptions \u00e0 l&rsquo;\u00e9tranger"},"content":{"rendered":"<p>Le vote pour les \u00e9lections l\u00e9gislatives d\u00e9marre, demain, jeudi 15 d\u00e9cembre 2022, dans trois circonscriptions \u00e0 l\u2019\u00e9tranger.<\/p>\n<p>\t\t\t\t\t\t\t\t\tIl s\u2019agit des circonscriptions \u00e9lectorales de France 2, France 3 et d\u2019Italie. Le vote se poursuivra jusqu\u2019\u00e0 samedi 17 d\u00e9cembre \u00e0 18h.<\/p>\n<p>A noter que ces trois circonscriptions \u00e9lectorales n\u2019ont enregistr\u00e9 qu\u2019une seule candidature, chacune alors qu&rsquo;aucune candidature n&rsquo;a \u00e9t\u00e9 enregistr\u00e9e dans les sept autres circonscriptions \u00e0 l&rsquo;\u00e9tranger.<\/p>\n<p>En d\u2019autres termes, l&rsquo;Instance sup\u00e9rieure ind\u00e9pendante pour les \u00e9lections (ISIE) devra organiser des l\u00e9gislatives partielles dans les sept circonscriptions sans candidat et ce, apr\u00e8s la proclamation des r\u00e9sultats d\u00e9finitifs des \u00e9lections.<\/p>\n<p>Le nombre total de candidats aux l\u00e9gislatives s&rsquo;\u00e9l\u00e8ve \u00e0 1058 (936 hommes et 122 femmes) pour l\u2019\u00e9lection de 161 d\u00e9put\u00e9s.<\/p>\n","protected":false},"excerpt":{"rendered":"<p>Le vote pour les \u00e9lections l\u00e9gislatives d\u00e9marre, demain, jeudi 15 d\u00e9cembre 2022, dans trois circonscriptions \u00e0 l\u2019\u00e9tranger.<\/p>\n","protected":false},"author":3162,"featured_media":277397,"comment_status":"open","ping_status":"closed","sticky":false,"template":"","format":"standard","meta":{"footnotes":""},"categories":[44],"tags":[3923,2788,6190,6172],"class_list":["post-200665","post","type-post","status-publish","format-standard","has-post-thumbnail","hentry","category-national","tag-elections","tag-etranger","tag-legislatives","tag-vote"],"yoast_head":"<!-- This site is optimized with the Yoast SEO Premium plugin v27.5 (Yoast SEO v27.5) - https:\/\/yoast.com\/product\/yoast-seo-premium-wordpress\/ -->\n<title>L\u00e9gislatives : D\u00e9marrage, demain, du vote dans trois circonscriptions \u00e0 l&#039;\u00e9tranger<\/title>\n<meta name=\"description\" content=\"Le vote pour les \u00e9lections l\u00e9gislatives d\u00e9marre, demain, jeudi 15 d\u00e9cembre 2022, dans trois circonscriptions \u00e0 l\u2019\u00e9tranger.\" \/>\n<link rel=\"canonical\" href=\"https:\/\/www.webdo.tn\/fr\/actualite\/national\/legislatives-demarrage-demain-du-vote-dans-trois-circonscriptions-a-l-etranger\/200665\/\" \/>\n<meta property=\"og:locale\" content=\"fr_FR\" \/>\n<meta property=\"og:type\" content=\"article\" \/>\n<meta property=\"og:title\" content=\"L\u00e9gislatives : D\u00e9marrage, demain, du vote dans trois circonscriptions \u00e0 l&#039;\u00e9tranger\" \/>\n<meta property=\"og:description\" content=\"Le vote pour les \u00e9lections l\u00e9gislatives d\u00e9marre, demain, jeudi 15 d\u00e9cembre 2022, dans trois circonscriptions \u00e0 l\u2019\u00e9tranger.\" \/>\n<meta property=\"og:url\" content=\"https:\/\/www.webdo.tn\/fr\/actualite\/national\/legislatives-demarrage-demain-du-vote-dans-trois-circonscriptions-a-l-etranger\/200665\/\" \/>\n<meta property=\"og:site_name\" content=\"webdo\" \/>\n<meta property=\"article:publisher\" content=\"https:\/\/www.facebook.com\/webdotn\" \/>\n<meta property=\"article:published_time\" content=\"2022-12-14T16:08:00+00:00\" \/>\n<meta property=\"article:modified_time\" content=\"2025-05-20T22:06:14+00:00\" \/>\n<meta property=\"og:image\" content=\"https:\/\/www.webdo.tn\/fr\/wp-content\/uploads\/2022\/12\/9b98d464349377f9c0ad43c1a9623b75.jpg\" \/>\n\t<meta property=\"og:image:width\" content=\"750\" \/>\n\t<meta property=\"og:image:height\" content=\"400\" \/>\n\t<meta property=\"og:image:type\" content=\"image\/jpeg\" \/>\n<meta name=\"author\" content=\"MC\" \/>\n<meta name=\"twitter:card\" content=\"summary_large_image\" \/>\n<meta name=\"twitter:creator\" content=\"@webdo_tn\" \/>\n<meta name=\"twitter:site\" content=\"@webdo_tn\" \/>\n<meta name=\"twitter:label1\" content=\"\u00c9crit par\" \/>\n\t<meta name=\"twitter:data1\" content=\"MC\" \/>\n\t<meta name=\"twitter:label2\" content=\"Dur\u00e9e de lecture estim\u00e9e\" \/>\n\t<meta name=\"twitter:data2\" content=\"1 minute\" \/>\n<script type=\"application\/ld+json\" class=\"yoast-schema-graph\">{\"@context\":\"https:\\\/\\\/schema.org\",\"@graph\":[{\"@type\":\"NewsArticle\",\"@id\":\"https:\\\/\\\/www.webdo.tn\\\/fr\\\/actualite\\\/national\\\/legislatives-demarrage-demain-du-vote-dans-trois-circonscriptions-a-l-etranger\\\/200665\\\/#article\",\"isPartOf\":{\"@id\":\"https:\\\/\\\/www.webdo.tn\\\/fr\\\/actualite\\\/national\\\/legislatives-demarrage-demain-du-vote-dans-trois-circonscriptions-a-l-etranger\\\/200665\\\/\"},\"author\":{\"name\":\"MC\",\"@id\":\"https:\\\/\\\/www.webdo.tn\\\/fr\\\/#\\\/schema\\\/person\\\/2c4929cbf5a809e3bd38617c6ce150f6\"},\"headline\":\"L\u00e9gislatives : D\u00e9marrage, demain, du vote dans trois circonscriptions \u00e0 l&rsquo;\u00e9tranger\",\"datePublished\":\"2022-12-14T16:08:00+00:00\",\"dateModified\":\"2025-05-20T22:06:14+00:00\",\"mainEntityOfPage\":{\"@id\":\"https:\\\/\\\/www.webdo.tn\\\/fr\\\/actualite\\\/national\\\/legislatives-demarrage-demain-du-vote-dans-trois-circonscriptions-a-l-etranger\\\/200665\\\/\"},\"wordCount\":142,\"commentCount\":0,\"publisher\":{\"@id\":\"https:\\\/\\\/www.webdo.tn\\\/fr\\\/#organization\"},\"image\":{\"@id\":\"https:\\\/\\\/www.webdo.tn\\\/fr\\\/actualite\\\/national\\\/legislatives-demarrage-demain-du-vote-dans-trois-circonscriptions-a-l-etranger\\\/200665\\\/#primaryimage\"},\"thumbnailUrl\":\"https:\\\/\\\/www.webdo.tn\\\/fr\\\/wp-content\\\/uploads\\\/2022\\\/12\\\/9b98d464349377f9c0ad43c1a9623b75.jpg\",\"keywords\":[\"\u00e9lections\",\"\u00e9tranger\",\"L\u00e9gislatives\",\"vote\"],\"articleSection\":[\"National\"],\"inLanguage\":\"fr-FR\"},{\"@type\":\"WebPage\",\"@id\":\"https:\\\/\\\/www.webdo.tn\\\/fr\\\/actualite\\\/national\\\/legislatives-demarrage-demain-du-vote-dans-trois-circonscriptions-a-l-etranger\\\/200665\\\/\",\"url\":\"https:\\\/\\\/www.webdo.tn\\\/fr\\\/actualite\\\/national\\\/legislatives-demarrage-demain-du-vote-dans-trois-circonscriptions-a-l-etranger\\\/200665\\\/\",\"name\":\"L\u00e9gislatives : D\u00e9marrage, demain, du vote dans trois circonscriptions \u00e0 l'\u00e9tranger\",\"isPartOf\":{\"@id\":\"https:\\\/\\\/www.webdo.tn\\\/fr\\\/#website\"},\"primaryImageOfPage\":{\"@id\":\"https:\\\/\\\/www.webdo.tn\\\/fr\\\/actualite\\\/national\\\/legislatives-demarrage-demain-du-vote-dans-trois-circonscriptions-a-l-etranger\\\/200665\\\/#primaryimage\"},\"image\":{\"@id\":\"https:\\\/\\\/www.webdo.tn\\\/fr\\\/actualite\\\/national\\\/legislatives-demarrage-demain-du-vote-dans-trois-circonscriptions-a-l-etranger\\\/200665\\\/#primaryimage\"},\"thumbnailUrl\":\"https:\\\/\\\/www.webdo.tn\\\/fr\\\/wp-content\\\/uploads\\\/2022\\\/12\\\/9b98d464349377f9c0ad43c1a9623b75.jpg\",\"datePublished\":\"2022-12-14T16:08:00+00:00\",\"dateModified\":\"2025-05-20T22:06:14+00:00\",\"description\":\"Le vote pour les \u00e9lections l\u00e9gislatives d\u00e9marre, demain, jeudi 15 d\u00e9cembre 2022, dans trois circonscriptions \u00e0 l\u2019\u00e9tranger.\",\"breadcrumb\":{\"@id\":\"https:\\\/\\\/www.webdo.tn\\\/fr\\\/actualite\\\/national\\\/legislatives-demarrage-demain-du-vote-dans-trois-circonscriptions-a-l-etranger\\\/200665\\\/#breadcrumb\"},\"inLanguage\":\"fr-FR\",\"potentialAction\":[{\"@type\":\"ReadAction\",\"target\":[\"https:\\\/\\\/www.webdo.tn\\\/fr\\\/actualite\\\/national\\\/legislatives-demarrage-demain-du-vote-dans-trois-circonscriptions-a-l-etranger\\\/200665\\\/\"]}]},{\"@type\":\"ImageObject\",\"inLanguage\":\"fr-FR\",\"@id\":\"https:\\\/\\\/www.webdo.tn\\\/fr\\\/actualite\\\/national\\\/legislatives-demarrage-demain-du-vote-dans-trois-circonscriptions-a-l-etranger\\\/200665\\\/#primaryimage\",\"url\":\"https:\\\/\\\/www.webdo.tn\\\/fr\\\/wp-content\\\/uploads\\\/2022\\\/12\\\/9b98d464349377f9c0ad43c1a9623b75.jpg\",\"contentUrl\":\"https:\\\/\\\/www.webdo.tn\\\/fr\\\/wp-content\\\/uploads\\\/2022\\\/12\\\/9b98d464349377f9c0ad43c1a9623b75.jpg\",\"width\":750,\"height\":400,\"caption\":\"L\u00e9gislatives : D\u00e9marrage, demain, du vote dans trois circonscriptions \u00e0 l'\u00e9tranger\"},{\"@type\":\"BreadcrumbList\",\"@id\":\"https:\\\/\\\/www.webdo.tn\\\/fr\\\/actualite\\\/national\\\/legislatives-demarrage-demain-du-vote-dans-trois-circonscriptions-a-l-etranger\\\/200665\\\/#breadcrumb\",\"itemListElement\":[{\"@type\":\"ListItem\",\"position\":1,\"name\":\"Accueil\",\"item\":\"https:\\\/\\\/www.webdo.tn\\\/fr\\\/\"},{\"@type\":\"ListItem\",\"position\":2,\"name\":\"L\u00e9gislatives : D\u00e9marrage, demain, du vote dans trois circonscriptions \u00e0 l&rsquo;\u00e9tranger\"}]},{\"@type\":\"WebSite\",\"@id\":\"https:\\\/\\\/www.webdo.tn\\\/fr\\\/#website\",\"url\":\"https:\\\/\\\/www.webdo.tn\\\/fr\\\/\",\"name\":\"webdo\",\"description\":\"Tunisie - News en Tunisie et \u00e0 l&#039;international sur Webdo.tn\",\"publisher\":{\"@id\":\"https:\\\/\\\/www.webdo.tn\\\/fr\\\/#organization\"},\"potentialAction\":[{\"@type\":\"SearchAction\",\"target\":{\"@type\":\"EntryPoint\",\"urlTemplate\":\"https:\\\/\\\/www.webdo.tn\\\/fr\\\/?s={search_term_string}\"},\"query-input\":{\"@type\":\"PropertyValueSpecification\",\"valueRequired\":true,\"valueName\":\"search_term_string\"}}],\"inLanguage\":\"fr-FR\"},{\"@type\":\"Organization\",\"@id\":\"https:\\\/\\\/www.webdo.tn\\\/fr\\\/#organization\",\"name\":\"Webdo\",\"alternateName\":\"Webdo.tn\",\"url\":\"https:\\\/\\\/www.webdo.tn\\\/fr\\\/\",\"logo\":{\"@type\":\"ImageObject\",\"inLanguage\":\"fr-FR\",\"@id\":\"https:\\\/\\\/www.webdo.tn\\\/fr\\\/#\\\/schema\\\/logo\\\/image\\\/\",\"url\":\"https:\\\/\\\/www.webdo.tn\\\/fr\\\/wp-content\\\/uploads\\\/2025\\\/06\\\/Webdo-Tunisie_168377.jpg\",\"contentUrl\":\"https:\\\/\\\/www.webdo.tn\\\/fr\\\/wp-content\\\/uploads\\\/2025\\\/06\\\/Webdo-Tunisie_168377.jpg\",\"width\":301,\"height\":301,\"caption\":\"Webdo\"},\"image\":{\"@id\":\"https:\\\/\\\/www.webdo.tn\\\/fr\\\/#\\\/schema\\\/logo\\\/image\\\/\"},\"sameAs\":[\"https:\\\/\\\/www.facebook.com\\\/webdotn\",\"https:\\\/\\\/x.com\\\/webdo_tn\"],\"description\":\"Webdo est un m\u00e9dia num\u00e9rique tunisien fond\u00e9 en 2010, sp\u00e9cialis\u00e9 dans l\u2019actualit\u00e9 nationale et internationale, l\u2019\u00e9conomie, la soci\u00e9t\u00e9 et les analyses politiques. Le site s\u2019adresse \u00e0 un large public francophone et couvre l\u2019information tunisienne en temps r\u00e9el.\",\"email\":\"redac@webdo.tn\",\"legalName\":\"YNJ SARL\",\"foundingDate\":\"2010-09-06\",\"numberOfEmployees\":{\"@type\":\"QuantitativeValue\",\"minValue\":\"11\",\"maxValue\":\"50\"}},{\"@type\":\"Person\",\"@id\":\"https:\\\/\\\/www.webdo.tn\\\/fr\\\/#\\\/schema\\\/person\\\/2c4929cbf5a809e3bd38617c6ce150f6\",\"name\":\"MC\",\"image\":{\"@type\":\"ImageObject\",\"inLanguage\":\"fr-FR\",\"@id\":\"https:\\\/\\\/secure.gravatar.com\\\/avatar\\\/a545bbb6f84efdd5553dbbc2895e3ca8f1d12c5215e00a041c9670b54aa9b18a?s=96&d=mm&r=g\",\"url\":\"https:\\\/\\\/secure.gravatar.com\\\/avatar\\\/a545bbb6f84efdd5553dbbc2895e3ca8f1d12c5215e00a041c9670b54aa9b18a?s=96&d=mm&r=g\",\"contentUrl\":\"https:\\\/\\\/secure.gravatar.com\\\/avatar\\\/a545bbb6f84efdd5553dbbc2895e3ca8f1d12c5215e00a041c9670b54aa9b18a?s=96&d=mm&r=g\",\"caption\":\"MC\"},\"url\":\"https:\\\/\\\/www.webdo.tn\\\/fr\\\/actualite\\\/author\\\/mc\\\/\"}]}<\/script>\n<!-- \/ Yoast SEO Premium plugin. -->","yoast_head_json":{"title":"L\u00e9gislatives : D\u00e9marrage, demain, du vote dans trois circonscriptions \u00e0 l'\u00e9tranger","description":"Le vote pour les \u00e9lections l\u00e9gislatives d\u00e9marre, demain, jeudi 15 d\u00e9cembre 2022, dans trois circonscriptions \u00e0 l\u2019\u00e9tranger.","canonical":"https:\/\/www.webdo.tn\/fr\/actualite\/national\/legislatives-demarrage-demain-du-vote-dans-trois-circonscriptions-a-l-etranger\/200665\/","og_locale":"fr_FR","og_type":"article","og_title":"L\u00e9gislatives : D\u00e9marrage, demain, du vote dans trois circonscriptions \u00e0 l'\u00e9tranger","og_description":"Le vote pour les \u00e9lections l\u00e9gislatives d\u00e9marre, demain, jeudi 15 d\u00e9cembre 2022, dans trois circonscriptions \u00e0 l\u2019\u00e9tranger.","og_url":"https:\/\/www.webdo.tn\/fr\/actualite\/national\/legislatives-demarrage-demain-du-vote-dans-trois-circonscriptions-a-l-etranger\/200665\/","og_site_name":"webdo","article_publisher":"https:\/\/www.facebook.com\/webdotn","article_published_time":"2022-12-14T16:08:00+00:00","article_modified_time":"2025-05-20T22:06:14+00:00","og_image":[{"width":750,"height":400,"url":"https:\/\/www.webdo.tn\/fr\/wp-content\/uploads\/2022\/12\/9b98d464349377f9c0ad43c1a9623b75.jpg","type":"image\/jpeg"}],"author":"MC","twitter_card":"summary_large_image","twitter_creator":"@webdo_tn","twitter_site":"@webdo_tn","twitter_misc":{"\u00c9crit par":"MC","Dur\u00e9e de lecture estim\u00e9e":"1 minute"},"schema":{"@context":"https:\/\/schema.org","@graph":[{"@type":"NewsArticle","@id":"https:\/\/www.webdo.tn\/fr\/actualite\/national\/legislatives-demarrage-demain-du-vote-dans-trois-circonscriptions-a-l-etranger\/200665\/#article","isPartOf":{"@id":"https:\/\/www.webdo.tn\/fr\/actualite\/national\/legislatives-demarrage-demain-du-vote-dans-trois-circonscriptions-a-l-etranger\/200665\/"},"author":{"name":"MC","@id":"https:\/\/www.webdo.tn\/fr\/#\/schema\/person\/2c4929cbf5a809e3bd38617c6ce150f6"},"headline":"L\u00e9gislatives : D\u00e9marrage, demain, du vote dans trois circonscriptions \u00e0 l&rsquo;\u00e9tranger","datePublished":"2022-12-14T16:08:00+00:00","dateModified":"2025-05-20T22:06:14+00:00","mainEntityOfPage":{"@id":"https:\/\/www.webdo.tn\/fr\/actualite\/national\/legislatives-demarrage-demain-du-vote-dans-trois-circonscriptions-a-l-etranger\/200665\/"},"wordCount":142,"commentCount":0,"publisher":{"@id":"https:\/\/www.webdo.tn\/fr\/#organization"},"image":{"@id":"https:\/\/www.webdo.tn\/fr\/actualite\/national\/legislatives-demarrage-demain-du-vote-dans-trois-circonscriptions-a-l-etranger\/200665\/#primaryimage"},"thumbnailUrl":"https:\/\/www.webdo.tn\/fr\/wp-content\/uploads\/2022\/12\/9b98d464349377f9c0ad43c1a9623b75.jpg","keywords":["\u00e9lections","\u00e9tranger","L\u00e9gislatives","vote"],"articleSection":["National"],"inLanguage":"fr-FR"},{"@type":"WebPage","@id":"https:\/\/www.webdo.tn\/fr\/actualite\/national\/legislatives-demarrage-demain-du-vote-dans-trois-circonscriptions-a-l-etranger\/200665\/","url":"https:\/\/www.webdo.tn\/fr\/actualite\/national\/legislatives-demarrage-demain-du-vote-dans-trois-circonscriptions-a-l-etranger\/200665\/","name":"L\u00e9gislatives : D\u00e9marrage, demain, du vote dans trois circonscriptions \u00e0 l'\u00e9tranger","isPartOf":{"@id":"https:\/\/www.webdo.tn\/fr\/#website"},"primaryImageOfPage":{"@id":"https:\/\/www.webdo.tn\/fr\/actualite\/national\/legislatives-demarrage-demain-du-vote-dans-trois-circonscriptions-a-l-etranger\/200665\/#primaryimage"},"image":{"@id":"https:\/\/www.webdo.tn\/fr\/actualite\/national\/legislatives-demarrage-demain-du-vote-dans-trois-circonscriptions-a-l-etranger\/200665\/#primaryimage"},"thumbnailUrl":"https:\/\/www.webdo.tn\/fr\/wp-content\/uploads\/2022\/12\/9b98d464349377f9c0ad43c1a9623b75.jpg","datePublished":"2022-12-14T16:08:00+00:00","dateModified":"2025-05-20T22:06:14+00:00","description":"Le vote pour les \u00e9lections l\u00e9gislatives d\u00e9marre, demain, jeudi 15 d\u00e9cembre 2022, dans trois circonscriptions \u00e0 l\u2019\u00e9tranger.","breadcrumb":{"@id":"https:\/\/www.webdo.tn\/fr\/actualite\/national\/legislatives-demarrage-demain-du-vote-dans-trois-circonscriptions-a-l-etranger\/200665\/#breadcrumb"},"inLanguage":"fr-FR","potentialAction":[{"@type":"ReadAction","target":["https:\/\/www.webdo.tn\/fr\/actualite\/national\/legislatives-demarrage-demain-du-vote-dans-trois-circonscriptions-a-l-etranger\/200665\/"]}]},{"@type":"ImageObject","inLanguage":"fr-FR","@id":"https:\/\/www.webdo.tn\/fr\/actualite\/national\/legislatives-demarrage-demain-du-vote-dans-trois-circonscriptions-a-l-etranger\/200665\/#primaryimage","url":"https:\/\/www.webdo.tn\/fr\/wp-content\/uploads\/2022\/12\/9b98d464349377f9c0ad43c1a9623b75.jpg","contentUrl":"https:\/\/www.webdo.tn\/fr\/wp-content\/uploads\/2022\/12\/9b98d464349377f9c0ad43c1a9623b75.jpg","width":750,"height":400,"caption":"L\u00e9gislatives : D\u00e9marrage, demain, du vote dans trois circonscriptions \u00e0 l'\u00e9tranger"},{"@type":"BreadcrumbList","@id":"https:\/\/www.webdo.tn\/fr\/actualite\/national\/legislatives-demarrage-demain-du-vote-dans-trois-circonscriptions-a-l-etranger\/200665\/#breadcrumb","itemListElement":[{"@type":"ListItem","position":1,"name":"Accueil","item":"https:\/\/www.webdo.tn\/fr\/"},{"@type":"ListItem","position":2,"name":"L\u00e9gislatives : D\u00e9marrage, demain, du vote dans trois circonscriptions \u00e0 l&rsquo;\u00e9tranger"}]},{"@type":"WebSite","@id":"https:\/\/www.webdo.tn\/fr\/#website","url":"https:\/\/www.webdo.tn\/fr\/","name":"webdo","description":"Tunisie - News en Tunisie et \u00e0 l&#039;international sur Webdo.tn","publisher":{"@id":"https:\/\/www.webdo.tn\/fr\/#organization"},"potentialAction":[{"@type":"SearchAction","target":{"@type":"EntryPoint","urlTemplate":"https:\/\/www.webdo.tn\/fr\/?s={search_term_string}"},"query-input":{"@type":"PropertyValueSpecification","valueRequired":true,"valueName":"search_term_string"}}],"inLanguage":"fr-FR"},{"@type":"Organization","@id":"https:\/\/www.webdo.tn\/fr\/#organization","name":"Webdo","alternateName":"Webdo.tn","url":"https:\/\/www.webdo.tn\/fr\/","logo":{"@type":"ImageObject","inLanguage":"fr-FR","@id":"https:\/\/www.webdo.tn\/fr\/#\/schema\/logo\/image\/","url":"https:\/\/www.webdo.tn\/fr\/wp-content\/uploads\/2025\/06\/Webdo-Tunisie_168377.jpg","contentUrl":"https:\/\/www.webdo.tn\/fr\/wp-content\/uploads\/2025\/06\/Webdo-Tunisie_168377.jpg","width":301,"height":301,"caption":"Webdo"},"image":{"@id":"https:\/\/www.webdo.tn\/fr\/#\/schema\/logo\/image\/"},"sameAs":["https:\/\/www.facebook.com\/webdotn","https:\/\/x.com\/webdo_tn"],"description":"Webdo est un m\u00e9dia num\u00e9rique tunisien fond\u00e9 en 2010, sp\u00e9cialis\u00e9 dans l\u2019actualit\u00e9 nationale et internationale, l\u2019\u00e9conomie, la soci\u00e9t\u00e9 et les analyses politiques. Le site s\u2019adresse \u00e0 un large public francophone et couvre l\u2019information tunisienne en temps r\u00e9el.","email":"redac@webdo.tn","legalName":"YNJ SARL","foundingDate":"2010-09-06","numberOfEmployees":{"@type":"QuantitativeValue","minValue":"11","maxValue":"50"}},{"@type":"Person","@id":"https:\/\/www.webdo.tn\/fr\/#\/schema\/person\/2c4929cbf5a809e3bd38617c6ce150f6","name":"MC","image":{"@type":"ImageObject","inLanguage":"fr-FR","@id":"https:\/\/secure.gravatar.com\/avatar\/a545bbb6f84efdd5553dbbc2895e3ca8f1d12c5215e00a041c9670b54aa9b18a?s=96&d=mm&r=g","url":"https:\/\/secure.gravatar.com\/avatar\/a545bbb6f84efdd5553dbbc2895e3ca8f1d12c5215e00a041c9670b54aa9b18a?s=96&d=mm&r=g","contentUrl":"https:\/\/secure.gravatar.com\/avatar\/a545bbb6f84efdd5553dbbc2895e3ca8f1d12c5215e00a041c9670b54aa9b18a?s=96&d=mm&r=g","caption":"MC"},"url":"https:\/\/www.webdo.tn\/fr\/actualite\/author\/mc\/"}]}},"_links":{"self":[{"href":"https:\/\/www.webdo.tn\/fr\/wp-json\/wp\/v2\/posts\/200665","targetHints":{"allow":["GET"]}}],"collection":[{"href":"https:\/\/www.webdo.tn\/fr\/wp-json\/wp\/v2\/posts"}],"about":[{"href":"https:\/\/www.webdo.tn\/fr\/wp-json\/wp\/v2\/types\/post"}],"author":[{"embeddable":true,"href":"https:\/\/www.webdo.tn\/fr\/wp-json\/wp\/v2\/users\/3162"}],"replies":[{"embeddable":true,"href":"https:\/\/www.webdo.tn\/fr\/wp-json\/wp\/v2\/comments?post=200665"}],"version-history":[{"count":0,"href":"https:\/\/www.webdo.tn\/fr\/wp-json\/wp\/v2\/posts\/200665\/revisions"}],"wp:featuredmedia":[{"embeddable":true,"href":"https:\/\/www.webdo.tn\/fr\/wp-json\/wp\/v2\/media\/277397"}],"wp:attachment":[{"href":"https:\/\/www.webdo.tn\/fr\/wp-json\/wp\/v2\/media?parent=200665"}],"wp:term":[{"taxonomy":"category","embeddable":true,"href":"https:\/\/www.webdo.tn\/fr\/wp-json\/wp\/v2\/categories?post=200665"},{"taxonomy":"post_tag","embeddable":true,"href":"https:\/\/www.webdo.tn\/fr\/wp-json\/wp\/v2\/tags?post=200665"}],"curies":[{"name":"wp","href":"https:\/\/api.w.org\/{rel}","templated":true}]}}