{"id":200649,"date":"2022-12-14T11:48:00","date_gmt":"2022-12-14T11:48:00","guid":{"rendered":"https:\/\/www.webdo.tn\/fr\/blog\/la-depreciation-du-dinar-se-poursuit\/200649\/"},"modified":"2025-05-20T22:06:12","modified_gmt":"2025-05-20T22:06:12","slug":"la-depreciation-du-dinar-se-poursuit","status":"publish","type":"post","link":"https:\/\/www.webdo.tn\/fr\/actualite\/national\/la-depreciation-du-dinar-se-poursuit\/200649\/","title":{"rendered":"La d\u00e9pr\u00e9ciation du dinar se poursuit !"},"content":{"rendered":"<p>Le dinar tunisien continue de se d\u00e9pr\u00e9cier face aux principales devises \u00e9trang\u00e8res, \u00e0 savoir l\u2019euro et le dollar.<\/p>\n<p>\t\t\t\t\t\t\t\t\tActuellement, un dollar s\u2019\u00e9change \u00e0 3,170 dinars, alors qu\u2019il valait 2,904 dinars, en d\u00e9cembre 2021.<\/p>\n<p>Idem pour la valeur d\u2019un euro qui est pass\u00e9e de 3,254 dinars, en d\u00e9cembre 2021, \u00e0 3,349 dinars, \u00e0 la date du 12 d\u00e9cembre 2022, d\u2019apr\u00e8s les donn\u00e9es publi\u00e9es par la Banque Centrale de Tunisie (BCT).<\/p>\n<p>Avec ce niveau de d\u00e9pr\u00e9ciation du dinar, coupl\u00e9 \u00e0 la hausse de nos importations commerciales, les avoirs nets en devises ont, \u00e0 nouveau r\u00e9gress\u00e9 \u00e0 96 jours d\u2019importation, avec une valeur de 21,8 milliards de dinars, \u00e0 la date du 13 d\u00e9cembre, contre 121 jours d\u2019importation (20,6 milliards de dinars), \u00e0 la m\u00eame date de l\u2019ann\u00e9e derni\u00e8re.<\/p>\n<p>Les importations ont augment\u00e9 de 33% pour s\u2019\u00e9tablir \u00e0 75,4 milliards de dinars. Le solde de la balance commerciale est d\u00e9ficitaire de 23,2 milliards (+58,8%), sur les 11 mois de l\u2019ann\u00e9e 2022.<\/p>\n","protected":false},"excerpt":{"rendered":"<p>Le dinar tunisien continue de se d\u00e9pr\u00e9cier face aux principales devises \u00e9trang\u00e8res, \u00e0 savoir l\u2019euro et le dollar.<\/p>\n","protected":false},"author":3162,"featured_media":277388,"comment_status":"open","ping_status":"closed","sticky":false,"template":"","format":"standard","meta":{"footnotes":""},"categories":[44],"tags":[9207,3280,6307,6145,8229],"class_list":["post-200649","post","type-post","status-publish","format-standard","has-post-thumbnail","hentry","category-national","tag-depreciation","tag-dinar","tag-dollar","tag-euro","tag-monnaie"],"yoast_head":"<!-- This site is optimized with the Yoast SEO Premium plugin v27.5 (Yoast SEO v27.5) - https:\/\/yoast.com\/product\/yoast-seo-premium-wordpress\/ -->\n<title>La d\u00e9pr\u00e9ciation du dinar se poursuit !<\/title>\n<meta name=\"description\" content=\"Le dinar tunisien continue de se d\u00e9pr\u00e9cier face aux principales devises \u00e9trang\u00e8res, \u00e0 savoir l\u2019euro et le dollar.\" \/>\n<link rel=\"canonical\" href=\"https:\/\/www.webdo.tn\/fr\/actualite\/national\/la-depreciation-du-dinar-se-poursuit\/200649\/\" \/>\n<meta property=\"og:locale\" content=\"fr_FR\" \/>\n<meta property=\"og:type\" content=\"article\" \/>\n<meta property=\"og:title\" content=\"La d\u00e9pr\u00e9ciation du dinar se poursuit !\" \/>\n<meta property=\"og:description\" content=\"Le dinar tunisien continue de se d\u00e9pr\u00e9cier face aux principales devises \u00e9trang\u00e8res, \u00e0 savoir l\u2019euro et le dollar.\" \/>\n<meta property=\"og:url\" content=\"https:\/\/www.webdo.tn\/fr\/actualite\/national\/la-depreciation-du-dinar-se-poursuit\/200649\/\" \/>\n<meta property=\"og:site_name\" content=\"webdo\" \/>\n<meta property=\"article:publisher\" content=\"https:\/\/www.facebook.com\/webdotn\" \/>\n<meta property=\"article:published_time\" content=\"2022-12-14T11:48:00+00:00\" \/>\n<meta property=\"article:modified_time\" content=\"2025-05-20T22:06:12+00:00\" \/>\n<meta property=\"og:image\" content=\"https:\/\/www.webdo.tn\/fr\/wp-content\/uploads\/2022\/12\/76d5bef3ce1bf2f56c7f3a9c1a598f32.jpg\" \/>\n\t<meta property=\"og:image:width\" content=\"750\" \/>\n\t<meta property=\"og:image:height\" content=\"400\" \/>\n\t<meta property=\"og:image:type\" content=\"image\/jpeg\" \/>\n<meta name=\"author\" content=\"MC\" \/>\n<meta name=\"twitter:card\" content=\"summary_large_image\" \/>\n<meta name=\"twitter:creator\" content=\"@webdo_tn\" \/>\n<meta name=\"twitter:site\" content=\"@webdo_tn\" \/>\n<meta name=\"twitter:label1\" content=\"\u00c9crit par\" \/>\n\t<meta name=\"twitter:data1\" content=\"MC\" \/>\n\t<meta name=\"twitter:label2\" content=\"Dur\u00e9e de lecture estim\u00e9e\" \/>\n\t<meta name=\"twitter:data2\" content=\"1 minute\" \/>\n<script type=\"application\/ld+json\" class=\"yoast-schema-graph\">{\"@context\":\"https:\\\/\\\/schema.org\",\"@graph\":[{\"@type\":\"NewsArticle\",\"@id\":\"https:\\\/\\\/www.webdo.tn\\\/fr\\\/actualite\\\/national\\\/la-depreciation-du-dinar-se-poursuit\\\/200649\\\/#article\",\"isPartOf\":{\"@id\":\"https:\\\/\\\/www.webdo.tn\\\/fr\\\/actualite\\\/national\\\/la-depreciation-du-dinar-se-poursuit\\\/200649\\\/\"},\"author\":{\"name\":\"MC\",\"@id\":\"https:\\\/\\\/www.webdo.tn\\\/fr\\\/#\\\/schema\\\/person\\\/2c4929cbf5a809e3bd38617c6ce150f6\"},\"headline\":\"La d\u00e9pr\u00e9ciation du dinar se poursuit !\",\"datePublished\":\"2022-12-14T11:48:00+00:00\",\"dateModified\":\"2025-05-20T22:06:12+00:00\",\"mainEntityOfPage\":{\"@id\":\"https:\\\/\\\/www.webdo.tn\\\/fr\\\/actualite\\\/national\\\/la-depreciation-du-dinar-se-poursuit\\\/200649\\\/\"},\"wordCount\":166,\"commentCount\":0,\"publisher\":{\"@id\":\"https:\\\/\\\/www.webdo.tn\\\/fr\\\/#organization\"},\"image\":{\"@id\":\"https:\\\/\\\/www.webdo.tn\\\/fr\\\/actualite\\\/national\\\/la-depreciation-du-dinar-se-poursuit\\\/200649\\\/#primaryimage\"},\"thumbnailUrl\":\"https:\\\/\\\/www.webdo.tn\\\/fr\\\/wp-content\\\/uploads\\\/2022\\\/12\\\/76d5bef3ce1bf2f56c7f3a9c1a598f32.jpg\",\"keywords\":[\"d\u00e9pr\u00e9ciation\",\"Dinar\",\"Dollar\",\"Euro\",\"monnaie\"],\"articleSection\":[\"National\"],\"inLanguage\":\"fr-FR\"},{\"@type\":\"WebPage\",\"@id\":\"https:\\\/\\\/www.webdo.tn\\\/fr\\\/actualite\\\/national\\\/la-depreciation-du-dinar-se-poursuit\\\/200649\\\/\",\"url\":\"https:\\\/\\\/www.webdo.tn\\\/fr\\\/actualite\\\/national\\\/la-depreciation-du-dinar-se-poursuit\\\/200649\\\/\",\"name\":\"La d\u00e9pr\u00e9ciation du dinar se poursuit !\",\"isPartOf\":{\"@id\":\"https:\\\/\\\/www.webdo.tn\\\/fr\\\/#website\"},\"primaryImageOfPage\":{\"@id\":\"https:\\\/\\\/www.webdo.tn\\\/fr\\\/actualite\\\/national\\\/la-depreciation-du-dinar-se-poursuit\\\/200649\\\/#primaryimage\"},\"image\":{\"@id\":\"https:\\\/\\\/www.webdo.tn\\\/fr\\\/actualite\\\/national\\\/la-depreciation-du-dinar-se-poursuit\\\/200649\\\/#primaryimage\"},\"thumbnailUrl\":\"https:\\\/\\\/www.webdo.tn\\\/fr\\\/wp-content\\\/uploads\\\/2022\\\/12\\\/76d5bef3ce1bf2f56c7f3a9c1a598f32.jpg\",\"datePublished\":\"2022-12-14T11:48:00+00:00\",\"dateModified\":\"2025-05-20T22:06:12+00:00\",\"description\":\"Le dinar tunisien continue de se d\u00e9pr\u00e9cier face aux principales devises \u00e9trang\u00e8res, \u00e0 savoir l\u2019euro et le dollar.\",\"breadcrumb\":{\"@id\":\"https:\\\/\\\/www.webdo.tn\\\/fr\\\/actualite\\\/national\\\/la-depreciation-du-dinar-se-poursuit\\\/200649\\\/#breadcrumb\"},\"inLanguage\":\"fr-FR\",\"potentialAction\":[{\"@type\":\"ReadAction\",\"target\":[\"https:\\\/\\\/www.webdo.tn\\\/fr\\\/actualite\\\/national\\\/la-depreciation-du-dinar-se-poursuit\\\/200649\\\/\"]}]},{\"@type\":\"ImageObject\",\"inLanguage\":\"fr-FR\",\"@id\":\"https:\\\/\\\/www.webdo.tn\\\/fr\\\/actualite\\\/national\\\/la-depreciation-du-dinar-se-poursuit\\\/200649\\\/#primaryimage\",\"url\":\"https:\\\/\\\/www.webdo.tn\\\/fr\\\/wp-content\\\/uploads\\\/2022\\\/12\\\/76d5bef3ce1bf2f56c7f3a9c1a598f32.jpg\",\"contentUrl\":\"https:\\\/\\\/www.webdo.tn\\\/fr\\\/wp-content\\\/uploads\\\/2022\\\/12\\\/76d5bef3ce1bf2f56c7f3a9c1a598f32.jpg\",\"width\":750,\"height\":400,\"caption\":\"La d\u00e9pr\u00e9ciation du dinar se poursuit !\"},{\"@type\":\"BreadcrumbList\",\"@id\":\"https:\\\/\\\/www.webdo.tn\\\/fr\\\/actualite\\\/national\\\/la-depreciation-du-dinar-se-poursuit\\\/200649\\\/#breadcrumb\",\"itemListElement\":[{\"@type\":\"ListItem\",\"position\":1,\"name\":\"Accueil\",\"item\":\"https:\\\/\\\/www.webdo.tn\\\/fr\\\/\"},{\"@type\":\"ListItem\",\"position\":2,\"name\":\"La d\u00e9pr\u00e9ciation du dinar se poursuit !\"}]},{\"@type\":\"WebSite\",\"@id\":\"https:\\\/\\\/www.webdo.tn\\\/fr\\\/#website\",\"url\":\"https:\\\/\\\/www.webdo.tn\\\/fr\\\/\",\"name\":\"webdo\",\"description\":\"Tunisie - News en Tunisie et \u00e0 l&#039;international sur Webdo.tn\",\"publisher\":{\"@id\":\"https:\\\/\\\/www.webdo.tn\\\/fr\\\/#organization\"},\"potentialAction\":[{\"@type\":\"SearchAction\",\"target\":{\"@type\":\"EntryPoint\",\"urlTemplate\":\"https:\\\/\\\/www.webdo.tn\\\/fr\\\/?s={search_term_string}\"},\"query-input\":{\"@type\":\"PropertyValueSpecification\",\"valueRequired\":true,\"valueName\":\"search_term_string\"}}],\"inLanguage\":\"fr-FR\"},{\"@type\":\"Organization\",\"@id\":\"https:\\\/\\\/www.webdo.tn\\\/fr\\\/#organization\",\"name\":\"Webdo\",\"alternateName\":\"Webdo.tn\",\"url\":\"https:\\\/\\\/www.webdo.tn\\\/fr\\\/\",\"logo\":{\"@type\":\"ImageObject\",\"inLanguage\":\"fr-FR\",\"@id\":\"https:\\\/\\\/www.webdo.tn\\\/fr\\\/#\\\/schema\\\/logo\\\/image\\\/\",\"url\":\"https:\\\/\\\/www.webdo.tn\\\/fr\\\/wp-content\\\/uploads\\\/2025\\\/06\\\/Webdo-Tunisie_168377.jpg\",\"contentUrl\":\"https:\\\/\\\/www.webdo.tn\\\/fr\\\/wp-content\\\/uploads\\\/2025\\\/06\\\/Webdo-Tunisie_168377.jpg\",\"width\":301,\"height\":301,\"caption\":\"Webdo\"},\"image\":{\"@id\":\"https:\\\/\\\/www.webdo.tn\\\/fr\\\/#\\\/schema\\\/logo\\\/image\\\/\"},\"sameAs\":[\"https:\\\/\\\/www.facebook.com\\\/webdotn\",\"https:\\\/\\\/x.com\\\/webdo_tn\"],\"description\":\"Webdo est un m\u00e9dia num\u00e9rique tunisien fond\u00e9 en 2010, sp\u00e9cialis\u00e9 dans l\u2019actualit\u00e9 nationale et internationale, l\u2019\u00e9conomie, la soci\u00e9t\u00e9 et les analyses politiques. Le site s\u2019adresse \u00e0 un large public francophone et couvre l\u2019information tunisienne en temps r\u00e9el.\",\"email\":\"redac@webdo.tn\",\"legalName\":\"YNJ SARL\",\"foundingDate\":\"2010-09-06\",\"numberOfEmployees\":{\"@type\":\"QuantitativeValue\",\"minValue\":\"11\",\"maxValue\":\"50\"}},{\"@type\":\"Person\",\"@id\":\"https:\\\/\\\/www.webdo.tn\\\/fr\\\/#\\\/schema\\\/person\\\/2c4929cbf5a809e3bd38617c6ce150f6\",\"name\":\"MC\",\"image\":{\"@type\":\"ImageObject\",\"inLanguage\":\"fr-FR\",\"@id\":\"https:\\\/\\\/secure.gravatar.com\\\/avatar\\\/a545bbb6f84efdd5553dbbc2895e3ca8f1d12c5215e00a041c9670b54aa9b18a?s=96&d=mm&r=g\",\"url\":\"https:\\\/\\\/secure.gravatar.com\\\/avatar\\\/a545bbb6f84efdd5553dbbc2895e3ca8f1d12c5215e00a041c9670b54aa9b18a?s=96&d=mm&r=g\",\"contentUrl\":\"https:\\\/\\\/secure.gravatar.com\\\/avatar\\\/a545bbb6f84efdd5553dbbc2895e3ca8f1d12c5215e00a041c9670b54aa9b18a?s=96&d=mm&r=g\",\"caption\":\"MC\"},\"url\":\"https:\\\/\\\/www.webdo.tn\\\/fr\\\/actualite\\\/author\\\/mc\\\/\"}]}<\/script>\n<!-- \/ Yoast SEO Premium plugin. -->","yoast_head_json":{"title":"La d\u00e9pr\u00e9ciation du dinar se poursuit !","description":"Le dinar tunisien continue de se d\u00e9pr\u00e9cier face aux principales devises \u00e9trang\u00e8res, \u00e0 savoir l\u2019euro et le dollar.","canonical":"https:\/\/www.webdo.tn\/fr\/actualite\/national\/la-depreciation-du-dinar-se-poursuit\/200649\/","og_locale":"fr_FR","og_type":"article","og_title":"La d\u00e9pr\u00e9ciation du dinar se poursuit !","og_description":"Le dinar tunisien continue de se d\u00e9pr\u00e9cier face aux principales devises \u00e9trang\u00e8res, \u00e0 savoir l\u2019euro et le dollar.","og_url":"https:\/\/www.webdo.tn\/fr\/actualite\/national\/la-depreciation-du-dinar-se-poursuit\/200649\/","og_site_name":"webdo","article_publisher":"https:\/\/www.facebook.com\/webdotn","article_published_time":"2022-12-14T11:48:00+00:00","article_modified_time":"2025-05-20T22:06:12+00:00","og_image":[{"width":750,"height":400,"url":"https:\/\/www.webdo.tn\/fr\/wp-content\/uploads\/2022\/12\/76d5bef3ce1bf2f56c7f3a9c1a598f32.jpg","type":"image\/jpeg"}],"author":"MC","twitter_card":"summary_large_image","twitter_creator":"@webdo_tn","twitter_site":"@webdo_tn","twitter_misc":{"\u00c9crit par":"MC","Dur\u00e9e de lecture estim\u00e9e":"1 minute"},"schema":{"@context":"https:\/\/schema.org","@graph":[{"@type":"NewsArticle","@id":"https:\/\/www.webdo.tn\/fr\/actualite\/national\/la-depreciation-du-dinar-se-poursuit\/200649\/#article","isPartOf":{"@id":"https:\/\/www.webdo.tn\/fr\/actualite\/national\/la-depreciation-du-dinar-se-poursuit\/200649\/"},"author":{"name":"MC","@id":"https:\/\/www.webdo.tn\/fr\/#\/schema\/person\/2c4929cbf5a809e3bd38617c6ce150f6"},"headline":"La d\u00e9pr\u00e9ciation du dinar se poursuit !","datePublished":"2022-12-14T11:48:00+00:00","dateModified":"2025-05-20T22:06:12+00:00","mainEntityOfPage":{"@id":"https:\/\/www.webdo.tn\/fr\/actualite\/national\/la-depreciation-du-dinar-se-poursuit\/200649\/"},"wordCount":166,"commentCount":0,"publisher":{"@id":"https:\/\/www.webdo.tn\/fr\/#organization"},"image":{"@id":"https:\/\/www.webdo.tn\/fr\/actualite\/national\/la-depreciation-du-dinar-se-poursuit\/200649\/#primaryimage"},"thumbnailUrl":"https:\/\/www.webdo.tn\/fr\/wp-content\/uploads\/2022\/12\/76d5bef3ce1bf2f56c7f3a9c1a598f32.jpg","keywords":["d\u00e9pr\u00e9ciation","Dinar","Dollar","Euro","monnaie"],"articleSection":["National"],"inLanguage":"fr-FR"},{"@type":"WebPage","@id":"https:\/\/www.webdo.tn\/fr\/actualite\/national\/la-depreciation-du-dinar-se-poursuit\/200649\/","url":"https:\/\/www.webdo.tn\/fr\/actualite\/national\/la-depreciation-du-dinar-se-poursuit\/200649\/","name":"La d\u00e9pr\u00e9ciation du dinar se poursuit !","isPartOf":{"@id":"https:\/\/www.webdo.tn\/fr\/#website"},"primaryImageOfPage":{"@id":"https:\/\/www.webdo.tn\/fr\/actualite\/national\/la-depreciation-du-dinar-se-poursuit\/200649\/#primaryimage"},"image":{"@id":"https:\/\/www.webdo.tn\/fr\/actualite\/national\/la-depreciation-du-dinar-se-poursuit\/200649\/#primaryimage"},"thumbnailUrl":"https:\/\/www.webdo.tn\/fr\/wp-content\/uploads\/2022\/12\/76d5bef3ce1bf2f56c7f3a9c1a598f32.jpg","datePublished":"2022-12-14T11:48:00+00:00","dateModified":"2025-05-20T22:06:12+00:00","description":"Le dinar tunisien continue de se d\u00e9pr\u00e9cier face aux principales devises \u00e9trang\u00e8res, \u00e0 savoir l\u2019euro et le dollar.","breadcrumb":{"@id":"https:\/\/www.webdo.tn\/fr\/actualite\/national\/la-depreciation-du-dinar-se-poursuit\/200649\/#breadcrumb"},"inLanguage":"fr-FR","potentialAction":[{"@type":"ReadAction","target":["https:\/\/www.webdo.tn\/fr\/actualite\/national\/la-depreciation-du-dinar-se-poursuit\/200649\/"]}]},{"@type":"ImageObject","inLanguage":"fr-FR","@id":"https:\/\/www.webdo.tn\/fr\/actualite\/national\/la-depreciation-du-dinar-se-poursuit\/200649\/#primaryimage","url":"https:\/\/www.webdo.tn\/fr\/wp-content\/uploads\/2022\/12\/76d5bef3ce1bf2f56c7f3a9c1a598f32.jpg","contentUrl":"https:\/\/www.webdo.tn\/fr\/wp-content\/uploads\/2022\/12\/76d5bef3ce1bf2f56c7f3a9c1a598f32.jpg","width":750,"height":400,"caption":"La d\u00e9pr\u00e9ciation du dinar se poursuit !"},{"@type":"BreadcrumbList","@id":"https:\/\/www.webdo.tn\/fr\/actualite\/national\/la-depreciation-du-dinar-se-poursuit\/200649\/#breadcrumb","itemListElement":[{"@type":"ListItem","position":1,"name":"Accueil","item":"https:\/\/www.webdo.tn\/fr\/"},{"@type":"ListItem","position":2,"name":"La d\u00e9pr\u00e9ciation du dinar se poursuit !"}]},{"@type":"WebSite","@id":"https:\/\/www.webdo.tn\/fr\/#website","url":"https:\/\/www.webdo.tn\/fr\/","name":"webdo","description":"Tunisie - News en Tunisie et \u00e0 l&#039;international sur Webdo.tn","publisher":{"@id":"https:\/\/www.webdo.tn\/fr\/#organization"},"potentialAction":[{"@type":"SearchAction","target":{"@type":"EntryPoint","urlTemplate":"https:\/\/www.webdo.tn\/fr\/?s={search_term_string}"},"query-input":{"@type":"PropertyValueSpecification","valueRequired":true,"valueName":"search_term_string"}}],"inLanguage":"fr-FR"},{"@type":"Organization","@id":"https:\/\/www.webdo.tn\/fr\/#organization","name":"Webdo","alternateName":"Webdo.tn","url":"https:\/\/www.webdo.tn\/fr\/","logo":{"@type":"ImageObject","inLanguage":"fr-FR","@id":"https:\/\/www.webdo.tn\/fr\/#\/schema\/logo\/image\/","url":"https:\/\/www.webdo.tn\/fr\/wp-content\/uploads\/2025\/06\/Webdo-Tunisie_168377.jpg","contentUrl":"https:\/\/www.webdo.tn\/fr\/wp-content\/uploads\/2025\/06\/Webdo-Tunisie_168377.jpg","width":301,"height":301,"caption":"Webdo"},"image":{"@id":"https:\/\/www.webdo.tn\/fr\/#\/schema\/logo\/image\/"},"sameAs":["https:\/\/www.facebook.com\/webdotn","https:\/\/x.com\/webdo_tn"],"description":"Webdo est un m\u00e9dia num\u00e9rique tunisien fond\u00e9 en 2010, sp\u00e9cialis\u00e9 dans l\u2019actualit\u00e9 nationale et internationale, l\u2019\u00e9conomie, la soci\u00e9t\u00e9 et les analyses politiques. Le site s\u2019adresse \u00e0 un large public francophone et couvre l\u2019information tunisienne en temps r\u00e9el.","email":"redac@webdo.tn","legalName":"YNJ SARL","foundingDate":"2010-09-06","numberOfEmployees":{"@type":"QuantitativeValue","minValue":"11","maxValue":"50"}},{"@type":"Person","@id":"https:\/\/www.webdo.tn\/fr\/#\/schema\/person\/2c4929cbf5a809e3bd38617c6ce150f6","name":"MC","image":{"@type":"ImageObject","inLanguage":"fr-FR","@id":"https:\/\/secure.gravatar.com\/avatar\/a545bbb6f84efdd5553dbbc2895e3ca8f1d12c5215e00a041c9670b54aa9b18a?s=96&d=mm&r=g","url":"https:\/\/secure.gravatar.com\/avatar\/a545bbb6f84efdd5553dbbc2895e3ca8f1d12c5215e00a041c9670b54aa9b18a?s=96&d=mm&r=g","contentUrl":"https:\/\/secure.gravatar.com\/avatar\/a545bbb6f84efdd5553dbbc2895e3ca8f1d12c5215e00a041c9670b54aa9b18a?s=96&d=mm&r=g","caption":"MC"},"url":"https:\/\/www.webdo.tn\/fr\/actualite\/author\/mc\/"}]}},"_links":{"self":[{"href":"https:\/\/www.webdo.tn\/fr\/wp-json\/wp\/v2\/posts\/200649","targetHints":{"allow":["GET"]}}],"collection":[{"href":"https:\/\/www.webdo.tn\/fr\/wp-json\/wp\/v2\/posts"}],"about":[{"href":"https:\/\/www.webdo.tn\/fr\/wp-json\/wp\/v2\/types\/post"}],"author":[{"embeddable":true,"href":"https:\/\/www.webdo.tn\/fr\/wp-json\/wp\/v2\/users\/3162"}],"replies":[{"embeddable":true,"href":"https:\/\/www.webdo.tn\/fr\/wp-json\/wp\/v2\/comments?post=200649"}],"version-history":[{"count":0,"href":"https:\/\/www.webdo.tn\/fr\/wp-json\/wp\/v2\/posts\/200649\/revisions"}],"wp:featuredmedia":[{"embeddable":true,"href":"https:\/\/www.webdo.tn\/fr\/wp-json\/wp\/v2\/media\/277388"}],"wp:attachment":[{"href":"https:\/\/www.webdo.tn\/fr\/wp-json\/wp\/v2\/media?parent=200649"}],"wp:term":[{"taxonomy":"category","embeddable":true,"href":"https:\/\/www.webdo.tn\/fr\/wp-json\/wp\/v2\/categories?post=200649"},{"taxonomy":"post_tag","embeddable":true,"href":"https:\/\/www.webdo.tn\/fr\/wp-json\/wp\/v2\/tags?post=200649"}],"curies":[{"name":"wp","href":"https:\/\/api.w.org\/{rel}","templated":true}]}}