{"id":200640,"date":"2022-12-14T09:50:00","date_gmt":"2022-12-14T09:50:00","guid":{"rendered":"https:\/\/www.webdo.tn\/fr\/actualite\/blog\/l-ue-adopte-une-taxe-carbone-sur-les-importations-industrielles\/200640\/"},"modified":"2025-05-22T11:40:58","modified_gmt":"2025-05-22T11:40:58","slug":"l-ue-adopte-une-taxe-carbone-sur-les-importations-industrielles","status":"publish","type":"post","link":"https:\/\/www.webdo.tn\/fr\/actualite\/international\/l-ue-adopte-une-taxe-carbone-sur-les-importations-industrielles\/200640\/","title":{"rendered":"L\u2019UE adopte une taxe carbone sur les importations industrielles"},"content":{"rendered":"<p>Le Parlement europ\u00e9en et les \u00c9tats membres de l\u2019Union europ\u00e9enne ont annonc\u00e9 mardi 13 d\u00e9cembre 2022, avoir adopt\u00e9 un \u00ab m\u00e9canisme d\u2019ajustement carbone aux fronti\u00e8res \u00bb.<\/p>\n<p> Ce m\u00e9canisme permet d\u2019appliquer aux entreprises \u00e9trang\u00e8res importatrices dans l\u2019Union Europ\u00e9enne les m\u00eames r\u00e8gles d\u2019\u00e9missions de carbone qu\u2019aux entreprises europ\u00e9ennes.<\/p>\n<p>Comme propos\u00e9 par la Commission europ\u00e9enne, ce m\u00e9canisme s\u2019appliquera aux secteurs industriels les plus polluants, \u00e0 l\u2019instar de l\u2019acier, le ciment, l\u2019aluminium, l\u2019\u00e9lectricit\u00e9 et les engrais, ainsi que l\u2019hydrog\u00e8ne et prendra en compte les \u00e9missions indirectes dans le processus de production. Toutes les entreprises importatrices sur le march\u00e9 europ\u00e9en seront concern\u00e9es.<\/p>\n<p>Lors de l\u2019entr\u00e9e sur le march\u00e9 europ\u00e9en, les entreprises \u00e9trang\u00e8res devront d\u00e9clarer les \u00e9missions de CO2 li\u00e9es au produit commercialis\u00e9. Si ces derni\u00e8res sont sup\u00e9rieures au seuil europ\u00e9en, elles devront s\u2019acquitter de certificats dont la valeur est index\u00e9e sur le march\u00e9 europ\u00e9en du carbone. Si un march\u00e9 carbone existe d\u00e9j\u00e0 dans le pays exportateur, il sera pris en compte.<\/p>\n<p>Le gouverneur de la Banque centrale, Marouane Abassi, avait \u00e9voqu\u00e9 le sujet auparavant. Il a d\u00e9clar\u00e9, le 15 juin dernier, que la pertinence des politiques tunisiennes en mati\u00e8re de r\u00e9duction des \u00e9missions de carbone n\u00e9cessite le lancement d\u2019un dialogue fructueux avec l\u2019Union europ\u00e9enne pour explorer les opportunit\u00e9s dans ce domaine, suivi de l\u2019\u00e9laboration d\u2019une strat\u00e9gie claire pour mobiliser les fonds ext\u00e9rieurs disponibles.<\/p>\n<p>Le gouverneur de la Banque centrale de Tunisie, qui s\u2019exprimait \u00e0 l\u2019ouverture de la 23e \u00e9dition du Forum annuel de L\u2019\u00c9conomiste maghr\u00e9bin, a ajout\u00e9 que la Tunisie doit faire correspondre le plan national avec son homologue europ\u00e9en pour b\u00e9n\u00e9ficier de l\u2019objectif europ\u00e9en d\u2019atteindre le stade de la neutralit\u00e9 carbone d\u2019ici 2050.<\/p>\n","protected":false},"excerpt":{"rendered":"<p>Le Parlement europ\u00e9en et les \u00c9tats membres de l\u2019Union europ\u00e9enne ont annonc\u00e9 mardi 13 d\u00e9cembre 2022, avoir adopt\u00e9 un \u00ab m\u00e9canisme d\u2019ajustement carbone aux fronti&#8230;<\/p>\n","protected":false},"author":3196,"featured_media":348429,"comment_status":"open","ping_status":"closed","sticky":false,"template":"","format":"standard","meta":{"footnotes":""},"categories":[2598],"tags":[8888,11468,2896],"class_list":["post-200640","post","type-post","status-publish","format-standard","has-post-thumbnail","hentry","category-international","tag-marouane-abassi","tag-taxe-carbone","tag-union-europeenne"],"yoast_head":"<!-- This site is optimized with the Yoast SEO Premium plugin v27.5 (Yoast SEO v27.5) - https:\/\/yoast.com\/product\/yoast-seo-premium-wordpress\/ -->\n<title>L\u2019UE adopte une taxe carbone sur les importations industrielles<\/title>\n<meta name=\"description\" content=\"Le Parlement europ\u00e9en et les \u00c9tats membres de l\u2019Union europ\u00e9enne ont annonc\u00e9 mardi 13 d\u00e9cembre 2022, avoir adopt\u00e9 un \u00ab m\u00e9canisme d\u2019ajustement carbone aux fronti...\" \/>\n<link rel=\"canonical\" href=\"https:\/\/www.webdo.tn\/fr\/actualite\/international\/l-ue-adopte-une-taxe-carbone-sur-les-importations-industrielles\/200640\/\" \/>\n<meta property=\"og:locale\" content=\"fr_FR\" \/>\n<meta property=\"og:type\" content=\"article\" \/>\n<meta property=\"og:title\" content=\"L\u2019UE adopte une taxe carbone sur les importations industrielles\" \/>\n<meta property=\"og:description\" content=\"Le Parlement europ\u00e9en et les \u00c9tats membres de l\u2019Union europ\u00e9enne ont annonc\u00e9 mardi 13 d\u00e9cembre 2022, avoir adopt\u00e9 un \u00ab m\u00e9canisme d\u2019ajustement carbone aux fronti...\" \/>\n<meta property=\"og:url\" content=\"https:\/\/www.webdo.tn\/fr\/actualite\/international\/l-ue-adopte-une-taxe-carbone-sur-les-importations-industrielles\/200640\/\" \/>\n<meta property=\"og:site_name\" content=\"webdo\" \/>\n<meta property=\"article:publisher\" content=\"https:\/\/www.facebook.com\/webdotn\" \/>\n<meta property=\"article:published_time\" content=\"2022-12-14T09:50:00+00:00\" \/>\n<meta property=\"article:modified_time\" content=\"2025-05-22T11:40:58+00:00\" \/>\n<meta property=\"og:image\" content=\"https:\/\/www.webdo.tn\/fr\/wp-content\/uploads\/2022\/12\/e2e6688081c09dc9c6d364f09e4245b9.jpg\" \/>\n\t<meta property=\"og:image:width\" content=\"750\" \/>\n\t<meta property=\"og:image:height\" content=\"400\" \/>\n\t<meta property=\"og:image:type\" content=\"image\/jpeg\" \/>\n<meta name=\"author\" content=\"MK\" \/>\n<meta name=\"twitter:card\" content=\"summary_large_image\" \/>\n<meta name=\"twitter:creator\" content=\"@webdo_tn\" \/>\n<meta name=\"twitter:site\" content=\"@webdo_tn\" \/>\n<meta name=\"twitter:label1\" content=\"\u00c9crit par\" \/>\n\t<meta name=\"twitter:data1\" content=\"MK\" \/>\n\t<meta name=\"twitter:label2\" content=\"Dur\u00e9e de lecture estim\u00e9e\" \/>\n\t<meta name=\"twitter:data2\" content=\"2 minutes\" \/>\n<script type=\"application\/ld+json\" class=\"yoast-schema-graph\">{\"@context\":\"https:\\\/\\\/schema.org\",\"@graph\":[{\"@type\":\"NewsArticle\",\"@id\":\"https:\\\/\\\/www.webdo.tn\\\/fr\\\/actualite\\\/international\\\/l-ue-adopte-une-taxe-carbone-sur-les-importations-industrielles\\\/200640\\\/#article\",\"isPartOf\":{\"@id\":\"https:\\\/\\\/www.webdo.tn\\\/fr\\\/actualite\\\/international\\\/l-ue-adopte-une-taxe-carbone-sur-les-importations-industrielles\\\/200640\\\/\"},\"author\":{\"name\":\"MK\",\"@id\":\"https:\\\/\\\/www.webdo.tn\\\/fr\\\/#\\\/schema\\\/person\\\/c3a9d32fa6d495ca5f4b6510e3db97bf\"},\"headline\":\"L\u2019UE adopte une taxe carbone sur les importations industrielles\",\"datePublished\":\"2022-12-14T09:50:00+00:00\",\"dateModified\":\"2025-05-22T11:40:58+00:00\",\"mainEntityOfPage\":{\"@id\":\"https:\\\/\\\/www.webdo.tn\\\/fr\\\/actualite\\\/international\\\/l-ue-adopte-une-taxe-carbone-sur-les-importations-industrielles\\\/200640\\\/\"},\"wordCount\":335,\"commentCount\":0,\"publisher\":{\"@id\":\"https:\\\/\\\/www.webdo.tn\\\/fr\\\/#organization\"},\"image\":{\"@id\":\"https:\\\/\\\/www.webdo.tn\\\/fr\\\/actualite\\\/international\\\/l-ue-adopte-une-taxe-carbone-sur-les-importations-industrielles\\\/200640\\\/#primaryimage\"},\"thumbnailUrl\":\"https:\\\/\\\/www.webdo.tn\\\/fr\\\/wp-content\\\/uploads\\\/2022\\\/12\\\/e2e6688081c09dc9c6d364f09e4245b9.jpg\",\"keywords\":[\"Marouane Abassi\",\"taxe carbone\",\"Union europ\u00e9enne\"],\"articleSection\":[\"International\"],\"inLanguage\":\"fr-FR\"},{\"@type\":\"WebPage\",\"@id\":\"https:\\\/\\\/www.webdo.tn\\\/fr\\\/actualite\\\/international\\\/l-ue-adopte-une-taxe-carbone-sur-les-importations-industrielles\\\/200640\\\/\",\"url\":\"https:\\\/\\\/www.webdo.tn\\\/fr\\\/actualite\\\/international\\\/l-ue-adopte-une-taxe-carbone-sur-les-importations-industrielles\\\/200640\\\/\",\"name\":\"L\u2019UE adopte une taxe carbone sur les importations industrielles\",\"isPartOf\":{\"@id\":\"https:\\\/\\\/www.webdo.tn\\\/fr\\\/#website\"},\"primaryImageOfPage\":{\"@id\":\"https:\\\/\\\/www.webdo.tn\\\/fr\\\/actualite\\\/international\\\/l-ue-adopte-une-taxe-carbone-sur-les-importations-industrielles\\\/200640\\\/#primaryimage\"},\"image\":{\"@id\":\"https:\\\/\\\/www.webdo.tn\\\/fr\\\/actualite\\\/international\\\/l-ue-adopte-une-taxe-carbone-sur-les-importations-industrielles\\\/200640\\\/#primaryimage\"},\"thumbnailUrl\":\"https:\\\/\\\/www.webdo.tn\\\/fr\\\/wp-content\\\/uploads\\\/2022\\\/12\\\/e2e6688081c09dc9c6d364f09e4245b9.jpg\",\"datePublished\":\"2022-12-14T09:50:00+00:00\",\"dateModified\":\"2025-05-22T11:40:58+00:00\",\"description\":\"Le Parlement europ\u00e9en et les \u00c9tats membres de l\u2019Union europ\u00e9enne ont annonc\u00e9 mardi 13 d\u00e9cembre 2022, avoir adopt\u00e9 un \u00ab m\u00e9canisme d\u2019ajustement carbone aux fronti...\",\"breadcrumb\":{\"@id\":\"https:\\\/\\\/www.webdo.tn\\\/fr\\\/actualite\\\/international\\\/l-ue-adopte-une-taxe-carbone-sur-les-importations-industrielles\\\/200640\\\/#breadcrumb\"},\"inLanguage\":\"fr-FR\",\"potentialAction\":[{\"@type\":\"ReadAction\",\"target\":[\"https:\\\/\\\/www.webdo.tn\\\/fr\\\/actualite\\\/international\\\/l-ue-adopte-une-taxe-carbone-sur-les-importations-industrielles\\\/200640\\\/\"]}]},{\"@type\":\"ImageObject\",\"inLanguage\":\"fr-FR\",\"@id\":\"https:\\\/\\\/www.webdo.tn\\\/fr\\\/actualite\\\/international\\\/l-ue-adopte-une-taxe-carbone-sur-les-importations-industrielles\\\/200640\\\/#primaryimage\",\"url\":\"https:\\\/\\\/www.webdo.tn\\\/fr\\\/wp-content\\\/uploads\\\/2022\\\/12\\\/e2e6688081c09dc9c6d364f09e4245b9.jpg\",\"contentUrl\":\"https:\\\/\\\/www.webdo.tn\\\/fr\\\/wp-content\\\/uploads\\\/2022\\\/12\\\/e2e6688081c09dc9c6d364f09e4245b9.jpg\",\"width\":750,\"height\":400,\"caption\":\"taxe carbone\"},{\"@type\":\"BreadcrumbList\",\"@id\":\"https:\\\/\\\/www.webdo.tn\\\/fr\\\/actualite\\\/international\\\/l-ue-adopte-une-taxe-carbone-sur-les-importations-industrielles\\\/200640\\\/#breadcrumb\",\"itemListElement\":[{\"@type\":\"ListItem\",\"position\":1,\"name\":\"Accueil\",\"item\":\"https:\\\/\\\/www.webdo.tn\\\/fr\\\/\"},{\"@type\":\"ListItem\",\"position\":2,\"name\":\"L\u2019UE adopte une taxe carbone sur les importations industrielles\"}]},{\"@type\":\"WebSite\",\"@id\":\"https:\\\/\\\/www.webdo.tn\\\/fr\\\/#website\",\"url\":\"https:\\\/\\\/www.webdo.tn\\\/fr\\\/\",\"name\":\"webdo\",\"description\":\"Tunisie - News en Tunisie et \u00e0 l&#039;international sur Webdo.tn\",\"publisher\":{\"@id\":\"https:\\\/\\\/www.webdo.tn\\\/fr\\\/#organization\"},\"potentialAction\":[{\"@type\":\"SearchAction\",\"target\":{\"@type\":\"EntryPoint\",\"urlTemplate\":\"https:\\\/\\\/www.webdo.tn\\\/fr\\\/?s={search_term_string}\"},\"query-input\":{\"@type\":\"PropertyValueSpecification\",\"valueRequired\":true,\"valueName\":\"search_term_string\"}}],\"inLanguage\":\"fr-FR\"},{\"@type\":\"Organization\",\"@id\":\"https:\\\/\\\/www.webdo.tn\\\/fr\\\/#organization\",\"name\":\"Webdo\",\"alternateName\":\"Webdo.tn\",\"url\":\"https:\\\/\\\/www.webdo.tn\\\/fr\\\/\",\"logo\":{\"@type\":\"ImageObject\",\"inLanguage\":\"fr-FR\",\"@id\":\"https:\\\/\\\/www.webdo.tn\\\/fr\\\/#\\\/schema\\\/logo\\\/image\\\/\",\"url\":\"https:\\\/\\\/www.webdo.tn\\\/fr\\\/wp-content\\\/uploads\\\/2025\\\/06\\\/Webdo-Tunisie_168377.jpg\",\"contentUrl\":\"https:\\\/\\\/www.webdo.tn\\\/fr\\\/wp-content\\\/uploads\\\/2025\\\/06\\\/Webdo-Tunisie_168377.jpg\",\"width\":301,\"height\":301,\"caption\":\"Webdo\"},\"image\":{\"@id\":\"https:\\\/\\\/www.webdo.tn\\\/fr\\\/#\\\/schema\\\/logo\\\/image\\\/\"},\"sameAs\":[\"https:\\\/\\\/www.facebook.com\\\/webdotn\",\"https:\\\/\\\/x.com\\\/webdo_tn\"],\"description\":\"Webdo est un m\u00e9dia num\u00e9rique tunisien fond\u00e9 en 2010, sp\u00e9cialis\u00e9 dans l\u2019actualit\u00e9 nationale et internationale, l\u2019\u00e9conomie, la soci\u00e9t\u00e9 et les analyses politiques. Le site s\u2019adresse \u00e0 un large public francophone et couvre l\u2019information tunisienne en temps r\u00e9el.\",\"email\":\"redac@webdo.tn\",\"legalName\":\"YNJ SARL\",\"foundingDate\":\"2010-09-06\",\"numberOfEmployees\":{\"@type\":\"QuantitativeValue\",\"minValue\":\"11\",\"maxValue\":\"50\"}},{\"@type\":\"Person\",\"@id\":\"https:\\\/\\\/www.webdo.tn\\\/fr\\\/#\\\/schema\\\/person\\\/c3a9d32fa6d495ca5f4b6510e3db97bf\",\"name\":\"MK\",\"image\":{\"@type\":\"ImageObject\",\"inLanguage\":\"fr-FR\",\"@id\":\"https:\\\/\\\/secure.gravatar.com\\\/avatar\\\/6d44f937f19929f3b75db77056d3e08abd6e302e71bcfea340cd8b00c13e7baf?s=96&d=mm&r=g\",\"url\":\"https:\\\/\\\/secure.gravatar.com\\\/avatar\\\/6d44f937f19929f3b75db77056d3e08abd6e302e71bcfea340cd8b00c13e7baf?s=96&d=mm&r=g\",\"contentUrl\":\"https:\\\/\\\/secure.gravatar.com\\\/avatar\\\/6d44f937f19929f3b75db77056d3e08abd6e302e71bcfea340cd8b00c13e7baf?s=96&d=mm&r=g\",\"caption\":\"MK\"},\"url\":\"https:\\\/\\\/www.webdo.tn\\\/fr\\\/actualite\\\/author\\\/mk\\\/\"}]}<\/script>\n<!-- \/ Yoast SEO Premium plugin. -->","yoast_head_json":{"title":"L\u2019UE adopte une taxe carbone sur les importations industrielles","description":"Le Parlement europ\u00e9en et les \u00c9tats membres de l\u2019Union europ\u00e9enne ont annonc\u00e9 mardi 13 d\u00e9cembre 2022, avoir adopt\u00e9 un \u00ab m\u00e9canisme d\u2019ajustement carbone aux fronti...","canonical":"https:\/\/www.webdo.tn\/fr\/actualite\/international\/l-ue-adopte-une-taxe-carbone-sur-les-importations-industrielles\/200640\/","og_locale":"fr_FR","og_type":"article","og_title":"L\u2019UE adopte une taxe carbone sur les importations industrielles","og_description":"Le Parlement europ\u00e9en et les \u00c9tats membres de l\u2019Union europ\u00e9enne ont annonc\u00e9 mardi 13 d\u00e9cembre 2022, avoir adopt\u00e9 un \u00ab m\u00e9canisme d\u2019ajustement carbone aux fronti...","og_url":"https:\/\/www.webdo.tn\/fr\/actualite\/international\/l-ue-adopte-une-taxe-carbone-sur-les-importations-industrielles\/200640\/","og_site_name":"webdo","article_publisher":"https:\/\/www.facebook.com\/webdotn","article_published_time":"2022-12-14T09:50:00+00:00","article_modified_time":"2025-05-22T11:40:58+00:00","og_image":[{"width":750,"height":400,"url":"https:\/\/www.webdo.tn\/fr\/wp-content\/uploads\/2022\/12\/e2e6688081c09dc9c6d364f09e4245b9.jpg","type":"image\/jpeg"}],"author":"MK","twitter_card":"summary_large_image","twitter_creator":"@webdo_tn","twitter_site":"@webdo_tn","twitter_misc":{"\u00c9crit par":"MK","Dur\u00e9e de lecture estim\u00e9e":"2 minutes"},"schema":{"@context":"https:\/\/schema.org","@graph":[{"@type":"NewsArticle","@id":"https:\/\/www.webdo.tn\/fr\/actualite\/international\/l-ue-adopte-une-taxe-carbone-sur-les-importations-industrielles\/200640\/#article","isPartOf":{"@id":"https:\/\/www.webdo.tn\/fr\/actualite\/international\/l-ue-adopte-une-taxe-carbone-sur-les-importations-industrielles\/200640\/"},"author":{"name":"MK","@id":"https:\/\/www.webdo.tn\/fr\/#\/schema\/person\/c3a9d32fa6d495ca5f4b6510e3db97bf"},"headline":"L\u2019UE adopte une taxe carbone sur les importations industrielles","datePublished":"2022-12-14T09:50:00+00:00","dateModified":"2025-05-22T11:40:58+00:00","mainEntityOfPage":{"@id":"https:\/\/www.webdo.tn\/fr\/actualite\/international\/l-ue-adopte-une-taxe-carbone-sur-les-importations-industrielles\/200640\/"},"wordCount":335,"commentCount":0,"publisher":{"@id":"https:\/\/www.webdo.tn\/fr\/#organization"},"image":{"@id":"https:\/\/www.webdo.tn\/fr\/actualite\/international\/l-ue-adopte-une-taxe-carbone-sur-les-importations-industrielles\/200640\/#primaryimage"},"thumbnailUrl":"https:\/\/www.webdo.tn\/fr\/wp-content\/uploads\/2022\/12\/e2e6688081c09dc9c6d364f09e4245b9.jpg","keywords":["Marouane Abassi","taxe carbone","Union europ\u00e9enne"],"articleSection":["International"],"inLanguage":"fr-FR"},{"@type":"WebPage","@id":"https:\/\/www.webdo.tn\/fr\/actualite\/international\/l-ue-adopte-une-taxe-carbone-sur-les-importations-industrielles\/200640\/","url":"https:\/\/www.webdo.tn\/fr\/actualite\/international\/l-ue-adopte-une-taxe-carbone-sur-les-importations-industrielles\/200640\/","name":"L\u2019UE adopte une taxe carbone sur les importations industrielles","isPartOf":{"@id":"https:\/\/www.webdo.tn\/fr\/#website"},"primaryImageOfPage":{"@id":"https:\/\/www.webdo.tn\/fr\/actualite\/international\/l-ue-adopte-une-taxe-carbone-sur-les-importations-industrielles\/200640\/#primaryimage"},"image":{"@id":"https:\/\/www.webdo.tn\/fr\/actualite\/international\/l-ue-adopte-une-taxe-carbone-sur-les-importations-industrielles\/200640\/#primaryimage"},"thumbnailUrl":"https:\/\/www.webdo.tn\/fr\/wp-content\/uploads\/2022\/12\/e2e6688081c09dc9c6d364f09e4245b9.jpg","datePublished":"2022-12-14T09:50:00+00:00","dateModified":"2025-05-22T11:40:58+00:00","description":"Le Parlement europ\u00e9en et les \u00c9tats membres de l\u2019Union europ\u00e9enne ont annonc\u00e9 mardi 13 d\u00e9cembre 2022, avoir adopt\u00e9 un \u00ab m\u00e9canisme d\u2019ajustement carbone aux fronti...","breadcrumb":{"@id":"https:\/\/www.webdo.tn\/fr\/actualite\/international\/l-ue-adopte-une-taxe-carbone-sur-les-importations-industrielles\/200640\/#breadcrumb"},"inLanguage":"fr-FR","potentialAction":[{"@type":"ReadAction","target":["https:\/\/www.webdo.tn\/fr\/actualite\/international\/l-ue-adopte-une-taxe-carbone-sur-les-importations-industrielles\/200640\/"]}]},{"@type":"ImageObject","inLanguage":"fr-FR","@id":"https:\/\/www.webdo.tn\/fr\/actualite\/international\/l-ue-adopte-une-taxe-carbone-sur-les-importations-industrielles\/200640\/#primaryimage","url":"https:\/\/www.webdo.tn\/fr\/wp-content\/uploads\/2022\/12\/e2e6688081c09dc9c6d364f09e4245b9.jpg","contentUrl":"https:\/\/www.webdo.tn\/fr\/wp-content\/uploads\/2022\/12\/e2e6688081c09dc9c6d364f09e4245b9.jpg","width":750,"height":400,"caption":"taxe carbone"},{"@type":"BreadcrumbList","@id":"https:\/\/www.webdo.tn\/fr\/actualite\/international\/l-ue-adopte-une-taxe-carbone-sur-les-importations-industrielles\/200640\/#breadcrumb","itemListElement":[{"@type":"ListItem","position":1,"name":"Accueil","item":"https:\/\/www.webdo.tn\/fr\/"},{"@type":"ListItem","position":2,"name":"L\u2019UE adopte une taxe carbone sur les importations industrielles"}]},{"@type":"WebSite","@id":"https:\/\/www.webdo.tn\/fr\/#website","url":"https:\/\/www.webdo.tn\/fr\/","name":"webdo","description":"Tunisie - News en Tunisie et \u00e0 l&#039;international sur Webdo.tn","publisher":{"@id":"https:\/\/www.webdo.tn\/fr\/#organization"},"potentialAction":[{"@type":"SearchAction","target":{"@type":"EntryPoint","urlTemplate":"https:\/\/www.webdo.tn\/fr\/?s={search_term_string}"},"query-input":{"@type":"PropertyValueSpecification","valueRequired":true,"valueName":"search_term_string"}}],"inLanguage":"fr-FR"},{"@type":"Organization","@id":"https:\/\/www.webdo.tn\/fr\/#organization","name":"Webdo","alternateName":"Webdo.tn","url":"https:\/\/www.webdo.tn\/fr\/","logo":{"@type":"ImageObject","inLanguage":"fr-FR","@id":"https:\/\/www.webdo.tn\/fr\/#\/schema\/logo\/image\/","url":"https:\/\/www.webdo.tn\/fr\/wp-content\/uploads\/2025\/06\/Webdo-Tunisie_168377.jpg","contentUrl":"https:\/\/www.webdo.tn\/fr\/wp-content\/uploads\/2025\/06\/Webdo-Tunisie_168377.jpg","width":301,"height":301,"caption":"Webdo"},"image":{"@id":"https:\/\/www.webdo.tn\/fr\/#\/schema\/logo\/image\/"},"sameAs":["https:\/\/www.facebook.com\/webdotn","https:\/\/x.com\/webdo_tn"],"description":"Webdo est un m\u00e9dia num\u00e9rique tunisien fond\u00e9 en 2010, sp\u00e9cialis\u00e9 dans l\u2019actualit\u00e9 nationale et internationale, l\u2019\u00e9conomie, la soci\u00e9t\u00e9 et les analyses politiques. Le site s\u2019adresse \u00e0 un large public francophone et couvre l\u2019information tunisienne en temps r\u00e9el.","email":"redac@webdo.tn","legalName":"YNJ SARL","foundingDate":"2010-09-06","numberOfEmployees":{"@type":"QuantitativeValue","minValue":"11","maxValue":"50"}},{"@type":"Person","@id":"https:\/\/www.webdo.tn\/fr\/#\/schema\/person\/c3a9d32fa6d495ca5f4b6510e3db97bf","name":"MK","image":{"@type":"ImageObject","inLanguage":"fr-FR","@id":"https:\/\/secure.gravatar.com\/avatar\/6d44f937f19929f3b75db77056d3e08abd6e302e71bcfea340cd8b00c13e7baf?s=96&d=mm&r=g","url":"https:\/\/secure.gravatar.com\/avatar\/6d44f937f19929f3b75db77056d3e08abd6e302e71bcfea340cd8b00c13e7baf?s=96&d=mm&r=g","contentUrl":"https:\/\/secure.gravatar.com\/avatar\/6d44f937f19929f3b75db77056d3e08abd6e302e71bcfea340cd8b00c13e7baf?s=96&d=mm&r=g","caption":"MK"},"url":"https:\/\/www.webdo.tn\/fr\/actualite\/author\/mk\/"}]}},"_links":{"self":[{"href":"https:\/\/www.webdo.tn\/fr\/wp-json\/wp\/v2\/posts\/200640","targetHints":{"allow":["GET"]}}],"collection":[{"href":"https:\/\/www.webdo.tn\/fr\/wp-json\/wp\/v2\/posts"}],"about":[{"href":"https:\/\/www.webdo.tn\/fr\/wp-json\/wp\/v2\/types\/post"}],"author":[{"embeddable":true,"href":"https:\/\/www.webdo.tn\/fr\/wp-json\/wp\/v2\/users\/3196"}],"replies":[{"embeddable":true,"href":"https:\/\/www.webdo.tn\/fr\/wp-json\/wp\/v2\/comments?post=200640"}],"version-history":[{"count":0,"href":"https:\/\/www.webdo.tn\/fr\/wp-json\/wp\/v2\/posts\/200640\/revisions"}],"wp:featuredmedia":[{"embeddable":true,"href":"https:\/\/www.webdo.tn\/fr\/wp-json\/wp\/v2\/media\/348429"}],"wp:attachment":[{"href":"https:\/\/www.webdo.tn\/fr\/wp-json\/wp\/v2\/media?parent=200640"}],"wp:term":[{"taxonomy":"category","embeddable":true,"href":"https:\/\/www.webdo.tn\/fr\/wp-json\/wp\/v2\/categories?post=200640"},{"taxonomy":"post_tag","embeddable":true,"href":"https:\/\/www.webdo.tn\/fr\/wp-json\/wp\/v2\/tags?post=200640"}],"curies":[{"name":"wp","href":"https:\/\/api.w.org\/{rel}","templated":true}]}}