{"id":200639,"date":"2022-12-14T09:44:00","date_gmt":"2022-12-14T09:44:00","guid":{"rendered":"https:\/\/www.webdo.tn\/fr\/actualite\/blog\/securite-alimentaire-la-tunisie-peut-compter-sur-la-france\/200639\/"},"modified":"2025-05-22T11:41:02","modified_gmt":"2025-05-22T11:41:02","slug":"securite-alimentaire-la-tunisie-peut-compter-sur-la-france","status":"publish","type":"post","link":"https:\/\/www.webdo.tn\/fr\/actualite\/national\/securite-alimentaire-la-tunisie-peut-compter-sur-la-france\/200639\/","title":{"rendered":"S\u00e9curit\u00e9 alimentaire : La Tunisie peut compter sur la France"},"content":{"rendered":"<p>Cette initiative a pour objectif de r\u00e9duire les effets de la guerre en Ukraine dans de nombreux pays vuln\u00e9rables sur le niveau des prix, la production, l\u2019acc\u00e8s et l\u2019approvisionnement en c\u00e9r\u00e9ales, notamment le bl\u00e9.<\/p>\n<p> Une feuille de route \u00a0\u00bb ambitieuse \u00a0\u00bb visant \u00e0 aider la Tunisie \u00e0 renforcer sa s\u00e9curit\u00e9 alimentaire et sa r\u00e9silience face aux changements climatiques et en cours de finalisation, a affirm\u00e9, mardi \u00e0 Tunis, l&rsquo;ambassadeur de France en Tunisie, Andr\u00e9 Parant.\u00a0<\/p>\n<p>Cette feuille de route vise \u00e9galement \u00e0 consolider l\u2019\u00e9galit\u00e9 entre les femmes et les hommes en milieu rural, a-t-il encore ajout\u00e9, lors d\u2019un s\u00e9minaire consacr\u00e9 au lancement du projet de jumelage entre la Tunisie, la France et l\u2019Italie, portant sur le renforcement du dispositif national d\u2019encadrement v\u00e9t\u00e9rinaire de la sant\u00e9 animale.Ce plan, a-t-il dit, s\u2019inscrit dans le cadre de l\u2019accord de coop\u00e9ration bilat\u00e9rale renouvel\u00e9, l\u2019ann\u00e9e derni\u00e8re, entre la Tunisie et la France.\u00a0<\/p>\n<p>Il a, \u00e0 cette occasion, d\u00e9clar\u00e9 que la France reste \u00ab\u00a0engag\u00e9e\u00a0\u00bb \u00e0 coop\u00e9rer avec les services du minist\u00e8re de l\u2019Agriculture afin d\u2019aider la Tunisie \u00e0 pr\u00e9server sa s\u00e9curit\u00e9 alimentaire, qui reste un enjeux primordial dans le contexte actuel marqu\u00e9 par la guerre en Ukraine.\u00a0<\/p>\n<p>L\u2019ambassadeur a, dans ce contexte, soulign\u00e9 que son pays continuera \u00e0 soutenir les pays touch\u00e9s par cette guerre comme la Tunisie dans le cadre de l\u2019initiative europ\u00e9enne pour la r\u00e9silience alimentaire et agricole (Food and Agriculture Resilience Mission &#8211; FARM).<\/p>\n<p>La Tunisie reste particuli\u00e8rement vuln\u00e9rable face aux effets de cette guerre. En 2021, le pays a r\u00e9alis\u00e9 60?% de ses importations de bl\u00e9 tendre et 66% de ses importations d\u2019orge avec la F\u00e9d\u00e9ration de Russie et l\u2019Ukraine, selon la Banque mondiale.<\/p>\n","protected":false},"excerpt":{"rendered":"<p>Cette initiative a pour objectif de r\u00e9duire les effets de la guerre en Ukraine dans de nombreux pays vuln\u00e9rables sur le niveau des prix, la production, l\u2019acc\u00e8s&#8230;<\/p>\n","protected":false},"author":3175,"featured_media":348433,"comment_status":"open","ping_status":"closed","sticky":false,"template":"","format":"standard","meta":{"footnotes":""},"categories":[44],"tags":[2998,3082,2608],"class_list":["post-200639","post","type-post","status-publish","format-standard","has-post-thumbnail","hentry","category-national","tag-france","tag-securite-alimentaire","tag-tunisie"],"yoast_head":"<!-- This site is optimized with the Yoast SEO Premium plugin v27.5 (Yoast SEO v27.5) - https:\/\/yoast.com\/product\/yoast-seo-premium-wordpress\/ -->\n<title>S\u00e9curit\u00e9 alimentaire : La Tunisie peut compter sur la France<\/title>\n<meta name=\"description\" content=\"Cette initiative a pour objectif de r\u00e9duire les effets de la guerre en Ukraine dans de nombreux pays vuln\u00e9rables sur le niveau des prix, la production, l\u2019acc\u00e8s...\" \/>\n<link rel=\"canonical\" href=\"https:\/\/www.webdo.tn\/fr\/actualite\/national-45\/securite-alimentaire-la-tunisie-peut-compter-sur-la-france\/200639\/\" \/>\n<meta property=\"og:locale\" content=\"fr_FR\" \/>\n<meta property=\"og:type\" content=\"article\" \/>\n<meta property=\"og:title\" content=\"S\u00e9curit\u00e9 alimentaire : La Tunisie peut compter sur la France\" \/>\n<meta property=\"og:description\" content=\"Cette initiative a pour objectif de r\u00e9duire les effets de la guerre en Ukraine dans de nombreux pays vuln\u00e9rables sur le niveau des prix, la production, l\u2019acc\u00e8s...\" \/>\n<meta property=\"og:url\" content=\"https:\/\/www.webdo.tn\/fr\/actualite\/national-45\/securite-alimentaire-la-tunisie-peut-compter-sur-la-france\/200639\/\" \/>\n<meta property=\"og:site_name\" content=\"webdo\" \/>\n<meta property=\"article:publisher\" content=\"https:\/\/www.facebook.com\/webdotn\" \/>\n<meta property=\"article:published_time\" content=\"2022-12-14T09:44:00+00:00\" \/>\n<meta property=\"article:modified_time\" content=\"2025-05-22T11:41:02+00:00\" \/>\n<meta property=\"og:image\" content=\"https:\/\/www.webdo.tn\/fr\/wp-content\/uploads\/2022\/12\/8afc4467691ee24ad0a4abd2b17c83e6.jpg\" \/>\n\t<meta property=\"og:image:width\" content=\"615\" \/>\n\t<meta property=\"og:image:height\" content=\"328\" \/>\n\t<meta property=\"og:image:type\" content=\"image\/jpeg\" \/>\n<meta name=\"author\" content=\"CL\" \/>\n<meta name=\"twitter:card\" content=\"summary_large_image\" \/>\n<meta name=\"twitter:creator\" content=\"@webdo_tn\" \/>\n<meta name=\"twitter:site\" content=\"@webdo_tn\" \/>\n<meta name=\"twitter:label1\" content=\"\u00c9crit par\" \/>\n\t<meta name=\"twitter:data1\" content=\"CL\" \/>\n\t<meta name=\"twitter:label2\" content=\"Dur\u00e9e de lecture estim\u00e9e\" \/>\n\t<meta name=\"twitter:data2\" content=\"2 minutes\" \/>\n<script type=\"application\/ld+json\" class=\"yoast-schema-graph\">{\"@context\":\"https:\\\/\\\/schema.org\",\"@graph\":[{\"@type\":\"NewsArticle\",\"@id\":\"https:\\\/\\\/www.webdo.tn\\\/fr\\\/actualite\\\/national-45\\\/securite-alimentaire-la-tunisie-peut-compter-sur-la-france\\\/200639\\\/#article\",\"isPartOf\":{\"@id\":\"https:\\\/\\\/www.webdo.tn\\\/fr\\\/actualite\\\/national-45\\\/securite-alimentaire-la-tunisie-peut-compter-sur-la-france\\\/200639\\\/\"},\"author\":{\"name\":\"CL\",\"@id\":\"https:\\\/\\\/www.webdo.tn\\\/fr\\\/#\\\/schema\\\/person\\\/f35b42a42c5e2511bbd282959d6385cc\"},\"headline\":\"S\u00e9curit\u00e9 alimentaire : La Tunisie peut compter sur la France\",\"datePublished\":\"2022-12-14T09:44:00+00:00\",\"dateModified\":\"2025-05-22T11:41:02+00:00\",\"mainEntityOfPage\":{\"@id\":\"https:\\\/\\\/www.webdo.tn\\\/fr\\\/actualite\\\/national-45\\\/securite-alimentaire-la-tunisie-peut-compter-sur-la-france\\\/200639\\\/\"},\"wordCount\":314,\"commentCount\":0,\"publisher\":{\"@id\":\"https:\\\/\\\/www.webdo.tn\\\/fr\\\/#organization\"},\"image\":{\"@id\":\"https:\\\/\\\/www.webdo.tn\\\/fr\\\/actualite\\\/national-45\\\/securite-alimentaire-la-tunisie-peut-compter-sur-la-france\\\/200639\\\/#primaryimage\"},\"thumbnailUrl\":\"https:\\\/\\\/www.webdo.tn\\\/fr\\\/wp-content\\\/uploads\\\/2022\\\/12\\\/8afc4467691ee24ad0a4abd2b17c83e6.jpg\",\"keywords\":[\"france\",\"S\u00e9curit\u00e9 alimentaire\",\"Tunisie\"],\"articleSection\":[\"National\"],\"inLanguage\":\"fr-FR\"},{\"@type\":\"WebPage\",\"@id\":\"https:\\\/\\\/www.webdo.tn\\\/fr\\\/actualite\\\/national-45\\\/securite-alimentaire-la-tunisie-peut-compter-sur-la-france\\\/200639\\\/\",\"url\":\"https:\\\/\\\/www.webdo.tn\\\/fr\\\/actualite\\\/national-45\\\/securite-alimentaire-la-tunisie-peut-compter-sur-la-france\\\/200639\\\/\",\"name\":\"S\u00e9curit\u00e9 alimentaire : La Tunisie peut compter sur la France\",\"isPartOf\":{\"@id\":\"https:\\\/\\\/www.webdo.tn\\\/fr\\\/#website\"},\"primaryImageOfPage\":{\"@id\":\"https:\\\/\\\/www.webdo.tn\\\/fr\\\/actualite\\\/national-45\\\/securite-alimentaire-la-tunisie-peut-compter-sur-la-france\\\/200639\\\/#primaryimage\"},\"image\":{\"@id\":\"https:\\\/\\\/www.webdo.tn\\\/fr\\\/actualite\\\/national-45\\\/securite-alimentaire-la-tunisie-peut-compter-sur-la-france\\\/200639\\\/#primaryimage\"},\"thumbnailUrl\":\"https:\\\/\\\/www.webdo.tn\\\/fr\\\/wp-content\\\/uploads\\\/2022\\\/12\\\/8afc4467691ee24ad0a4abd2b17c83e6.jpg\",\"datePublished\":\"2022-12-14T09:44:00+00:00\",\"dateModified\":\"2025-05-22T11:41:02+00:00\",\"description\":\"Cette initiative a pour objectif de r\u00e9duire les effets de la guerre en Ukraine dans de nombreux pays vuln\u00e9rables sur le niveau des prix, la production, l\u2019acc\u00e8s...\",\"breadcrumb\":{\"@id\":\"https:\\\/\\\/www.webdo.tn\\\/fr\\\/actualite\\\/national-45\\\/securite-alimentaire-la-tunisie-peut-compter-sur-la-france\\\/200639\\\/#breadcrumb\"},\"inLanguage\":\"fr-FR\",\"potentialAction\":[{\"@type\":\"ReadAction\",\"target\":[\"https:\\\/\\\/www.webdo.tn\\\/fr\\\/actualite\\\/national-45\\\/securite-alimentaire-la-tunisie-peut-compter-sur-la-france\\\/200639\\\/\"]}]},{\"@type\":\"ImageObject\",\"inLanguage\":\"fr-FR\",\"@id\":\"https:\\\/\\\/www.webdo.tn\\\/fr\\\/actualite\\\/national-45\\\/securite-alimentaire-la-tunisie-peut-compter-sur-la-france\\\/200639\\\/#primaryimage\",\"url\":\"https:\\\/\\\/www.webdo.tn\\\/fr\\\/wp-content\\\/uploads\\\/2022\\\/12\\\/8afc4467691ee24ad0a4abd2b17c83e6.jpg\",\"contentUrl\":\"https:\\\/\\\/www.webdo.tn\\\/fr\\\/wp-content\\\/uploads\\\/2022\\\/12\\\/8afc4467691ee24ad0a4abd2b17c83e6.jpg\",\"width\":615,\"height\":328,\"caption\":\"Andr\u00e9 Parant\"},{\"@type\":\"BreadcrumbList\",\"@id\":\"https:\\\/\\\/www.webdo.tn\\\/fr\\\/actualite\\\/national-45\\\/securite-alimentaire-la-tunisie-peut-compter-sur-la-france\\\/200639\\\/#breadcrumb\",\"itemListElement\":[{\"@type\":\"ListItem\",\"position\":1,\"name\":\"Accueil\",\"item\":\"https:\\\/\\\/www.webdo.tn\\\/fr\\\/\"},{\"@type\":\"ListItem\",\"position\":2,\"name\":\"S\u00e9curit\u00e9 alimentaire : La Tunisie peut compter sur la France\"}]},{\"@type\":\"WebSite\",\"@id\":\"https:\\\/\\\/www.webdo.tn\\\/fr\\\/#website\",\"url\":\"https:\\\/\\\/www.webdo.tn\\\/fr\\\/\",\"name\":\"webdo\",\"description\":\"Tunisie - News en Tunisie et \u00e0 l&#039;international sur Webdo.tn\",\"publisher\":{\"@id\":\"https:\\\/\\\/www.webdo.tn\\\/fr\\\/#organization\"},\"potentialAction\":[{\"@type\":\"SearchAction\",\"target\":{\"@type\":\"EntryPoint\",\"urlTemplate\":\"https:\\\/\\\/www.webdo.tn\\\/fr\\\/?s={search_term_string}\"},\"query-input\":{\"@type\":\"PropertyValueSpecification\",\"valueRequired\":true,\"valueName\":\"search_term_string\"}}],\"inLanguage\":\"fr-FR\"},{\"@type\":\"Organization\",\"@id\":\"https:\\\/\\\/www.webdo.tn\\\/fr\\\/#organization\",\"name\":\"Webdo\",\"alternateName\":\"Webdo.tn\",\"url\":\"https:\\\/\\\/www.webdo.tn\\\/fr\\\/\",\"logo\":{\"@type\":\"ImageObject\",\"inLanguage\":\"fr-FR\",\"@id\":\"https:\\\/\\\/www.webdo.tn\\\/fr\\\/#\\\/schema\\\/logo\\\/image\\\/\",\"url\":\"https:\\\/\\\/www.webdo.tn\\\/fr\\\/wp-content\\\/uploads\\\/2025\\\/06\\\/Webdo-Tunisie_168377.jpg\",\"contentUrl\":\"https:\\\/\\\/www.webdo.tn\\\/fr\\\/wp-content\\\/uploads\\\/2025\\\/06\\\/Webdo-Tunisie_168377.jpg\",\"width\":301,\"height\":301,\"caption\":\"Webdo\"},\"image\":{\"@id\":\"https:\\\/\\\/www.webdo.tn\\\/fr\\\/#\\\/schema\\\/logo\\\/image\\\/\"},\"sameAs\":[\"https:\\\/\\\/www.facebook.com\\\/webdotn\",\"https:\\\/\\\/x.com\\\/webdo_tn\"],\"description\":\"Webdo est un m\u00e9dia num\u00e9rique tunisien fond\u00e9 en 2010, sp\u00e9cialis\u00e9 dans l\u2019actualit\u00e9 nationale et internationale, l\u2019\u00e9conomie, la soci\u00e9t\u00e9 et les analyses politiques. Le site s\u2019adresse \u00e0 un large public francophone et couvre l\u2019information tunisienne en temps r\u00e9el.\",\"email\":\"redac@webdo.tn\",\"legalName\":\"YNJ SARL\",\"foundingDate\":\"2010-09-06\",\"numberOfEmployees\":{\"@type\":\"QuantitativeValue\",\"minValue\":\"11\",\"maxValue\":\"50\"}},{\"@type\":\"Person\",\"@id\":\"https:\\\/\\\/www.webdo.tn\\\/fr\\\/#\\\/schema\\\/person\\\/f35b42a42c5e2511bbd282959d6385cc\",\"name\":\"CL\",\"image\":{\"@type\":\"ImageObject\",\"inLanguage\":\"fr-FR\",\"@id\":\"https:\\\/\\\/secure.gravatar.com\\\/avatar\\\/1447a49909b67aa657c488aec6512e1dd6143a480c1ecfee9b5b5cd74eb3b59e?s=96&d=mm&r=g\",\"url\":\"https:\\\/\\\/secure.gravatar.com\\\/avatar\\\/1447a49909b67aa657c488aec6512e1dd6143a480c1ecfee9b5b5cd74eb3b59e?s=96&d=mm&r=g\",\"contentUrl\":\"https:\\\/\\\/secure.gravatar.com\\\/avatar\\\/1447a49909b67aa657c488aec6512e1dd6143a480c1ecfee9b5b5cd74eb3b59e?s=96&d=mm&r=g\",\"caption\":\"CL\"},\"url\":\"https:\\\/\\\/www.webdo.tn\\\/fr\\\/actualite\\\/author\\\/cl\\\/\"}]}<\/script>\n<!-- \/ Yoast SEO Premium plugin. -->","yoast_head_json":{"title":"S\u00e9curit\u00e9 alimentaire : La Tunisie peut compter sur la France","description":"Cette initiative a pour objectif de r\u00e9duire les effets de la guerre en Ukraine dans de nombreux pays vuln\u00e9rables sur le niveau des prix, la production, l\u2019acc\u00e8s...","canonical":"https:\/\/www.webdo.tn\/fr\/actualite\/national-45\/securite-alimentaire-la-tunisie-peut-compter-sur-la-france\/200639\/","og_locale":"fr_FR","og_type":"article","og_title":"S\u00e9curit\u00e9 alimentaire : La Tunisie peut compter sur la France","og_description":"Cette initiative a pour objectif de r\u00e9duire les effets de la guerre en Ukraine dans de nombreux pays vuln\u00e9rables sur le niveau des prix, la production, l\u2019acc\u00e8s...","og_url":"https:\/\/www.webdo.tn\/fr\/actualite\/national-45\/securite-alimentaire-la-tunisie-peut-compter-sur-la-france\/200639\/","og_site_name":"webdo","article_publisher":"https:\/\/www.facebook.com\/webdotn","article_published_time":"2022-12-14T09:44:00+00:00","article_modified_time":"2025-05-22T11:41:02+00:00","og_image":[{"width":615,"height":328,"url":"https:\/\/www.webdo.tn\/fr\/wp-content\/uploads\/2022\/12\/8afc4467691ee24ad0a4abd2b17c83e6.jpg","type":"image\/jpeg"}],"author":"CL","twitter_card":"summary_large_image","twitter_creator":"@webdo_tn","twitter_site":"@webdo_tn","twitter_misc":{"\u00c9crit par":"CL","Dur\u00e9e de lecture estim\u00e9e":"2 minutes"},"schema":{"@context":"https:\/\/schema.org","@graph":[{"@type":"NewsArticle","@id":"https:\/\/www.webdo.tn\/fr\/actualite\/national-45\/securite-alimentaire-la-tunisie-peut-compter-sur-la-france\/200639\/#article","isPartOf":{"@id":"https:\/\/www.webdo.tn\/fr\/actualite\/national-45\/securite-alimentaire-la-tunisie-peut-compter-sur-la-france\/200639\/"},"author":{"name":"CL","@id":"https:\/\/www.webdo.tn\/fr\/#\/schema\/person\/f35b42a42c5e2511bbd282959d6385cc"},"headline":"S\u00e9curit\u00e9 alimentaire : La Tunisie peut compter sur la France","datePublished":"2022-12-14T09:44:00+00:00","dateModified":"2025-05-22T11:41:02+00:00","mainEntityOfPage":{"@id":"https:\/\/www.webdo.tn\/fr\/actualite\/national-45\/securite-alimentaire-la-tunisie-peut-compter-sur-la-france\/200639\/"},"wordCount":314,"commentCount":0,"publisher":{"@id":"https:\/\/www.webdo.tn\/fr\/#organization"},"image":{"@id":"https:\/\/www.webdo.tn\/fr\/actualite\/national-45\/securite-alimentaire-la-tunisie-peut-compter-sur-la-france\/200639\/#primaryimage"},"thumbnailUrl":"https:\/\/www.webdo.tn\/fr\/wp-content\/uploads\/2022\/12\/8afc4467691ee24ad0a4abd2b17c83e6.jpg","keywords":["france","S\u00e9curit\u00e9 alimentaire","Tunisie"],"articleSection":["National"],"inLanguage":"fr-FR"},{"@type":"WebPage","@id":"https:\/\/www.webdo.tn\/fr\/actualite\/national-45\/securite-alimentaire-la-tunisie-peut-compter-sur-la-france\/200639\/","url":"https:\/\/www.webdo.tn\/fr\/actualite\/national-45\/securite-alimentaire-la-tunisie-peut-compter-sur-la-france\/200639\/","name":"S\u00e9curit\u00e9 alimentaire : La Tunisie peut compter sur la France","isPartOf":{"@id":"https:\/\/www.webdo.tn\/fr\/#website"},"primaryImageOfPage":{"@id":"https:\/\/www.webdo.tn\/fr\/actualite\/national-45\/securite-alimentaire-la-tunisie-peut-compter-sur-la-france\/200639\/#primaryimage"},"image":{"@id":"https:\/\/www.webdo.tn\/fr\/actualite\/national-45\/securite-alimentaire-la-tunisie-peut-compter-sur-la-france\/200639\/#primaryimage"},"thumbnailUrl":"https:\/\/www.webdo.tn\/fr\/wp-content\/uploads\/2022\/12\/8afc4467691ee24ad0a4abd2b17c83e6.jpg","datePublished":"2022-12-14T09:44:00+00:00","dateModified":"2025-05-22T11:41:02+00:00","description":"Cette initiative a pour objectif de r\u00e9duire les effets de la guerre en Ukraine dans de nombreux pays vuln\u00e9rables sur le niveau des prix, la production, l\u2019acc\u00e8s...","breadcrumb":{"@id":"https:\/\/www.webdo.tn\/fr\/actualite\/national-45\/securite-alimentaire-la-tunisie-peut-compter-sur-la-france\/200639\/#breadcrumb"},"inLanguage":"fr-FR","potentialAction":[{"@type":"ReadAction","target":["https:\/\/www.webdo.tn\/fr\/actualite\/national-45\/securite-alimentaire-la-tunisie-peut-compter-sur-la-france\/200639\/"]}]},{"@type":"ImageObject","inLanguage":"fr-FR","@id":"https:\/\/www.webdo.tn\/fr\/actualite\/national-45\/securite-alimentaire-la-tunisie-peut-compter-sur-la-france\/200639\/#primaryimage","url":"https:\/\/www.webdo.tn\/fr\/wp-content\/uploads\/2022\/12\/8afc4467691ee24ad0a4abd2b17c83e6.jpg","contentUrl":"https:\/\/www.webdo.tn\/fr\/wp-content\/uploads\/2022\/12\/8afc4467691ee24ad0a4abd2b17c83e6.jpg","width":615,"height":328,"caption":"Andr\u00e9 Parant"},{"@type":"BreadcrumbList","@id":"https:\/\/www.webdo.tn\/fr\/actualite\/national-45\/securite-alimentaire-la-tunisie-peut-compter-sur-la-france\/200639\/#breadcrumb","itemListElement":[{"@type":"ListItem","position":1,"name":"Accueil","item":"https:\/\/www.webdo.tn\/fr\/"},{"@type":"ListItem","position":2,"name":"S\u00e9curit\u00e9 alimentaire : La Tunisie peut compter sur la France"}]},{"@type":"WebSite","@id":"https:\/\/www.webdo.tn\/fr\/#website","url":"https:\/\/www.webdo.tn\/fr\/","name":"webdo","description":"Tunisie - News en Tunisie et \u00e0 l&#039;international sur Webdo.tn","publisher":{"@id":"https:\/\/www.webdo.tn\/fr\/#organization"},"potentialAction":[{"@type":"SearchAction","target":{"@type":"EntryPoint","urlTemplate":"https:\/\/www.webdo.tn\/fr\/?s={search_term_string}"},"query-input":{"@type":"PropertyValueSpecification","valueRequired":true,"valueName":"search_term_string"}}],"inLanguage":"fr-FR"},{"@type":"Organization","@id":"https:\/\/www.webdo.tn\/fr\/#organization","name":"Webdo","alternateName":"Webdo.tn","url":"https:\/\/www.webdo.tn\/fr\/","logo":{"@type":"ImageObject","inLanguage":"fr-FR","@id":"https:\/\/www.webdo.tn\/fr\/#\/schema\/logo\/image\/","url":"https:\/\/www.webdo.tn\/fr\/wp-content\/uploads\/2025\/06\/Webdo-Tunisie_168377.jpg","contentUrl":"https:\/\/www.webdo.tn\/fr\/wp-content\/uploads\/2025\/06\/Webdo-Tunisie_168377.jpg","width":301,"height":301,"caption":"Webdo"},"image":{"@id":"https:\/\/www.webdo.tn\/fr\/#\/schema\/logo\/image\/"},"sameAs":["https:\/\/www.facebook.com\/webdotn","https:\/\/x.com\/webdo_tn"],"description":"Webdo est un m\u00e9dia num\u00e9rique tunisien fond\u00e9 en 2010, sp\u00e9cialis\u00e9 dans l\u2019actualit\u00e9 nationale et internationale, l\u2019\u00e9conomie, la soci\u00e9t\u00e9 et les analyses politiques. Le site s\u2019adresse \u00e0 un large public francophone et couvre l\u2019information tunisienne en temps r\u00e9el.","email":"redac@webdo.tn","legalName":"YNJ SARL","foundingDate":"2010-09-06","numberOfEmployees":{"@type":"QuantitativeValue","minValue":"11","maxValue":"50"}},{"@type":"Person","@id":"https:\/\/www.webdo.tn\/fr\/#\/schema\/person\/f35b42a42c5e2511bbd282959d6385cc","name":"CL","image":{"@type":"ImageObject","inLanguage":"fr-FR","@id":"https:\/\/secure.gravatar.com\/avatar\/1447a49909b67aa657c488aec6512e1dd6143a480c1ecfee9b5b5cd74eb3b59e?s=96&d=mm&r=g","url":"https:\/\/secure.gravatar.com\/avatar\/1447a49909b67aa657c488aec6512e1dd6143a480c1ecfee9b5b5cd74eb3b59e?s=96&d=mm&r=g","contentUrl":"https:\/\/secure.gravatar.com\/avatar\/1447a49909b67aa657c488aec6512e1dd6143a480c1ecfee9b5b5cd74eb3b59e?s=96&d=mm&r=g","caption":"CL"},"url":"https:\/\/www.webdo.tn\/fr\/actualite\/author\/cl\/"}]}},"_links":{"self":[{"href":"https:\/\/www.webdo.tn\/fr\/wp-json\/wp\/v2\/posts\/200639","targetHints":{"allow":["GET"]}}],"collection":[{"href":"https:\/\/www.webdo.tn\/fr\/wp-json\/wp\/v2\/posts"}],"about":[{"href":"https:\/\/www.webdo.tn\/fr\/wp-json\/wp\/v2\/types\/post"}],"author":[{"embeddable":true,"href":"https:\/\/www.webdo.tn\/fr\/wp-json\/wp\/v2\/users\/3175"}],"replies":[{"embeddable":true,"href":"https:\/\/www.webdo.tn\/fr\/wp-json\/wp\/v2\/comments?post=200639"}],"version-history":[{"count":0,"href":"https:\/\/www.webdo.tn\/fr\/wp-json\/wp\/v2\/posts\/200639\/revisions"}],"wp:featuredmedia":[{"embeddable":true,"href":"https:\/\/www.webdo.tn\/fr\/wp-json\/wp\/v2\/media\/348433"}],"wp:attachment":[{"href":"https:\/\/www.webdo.tn\/fr\/wp-json\/wp\/v2\/media?parent=200639"}],"wp:term":[{"taxonomy":"category","embeddable":true,"href":"https:\/\/www.webdo.tn\/fr\/wp-json\/wp\/v2\/categories?post=200639"},{"taxonomy":"post_tag","embeddable":true,"href":"https:\/\/www.webdo.tn\/fr\/wp-json\/wp\/v2\/tags?post=200639"}],"curies":[{"name":"wp","href":"https:\/\/api.w.org\/{rel}","templated":true}]}}