{"id":200618,"date":"2022-12-13T20:00:00","date_gmt":"2022-12-13T20:00:00","guid":{"rendered":"https:\/\/www.webdo.tn\/fr\/blog\/tunisie-telecom-partenaire-technologique-des-journees-de-l-entreprise\/200618\/"},"modified":"2025-05-20T22:33:08","modified_gmt":"2025-05-20T22:33:08","slug":"tunisie-telecom-partenaire-technologique-des-journees-de-l-entreprise","status":"publish","type":"post","link":"https:\/\/www.webdo.tn\/fr\/actualite\/national\/tunisie-telecom-partenaire-technologique-des-journees-de-l-entreprise\/200618\/","title":{"rendered":"Tunisie Telecom, partenaire technologique des Journ\u00e9es de l\u2019Entreprise"},"content":{"rendered":"<p>Tunisie Telecom a particip\u00e9 comme \u00ab\u00a0Partenaire Technologique\u00a0\u00bb \u00e0 la 36\u00e8me \u00e9dition des Journ\u00e9es de l\u2019entreprise, qui s\u2019est tenue du 8 au 10 d\u00e9cembre 2022 \u00e0 Sousse, sous le th\u00e8me de \u00ab\u00a0l&rsquo;Entreprise et la S\u00e9curit\u00e9 : Libert\u00e9s et Souverainet\u00e9\u00a0\u00bb.<\/p>\n<p>\t\t\t\t\t\t\t\t\tLors de cette \u00e9dition, Tunisie Telecom a pr\u00e9sent\u00e9 aux participants ses offres et ses nouveaut\u00e9s ax\u00e9es sur le Cloud, la S\u00e9curit\u00e9 et la Productivit\u00e9. L\u2019op\u00e9rateur national a expos\u00e9 ses solutions \u00ab\u00a0business\u00a0\u00bb alliant performance et agilit\u00e9 pour satisfaire aux besoins de la flotte, ses solutions diversifi\u00e9s et adapt\u00e9es \u00ab\u00a0Advanced\u00a0\u00bb favorisant une meilleure flexibilit\u00e9, un rendement optimal et une collaboration en temps r\u00e9el ; ainsi que ses solutions connect\u00e9es \u00ab\u00a0Smart\u00a0\u00bb pour un business plus intelligent\u2026<\/p>\n<p>D\u2019ailleurs, une des nouveaut\u00e9s de cette ann\u00e9e est le service \u00ab\u00a0Easy Saff by TT\u00a0\u00bb, une solution de gestion des files d\u2019attente et de prise de rendez-vous \u00e0 distance, permettant aux entreprises d\u2019automatiser les r\u00e9servations de leurs clients en leur proposant le service de r\u00e9servation en ligne et d\u2019avoir une vue globale sur l\u2019activit\u00e9 de leurs employ\u00e9s. Cette solution a \u00e9t\u00e9 d\u00e9velopp\u00e9e en collaboration avec \u00ab\u00a0Liberrex\u00a0\u00bb a d\u00e9clar\u00e9 en marge de ces\u00a0 Journ\u00e9es, Jihene Hedhili Bouzaiene, Directeur Ex\u00e9cutif des March\u00e9s Entreprise chez Tunisie Telecom.<\/p>\n<p>A cet \u00e9v\u00e8nement, Tunisie Telecom a accueilli les participants dans un cadre innovant qui les met d\u2019embl\u00e9e dans une immersion audiovisuelle des Solutions B2B digitales et de connectivit\u00e9. Une exp\u00e9rience unique en son genre qui a d\u00e9not\u00e9 et qui d\u00e9montre une nouvelle approche de Tunisie Telecom.<\/p>\n<p>Ce\u00a0 contexte a \u00e9t\u00e9 aussi l\u2019occasion de discuter des opportunit\u00e9s et des pistes d\u2019innovation pour les entreprises, notamment dans les domaines de la technologie en g\u00e9n\u00e9ral et du num\u00e9rique en particulier, c\u0153ur de m\u00e9tier de Tunisie Telecom, dont le directeur ex\u00e9cutif du d\u00e9veloppement et des technologies, Sami Soudani, a mis en avant lors de la table-ronde sur la cyber s\u00e9curit\u00e9, aux c\u00f4t\u00e9s du ministre des Technologies de la Communication M. Nizar Ben Neji.<\/p>\n<p>L\u2019op\u00e9rateur historique, qui assure son r\u00f4le d\u2019op\u00e9rateur universel et multiservices se positionne comme un partenaire orient\u00e9 innovation et opportunit\u00e9s avenir et propose \u00e0 ses clients entreprises des solutions de dynamisation de l\u2019\u00e9conomie par la transformation digitale. Ainsi, l\u2019op\u00e9rateur global leader sur le march\u00e9 des t\u00e9l\u00e9communications en Tunisie confirme encore une fois que son expertise technologique constitue un de ses atouts majeurs.<\/p>\n","protected":false},"excerpt":{"rendered":"<p>Tunisie Telecom a particip\u00e9 comme  Partenaire Technologique  \u00e0 la 36\u00e8me \u00e9dition des Journ\u00e9es de l\u2019entreprise, qui s\u2019est tenue du 8 au 10 d\u00e9cembre 2022 \u00e0 Sousse,&#8230;<\/p>\n","protected":false},"author":3169,"featured_media":277396,"comment_status":"open","ping_status":"closed","sticky":false,"template":"","format":"standard","meta":{"footnotes":""},"categories":[44],"tags":[4799,2931],"class_list":["post-200618","post","type-post","status-publish","format-standard","has-post-thumbnail","hentry","category-national","tag-journees-de-lentreprise","tag-tunisie-telecom"],"yoast_head":"<!-- This site is optimized with the Yoast SEO Premium plugin v27.5 (Yoast SEO v27.5) - https:\/\/yoast.com\/product\/yoast-seo-premium-wordpress\/ -->\n<title>Tunisie Telecom, partenaire technologique des Journ\u00e9es de l\u2019Entreprise<\/title>\n<meta name=\"description\" content=\"Tunisie Telecom a particip\u00e9 comme Partenaire Technologique \u00e0 la 36\u00e8me \u00e9dition des Journ\u00e9es de l\u2019entreprise, qui s\u2019est tenue du 8 au 10 d\u00e9cembre 2022 \u00e0 Sousse,...\" \/>\n<link rel=\"canonical\" href=\"https:\/\/www.webdo.tn\/fr\/actualite\/national\/tunisie-telecom-partenaire-technologique-des-journees-de-l-entreprise\/200618\/\" \/>\n<meta property=\"og:locale\" content=\"fr_FR\" \/>\n<meta property=\"og:type\" content=\"article\" \/>\n<meta property=\"og:title\" content=\"Tunisie Telecom, partenaire technologique des Journ\u00e9es de l\u2019Entreprise\" \/>\n<meta property=\"og:description\" content=\"Tunisie Telecom a particip\u00e9 comme Partenaire Technologique \u00e0 la 36\u00e8me \u00e9dition des Journ\u00e9es de l\u2019entreprise, qui s\u2019est tenue du 8 au 10 d\u00e9cembre 2022 \u00e0 Sousse,...\" \/>\n<meta property=\"og:url\" content=\"https:\/\/www.webdo.tn\/fr\/actualite\/national\/tunisie-telecom-partenaire-technologique-des-journees-de-l-entreprise\/200618\/\" \/>\n<meta property=\"og:site_name\" content=\"webdo\" \/>\n<meta property=\"article:publisher\" content=\"https:\/\/www.facebook.com\/webdotn\" \/>\n<meta property=\"article:published_time\" content=\"2022-12-13T20:00:00+00:00\" \/>\n<meta property=\"article:modified_time\" content=\"2025-05-20T22:33:08+00:00\" \/>\n<meta property=\"og:image\" content=\"https:\/\/www.webdo.tn\/fr\/wp-content\/uploads\/2022\/12\/5699d3acf1599a8c41f37a0ce2b74626.jpg\" \/>\n\t<meta property=\"og:image:width\" content=\"604\" \/>\n\t<meta property=\"og:image:height\" content=\"322\" \/>\n\t<meta property=\"og:image:type\" content=\"image\/jpeg\" \/>\n<meta name=\"author\" content=\"Webdo\" \/>\n<meta name=\"twitter:card\" content=\"summary_large_image\" \/>\n<meta name=\"twitter:creator\" content=\"@webdo_tn\" \/>\n<meta name=\"twitter:site\" content=\"@webdo_tn\" \/>\n<meta name=\"twitter:label1\" content=\"\u00c9crit par\" \/>\n\t<meta name=\"twitter:data1\" content=\"Webdo\" \/>\n\t<meta name=\"twitter:label2\" content=\"Dur\u00e9e de lecture estim\u00e9e\" \/>\n\t<meta name=\"twitter:data2\" content=\"2 minutes\" \/>\n<script type=\"application\/ld+json\" class=\"yoast-schema-graph\">{\"@context\":\"https:\\\/\\\/schema.org\",\"@graph\":[{\"@type\":\"NewsArticle\",\"@id\":\"https:\\\/\\\/www.webdo.tn\\\/fr\\\/actualite\\\/national\\\/tunisie-telecom-partenaire-technologique-des-journees-de-l-entreprise\\\/200618\\\/#article\",\"isPartOf\":{\"@id\":\"https:\\\/\\\/www.webdo.tn\\\/fr\\\/actualite\\\/national\\\/tunisie-telecom-partenaire-technologique-des-journees-de-l-entreprise\\\/200618\\\/\"},\"author\":{\"name\":\"Webdo\",\"@id\":\"https:\\\/\\\/www.webdo.tn\\\/fr\\\/#\\\/schema\\\/person\\\/1f4e491e0907b413d61089e8eb573acc\"},\"headline\":\"Tunisie Telecom, partenaire technologique des Journ\u00e9es de l\u2019Entreprise\",\"datePublished\":\"2022-12-13T20:00:00+00:00\",\"dateModified\":\"2025-05-20T22:33:08+00:00\",\"mainEntityOfPage\":{\"@id\":\"https:\\\/\\\/www.webdo.tn\\\/fr\\\/actualite\\\/national\\\/tunisie-telecom-partenaire-technologique-des-journees-de-l-entreprise\\\/200618\\\/\"},\"wordCount\":440,\"commentCount\":0,\"publisher\":{\"@id\":\"https:\\\/\\\/www.webdo.tn\\\/fr\\\/#organization\"},\"image\":{\"@id\":\"https:\\\/\\\/www.webdo.tn\\\/fr\\\/actualite\\\/national\\\/tunisie-telecom-partenaire-technologique-des-journees-de-l-entreprise\\\/200618\\\/#primaryimage\"},\"thumbnailUrl\":\"https:\\\/\\\/www.webdo.tn\\\/fr\\\/wp-content\\\/uploads\\\/2022\\\/12\\\/5699d3acf1599a8c41f37a0ce2b74626.jpg\",\"keywords\":[\"journ\u00e9es de l'entreprise\",\"Tunisie Telecom\"],\"articleSection\":[\"National\"],\"inLanguage\":\"fr-FR\"},{\"@type\":\"WebPage\",\"@id\":\"https:\\\/\\\/www.webdo.tn\\\/fr\\\/actualite\\\/national\\\/tunisie-telecom-partenaire-technologique-des-journees-de-l-entreprise\\\/200618\\\/\",\"url\":\"https:\\\/\\\/www.webdo.tn\\\/fr\\\/actualite\\\/national\\\/tunisie-telecom-partenaire-technologique-des-journees-de-l-entreprise\\\/200618\\\/\",\"name\":\"Tunisie Telecom, partenaire technologique des Journ\u00e9es de l\u2019Entreprise\",\"isPartOf\":{\"@id\":\"https:\\\/\\\/www.webdo.tn\\\/fr\\\/#website\"},\"primaryImageOfPage\":{\"@id\":\"https:\\\/\\\/www.webdo.tn\\\/fr\\\/actualite\\\/national\\\/tunisie-telecom-partenaire-technologique-des-journees-de-l-entreprise\\\/200618\\\/#primaryimage\"},\"image\":{\"@id\":\"https:\\\/\\\/www.webdo.tn\\\/fr\\\/actualite\\\/national\\\/tunisie-telecom-partenaire-technologique-des-journees-de-l-entreprise\\\/200618\\\/#primaryimage\"},\"thumbnailUrl\":\"https:\\\/\\\/www.webdo.tn\\\/fr\\\/wp-content\\\/uploads\\\/2022\\\/12\\\/5699d3acf1599a8c41f37a0ce2b74626.jpg\",\"datePublished\":\"2022-12-13T20:00:00+00:00\",\"dateModified\":\"2025-05-20T22:33:08+00:00\",\"description\":\"Tunisie Telecom a particip\u00e9 comme Partenaire Technologique \u00e0 la 36\u00e8me \u00e9dition des Journ\u00e9es de l\u2019entreprise, qui s\u2019est tenue du 8 au 10 d\u00e9cembre 2022 \u00e0 Sousse,...\",\"breadcrumb\":{\"@id\":\"https:\\\/\\\/www.webdo.tn\\\/fr\\\/actualite\\\/national\\\/tunisie-telecom-partenaire-technologique-des-journees-de-l-entreprise\\\/200618\\\/#breadcrumb\"},\"inLanguage\":\"fr-FR\",\"potentialAction\":[{\"@type\":\"ReadAction\",\"target\":[\"https:\\\/\\\/www.webdo.tn\\\/fr\\\/actualite\\\/national\\\/tunisie-telecom-partenaire-technologique-des-journees-de-l-entreprise\\\/200618\\\/\"]}]},{\"@type\":\"ImageObject\",\"inLanguage\":\"fr-FR\",\"@id\":\"https:\\\/\\\/www.webdo.tn\\\/fr\\\/actualite\\\/national\\\/tunisie-telecom-partenaire-technologique-des-journees-de-l-entreprise\\\/200618\\\/#primaryimage\",\"url\":\"https:\\\/\\\/www.webdo.tn\\\/fr\\\/wp-content\\\/uploads\\\/2022\\\/12\\\/5699d3acf1599a8c41f37a0ce2b74626.jpg\",\"contentUrl\":\"https:\\\/\\\/www.webdo.tn\\\/fr\\\/wp-content\\\/uploads\\\/2022\\\/12\\\/5699d3acf1599a8c41f37a0ce2b74626.jpg\",\"width\":604,\"height\":322,\"caption\":\"Tunisie Telecom, partenaire technologique des Journ\u00e9es de l\u2019Entreprise\"},{\"@type\":\"BreadcrumbList\",\"@id\":\"https:\\\/\\\/www.webdo.tn\\\/fr\\\/actualite\\\/national\\\/tunisie-telecom-partenaire-technologique-des-journees-de-l-entreprise\\\/200618\\\/#breadcrumb\",\"itemListElement\":[{\"@type\":\"ListItem\",\"position\":1,\"name\":\"Accueil\",\"item\":\"https:\\\/\\\/www.webdo.tn\\\/fr\\\/\"},{\"@type\":\"ListItem\",\"position\":2,\"name\":\"Tunisie Telecom, partenaire technologique des Journ\u00e9es de l\u2019Entreprise\"}]},{\"@type\":\"WebSite\",\"@id\":\"https:\\\/\\\/www.webdo.tn\\\/fr\\\/#website\",\"url\":\"https:\\\/\\\/www.webdo.tn\\\/fr\\\/\",\"name\":\"webdo\",\"description\":\"Tunisie - News en Tunisie et \u00e0 l&#039;international sur Webdo.tn\",\"publisher\":{\"@id\":\"https:\\\/\\\/www.webdo.tn\\\/fr\\\/#organization\"},\"potentialAction\":[{\"@type\":\"SearchAction\",\"target\":{\"@type\":\"EntryPoint\",\"urlTemplate\":\"https:\\\/\\\/www.webdo.tn\\\/fr\\\/?s={search_term_string}\"},\"query-input\":{\"@type\":\"PropertyValueSpecification\",\"valueRequired\":true,\"valueName\":\"search_term_string\"}}],\"inLanguage\":\"fr-FR\"},{\"@type\":\"Organization\",\"@id\":\"https:\\\/\\\/www.webdo.tn\\\/fr\\\/#organization\",\"name\":\"Webdo\",\"alternateName\":\"Webdo.tn\",\"url\":\"https:\\\/\\\/www.webdo.tn\\\/fr\\\/\",\"logo\":{\"@type\":\"ImageObject\",\"inLanguage\":\"fr-FR\",\"@id\":\"https:\\\/\\\/www.webdo.tn\\\/fr\\\/#\\\/schema\\\/logo\\\/image\\\/\",\"url\":\"https:\\\/\\\/www.webdo.tn\\\/fr\\\/wp-content\\\/uploads\\\/2025\\\/06\\\/Webdo-Tunisie_168377.jpg\",\"contentUrl\":\"https:\\\/\\\/www.webdo.tn\\\/fr\\\/wp-content\\\/uploads\\\/2025\\\/06\\\/Webdo-Tunisie_168377.jpg\",\"width\":301,\"height\":301,\"caption\":\"Webdo\"},\"image\":{\"@id\":\"https:\\\/\\\/www.webdo.tn\\\/fr\\\/#\\\/schema\\\/logo\\\/image\\\/\"},\"sameAs\":[\"https:\\\/\\\/www.facebook.com\\\/webdotn\",\"https:\\\/\\\/x.com\\\/webdo_tn\"],\"description\":\"Webdo est un m\u00e9dia num\u00e9rique tunisien fond\u00e9 en 2010, sp\u00e9cialis\u00e9 dans l\u2019actualit\u00e9 nationale et internationale, l\u2019\u00e9conomie, la soci\u00e9t\u00e9 et les analyses politiques. Le site s\u2019adresse \u00e0 un large public francophone et couvre l\u2019information tunisienne en temps r\u00e9el.\",\"email\":\"redac@webdo.tn\",\"legalName\":\"YNJ SARL\",\"foundingDate\":\"2010-09-06\",\"numberOfEmployees\":{\"@type\":\"QuantitativeValue\",\"minValue\":\"11\",\"maxValue\":\"50\"}},{\"@type\":\"Person\",\"@id\":\"https:\\\/\\\/www.webdo.tn\\\/fr\\\/#\\\/schema\\\/person\\\/1f4e491e0907b413d61089e8eb573acc\",\"name\":\"Webdo\",\"image\":{\"@type\":\"ImageObject\",\"inLanguage\":\"fr-FR\",\"@id\":\"https:\\\/\\\/secure.gravatar.com\\\/avatar\\\/de97aeec1bb80978a9dbb127e47dfc88aaacb2f3c29aac907d8d3222e3495d49?s=96&d=mm&r=g\",\"url\":\"https:\\\/\\\/secure.gravatar.com\\\/avatar\\\/de97aeec1bb80978a9dbb127e47dfc88aaacb2f3c29aac907d8d3222e3495d49?s=96&d=mm&r=g\",\"contentUrl\":\"https:\\\/\\\/secure.gravatar.com\\\/avatar\\\/de97aeec1bb80978a9dbb127e47dfc88aaacb2f3c29aac907d8d3222e3495d49?s=96&d=mm&r=g\",\"caption\":\"Webdo\"},\"url\":\"https:\\\/\\\/www.webdo.tn\\\/fr\\\/actualite\\\/author\\\/webdo\\\/\"}]}<\/script>\n<!-- \/ Yoast SEO Premium plugin. -->","yoast_head_json":{"title":"Tunisie Telecom, partenaire technologique des Journ\u00e9es de l\u2019Entreprise","description":"Tunisie Telecom a particip\u00e9 comme Partenaire Technologique \u00e0 la 36\u00e8me \u00e9dition des Journ\u00e9es de l\u2019entreprise, qui s\u2019est tenue du 8 au 10 d\u00e9cembre 2022 \u00e0 Sousse,...","canonical":"https:\/\/www.webdo.tn\/fr\/actualite\/national\/tunisie-telecom-partenaire-technologique-des-journees-de-l-entreprise\/200618\/","og_locale":"fr_FR","og_type":"article","og_title":"Tunisie Telecom, partenaire technologique des Journ\u00e9es de l\u2019Entreprise","og_description":"Tunisie Telecom a particip\u00e9 comme Partenaire Technologique \u00e0 la 36\u00e8me \u00e9dition des Journ\u00e9es de l\u2019entreprise, qui s\u2019est tenue du 8 au 10 d\u00e9cembre 2022 \u00e0 Sousse,...","og_url":"https:\/\/www.webdo.tn\/fr\/actualite\/national\/tunisie-telecom-partenaire-technologique-des-journees-de-l-entreprise\/200618\/","og_site_name":"webdo","article_publisher":"https:\/\/www.facebook.com\/webdotn","article_published_time":"2022-12-13T20:00:00+00:00","article_modified_time":"2025-05-20T22:33:08+00:00","og_image":[{"width":604,"height":322,"url":"https:\/\/www.webdo.tn\/fr\/wp-content\/uploads\/2022\/12\/5699d3acf1599a8c41f37a0ce2b74626.jpg","type":"image\/jpeg"}],"author":"Webdo","twitter_card":"summary_large_image","twitter_creator":"@webdo_tn","twitter_site":"@webdo_tn","twitter_misc":{"\u00c9crit par":"Webdo","Dur\u00e9e de lecture estim\u00e9e":"2 minutes"},"schema":{"@context":"https:\/\/schema.org","@graph":[{"@type":"NewsArticle","@id":"https:\/\/www.webdo.tn\/fr\/actualite\/national\/tunisie-telecom-partenaire-technologique-des-journees-de-l-entreprise\/200618\/#article","isPartOf":{"@id":"https:\/\/www.webdo.tn\/fr\/actualite\/national\/tunisie-telecom-partenaire-technologique-des-journees-de-l-entreprise\/200618\/"},"author":{"name":"Webdo","@id":"https:\/\/www.webdo.tn\/fr\/#\/schema\/person\/1f4e491e0907b413d61089e8eb573acc"},"headline":"Tunisie Telecom, partenaire technologique des Journ\u00e9es de l\u2019Entreprise","datePublished":"2022-12-13T20:00:00+00:00","dateModified":"2025-05-20T22:33:08+00:00","mainEntityOfPage":{"@id":"https:\/\/www.webdo.tn\/fr\/actualite\/national\/tunisie-telecom-partenaire-technologique-des-journees-de-l-entreprise\/200618\/"},"wordCount":440,"commentCount":0,"publisher":{"@id":"https:\/\/www.webdo.tn\/fr\/#organization"},"image":{"@id":"https:\/\/www.webdo.tn\/fr\/actualite\/national\/tunisie-telecom-partenaire-technologique-des-journees-de-l-entreprise\/200618\/#primaryimage"},"thumbnailUrl":"https:\/\/www.webdo.tn\/fr\/wp-content\/uploads\/2022\/12\/5699d3acf1599a8c41f37a0ce2b74626.jpg","keywords":["journ\u00e9es de l'entreprise","Tunisie Telecom"],"articleSection":["National"],"inLanguage":"fr-FR"},{"@type":"WebPage","@id":"https:\/\/www.webdo.tn\/fr\/actualite\/national\/tunisie-telecom-partenaire-technologique-des-journees-de-l-entreprise\/200618\/","url":"https:\/\/www.webdo.tn\/fr\/actualite\/national\/tunisie-telecom-partenaire-technologique-des-journees-de-l-entreprise\/200618\/","name":"Tunisie Telecom, partenaire technologique des Journ\u00e9es de l\u2019Entreprise","isPartOf":{"@id":"https:\/\/www.webdo.tn\/fr\/#website"},"primaryImageOfPage":{"@id":"https:\/\/www.webdo.tn\/fr\/actualite\/national\/tunisie-telecom-partenaire-technologique-des-journees-de-l-entreprise\/200618\/#primaryimage"},"image":{"@id":"https:\/\/www.webdo.tn\/fr\/actualite\/national\/tunisie-telecom-partenaire-technologique-des-journees-de-l-entreprise\/200618\/#primaryimage"},"thumbnailUrl":"https:\/\/www.webdo.tn\/fr\/wp-content\/uploads\/2022\/12\/5699d3acf1599a8c41f37a0ce2b74626.jpg","datePublished":"2022-12-13T20:00:00+00:00","dateModified":"2025-05-20T22:33:08+00:00","description":"Tunisie Telecom a particip\u00e9 comme Partenaire Technologique \u00e0 la 36\u00e8me \u00e9dition des Journ\u00e9es de l\u2019entreprise, qui s\u2019est tenue du 8 au 10 d\u00e9cembre 2022 \u00e0 Sousse,...","breadcrumb":{"@id":"https:\/\/www.webdo.tn\/fr\/actualite\/national\/tunisie-telecom-partenaire-technologique-des-journees-de-l-entreprise\/200618\/#breadcrumb"},"inLanguage":"fr-FR","potentialAction":[{"@type":"ReadAction","target":["https:\/\/www.webdo.tn\/fr\/actualite\/national\/tunisie-telecom-partenaire-technologique-des-journees-de-l-entreprise\/200618\/"]}]},{"@type":"ImageObject","inLanguage":"fr-FR","@id":"https:\/\/www.webdo.tn\/fr\/actualite\/national\/tunisie-telecom-partenaire-technologique-des-journees-de-l-entreprise\/200618\/#primaryimage","url":"https:\/\/www.webdo.tn\/fr\/wp-content\/uploads\/2022\/12\/5699d3acf1599a8c41f37a0ce2b74626.jpg","contentUrl":"https:\/\/www.webdo.tn\/fr\/wp-content\/uploads\/2022\/12\/5699d3acf1599a8c41f37a0ce2b74626.jpg","width":604,"height":322,"caption":"Tunisie Telecom, partenaire technologique des Journ\u00e9es de l\u2019Entreprise"},{"@type":"BreadcrumbList","@id":"https:\/\/www.webdo.tn\/fr\/actualite\/national\/tunisie-telecom-partenaire-technologique-des-journees-de-l-entreprise\/200618\/#breadcrumb","itemListElement":[{"@type":"ListItem","position":1,"name":"Accueil","item":"https:\/\/www.webdo.tn\/fr\/"},{"@type":"ListItem","position":2,"name":"Tunisie Telecom, partenaire technologique des Journ\u00e9es de l\u2019Entreprise"}]},{"@type":"WebSite","@id":"https:\/\/www.webdo.tn\/fr\/#website","url":"https:\/\/www.webdo.tn\/fr\/","name":"webdo","description":"Tunisie - News en Tunisie et \u00e0 l&#039;international sur Webdo.tn","publisher":{"@id":"https:\/\/www.webdo.tn\/fr\/#organization"},"potentialAction":[{"@type":"SearchAction","target":{"@type":"EntryPoint","urlTemplate":"https:\/\/www.webdo.tn\/fr\/?s={search_term_string}"},"query-input":{"@type":"PropertyValueSpecification","valueRequired":true,"valueName":"search_term_string"}}],"inLanguage":"fr-FR"},{"@type":"Organization","@id":"https:\/\/www.webdo.tn\/fr\/#organization","name":"Webdo","alternateName":"Webdo.tn","url":"https:\/\/www.webdo.tn\/fr\/","logo":{"@type":"ImageObject","inLanguage":"fr-FR","@id":"https:\/\/www.webdo.tn\/fr\/#\/schema\/logo\/image\/","url":"https:\/\/www.webdo.tn\/fr\/wp-content\/uploads\/2025\/06\/Webdo-Tunisie_168377.jpg","contentUrl":"https:\/\/www.webdo.tn\/fr\/wp-content\/uploads\/2025\/06\/Webdo-Tunisie_168377.jpg","width":301,"height":301,"caption":"Webdo"},"image":{"@id":"https:\/\/www.webdo.tn\/fr\/#\/schema\/logo\/image\/"},"sameAs":["https:\/\/www.facebook.com\/webdotn","https:\/\/x.com\/webdo_tn"],"description":"Webdo est un m\u00e9dia num\u00e9rique tunisien fond\u00e9 en 2010, sp\u00e9cialis\u00e9 dans l\u2019actualit\u00e9 nationale et internationale, l\u2019\u00e9conomie, la soci\u00e9t\u00e9 et les analyses politiques. Le site s\u2019adresse \u00e0 un large public francophone et couvre l\u2019information tunisienne en temps r\u00e9el.","email":"redac@webdo.tn","legalName":"YNJ SARL","foundingDate":"2010-09-06","numberOfEmployees":{"@type":"QuantitativeValue","minValue":"11","maxValue":"50"}},{"@type":"Person","@id":"https:\/\/www.webdo.tn\/fr\/#\/schema\/person\/1f4e491e0907b413d61089e8eb573acc","name":"Webdo","image":{"@type":"ImageObject","inLanguage":"fr-FR","@id":"https:\/\/secure.gravatar.com\/avatar\/de97aeec1bb80978a9dbb127e47dfc88aaacb2f3c29aac907d8d3222e3495d49?s=96&d=mm&r=g","url":"https:\/\/secure.gravatar.com\/avatar\/de97aeec1bb80978a9dbb127e47dfc88aaacb2f3c29aac907d8d3222e3495d49?s=96&d=mm&r=g","contentUrl":"https:\/\/secure.gravatar.com\/avatar\/de97aeec1bb80978a9dbb127e47dfc88aaacb2f3c29aac907d8d3222e3495d49?s=96&d=mm&r=g","caption":"Webdo"},"url":"https:\/\/www.webdo.tn\/fr\/actualite\/author\/webdo\/"}]}},"_links":{"self":[{"href":"https:\/\/www.webdo.tn\/fr\/wp-json\/wp\/v2\/posts\/200618","targetHints":{"allow":["GET"]}}],"collection":[{"href":"https:\/\/www.webdo.tn\/fr\/wp-json\/wp\/v2\/posts"}],"about":[{"href":"https:\/\/www.webdo.tn\/fr\/wp-json\/wp\/v2\/types\/post"}],"author":[{"embeddable":true,"href":"https:\/\/www.webdo.tn\/fr\/wp-json\/wp\/v2\/users\/3169"}],"replies":[{"embeddable":true,"href":"https:\/\/www.webdo.tn\/fr\/wp-json\/wp\/v2\/comments?post=200618"}],"version-history":[{"count":0,"href":"https:\/\/www.webdo.tn\/fr\/wp-json\/wp\/v2\/posts\/200618\/revisions"}],"wp:featuredmedia":[{"embeddable":true,"href":"https:\/\/www.webdo.tn\/fr\/wp-json\/wp\/v2\/media\/277396"}],"wp:attachment":[{"href":"https:\/\/www.webdo.tn\/fr\/wp-json\/wp\/v2\/media?parent=200618"}],"wp:term":[{"taxonomy":"category","embeddable":true,"href":"https:\/\/www.webdo.tn\/fr\/wp-json\/wp\/v2\/categories?post=200618"},{"taxonomy":"post_tag","embeddable":true,"href":"https:\/\/www.webdo.tn\/fr\/wp-json\/wp\/v2\/tags?post=200618"}],"curies":[{"name":"wp","href":"https:\/\/api.w.org\/{rel}","templated":true}]}}