{"id":200597,"date":"2022-12-13T13:54:00","date_gmt":"2022-12-13T13:54:00","guid":{"rendered":"https:\/\/www.webdo.tn\/fr\/actualite\/blog\/messi-modric-16-ans-apres-ils-s-affrontent-toujours-sur-la-plus-grande-scene\/200597\/"},"modified":"2025-05-22T11:41:21","modified_gmt":"2025-05-22T11:41:21","slug":"messi-modric-16-ans-apres-ils-s-affrontent-toujours-sur-la-plus-grande-scene","status":"publish","type":"post","link":"https:\/\/www.webdo.tn\/fr\/actualite\/sport\/messi-modric-16-ans-apres-ils-s-affrontent-toujours-sur-la-plus-grande-scene\/200597\/","title":{"rendered":"Messi &#8211; Modric : 16 ans apr\u00e8s, ils s&rsquo;affrontent toujours sur la plus grande sc\u00e8ne\u00a0"},"content":{"rendered":"<p>L\u2019\u00e9quipe nationale argentine aura toujours une signification particuli\u00e8re pour Luka Modric. Le capitaine de la Croatie a fait ses d\u00e9buts internationaux il y a plus de seize ans et demi lors d\u2019un match contre l\u2019Albiceleste.<\/p>\n<p> C\u2019\u00e9tait le 1er mars 2006, au parc St. Jakob, que le joueur exquis de Zadar a commenc\u00e9 sa carri\u00e8re avec l\u2019\u00e9quipe nationale senior croate. Il avait 20 ans \u00e0 l\u2019\u00e9poque et c\u2019\u00e9tait un jeune qui commen\u00e7ait \u00e0 s\u2019imposer au Dinamo Zagreb.<\/p>\n<p>Zlatko Kranjcar lui offre ses d\u00e9buts \u00e0 la veille de la Coupe du monde 2006 en Allemagne, et le jeune milieu commence \u00e0 montrer sa classe, voire son culot, face \u00e0 Juan Rom\u00e1n Riquelme, Esteban Cambiasso, Hern\u00e1n Crespo, Carlos T\u00e9vez et Leo Messi lui-m\u00eame. La Croatie a \u00e9t\u00e9 plus efficace et s\u2019est impos\u00e9e 3-2 gr\u00e2ce \u00e0 un but de Dario Simic en prolongation. Tevez et Messi se sont rapidement illustr\u00e9s apr\u00e8s le but pr\u00e9coce d\u2019Ivan Klasnic, mais cela n\u2019a pas suffi pour l\u2019Argentine, qui s\u2019est inclin\u00e9e.<\/p>\n<p>Et si Luka Modri\u0107 a fait ses d\u00e9buts internationaux lors de cette rencontre, un certain Lionel Messi a marqu\u00e9 son premier but international par la m\u00eame occasion.<\/p>\n<p>16 ans plus tard, ils s&rsquo;affrontent toujours sur la plus grande sc\u00e8ne<\/p>\n","protected":false},"excerpt":{"rendered":"<p>L\u2019\u00e9quipe nationale argentine aura toujours une signification particuli\u00e8re pour Luka Modric. Le capitaine de la Croatie a fait ses d\u00e9buts internationaux il y a p&#8230;<\/p>\n","protected":false},"author":3196,"featured_media":348448,"comment_status":"open","ping_status":"closed","sticky":false,"template":"","format":"standard","meta":{"footnotes":""},"categories":[2593],"tags":[9192,8451],"class_list":["post-200597","post","type-post","status-publish","format-standard","has-post-thumbnail","hentry","category-sport","tag-luka-modric","tag-messi"],"yoast_head":"<!-- This site is optimized with the Yoast SEO Premium plugin v27.4 (Yoast SEO v27.5) - https:\/\/yoast.com\/product\/yoast-seo-premium-wordpress\/ -->\n<title>Messi - Modric : 16 ans apr\u00e8s, ils s&#039;affrontent toujours sur la plus grande sc\u00e8ne\u00a0<\/title>\n<meta name=\"description\" content=\"L\u2019\u00e9quipe nationale argentine aura toujours une signification particuli\u00e8re pour Luka Modric. Le capitaine de la Croatie a fait ses d\u00e9buts internationaux il y a p...\" \/>\n<link rel=\"canonical\" href=\"https:\/\/www.webdo.tn\/fr\/actualite\/sport\/messi-modric-16-ans-apres-ils-s-affrontent-toujours-sur-la-plus-grande-scene\/200597\/\" \/>\n<meta property=\"og:locale\" content=\"fr_FR\" \/>\n<meta property=\"og:type\" content=\"article\" \/>\n<meta property=\"og:title\" content=\"Messi - Modric : 16 ans apr\u00e8s, ils s&#039;affrontent toujours sur la plus grande sc\u00e8ne\u00a0\" \/>\n<meta property=\"og:description\" content=\"L\u2019\u00e9quipe nationale argentine aura toujours une signification particuli\u00e8re pour Luka Modric. Le capitaine de la Croatie a fait ses d\u00e9buts internationaux il y a p...\" \/>\n<meta property=\"og:url\" content=\"https:\/\/www.webdo.tn\/fr\/actualite\/sport\/messi-modric-16-ans-apres-ils-s-affrontent-toujours-sur-la-plus-grande-scene\/200597\/\" \/>\n<meta property=\"og:site_name\" content=\"webdo\" \/>\n<meta property=\"article:publisher\" content=\"https:\/\/www.facebook.com\/webdotn\" \/>\n<meta property=\"article:published_time\" content=\"2022-12-13T13:54:00+00:00\" \/>\n<meta property=\"article:modified_time\" content=\"2025-05-22T11:41:21+00:00\" \/>\n<meta property=\"og:image\" content=\"https:\/\/www.webdo.tn\/fr\/wp-content\/uploads\/2022\/12\/8143c0e5c57e4eb94066b2c2774c6c6b.jpg\" \/>\n\t<meta property=\"og:image:width\" content=\"750\" \/>\n\t<meta property=\"og:image:height\" content=\"400\" \/>\n\t<meta property=\"og:image:type\" content=\"image\/jpeg\" \/>\n<meta name=\"author\" content=\"MK\" \/>\n<meta name=\"twitter:card\" content=\"summary_large_image\" \/>\n<meta name=\"twitter:creator\" content=\"@webdo_tn\" \/>\n<meta name=\"twitter:site\" content=\"@webdo_tn\" \/>\n<meta name=\"twitter:label1\" content=\"\u00c9crit par\" \/>\n\t<meta name=\"twitter:data1\" content=\"MK\" \/>\n\t<meta name=\"twitter:label2\" content=\"Dur\u00e9e de lecture estim\u00e9e\" \/>\n\t<meta name=\"twitter:data2\" content=\"1 minute\" \/>\n<script type=\"application\/ld+json\" class=\"yoast-schema-graph\">{\"@context\":\"https:\\\/\\\/schema.org\",\"@graph\":[{\"@type\":\"NewsArticle\",\"@id\":\"https:\\\/\\\/www.webdo.tn\\\/fr\\\/actualite\\\/sport\\\/messi-modric-16-ans-apres-ils-s-affrontent-toujours-sur-la-plus-grande-scene\\\/200597\\\/#article\",\"isPartOf\":{\"@id\":\"https:\\\/\\\/www.webdo.tn\\\/fr\\\/actualite\\\/sport\\\/messi-modric-16-ans-apres-ils-s-affrontent-toujours-sur-la-plus-grande-scene\\\/200597\\\/\"},\"author\":{\"name\":\"MK\",\"@id\":\"https:\\\/\\\/www.webdo.tn\\\/fr\\\/#\\\/schema\\\/person\\\/c3a9d32fa6d495ca5f4b6510e3db97bf\"},\"headline\":\"Messi &#8211; Modric : 16 ans apr\u00e8s, ils s&rsquo;affrontent toujours sur la plus grande sc\u00e8ne\u00a0\",\"datePublished\":\"2022-12-13T13:54:00+00:00\",\"dateModified\":\"2025-05-22T11:41:21+00:00\",\"mainEntityOfPage\":{\"@id\":\"https:\\\/\\\/www.webdo.tn\\\/fr\\\/actualite\\\/sport\\\/messi-modric-16-ans-apres-ils-s-affrontent-toujours-sur-la-plus-grande-scene\\\/200597\\\/\"},\"wordCount\":239,\"commentCount\":0,\"publisher\":{\"@id\":\"https:\\\/\\\/www.webdo.tn\\\/fr\\\/#organization\"},\"image\":{\"@id\":\"https:\\\/\\\/www.webdo.tn\\\/fr\\\/actualite\\\/sport\\\/messi-modric-16-ans-apres-ils-s-affrontent-toujours-sur-la-plus-grande-scene\\\/200597\\\/#primaryimage\"},\"thumbnailUrl\":\"https:\\\/\\\/www.webdo.tn\\\/fr\\\/wp-content\\\/uploads\\\/2022\\\/12\\\/8143c0e5c57e4eb94066b2c2774c6c6b.jpg\",\"keywords\":[\"Luka Modric\",\"Messi\"],\"articleSection\":[\"Sport\"],\"inLanguage\":\"fr-FR\"},{\"@type\":\"WebPage\",\"@id\":\"https:\\\/\\\/www.webdo.tn\\\/fr\\\/actualite\\\/sport\\\/messi-modric-16-ans-apres-ils-s-affrontent-toujours-sur-la-plus-grande-scene\\\/200597\\\/\",\"url\":\"https:\\\/\\\/www.webdo.tn\\\/fr\\\/actualite\\\/sport\\\/messi-modric-16-ans-apres-ils-s-affrontent-toujours-sur-la-plus-grande-scene\\\/200597\\\/\",\"name\":\"Messi - Modric : 16 ans apr\u00e8s, ils s'affrontent toujours sur la plus grande sc\u00e8ne\u00a0\",\"isPartOf\":{\"@id\":\"https:\\\/\\\/www.webdo.tn\\\/fr\\\/#website\"},\"primaryImageOfPage\":{\"@id\":\"https:\\\/\\\/www.webdo.tn\\\/fr\\\/actualite\\\/sport\\\/messi-modric-16-ans-apres-ils-s-affrontent-toujours-sur-la-plus-grande-scene\\\/200597\\\/#primaryimage\"},\"image\":{\"@id\":\"https:\\\/\\\/www.webdo.tn\\\/fr\\\/actualite\\\/sport\\\/messi-modric-16-ans-apres-ils-s-affrontent-toujours-sur-la-plus-grande-scene\\\/200597\\\/#primaryimage\"},\"thumbnailUrl\":\"https:\\\/\\\/www.webdo.tn\\\/fr\\\/wp-content\\\/uploads\\\/2022\\\/12\\\/8143c0e5c57e4eb94066b2c2774c6c6b.jpg\",\"datePublished\":\"2022-12-13T13:54:00+00:00\",\"dateModified\":\"2025-05-22T11:41:21+00:00\",\"description\":\"L\u2019\u00e9quipe nationale argentine aura toujours une signification particuli\u00e8re pour Luka Modric. Le capitaine de la Croatie a fait ses d\u00e9buts internationaux il y a p...\",\"breadcrumb\":{\"@id\":\"https:\\\/\\\/www.webdo.tn\\\/fr\\\/actualite\\\/sport\\\/messi-modric-16-ans-apres-ils-s-affrontent-toujours-sur-la-plus-grande-scene\\\/200597\\\/#breadcrumb\"},\"inLanguage\":\"fr-FR\",\"potentialAction\":[{\"@type\":\"ReadAction\",\"target\":[\"https:\\\/\\\/www.webdo.tn\\\/fr\\\/actualite\\\/sport\\\/messi-modric-16-ans-apres-ils-s-affrontent-toujours-sur-la-plus-grande-scene\\\/200597\\\/\"]}]},{\"@type\":\"ImageObject\",\"inLanguage\":\"fr-FR\",\"@id\":\"https:\\\/\\\/www.webdo.tn\\\/fr\\\/actualite\\\/sport\\\/messi-modric-16-ans-apres-ils-s-affrontent-toujours-sur-la-plus-grande-scene\\\/200597\\\/#primaryimage\",\"url\":\"https:\\\/\\\/www.webdo.tn\\\/fr\\\/wp-content\\\/uploads\\\/2022\\\/12\\\/8143c0e5c57e4eb94066b2c2774c6c6b.jpg\",\"contentUrl\":\"https:\\\/\\\/www.webdo.tn\\\/fr\\\/wp-content\\\/uploads\\\/2022\\\/12\\\/8143c0e5c57e4eb94066b2c2774c6c6b.jpg\",\"width\":750,\"height\":400,\"caption\":\"Messi Modric\"},{\"@type\":\"BreadcrumbList\",\"@id\":\"https:\\\/\\\/www.webdo.tn\\\/fr\\\/actualite\\\/sport\\\/messi-modric-16-ans-apres-ils-s-affrontent-toujours-sur-la-plus-grande-scene\\\/200597\\\/#breadcrumb\",\"itemListElement\":[{\"@type\":\"ListItem\",\"position\":1,\"name\":\"Accueil\",\"item\":\"https:\\\/\\\/www.webdo.tn\\\/fr\\\/\"},{\"@type\":\"ListItem\",\"position\":2,\"name\":\"Messi &#8211; Modric : 16 ans apr\u00e8s, ils s&rsquo;affrontent toujours sur la plus grande sc\u00e8ne\u00a0\"}]},{\"@type\":\"WebSite\",\"@id\":\"https:\\\/\\\/www.webdo.tn\\\/fr\\\/#website\",\"url\":\"https:\\\/\\\/www.webdo.tn\\\/fr\\\/\",\"name\":\"webdo\",\"description\":\"Tunisie - News en Tunisie et \u00e0 l&#039;international sur Webdo.tn\",\"publisher\":{\"@id\":\"https:\\\/\\\/www.webdo.tn\\\/fr\\\/#organization\"},\"potentialAction\":[{\"@type\":\"SearchAction\",\"target\":{\"@type\":\"EntryPoint\",\"urlTemplate\":\"https:\\\/\\\/www.webdo.tn\\\/fr\\\/?s={search_term_string}\"},\"query-input\":{\"@type\":\"PropertyValueSpecification\",\"valueRequired\":true,\"valueName\":\"search_term_string\"}}],\"inLanguage\":\"fr-FR\"},{\"@type\":\"Organization\",\"@id\":\"https:\\\/\\\/www.webdo.tn\\\/fr\\\/#organization\",\"name\":\"Webdo\",\"alternateName\":\"Webdo.tn\",\"url\":\"https:\\\/\\\/www.webdo.tn\\\/fr\\\/\",\"logo\":{\"@type\":\"ImageObject\",\"inLanguage\":\"fr-FR\",\"@id\":\"https:\\\/\\\/www.webdo.tn\\\/fr\\\/#\\\/schema\\\/logo\\\/image\\\/\",\"url\":\"https:\\\/\\\/www.webdo.tn\\\/fr\\\/wp-content\\\/uploads\\\/2025\\\/06\\\/Webdo-Tunisie_168377.jpg\",\"contentUrl\":\"https:\\\/\\\/www.webdo.tn\\\/fr\\\/wp-content\\\/uploads\\\/2025\\\/06\\\/Webdo-Tunisie_168377.jpg\",\"width\":301,\"height\":301,\"caption\":\"Webdo\"},\"image\":{\"@id\":\"https:\\\/\\\/www.webdo.tn\\\/fr\\\/#\\\/schema\\\/logo\\\/image\\\/\"},\"sameAs\":[\"https:\\\/\\\/www.facebook.com\\\/webdotn\",\"https:\\\/\\\/x.com\\\/webdo_tn\"],\"description\":\"Webdo est un m\u00e9dia num\u00e9rique tunisien fond\u00e9 en 2010, sp\u00e9cialis\u00e9 dans l\u2019actualit\u00e9 nationale et internationale, l\u2019\u00e9conomie, la soci\u00e9t\u00e9 et les analyses politiques. Le site s\u2019adresse \u00e0 un large public francophone et couvre l\u2019information tunisienne en temps r\u00e9el.\",\"email\":\"redac@webdo.tn\",\"legalName\":\"YNJ SARL\",\"foundingDate\":\"2010-09-06\",\"numberOfEmployees\":{\"@type\":\"QuantitativeValue\",\"minValue\":\"11\",\"maxValue\":\"50\"}},{\"@type\":\"Person\",\"@id\":\"https:\\\/\\\/www.webdo.tn\\\/fr\\\/#\\\/schema\\\/person\\\/c3a9d32fa6d495ca5f4b6510e3db97bf\",\"name\":\"MK\",\"image\":{\"@type\":\"ImageObject\",\"inLanguage\":\"fr-FR\",\"@id\":\"https:\\\/\\\/secure.gravatar.com\\\/avatar\\\/6d44f937f19929f3b75db77056d3e08abd6e302e71bcfea340cd8b00c13e7baf?s=96&d=mm&r=g\",\"url\":\"https:\\\/\\\/secure.gravatar.com\\\/avatar\\\/6d44f937f19929f3b75db77056d3e08abd6e302e71bcfea340cd8b00c13e7baf?s=96&d=mm&r=g\",\"contentUrl\":\"https:\\\/\\\/secure.gravatar.com\\\/avatar\\\/6d44f937f19929f3b75db77056d3e08abd6e302e71bcfea340cd8b00c13e7baf?s=96&d=mm&r=g\",\"caption\":\"MK\"},\"url\":\"https:\\\/\\\/www.webdo.tn\\\/fr\\\/actualite\\\/author\\\/mk\\\/\"}]}<\/script>\n<!-- \/ Yoast SEO Premium plugin. -->","yoast_head_json":{"title":"Messi - Modric : 16 ans apr\u00e8s, ils s'affrontent toujours sur la plus grande sc\u00e8ne\u00a0","description":"L\u2019\u00e9quipe nationale argentine aura toujours une signification particuli\u00e8re pour Luka Modric. Le capitaine de la Croatie a fait ses d\u00e9buts internationaux il y a p...","canonical":"https:\/\/www.webdo.tn\/fr\/actualite\/sport\/messi-modric-16-ans-apres-ils-s-affrontent-toujours-sur-la-plus-grande-scene\/200597\/","og_locale":"fr_FR","og_type":"article","og_title":"Messi - Modric : 16 ans apr\u00e8s, ils s'affrontent toujours sur la plus grande sc\u00e8ne\u00a0","og_description":"L\u2019\u00e9quipe nationale argentine aura toujours une signification particuli\u00e8re pour Luka Modric. Le capitaine de la Croatie a fait ses d\u00e9buts internationaux il y a p...","og_url":"https:\/\/www.webdo.tn\/fr\/actualite\/sport\/messi-modric-16-ans-apres-ils-s-affrontent-toujours-sur-la-plus-grande-scene\/200597\/","og_site_name":"webdo","article_publisher":"https:\/\/www.facebook.com\/webdotn","article_published_time":"2022-12-13T13:54:00+00:00","article_modified_time":"2025-05-22T11:41:21+00:00","og_image":[{"width":750,"height":400,"url":"https:\/\/www.webdo.tn\/fr\/wp-content\/uploads\/2022\/12\/8143c0e5c57e4eb94066b2c2774c6c6b.jpg","type":"image\/jpeg"}],"author":"MK","twitter_card":"summary_large_image","twitter_creator":"@webdo_tn","twitter_site":"@webdo_tn","twitter_misc":{"\u00c9crit par":"MK","Dur\u00e9e de lecture estim\u00e9e":"1 minute"},"schema":{"@context":"https:\/\/schema.org","@graph":[{"@type":"NewsArticle","@id":"https:\/\/www.webdo.tn\/fr\/actualite\/sport\/messi-modric-16-ans-apres-ils-s-affrontent-toujours-sur-la-plus-grande-scene\/200597\/#article","isPartOf":{"@id":"https:\/\/www.webdo.tn\/fr\/actualite\/sport\/messi-modric-16-ans-apres-ils-s-affrontent-toujours-sur-la-plus-grande-scene\/200597\/"},"author":{"name":"MK","@id":"https:\/\/www.webdo.tn\/fr\/#\/schema\/person\/c3a9d32fa6d495ca5f4b6510e3db97bf"},"headline":"Messi &#8211; Modric : 16 ans apr\u00e8s, ils s&rsquo;affrontent toujours sur la plus grande sc\u00e8ne\u00a0","datePublished":"2022-12-13T13:54:00+00:00","dateModified":"2025-05-22T11:41:21+00:00","mainEntityOfPage":{"@id":"https:\/\/www.webdo.tn\/fr\/actualite\/sport\/messi-modric-16-ans-apres-ils-s-affrontent-toujours-sur-la-plus-grande-scene\/200597\/"},"wordCount":239,"commentCount":0,"publisher":{"@id":"https:\/\/www.webdo.tn\/fr\/#organization"},"image":{"@id":"https:\/\/www.webdo.tn\/fr\/actualite\/sport\/messi-modric-16-ans-apres-ils-s-affrontent-toujours-sur-la-plus-grande-scene\/200597\/#primaryimage"},"thumbnailUrl":"https:\/\/www.webdo.tn\/fr\/wp-content\/uploads\/2022\/12\/8143c0e5c57e4eb94066b2c2774c6c6b.jpg","keywords":["Luka Modric","Messi"],"articleSection":["Sport"],"inLanguage":"fr-FR"},{"@type":"WebPage","@id":"https:\/\/www.webdo.tn\/fr\/actualite\/sport\/messi-modric-16-ans-apres-ils-s-affrontent-toujours-sur-la-plus-grande-scene\/200597\/","url":"https:\/\/www.webdo.tn\/fr\/actualite\/sport\/messi-modric-16-ans-apres-ils-s-affrontent-toujours-sur-la-plus-grande-scene\/200597\/","name":"Messi - Modric : 16 ans apr\u00e8s, ils s'affrontent toujours sur la plus grande sc\u00e8ne\u00a0","isPartOf":{"@id":"https:\/\/www.webdo.tn\/fr\/#website"},"primaryImageOfPage":{"@id":"https:\/\/www.webdo.tn\/fr\/actualite\/sport\/messi-modric-16-ans-apres-ils-s-affrontent-toujours-sur-la-plus-grande-scene\/200597\/#primaryimage"},"image":{"@id":"https:\/\/www.webdo.tn\/fr\/actualite\/sport\/messi-modric-16-ans-apres-ils-s-affrontent-toujours-sur-la-plus-grande-scene\/200597\/#primaryimage"},"thumbnailUrl":"https:\/\/www.webdo.tn\/fr\/wp-content\/uploads\/2022\/12\/8143c0e5c57e4eb94066b2c2774c6c6b.jpg","datePublished":"2022-12-13T13:54:00+00:00","dateModified":"2025-05-22T11:41:21+00:00","description":"L\u2019\u00e9quipe nationale argentine aura toujours une signification particuli\u00e8re pour Luka Modric. Le capitaine de la Croatie a fait ses d\u00e9buts internationaux il y a p...","breadcrumb":{"@id":"https:\/\/www.webdo.tn\/fr\/actualite\/sport\/messi-modric-16-ans-apres-ils-s-affrontent-toujours-sur-la-plus-grande-scene\/200597\/#breadcrumb"},"inLanguage":"fr-FR","potentialAction":[{"@type":"ReadAction","target":["https:\/\/www.webdo.tn\/fr\/actualite\/sport\/messi-modric-16-ans-apres-ils-s-affrontent-toujours-sur-la-plus-grande-scene\/200597\/"]}]},{"@type":"ImageObject","inLanguage":"fr-FR","@id":"https:\/\/www.webdo.tn\/fr\/actualite\/sport\/messi-modric-16-ans-apres-ils-s-affrontent-toujours-sur-la-plus-grande-scene\/200597\/#primaryimage","url":"https:\/\/www.webdo.tn\/fr\/wp-content\/uploads\/2022\/12\/8143c0e5c57e4eb94066b2c2774c6c6b.jpg","contentUrl":"https:\/\/www.webdo.tn\/fr\/wp-content\/uploads\/2022\/12\/8143c0e5c57e4eb94066b2c2774c6c6b.jpg","width":750,"height":400,"caption":"Messi Modric"},{"@type":"BreadcrumbList","@id":"https:\/\/www.webdo.tn\/fr\/actualite\/sport\/messi-modric-16-ans-apres-ils-s-affrontent-toujours-sur-la-plus-grande-scene\/200597\/#breadcrumb","itemListElement":[{"@type":"ListItem","position":1,"name":"Accueil","item":"https:\/\/www.webdo.tn\/fr\/"},{"@type":"ListItem","position":2,"name":"Messi &#8211; Modric : 16 ans apr\u00e8s, ils s&rsquo;affrontent toujours sur la plus grande sc\u00e8ne\u00a0"}]},{"@type":"WebSite","@id":"https:\/\/www.webdo.tn\/fr\/#website","url":"https:\/\/www.webdo.tn\/fr\/","name":"webdo","description":"Tunisie - News en Tunisie et \u00e0 l&#039;international sur Webdo.tn","publisher":{"@id":"https:\/\/www.webdo.tn\/fr\/#organization"},"potentialAction":[{"@type":"SearchAction","target":{"@type":"EntryPoint","urlTemplate":"https:\/\/www.webdo.tn\/fr\/?s={search_term_string}"},"query-input":{"@type":"PropertyValueSpecification","valueRequired":true,"valueName":"search_term_string"}}],"inLanguage":"fr-FR"},{"@type":"Organization","@id":"https:\/\/www.webdo.tn\/fr\/#organization","name":"Webdo","alternateName":"Webdo.tn","url":"https:\/\/www.webdo.tn\/fr\/","logo":{"@type":"ImageObject","inLanguage":"fr-FR","@id":"https:\/\/www.webdo.tn\/fr\/#\/schema\/logo\/image\/","url":"https:\/\/www.webdo.tn\/fr\/wp-content\/uploads\/2025\/06\/Webdo-Tunisie_168377.jpg","contentUrl":"https:\/\/www.webdo.tn\/fr\/wp-content\/uploads\/2025\/06\/Webdo-Tunisie_168377.jpg","width":301,"height":301,"caption":"Webdo"},"image":{"@id":"https:\/\/www.webdo.tn\/fr\/#\/schema\/logo\/image\/"},"sameAs":["https:\/\/www.facebook.com\/webdotn","https:\/\/x.com\/webdo_tn"],"description":"Webdo est un m\u00e9dia num\u00e9rique tunisien fond\u00e9 en 2010, sp\u00e9cialis\u00e9 dans l\u2019actualit\u00e9 nationale et internationale, l\u2019\u00e9conomie, la soci\u00e9t\u00e9 et les analyses politiques. Le site s\u2019adresse \u00e0 un large public francophone et couvre l\u2019information tunisienne en temps r\u00e9el.","email":"redac@webdo.tn","legalName":"YNJ SARL","foundingDate":"2010-09-06","numberOfEmployees":{"@type":"QuantitativeValue","minValue":"11","maxValue":"50"}},{"@type":"Person","@id":"https:\/\/www.webdo.tn\/fr\/#\/schema\/person\/c3a9d32fa6d495ca5f4b6510e3db97bf","name":"MK","image":{"@type":"ImageObject","inLanguage":"fr-FR","@id":"https:\/\/secure.gravatar.com\/avatar\/6d44f937f19929f3b75db77056d3e08abd6e302e71bcfea340cd8b00c13e7baf?s=96&d=mm&r=g","url":"https:\/\/secure.gravatar.com\/avatar\/6d44f937f19929f3b75db77056d3e08abd6e302e71bcfea340cd8b00c13e7baf?s=96&d=mm&r=g","contentUrl":"https:\/\/secure.gravatar.com\/avatar\/6d44f937f19929f3b75db77056d3e08abd6e302e71bcfea340cd8b00c13e7baf?s=96&d=mm&r=g","caption":"MK"},"url":"https:\/\/www.webdo.tn\/fr\/actualite\/author\/mk\/"}]}},"_links":{"self":[{"href":"https:\/\/www.webdo.tn\/fr\/wp-json\/wp\/v2\/posts\/200597","targetHints":{"allow":["GET"]}}],"collection":[{"href":"https:\/\/www.webdo.tn\/fr\/wp-json\/wp\/v2\/posts"}],"about":[{"href":"https:\/\/www.webdo.tn\/fr\/wp-json\/wp\/v2\/types\/post"}],"author":[{"embeddable":true,"href":"https:\/\/www.webdo.tn\/fr\/wp-json\/wp\/v2\/users\/3196"}],"replies":[{"embeddable":true,"href":"https:\/\/www.webdo.tn\/fr\/wp-json\/wp\/v2\/comments?post=200597"}],"version-history":[{"count":0,"href":"https:\/\/www.webdo.tn\/fr\/wp-json\/wp\/v2\/posts\/200597\/revisions"}],"wp:featuredmedia":[{"embeddable":true,"href":"https:\/\/www.webdo.tn\/fr\/wp-json\/wp\/v2\/media\/348448"}],"wp:attachment":[{"href":"https:\/\/www.webdo.tn\/fr\/wp-json\/wp\/v2\/media?parent=200597"}],"wp:term":[{"taxonomy":"category","embeddable":true,"href":"https:\/\/www.webdo.tn\/fr\/wp-json\/wp\/v2\/categories?post=200597"},{"taxonomy":"post_tag","embeddable":true,"href":"https:\/\/www.webdo.tn\/fr\/wp-json\/wp\/v2\/tags?post=200597"}],"curies":[{"name":"wp","href":"https:\/\/api.w.org\/{rel}","templated":true}]}}