{"id":200591,"date":"2022-12-13T12:41:00","date_gmt":"2022-12-13T12:41:00","guid":{"rendered":"https:\/\/www.webdo.tn\/fr\/actualite\/blog\/la-journaliste-basma-bahri-ravie-a-la-fleur-de-l-age\/200591\/"},"modified":"2025-05-22T11:41:13","modified_gmt":"2025-05-22T11:41:13","slug":"la-journaliste-basma-bahri-ravie-a-la-fleur-de-l-age","status":"publish","type":"post","link":"https:\/\/www.webdo.tn\/fr\/actualite\/national\/la-journaliste-basma-bahri-ravie-a-la-fleur-de-l-age\/200591\/","title":{"rendered":"La journaliste Basma Bahri ravie \u00e0 la fleur de l&rsquo;\u00e2ge"},"content":{"rendered":"<p>La journaliste Basma Bahri est d\u00e9c\u00e9d\u00e9e, aujourd&rsquo;hui, mardi 13 d\u00e9cembre 2022, des suites d\u2019un\u00a0accident vasculaire c\u00e9r\u00e9bral.<\/p>\n<p> Ag\u00e9e de 43 ans et m\u00e8re de trois enfants, Basma Bahri \u00e9tait hospitalis\u00e9e depuis deux semaines \u00e0 l&rsquo;Institut National de Neurologie Mongi Ben Hamida avant que son \u00e9tat de sant\u00e9 ne se d\u00e9grade, hier. Elle est d\u00e9c\u00e9d\u00e9e dans la matin\u00e9e d&rsquo;aujourd&rsquo;hui.<br \/>\n\u00a0<br \/>\nPaix \u00e0 son \u00e2me.<\/p>\n","protected":false},"excerpt":{"rendered":"<p>La journaliste Basma Bahri est d\u00e9c\u00e9d\u00e9e, aujourd&rsquo;hui, mardi 13 d\u00e9cembre 2022, des suites d\u2019un\u00a0accident vasculaire c\u00e9r\u00e9bral.<\/p>\n","protected":false},"author":3162,"featured_media":348442,"comment_status":"open","ping_status":"closed","sticky":false,"template":"","format":"standard","meta":{"footnotes":""},"categories":[44],"tags":[11475,2830,5134],"class_list":["post-200591","post","type-post","status-publish","format-standard","has-post-thumbnail","hentry","category-national","tag-basma-bahri","tag-deces","tag-journaliste"],"yoast_head":"<!-- This site is optimized with the Yoast SEO Premium plugin v27.4 (Yoast SEO v27.4) - https:\/\/yoast.com\/product\/yoast-seo-premium-wordpress\/ -->\n<title>La journaliste Basma Bahri ravie \u00e0 la fleur de l&#039;\u00e2ge<\/title>\n<meta name=\"description\" content=\"La journaliste Basma Bahri est d\u00e9c\u00e9d\u00e9e, aujourd&#039;hui, mardi 13 d\u00e9cembre 2022, des suites d\u2019un\u00a0accident vasculaire c\u00e9r\u00e9bral.\" \/>\n<link rel=\"canonical\" href=\"https:\/\/www.webdo.tn\/fr\/actualite\/national-45\/la-journaliste-basma-bahri-ravie-a-la-fleur-de-l-age\/200591\/\" \/>\n<meta property=\"og:locale\" content=\"fr_FR\" \/>\n<meta property=\"og:type\" content=\"article\" \/>\n<meta property=\"og:title\" content=\"La journaliste Basma Bahri ravie \u00e0 la fleur de l&#039;\u00e2ge\" \/>\n<meta property=\"og:description\" content=\"La journaliste Basma Bahri est d\u00e9c\u00e9d\u00e9e, aujourd&#039;hui, mardi 13 d\u00e9cembre 2022, des suites d\u2019un\u00a0accident vasculaire c\u00e9r\u00e9bral.\" \/>\n<meta property=\"og:url\" content=\"https:\/\/www.webdo.tn\/fr\/actualite\/national-45\/la-journaliste-basma-bahri-ravie-a-la-fleur-de-l-age\/200591\/\" \/>\n<meta property=\"og:site_name\" content=\"webdo\" \/>\n<meta property=\"article:publisher\" content=\"https:\/\/www.facebook.com\/webdotn\" \/>\n<meta property=\"article:published_time\" content=\"2022-12-13T12:41:00+00:00\" \/>\n<meta property=\"article:modified_time\" content=\"2025-05-22T11:41:13+00:00\" \/>\n<meta property=\"og:image\" content=\"https:\/\/www.webdo.tn\/fr\/wp-content\/uploads\/2022\/12\/6c67428df587fccb2abada1909a59407.jpg\" \/>\n\t<meta property=\"og:image:width\" content=\"750\" \/>\n\t<meta property=\"og:image:height\" content=\"400\" \/>\n\t<meta property=\"og:image:type\" content=\"image\/jpeg\" \/>\n<meta name=\"author\" content=\"MC\" \/>\n<meta name=\"twitter:card\" content=\"summary_large_image\" \/>\n<meta name=\"twitter:creator\" content=\"@webdo_tn\" \/>\n<meta name=\"twitter:site\" content=\"@webdo_tn\" \/>\n<meta name=\"twitter:label1\" content=\"\u00c9crit par\" \/>\n\t<meta name=\"twitter:data1\" content=\"MC\" \/>\n<script type=\"application\/ld+json\" class=\"yoast-schema-graph\">{\"@context\":\"https:\\\/\\\/schema.org\",\"@graph\":[{\"@type\":\"NewsArticle\",\"@id\":\"https:\\\/\\\/www.webdo.tn\\\/fr\\\/actualite\\\/national-45\\\/la-journaliste-basma-bahri-ravie-a-la-fleur-de-l-age\\\/200591\\\/#article\",\"isPartOf\":{\"@id\":\"https:\\\/\\\/www.webdo.tn\\\/fr\\\/actualite\\\/national-45\\\/la-journaliste-basma-bahri-ravie-a-la-fleur-de-l-age\\\/200591\\\/\"},\"author\":{\"name\":\"MC\",\"@id\":\"https:\\\/\\\/www.webdo.tn\\\/fr\\\/#\\\/schema\\\/person\\\/2c4929cbf5a809e3bd38617c6ce150f6\"},\"headline\":\"La journaliste Basma Bahri ravie \u00e0 la fleur de l&rsquo;\u00e2ge\",\"datePublished\":\"2022-12-13T12:41:00+00:00\",\"dateModified\":\"2025-05-22T11:41:13+00:00\",\"mainEntityOfPage\":{\"@id\":\"https:\\\/\\\/www.webdo.tn\\\/fr\\\/actualite\\\/national-45\\\/la-journaliste-basma-bahri-ravie-a-la-fleur-de-l-age\\\/200591\\\/\"},\"wordCount\":86,\"commentCount\":0,\"publisher\":{\"@id\":\"https:\\\/\\\/www.webdo.tn\\\/fr\\\/#organization\"},\"image\":{\"@id\":\"https:\\\/\\\/www.webdo.tn\\\/fr\\\/actualite\\\/national-45\\\/la-journaliste-basma-bahri-ravie-a-la-fleur-de-l-age\\\/200591\\\/#primaryimage\"},\"thumbnailUrl\":\"https:\\\/\\\/www.webdo.tn\\\/fr\\\/wp-content\\\/uploads\\\/2022\\\/12\\\/6c67428df587fccb2abada1909a59407.jpg\",\"keywords\":[\"basma bahri\",\"D\u00e9c\u00e8s\",\"Journaliste\"],\"articleSection\":[\"National\"],\"inLanguage\":\"fr-FR\"},{\"@type\":\"WebPage\",\"@id\":\"https:\\\/\\\/www.webdo.tn\\\/fr\\\/actualite\\\/national-45\\\/la-journaliste-basma-bahri-ravie-a-la-fleur-de-l-age\\\/200591\\\/\",\"url\":\"https:\\\/\\\/www.webdo.tn\\\/fr\\\/actualite\\\/national-45\\\/la-journaliste-basma-bahri-ravie-a-la-fleur-de-l-age\\\/200591\\\/\",\"name\":\"La journaliste Basma Bahri ravie \u00e0 la fleur de l'\u00e2ge\",\"isPartOf\":{\"@id\":\"https:\\\/\\\/www.webdo.tn\\\/fr\\\/#website\"},\"primaryImageOfPage\":{\"@id\":\"https:\\\/\\\/www.webdo.tn\\\/fr\\\/actualite\\\/national-45\\\/la-journaliste-basma-bahri-ravie-a-la-fleur-de-l-age\\\/200591\\\/#primaryimage\"},\"image\":{\"@id\":\"https:\\\/\\\/www.webdo.tn\\\/fr\\\/actualite\\\/national-45\\\/la-journaliste-basma-bahri-ravie-a-la-fleur-de-l-age\\\/200591\\\/#primaryimage\"},\"thumbnailUrl\":\"https:\\\/\\\/www.webdo.tn\\\/fr\\\/wp-content\\\/uploads\\\/2022\\\/12\\\/6c67428df587fccb2abada1909a59407.jpg\",\"datePublished\":\"2022-12-13T12:41:00+00:00\",\"dateModified\":\"2025-05-22T11:41:13+00:00\",\"description\":\"La journaliste Basma Bahri est d\u00e9c\u00e9d\u00e9e, aujourd'hui, mardi 13 d\u00e9cembre 2022, des suites d\u2019un\u00a0accident vasculaire c\u00e9r\u00e9bral.\",\"breadcrumb\":{\"@id\":\"https:\\\/\\\/www.webdo.tn\\\/fr\\\/actualite\\\/national-45\\\/la-journaliste-basma-bahri-ravie-a-la-fleur-de-l-age\\\/200591\\\/#breadcrumb\"},\"inLanguage\":\"fr-FR\",\"potentialAction\":[{\"@type\":\"ReadAction\",\"target\":[\"https:\\\/\\\/www.webdo.tn\\\/fr\\\/actualite\\\/national-45\\\/la-journaliste-basma-bahri-ravie-a-la-fleur-de-l-age\\\/200591\\\/\"]}]},{\"@type\":\"ImageObject\",\"inLanguage\":\"fr-FR\",\"@id\":\"https:\\\/\\\/www.webdo.tn\\\/fr\\\/actualite\\\/national-45\\\/la-journaliste-basma-bahri-ravie-a-la-fleur-de-l-age\\\/200591\\\/#primaryimage\",\"url\":\"https:\\\/\\\/www.webdo.tn\\\/fr\\\/wp-content\\\/uploads\\\/2022\\\/12\\\/6c67428df587fccb2abada1909a59407.jpg\",\"contentUrl\":\"https:\\\/\\\/www.webdo.tn\\\/fr\\\/wp-content\\\/uploads\\\/2022\\\/12\\\/6c67428df587fccb2abada1909a59407.jpg\",\"width\":750,\"height\":400,\"caption\":\"La journaliste Basma Bahri ravie \u00e0 la fleur de l'\u00e2ge\"},{\"@type\":\"BreadcrumbList\",\"@id\":\"https:\\\/\\\/www.webdo.tn\\\/fr\\\/actualite\\\/national-45\\\/la-journaliste-basma-bahri-ravie-a-la-fleur-de-l-age\\\/200591\\\/#breadcrumb\",\"itemListElement\":[{\"@type\":\"ListItem\",\"position\":1,\"name\":\"Accueil\",\"item\":\"https:\\\/\\\/www.webdo.tn\\\/fr\\\/\"},{\"@type\":\"ListItem\",\"position\":2,\"name\":\"La journaliste Basma Bahri ravie \u00e0 la fleur de l&rsquo;\u00e2ge\"}]},{\"@type\":\"WebSite\",\"@id\":\"https:\\\/\\\/www.webdo.tn\\\/fr\\\/#website\",\"url\":\"https:\\\/\\\/www.webdo.tn\\\/fr\\\/\",\"name\":\"webdo\",\"description\":\"Tunisie - News en Tunisie et \u00e0 l&#039;international sur Webdo.tn\",\"publisher\":{\"@id\":\"https:\\\/\\\/www.webdo.tn\\\/fr\\\/#organization\"},\"potentialAction\":[{\"@type\":\"SearchAction\",\"target\":{\"@type\":\"EntryPoint\",\"urlTemplate\":\"https:\\\/\\\/www.webdo.tn\\\/fr\\\/?s={search_term_string}\"},\"query-input\":{\"@type\":\"PropertyValueSpecification\",\"valueRequired\":true,\"valueName\":\"search_term_string\"}}],\"inLanguage\":\"fr-FR\"},{\"@type\":\"Organization\",\"@id\":\"https:\\\/\\\/www.webdo.tn\\\/fr\\\/#organization\",\"name\":\"Webdo\",\"alternateName\":\"Webdo.tn\",\"url\":\"https:\\\/\\\/www.webdo.tn\\\/fr\\\/\",\"logo\":{\"@type\":\"ImageObject\",\"inLanguage\":\"fr-FR\",\"@id\":\"https:\\\/\\\/www.webdo.tn\\\/fr\\\/#\\\/schema\\\/logo\\\/image\\\/\",\"url\":\"https:\\\/\\\/www.webdo.tn\\\/fr\\\/wp-content\\\/uploads\\\/2025\\\/06\\\/Webdo-Tunisie_168377.jpg\",\"contentUrl\":\"https:\\\/\\\/www.webdo.tn\\\/fr\\\/wp-content\\\/uploads\\\/2025\\\/06\\\/Webdo-Tunisie_168377.jpg\",\"width\":301,\"height\":301,\"caption\":\"Webdo\"},\"image\":{\"@id\":\"https:\\\/\\\/www.webdo.tn\\\/fr\\\/#\\\/schema\\\/logo\\\/image\\\/\"},\"sameAs\":[\"https:\\\/\\\/www.facebook.com\\\/webdotn\",\"https:\\\/\\\/x.com\\\/webdo_tn\"],\"description\":\"Webdo est un m\u00e9dia num\u00e9rique tunisien fond\u00e9 en 2010, sp\u00e9cialis\u00e9 dans l\u2019actualit\u00e9 nationale et internationale, l\u2019\u00e9conomie, la soci\u00e9t\u00e9 et les analyses politiques. Le site s\u2019adresse \u00e0 un large public francophone et couvre l\u2019information tunisienne en temps r\u00e9el.\",\"email\":\"redac@webdo.tn\",\"legalName\":\"YNJ SARL\",\"foundingDate\":\"2010-09-06\",\"numberOfEmployees\":{\"@type\":\"QuantitativeValue\",\"minValue\":\"11\",\"maxValue\":\"50\"}},{\"@type\":\"Person\",\"@id\":\"https:\\\/\\\/www.webdo.tn\\\/fr\\\/#\\\/schema\\\/person\\\/2c4929cbf5a809e3bd38617c6ce150f6\",\"name\":\"MC\",\"image\":{\"@type\":\"ImageObject\",\"inLanguage\":\"fr-FR\",\"@id\":\"https:\\\/\\\/secure.gravatar.com\\\/avatar\\\/a545bbb6f84efdd5553dbbc2895e3ca8f1d12c5215e00a041c9670b54aa9b18a?s=96&d=mm&r=g\",\"url\":\"https:\\\/\\\/secure.gravatar.com\\\/avatar\\\/a545bbb6f84efdd5553dbbc2895e3ca8f1d12c5215e00a041c9670b54aa9b18a?s=96&d=mm&r=g\",\"contentUrl\":\"https:\\\/\\\/secure.gravatar.com\\\/avatar\\\/a545bbb6f84efdd5553dbbc2895e3ca8f1d12c5215e00a041c9670b54aa9b18a?s=96&d=mm&r=g\",\"caption\":\"MC\"},\"url\":\"https:\\\/\\\/www.webdo.tn\\\/fr\\\/actualite\\\/author\\\/mc\\\/\"}]}<\/script>\n<!-- \/ Yoast SEO Premium plugin. -->","yoast_head_json":{"title":"La journaliste Basma Bahri ravie \u00e0 la fleur de l'\u00e2ge","description":"La journaliste Basma Bahri est d\u00e9c\u00e9d\u00e9e, aujourd'hui, mardi 13 d\u00e9cembre 2022, des suites d\u2019un\u00a0accident vasculaire c\u00e9r\u00e9bral.","canonical":"https:\/\/www.webdo.tn\/fr\/actualite\/national-45\/la-journaliste-basma-bahri-ravie-a-la-fleur-de-l-age\/200591\/","og_locale":"fr_FR","og_type":"article","og_title":"La journaliste Basma Bahri ravie \u00e0 la fleur de l'\u00e2ge","og_description":"La journaliste Basma Bahri est d\u00e9c\u00e9d\u00e9e, aujourd'hui, mardi 13 d\u00e9cembre 2022, des suites d\u2019un\u00a0accident vasculaire c\u00e9r\u00e9bral.","og_url":"https:\/\/www.webdo.tn\/fr\/actualite\/national-45\/la-journaliste-basma-bahri-ravie-a-la-fleur-de-l-age\/200591\/","og_site_name":"webdo","article_publisher":"https:\/\/www.facebook.com\/webdotn","article_published_time":"2022-12-13T12:41:00+00:00","article_modified_time":"2025-05-22T11:41:13+00:00","og_image":[{"width":750,"height":400,"url":"https:\/\/www.webdo.tn\/fr\/wp-content\/uploads\/2022\/12\/6c67428df587fccb2abada1909a59407.jpg","type":"image\/jpeg"}],"author":"MC","twitter_card":"summary_large_image","twitter_creator":"@webdo_tn","twitter_site":"@webdo_tn","twitter_misc":{"\u00c9crit par":"MC"},"schema":{"@context":"https:\/\/schema.org","@graph":[{"@type":"NewsArticle","@id":"https:\/\/www.webdo.tn\/fr\/actualite\/national-45\/la-journaliste-basma-bahri-ravie-a-la-fleur-de-l-age\/200591\/#article","isPartOf":{"@id":"https:\/\/www.webdo.tn\/fr\/actualite\/national-45\/la-journaliste-basma-bahri-ravie-a-la-fleur-de-l-age\/200591\/"},"author":{"name":"MC","@id":"https:\/\/www.webdo.tn\/fr\/#\/schema\/person\/2c4929cbf5a809e3bd38617c6ce150f6"},"headline":"La journaliste Basma Bahri ravie \u00e0 la fleur de l&rsquo;\u00e2ge","datePublished":"2022-12-13T12:41:00+00:00","dateModified":"2025-05-22T11:41:13+00:00","mainEntityOfPage":{"@id":"https:\/\/www.webdo.tn\/fr\/actualite\/national-45\/la-journaliste-basma-bahri-ravie-a-la-fleur-de-l-age\/200591\/"},"wordCount":86,"commentCount":0,"publisher":{"@id":"https:\/\/www.webdo.tn\/fr\/#organization"},"image":{"@id":"https:\/\/www.webdo.tn\/fr\/actualite\/national-45\/la-journaliste-basma-bahri-ravie-a-la-fleur-de-l-age\/200591\/#primaryimage"},"thumbnailUrl":"https:\/\/www.webdo.tn\/fr\/wp-content\/uploads\/2022\/12\/6c67428df587fccb2abada1909a59407.jpg","keywords":["basma bahri","D\u00e9c\u00e8s","Journaliste"],"articleSection":["National"],"inLanguage":"fr-FR"},{"@type":"WebPage","@id":"https:\/\/www.webdo.tn\/fr\/actualite\/national-45\/la-journaliste-basma-bahri-ravie-a-la-fleur-de-l-age\/200591\/","url":"https:\/\/www.webdo.tn\/fr\/actualite\/national-45\/la-journaliste-basma-bahri-ravie-a-la-fleur-de-l-age\/200591\/","name":"La journaliste Basma Bahri ravie \u00e0 la fleur de l'\u00e2ge","isPartOf":{"@id":"https:\/\/www.webdo.tn\/fr\/#website"},"primaryImageOfPage":{"@id":"https:\/\/www.webdo.tn\/fr\/actualite\/national-45\/la-journaliste-basma-bahri-ravie-a-la-fleur-de-l-age\/200591\/#primaryimage"},"image":{"@id":"https:\/\/www.webdo.tn\/fr\/actualite\/national-45\/la-journaliste-basma-bahri-ravie-a-la-fleur-de-l-age\/200591\/#primaryimage"},"thumbnailUrl":"https:\/\/www.webdo.tn\/fr\/wp-content\/uploads\/2022\/12\/6c67428df587fccb2abada1909a59407.jpg","datePublished":"2022-12-13T12:41:00+00:00","dateModified":"2025-05-22T11:41:13+00:00","description":"La journaliste Basma Bahri est d\u00e9c\u00e9d\u00e9e, aujourd'hui, mardi 13 d\u00e9cembre 2022, des suites d\u2019un\u00a0accident vasculaire c\u00e9r\u00e9bral.","breadcrumb":{"@id":"https:\/\/www.webdo.tn\/fr\/actualite\/national-45\/la-journaliste-basma-bahri-ravie-a-la-fleur-de-l-age\/200591\/#breadcrumb"},"inLanguage":"fr-FR","potentialAction":[{"@type":"ReadAction","target":["https:\/\/www.webdo.tn\/fr\/actualite\/national-45\/la-journaliste-basma-bahri-ravie-a-la-fleur-de-l-age\/200591\/"]}]},{"@type":"ImageObject","inLanguage":"fr-FR","@id":"https:\/\/www.webdo.tn\/fr\/actualite\/national-45\/la-journaliste-basma-bahri-ravie-a-la-fleur-de-l-age\/200591\/#primaryimage","url":"https:\/\/www.webdo.tn\/fr\/wp-content\/uploads\/2022\/12\/6c67428df587fccb2abada1909a59407.jpg","contentUrl":"https:\/\/www.webdo.tn\/fr\/wp-content\/uploads\/2022\/12\/6c67428df587fccb2abada1909a59407.jpg","width":750,"height":400,"caption":"La journaliste Basma Bahri ravie \u00e0 la fleur de l'\u00e2ge"},{"@type":"BreadcrumbList","@id":"https:\/\/www.webdo.tn\/fr\/actualite\/national-45\/la-journaliste-basma-bahri-ravie-a-la-fleur-de-l-age\/200591\/#breadcrumb","itemListElement":[{"@type":"ListItem","position":1,"name":"Accueil","item":"https:\/\/www.webdo.tn\/fr\/"},{"@type":"ListItem","position":2,"name":"La journaliste Basma Bahri ravie \u00e0 la fleur de l&rsquo;\u00e2ge"}]},{"@type":"WebSite","@id":"https:\/\/www.webdo.tn\/fr\/#website","url":"https:\/\/www.webdo.tn\/fr\/","name":"webdo","description":"Tunisie - News en Tunisie et \u00e0 l&#039;international sur Webdo.tn","publisher":{"@id":"https:\/\/www.webdo.tn\/fr\/#organization"},"potentialAction":[{"@type":"SearchAction","target":{"@type":"EntryPoint","urlTemplate":"https:\/\/www.webdo.tn\/fr\/?s={search_term_string}"},"query-input":{"@type":"PropertyValueSpecification","valueRequired":true,"valueName":"search_term_string"}}],"inLanguage":"fr-FR"},{"@type":"Organization","@id":"https:\/\/www.webdo.tn\/fr\/#organization","name":"Webdo","alternateName":"Webdo.tn","url":"https:\/\/www.webdo.tn\/fr\/","logo":{"@type":"ImageObject","inLanguage":"fr-FR","@id":"https:\/\/www.webdo.tn\/fr\/#\/schema\/logo\/image\/","url":"https:\/\/www.webdo.tn\/fr\/wp-content\/uploads\/2025\/06\/Webdo-Tunisie_168377.jpg","contentUrl":"https:\/\/www.webdo.tn\/fr\/wp-content\/uploads\/2025\/06\/Webdo-Tunisie_168377.jpg","width":301,"height":301,"caption":"Webdo"},"image":{"@id":"https:\/\/www.webdo.tn\/fr\/#\/schema\/logo\/image\/"},"sameAs":["https:\/\/www.facebook.com\/webdotn","https:\/\/x.com\/webdo_tn"],"description":"Webdo est un m\u00e9dia num\u00e9rique tunisien fond\u00e9 en 2010, sp\u00e9cialis\u00e9 dans l\u2019actualit\u00e9 nationale et internationale, l\u2019\u00e9conomie, la soci\u00e9t\u00e9 et les analyses politiques. Le site s\u2019adresse \u00e0 un large public francophone et couvre l\u2019information tunisienne en temps r\u00e9el.","email":"redac@webdo.tn","legalName":"YNJ SARL","foundingDate":"2010-09-06","numberOfEmployees":{"@type":"QuantitativeValue","minValue":"11","maxValue":"50"}},{"@type":"Person","@id":"https:\/\/www.webdo.tn\/fr\/#\/schema\/person\/2c4929cbf5a809e3bd38617c6ce150f6","name":"MC","image":{"@type":"ImageObject","inLanguage":"fr-FR","@id":"https:\/\/secure.gravatar.com\/avatar\/a545bbb6f84efdd5553dbbc2895e3ca8f1d12c5215e00a041c9670b54aa9b18a?s=96&d=mm&r=g","url":"https:\/\/secure.gravatar.com\/avatar\/a545bbb6f84efdd5553dbbc2895e3ca8f1d12c5215e00a041c9670b54aa9b18a?s=96&d=mm&r=g","contentUrl":"https:\/\/secure.gravatar.com\/avatar\/a545bbb6f84efdd5553dbbc2895e3ca8f1d12c5215e00a041c9670b54aa9b18a?s=96&d=mm&r=g","caption":"MC"},"url":"https:\/\/www.webdo.tn\/fr\/actualite\/author\/mc\/"}]}},"_links":{"self":[{"href":"https:\/\/www.webdo.tn\/fr\/wp-json\/wp\/v2\/posts\/200591","targetHints":{"allow":["GET"]}}],"collection":[{"href":"https:\/\/www.webdo.tn\/fr\/wp-json\/wp\/v2\/posts"}],"about":[{"href":"https:\/\/www.webdo.tn\/fr\/wp-json\/wp\/v2\/types\/post"}],"author":[{"embeddable":true,"href":"https:\/\/www.webdo.tn\/fr\/wp-json\/wp\/v2\/users\/3162"}],"replies":[{"embeddable":true,"href":"https:\/\/www.webdo.tn\/fr\/wp-json\/wp\/v2\/comments?post=200591"}],"version-history":[{"count":0,"href":"https:\/\/www.webdo.tn\/fr\/wp-json\/wp\/v2\/posts\/200591\/revisions"}],"wp:featuredmedia":[{"embeddable":true,"href":"https:\/\/www.webdo.tn\/fr\/wp-json\/wp\/v2\/media\/348442"}],"wp:attachment":[{"href":"https:\/\/www.webdo.tn\/fr\/wp-json\/wp\/v2\/media?parent=200591"}],"wp:term":[{"taxonomy":"category","embeddable":true,"href":"https:\/\/www.webdo.tn\/fr\/wp-json\/wp\/v2\/categories?post=200591"},{"taxonomy":"post_tag","embeddable":true,"href":"https:\/\/www.webdo.tn\/fr\/wp-json\/wp\/v2\/tags?post=200591"}],"curies":[{"name":"wp","href":"https:\/\/api.w.org\/{rel}","templated":true}]}}