{"id":200588,"date":"2022-12-13T11:11:00","date_gmt":"2022-12-13T11:11:00","guid":{"rendered":"https:\/\/www.webdo.tn\/fr\/actualite\/blog\/tunisie-le-deficit-commercial-s-aggrave-de-plus-de-50-en-une-annee\/200588\/"},"modified":"2025-05-22T11:41:14","modified_gmt":"2025-05-22T11:41:14","slug":"tunisie-le-deficit-commercial-s-aggrave-de-plus-de-50-en-une-annee","status":"publish","type":"post","link":"https:\/\/www.webdo.tn\/fr\/actualite\/national\/tunisie-le-deficit-commercial-s-aggrave-de-plus-de-50-en-une-annee\/200588\/","title":{"rendered":"Tunisie : le d\u00e9ficit commercial s\u2019aggrave de plus de 50% en une ann\u00e9e"},"content":{"rendered":"<p>L\u2019Institut national de la statistique (INS) a fait savoir, ce mardi 13 d\u00e9cembre 2022, que le solde de la balance commerciale est d\u00e9ficitaire de 23.281,1 millions de dinars (MD), durant les 11 mois de l\u2019ann\u00e9e 2022.<\/p>\n<p> Le d\u00e9ficit de la balance commerciale \u00e9tait de 14.653,8 MD au cours de la m\u00eame p\u00e9riode de 2021, a indiqu\u00e9 l\u2019INS, dans sa publication mensuelle sur le \u00ab\u00a0Commerce Ext\u00e9rieur aux prix courants, Novembre 2022\u00a0\u00bb. L&rsquo;aggravation du d\u00e9ficit commercial est donc de\u00a058,8%.<\/p>\n<p>Le taux de couverture a perdu 5,1 points par rapport \u00e0 la m\u00eame p\u00e9riode de 2021, pour s\u2019\u00e9tablir \u00e0 69,1%.<\/p>\n","protected":false},"excerpt":{"rendered":"<p>L\u2019Institut national de la statistique (INS) a fait savoir, ce mardi 13 d\u00e9cembre 2022, que le solde de la balance commerciale est d\u00e9ficitaire de 23.281,1 million&#8230;<\/p>\n","protected":false},"author":3196,"featured_media":348443,"comment_status":"open","ping_status":"closed","sticky":false,"template":"","format":"standard","meta":{"footnotes":""},"categories":[44],"tags":[4006,4398,3374],"class_list":["post-200588","post","type-post","status-publish","format-standard","has-post-thumbnail","hentry","category-national","tag-balance-commerciale","tag-deficit-commercial","tag-ins"],"yoast_head":"<!-- This site is optimized with the Yoast SEO Premium plugin v27.4 (Yoast SEO v27.4) - https:\/\/yoast.com\/product\/yoast-seo-premium-wordpress\/ -->\n<title>Tunisie : le d\u00e9ficit commercial s\u2019aggrave de plus de 50% en une ann\u00e9e<\/title>\n<meta name=\"description\" content=\"L\u2019Institut national de la statistique (INS) a fait savoir, ce mardi 13 d\u00e9cembre 2022, que le solde de la balance commerciale est d\u00e9ficitaire de 23.281,1 million...\" \/>\n<link rel=\"canonical\" href=\"https:\/\/www.webdo.tn\/fr\/actualite\/national-45\/tunisie-le-deficit-commercial-s-aggrave-de-plus-de-50-en-une-annee\/200588\/\" \/>\n<meta property=\"og:locale\" content=\"fr_FR\" \/>\n<meta property=\"og:type\" content=\"article\" \/>\n<meta property=\"og:title\" content=\"Tunisie : le d\u00e9ficit commercial s\u2019aggrave de plus de 50% en une ann\u00e9e\" \/>\n<meta property=\"og:description\" content=\"L\u2019Institut national de la statistique (INS) a fait savoir, ce mardi 13 d\u00e9cembre 2022, que le solde de la balance commerciale est d\u00e9ficitaire de 23.281,1 million...\" \/>\n<meta property=\"og:url\" content=\"https:\/\/www.webdo.tn\/fr\/actualite\/national-45\/tunisie-le-deficit-commercial-s-aggrave-de-plus-de-50-en-une-annee\/200588\/\" \/>\n<meta property=\"og:site_name\" content=\"webdo\" \/>\n<meta property=\"article:publisher\" content=\"https:\/\/www.facebook.com\/webdotn\" \/>\n<meta property=\"article:published_time\" content=\"2022-12-13T11:11:00+00:00\" \/>\n<meta property=\"article:modified_time\" content=\"2025-05-22T11:41:14+00:00\" \/>\n<meta property=\"og:image\" content=\"https:\/\/www.webdo.tn\/fr\/wp-content\/uploads\/2022\/12\/74dcdf3c16fdf1aa61cf192c244a8f10.png\" \/>\n\t<meta property=\"og:image:width\" content=\"750\" \/>\n\t<meta property=\"og:image:height\" content=\"400\" \/>\n\t<meta property=\"og:image:type\" content=\"image\/png\" \/>\n<meta name=\"author\" content=\"MK\" \/>\n<meta name=\"twitter:card\" content=\"summary_large_image\" \/>\n<meta name=\"twitter:creator\" content=\"@webdo_tn\" \/>\n<meta name=\"twitter:site\" content=\"@webdo_tn\" \/>\n<meta name=\"twitter:label1\" content=\"\u00c9crit par\" \/>\n\t<meta name=\"twitter:data1\" content=\"MK\" \/>\n<script type=\"application\/ld+json\" class=\"yoast-schema-graph\">{\"@context\":\"https:\\\/\\\/schema.org\",\"@graph\":[{\"@type\":\"NewsArticle\",\"@id\":\"https:\\\/\\\/www.webdo.tn\\\/fr\\\/actualite\\\/national-45\\\/tunisie-le-deficit-commercial-s-aggrave-de-plus-de-50-en-une-annee\\\/200588\\\/#article\",\"isPartOf\":{\"@id\":\"https:\\\/\\\/www.webdo.tn\\\/fr\\\/actualite\\\/national-45\\\/tunisie-le-deficit-commercial-s-aggrave-de-plus-de-50-en-une-annee\\\/200588\\\/\"},\"author\":{\"name\":\"MK\",\"@id\":\"https:\\\/\\\/www.webdo.tn\\\/fr\\\/#\\\/schema\\\/person\\\/c3a9d32fa6d495ca5f4b6510e3db97bf\"},\"headline\":\"Tunisie : le d\u00e9ficit commercial s\u2019aggrave de plus de 50% en une ann\u00e9e\",\"datePublished\":\"2022-12-13T11:11:00+00:00\",\"dateModified\":\"2025-05-22T11:41:14+00:00\",\"mainEntityOfPage\":{\"@id\":\"https:\\\/\\\/www.webdo.tn\\\/fr\\\/actualite\\\/national-45\\\/tunisie-le-deficit-commercial-s-aggrave-de-plus-de-50-en-une-annee\\\/200588\\\/\"},\"wordCount\":113,\"commentCount\":0,\"publisher\":{\"@id\":\"https:\\\/\\\/www.webdo.tn\\\/fr\\\/#organization\"},\"image\":{\"@id\":\"https:\\\/\\\/www.webdo.tn\\\/fr\\\/actualite\\\/national-45\\\/tunisie-le-deficit-commercial-s-aggrave-de-plus-de-50-en-une-annee\\\/200588\\\/#primaryimage\"},\"thumbnailUrl\":\"https:\\\/\\\/www.webdo.tn\\\/fr\\\/wp-content\\\/uploads\\\/2022\\\/12\\\/74dcdf3c16fdf1aa61cf192c244a8f10.png\",\"keywords\":[\"balance commerciale\",\"d\u00e9ficit commercial\",\"INS\"],\"articleSection\":[\"National\"],\"inLanguage\":\"fr-FR\"},{\"@type\":\"WebPage\",\"@id\":\"https:\\\/\\\/www.webdo.tn\\\/fr\\\/actualite\\\/national-45\\\/tunisie-le-deficit-commercial-s-aggrave-de-plus-de-50-en-une-annee\\\/200588\\\/\",\"url\":\"https:\\\/\\\/www.webdo.tn\\\/fr\\\/actualite\\\/national-45\\\/tunisie-le-deficit-commercial-s-aggrave-de-plus-de-50-en-une-annee\\\/200588\\\/\",\"name\":\"Tunisie : le d\u00e9ficit commercial s\u2019aggrave de plus de 50% en une ann\u00e9e\",\"isPartOf\":{\"@id\":\"https:\\\/\\\/www.webdo.tn\\\/fr\\\/#website\"},\"primaryImageOfPage\":{\"@id\":\"https:\\\/\\\/www.webdo.tn\\\/fr\\\/actualite\\\/national-45\\\/tunisie-le-deficit-commercial-s-aggrave-de-plus-de-50-en-une-annee\\\/200588\\\/#primaryimage\"},\"image\":{\"@id\":\"https:\\\/\\\/www.webdo.tn\\\/fr\\\/actualite\\\/national-45\\\/tunisie-le-deficit-commercial-s-aggrave-de-plus-de-50-en-une-annee\\\/200588\\\/#primaryimage\"},\"thumbnailUrl\":\"https:\\\/\\\/www.webdo.tn\\\/fr\\\/wp-content\\\/uploads\\\/2022\\\/12\\\/74dcdf3c16fdf1aa61cf192c244a8f10.png\",\"datePublished\":\"2022-12-13T11:11:00+00:00\",\"dateModified\":\"2025-05-22T11:41:14+00:00\",\"description\":\"L\u2019Institut national de la statistique (INS) a fait savoir, ce mardi 13 d\u00e9cembre 2022, que le solde de la balance commerciale est d\u00e9ficitaire de 23.281,1 million...\",\"breadcrumb\":{\"@id\":\"https:\\\/\\\/www.webdo.tn\\\/fr\\\/actualite\\\/national-45\\\/tunisie-le-deficit-commercial-s-aggrave-de-plus-de-50-en-une-annee\\\/200588\\\/#breadcrumb\"},\"inLanguage\":\"fr-FR\",\"potentialAction\":[{\"@type\":\"ReadAction\",\"target\":[\"https:\\\/\\\/www.webdo.tn\\\/fr\\\/actualite\\\/national-45\\\/tunisie-le-deficit-commercial-s-aggrave-de-plus-de-50-en-une-annee\\\/200588\\\/\"]}]},{\"@type\":\"ImageObject\",\"inLanguage\":\"fr-FR\",\"@id\":\"https:\\\/\\\/www.webdo.tn\\\/fr\\\/actualite\\\/national-45\\\/tunisie-le-deficit-commercial-s-aggrave-de-plus-de-50-en-une-annee\\\/200588\\\/#primaryimage\",\"url\":\"https:\\\/\\\/www.webdo.tn\\\/fr\\\/wp-content\\\/uploads\\\/2022\\\/12\\\/74dcdf3c16fdf1aa61cf192c244a8f10.png\",\"contentUrl\":\"https:\\\/\\\/www.webdo.tn\\\/fr\\\/wp-content\\\/uploads\\\/2022\\\/12\\\/74dcdf3c16fdf1aa61cf192c244a8f10.png\",\"width\":750,\"height\":400,\"caption\":\"D\u00e9ficit commecial\"},{\"@type\":\"BreadcrumbList\",\"@id\":\"https:\\\/\\\/www.webdo.tn\\\/fr\\\/actualite\\\/national-45\\\/tunisie-le-deficit-commercial-s-aggrave-de-plus-de-50-en-une-annee\\\/200588\\\/#breadcrumb\",\"itemListElement\":[{\"@type\":\"ListItem\",\"position\":1,\"name\":\"Accueil\",\"item\":\"https:\\\/\\\/www.webdo.tn\\\/fr\\\/\"},{\"@type\":\"ListItem\",\"position\":2,\"name\":\"Tunisie : le d\u00e9ficit commercial s\u2019aggrave de plus de 50% en une ann\u00e9e\"}]},{\"@type\":\"WebSite\",\"@id\":\"https:\\\/\\\/www.webdo.tn\\\/fr\\\/#website\",\"url\":\"https:\\\/\\\/www.webdo.tn\\\/fr\\\/\",\"name\":\"webdo\",\"description\":\"Tunisie - News en Tunisie et \u00e0 l&#039;international sur Webdo.tn\",\"publisher\":{\"@id\":\"https:\\\/\\\/www.webdo.tn\\\/fr\\\/#organization\"},\"potentialAction\":[{\"@type\":\"SearchAction\",\"target\":{\"@type\":\"EntryPoint\",\"urlTemplate\":\"https:\\\/\\\/www.webdo.tn\\\/fr\\\/?s={search_term_string}\"},\"query-input\":{\"@type\":\"PropertyValueSpecification\",\"valueRequired\":true,\"valueName\":\"search_term_string\"}}],\"inLanguage\":\"fr-FR\"},{\"@type\":\"Organization\",\"@id\":\"https:\\\/\\\/www.webdo.tn\\\/fr\\\/#organization\",\"name\":\"Webdo\",\"alternateName\":\"Webdo.tn\",\"url\":\"https:\\\/\\\/www.webdo.tn\\\/fr\\\/\",\"logo\":{\"@type\":\"ImageObject\",\"inLanguage\":\"fr-FR\",\"@id\":\"https:\\\/\\\/www.webdo.tn\\\/fr\\\/#\\\/schema\\\/logo\\\/image\\\/\",\"url\":\"https:\\\/\\\/www.webdo.tn\\\/fr\\\/wp-content\\\/uploads\\\/2025\\\/06\\\/Webdo-Tunisie_168377.jpg\",\"contentUrl\":\"https:\\\/\\\/www.webdo.tn\\\/fr\\\/wp-content\\\/uploads\\\/2025\\\/06\\\/Webdo-Tunisie_168377.jpg\",\"width\":301,\"height\":301,\"caption\":\"Webdo\"},\"image\":{\"@id\":\"https:\\\/\\\/www.webdo.tn\\\/fr\\\/#\\\/schema\\\/logo\\\/image\\\/\"},\"sameAs\":[\"https:\\\/\\\/www.facebook.com\\\/webdotn\",\"https:\\\/\\\/x.com\\\/webdo_tn\"],\"description\":\"Webdo est un m\u00e9dia num\u00e9rique tunisien fond\u00e9 en 2010, sp\u00e9cialis\u00e9 dans l\u2019actualit\u00e9 nationale et internationale, l\u2019\u00e9conomie, la soci\u00e9t\u00e9 et les analyses politiques. Le site s\u2019adresse \u00e0 un large public francophone et couvre l\u2019information tunisienne en temps r\u00e9el.\",\"email\":\"redac@webdo.tn\",\"legalName\":\"YNJ SARL\",\"foundingDate\":\"2010-09-06\",\"numberOfEmployees\":{\"@type\":\"QuantitativeValue\",\"minValue\":\"11\",\"maxValue\":\"50\"}},{\"@type\":\"Person\",\"@id\":\"https:\\\/\\\/www.webdo.tn\\\/fr\\\/#\\\/schema\\\/person\\\/c3a9d32fa6d495ca5f4b6510e3db97bf\",\"name\":\"MK\",\"image\":{\"@type\":\"ImageObject\",\"inLanguage\":\"fr-FR\",\"@id\":\"https:\\\/\\\/secure.gravatar.com\\\/avatar\\\/6d44f937f19929f3b75db77056d3e08abd6e302e71bcfea340cd8b00c13e7baf?s=96&d=mm&r=g\",\"url\":\"https:\\\/\\\/secure.gravatar.com\\\/avatar\\\/6d44f937f19929f3b75db77056d3e08abd6e302e71bcfea340cd8b00c13e7baf?s=96&d=mm&r=g\",\"contentUrl\":\"https:\\\/\\\/secure.gravatar.com\\\/avatar\\\/6d44f937f19929f3b75db77056d3e08abd6e302e71bcfea340cd8b00c13e7baf?s=96&d=mm&r=g\",\"caption\":\"MK\"},\"url\":\"https:\\\/\\\/www.webdo.tn\\\/fr\\\/actualite\\\/author\\\/mk\\\/\"}]}<\/script>\n<!-- \/ Yoast SEO Premium plugin. -->","yoast_head_json":{"title":"Tunisie : le d\u00e9ficit commercial s\u2019aggrave de plus de 50% en une ann\u00e9e","description":"L\u2019Institut national de la statistique (INS) a fait savoir, ce mardi 13 d\u00e9cembre 2022, que le solde de la balance commerciale est d\u00e9ficitaire de 23.281,1 million...","canonical":"https:\/\/www.webdo.tn\/fr\/actualite\/national-45\/tunisie-le-deficit-commercial-s-aggrave-de-plus-de-50-en-une-annee\/200588\/","og_locale":"fr_FR","og_type":"article","og_title":"Tunisie : le d\u00e9ficit commercial s\u2019aggrave de plus de 50% en une ann\u00e9e","og_description":"L\u2019Institut national de la statistique (INS) a fait savoir, ce mardi 13 d\u00e9cembre 2022, que le solde de la balance commerciale est d\u00e9ficitaire de 23.281,1 million...","og_url":"https:\/\/www.webdo.tn\/fr\/actualite\/national-45\/tunisie-le-deficit-commercial-s-aggrave-de-plus-de-50-en-une-annee\/200588\/","og_site_name":"webdo","article_publisher":"https:\/\/www.facebook.com\/webdotn","article_published_time":"2022-12-13T11:11:00+00:00","article_modified_time":"2025-05-22T11:41:14+00:00","og_image":[{"width":750,"height":400,"url":"https:\/\/www.webdo.tn\/fr\/wp-content\/uploads\/2022\/12\/74dcdf3c16fdf1aa61cf192c244a8f10.png","type":"image\/png"}],"author":"MK","twitter_card":"summary_large_image","twitter_creator":"@webdo_tn","twitter_site":"@webdo_tn","twitter_misc":{"\u00c9crit par":"MK"},"schema":{"@context":"https:\/\/schema.org","@graph":[{"@type":"NewsArticle","@id":"https:\/\/www.webdo.tn\/fr\/actualite\/national-45\/tunisie-le-deficit-commercial-s-aggrave-de-plus-de-50-en-une-annee\/200588\/#article","isPartOf":{"@id":"https:\/\/www.webdo.tn\/fr\/actualite\/national-45\/tunisie-le-deficit-commercial-s-aggrave-de-plus-de-50-en-une-annee\/200588\/"},"author":{"name":"MK","@id":"https:\/\/www.webdo.tn\/fr\/#\/schema\/person\/c3a9d32fa6d495ca5f4b6510e3db97bf"},"headline":"Tunisie : le d\u00e9ficit commercial s\u2019aggrave de plus de 50% en une ann\u00e9e","datePublished":"2022-12-13T11:11:00+00:00","dateModified":"2025-05-22T11:41:14+00:00","mainEntityOfPage":{"@id":"https:\/\/www.webdo.tn\/fr\/actualite\/national-45\/tunisie-le-deficit-commercial-s-aggrave-de-plus-de-50-en-une-annee\/200588\/"},"wordCount":113,"commentCount":0,"publisher":{"@id":"https:\/\/www.webdo.tn\/fr\/#organization"},"image":{"@id":"https:\/\/www.webdo.tn\/fr\/actualite\/national-45\/tunisie-le-deficit-commercial-s-aggrave-de-plus-de-50-en-une-annee\/200588\/#primaryimage"},"thumbnailUrl":"https:\/\/www.webdo.tn\/fr\/wp-content\/uploads\/2022\/12\/74dcdf3c16fdf1aa61cf192c244a8f10.png","keywords":["balance commerciale","d\u00e9ficit commercial","INS"],"articleSection":["National"],"inLanguage":"fr-FR"},{"@type":"WebPage","@id":"https:\/\/www.webdo.tn\/fr\/actualite\/national-45\/tunisie-le-deficit-commercial-s-aggrave-de-plus-de-50-en-une-annee\/200588\/","url":"https:\/\/www.webdo.tn\/fr\/actualite\/national-45\/tunisie-le-deficit-commercial-s-aggrave-de-plus-de-50-en-une-annee\/200588\/","name":"Tunisie : le d\u00e9ficit commercial s\u2019aggrave de plus de 50% en une ann\u00e9e","isPartOf":{"@id":"https:\/\/www.webdo.tn\/fr\/#website"},"primaryImageOfPage":{"@id":"https:\/\/www.webdo.tn\/fr\/actualite\/national-45\/tunisie-le-deficit-commercial-s-aggrave-de-plus-de-50-en-une-annee\/200588\/#primaryimage"},"image":{"@id":"https:\/\/www.webdo.tn\/fr\/actualite\/national-45\/tunisie-le-deficit-commercial-s-aggrave-de-plus-de-50-en-une-annee\/200588\/#primaryimage"},"thumbnailUrl":"https:\/\/www.webdo.tn\/fr\/wp-content\/uploads\/2022\/12\/74dcdf3c16fdf1aa61cf192c244a8f10.png","datePublished":"2022-12-13T11:11:00+00:00","dateModified":"2025-05-22T11:41:14+00:00","description":"L\u2019Institut national de la statistique (INS) a fait savoir, ce mardi 13 d\u00e9cembre 2022, que le solde de la balance commerciale est d\u00e9ficitaire de 23.281,1 million...","breadcrumb":{"@id":"https:\/\/www.webdo.tn\/fr\/actualite\/national-45\/tunisie-le-deficit-commercial-s-aggrave-de-plus-de-50-en-une-annee\/200588\/#breadcrumb"},"inLanguage":"fr-FR","potentialAction":[{"@type":"ReadAction","target":["https:\/\/www.webdo.tn\/fr\/actualite\/national-45\/tunisie-le-deficit-commercial-s-aggrave-de-plus-de-50-en-une-annee\/200588\/"]}]},{"@type":"ImageObject","inLanguage":"fr-FR","@id":"https:\/\/www.webdo.tn\/fr\/actualite\/national-45\/tunisie-le-deficit-commercial-s-aggrave-de-plus-de-50-en-une-annee\/200588\/#primaryimage","url":"https:\/\/www.webdo.tn\/fr\/wp-content\/uploads\/2022\/12\/74dcdf3c16fdf1aa61cf192c244a8f10.png","contentUrl":"https:\/\/www.webdo.tn\/fr\/wp-content\/uploads\/2022\/12\/74dcdf3c16fdf1aa61cf192c244a8f10.png","width":750,"height":400,"caption":"D\u00e9ficit commecial"},{"@type":"BreadcrumbList","@id":"https:\/\/www.webdo.tn\/fr\/actualite\/national-45\/tunisie-le-deficit-commercial-s-aggrave-de-plus-de-50-en-une-annee\/200588\/#breadcrumb","itemListElement":[{"@type":"ListItem","position":1,"name":"Accueil","item":"https:\/\/www.webdo.tn\/fr\/"},{"@type":"ListItem","position":2,"name":"Tunisie : le d\u00e9ficit commercial s\u2019aggrave de plus de 50% en une ann\u00e9e"}]},{"@type":"WebSite","@id":"https:\/\/www.webdo.tn\/fr\/#website","url":"https:\/\/www.webdo.tn\/fr\/","name":"webdo","description":"Tunisie - News en Tunisie et \u00e0 l&#039;international sur Webdo.tn","publisher":{"@id":"https:\/\/www.webdo.tn\/fr\/#organization"},"potentialAction":[{"@type":"SearchAction","target":{"@type":"EntryPoint","urlTemplate":"https:\/\/www.webdo.tn\/fr\/?s={search_term_string}"},"query-input":{"@type":"PropertyValueSpecification","valueRequired":true,"valueName":"search_term_string"}}],"inLanguage":"fr-FR"},{"@type":"Organization","@id":"https:\/\/www.webdo.tn\/fr\/#organization","name":"Webdo","alternateName":"Webdo.tn","url":"https:\/\/www.webdo.tn\/fr\/","logo":{"@type":"ImageObject","inLanguage":"fr-FR","@id":"https:\/\/www.webdo.tn\/fr\/#\/schema\/logo\/image\/","url":"https:\/\/www.webdo.tn\/fr\/wp-content\/uploads\/2025\/06\/Webdo-Tunisie_168377.jpg","contentUrl":"https:\/\/www.webdo.tn\/fr\/wp-content\/uploads\/2025\/06\/Webdo-Tunisie_168377.jpg","width":301,"height":301,"caption":"Webdo"},"image":{"@id":"https:\/\/www.webdo.tn\/fr\/#\/schema\/logo\/image\/"},"sameAs":["https:\/\/www.facebook.com\/webdotn","https:\/\/x.com\/webdo_tn"],"description":"Webdo est un m\u00e9dia num\u00e9rique tunisien fond\u00e9 en 2010, sp\u00e9cialis\u00e9 dans l\u2019actualit\u00e9 nationale et internationale, l\u2019\u00e9conomie, la soci\u00e9t\u00e9 et les analyses politiques. Le site s\u2019adresse \u00e0 un large public francophone et couvre l\u2019information tunisienne en temps r\u00e9el.","email":"redac@webdo.tn","legalName":"YNJ SARL","foundingDate":"2010-09-06","numberOfEmployees":{"@type":"QuantitativeValue","minValue":"11","maxValue":"50"}},{"@type":"Person","@id":"https:\/\/www.webdo.tn\/fr\/#\/schema\/person\/c3a9d32fa6d495ca5f4b6510e3db97bf","name":"MK","image":{"@type":"ImageObject","inLanguage":"fr-FR","@id":"https:\/\/secure.gravatar.com\/avatar\/6d44f937f19929f3b75db77056d3e08abd6e302e71bcfea340cd8b00c13e7baf?s=96&d=mm&r=g","url":"https:\/\/secure.gravatar.com\/avatar\/6d44f937f19929f3b75db77056d3e08abd6e302e71bcfea340cd8b00c13e7baf?s=96&d=mm&r=g","contentUrl":"https:\/\/secure.gravatar.com\/avatar\/6d44f937f19929f3b75db77056d3e08abd6e302e71bcfea340cd8b00c13e7baf?s=96&d=mm&r=g","caption":"MK"},"url":"https:\/\/www.webdo.tn\/fr\/actualite\/author\/mk\/"}]}},"_links":{"self":[{"href":"https:\/\/www.webdo.tn\/fr\/wp-json\/wp\/v2\/posts\/200588","targetHints":{"allow":["GET"]}}],"collection":[{"href":"https:\/\/www.webdo.tn\/fr\/wp-json\/wp\/v2\/posts"}],"about":[{"href":"https:\/\/www.webdo.tn\/fr\/wp-json\/wp\/v2\/types\/post"}],"author":[{"embeddable":true,"href":"https:\/\/www.webdo.tn\/fr\/wp-json\/wp\/v2\/users\/3196"}],"replies":[{"embeddable":true,"href":"https:\/\/www.webdo.tn\/fr\/wp-json\/wp\/v2\/comments?post=200588"}],"version-history":[{"count":0,"href":"https:\/\/www.webdo.tn\/fr\/wp-json\/wp\/v2\/posts\/200588\/revisions"}],"wp:featuredmedia":[{"embeddable":true,"href":"https:\/\/www.webdo.tn\/fr\/wp-json\/wp\/v2\/media\/348443"}],"wp:attachment":[{"href":"https:\/\/www.webdo.tn\/fr\/wp-json\/wp\/v2\/media?parent=200588"}],"wp:term":[{"taxonomy":"category","embeddable":true,"href":"https:\/\/www.webdo.tn\/fr\/wp-json\/wp\/v2\/categories?post=200588"},{"taxonomy":"post_tag","embeddable":true,"href":"https:\/\/www.webdo.tn\/fr\/wp-json\/wp\/v2\/tags?post=200588"}],"curies":[{"name":"wp","href":"https:\/\/api.w.org\/{rel}","templated":true}]}}