{"id":200586,"date":"2022-12-13T10:56:00","date_gmt":"2022-12-13T10:56:00","guid":{"rendered":"https:\/\/www.webdo.tn\/fr\/actualite\/blog\/bilan-covid-137-nouveaux-cas-3-deces-et-6-63-de-positivite\/200586\/"},"modified":"2025-05-22T11:41:12","modified_gmt":"2025-05-22T11:41:12","slug":"bilan-covid-137-nouveaux-cas-3-deces-et-6-63-de-positivite","status":"publish","type":"post","link":"https:\/\/www.webdo.tn\/fr\/actualite\/national\/bilan-covid-137-nouveaux-cas-3-deces-et-6-63-de-positivite\/200586\/","title":{"rendered":"Bilan Covid : 137 nouveaux cas, 3 d\u00e9c\u00e8s et 6,63% de positivit\u00e9"},"content":{"rendered":"<p>Selon le bulletin \u00e9pid\u00e9miologique publi\u00e9 par le minist\u00e8re de la Sant\u00e9, ce mardi 13 d\u00e9cembre 2022, la Tunisie a enregistr\u00e9 137 nouveaux cas de Coronavirus sur 2.066 tests r\u00e9alis\u00e9s entre le 5 et le 11 d\u00e9cembre.<\/p>\n<p> Le minist\u00e8re de la Sant\u00e9 a, \u00e9galement, fait savoir que le taux de positivit\u00e9 \u00e9tait de 6,63%, indiquant que 11 nouveaux patients ont \u00e9t\u00e9 admis dans les \u00e9tablissements de sant\u00e9 publics et priv\u00e9s.<\/p>\n<p>\u00a0Trois nouveaux d\u00e9c\u00e8s sont recens\u00e9s, portant le nombre total de d\u00e9c\u00e8s \u00e0 29.272 depuis le d\u00e9but de la pand\u00e9mie.<\/p>\n","protected":false},"excerpt":{"rendered":"<p>Selon le bulletin \u00e9pid\u00e9miologique publi\u00e9 par le minist\u00e8re de la Sant\u00e9, ce mardi 13 d\u00e9cembre 2022, la Tunisie a enregistr\u00e9 137 nouveaux cas de Coronavirus sur 2&#8230;.<\/p>\n","protected":false},"author":3196,"featured_media":348441,"comment_status":"open","ping_status":"closed","sticky":false,"template":"","format":"standard","meta":{"footnotes":""},"categories":[44],"tags":[9117,2608],"class_list":["post-200586","post","type-post","status-publish","format-standard","has-post-thumbnail","hentry","category-national","tag-covid","tag-tunisie"],"yoast_head":"<!-- This site is optimized with the Yoast SEO Premium plugin v27.4 (Yoast SEO v27.5) - https:\/\/yoast.com\/product\/yoast-seo-premium-wordpress\/ -->\n<title>Bilan Covid : 137 nouveaux cas, 3 d\u00e9c\u00e8s et 6,63% de positivit\u00e9<\/title>\n<meta name=\"description\" content=\"Selon le bulletin \u00e9pid\u00e9miologique publi\u00e9 par le minist\u00e8re de la Sant\u00e9, ce mardi 13 d\u00e9cembre 2022, la Tunisie a enregistr\u00e9 137 nouveaux cas de Coronavirus sur 2....\" \/>\n<link rel=\"canonical\" href=\"https:\/\/www.webdo.tn\/fr\/actualite\/national-45\/bilan-covid-137-nouveaux-cas-3-deces-et-6-63-de-positivite\/200586\/\" \/>\n<meta property=\"og:locale\" content=\"fr_FR\" \/>\n<meta property=\"og:type\" content=\"article\" \/>\n<meta property=\"og:title\" content=\"Bilan Covid : 137 nouveaux cas, 3 d\u00e9c\u00e8s et 6,63% de positivit\u00e9\" \/>\n<meta property=\"og:description\" content=\"Selon le bulletin \u00e9pid\u00e9miologique publi\u00e9 par le minist\u00e8re de la Sant\u00e9, ce mardi 13 d\u00e9cembre 2022, la Tunisie a enregistr\u00e9 137 nouveaux cas de Coronavirus sur 2....\" \/>\n<meta property=\"og:url\" content=\"https:\/\/www.webdo.tn\/fr\/actualite\/national-45\/bilan-covid-137-nouveaux-cas-3-deces-et-6-63-de-positivite\/200586\/\" \/>\n<meta property=\"og:site_name\" content=\"webdo\" \/>\n<meta property=\"article:publisher\" content=\"https:\/\/www.facebook.com\/webdotn\" \/>\n<meta property=\"article:published_time\" content=\"2022-12-13T10:56:00+00:00\" \/>\n<meta property=\"article:modified_time\" content=\"2025-05-22T11:41:12+00:00\" \/>\n<meta property=\"og:image\" content=\"https:\/\/www.webdo.tn\/fr\/wp-content\/uploads\/2022\/12\/0af9bb59f660eeb5f140591b7de1893a.jpg\" \/>\n\t<meta property=\"og:image:width\" content=\"750\" \/>\n\t<meta property=\"og:image:height\" content=\"400\" \/>\n\t<meta property=\"og:image:type\" content=\"image\/jpeg\" \/>\n<meta name=\"author\" content=\"MK\" \/>\n<meta name=\"twitter:card\" content=\"summary_large_image\" \/>\n<meta name=\"twitter:creator\" content=\"@webdo_tn\" \/>\n<meta name=\"twitter:site\" content=\"@webdo_tn\" \/>\n<meta name=\"twitter:label1\" content=\"\u00c9crit par\" \/>\n\t<meta name=\"twitter:data1\" content=\"MK\" \/>\n<script type=\"application\/ld+json\" class=\"yoast-schema-graph\">{\"@context\":\"https:\\\/\\\/schema.org\",\"@graph\":[{\"@type\":\"NewsArticle\",\"@id\":\"https:\\\/\\\/www.webdo.tn\\\/fr\\\/actualite\\\/national-45\\\/bilan-covid-137-nouveaux-cas-3-deces-et-6-63-de-positivite\\\/200586\\\/#article\",\"isPartOf\":{\"@id\":\"https:\\\/\\\/www.webdo.tn\\\/fr\\\/actualite\\\/national-45\\\/bilan-covid-137-nouveaux-cas-3-deces-et-6-63-de-positivite\\\/200586\\\/\"},\"author\":{\"name\":\"MK\",\"@id\":\"https:\\\/\\\/www.webdo.tn\\\/fr\\\/#\\\/schema\\\/person\\\/c3a9d32fa6d495ca5f4b6510e3db97bf\"},\"headline\":\"Bilan Covid : 137 nouveaux cas, 3 d\u00e9c\u00e8s et 6,63% de positivit\u00e9\",\"datePublished\":\"2022-12-13T10:56:00+00:00\",\"dateModified\":\"2025-05-22T11:41:12+00:00\",\"mainEntityOfPage\":{\"@id\":\"https:\\\/\\\/www.webdo.tn\\\/fr\\\/actualite\\\/national-45\\\/bilan-covid-137-nouveaux-cas-3-deces-et-6-63-de-positivite\\\/200586\\\/\"},\"wordCount\":103,\"commentCount\":0,\"publisher\":{\"@id\":\"https:\\\/\\\/www.webdo.tn\\\/fr\\\/#organization\"},\"image\":{\"@id\":\"https:\\\/\\\/www.webdo.tn\\\/fr\\\/actualite\\\/national-45\\\/bilan-covid-137-nouveaux-cas-3-deces-et-6-63-de-positivite\\\/200586\\\/#primaryimage\"},\"thumbnailUrl\":\"https:\\\/\\\/www.webdo.tn\\\/fr\\\/wp-content\\\/uploads\\\/2022\\\/12\\\/0af9bb59f660eeb5f140591b7de1893a.jpg\",\"keywords\":[\"Covid\",\"Tunisie\"],\"articleSection\":[\"National\"],\"inLanguage\":\"fr-FR\"},{\"@type\":\"WebPage\",\"@id\":\"https:\\\/\\\/www.webdo.tn\\\/fr\\\/actualite\\\/national-45\\\/bilan-covid-137-nouveaux-cas-3-deces-et-6-63-de-positivite\\\/200586\\\/\",\"url\":\"https:\\\/\\\/www.webdo.tn\\\/fr\\\/actualite\\\/national-45\\\/bilan-covid-137-nouveaux-cas-3-deces-et-6-63-de-positivite\\\/200586\\\/\",\"name\":\"Bilan Covid : 137 nouveaux cas, 3 d\u00e9c\u00e8s et 6,63% de positivit\u00e9\",\"isPartOf\":{\"@id\":\"https:\\\/\\\/www.webdo.tn\\\/fr\\\/#website\"},\"primaryImageOfPage\":{\"@id\":\"https:\\\/\\\/www.webdo.tn\\\/fr\\\/actualite\\\/national-45\\\/bilan-covid-137-nouveaux-cas-3-deces-et-6-63-de-positivite\\\/200586\\\/#primaryimage\"},\"image\":{\"@id\":\"https:\\\/\\\/www.webdo.tn\\\/fr\\\/actualite\\\/national-45\\\/bilan-covid-137-nouveaux-cas-3-deces-et-6-63-de-positivite\\\/200586\\\/#primaryimage\"},\"thumbnailUrl\":\"https:\\\/\\\/www.webdo.tn\\\/fr\\\/wp-content\\\/uploads\\\/2022\\\/12\\\/0af9bb59f660eeb5f140591b7de1893a.jpg\",\"datePublished\":\"2022-12-13T10:56:00+00:00\",\"dateModified\":\"2025-05-22T11:41:12+00:00\",\"description\":\"Selon le bulletin \u00e9pid\u00e9miologique publi\u00e9 par le minist\u00e8re de la Sant\u00e9, ce mardi 13 d\u00e9cembre 2022, la Tunisie a enregistr\u00e9 137 nouveaux cas de Coronavirus sur 2....\",\"breadcrumb\":{\"@id\":\"https:\\\/\\\/www.webdo.tn\\\/fr\\\/actualite\\\/national-45\\\/bilan-covid-137-nouveaux-cas-3-deces-et-6-63-de-positivite\\\/200586\\\/#breadcrumb\"},\"inLanguage\":\"fr-FR\",\"potentialAction\":[{\"@type\":\"ReadAction\",\"target\":[\"https:\\\/\\\/www.webdo.tn\\\/fr\\\/actualite\\\/national-45\\\/bilan-covid-137-nouveaux-cas-3-deces-et-6-63-de-positivite\\\/200586\\\/\"]}]},{\"@type\":\"ImageObject\",\"inLanguage\":\"fr-FR\",\"@id\":\"https:\\\/\\\/www.webdo.tn\\\/fr\\\/actualite\\\/national-45\\\/bilan-covid-137-nouveaux-cas-3-deces-et-6-63-de-positivite\\\/200586\\\/#primaryimage\",\"url\":\"https:\\\/\\\/www.webdo.tn\\\/fr\\\/wp-content\\\/uploads\\\/2022\\\/12\\\/0af9bb59f660eeb5f140591b7de1893a.jpg\",\"contentUrl\":\"https:\\\/\\\/www.webdo.tn\\\/fr\\\/wp-content\\\/uploads\\\/2022\\\/12\\\/0af9bb59f660eeb5f140591b7de1893a.jpg\",\"width\":750,\"height\":400,\"caption\":\"Covid\"},{\"@type\":\"BreadcrumbList\",\"@id\":\"https:\\\/\\\/www.webdo.tn\\\/fr\\\/actualite\\\/national-45\\\/bilan-covid-137-nouveaux-cas-3-deces-et-6-63-de-positivite\\\/200586\\\/#breadcrumb\",\"itemListElement\":[{\"@type\":\"ListItem\",\"position\":1,\"name\":\"Accueil\",\"item\":\"https:\\\/\\\/www.webdo.tn\\\/fr\\\/\"},{\"@type\":\"ListItem\",\"position\":2,\"name\":\"Bilan Covid : 137 nouveaux cas, 3 d\u00e9c\u00e8s et 6,63% de positivit\u00e9\"}]},{\"@type\":\"WebSite\",\"@id\":\"https:\\\/\\\/www.webdo.tn\\\/fr\\\/#website\",\"url\":\"https:\\\/\\\/www.webdo.tn\\\/fr\\\/\",\"name\":\"webdo\",\"description\":\"Tunisie - News en Tunisie et \u00e0 l&#039;international sur Webdo.tn\",\"publisher\":{\"@id\":\"https:\\\/\\\/www.webdo.tn\\\/fr\\\/#organization\"},\"potentialAction\":[{\"@type\":\"SearchAction\",\"target\":{\"@type\":\"EntryPoint\",\"urlTemplate\":\"https:\\\/\\\/www.webdo.tn\\\/fr\\\/?s={search_term_string}\"},\"query-input\":{\"@type\":\"PropertyValueSpecification\",\"valueRequired\":true,\"valueName\":\"search_term_string\"}}],\"inLanguage\":\"fr-FR\"},{\"@type\":\"Organization\",\"@id\":\"https:\\\/\\\/www.webdo.tn\\\/fr\\\/#organization\",\"name\":\"Webdo\",\"alternateName\":\"Webdo.tn\",\"url\":\"https:\\\/\\\/www.webdo.tn\\\/fr\\\/\",\"logo\":{\"@type\":\"ImageObject\",\"inLanguage\":\"fr-FR\",\"@id\":\"https:\\\/\\\/www.webdo.tn\\\/fr\\\/#\\\/schema\\\/logo\\\/image\\\/\",\"url\":\"https:\\\/\\\/www.webdo.tn\\\/fr\\\/wp-content\\\/uploads\\\/2025\\\/06\\\/Webdo-Tunisie_168377.jpg\",\"contentUrl\":\"https:\\\/\\\/www.webdo.tn\\\/fr\\\/wp-content\\\/uploads\\\/2025\\\/06\\\/Webdo-Tunisie_168377.jpg\",\"width\":301,\"height\":301,\"caption\":\"Webdo\"},\"image\":{\"@id\":\"https:\\\/\\\/www.webdo.tn\\\/fr\\\/#\\\/schema\\\/logo\\\/image\\\/\"},\"sameAs\":[\"https:\\\/\\\/www.facebook.com\\\/webdotn\",\"https:\\\/\\\/x.com\\\/webdo_tn\"],\"description\":\"Webdo est un m\u00e9dia num\u00e9rique tunisien fond\u00e9 en 2010, sp\u00e9cialis\u00e9 dans l\u2019actualit\u00e9 nationale et internationale, l\u2019\u00e9conomie, la soci\u00e9t\u00e9 et les analyses politiques. Le site s\u2019adresse \u00e0 un large public francophone et couvre l\u2019information tunisienne en temps r\u00e9el.\",\"email\":\"redac@webdo.tn\",\"legalName\":\"YNJ SARL\",\"foundingDate\":\"2010-09-06\",\"numberOfEmployees\":{\"@type\":\"QuantitativeValue\",\"minValue\":\"11\",\"maxValue\":\"50\"}},{\"@type\":\"Person\",\"@id\":\"https:\\\/\\\/www.webdo.tn\\\/fr\\\/#\\\/schema\\\/person\\\/c3a9d32fa6d495ca5f4b6510e3db97bf\",\"name\":\"MK\",\"image\":{\"@type\":\"ImageObject\",\"inLanguage\":\"fr-FR\",\"@id\":\"https:\\\/\\\/secure.gravatar.com\\\/avatar\\\/6d44f937f19929f3b75db77056d3e08abd6e302e71bcfea340cd8b00c13e7baf?s=96&d=mm&r=g\",\"url\":\"https:\\\/\\\/secure.gravatar.com\\\/avatar\\\/6d44f937f19929f3b75db77056d3e08abd6e302e71bcfea340cd8b00c13e7baf?s=96&d=mm&r=g\",\"contentUrl\":\"https:\\\/\\\/secure.gravatar.com\\\/avatar\\\/6d44f937f19929f3b75db77056d3e08abd6e302e71bcfea340cd8b00c13e7baf?s=96&d=mm&r=g\",\"caption\":\"MK\"},\"url\":\"https:\\\/\\\/www.webdo.tn\\\/fr\\\/actualite\\\/author\\\/mk\\\/\"}]}<\/script>\n<!-- \/ Yoast SEO Premium plugin. -->","yoast_head_json":{"title":"Bilan Covid : 137 nouveaux cas, 3 d\u00e9c\u00e8s et 6,63% de positivit\u00e9","description":"Selon le bulletin \u00e9pid\u00e9miologique publi\u00e9 par le minist\u00e8re de la Sant\u00e9, ce mardi 13 d\u00e9cembre 2022, la Tunisie a enregistr\u00e9 137 nouveaux cas de Coronavirus sur 2....","canonical":"https:\/\/www.webdo.tn\/fr\/actualite\/national-45\/bilan-covid-137-nouveaux-cas-3-deces-et-6-63-de-positivite\/200586\/","og_locale":"fr_FR","og_type":"article","og_title":"Bilan Covid : 137 nouveaux cas, 3 d\u00e9c\u00e8s et 6,63% de positivit\u00e9","og_description":"Selon le bulletin \u00e9pid\u00e9miologique publi\u00e9 par le minist\u00e8re de la Sant\u00e9, ce mardi 13 d\u00e9cembre 2022, la Tunisie a enregistr\u00e9 137 nouveaux cas de Coronavirus sur 2....","og_url":"https:\/\/www.webdo.tn\/fr\/actualite\/national-45\/bilan-covid-137-nouveaux-cas-3-deces-et-6-63-de-positivite\/200586\/","og_site_name":"webdo","article_publisher":"https:\/\/www.facebook.com\/webdotn","article_published_time":"2022-12-13T10:56:00+00:00","article_modified_time":"2025-05-22T11:41:12+00:00","og_image":[{"width":750,"height":400,"url":"https:\/\/www.webdo.tn\/fr\/wp-content\/uploads\/2022\/12\/0af9bb59f660eeb5f140591b7de1893a.jpg","type":"image\/jpeg"}],"author":"MK","twitter_card":"summary_large_image","twitter_creator":"@webdo_tn","twitter_site":"@webdo_tn","twitter_misc":{"\u00c9crit par":"MK"},"schema":{"@context":"https:\/\/schema.org","@graph":[{"@type":"NewsArticle","@id":"https:\/\/www.webdo.tn\/fr\/actualite\/national-45\/bilan-covid-137-nouveaux-cas-3-deces-et-6-63-de-positivite\/200586\/#article","isPartOf":{"@id":"https:\/\/www.webdo.tn\/fr\/actualite\/national-45\/bilan-covid-137-nouveaux-cas-3-deces-et-6-63-de-positivite\/200586\/"},"author":{"name":"MK","@id":"https:\/\/www.webdo.tn\/fr\/#\/schema\/person\/c3a9d32fa6d495ca5f4b6510e3db97bf"},"headline":"Bilan Covid : 137 nouveaux cas, 3 d\u00e9c\u00e8s et 6,63% de positivit\u00e9","datePublished":"2022-12-13T10:56:00+00:00","dateModified":"2025-05-22T11:41:12+00:00","mainEntityOfPage":{"@id":"https:\/\/www.webdo.tn\/fr\/actualite\/national-45\/bilan-covid-137-nouveaux-cas-3-deces-et-6-63-de-positivite\/200586\/"},"wordCount":103,"commentCount":0,"publisher":{"@id":"https:\/\/www.webdo.tn\/fr\/#organization"},"image":{"@id":"https:\/\/www.webdo.tn\/fr\/actualite\/national-45\/bilan-covid-137-nouveaux-cas-3-deces-et-6-63-de-positivite\/200586\/#primaryimage"},"thumbnailUrl":"https:\/\/www.webdo.tn\/fr\/wp-content\/uploads\/2022\/12\/0af9bb59f660eeb5f140591b7de1893a.jpg","keywords":["Covid","Tunisie"],"articleSection":["National"],"inLanguage":"fr-FR"},{"@type":"WebPage","@id":"https:\/\/www.webdo.tn\/fr\/actualite\/national-45\/bilan-covid-137-nouveaux-cas-3-deces-et-6-63-de-positivite\/200586\/","url":"https:\/\/www.webdo.tn\/fr\/actualite\/national-45\/bilan-covid-137-nouveaux-cas-3-deces-et-6-63-de-positivite\/200586\/","name":"Bilan Covid : 137 nouveaux cas, 3 d\u00e9c\u00e8s et 6,63% de positivit\u00e9","isPartOf":{"@id":"https:\/\/www.webdo.tn\/fr\/#website"},"primaryImageOfPage":{"@id":"https:\/\/www.webdo.tn\/fr\/actualite\/national-45\/bilan-covid-137-nouveaux-cas-3-deces-et-6-63-de-positivite\/200586\/#primaryimage"},"image":{"@id":"https:\/\/www.webdo.tn\/fr\/actualite\/national-45\/bilan-covid-137-nouveaux-cas-3-deces-et-6-63-de-positivite\/200586\/#primaryimage"},"thumbnailUrl":"https:\/\/www.webdo.tn\/fr\/wp-content\/uploads\/2022\/12\/0af9bb59f660eeb5f140591b7de1893a.jpg","datePublished":"2022-12-13T10:56:00+00:00","dateModified":"2025-05-22T11:41:12+00:00","description":"Selon le bulletin \u00e9pid\u00e9miologique publi\u00e9 par le minist\u00e8re de la Sant\u00e9, ce mardi 13 d\u00e9cembre 2022, la Tunisie a enregistr\u00e9 137 nouveaux cas de Coronavirus sur 2....","breadcrumb":{"@id":"https:\/\/www.webdo.tn\/fr\/actualite\/national-45\/bilan-covid-137-nouveaux-cas-3-deces-et-6-63-de-positivite\/200586\/#breadcrumb"},"inLanguage":"fr-FR","potentialAction":[{"@type":"ReadAction","target":["https:\/\/www.webdo.tn\/fr\/actualite\/national-45\/bilan-covid-137-nouveaux-cas-3-deces-et-6-63-de-positivite\/200586\/"]}]},{"@type":"ImageObject","inLanguage":"fr-FR","@id":"https:\/\/www.webdo.tn\/fr\/actualite\/national-45\/bilan-covid-137-nouveaux-cas-3-deces-et-6-63-de-positivite\/200586\/#primaryimage","url":"https:\/\/www.webdo.tn\/fr\/wp-content\/uploads\/2022\/12\/0af9bb59f660eeb5f140591b7de1893a.jpg","contentUrl":"https:\/\/www.webdo.tn\/fr\/wp-content\/uploads\/2022\/12\/0af9bb59f660eeb5f140591b7de1893a.jpg","width":750,"height":400,"caption":"Covid"},{"@type":"BreadcrumbList","@id":"https:\/\/www.webdo.tn\/fr\/actualite\/national-45\/bilan-covid-137-nouveaux-cas-3-deces-et-6-63-de-positivite\/200586\/#breadcrumb","itemListElement":[{"@type":"ListItem","position":1,"name":"Accueil","item":"https:\/\/www.webdo.tn\/fr\/"},{"@type":"ListItem","position":2,"name":"Bilan Covid : 137 nouveaux cas, 3 d\u00e9c\u00e8s et 6,63% de positivit\u00e9"}]},{"@type":"WebSite","@id":"https:\/\/www.webdo.tn\/fr\/#website","url":"https:\/\/www.webdo.tn\/fr\/","name":"webdo","description":"Tunisie - News en Tunisie et \u00e0 l&#039;international sur Webdo.tn","publisher":{"@id":"https:\/\/www.webdo.tn\/fr\/#organization"},"potentialAction":[{"@type":"SearchAction","target":{"@type":"EntryPoint","urlTemplate":"https:\/\/www.webdo.tn\/fr\/?s={search_term_string}"},"query-input":{"@type":"PropertyValueSpecification","valueRequired":true,"valueName":"search_term_string"}}],"inLanguage":"fr-FR"},{"@type":"Organization","@id":"https:\/\/www.webdo.tn\/fr\/#organization","name":"Webdo","alternateName":"Webdo.tn","url":"https:\/\/www.webdo.tn\/fr\/","logo":{"@type":"ImageObject","inLanguage":"fr-FR","@id":"https:\/\/www.webdo.tn\/fr\/#\/schema\/logo\/image\/","url":"https:\/\/www.webdo.tn\/fr\/wp-content\/uploads\/2025\/06\/Webdo-Tunisie_168377.jpg","contentUrl":"https:\/\/www.webdo.tn\/fr\/wp-content\/uploads\/2025\/06\/Webdo-Tunisie_168377.jpg","width":301,"height":301,"caption":"Webdo"},"image":{"@id":"https:\/\/www.webdo.tn\/fr\/#\/schema\/logo\/image\/"},"sameAs":["https:\/\/www.facebook.com\/webdotn","https:\/\/x.com\/webdo_tn"],"description":"Webdo est un m\u00e9dia num\u00e9rique tunisien fond\u00e9 en 2010, sp\u00e9cialis\u00e9 dans l\u2019actualit\u00e9 nationale et internationale, l\u2019\u00e9conomie, la soci\u00e9t\u00e9 et les analyses politiques. Le site s\u2019adresse \u00e0 un large public francophone et couvre l\u2019information tunisienne en temps r\u00e9el.","email":"redac@webdo.tn","legalName":"YNJ SARL","foundingDate":"2010-09-06","numberOfEmployees":{"@type":"QuantitativeValue","minValue":"11","maxValue":"50"}},{"@type":"Person","@id":"https:\/\/www.webdo.tn\/fr\/#\/schema\/person\/c3a9d32fa6d495ca5f4b6510e3db97bf","name":"MK","image":{"@type":"ImageObject","inLanguage":"fr-FR","@id":"https:\/\/secure.gravatar.com\/avatar\/6d44f937f19929f3b75db77056d3e08abd6e302e71bcfea340cd8b00c13e7baf?s=96&d=mm&r=g","url":"https:\/\/secure.gravatar.com\/avatar\/6d44f937f19929f3b75db77056d3e08abd6e302e71bcfea340cd8b00c13e7baf?s=96&d=mm&r=g","contentUrl":"https:\/\/secure.gravatar.com\/avatar\/6d44f937f19929f3b75db77056d3e08abd6e302e71bcfea340cd8b00c13e7baf?s=96&d=mm&r=g","caption":"MK"},"url":"https:\/\/www.webdo.tn\/fr\/actualite\/author\/mk\/"}]}},"_links":{"self":[{"href":"https:\/\/www.webdo.tn\/fr\/wp-json\/wp\/v2\/posts\/200586","targetHints":{"allow":["GET"]}}],"collection":[{"href":"https:\/\/www.webdo.tn\/fr\/wp-json\/wp\/v2\/posts"}],"about":[{"href":"https:\/\/www.webdo.tn\/fr\/wp-json\/wp\/v2\/types\/post"}],"author":[{"embeddable":true,"href":"https:\/\/www.webdo.tn\/fr\/wp-json\/wp\/v2\/users\/3196"}],"replies":[{"embeddable":true,"href":"https:\/\/www.webdo.tn\/fr\/wp-json\/wp\/v2\/comments?post=200586"}],"version-history":[{"count":0,"href":"https:\/\/www.webdo.tn\/fr\/wp-json\/wp\/v2\/posts\/200586\/revisions"}],"wp:featuredmedia":[{"embeddable":true,"href":"https:\/\/www.webdo.tn\/fr\/wp-json\/wp\/v2\/media\/348441"}],"wp:attachment":[{"href":"https:\/\/www.webdo.tn\/fr\/wp-json\/wp\/v2\/media?parent=200586"}],"wp:term":[{"taxonomy":"category","embeddable":true,"href":"https:\/\/www.webdo.tn\/fr\/wp-json\/wp\/v2\/categories?post=200586"},{"taxonomy":"post_tag","embeddable":true,"href":"https:\/\/www.webdo.tn\/fr\/wp-json\/wp\/v2\/tags?post=200586"}],"curies":[{"name":"wp","href":"https:\/\/api.w.org\/{rel}","templated":true}]}}