{"id":200576,"date":"2022-12-13T09:23:00","date_gmt":"2022-12-13T09:23:00","guid":{"rendered":"https:\/\/www.webdo.tn\/fr\/blog\/wta-ons-jabeur-decroche-le-prix-du-fair-play-2022\/200576\/"},"modified":"2025-05-20T22:06:10","modified_gmt":"2025-05-20T22:06:10","slug":"wta-ons-jabeur-decroche-le-prix-du-fair-play-2022","status":"publish","type":"post","link":"https:\/\/www.webdo.tn\/fr\/actualite\/sport\/wta-ons-jabeur-decroche-le-prix-du-fair-play-2022\/200576\/","title":{"rendered":"WTA : Ons Jabeur d\u00e9croche le prix du fair-play 2022"},"content":{"rendered":"<p>La WTA a d\u00e9cern\u00e9, ce lundi 12 d\u00e9cembre, les prix de l\u2019ann\u00e9e 2022. Et si la num\u00e9ro 1 mondiale, Iga Swiatek, a \u00e9t\u00e9 \u00e9lue joueuse de l\u2019ann\u00e9e, Ons Jabeur, class\u00e9e 2\u00e8me mondiale, a re\u00e7u le prix Karen Krantzcke de l\u2019esprit sportif.<\/p>\n<p>\t\t\t\t\t\t\t\t\tC\u2019est sans surprise, que la Polonaise Iga Swiatek, actuelle num\u00e9ro 1 mondiale, a \u00e9t\u00e9 \u00e9lue joueuse de l&rsquo;ann\u00e9e, hier par la WTA. La jeune joueuse polonaise de 21 ans a notamment remport\u00e9 cette saison Roland-Garros pour la deuxi\u00e8me fois de sa carri\u00e8re ainsi que l&rsquo;US Open.<\/p>\n<p>Sa dauphine, la Tunisienne Ons Jabeur s\u2019est consol\u00e9e avec le prix du fair-play en remportant le prix Karen Krantzcke de l&rsquo;esprit sportif pour la premi\u00e8re fois de sa carri\u00e8re.<\/p>\n<p>Elle a \u00e9t\u00e9 \u00e9lue par ses paires pour avoir fait preuve d&rsquo;une conduite digne d&rsquo;une personnalit\u00e9 sportive professionnelle et avoir observ\u00e9 les r\u00e8gles du fair-play, fait preuve de respect envers les autres et fait preuve de courtoisie sur et en dehors du terrain.<\/p>\n<p>La Chinoise Zheng Qinwen, qui termine l&rsquo;ann\u00e9e 27\u00e8me apr\u00e8s avoir occup\u00e9 la 25eme place (son meilleur classement), a, elle, \u00e9t\u00e9 nomm\u00e9e r\u00e9v\u00e9lation de l&rsquo;ann\u00e9e.<\/p>\n<p>Du c\u00f4t\u00e9 des entra\u00eeneurs, la palme revient \u00e0 David Witt, le coach de l&rsquo;Am\u00e9ricaine Jessica Pegula. Cette derni\u00e8re, 3\u00e8me mondiale pour la premi\u00e8re fois de sa vie, a atteint les quarts de finale dans trois des quatre tournois du Grand Chelem.<\/p>\n<p>Enfin, en double, la paire tch\u00e8que compos\u00e9e de Barbora Krejcikova et Katerina Siniakova a \u00e9t\u00e9 pl\u00e9biscit\u00e9e pour la deuxi\u00e8me ann\u00e9e de suite. Il faut dire que les deux joueuses ont triomph\u00e9 \u00e0 l&rsquo;Open d&rsquo;Australie, Wimbledon et l&rsquo;US Open.<\/p>\n<p>Un nouveau titre honorifique pour l&rsquo;\u00e9g\u00e9rie de Tunisie Telecom qui s&rsquo;est s\u2019adjug\u00e9e il y a quelques jours le Prix Peace and Sport de Championne de la Paix de l\u2019ann\u00e9e 2022 pour avoir men\u00e9 une initiative sportive significative et durable, vers un changement pacifique.<\/p>\n","protected":false},"excerpt":{"rendered":"<p>La WTA a d\u00e9cern\u00e9, ce lundi 12 d\u00e9cembre, les prix de l\u2019ann\u00e9e 2022. Et si la num\u00e9ro 1 mondiale, Iga Swiatek, a \u00e9t\u00e9 \u00e9lue joueuse de l\u2019ann\u00e9e, Ons Jabeur, class\u00e9e 2\u00e8&#8230;<\/p>\n","protected":false},"author":3162,"featured_media":277392,"comment_status":"open","ping_status":"closed","sticky":false,"template":"","format":"standard","meta":{"footnotes":""},"categories":[2593],"tags":[9208,2604,2605,2691],"class_list":["post-200576","post","type-post","status-publish","format-standard","has-post-thumbnail","hentry","category-sport","tag-fair-play","tag-ons-jabeur","tag-tennis","tag-wta"],"yoast_head":"<!-- This site is optimized with the Yoast SEO Premium plugin v27.4 (Yoast SEO v27.5) - https:\/\/yoast.com\/product\/yoast-seo-premium-wordpress\/ -->\n<title>WTA : Ons Jabeur d\u00e9croche le prix du fair-play 2022<\/title>\n<meta name=\"description\" content=\"La WTA a d\u00e9cern\u00e9, ce lundi 12 d\u00e9cembre, les prix de l\u2019ann\u00e9e 2022. Et si la num\u00e9ro 1 mondiale, Iga Swiatek, a \u00e9t\u00e9 \u00e9lue joueuse de l\u2019ann\u00e9e, Ons Jabeur, class\u00e9e 2\u00e8...\" \/>\n<link rel=\"canonical\" href=\"https:\/\/www.webdo.tn\/fr\/actualite\/sport\/wta-ons-jabeur-decroche-le-prix-du-fair-play-2022\/200576\/\" \/>\n<meta property=\"og:locale\" content=\"fr_FR\" \/>\n<meta property=\"og:type\" content=\"article\" \/>\n<meta property=\"og:title\" content=\"WTA : Ons Jabeur d\u00e9croche le prix du fair-play 2022\" \/>\n<meta property=\"og:description\" content=\"La WTA a d\u00e9cern\u00e9, ce lundi 12 d\u00e9cembre, les prix de l\u2019ann\u00e9e 2022. Et si la num\u00e9ro 1 mondiale, Iga Swiatek, a \u00e9t\u00e9 \u00e9lue joueuse de l\u2019ann\u00e9e, Ons Jabeur, class\u00e9e 2\u00e8...\" \/>\n<meta property=\"og:url\" content=\"https:\/\/www.webdo.tn\/fr\/actualite\/sport\/wta-ons-jabeur-decroche-le-prix-du-fair-play-2022\/200576\/\" \/>\n<meta property=\"og:site_name\" content=\"webdo\" \/>\n<meta property=\"article:publisher\" content=\"https:\/\/www.facebook.com\/webdotn\" \/>\n<meta property=\"article:published_time\" content=\"2022-12-13T09:23:00+00:00\" \/>\n<meta property=\"article:modified_time\" content=\"2025-05-20T22:06:10+00:00\" \/>\n<meta property=\"og:image\" content=\"https:\/\/www.webdo.tn\/fr\/wp-content\/uploads\/2022\/12\/0f8195ab3f30d78efd5b0e0efe9d9422.jpg\" \/>\n\t<meta property=\"og:image:width\" content=\"750\" \/>\n\t<meta property=\"og:image:height\" content=\"400\" \/>\n\t<meta property=\"og:image:type\" content=\"image\/jpeg\" \/>\n<meta name=\"author\" content=\"MC\" \/>\n<meta name=\"twitter:card\" content=\"summary_large_image\" \/>\n<meta name=\"twitter:creator\" content=\"@webdo_tn\" \/>\n<meta name=\"twitter:site\" content=\"@webdo_tn\" \/>\n<meta name=\"twitter:label1\" content=\"\u00c9crit par\" \/>\n\t<meta name=\"twitter:data1\" content=\"MC\" \/>\n\t<meta name=\"twitter:label2\" content=\"Dur\u00e9e de lecture estim\u00e9e\" \/>\n\t<meta name=\"twitter:data2\" content=\"2 minutes\" \/>\n<script type=\"application\/ld+json\" class=\"yoast-schema-graph\">{\"@context\":\"https:\\\/\\\/schema.org\",\"@graph\":[{\"@type\":\"NewsArticle\",\"@id\":\"https:\\\/\\\/www.webdo.tn\\\/fr\\\/actualite\\\/sport\\\/wta-ons-jabeur-decroche-le-prix-du-fair-play-2022\\\/200576\\\/#article\",\"isPartOf\":{\"@id\":\"https:\\\/\\\/www.webdo.tn\\\/fr\\\/actualite\\\/sport\\\/wta-ons-jabeur-decroche-le-prix-du-fair-play-2022\\\/200576\\\/\"},\"author\":{\"name\":\"MC\",\"@id\":\"https:\\\/\\\/www.webdo.tn\\\/fr\\\/#\\\/schema\\\/person\\\/2c4929cbf5a809e3bd38617c6ce150f6\"},\"headline\":\"WTA : Ons Jabeur d\u00e9croche le prix du fair-play 2022\",\"datePublished\":\"2022-12-13T09:23:00+00:00\",\"dateModified\":\"2025-05-20T22:06:10+00:00\",\"mainEntityOfPage\":{\"@id\":\"https:\\\/\\\/www.webdo.tn\\\/fr\\\/actualite\\\/sport\\\/wta-ons-jabeur-decroche-le-prix-du-fair-play-2022\\\/200576\\\/\"},\"wordCount\":361,\"commentCount\":0,\"publisher\":{\"@id\":\"https:\\\/\\\/www.webdo.tn\\\/fr\\\/#organization\"},\"image\":{\"@id\":\"https:\\\/\\\/www.webdo.tn\\\/fr\\\/actualite\\\/sport\\\/wta-ons-jabeur-decroche-le-prix-du-fair-play-2022\\\/200576\\\/#primaryimage\"},\"thumbnailUrl\":\"https:\\\/\\\/www.webdo.tn\\\/fr\\\/wp-content\\\/uploads\\\/2022\\\/12\\\/0f8195ab3f30d78efd5b0e0efe9d9422.jpg\",\"keywords\":[\"fair-play\",\"Ons Jabeur\",\"tennis\",\"WTA\"],\"articleSection\":[\"Sport\"],\"inLanguage\":\"fr-FR\"},{\"@type\":\"WebPage\",\"@id\":\"https:\\\/\\\/www.webdo.tn\\\/fr\\\/actualite\\\/sport\\\/wta-ons-jabeur-decroche-le-prix-du-fair-play-2022\\\/200576\\\/\",\"url\":\"https:\\\/\\\/www.webdo.tn\\\/fr\\\/actualite\\\/sport\\\/wta-ons-jabeur-decroche-le-prix-du-fair-play-2022\\\/200576\\\/\",\"name\":\"WTA : Ons Jabeur d\u00e9croche le prix du fair-play 2022\",\"isPartOf\":{\"@id\":\"https:\\\/\\\/www.webdo.tn\\\/fr\\\/#website\"},\"primaryImageOfPage\":{\"@id\":\"https:\\\/\\\/www.webdo.tn\\\/fr\\\/actualite\\\/sport\\\/wta-ons-jabeur-decroche-le-prix-du-fair-play-2022\\\/200576\\\/#primaryimage\"},\"image\":{\"@id\":\"https:\\\/\\\/www.webdo.tn\\\/fr\\\/actualite\\\/sport\\\/wta-ons-jabeur-decroche-le-prix-du-fair-play-2022\\\/200576\\\/#primaryimage\"},\"thumbnailUrl\":\"https:\\\/\\\/www.webdo.tn\\\/fr\\\/wp-content\\\/uploads\\\/2022\\\/12\\\/0f8195ab3f30d78efd5b0e0efe9d9422.jpg\",\"datePublished\":\"2022-12-13T09:23:00+00:00\",\"dateModified\":\"2025-05-20T22:06:10+00:00\",\"description\":\"La WTA a d\u00e9cern\u00e9, ce lundi 12 d\u00e9cembre, les prix de l\u2019ann\u00e9e 2022. Et si la num\u00e9ro 1 mondiale, Iga Swiatek, a \u00e9t\u00e9 \u00e9lue joueuse de l\u2019ann\u00e9e, Ons Jabeur, class\u00e9e 2\u00e8...\",\"breadcrumb\":{\"@id\":\"https:\\\/\\\/www.webdo.tn\\\/fr\\\/actualite\\\/sport\\\/wta-ons-jabeur-decroche-le-prix-du-fair-play-2022\\\/200576\\\/#breadcrumb\"},\"inLanguage\":\"fr-FR\",\"potentialAction\":[{\"@type\":\"ReadAction\",\"target\":[\"https:\\\/\\\/www.webdo.tn\\\/fr\\\/actualite\\\/sport\\\/wta-ons-jabeur-decroche-le-prix-du-fair-play-2022\\\/200576\\\/\"]}]},{\"@type\":\"ImageObject\",\"inLanguage\":\"fr-FR\",\"@id\":\"https:\\\/\\\/www.webdo.tn\\\/fr\\\/actualite\\\/sport\\\/wta-ons-jabeur-decroche-le-prix-du-fair-play-2022\\\/200576\\\/#primaryimage\",\"url\":\"https:\\\/\\\/www.webdo.tn\\\/fr\\\/wp-content\\\/uploads\\\/2022\\\/12\\\/0f8195ab3f30d78efd5b0e0efe9d9422.jpg\",\"contentUrl\":\"https:\\\/\\\/www.webdo.tn\\\/fr\\\/wp-content\\\/uploads\\\/2022\\\/12\\\/0f8195ab3f30d78efd5b0e0efe9d9422.jpg\",\"width\":750,\"height\":400,\"caption\":\"WTA : Ons Jabeur d\u00e9croche le prix du fair-play 2022\"},{\"@type\":\"BreadcrumbList\",\"@id\":\"https:\\\/\\\/www.webdo.tn\\\/fr\\\/actualite\\\/sport\\\/wta-ons-jabeur-decroche-le-prix-du-fair-play-2022\\\/200576\\\/#breadcrumb\",\"itemListElement\":[{\"@type\":\"ListItem\",\"position\":1,\"name\":\"Accueil\",\"item\":\"https:\\\/\\\/www.webdo.tn\\\/fr\\\/\"},{\"@type\":\"ListItem\",\"position\":2,\"name\":\"WTA : Ons Jabeur d\u00e9croche le prix du fair-play 2022\"}]},{\"@type\":\"WebSite\",\"@id\":\"https:\\\/\\\/www.webdo.tn\\\/fr\\\/#website\",\"url\":\"https:\\\/\\\/www.webdo.tn\\\/fr\\\/\",\"name\":\"webdo\",\"description\":\"Tunisie - News en Tunisie et \u00e0 l&#039;international sur Webdo.tn\",\"publisher\":{\"@id\":\"https:\\\/\\\/www.webdo.tn\\\/fr\\\/#organization\"},\"potentialAction\":[{\"@type\":\"SearchAction\",\"target\":{\"@type\":\"EntryPoint\",\"urlTemplate\":\"https:\\\/\\\/www.webdo.tn\\\/fr\\\/?s={search_term_string}\"},\"query-input\":{\"@type\":\"PropertyValueSpecification\",\"valueRequired\":true,\"valueName\":\"search_term_string\"}}],\"inLanguage\":\"fr-FR\"},{\"@type\":\"Organization\",\"@id\":\"https:\\\/\\\/www.webdo.tn\\\/fr\\\/#organization\",\"name\":\"Webdo\",\"alternateName\":\"Webdo.tn\",\"url\":\"https:\\\/\\\/www.webdo.tn\\\/fr\\\/\",\"logo\":{\"@type\":\"ImageObject\",\"inLanguage\":\"fr-FR\",\"@id\":\"https:\\\/\\\/www.webdo.tn\\\/fr\\\/#\\\/schema\\\/logo\\\/image\\\/\",\"url\":\"https:\\\/\\\/www.webdo.tn\\\/fr\\\/wp-content\\\/uploads\\\/2025\\\/06\\\/Webdo-Tunisie_168377.jpg\",\"contentUrl\":\"https:\\\/\\\/www.webdo.tn\\\/fr\\\/wp-content\\\/uploads\\\/2025\\\/06\\\/Webdo-Tunisie_168377.jpg\",\"width\":301,\"height\":301,\"caption\":\"Webdo\"},\"image\":{\"@id\":\"https:\\\/\\\/www.webdo.tn\\\/fr\\\/#\\\/schema\\\/logo\\\/image\\\/\"},\"sameAs\":[\"https:\\\/\\\/www.facebook.com\\\/webdotn\",\"https:\\\/\\\/x.com\\\/webdo_tn\"],\"description\":\"Webdo est un m\u00e9dia num\u00e9rique tunisien fond\u00e9 en 2010, sp\u00e9cialis\u00e9 dans l\u2019actualit\u00e9 nationale et internationale, l\u2019\u00e9conomie, la soci\u00e9t\u00e9 et les analyses politiques. Le site s\u2019adresse \u00e0 un large public francophone et couvre l\u2019information tunisienne en temps r\u00e9el.\",\"email\":\"redac@webdo.tn\",\"legalName\":\"YNJ SARL\",\"foundingDate\":\"2010-09-06\",\"numberOfEmployees\":{\"@type\":\"QuantitativeValue\",\"minValue\":\"11\",\"maxValue\":\"50\"}},{\"@type\":\"Person\",\"@id\":\"https:\\\/\\\/www.webdo.tn\\\/fr\\\/#\\\/schema\\\/person\\\/2c4929cbf5a809e3bd38617c6ce150f6\",\"name\":\"MC\",\"image\":{\"@type\":\"ImageObject\",\"inLanguage\":\"fr-FR\",\"@id\":\"https:\\\/\\\/secure.gravatar.com\\\/avatar\\\/a545bbb6f84efdd5553dbbc2895e3ca8f1d12c5215e00a041c9670b54aa9b18a?s=96&d=mm&r=g\",\"url\":\"https:\\\/\\\/secure.gravatar.com\\\/avatar\\\/a545bbb6f84efdd5553dbbc2895e3ca8f1d12c5215e00a041c9670b54aa9b18a?s=96&d=mm&r=g\",\"contentUrl\":\"https:\\\/\\\/secure.gravatar.com\\\/avatar\\\/a545bbb6f84efdd5553dbbc2895e3ca8f1d12c5215e00a041c9670b54aa9b18a?s=96&d=mm&r=g\",\"caption\":\"MC\"},\"url\":\"https:\\\/\\\/www.webdo.tn\\\/fr\\\/actualite\\\/author\\\/mc\\\/\"}]}<\/script>\n<!-- \/ Yoast SEO Premium plugin. -->","yoast_head_json":{"title":"WTA : Ons Jabeur d\u00e9croche le prix du fair-play 2022","description":"La WTA a d\u00e9cern\u00e9, ce lundi 12 d\u00e9cembre, les prix de l\u2019ann\u00e9e 2022. Et si la num\u00e9ro 1 mondiale, Iga Swiatek, a \u00e9t\u00e9 \u00e9lue joueuse de l\u2019ann\u00e9e, Ons Jabeur, class\u00e9e 2\u00e8...","canonical":"https:\/\/www.webdo.tn\/fr\/actualite\/sport\/wta-ons-jabeur-decroche-le-prix-du-fair-play-2022\/200576\/","og_locale":"fr_FR","og_type":"article","og_title":"WTA : Ons Jabeur d\u00e9croche le prix du fair-play 2022","og_description":"La WTA a d\u00e9cern\u00e9, ce lundi 12 d\u00e9cembre, les prix de l\u2019ann\u00e9e 2022. Et si la num\u00e9ro 1 mondiale, Iga Swiatek, a \u00e9t\u00e9 \u00e9lue joueuse de l\u2019ann\u00e9e, Ons Jabeur, class\u00e9e 2\u00e8...","og_url":"https:\/\/www.webdo.tn\/fr\/actualite\/sport\/wta-ons-jabeur-decroche-le-prix-du-fair-play-2022\/200576\/","og_site_name":"webdo","article_publisher":"https:\/\/www.facebook.com\/webdotn","article_published_time":"2022-12-13T09:23:00+00:00","article_modified_time":"2025-05-20T22:06:10+00:00","og_image":[{"width":750,"height":400,"url":"https:\/\/www.webdo.tn\/fr\/wp-content\/uploads\/2022\/12\/0f8195ab3f30d78efd5b0e0efe9d9422.jpg","type":"image\/jpeg"}],"author":"MC","twitter_card":"summary_large_image","twitter_creator":"@webdo_tn","twitter_site":"@webdo_tn","twitter_misc":{"\u00c9crit par":"MC","Dur\u00e9e de lecture estim\u00e9e":"2 minutes"},"schema":{"@context":"https:\/\/schema.org","@graph":[{"@type":"NewsArticle","@id":"https:\/\/www.webdo.tn\/fr\/actualite\/sport\/wta-ons-jabeur-decroche-le-prix-du-fair-play-2022\/200576\/#article","isPartOf":{"@id":"https:\/\/www.webdo.tn\/fr\/actualite\/sport\/wta-ons-jabeur-decroche-le-prix-du-fair-play-2022\/200576\/"},"author":{"name":"MC","@id":"https:\/\/www.webdo.tn\/fr\/#\/schema\/person\/2c4929cbf5a809e3bd38617c6ce150f6"},"headline":"WTA : Ons Jabeur d\u00e9croche le prix du fair-play 2022","datePublished":"2022-12-13T09:23:00+00:00","dateModified":"2025-05-20T22:06:10+00:00","mainEntityOfPage":{"@id":"https:\/\/www.webdo.tn\/fr\/actualite\/sport\/wta-ons-jabeur-decroche-le-prix-du-fair-play-2022\/200576\/"},"wordCount":361,"commentCount":0,"publisher":{"@id":"https:\/\/www.webdo.tn\/fr\/#organization"},"image":{"@id":"https:\/\/www.webdo.tn\/fr\/actualite\/sport\/wta-ons-jabeur-decroche-le-prix-du-fair-play-2022\/200576\/#primaryimage"},"thumbnailUrl":"https:\/\/www.webdo.tn\/fr\/wp-content\/uploads\/2022\/12\/0f8195ab3f30d78efd5b0e0efe9d9422.jpg","keywords":["fair-play","Ons Jabeur","tennis","WTA"],"articleSection":["Sport"],"inLanguage":"fr-FR"},{"@type":"WebPage","@id":"https:\/\/www.webdo.tn\/fr\/actualite\/sport\/wta-ons-jabeur-decroche-le-prix-du-fair-play-2022\/200576\/","url":"https:\/\/www.webdo.tn\/fr\/actualite\/sport\/wta-ons-jabeur-decroche-le-prix-du-fair-play-2022\/200576\/","name":"WTA : Ons Jabeur d\u00e9croche le prix du fair-play 2022","isPartOf":{"@id":"https:\/\/www.webdo.tn\/fr\/#website"},"primaryImageOfPage":{"@id":"https:\/\/www.webdo.tn\/fr\/actualite\/sport\/wta-ons-jabeur-decroche-le-prix-du-fair-play-2022\/200576\/#primaryimage"},"image":{"@id":"https:\/\/www.webdo.tn\/fr\/actualite\/sport\/wta-ons-jabeur-decroche-le-prix-du-fair-play-2022\/200576\/#primaryimage"},"thumbnailUrl":"https:\/\/www.webdo.tn\/fr\/wp-content\/uploads\/2022\/12\/0f8195ab3f30d78efd5b0e0efe9d9422.jpg","datePublished":"2022-12-13T09:23:00+00:00","dateModified":"2025-05-20T22:06:10+00:00","description":"La WTA a d\u00e9cern\u00e9, ce lundi 12 d\u00e9cembre, les prix de l\u2019ann\u00e9e 2022. Et si la num\u00e9ro 1 mondiale, Iga Swiatek, a \u00e9t\u00e9 \u00e9lue joueuse de l\u2019ann\u00e9e, Ons Jabeur, class\u00e9e 2\u00e8...","breadcrumb":{"@id":"https:\/\/www.webdo.tn\/fr\/actualite\/sport\/wta-ons-jabeur-decroche-le-prix-du-fair-play-2022\/200576\/#breadcrumb"},"inLanguage":"fr-FR","potentialAction":[{"@type":"ReadAction","target":["https:\/\/www.webdo.tn\/fr\/actualite\/sport\/wta-ons-jabeur-decroche-le-prix-du-fair-play-2022\/200576\/"]}]},{"@type":"ImageObject","inLanguage":"fr-FR","@id":"https:\/\/www.webdo.tn\/fr\/actualite\/sport\/wta-ons-jabeur-decroche-le-prix-du-fair-play-2022\/200576\/#primaryimage","url":"https:\/\/www.webdo.tn\/fr\/wp-content\/uploads\/2022\/12\/0f8195ab3f30d78efd5b0e0efe9d9422.jpg","contentUrl":"https:\/\/www.webdo.tn\/fr\/wp-content\/uploads\/2022\/12\/0f8195ab3f30d78efd5b0e0efe9d9422.jpg","width":750,"height":400,"caption":"WTA : Ons Jabeur d\u00e9croche le prix du fair-play 2022"},{"@type":"BreadcrumbList","@id":"https:\/\/www.webdo.tn\/fr\/actualite\/sport\/wta-ons-jabeur-decroche-le-prix-du-fair-play-2022\/200576\/#breadcrumb","itemListElement":[{"@type":"ListItem","position":1,"name":"Accueil","item":"https:\/\/www.webdo.tn\/fr\/"},{"@type":"ListItem","position":2,"name":"WTA : Ons Jabeur d\u00e9croche le prix du fair-play 2022"}]},{"@type":"WebSite","@id":"https:\/\/www.webdo.tn\/fr\/#website","url":"https:\/\/www.webdo.tn\/fr\/","name":"webdo","description":"Tunisie - News en Tunisie et \u00e0 l&#039;international sur Webdo.tn","publisher":{"@id":"https:\/\/www.webdo.tn\/fr\/#organization"},"potentialAction":[{"@type":"SearchAction","target":{"@type":"EntryPoint","urlTemplate":"https:\/\/www.webdo.tn\/fr\/?s={search_term_string}"},"query-input":{"@type":"PropertyValueSpecification","valueRequired":true,"valueName":"search_term_string"}}],"inLanguage":"fr-FR"},{"@type":"Organization","@id":"https:\/\/www.webdo.tn\/fr\/#organization","name":"Webdo","alternateName":"Webdo.tn","url":"https:\/\/www.webdo.tn\/fr\/","logo":{"@type":"ImageObject","inLanguage":"fr-FR","@id":"https:\/\/www.webdo.tn\/fr\/#\/schema\/logo\/image\/","url":"https:\/\/www.webdo.tn\/fr\/wp-content\/uploads\/2025\/06\/Webdo-Tunisie_168377.jpg","contentUrl":"https:\/\/www.webdo.tn\/fr\/wp-content\/uploads\/2025\/06\/Webdo-Tunisie_168377.jpg","width":301,"height":301,"caption":"Webdo"},"image":{"@id":"https:\/\/www.webdo.tn\/fr\/#\/schema\/logo\/image\/"},"sameAs":["https:\/\/www.facebook.com\/webdotn","https:\/\/x.com\/webdo_tn"],"description":"Webdo est un m\u00e9dia num\u00e9rique tunisien fond\u00e9 en 2010, sp\u00e9cialis\u00e9 dans l\u2019actualit\u00e9 nationale et internationale, l\u2019\u00e9conomie, la soci\u00e9t\u00e9 et les analyses politiques. Le site s\u2019adresse \u00e0 un large public francophone et couvre l\u2019information tunisienne en temps r\u00e9el.","email":"redac@webdo.tn","legalName":"YNJ SARL","foundingDate":"2010-09-06","numberOfEmployees":{"@type":"QuantitativeValue","minValue":"11","maxValue":"50"}},{"@type":"Person","@id":"https:\/\/www.webdo.tn\/fr\/#\/schema\/person\/2c4929cbf5a809e3bd38617c6ce150f6","name":"MC","image":{"@type":"ImageObject","inLanguage":"fr-FR","@id":"https:\/\/secure.gravatar.com\/avatar\/a545bbb6f84efdd5553dbbc2895e3ca8f1d12c5215e00a041c9670b54aa9b18a?s=96&d=mm&r=g","url":"https:\/\/secure.gravatar.com\/avatar\/a545bbb6f84efdd5553dbbc2895e3ca8f1d12c5215e00a041c9670b54aa9b18a?s=96&d=mm&r=g","contentUrl":"https:\/\/secure.gravatar.com\/avatar\/a545bbb6f84efdd5553dbbc2895e3ca8f1d12c5215e00a041c9670b54aa9b18a?s=96&d=mm&r=g","caption":"MC"},"url":"https:\/\/www.webdo.tn\/fr\/actualite\/author\/mc\/"}]}},"_links":{"self":[{"href":"https:\/\/www.webdo.tn\/fr\/wp-json\/wp\/v2\/posts\/200576","targetHints":{"allow":["GET"]}}],"collection":[{"href":"https:\/\/www.webdo.tn\/fr\/wp-json\/wp\/v2\/posts"}],"about":[{"href":"https:\/\/www.webdo.tn\/fr\/wp-json\/wp\/v2\/types\/post"}],"author":[{"embeddable":true,"href":"https:\/\/www.webdo.tn\/fr\/wp-json\/wp\/v2\/users\/3162"}],"replies":[{"embeddable":true,"href":"https:\/\/www.webdo.tn\/fr\/wp-json\/wp\/v2\/comments?post=200576"}],"version-history":[{"count":0,"href":"https:\/\/www.webdo.tn\/fr\/wp-json\/wp\/v2\/posts\/200576\/revisions"}],"wp:featuredmedia":[{"embeddable":true,"href":"https:\/\/www.webdo.tn\/fr\/wp-json\/wp\/v2\/media\/277392"}],"wp:attachment":[{"href":"https:\/\/www.webdo.tn\/fr\/wp-json\/wp\/v2\/media?parent=200576"}],"wp:term":[{"taxonomy":"category","embeddable":true,"href":"https:\/\/www.webdo.tn\/fr\/wp-json\/wp\/v2\/categories?post=200576"},{"taxonomy":"post_tag","embeddable":true,"href":"https:\/\/www.webdo.tn\/fr\/wp-json\/wp\/v2\/tags?post=200576"}],"curies":[{"name":"wp","href":"https:\/\/api.w.org\/{rel}","templated":true}]}}