{"id":200551,"date":"2022-12-12T15:31:00","date_gmt":"2022-12-12T15:31:00","guid":{"rendered":"https:\/\/www.webdo.tn\/fr\/blog\/la-ctn-annonce-l-ouverture-des-reservations-pour-la-saison-2023\/200551\/"},"modified":"2025-05-20T22:06:08","modified_gmt":"2025-05-20T22:06:08","slug":"la-ctn-annonce-l-ouverture-des-reservations-pour-la-saison-2023","status":"publish","type":"post","link":"https:\/\/www.webdo.tn\/fr\/actualite\/national\/la-ctn-annonce-l-ouverture-des-reservations-pour-la-saison-2023\/200551\/","title":{"rendered":"La CTN annonce l&rsquo;ouverture des r\u00e9servations pour la saison 2023"},"content":{"rendered":"<p>La Compagnie tunisienne de navigation (CTN) a annonc\u00e9, aujourd&rsquo;hui, l\u2019ouverture, \u00e0 partir de demain, mardi 13 d\u00e9cembre 2022, des r\u00e9servations pour la saison 2023 sur les lignes Marseille (France) et G\u00eanes (Italie).<\/p>\n<p>\t\t\t\t\t\t\t\t\tDans son communiqu\u00e9, la CTN pr\u00e9cise que les r\u00e9servations sont possibles dans les agences CTN et les agences de voyage partenaires en Tunisie et en Europe, ainsi que sur son site web : www.ctn.com.tn.<\/p>\n","protected":false},"excerpt":{"rendered":"<p>La Compagnie tunisienne de navigation (CTN) a annonc\u00e9, aujourd&rsquo;hui, l\u2019ouverture, \u00e0 partir de demain, mardi 13 d\u00e9cembre 2022, des r\u00e9servations pour la saison 202&#8230;<\/p>\n","protected":false},"author":3162,"featured_media":277380,"comment_status":"open","ping_status":"closed","sticky":false,"template":"","format":"standard","meta":{"footnotes":""},"categories":[44],"tags":[4086,4087,3928,7602,2640],"class_list":["post-200551","post","type-post","status-publish","format-standard","has-post-thumbnail","hentry","category-national","tag-ctn","tag-genes","tag-marseille","tag-traversee","tag-tunis"],"yoast_head":"<!-- This site is optimized with the Yoast SEO Premium plugin v27.5 (Yoast SEO v27.5) - https:\/\/yoast.com\/product\/yoast-seo-premium-wordpress\/ -->\n<title>La CTN annonce l&#039;ouverture des r\u00e9servations pour la saison 2023<\/title>\n<meta name=\"description\" content=\"La Compagnie tunisienne de navigation (CTN) a annonc\u00e9, aujourd&#039;hui, l\u2019ouverture, \u00e0 partir de demain, mardi 13 d\u00e9cembre 2022, des r\u00e9servations pour la saison 202...\" \/>\n<link rel=\"canonical\" href=\"https:\/\/www.webdo.tn\/fr\/actualite\/national\/la-ctn-annonce-l-ouverture-des-reservations-pour-la-saison-2023\/200551\/\" \/>\n<meta property=\"og:locale\" content=\"fr_FR\" \/>\n<meta property=\"og:type\" content=\"article\" \/>\n<meta property=\"og:title\" content=\"La CTN annonce l&#039;ouverture des r\u00e9servations pour la saison 2023\" \/>\n<meta property=\"og:description\" content=\"La Compagnie tunisienne de navigation (CTN) a annonc\u00e9, aujourd&#039;hui, l\u2019ouverture, \u00e0 partir de demain, mardi 13 d\u00e9cembre 2022, des r\u00e9servations pour la saison 202...\" \/>\n<meta property=\"og:url\" content=\"https:\/\/www.webdo.tn\/fr\/actualite\/national\/la-ctn-annonce-l-ouverture-des-reservations-pour-la-saison-2023\/200551\/\" \/>\n<meta property=\"og:site_name\" content=\"webdo\" \/>\n<meta property=\"article:publisher\" content=\"https:\/\/www.facebook.com\/webdotn\" \/>\n<meta property=\"article:published_time\" content=\"2022-12-12T15:31:00+00:00\" \/>\n<meta property=\"article:modified_time\" content=\"2025-05-20T22:06:08+00:00\" \/>\n<meta property=\"og:image\" content=\"https:\/\/www.webdo.tn\/fr\/wp-content\/uploads\/2022\/12\/0499aa802bf099d117825ac6f486019f.jpg\" \/>\n\t<meta property=\"og:image:width\" content=\"750\" \/>\n\t<meta property=\"og:image:height\" content=\"400\" \/>\n\t<meta property=\"og:image:type\" content=\"image\/jpeg\" \/>\n<meta name=\"author\" content=\"MC\" \/>\n<meta name=\"twitter:card\" content=\"summary_large_image\" \/>\n<meta name=\"twitter:creator\" content=\"@webdo_tn\" \/>\n<meta name=\"twitter:site\" content=\"@webdo_tn\" \/>\n<meta name=\"twitter:label1\" content=\"\u00c9crit par\" \/>\n\t<meta name=\"twitter:data1\" content=\"MC\" \/>\n<script type=\"application\/ld+json\" class=\"yoast-schema-graph\">{\"@context\":\"https:\\\/\\\/schema.org\",\"@graph\":[{\"@type\":\"NewsArticle\",\"@id\":\"https:\\\/\\\/www.webdo.tn\\\/fr\\\/actualite\\\/national\\\/la-ctn-annonce-l-ouverture-des-reservations-pour-la-saison-2023\\\/200551\\\/#article\",\"isPartOf\":{\"@id\":\"https:\\\/\\\/www.webdo.tn\\\/fr\\\/actualite\\\/national\\\/la-ctn-annonce-l-ouverture-des-reservations-pour-la-saison-2023\\\/200551\\\/\"},\"author\":{\"name\":\"MC\",\"@id\":\"https:\\\/\\\/www.webdo.tn\\\/fr\\\/#\\\/schema\\\/person\\\/2c4929cbf5a809e3bd38617c6ce150f6\"},\"headline\":\"La CTN annonce l&rsquo;ouverture des r\u00e9servations pour la saison 2023\",\"datePublished\":\"2022-12-12T15:31:00+00:00\",\"dateModified\":\"2025-05-20T22:06:08+00:00\",\"mainEntityOfPage\":{\"@id\":\"https:\\\/\\\/www.webdo.tn\\\/fr\\\/actualite\\\/national\\\/la-ctn-annonce-l-ouverture-des-reservations-pour-la-saison-2023\\\/200551\\\/\"},\"wordCount\":82,\"commentCount\":0,\"publisher\":{\"@id\":\"https:\\\/\\\/www.webdo.tn\\\/fr\\\/#organization\"},\"image\":{\"@id\":\"https:\\\/\\\/www.webdo.tn\\\/fr\\\/actualite\\\/national\\\/la-ctn-annonce-l-ouverture-des-reservations-pour-la-saison-2023\\\/200551\\\/#primaryimage\"},\"thumbnailUrl\":\"https:\\\/\\\/www.webdo.tn\\\/fr\\\/wp-content\\\/uploads\\\/2022\\\/12\\\/0499aa802bf099d117825ac6f486019f.jpg\",\"keywords\":[\"CTN\",\"g\u00eanes\",\"marseille\",\"travers\u00e9e\",\"Tunis\"],\"articleSection\":[\"National\"],\"inLanguage\":\"fr-FR\"},{\"@type\":\"WebPage\",\"@id\":\"https:\\\/\\\/www.webdo.tn\\\/fr\\\/actualite\\\/national\\\/la-ctn-annonce-l-ouverture-des-reservations-pour-la-saison-2023\\\/200551\\\/\",\"url\":\"https:\\\/\\\/www.webdo.tn\\\/fr\\\/actualite\\\/national\\\/la-ctn-annonce-l-ouverture-des-reservations-pour-la-saison-2023\\\/200551\\\/\",\"name\":\"La CTN annonce l'ouverture des r\u00e9servations pour la saison 2023\",\"isPartOf\":{\"@id\":\"https:\\\/\\\/www.webdo.tn\\\/fr\\\/#website\"},\"primaryImageOfPage\":{\"@id\":\"https:\\\/\\\/www.webdo.tn\\\/fr\\\/actualite\\\/national\\\/la-ctn-annonce-l-ouverture-des-reservations-pour-la-saison-2023\\\/200551\\\/#primaryimage\"},\"image\":{\"@id\":\"https:\\\/\\\/www.webdo.tn\\\/fr\\\/actualite\\\/national\\\/la-ctn-annonce-l-ouverture-des-reservations-pour-la-saison-2023\\\/200551\\\/#primaryimage\"},\"thumbnailUrl\":\"https:\\\/\\\/www.webdo.tn\\\/fr\\\/wp-content\\\/uploads\\\/2022\\\/12\\\/0499aa802bf099d117825ac6f486019f.jpg\",\"datePublished\":\"2022-12-12T15:31:00+00:00\",\"dateModified\":\"2025-05-20T22:06:08+00:00\",\"description\":\"La Compagnie tunisienne de navigation (CTN) a annonc\u00e9, aujourd'hui, l\u2019ouverture, \u00e0 partir de demain, mardi 13 d\u00e9cembre 2022, des r\u00e9servations pour la saison 202...\",\"breadcrumb\":{\"@id\":\"https:\\\/\\\/www.webdo.tn\\\/fr\\\/actualite\\\/national\\\/la-ctn-annonce-l-ouverture-des-reservations-pour-la-saison-2023\\\/200551\\\/#breadcrumb\"},\"inLanguage\":\"fr-FR\",\"potentialAction\":[{\"@type\":\"ReadAction\",\"target\":[\"https:\\\/\\\/www.webdo.tn\\\/fr\\\/actualite\\\/national\\\/la-ctn-annonce-l-ouverture-des-reservations-pour-la-saison-2023\\\/200551\\\/\"]}]},{\"@type\":\"ImageObject\",\"inLanguage\":\"fr-FR\",\"@id\":\"https:\\\/\\\/www.webdo.tn\\\/fr\\\/actualite\\\/national\\\/la-ctn-annonce-l-ouverture-des-reservations-pour-la-saison-2023\\\/200551\\\/#primaryimage\",\"url\":\"https:\\\/\\\/www.webdo.tn\\\/fr\\\/wp-content\\\/uploads\\\/2022\\\/12\\\/0499aa802bf099d117825ac6f486019f.jpg\",\"contentUrl\":\"https:\\\/\\\/www.webdo.tn\\\/fr\\\/wp-content\\\/uploads\\\/2022\\\/12\\\/0499aa802bf099d117825ac6f486019f.jpg\",\"width\":750,\"height\":400,\"caption\":\"La CTN annonce l'ouverture des r\u00e9servations pour la saison 2023\"},{\"@type\":\"BreadcrumbList\",\"@id\":\"https:\\\/\\\/www.webdo.tn\\\/fr\\\/actualite\\\/national\\\/la-ctn-annonce-l-ouverture-des-reservations-pour-la-saison-2023\\\/200551\\\/#breadcrumb\",\"itemListElement\":[{\"@type\":\"ListItem\",\"position\":1,\"name\":\"Accueil\",\"item\":\"https:\\\/\\\/www.webdo.tn\\\/fr\\\/\"},{\"@type\":\"ListItem\",\"position\":2,\"name\":\"La CTN annonce l&rsquo;ouverture des r\u00e9servations pour la saison 2023\"}]},{\"@type\":\"WebSite\",\"@id\":\"https:\\\/\\\/www.webdo.tn\\\/fr\\\/#website\",\"url\":\"https:\\\/\\\/www.webdo.tn\\\/fr\\\/\",\"name\":\"webdo\",\"description\":\"Tunisie - News en Tunisie et \u00e0 l&#039;international sur Webdo.tn\",\"publisher\":{\"@id\":\"https:\\\/\\\/www.webdo.tn\\\/fr\\\/#organization\"},\"potentialAction\":[{\"@type\":\"SearchAction\",\"target\":{\"@type\":\"EntryPoint\",\"urlTemplate\":\"https:\\\/\\\/www.webdo.tn\\\/fr\\\/?s={search_term_string}\"},\"query-input\":{\"@type\":\"PropertyValueSpecification\",\"valueRequired\":true,\"valueName\":\"search_term_string\"}}],\"inLanguage\":\"fr-FR\"},{\"@type\":\"Organization\",\"@id\":\"https:\\\/\\\/www.webdo.tn\\\/fr\\\/#organization\",\"name\":\"Webdo\",\"alternateName\":\"Webdo.tn\",\"url\":\"https:\\\/\\\/www.webdo.tn\\\/fr\\\/\",\"logo\":{\"@type\":\"ImageObject\",\"inLanguage\":\"fr-FR\",\"@id\":\"https:\\\/\\\/www.webdo.tn\\\/fr\\\/#\\\/schema\\\/logo\\\/image\\\/\",\"url\":\"https:\\\/\\\/www.webdo.tn\\\/fr\\\/wp-content\\\/uploads\\\/2025\\\/06\\\/Webdo-Tunisie_168377.jpg\",\"contentUrl\":\"https:\\\/\\\/www.webdo.tn\\\/fr\\\/wp-content\\\/uploads\\\/2025\\\/06\\\/Webdo-Tunisie_168377.jpg\",\"width\":301,\"height\":301,\"caption\":\"Webdo\"},\"image\":{\"@id\":\"https:\\\/\\\/www.webdo.tn\\\/fr\\\/#\\\/schema\\\/logo\\\/image\\\/\"},\"sameAs\":[\"https:\\\/\\\/www.facebook.com\\\/webdotn\",\"https:\\\/\\\/x.com\\\/webdo_tn\"],\"description\":\"Webdo est un m\u00e9dia num\u00e9rique tunisien fond\u00e9 en 2010, sp\u00e9cialis\u00e9 dans l\u2019actualit\u00e9 nationale et internationale, l\u2019\u00e9conomie, la soci\u00e9t\u00e9 et les analyses politiques. Le site s\u2019adresse \u00e0 un large public francophone et couvre l\u2019information tunisienne en temps r\u00e9el.\",\"email\":\"redac@webdo.tn\",\"legalName\":\"YNJ SARL\",\"foundingDate\":\"2010-09-06\",\"numberOfEmployees\":{\"@type\":\"QuantitativeValue\",\"minValue\":\"11\",\"maxValue\":\"50\"}},{\"@type\":\"Person\",\"@id\":\"https:\\\/\\\/www.webdo.tn\\\/fr\\\/#\\\/schema\\\/person\\\/2c4929cbf5a809e3bd38617c6ce150f6\",\"name\":\"MC\",\"image\":{\"@type\":\"ImageObject\",\"inLanguage\":\"fr-FR\",\"@id\":\"https:\\\/\\\/secure.gravatar.com\\\/avatar\\\/a545bbb6f84efdd5553dbbc2895e3ca8f1d12c5215e00a041c9670b54aa9b18a?s=96&d=mm&r=g\",\"url\":\"https:\\\/\\\/secure.gravatar.com\\\/avatar\\\/a545bbb6f84efdd5553dbbc2895e3ca8f1d12c5215e00a041c9670b54aa9b18a?s=96&d=mm&r=g\",\"contentUrl\":\"https:\\\/\\\/secure.gravatar.com\\\/avatar\\\/a545bbb6f84efdd5553dbbc2895e3ca8f1d12c5215e00a041c9670b54aa9b18a?s=96&d=mm&r=g\",\"caption\":\"MC\"},\"url\":\"https:\\\/\\\/www.webdo.tn\\\/fr\\\/actualite\\\/author\\\/mc\\\/\"}]}<\/script>\n<!-- \/ Yoast SEO Premium plugin. -->","yoast_head_json":{"title":"La CTN annonce l'ouverture des r\u00e9servations pour la saison 2023","description":"La Compagnie tunisienne de navigation (CTN) a annonc\u00e9, aujourd'hui, l\u2019ouverture, \u00e0 partir de demain, mardi 13 d\u00e9cembre 2022, des r\u00e9servations pour la saison 202...","canonical":"https:\/\/www.webdo.tn\/fr\/actualite\/national\/la-ctn-annonce-l-ouverture-des-reservations-pour-la-saison-2023\/200551\/","og_locale":"fr_FR","og_type":"article","og_title":"La CTN annonce l'ouverture des r\u00e9servations pour la saison 2023","og_description":"La Compagnie tunisienne de navigation (CTN) a annonc\u00e9, aujourd'hui, l\u2019ouverture, \u00e0 partir de demain, mardi 13 d\u00e9cembre 2022, des r\u00e9servations pour la saison 202...","og_url":"https:\/\/www.webdo.tn\/fr\/actualite\/national\/la-ctn-annonce-l-ouverture-des-reservations-pour-la-saison-2023\/200551\/","og_site_name":"webdo","article_publisher":"https:\/\/www.facebook.com\/webdotn","article_published_time":"2022-12-12T15:31:00+00:00","article_modified_time":"2025-05-20T22:06:08+00:00","og_image":[{"width":750,"height":400,"url":"https:\/\/www.webdo.tn\/fr\/wp-content\/uploads\/2022\/12\/0499aa802bf099d117825ac6f486019f.jpg","type":"image\/jpeg"}],"author":"MC","twitter_card":"summary_large_image","twitter_creator":"@webdo_tn","twitter_site":"@webdo_tn","twitter_misc":{"\u00c9crit par":"MC"},"schema":{"@context":"https:\/\/schema.org","@graph":[{"@type":"NewsArticle","@id":"https:\/\/www.webdo.tn\/fr\/actualite\/national\/la-ctn-annonce-l-ouverture-des-reservations-pour-la-saison-2023\/200551\/#article","isPartOf":{"@id":"https:\/\/www.webdo.tn\/fr\/actualite\/national\/la-ctn-annonce-l-ouverture-des-reservations-pour-la-saison-2023\/200551\/"},"author":{"name":"MC","@id":"https:\/\/www.webdo.tn\/fr\/#\/schema\/person\/2c4929cbf5a809e3bd38617c6ce150f6"},"headline":"La CTN annonce l&rsquo;ouverture des r\u00e9servations pour la saison 2023","datePublished":"2022-12-12T15:31:00+00:00","dateModified":"2025-05-20T22:06:08+00:00","mainEntityOfPage":{"@id":"https:\/\/www.webdo.tn\/fr\/actualite\/national\/la-ctn-annonce-l-ouverture-des-reservations-pour-la-saison-2023\/200551\/"},"wordCount":82,"commentCount":0,"publisher":{"@id":"https:\/\/www.webdo.tn\/fr\/#organization"},"image":{"@id":"https:\/\/www.webdo.tn\/fr\/actualite\/national\/la-ctn-annonce-l-ouverture-des-reservations-pour-la-saison-2023\/200551\/#primaryimage"},"thumbnailUrl":"https:\/\/www.webdo.tn\/fr\/wp-content\/uploads\/2022\/12\/0499aa802bf099d117825ac6f486019f.jpg","keywords":["CTN","g\u00eanes","marseille","travers\u00e9e","Tunis"],"articleSection":["National"],"inLanguage":"fr-FR"},{"@type":"WebPage","@id":"https:\/\/www.webdo.tn\/fr\/actualite\/national\/la-ctn-annonce-l-ouverture-des-reservations-pour-la-saison-2023\/200551\/","url":"https:\/\/www.webdo.tn\/fr\/actualite\/national\/la-ctn-annonce-l-ouverture-des-reservations-pour-la-saison-2023\/200551\/","name":"La CTN annonce l'ouverture des r\u00e9servations pour la saison 2023","isPartOf":{"@id":"https:\/\/www.webdo.tn\/fr\/#website"},"primaryImageOfPage":{"@id":"https:\/\/www.webdo.tn\/fr\/actualite\/national\/la-ctn-annonce-l-ouverture-des-reservations-pour-la-saison-2023\/200551\/#primaryimage"},"image":{"@id":"https:\/\/www.webdo.tn\/fr\/actualite\/national\/la-ctn-annonce-l-ouverture-des-reservations-pour-la-saison-2023\/200551\/#primaryimage"},"thumbnailUrl":"https:\/\/www.webdo.tn\/fr\/wp-content\/uploads\/2022\/12\/0499aa802bf099d117825ac6f486019f.jpg","datePublished":"2022-12-12T15:31:00+00:00","dateModified":"2025-05-20T22:06:08+00:00","description":"La Compagnie tunisienne de navigation (CTN) a annonc\u00e9, aujourd'hui, l\u2019ouverture, \u00e0 partir de demain, mardi 13 d\u00e9cembre 2022, des r\u00e9servations pour la saison 202...","breadcrumb":{"@id":"https:\/\/www.webdo.tn\/fr\/actualite\/national\/la-ctn-annonce-l-ouverture-des-reservations-pour-la-saison-2023\/200551\/#breadcrumb"},"inLanguage":"fr-FR","potentialAction":[{"@type":"ReadAction","target":["https:\/\/www.webdo.tn\/fr\/actualite\/national\/la-ctn-annonce-l-ouverture-des-reservations-pour-la-saison-2023\/200551\/"]}]},{"@type":"ImageObject","inLanguage":"fr-FR","@id":"https:\/\/www.webdo.tn\/fr\/actualite\/national\/la-ctn-annonce-l-ouverture-des-reservations-pour-la-saison-2023\/200551\/#primaryimage","url":"https:\/\/www.webdo.tn\/fr\/wp-content\/uploads\/2022\/12\/0499aa802bf099d117825ac6f486019f.jpg","contentUrl":"https:\/\/www.webdo.tn\/fr\/wp-content\/uploads\/2022\/12\/0499aa802bf099d117825ac6f486019f.jpg","width":750,"height":400,"caption":"La CTN annonce l'ouverture des r\u00e9servations pour la saison 2023"},{"@type":"BreadcrumbList","@id":"https:\/\/www.webdo.tn\/fr\/actualite\/national\/la-ctn-annonce-l-ouverture-des-reservations-pour-la-saison-2023\/200551\/#breadcrumb","itemListElement":[{"@type":"ListItem","position":1,"name":"Accueil","item":"https:\/\/www.webdo.tn\/fr\/"},{"@type":"ListItem","position":2,"name":"La CTN annonce l&rsquo;ouverture des r\u00e9servations pour la saison 2023"}]},{"@type":"WebSite","@id":"https:\/\/www.webdo.tn\/fr\/#website","url":"https:\/\/www.webdo.tn\/fr\/","name":"webdo","description":"Tunisie - News en Tunisie et \u00e0 l&#039;international sur Webdo.tn","publisher":{"@id":"https:\/\/www.webdo.tn\/fr\/#organization"},"potentialAction":[{"@type":"SearchAction","target":{"@type":"EntryPoint","urlTemplate":"https:\/\/www.webdo.tn\/fr\/?s={search_term_string}"},"query-input":{"@type":"PropertyValueSpecification","valueRequired":true,"valueName":"search_term_string"}}],"inLanguage":"fr-FR"},{"@type":"Organization","@id":"https:\/\/www.webdo.tn\/fr\/#organization","name":"Webdo","alternateName":"Webdo.tn","url":"https:\/\/www.webdo.tn\/fr\/","logo":{"@type":"ImageObject","inLanguage":"fr-FR","@id":"https:\/\/www.webdo.tn\/fr\/#\/schema\/logo\/image\/","url":"https:\/\/www.webdo.tn\/fr\/wp-content\/uploads\/2025\/06\/Webdo-Tunisie_168377.jpg","contentUrl":"https:\/\/www.webdo.tn\/fr\/wp-content\/uploads\/2025\/06\/Webdo-Tunisie_168377.jpg","width":301,"height":301,"caption":"Webdo"},"image":{"@id":"https:\/\/www.webdo.tn\/fr\/#\/schema\/logo\/image\/"},"sameAs":["https:\/\/www.facebook.com\/webdotn","https:\/\/x.com\/webdo_tn"],"description":"Webdo est un m\u00e9dia num\u00e9rique tunisien fond\u00e9 en 2010, sp\u00e9cialis\u00e9 dans l\u2019actualit\u00e9 nationale et internationale, l\u2019\u00e9conomie, la soci\u00e9t\u00e9 et les analyses politiques. Le site s\u2019adresse \u00e0 un large public francophone et couvre l\u2019information tunisienne en temps r\u00e9el.","email":"redac@webdo.tn","legalName":"YNJ SARL","foundingDate":"2010-09-06","numberOfEmployees":{"@type":"QuantitativeValue","minValue":"11","maxValue":"50"}},{"@type":"Person","@id":"https:\/\/www.webdo.tn\/fr\/#\/schema\/person\/2c4929cbf5a809e3bd38617c6ce150f6","name":"MC","image":{"@type":"ImageObject","inLanguage":"fr-FR","@id":"https:\/\/secure.gravatar.com\/avatar\/a545bbb6f84efdd5553dbbc2895e3ca8f1d12c5215e00a041c9670b54aa9b18a?s=96&d=mm&r=g","url":"https:\/\/secure.gravatar.com\/avatar\/a545bbb6f84efdd5553dbbc2895e3ca8f1d12c5215e00a041c9670b54aa9b18a?s=96&d=mm&r=g","contentUrl":"https:\/\/secure.gravatar.com\/avatar\/a545bbb6f84efdd5553dbbc2895e3ca8f1d12c5215e00a041c9670b54aa9b18a?s=96&d=mm&r=g","caption":"MC"},"url":"https:\/\/www.webdo.tn\/fr\/actualite\/author\/mc\/"}]}},"_links":{"self":[{"href":"https:\/\/www.webdo.tn\/fr\/wp-json\/wp\/v2\/posts\/200551","targetHints":{"allow":["GET"]}}],"collection":[{"href":"https:\/\/www.webdo.tn\/fr\/wp-json\/wp\/v2\/posts"}],"about":[{"href":"https:\/\/www.webdo.tn\/fr\/wp-json\/wp\/v2\/types\/post"}],"author":[{"embeddable":true,"href":"https:\/\/www.webdo.tn\/fr\/wp-json\/wp\/v2\/users\/3162"}],"replies":[{"embeddable":true,"href":"https:\/\/www.webdo.tn\/fr\/wp-json\/wp\/v2\/comments?post=200551"}],"version-history":[{"count":0,"href":"https:\/\/www.webdo.tn\/fr\/wp-json\/wp\/v2\/posts\/200551\/revisions"}],"wp:featuredmedia":[{"embeddable":true,"href":"https:\/\/www.webdo.tn\/fr\/wp-json\/wp\/v2\/media\/277380"}],"wp:attachment":[{"href":"https:\/\/www.webdo.tn\/fr\/wp-json\/wp\/v2\/media?parent=200551"}],"wp:term":[{"taxonomy":"category","embeddable":true,"href":"https:\/\/www.webdo.tn\/fr\/wp-json\/wp\/v2\/categories?post=200551"},{"taxonomy":"post_tag","embeddable":true,"href":"https:\/\/www.webdo.tn\/fr\/wp-json\/wp\/v2\/tags?post=200551"}],"curies":[{"name":"wp","href":"https:\/\/api.w.org\/{rel}","templated":true}]}}