{"id":200549,"date":"2022-12-12T14:27:00","date_gmt":"2022-12-12T14:27:00","guid":{"rendered":"https:\/\/www.webdo.tn\/fr\/blog\/coupe-de-la-confederation-l-usmo-dans-le-groupe-du-tp-mazembe\/200549\/"},"modified":"2025-05-20T22:04:07","modified_gmt":"2025-05-20T22:04:07","slug":"coupe-de-la-confederation-l-usmo-dans-le-groupe-du-tp-mazembe","status":"publish","type":"post","link":"https:\/\/www.webdo.tn\/fr\/actualite\/sport\/coupe-de-la-confederation-l-usmo-dans-le-groupe-du-tp-mazembe\/200549\/","title":{"rendered":"Coupe de la Conf\u00e9d\u00e9ration : l\u2019USMo dans le groupe du TP Mazembe"},"content":{"rendered":"<p>La Conf\u00e9d\u00e9ration Africaine de Football (CAF) a proc\u00e9d\u00e9, aujourd\u2019hui, au tirage au sort de la phase de poules de la Coupe de la Conf\u00e9d\u00e9ration.<\/p>\n<p>\t\t\t\t\t\t\t\t\tCe tirage au sort a plac\u00e9 le repr\u00e9sentant tunisien, l\u2019Union Sportive Monastirienne dans le groupe D en compagnie du TP Mazembe (RD Congo), de Young Africans (Tanzanie), tombeur du Club Africain, et de l\u2019AS R\u00e9al de Bamako (Mali).<\/p>\n<p>La phase de poules d\u00e9marrera le 12 f\u00e9vrier 2023 avec la 1\u00e8re journ\u00e9e pour s\u2019achever le 2 avril avec la 6\u00e8me journ\u00e9e.<\/p>\n<p>Composition des groupes<\/p>\n<p>\tGroupe A : USM Alger (Alg\u00e9rie), Marumo Gallants (Afrique du Sud), Al-Akhdar SC (Libye), FC Saint-Eloi Lupopo (RD Congo)<br \/>\n\tGroupe B : ASEC Mimosas (C\u00f4te d\u2019Ivoire), Diables noirs (Congo), Rivers United (Nigeria), Motema Pembe (RD Congo)<br \/>\n\tGroupe C : Pyramids FC (Egypte), ASKO Kara (Togo), Future FC (Egypte), AS FAR (Maroc)<br \/>\n\tGroupe D : TP Mazembe (RD Congo), US Monastirienne, Young Africans (Tanzanie), AS R\u00e9al de Bamako (Mali)<\/p>\n","protected":false},"excerpt":{"rendered":"<p>La Conf\u00e9d\u00e9ration Africaine de Football (CAF) a proc\u00e9d\u00e9, aujourd\u2019hui, au tirage au sort de la phase de poules de la Coupe de la Conf\u00e9d\u00e9ration.<\/p>\n","protected":false},"author":3162,"featured_media":252889,"comment_status":"open","ping_status":"closed","sticky":false,"template":"","format":"standard","meta":{"footnotes":""},"categories":[2593],"tags":[4742,7983],"class_list":["post-200549","post","type-post","status-publish","format-standard","has-post-thumbnail","hentry","category-sport","tag-coupe-de-la-confederation","tag-us-monastirienne"],"yoast_head":"<!-- This site is optimized with the Yoast SEO Premium plugin v27.4 (Yoast SEO v27.5) - https:\/\/yoast.com\/product\/yoast-seo-premium-wordpress\/ -->\n<title>Coupe de la Conf\u00e9d\u00e9ration : l\u2019USMo dans le groupe du TP Mazembe<\/title>\n<meta name=\"description\" content=\"La Conf\u00e9d\u00e9ration Africaine de Football (CAF) a proc\u00e9d\u00e9, aujourd\u2019hui, au tirage au sort de la phase de poules de la Coupe de la Conf\u00e9d\u00e9ration.\" \/>\n<link rel=\"canonical\" href=\"https:\/\/www.webdo.tn\/fr\/actualite\/sport\/coupe-de-la-confederation-l-usmo-dans-le-groupe-du-tp-mazembe\/200549\/\" \/>\n<meta property=\"og:locale\" content=\"fr_FR\" \/>\n<meta property=\"og:type\" content=\"article\" \/>\n<meta property=\"og:title\" content=\"Coupe de la Conf\u00e9d\u00e9ration : l\u2019USMo dans le groupe du TP Mazembe\" \/>\n<meta property=\"og:description\" content=\"La Conf\u00e9d\u00e9ration Africaine de Football (CAF) a proc\u00e9d\u00e9, aujourd\u2019hui, au tirage au sort de la phase de poules de la Coupe de la Conf\u00e9d\u00e9ration.\" \/>\n<meta property=\"og:url\" content=\"https:\/\/www.webdo.tn\/fr\/actualite\/sport\/coupe-de-la-confederation-l-usmo-dans-le-groupe-du-tp-mazembe\/200549\/\" \/>\n<meta property=\"og:site_name\" content=\"webdo\" \/>\n<meta property=\"article:publisher\" content=\"https:\/\/www.facebook.com\/webdotn\" \/>\n<meta property=\"article:published_time\" content=\"2022-12-12T14:27:00+00:00\" \/>\n<meta property=\"article:modified_time\" content=\"2025-05-20T22:04:07+00:00\" \/>\n<meta property=\"og:image\" content=\"https:\/\/www.webdo.tn\/fr\/wp-content\/uploads\/2022\/12\/3c466316292bc78071ca927ede71fe82.jpg\" \/>\n\t<meta property=\"og:image:width\" content=\"750\" \/>\n\t<meta property=\"og:image:height\" content=\"400\" \/>\n\t<meta property=\"og:image:type\" content=\"image\/jpeg\" \/>\n<meta name=\"author\" content=\"MC\" \/>\n<meta name=\"twitter:card\" content=\"summary_large_image\" \/>\n<meta name=\"twitter:creator\" content=\"@webdo_tn\" \/>\n<meta name=\"twitter:site\" content=\"@webdo_tn\" \/>\n<meta name=\"twitter:label1\" content=\"\u00c9crit par\" \/>\n\t<meta name=\"twitter:data1\" content=\"MC\" \/>\n\t<meta name=\"twitter:label2\" content=\"Dur\u00e9e de lecture estim\u00e9e\" \/>\n\t<meta name=\"twitter:data2\" content=\"1 minute\" \/>\n<script type=\"application\/ld+json\" class=\"yoast-schema-graph\">{\"@context\":\"https:\\\/\\\/schema.org\",\"@graph\":[{\"@type\":\"NewsArticle\",\"@id\":\"https:\\\/\\\/www.webdo.tn\\\/fr\\\/actualite\\\/sport\\\/coupe-de-la-confederation-l-usmo-dans-le-groupe-du-tp-mazembe\\\/200549\\\/#article\",\"isPartOf\":{\"@id\":\"https:\\\/\\\/www.webdo.tn\\\/fr\\\/actualite\\\/sport\\\/coupe-de-la-confederation-l-usmo-dans-le-groupe-du-tp-mazembe\\\/200549\\\/\"},\"author\":{\"name\":\"MC\",\"@id\":\"https:\\\/\\\/www.webdo.tn\\\/fr\\\/#\\\/schema\\\/person\\\/2c4929cbf5a809e3bd38617c6ce150f6\"},\"headline\":\"Coupe de la Conf\u00e9d\u00e9ration : l\u2019USMo dans le groupe du TP Mazembe\",\"datePublished\":\"2022-12-12T14:27:00+00:00\",\"dateModified\":\"2025-05-20T22:04:07+00:00\",\"mainEntityOfPage\":{\"@id\":\"https:\\\/\\\/www.webdo.tn\\\/fr\\\/actualite\\\/sport\\\/coupe-de-la-confederation-l-usmo-dans-le-groupe-du-tp-mazembe\\\/200549\\\/\"},\"wordCount\":181,\"commentCount\":0,\"publisher\":{\"@id\":\"https:\\\/\\\/www.webdo.tn\\\/fr\\\/#organization\"},\"image\":{\"@id\":\"https:\\\/\\\/www.webdo.tn\\\/fr\\\/actualite\\\/sport\\\/coupe-de-la-confederation-l-usmo-dans-le-groupe-du-tp-mazembe\\\/200549\\\/#primaryimage\"},\"thumbnailUrl\":\"https:\\\/\\\/www.webdo.tn\\\/fr\\\/wp-content\\\/uploads\\\/2022\\\/12\\\/3c466316292bc78071ca927ede71fe82.jpg\",\"keywords\":[\"coupe de la conf\u00e9d\u00e9ration\",\"US monastirienne\"],\"articleSection\":[\"Sport\"],\"inLanguage\":\"fr-FR\"},{\"@type\":\"WebPage\",\"@id\":\"https:\\\/\\\/www.webdo.tn\\\/fr\\\/actualite\\\/sport\\\/coupe-de-la-confederation-l-usmo-dans-le-groupe-du-tp-mazembe\\\/200549\\\/\",\"url\":\"https:\\\/\\\/www.webdo.tn\\\/fr\\\/actualite\\\/sport\\\/coupe-de-la-confederation-l-usmo-dans-le-groupe-du-tp-mazembe\\\/200549\\\/\",\"name\":\"Coupe de la Conf\u00e9d\u00e9ration : l\u2019USMo dans le groupe du TP Mazembe\",\"isPartOf\":{\"@id\":\"https:\\\/\\\/www.webdo.tn\\\/fr\\\/#website\"},\"primaryImageOfPage\":{\"@id\":\"https:\\\/\\\/www.webdo.tn\\\/fr\\\/actualite\\\/sport\\\/coupe-de-la-confederation-l-usmo-dans-le-groupe-du-tp-mazembe\\\/200549\\\/#primaryimage\"},\"image\":{\"@id\":\"https:\\\/\\\/www.webdo.tn\\\/fr\\\/actualite\\\/sport\\\/coupe-de-la-confederation-l-usmo-dans-le-groupe-du-tp-mazembe\\\/200549\\\/#primaryimage\"},\"thumbnailUrl\":\"https:\\\/\\\/www.webdo.tn\\\/fr\\\/wp-content\\\/uploads\\\/2022\\\/12\\\/3c466316292bc78071ca927ede71fe82.jpg\",\"datePublished\":\"2022-12-12T14:27:00+00:00\",\"dateModified\":\"2025-05-20T22:04:07+00:00\",\"description\":\"La Conf\u00e9d\u00e9ration Africaine de Football (CAF) a proc\u00e9d\u00e9, aujourd\u2019hui, au tirage au sort de la phase de poules de la Coupe de la Conf\u00e9d\u00e9ration.\",\"breadcrumb\":{\"@id\":\"https:\\\/\\\/www.webdo.tn\\\/fr\\\/actualite\\\/sport\\\/coupe-de-la-confederation-l-usmo-dans-le-groupe-du-tp-mazembe\\\/200549\\\/#breadcrumb\"},\"inLanguage\":\"fr-FR\",\"potentialAction\":[{\"@type\":\"ReadAction\",\"target\":[\"https:\\\/\\\/www.webdo.tn\\\/fr\\\/actualite\\\/sport\\\/coupe-de-la-confederation-l-usmo-dans-le-groupe-du-tp-mazembe\\\/200549\\\/\"]}]},{\"@type\":\"ImageObject\",\"inLanguage\":\"fr-FR\",\"@id\":\"https:\\\/\\\/www.webdo.tn\\\/fr\\\/actualite\\\/sport\\\/coupe-de-la-confederation-l-usmo-dans-le-groupe-du-tp-mazembe\\\/200549\\\/#primaryimage\",\"url\":\"https:\\\/\\\/www.webdo.tn\\\/fr\\\/wp-content\\\/uploads\\\/2022\\\/12\\\/3c466316292bc78071ca927ede71fe82.jpg\",\"contentUrl\":\"https:\\\/\\\/www.webdo.tn\\\/fr\\\/wp-content\\\/uploads\\\/2022\\\/12\\\/3c466316292bc78071ca927ede71fe82.jpg\",\"width\":750,\"height\":400,\"caption\":\"Coupe de la Conf\u00e9d\u00e9ration : l\u2019USMo dans le groupe du TP Mazembe\"},{\"@type\":\"BreadcrumbList\",\"@id\":\"https:\\\/\\\/www.webdo.tn\\\/fr\\\/actualite\\\/sport\\\/coupe-de-la-confederation-l-usmo-dans-le-groupe-du-tp-mazembe\\\/200549\\\/#breadcrumb\",\"itemListElement\":[{\"@type\":\"ListItem\",\"position\":1,\"name\":\"Accueil\",\"item\":\"https:\\\/\\\/www.webdo.tn\\\/fr\\\/\"},{\"@type\":\"ListItem\",\"position\":2,\"name\":\"Coupe de la Conf\u00e9d\u00e9ration : l\u2019USMo dans le groupe du TP Mazembe\"}]},{\"@type\":\"WebSite\",\"@id\":\"https:\\\/\\\/www.webdo.tn\\\/fr\\\/#website\",\"url\":\"https:\\\/\\\/www.webdo.tn\\\/fr\\\/\",\"name\":\"webdo\",\"description\":\"Tunisie - News en Tunisie et \u00e0 l&#039;international sur Webdo.tn\",\"publisher\":{\"@id\":\"https:\\\/\\\/www.webdo.tn\\\/fr\\\/#organization\"},\"potentialAction\":[{\"@type\":\"SearchAction\",\"target\":{\"@type\":\"EntryPoint\",\"urlTemplate\":\"https:\\\/\\\/www.webdo.tn\\\/fr\\\/?s={search_term_string}\"},\"query-input\":{\"@type\":\"PropertyValueSpecification\",\"valueRequired\":true,\"valueName\":\"search_term_string\"}}],\"inLanguage\":\"fr-FR\"},{\"@type\":\"Organization\",\"@id\":\"https:\\\/\\\/www.webdo.tn\\\/fr\\\/#organization\",\"name\":\"Webdo\",\"alternateName\":\"Webdo.tn\",\"url\":\"https:\\\/\\\/www.webdo.tn\\\/fr\\\/\",\"logo\":{\"@type\":\"ImageObject\",\"inLanguage\":\"fr-FR\",\"@id\":\"https:\\\/\\\/www.webdo.tn\\\/fr\\\/#\\\/schema\\\/logo\\\/image\\\/\",\"url\":\"https:\\\/\\\/www.webdo.tn\\\/fr\\\/wp-content\\\/uploads\\\/2025\\\/06\\\/Webdo-Tunisie_168377.jpg\",\"contentUrl\":\"https:\\\/\\\/www.webdo.tn\\\/fr\\\/wp-content\\\/uploads\\\/2025\\\/06\\\/Webdo-Tunisie_168377.jpg\",\"width\":301,\"height\":301,\"caption\":\"Webdo\"},\"image\":{\"@id\":\"https:\\\/\\\/www.webdo.tn\\\/fr\\\/#\\\/schema\\\/logo\\\/image\\\/\"},\"sameAs\":[\"https:\\\/\\\/www.facebook.com\\\/webdotn\",\"https:\\\/\\\/x.com\\\/webdo_tn\"],\"description\":\"Webdo est un m\u00e9dia num\u00e9rique tunisien fond\u00e9 en 2010, sp\u00e9cialis\u00e9 dans l\u2019actualit\u00e9 nationale et internationale, l\u2019\u00e9conomie, la soci\u00e9t\u00e9 et les analyses politiques. Le site s\u2019adresse \u00e0 un large public francophone et couvre l\u2019information tunisienne en temps r\u00e9el.\",\"email\":\"redac@webdo.tn\",\"legalName\":\"YNJ SARL\",\"foundingDate\":\"2010-09-06\",\"numberOfEmployees\":{\"@type\":\"QuantitativeValue\",\"minValue\":\"11\",\"maxValue\":\"50\"}},{\"@type\":\"Person\",\"@id\":\"https:\\\/\\\/www.webdo.tn\\\/fr\\\/#\\\/schema\\\/person\\\/2c4929cbf5a809e3bd38617c6ce150f6\",\"name\":\"MC\",\"image\":{\"@type\":\"ImageObject\",\"inLanguage\":\"fr-FR\",\"@id\":\"https:\\\/\\\/secure.gravatar.com\\\/avatar\\\/a545bbb6f84efdd5553dbbc2895e3ca8f1d12c5215e00a041c9670b54aa9b18a?s=96&d=mm&r=g\",\"url\":\"https:\\\/\\\/secure.gravatar.com\\\/avatar\\\/a545bbb6f84efdd5553dbbc2895e3ca8f1d12c5215e00a041c9670b54aa9b18a?s=96&d=mm&r=g\",\"contentUrl\":\"https:\\\/\\\/secure.gravatar.com\\\/avatar\\\/a545bbb6f84efdd5553dbbc2895e3ca8f1d12c5215e00a041c9670b54aa9b18a?s=96&d=mm&r=g\",\"caption\":\"MC\"},\"url\":\"https:\\\/\\\/www.webdo.tn\\\/fr\\\/actualite\\\/author\\\/mc\\\/\"}]}<\/script>\n<!-- \/ Yoast SEO Premium plugin. -->","yoast_head_json":{"title":"Coupe de la Conf\u00e9d\u00e9ration : l\u2019USMo dans le groupe du TP Mazembe","description":"La Conf\u00e9d\u00e9ration Africaine de Football (CAF) a proc\u00e9d\u00e9, aujourd\u2019hui, au tirage au sort de la phase de poules de la Coupe de la Conf\u00e9d\u00e9ration.","canonical":"https:\/\/www.webdo.tn\/fr\/actualite\/sport\/coupe-de-la-confederation-l-usmo-dans-le-groupe-du-tp-mazembe\/200549\/","og_locale":"fr_FR","og_type":"article","og_title":"Coupe de la Conf\u00e9d\u00e9ration : l\u2019USMo dans le groupe du TP Mazembe","og_description":"La Conf\u00e9d\u00e9ration Africaine de Football (CAF) a proc\u00e9d\u00e9, aujourd\u2019hui, au tirage au sort de la phase de poules de la Coupe de la Conf\u00e9d\u00e9ration.","og_url":"https:\/\/www.webdo.tn\/fr\/actualite\/sport\/coupe-de-la-confederation-l-usmo-dans-le-groupe-du-tp-mazembe\/200549\/","og_site_name":"webdo","article_publisher":"https:\/\/www.facebook.com\/webdotn","article_published_time":"2022-12-12T14:27:00+00:00","article_modified_time":"2025-05-20T22:04:07+00:00","og_image":[{"width":750,"height":400,"url":"https:\/\/www.webdo.tn\/fr\/wp-content\/uploads\/2022\/12\/3c466316292bc78071ca927ede71fe82.jpg","type":"image\/jpeg"}],"author":"MC","twitter_card":"summary_large_image","twitter_creator":"@webdo_tn","twitter_site":"@webdo_tn","twitter_misc":{"\u00c9crit par":"MC","Dur\u00e9e de lecture estim\u00e9e":"1 minute"},"schema":{"@context":"https:\/\/schema.org","@graph":[{"@type":"NewsArticle","@id":"https:\/\/www.webdo.tn\/fr\/actualite\/sport\/coupe-de-la-confederation-l-usmo-dans-le-groupe-du-tp-mazembe\/200549\/#article","isPartOf":{"@id":"https:\/\/www.webdo.tn\/fr\/actualite\/sport\/coupe-de-la-confederation-l-usmo-dans-le-groupe-du-tp-mazembe\/200549\/"},"author":{"name":"MC","@id":"https:\/\/www.webdo.tn\/fr\/#\/schema\/person\/2c4929cbf5a809e3bd38617c6ce150f6"},"headline":"Coupe de la Conf\u00e9d\u00e9ration : l\u2019USMo dans le groupe du TP Mazembe","datePublished":"2022-12-12T14:27:00+00:00","dateModified":"2025-05-20T22:04:07+00:00","mainEntityOfPage":{"@id":"https:\/\/www.webdo.tn\/fr\/actualite\/sport\/coupe-de-la-confederation-l-usmo-dans-le-groupe-du-tp-mazembe\/200549\/"},"wordCount":181,"commentCount":0,"publisher":{"@id":"https:\/\/www.webdo.tn\/fr\/#organization"},"image":{"@id":"https:\/\/www.webdo.tn\/fr\/actualite\/sport\/coupe-de-la-confederation-l-usmo-dans-le-groupe-du-tp-mazembe\/200549\/#primaryimage"},"thumbnailUrl":"https:\/\/www.webdo.tn\/fr\/wp-content\/uploads\/2022\/12\/3c466316292bc78071ca927ede71fe82.jpg","keywords":["coupe de la conf\u00e9d\u00e9ration","US monastirienne"],"articleSection":["Sport"],"inLanguage":"fr-FR"},{"@type":"WebPage","@id":"https:\/\/www.webdo.tn\/fr\/actualite\/sport\/coupe-de-la-confederation-l-usmo-dans-le-groupe-du-tp-mazembe\/200549\/","url":"https:\/\/www.webdo.tn\/fr\/actualite\/sport\/coupe-de-la-confederation-l-usmo-dans-le-groupe-du-tp-mazembe\/200549\/","name":"Coupe de la Conf\u00e9d\u00e9ration : l\u2019USMo dans le groupe du TP Mazembe","isPartOf":{"@id":"https:\/\/www.webdo.tn\/fr\/#website"},"primaryImageOfPage":{"@id":"https:\/\/www.webdo.tn\/fr\/actualite\/sport\/coupe-de-la-confederation-l-usmo-dans-le-groupe-du-tp-mazembe\/200549\/#primaryimage"},"image":{"@id":"https:\/\/www.webdo.tn\/fr\/actualite\/sport\/coupe-de-la-confederation-l-usmo-dans-le-groupe-du-tp-mazembe\/200549\/#primaryimage"},"thumbnailUrl":"https:\/\/www.webdo.tn\/fr\/wp-content\/uploads\/2022\/12\/3c466316292bc78071ca927ede71fe82.jpg","datePublished":"2022-12-12T14:27:00+00:00","dateModified":"2025-05-20T22:04:07+00:00","description":"La Conf\u00e9d\u00e9ration Africaine de Football (CAF) a proc\u00e9d\u00e9, aujourd\u2019hui, au tirage au sort de la phase de poules de la Coupe de la Conf\u00e9d\u00e9ration.","breadcrumb":{"@id":"https:\/\/www.webdo.tn\/fr\/actualite\/sport\/coupe-de-la-confederation-l-usmo-dans-le-groupe-du-tp-mazembe\/200549\/#breadcrumb"},"inLanguage":"fr-FR","potentialAction":[{"@type":"ReadAction","target":["https:\/\/www.webdo.tn\/fr\/actualite\/sport\/coupe-de-la-confederation-l-usmo-dans-le-groupe-du-tp-mazembe\/200549\/"]}]},{"@type":"ImageObject","inLanguage":"fr-FR","@id":"https:\/\/www.webdo.tn\/fr\/actualite\/sport\/coupe-de-la-confederation-l-usmo-dans-le-groupe-du-tp-mazembe\/200549\/#primaryimage","url":"https:\/\/www.webdo.tn\/fr\/wp-content\/uploads\/2022\/12\/3c466316292bc78071ca927ede71fe82.jpg","contentUrl":"https:\/\/www.webdo.tn\/fr\/wp-content\/uploads\/2022\/12\/3c466316292bc78071ca927ede71fe82.jpg","width":750,"height":400,"caption":"Coupe de la Conf\u00e9d\u00e9ration : l\u2019USMo dans le groupe du TP Mazembe"},{"@type":"BreadcrumbList","@id":"https:\/\/www.webdo.tn\/fr\/actualite\/sport\/coupe-de-la-confederation-l-usmo-dans-le-groupe-du-tp-mazembe\/200549\/#breadcrumb","itemListElement":[{"@type":"ListItem","position":1,"name":"Accueil","item":"https:\/\/www.webdo.tn\/fr\/"},{"@type":"ListItem","position":2,"name":"Coupe de la Conf\u00e9d\u00e9ration : l\u2019USMo dans le groupe du TP Mazembe"}]},{"@type":"WebSite","@id":"https:\/\/www.webdo.tn\/fr\/#website","url":"https:\/\/www.webdo.tn\/fr\/","name":"webdo","description":"Tunisie - News en Tunisie et \u00e0 l&#039;international sur Webdo.tn","publisher":{"@id":"https:\/\/www.webdo.tn\/fr\/#organization"},"potentialAction":[{"@type":"SearchAction","target":{"@type":"EntryPoint","urlTemplate":"https:\/\/www.webdo.tn\/fr\/?s={search_term_string}"},"query-input":{"@type":"PropertyValueSpecification","valueRequired":true,"valueName":"search_term_string"}}],"inLanguage":"fr-FR"},{"@type":"Organization","@id":"https:\/\/www.webdo.tn\/fr\/#organization","name":"Webdo","alternateName":"Webdo.tn","url":"https:\/\/www.webdo.tn\/fr\/","logo":{"@type":"ImageObject","inLanguage":"fr-FR","@id":"https:\/\/www.webdo.tn\/fr\/#\/schema\/logo\/image\/","url":"https:\/\/www.webdo.tn\/fr\/wp-content\/uploads\/2025\/06\/Webdo-Tunisie_168377.jpg","contentUrl":"https:\/\/www.webdo.tn\/fr\/wp-content\/uploads\/2025\/06\/Webdo-Tunisie_168377.jpg","width":301,"height":301,"caption":"Webdo"},"image":{"@id":"https:\/\/www.webdo.tn\/fr\/#\/schema\/logo\/image\/"},"sameAs":["https:\/\/www.facebook.com\/webdotn","https:\/\/x.com\/webdo_tn"],"description":"Webdo est un m\u00e9dia num\u00e9rique tunisien fond\u00e9 en 2010, sp\u00e9cialis\u00e9 dans l\u2019actualit\u00e9 nationale et internationale, l\u2019\u00e9conomie, la soci\u00e9t\u00e9 et les analyses politiques. Le site s\u2019adresse \u00e0 un large public francophone et couvre l\u2019information tunisienne en temps r\u00e9el.","email":"redac@webdo.tn","legalName":"YNJ SARL","foundingDate":"2010-09-06","numberOfEmployees":{"@type":"QuantitativeValue","minValue":"11","maxValue":"50"}},{"@type":"Person","@id":"https:\/\/www.webdo.tn\/fr\/#\/schema\/person\/2c4929cbf5a809e3bd38617c6ce150f6","name":"MC","image":{"@type":"ImageObject","inLanguage":"fr-FR","@id":"https:\/\/secure.gravatar.com\/avatar\/a545bbb6f84efdd5553dbbc2895e3ca8f1d12c5215e00a041c9670b54aa9b18a?s=96&d=mm&r=g","url":"https:\/\/secure.gravatar.com\/avatar\/a545bbb6f84efdd5553dbbc2895e3ca8f1d12c5215e00a041c9670b54aa9b18a?s=96&d=mm&r=g","contentUrl":"https:\/\/secure.gravatar.com\/avatar\/a545bbb6f84efdd5553dbbc2895e3ca8f1d12c5215e00a041c9670b54aa9b18a?s=96&d=mm&r=g","caption":"MC"},"url":"https:\/\/www.webdo.tn\/fr\/actualite\/author\/mc\/"}]}},"_links":{"self":[{"href":"https:\/\/www.webdo.tn\/fr\/wp-json\/wp\/v2\/posts\/200549","targetHints":{"allow":["GET"]}}],"collection":[{"href":"https:\/\/www.webdo.tn\/fr\/wp-json\/wp\/v2\/posts"}],"about":[{"href":"https:\/\/www.webdo.tn\/fr\/wp-json\/wp\/v2\/types\/post"}],"author":[{"embeddable":true,"href":"https:\/\/www.webdo.tn\/fr\/wp-json\/wp\/v2\/users\/3162"}],"replies":[{"embeddable":true,"href":"https:\/\/www.webdo.tn\/fr\/wp-json\/wp\/v2\/comments?post=200549"}],"version-history":[{"count":0,"href":"https:\/\/www.webdo.tn\/fr\/wp-json\/wp\/v2\/posts\/200549\/revisions"}],"wp:featuredmedia":[{"embeddable":true,"href":"https:\/\/www.webdo.tn\/fr\/wp-json\/wp\/v2\/media\/252889"}],"wp:attachment":[{"href":"https:\/\/www.webdo.tn\/fr\/wp-json\/wp\/v2\/media?parent=200549"}],"wp:term":[{"taxonomy":"category","embeddable":true,"href":"https:\/\/www.webdo.tn\/fr\/wp-json\/wp\/v2\/categories?post=200549"},{"taxonomy":"post_tag","embeddable":true,"href":"https:\/\/www.webdo.tn\/fr\/wp-json\/wp\/v2\/tags?post=200549"}],"curies":[{"name":"wp","href":"https:\/\/api.w.org\/{rel}","templated":true}]}}