{"id":200538,"date":"2022-12-12T11:10:00","date_gmt":"2022-12-12T11:10:00","guid":{"rendered":"https:\/\/www.webdo.tn\/fr\/blog\/crise-du-lait-le-stock-national-ne-couvre-que-six-jours\/200538\/"},"modified":"2025-05-20T22:46:36","modified_gmt":"2025-05-20T22:46:36","slug":"crise-du-lait-le-stock-national-ne-couvre-que-six-jours","status":"publish","type":"post","link":"https:\/\/www.webdo.tn\/fr\/actualite\/national\/crise-du-lait-le-stock-national-ne-couvre-que-six-jours\/200538\/","title":{"rendered":"Crise du lait : le stock national ne couvre plus que six jours !"},"content":{"rendered":"<p>Les autorit\u00e9s avaient pourtant affirm\u00e9 que cette crise se dirigeait vers le d\u00e9nouement. Aujourd\u2019hui, les professionnels du secteur mettent en garde contre son aggravation.<\/p>\n<p>\t\t\t\t\t\t\t\t\tLe responsable au sein de l\u2019UTAP, Imam Bargougui a fait savoir ce lundi 12 d\u00e9cembre 2022 que la crise provoqu\u00e9e par la p\u00e9nurie du lait allait s\u2019aggraver dans les jours \u00e0 venir.\u00a0<\/p>\n<p>S\u2019exprimant sur les ondes de Shems FM, il a expliqu\u00e9 qu\u2019aujourd\u2019hui, le stock national strat\u00e9gique du lait ne couvre que six jours de consommation, mettant en garde contre l\u2019effondrement de tout le syst\u00e8me de production.\u00a0<\/p>\n<p>Il a appel\u00e9 dans ce sens le gouvernement \u00e0 trouver des solutions urgentes et \u00e0 soutenir l\u2019agriculteur pour sortir de la crise.\u00a0<\/p>\n<p>L&rsquo;UTAP a appel\u00e9 \u00e0 une augmentation imm\u00e9diate du prix du litre de lait. Cette augmentation ne devra pas \u00eatre inf\u00e9rieure \u00e0 600 millimes\/ le litre, a estim\u00e9 le bureau ex\u00e9cutif de l\u2019Union tunisienne de l\u2019agriculture et de la p\u00eache (UTAP).\u00a0<\/p>\n<p>Il y a environ un mois,\u00a0le vice-pr\u00e9sident de la Chambre syndicale nationale des industries du lait et d\u00e9riv\u00e9s, avait expliqu\u00e9 que la p\u00e9nurie du lait est due \u00e0 un d\u00e9ficit de production\u00a0entre 200 et 300 mille litres quotidiennement sachant que les les besoins quotidiens s\u2019\u00e9l\u00e8vent \u00e0 1,8 million de litres.<\/p>\n<p>Or, les trois unit\u00e9s industrielles du lait produisent entre 1,5 et 1,6 million de litres, avait-il expliqu\u00e9, soulignant que ce manque de production se justifie par l\u2019incapacit\u00e9 des agriculteurs \u00e0 faire face \u00e0 la hausse des co\u00fbts de production, notamment les prix des fourrages<\/p>\n","protected":false},"excerpt":{"rendered":"<p>Les autorit\u00e9s avaient pourtant affirm\u00e9 que cette crise se dirigeait vers le d\u00e9nouement. Aujourd\u2019hui, les professionnels du secteur mettent en garde contre son a&#8230;<\/p>\n","protected":false},"author":3175,"featured_media":252876,"comment_status":"open","ping_status":"closed","sticky":false,"template":"","format":"standard","meta":{"footnotes":""},"categories":[44],"tags":[5618,2608],"class_list":["post-200538","post","type-post","status-publish","format-standard","has-post-thumbnail","hentry","category-national","tag-lait","tag-tunisie"],"yoast_head":"<!-- This site is optimized with the Yoast SEO Premium plugin v27.5 (Yoast SEO v27.5) - https:\/\/yoast.com\/product\/yoast-seo-premium-wordpress\/ -->\n<title>Crise du lait : le stock national ne couvre plus que six jours !<\/title>\n<meta name=\"description\" content=\"Les autorit\u00e9s avaient pourtant affirm\u00e9 que cette crise se dirigeait vers le d\u00e9nouement. Aujourd\u2019hui, les professionnels du secteur mettent en garde contre son a...\" \/>\n<link rel=\"canonical\" href=\"https:\/\/www.webdo.tn\/fr\/actualite\/national\/crise-du-lait-le-stock-national-ne-couvre-que-six-jours\/200538\/\" \/>\n<meta property=\"og:locale\" content=\"fr_FR\" \/>\n<meta property=\"og:type\" content=\"article\" \/>\n<meta property=\"og:title\" content=\"Crise du lait : le stock national ne couvre plus que six jours !\" \/>\n<meta property=\"og:description\" content=\"Les autorit\u00e9s avaient pourtant affirm\u00e9 que cette crise se dirigeait vers le d\u00e9nouement. Aujourd\u2019hui, les professionnels du secteur mettent en garde contre son a...\" \/>\n<meta property=\"og:url\" content=\"https:\/\/www.webdo.tn\/fr\/actualite\/national\/crise-du-lait-le-stock-national-ne-couvre-que-six-jours\/200538\/\" \/>\n<meta property=\"og:site_name\" content=\"webdo\" \/>\n<meta property=\"article:publisher\" content=\"https:\/\/www.facebook.com\/webdotn\" \/>\n<meta property=\"article:published_time\" content=\"2022-12-12T11:10:00+00:00\" \/>\n<meta property=\"article:modified_time\" content=\"2025-05-20T22:46:36+00:00\" \/>\n<meta property=\"og:image\" content=\"https:\/\/www.webdo.tn\/fr\/wp-content\/uploads\/2022\/12\/84c869fe29743100ac3f853673355bb7.jpg\" \/>\n\t<meta property=\"og:image:width\" content=\"680\" \/>\n\t<meta property=\"og:image:height\" content=\"363\" \/>\n\t<meta property=\"og:image:type\" content=\"image\/jpeg\" \/>\n<meta name=\"author\" content=\"CL\" \/>\n<meta name=\"twitter:card\" content=\"summary_large_image\" \/>\n<meta name=\"twitter:creator\" content=\"@webdo_tn\" \/>\n<meta name=\"twitter:site\" content=\"@webdo_tn\" \/>\n<meta name=\"twitter:label1\" content=\"\u00c9crit par\" \/>\n\t<meta name=\"twitter:data1\" content=\"CL\" \/>\n\t<meta name=\"twitter:label2\" content=\"Dur\u00e9e de lecture estim\u00e9e\" \/>\n\t<meta name=\"twitter:data2\" content=\"1 minute\" \/>\n<script type=\"application\/ld+json\" class=\"yoast-schema-graph\">{\"@context\":\"https:\\\/\\\/schema.org\",\"@graph\":[{\"@type\":\"NewsArticle\",\"@id\":\"https:\\\/\\\/www.webdo.tn\\\/fr\\\/actualite\\\/national\\\/crise-du-lait-le-stock-national-ne-couvre-que-six-jours\\\/200538\\\/#article\",\"isPartOf\":{\"@id\":\"https:\\\/\\\/www.webdo.tn\\\/fr\\\/actualite\\\/national\\\/crise-du-lait-le-stock-national-ne-couvre-que-six-jours\\\/200538\\\/\"},\"author\":{\"name\":\"CL\",\"@id\":\"https:\\\/\\\/www.webdo.tn\\\/fr\\\/#\\\/schema\\\/person\\\/f35b42a42c5e2511bbd282959d6385cc\"},\"headline\":\"Crise du lait : le stock national ne couvre plus que six jours !\",\"datePublished\":\"2022-12-12T11:10:00+00:00\",\"dateModified\":\"2025-05-20T22:46:36+00:00\",\"mainEntityOfPage\":{\"@id\":\"https:\\\/\\\/www.webdo.tn\\\/fr\\\/actualite\\\/national\\\/crise-du-lait-le-stock-national-ne-couvre-que-six-jours\\\/200538\\\/\"},\"wordCount\":276,\"commentCount\":0,\"publisher\":{\"@id\":\"https:\\\/\\\/www.webdo.tn\\\/fr\\\/#organization\"},\"image\":{\"@id\":\"https:\\\/\\\/www.webdo.tn\\\/fr\\\/actualite\\\/national\\\/crise-du-lait-le-stock-national-ne-couvre-que-six-jours\\\/200538\\\/#primaryimage\"},\"thumbnailUrl\":\"https:\\\/\\\/www.webdo.tn\\\/fr\\\/wp-content\\\/uploads\\\/2022\\\/12\\\/84c869fe29743100ac3f853673355bb7.jpg\",\"keywords\":[\"Lait\",\"Tunisie\"],\"articleSection\":[\"National\"],\"inLanguage\":\"fr-FR\"},{\"@type\":\"WebPage\",\"@id\":\"https:\\\/\\\/www.webdo.tn\\\/fr\\\/actualite\\\/national\\\/crise-du-lait-le-stock-national-ne-couvre-que-six-jours\\\/200538\\\/\",\"url\":\"https:\\\/\\\/www.webdo.tn\\\/fr\\\/actualite\\\/national\\\/crise-du-lait-le-stock-national-ne-couvre-que-six-jours\\\/200538\\\/\",\"name\":\"Crise du lait : le stock national ne couvre plus que six jours !\",\"isPartOf\":{\"@id\":\"https:\\\/\\\/www.webdo.tn\\\/fr\\\/#website\"},\"primaryImageOfPage\":{\"@id\":\"https:\\\/\\\/www.webdo.tn\\\/fr\\\/actualite\\\/national\\\/crise-du-lait-le-stock-national-ne-couvre-que-six-jours\\\/200538\\\/#primaryimage\"},\"image\":{\"@id\":\"https:\\\/\\\/www.webdo.tn\\\/fr\\\/actualite\\\/national\\\/crise-du-lait-le-stock-national-ne-couvre-que-six-jours\\\/200538\\\/#primaryimage\"},\"thumbnailUrl\":\"https:\\\/\\\/www.webdo.tn\\\/fr\\\/wp-content\\\/uploads\\\/2022\\\/12\\\/84c869fe29743100ac3f853673355bb7.jpg\",\"datePublished\":\"2022-12-12T11:10:00+00:00\",\"dateModified\":\"2025-05-20T22:46:36+00:00\",\"description\":\"Les autorit\u00e9s avaient pourtant affirm\u00e9 que cette crise se dirigeait vers le d\u00e9nouement. Aujourd\u2019hui, les professionnels du secteur mettent en garde contre son a...\",\"breadcrumb\":{\"@id\":\"https:\\\/\\\/www.webdo.tn\\\/fr\\\/actualite\\\/national\\\/crise-du-lait-le-stock-national-ne-couvre-que-six-jours\\\/200538\\\/#breadcrumb\"},\"inLanguage\":\"fr-FR\",\"potentialAction\":[{\"@type\":\"ReadAction\",\"target\":[\"https:\\\/\\\/www.webdo.tn\\\/fr\\\/actualite\\\/national\\\/crise-du-lait-le-stock-national-ne-couvre-que-six-jours\\\/200538\\\/\"]}]},{\"@type\":\"ImageObject\",\"inLanguage\":\"fr-FR\",\"@id\":\"https:\\\/\\\/www.webdo.tn\\\/fr\\\/actualite\\\/national\\\/crise-du-lait-le-stock-national-ne-couvre-que-six-jours\\\/200538\\\/#primaryimage\",\"url\":\"https:\\\/\\\/www.webdo.tn\\\/fr\\\/wp-content\\\/uploads\\\/2022\\\/12\\\/84c869fe29743100ac3f853673355bb7.jpg\",\"contentUrl\":\"https:\\\/\\\/www.webdo.tn\\\/fr\\\/wp-content\\\/uploads\\\/2022\\\/12\\\/84c869fe29743100ac3f853673355bb7.jpg\",\"width\":680,\"height\":363,\"caption\":\"Crise du lait\"},{\"@type\":\"BreadcrumbList\",\"@id\":\"https:\\\/\\\/www.webdo.tn\\\/fr\\\/actualite\\\/national\\\/crise-du-lait-le-stock-national-ne-couvre-que-six-jours\\\/200538\\\/#breadcrumb\",\"itemListElement\":[{\"@type\":\"ListItem\",\"position\":1,\"name\":\"Accueil\",\"item\":\"https:\\\/\\\/www.webdo.tn\\\/fr\\\/\"},{\"@type\":\"ListItem\",\"position\":2,\"name\":\"Crise du lait : le stock national ne couvre plus que six jours !\"}]},{\"@type\":\"WebSite\",\"@id\":\"https:\\\/\\\/www.webdo.tn\\\/fr\\\/#website\",\"url\":\"https:\\\/\\\/www.webdo.tn\\\/fr\\\/\",\"name\":\"webdo\",\"description\":\"Tunisie - News en Tunisie et \u00e0 l&#039;international sur Webdo.tn\",\"publisher\":{\"@id\":\"https:\\\/\\\/www.webdo.tn\\\/fr\\\/#organization\"},\"potentialAction\":[{\"@type\":\"SearchAction\",\"target\":{\"@type\":\"EntryPoint\",\"urlTemplate\":\"https:\\\/\\\/www.webdo.tn\\\/fr\\\/?s={search_term_string}\"},\"query-input\":{\"@type\":\"PropertyValueSpecification\",\"valueRequired\":true,\"valueName\":\"search_term_string\"}}],\"inLanguage\":\"fr-FR\"},{\"@type\":\"Organization\",\"@id\":\"https:\\\/\\\/www.webdo.tn\\\/fr\\\/#organization\",\"name\":\"Webdo\",\"alternateName\":\"Webdo.tn\",\"url\":\"https:\\\/\\\/www.webdo.tn\\\/fr\\\/\",\"logo\":{\"@type\":\"ImageObject\",\"inLanguage\":\"fr-FR\",\"@id\":\"https:\\\/\\\/www.webdo.tn\\\/fr\\\/#\\\/schema\\\/logo\\\/image\\\/\",\"url\":\"https:\\\/\\\/www.webdo.tn\\\/fr\\\/wp-content\\\/uploads\\\/2025\\\/06\\\/Webdo-Tunisie_168377.jpg\",\"contentUrl\":\"https:\\\/\\\/www.webdo.tn\\\/fr\\\/wp-content\\\/uploads\\\/2025\\\/06\\\/Webdo-Tunisie_168377.jpg\",\"width\":301,\"height\":301,\"caption\":\"Webdo\"},\"image\":{\"@id\":\"https:\\\/\\\/www.webdo.tn\\\/fr\\\/#\\\/schema\\\/logo\\\/image\\\/\"},\"sameAs\":[\"https:\\\/\\\/www.facebook.com\\\/webdotn\",\"https:\\\/\\\/x.com\\\/webdo_tn\"],\"description\":\"Webdo est un m\u00e9dia num\u00e9rique tunisien fond\u00e9 en 2010, sp\u00e9cialis\u00e9 dans l\u2019actualit\u00e9 nationale et internationale, l\u2019\u00e9conomie, la soci\u00e9t\u00e9 et les analyses politiques. Le site s\u2019adresse \u00e0 un large public francophone et couvre l\u2019information tunisienne en temps r\u00e9el.\",\"email\":\"redac@webdo.tn\",\"legalName\":\"YNJ SARL\",\"foundingDate\":\"2010-09-06\",\"numberOfEmployees\":{\"@type\":\"QuantitativeValue\",\"minValue\":\"11\",\"maxValue\":\"50\"}},{\"@type\":\"Person\",\"@id\":\"https:\\\/\\\/www.webdo.tn\\\/fr\\\/#\\\/schema\\\/person\\\/f35b42a42c5e2511bbd282959d6385cc\",\"name\":\"CL\",\"image\":{\"@type\":\"ImageObject\",\"inLanguage\":\"fr-FR\",\"@id\":\"https:\\\/\\\/secure.gravatar.com\\\/avatar\\\/1447a49909b67aa657c488aec6512e1dd6143a480c1ecfee9b5b5cd74eb3b59e?s=96&d=mm&r=g\",\"url\":\"https:\\\/\\\/secure.gravatar.com\\\/avatar\\\/1447a49909b67aa657c488aec6512e1dd6143a480c1ecfee9b5b5cd74eb3b59e?s=96&d=mm&r=g\",\"contentUrl\":\"https:\\\/\\\/secure.gravatar.com\\\/avatar\\\/1447a49909b67aa657c488aec6512e1dd6143a480c1ecfee9b5b5cd74eb3b59e?s=96&d=mm&r=g\",\"caption\":\"CL\"},\"url\":\"https:\\\/\\\/www.webdo.tn\\\/fr\\\/actualite\\\/author\\\/cl\\\/\"}]}<\/script>\n<!-- \/ Yoast SEO Premium plugin. -->","yoast_head_json":{"title":"Crise du lait : le stock national ne couvre plus que six jours !","description":"Les autorit\u00e9s avaient pourtant affirm\u00e9 que cette crise se dirigeait vers le d\u00e9nouement. Aujourd\u2019hui, les professionnels du secteur mettent en garde contre son a...","canonical":"https:\/\/www.webdo.tn\/fr\/actualite\/national\/crise-du-lait-le-stock-national-ne-couvre-que-six-jours\/200538\/","og_locale":"fr_FR","og_type":"article","og_title":"Crise du lait : le stock national ne couvre plus que six jours !","og_description":"Les autorit\u00e9s avaient pourtant affirm\u00e9 que cette crise se dirigeait vers le d\u00e9nouement. Aujourd\u2019hui, les professionnels du secteur mettent en garde contre son a...","og_url":"https:\/\/www.webdo.tn\/fr\/actualite\/national\/crise-du-lait-le-stock-national-ne-couvre-que-six-jours\/200538\/","og_site_name":"webdo","article_publisher":"https:\/\/www.facebook.com\/webdotn","article_published_time":"2022-12-12T11:10:00+00:00","article_modified_time":"2025-05-20T22:46:36+00:00","og_image":[{"width":680,"height":363,"url":"https:\/\/www.webdo.tn\/fr\/wp-content\/uploads\/2022\/12\/84c869fe29743100ac3f853673355bb7.jpg","type":"image\/jpeg"}],"author":"CL","twitter_card":"summary_large_image","twitter_creator":"@webdo_tn","twitter_site":"@webdo_tn","twitter_misc":{"\u00c9crit par":"CL","Dur\u00e9e de lecture estim\u00e9e":"1 minute"},"schema":{"@context":"https:\/\/schema.org","@graph":[{"@type":"NewsArticle","@id":"https:\/\/www.webdo.tn\/fr\/actualite\/national\/crise-du-lait-le-stock-national-ne-couvre-que-six-jours\/200538\/#article","isPartOf":{"@id":"https:\/\/www.webdo.tn\/fr\/actualite\/national\/crise-du-lait-le-stock-national-ne-couvre-que-six-jours\/200538\/"},"author":{"name":"CL","@id":"https:\/\/www.webdo.tn\/fr\/#\/schema\/person\/f35b42a42c5e2511bbd282959d6385cc"},"headline":"Crise du lait : le stock national ne couvre plus que six jours !","datePublished":"2022-12-12T11:10:00+00:00","dateModified":"2025-05-20T22:46:36+00:00","mainEntityOfPage":{"@id":"https:\/\/www.webdo.tn\/fr\/actualite\/national\/crise-du-lait-le-stock-national-ne-couvre-que-six-jours\/200538\/"},"wordCount":276,"commentCount":0,"publisher":{"@id":"https:\/\/www.webdo.tn\/fr\/#organization"},"image":{"@id":"https:\/\/www.webdo.tn\/fr\/actualite\/national\/crise-du-lait-le-stock-national-ne-couvre-que-six-jours\/200538\/#primaryimage"},"thumbnailUrl":"https:\/\/www.webdo.tn\/fr\/wp-content\/uploads\/2022\/12\/84c869fe29743100ac3f853673355bb7.jpg","keywords":["Lait","Tunisie"],"articleSection":["National"],"inLanguage":"fr-FR"},{"@type":"WebPage","@id":"https:\/\/www.webdo.tn\/fr\/actualite\/national\/crise-du-lait-le-stock-national-ne-couvre-que-six-jours\/200538\/","url":"https:\/\/www.webdo.tn\/fr\/actualite\/national\/crise-du-lait-le-stock-national-ne-couvre-que-six-jours\/200538\/","name":"Crise du lait : le stock national ne couvre plus que six jours !","isPartOf":{"@id":"https:\/\/www.webdo.tn\/fr\/#website"},"primaryImageOfPage":{"@id":"https:\/\/www.webdo.tn\/fr\/actualite\/national\/crise-du-lait-le-stock-national-ne-couvre-que-six-jours\/200538\/#primaryimage"},"image":{"@id":"https:\/\/www.webdo.tn\/fr\/actualite\/national\/crise-du-lait-le-stock-national-ne-couvre-que-six-jours\/200538\/#primaryimage"},"thumbnailUrl":"https:\/\/www.webdo.tn\/fr\/wp-content\/uploads\/2022\/12\/84c869fe29743100ac3f853673355bb7.jpg","datePublished":"2022-12-12T11:10:00+00:00","dateModified":"2025-05-20T22:46:36+00:00","description":"Les autorit\u00e9s avaient pourtant affirm\u00e9 que cette crise se dirigeait vers le d\u00e9nouement. Aujourd\u2019hui, les professionnels du secteur mettent en garde contre son a...","breadcrumb":{"@id":"https:\/\/www.webdo.tn\/fr\/actualite\/national\/crise-du-lait-le-stock-national-ne-couvre-que-six-jours\/200538\/#breadcrumb"},"inLanguage":"fr-FR","potentialAction":[{"@type":"ReadAction","target":["https:\/\/www.webdo.tn\/fr\/actualite\/national\/crise-du-lait-le-stock-national-ne-couvre-que-six-jours\/200538\/"]}]},{"@type":"ImageObject","inLanguage":"fr-FR","@id":"https:\/\/www.webdo.tn\/fr\/actualite\/national\/crise-du-lait-le-stock-national-ne-couvre-que-six-jours\/200538\/#primaryimage","url":"https:\/\/www.webdo.tn\/fr\/wp-content\/uploads\/2022\/12\/84c869fe29743100ac3f853673355bb7.jpg","contentUrl":"https:\/\/www.webdo.tn\/fr\/wp-content\/uploads\/2022\/12\/84c869fe29743100ac3f853673355bb7.jpg","width":680,"height":363,"caption":"Crise du lait"},{"@type":"BreadcrumbList","@id":"https:\/\/www.webdo.tn\/fr\/actualite\/national\/crise-du-lait-le-stock-national-ne-couvre-que-six-jours\/200538\/#breadcrumb","itemListElement":[{"@type":"ListItem","position":1,"name":"Accueil","item":"https:\/\/www.webdo.tn\/fr\/"},{"@type":"ListItem","position":2,"name":"Crise du lait : le stock national ne couvre plus que six jours !"}]},{"@type":"WebSite","@id":"https:\/\/www.webdo.tn\/fr\/#website","url":"https:\/\/www.webdo.tn\/fr\/","name":"webdo","description":"Tunisie - News en Tunisie et \u00e0 l&#039;international sur Webdo.tn","publisher":{"@id":"https:\/\/www.webdo.tn\/fr\/#organization"},"potentialAction":[{"@type":"SearchAction","target":{"@type":"EntryPoint","urlTemplate":"https:\/\/www.webdo.tn\/fr\/?s={search_term_string}"},"query-input":{"@type":"PropertyValueSpecification","valueRequired":true,"valueName":"search_term_string"}}],"inLanguage":"fr-FR"},{"@type":"Organization","@id":"https:\/\/www.webdo.tn\/fr\/#organization","name":"Webdo","alternateName":"Webdo.tn","url":"https:\/\/www.webdo.tn\/fr\/","logo":{"@type":"ImageObject","inLanguage":"fr-FR","@id":"https:\/\/www.webdo.tn\/fr\/#\/schema\/logo\/image\/","url":"https:\/\/www.webdo.tn\/fr\/wp-content\/uploads\/2025\/06\/Webdo-Tunisie_168377.jpg","contentUrl":"https:\/\/www.webdo.tn\/fr\/wp-content\/uploads\/2025\/06\/Webdo-Tunisie_168377.jpg","width":301,"height":301,"caption":"Webdo"},"image":{"@id":"https:\/\/www.webdo.tn\/fr\/#\/schema\/logo\/image\/"},"sameAs":["https:\/\/www.facebook.com\/webdotn","https:\/\/x.com\/webdo_tn"],"description":"Webdo est un m\u00e9dia num\u00e9rique tunisien fond\u00e9 en 2010, sp\u00e9cialis\u00e9 dans l\u2019actualit\u00e9 nationale et internationale, l\u2019\u00e9conomie, la soci\u00e9t\u00e9 et les analyses politiques. Le site s\u2019adresse \u00e0 un large public francophone et couvre l\u2019information tunisienne en temps r\u00e9el.","email":"redac@webdo.tn","legalName":"YNJ SARL","foundingDate":"2010-09-06","numberOfEmployees":{"@type":"QuantitativeValue","minValue":"11","maxValue":"50"}},{"@type":"Person","@id":"https:\/\/www.webdo.tn\/fr\/#\/schema\/person\/f35b42a42c5e2511bbd282959d6385cc","name":"CL","image":{"@type":"ImageObject","inLanguage":"fr-FR","@id":"https:\/\/secure.gravatar.com\/avatar\/1447a49909b67aa657c488aec6512e1dd6143a480c1ecfee9b5b5cd74eb3b59e?s=96&d=mm&r=g","url":"https:\/\/secure.gravatar.com\/avatar\/1447a49909b67aa657c488aec6512e1dd6143a480c1ecfee9b5b5cd74eb3b59e?s=96&d=mm&r=g","contentUrl":"https:\/\/secure.gravatar.com\/avatar\/1447a49909b67aa657c488aec6512e1dd6143a480c1ecfee9b5b5cd74eb3b59e?s=96&d=mm&r=g","caption":"CL"},"url":"https:\/\/www.webdo.tn\/fr\/actualite\/author\/cl\/"}]}},"_links":{"self":[{"href":"https:\/\/www.webdo.tn\/fr\/wp-json\/wp\/v2\/posts\/200538","targetHints":{"allow":["GET"]}}],"collection":[{"href":"https:\/\/www.webdo.tn\/fr\/wp-json\/wp\/v2\/posts"}],"about":[{"href":"https:\/\/www.webdo.tn\/fr\/wp-json\/wp\/v2\/types\/post"}],"author":[{"embeddable":true,"href":"https:\/\/www.webdo.tn\/fr\/wp-json\/wp\/v2\/users\/3175"}],"replies":[{"embeddable":true,"href":"https:\/\/www.webdo.tn\/fr\/wp-json\/wp\/v2\/comments?post=200538"}],"version-history":[{"count":0,"href":"https:\/\/www.webdo.tn\/fr\/wp-json\/wp\/v2\/posts\/200538\/revisions"}],"wp:featuredmedia":[{"embeddable":true,"href":"https:\/\/www.webdo.tn\/fr\/wp-json\/wp\/v2\/media\/252876"}],"wp:attachment":[{"href":"https:\/\/www.webdo.tn\/fr\/wp-json\/wp\/v2\/media?parent=200538"}],"wp:term":[{"taxonomy":"category","embeddable":true,"href":"https:\/\/www.webdo.tn\/fr\/wp-json\/wp\/v2\/categories?post=200538"},{"taxonomy":"post_tag","embeddable":true,"href":"https:\/\/www.webdo.tn\/fr\/wp-json\/wp\/v2\/tags?post=200538"}],"curies":[{"name":"wp","href":"https:\/\/api.w.org\/{rel}","templated":true}]}}