{"id":200522,"date":"2022-12-12T07:42:00","date_gmt":"2022-12-12T07:42:00","guid":{"rendered":"https:\/\/www.webdo.tn\/fr\/blog\/saied-en-visite-nocturne-aux-quartiers-defavorises-d-el-mnihla\/200522\/"},"modified":"2025-05-20T22:48:10","modified_gmt":"2025-05-20T22:48:10","slug":"saied-en-visite-nocturne-aux-quartiers-defavorises-d-el-mnihla","status":"publish","type":"post","link":"https:\/\/www.webdo.tn\/fr\/actualite\/national\/saied-en-visite-nocturne-aux-quartiers-defavorises-d-el-mnihla\/200522\/","title":{"rendered":"Kais Saied en visite nocturne aux quartiers d\u00e9favoris\u00e9s d\u2019El Mnihla"},"content":{"rendered":"<p>Dans un communiqu\u00e9 rendu public hier dimanche 11 d\u00e9cembre, la pr\u00e9sidence de la R\u00e9publique a annonc\u00e9 que le pr\u00e9sident Ka\u00efs Sa\u00efed, a effectu\u00e9 une visite dans la d\u00e9l\u00e9gation d&rsquo;El Mnihla (gouvernorat de l&rsquo;Ariana), pour se rendre dans certains quartiers d\u00e9favoris\u00e9s.<\/p>\n<p>\t\t\t\t\t\t\t\t\tSelon le communiqu\u00e9 de la pr\u00e9sidence, le chef de l&rsquo;Etat a pris connaissance des conditions difficiles dans lesquelles vivent les habitants de ces zones, qui selon ses dires, sont similaires \u00e0 celles connues dans d&rsquo;autres r\u00e9gions de la R\u00e9publique.\u00a0<\/p>\n<p>Pour le chef de l\u2019Etat, l\u2019enjeu en Tunisie est aujourd\u2019hui \u00e9conomique et social et non pas politique. \u00ab Je sui venu pour montrer au monde entier que la priorit\u00e9 en Tunisie est sociale \u00bb, a-t-il d\u00e9clar\u00e9.<\/p>\n","protected":false},"excerpt":{"rendered":"<p>Dans un communiqu\u00e9 rendu public hier dimanche 11 d\u00e9cembre, la pr\u00e9sidence de la R\u00e9publique a annonc\u00e9 que le pr\u00e9sident Ka\u00efs Sa\u00efed, a effectu\u00e9 une visite dans la d&#8230;<\/p>\n","protected":false},"author":3175,"featured_media":277383,"comment_status":"open","ping_status":"closed","sticky":false,"template":"","format":"standard","meta":{"footnotes":""},"categories":[44],"tags":[2614,9204,2608,4154],"class_list":["post-200522","post","type-post","status-publish","format-standard","has-post-thumbnail","hentry","category-national","tag-kais-saied","tag-quartier","tag-tunisie","tag-visite"],"yoast_head":"<!-- This site is optimized with the Yoast SEO Premium plugin v27.5 (Yoast SEO v27.5) - https:\/\/yoast.com\/product\/yoast-seo-premium-wordpress\/ -->\n<title>Kais Saied en visite nocturne aux quartiers d\u00e9favoris\u00e9s d\u2019El Mnihla<\/title>\n<meta name=\"description\" content=\"Dans un communiqu\u00e9 rendu public hier dimanche 11 d\u00e9cembre, la pr\u00e9sidence de la R\u00e9publique a annonc\u00e9 que le pr\u00e9sident Ka\u00efs Sa\u00efed, a effectu\u00e9 une visite dans la d...\" \/>\n<link rel=\"canonical\" href=\"https:\/\/www.webdo.tn\/fr\/actualite\/national\/saied-en-visite-nocturne-aux-quartiers-defavorises-d-el-mnihla\/200522\/\" \/>\n<meta property=\"og:locale\" content=\"fr_FR\" \/>\n<meta property=\"og:type\" content=\"article\" \/>\n<meta property=\"og:title\" content=\"Kais Saied en visite nocturne aux quartiers d\u00e9favoris\u00e9s d\u2019El Mnihla\" \/>\n<meta property=\"og:description\" content=\"Dans un communiqu\u00e9 rendu public hier dimanche 11 d\u00e9cembre, la pr\u00e9sidence de la R\u00e9publique a annonc\u00e9 que le pr\u00e9sident Ka\u00efs Sa\u00efed, a effectu\u00e9 une visite dans la d...\" \/>\n<meta property=\"og:url\" content=\"https:\/\/www.webdo.tn\/fr\/actualite\/national\/saied-en-visite-nocturne-aux-quartiers-defavorises-d-el-mnihla\/200522\/\" \/>\n<meta property=\"og:site_name\" content=\"webdo\" \/>\n<meta property=\"article:publisher\" content=\"https:\/\/www.facebook.com\/webdotn\" \/>\n<meta property=\"article:published_time\" content=\"2022-12-12T07:42:00+00:00\" \/>\n<meta property=\"article:modified_time\" content=\"2025-05-20T22:48:10+00:00\" \/>\n<meta property=\"og:image\" content=\"https:\/\/www.webdo.tn\/fr\/wp-content\/uploads\/2022\/12\/7254c9b976faf2f81f8564feeee48f86.jpg\" \/>\n\t<meta property=\"og:image:width\" content=\"750\" \/>\n\t<meta property=\"og:image:height\" content=\"400\" \/>\n\t<meta property=\"og:image:type\" content=\"image\/jpeg\" \/>\n<meta name=\"author\" content=\"CL\" \/>\n<meta name=\"twitter:card\" content=\"summary_large_image\" \/>\n<meta name=\"twitter:creator\" content=\"@webdo_tn\" \/>\n<meta name=\"twitter:site\" content=\"@webdo_tn\" \/>\n<meta name=\"twitter:label1\" content=\"\u00c9crit par\" \/>\n\t<meta name=\"twitter:data1\" content=\"CL\" \/>\n\t<meta name=\"twitter:label2\" content=\"Dur\u00e9e de lecture estim\u00e9e\" \/>\n\t<meta name=\"twitter:data2\" content=\"1 minute\" \/>\n<script type=\"application\/ld+json\" class=\"yoast-schema-graph\">{\"@context\":\"https:\\\/\\\/schema.org\",\"@graph\":[{\"@type\":\"NewsArticle\",\"@id\":\"https:\\\/\\\/www.webdo.tn\\\/fr\\\/actualite\\\/national\\\/saied-en-visite-nocturne-aux-quartiers-defavorises-d-el-mnihla\\\/200522\\\/#article\",\"isPartOf\":{\"@id\":\"https:\\\/\\\/www.webdo.tn\\\/fr\\\/actualite\\\/national\\\/saied-en-visite-nocturne-aux-quartiers-defavorises-d-el-mnihla\\\/200522\\\/\"},\"author\":{\"name\":\"CL\",\"@id\":\"https:\\\/\\\/www.webdo.tn\\\/fr\\\/#\\\/schema\\\/person\\\/f35b42a42c5e2511bbd282959d6385cc\"},\"headline\":\"Kais Saied en visite nocturne aux quartiers d\u00e9favoris\u00e9s d\u2019El Mnihla\",\"datePublished\":\"2022-12-12T07:42:00+00:00\",\"dateModified\":\"2025-05-20T22:48:10+00:00\",\"mainEntityOfPage\":{\"@id\":\"https:\\\/\\\/www.webdo.tn\\\/fr\\\/actualite\\\/national\\\/saied-en-visite-nocturne-aux-quartiers-defavorises-d-el-mnihla\\\/200522\\\/\"},\"wordCount\":145,\"commentCount\":0,\"publisher\":{\"@id\":\"https:\\\/\\\/www.webdo.tn\\\/fr\\\/#organization\"},\"image\":{\"@id\":\"https:\\\/\\\/www.webdo.tn\\\/fr\\\/actualite\\\/national\\\/saied-en-visite-nocturne-aux-quartiers-defavorises-d-el-mnihla\\\/200522\\\/#primaryimage\"},\"thumbnailUrl\":\"https:\\\/\\\/www.webdo.tn\\\/fr\\\/wp-content\\\/uploads\\\/2022\\\/12\\\/7254c9b976faf2f81f8564feeee48f86.jpg\",\"keywords\":[\"Kais Saied\",\"quartier\",\"Tunisie\",\"visite\"],\"articleSection\":[\"National\"],\"inLanguage\":\"fr-FR\"},{\"@type\":\"WebPage\",\"@id\":\"https:\\\/\\\/www.webdo.tn\\\/fr\\\/actualite\\\/national\\\/saied-en-visite-nocturne-aux-quartiers-defavorises-d-el-mnihla\\\/200522\\\/\",\"url\":\"https:\\\/\\\/www.webdo.tn\\\/fr\\\/actualite\\\/national\\\/saied-en-visite-nocturne-aux-quartiers-defavorises-d-el-mnihla\\\/200522\\\/\",\"name\":\"Kais Saied en visite nocturne aux quartiers d\u00e9favoris\u00e9s d\u2019El Mnihla\",\"isPartOf\":{\"@id\":\"https:\\\/\\\/www.webdo.tn\\\/fr\\\/#website\"},\"primaryImageOfPage\":{\"@id\":\"https:\\\/\\\/www.webdo.tn\\\/fr\\\/actualite\\\/national\\\/saied-en-visite-nocturne-aux-quartiers-defavorises-d-el-mnihla\\\/200522\\\/#primaryimage\"},\"image\":{\"@id\":\"https:\\\/\\\/www.webdo.tn\\\/fr\\\/actualite\\\/national\\\/saied-en-visite-nocturne-aux-quartiers-defavorises-d-el-mnihla\\\/200522\\\/#primaryimage\"},\"thumbnailUrl\":\"https:\\\/\\\/www.webdo.tn\\\/fr\\\/wp-content\\\/uploads\\\/2022\\\/12\\\/7254c9b976faf2f81f8564feeee48f86.jpg\",\"datePublished\":\"2022-12-12T07:42:00+00:00\",\"dateModified\":\"2025-05-20T22:48:10+00:00\",\"description\":\"Dans un communiqu\u00e9 rendu public hier dimanche 11 d\u00e9cembre, la pr\u00e9sidence de la R\u00e9publique a annonc\u00e9 que le pr\u00e9sident Ka\u00efs Sa\u00efed, a effectu\u00e9 une visite dans la d...\",\"breadcrumb\":{\"@id\":\"https:\\\/\\\/www.webdo.tn\\\/fr\\\/actualite\\\/national\\\/saied-en-visite-nocturne-aux-quartiers-defavorises-d-el-mnihla\\\/200522\\\/#breadcrumb\"},\"inLanguage\":\"fr-FR\",\"potentialAction\":[{\"@type\":\"ReadAction\",\"target\":[\"https:\\\/\\\/www.webdo.tn\\\/fr\\\/actualite\\\/national\\\/saied-en-visite-nocturne-aux-quartiers-defavorises-d-el-mnihla\\\/200522\\\/\"]}]},{\"@type\":\"ImageObject\",\"inLanguage\":\"fr-FR\",\"@id\":\"https:\\\/\\\/www.webdo.tn\\\/fr\\\/actualite\\\/national\\\/saied-en-visite-nocturne-aux-quartiers-defavorises-d-el-mnihla\\\/200522\\\/#primaryimage\",\"url\":\"https:\\\/\\\/www.webdo.tn\\\/fr\\\/wp-content\\\/uploads\\\/2022\\\/12\\\/7254c9b976faf2f81f8564feeee48f86.jpg\",\"contentUrl\":\"https:\\\/\\\/www.webdo.tn\\\/fr\\\/wp-content\\\/uploads\\\/2022\\\/12\\\/7254c9b976faf2f81f8564feeee48f86.jpg\",\"width\":750,\"height\":400,\"caption\":\"Kais Saied\"},{\"@type\":\"BreadcrumbList\",\"@id\":\"https:\\\/\\\/www.webdo.tn\\\/fr\\\/actualite\\\/national\\\/saied-en-visite-nocturne-aux-quartiers-defavorises-d-el-mnihla\\\/200522\\\/#breadcrumb\",\"itemListElement\":[{\"@type\":\"ListItem\",\"position\":1,\"name\":\"Accueil\",\"item\":\"https:\\\/\\\/www.webdo.tn\\\/fr\\\/\"},{\"@type\":\"ListItem\",\"position\":2,\"name\":\"Kais Saied en visite nocturne aux quartiers d\u00e9favoris\u00e9s d\u2019El Mnihla\"}]},{\"@type\":\"WebSite\",\"@id\":\"https:\\\/\\\/www.webdo.tn\\\/fr\\\/#website\",\"url\":\"https:\\\/\\\/www.webdo.tn\\\/fr\\\/\",\"name\":\"webdo\",\"description\":\"Tunisie - News en Tunisie et \u00e0 l&#039;international sur Webdo.tn\",\"publisher\":{\"@id\":\"https:\\\/\\\/www.webdo.tn\\\/fr\\\/#organization\"},\"potentialAction\":[{\"@type\":\"SearchAction\",\"target\":{\"@type\":\"EntryPoint\",\"urlTemplate\":\"https:\\\/\\\/www.webdo.tn\\\/fr\\\/?s={search_term_string}\"},\"query-input\":{\"@type\":\"PropertyValueSpecification\",\"valueRequired\":true,\"valueName\":\"search_term_string\"}}],\"inLanguage\":\"fr-FR\"},{\"@type\":\"Organization\",\"@id\":\"https:\\\/\\\/www.webdo.tn\\\/fr\\\/#organization\",\"name\":\"Webdo\",\"alternateName\":\"Webdo.tn\",\"url\":\"https:\\\/\\\/www.webdo.tn\\\/fr\\\/\",\"logo\":{\"@type\":\"ImageObject\",\"inLanguage\":\"fr-FR\",\"@id\":\"https:\\\/\\\/www.webdo.tn\\\/fr\\\/#\\\/schema\\\/logo\\\/image\\\/\",\"url\":\"https:\\\/\\\/www.webdo.tn\\\/fr\\\/wp-content\\\/uploads\\\/2025\\\/06\\\/Webdo-Tunisie_168377.jpg\",\"contentUrl\":\"https:\\\/\\\/www.webdo.tn\\\/fr\\\/wp-content\\\/uploads\\\/2025\\\/06\\\/Webdo-Tunisie_168377.jpg\",\"width\":301,\"height\":301,\"caption\":\"Webdo\"},\"image\":{\"@id\":\"https:\\\/\\\/www.webdo.tn\\\/fr\\\/#\\\/schema\\\/logo\\\/image\\\/\"},\"sameAs\":[\"https:\\\/\\\/www.facebook.com\\\/webdotn\",\"https:\\\/\\\/x.com\\\/webdo_tn\"],\"description\":\"Webdo est un m\u00e9dia num\u00e9rique tunisien fond\u00e9 en 2010, sp\u00e9cialis\u00e9 dans l\u2019actualit\u00e9 nationale et internationale, l\u2019\u00e9conomie, la soci\u00e9t\u00e9 et les analyses politiques. Le site s\u2019adresse \u00e0 un large public francophone et couvre l\u2019information tunisienne en temps r\u00e9el.\",\"email\":\"redac@webdo.tn\",\"legalName\":\"YNJ SARL\",\"foundingDate\":\"2010-09-06\",\"numberOfEmployees\":{\"@type\":\"QuantitativeValue\",\"minValue\":\"11\",\"maxValue\":\"50\"}},{\"@type\":\"Person\",\"@id\":\"https:\\\/\\\/www.webdo.tn\\\/fr\\\/#\\\/schema\\\/person\\\/f35b42a42c5e2511bbd282959d6385cc\",\"name\":\"CL\",\"image\":{\"@type\":\"ImageObject\",\"inLanguage\":\"fr-FR\",\"@id\":\"https:\\\/\\\/secure.gravatar.com\\\/avatar\\\/1447a49909b67aa657c488aec6512e1dd6143a480c1ecfee9b5b5cd74eb3b59e?s=96&d=mm&r=g\",\"url\":\"https:\\\/\\\/secure.gravatar.com\\\/avatar\\\/1447a49909b67aa657c488aec6512e1dd6143a480c1ecfee9b5b5cd74eb3b59e?s=96&d=mm&r=g\",\"contentUrl\":\"https:\\\/\\\/secure.gravatar.com\\\/avatar\\\/1447a49909b67aa657c488aec6512e1dd6143a480c1ecfee9b5b5cd74eb3b59e?s=96&d=mm&r=g\",\"caption\":\"CL\"},\"url\":\"https:\\\/\\\/www.webdo.tn\\\/fr\\\/actualite\\\/author\\\/cl\\\/\"}]}<\/script>\n<!-- \/ Yoast SEO Premium plugin. -->","yoast_head_json":{"title":"Kais Saied en visite nocturne aux quartiers d\u00e9favoris\u00e9s d\u2019El Mnihla","description":"Dans un communiqu\u00e9 rendu public hier dimanche 11 d\u00e9cembre, la pr\u00e9sidence de la R\u00e9publique a annonc\u00e9 que le pr\u00e9sident Ka\u00efs Sa\u00efed, a effectu\u00e9 une visite dans la d...","canonical":"https:\/\/www.webdo.tn\/fr\/actualite\/national\/saied-en-visite-nocturne-aux-quartiers-defavorises-d-el-mnihla\/200522\/","og_locale":"fr_FR","og_type":"article","og_title":"Kais Saied en visite nocturne aux quartiers d\u00e9favoris\u00e9s d\u2019El Mnihla","og_description":"Dans un communiqu\u00e9 rendu public hier dimanche 11 d\u00e9cembre, la pr\u00e9sidence de la R\u00e9publique a annonc\u00e9 que le pr\u00e9sident Ka\u00efs Sa\u00efed, a effectu\u00e9 une visite dans la d...","og_url":"https:\/\/www.webdo.tn\/fr\/actualite\/national\/saied-en-visite-nocturne-aux-quartiers-defavorises-d-el-mnihla\/200522\/","og_site_name":"webdo","article_publisher":"https:\/\/www.facebook.com\/webdotn","article_published_time":"2022-12-12T07:42:00+00:00","article_modified_time":"2025-05-20T22:48:10+00:00","og_image":[{"width":750,"height":400,"url":"https:\/\/www.webdo.tn\/fr\/wp-content\/uploads\/2022\/12\/7254c9b976faf2f81f8564feeee48f86.jpg","type":"image\/jpeg"}],"author":"CL","twitter_card":"summary_large_image","twitter_creator":"@webdo_tn","twitter_site":"@webdo_tn","twitter_misc":{"\u00c9crit par":"CL","Dur\u00e9e de lecture estim\u00e9e":"1 minute"},"schema":{"@context":"https:\/\/schema.org","@graph":[{"@type":"NewsArticle","@id":"https:\/\/www.webdo.tn\/fr\/actualite\/national\/saied-en-visite-nocturne-aux-quartiers-defavorises-d-el-mnihla\/200522\/#article","isPartOf":{"@id":"https:\/\/www.webdo.tn\/fr\/actualite\/national\/saied-en-visite-nocturne-aux-quartiers-defavorises-d-el-mnihla\/200522\/"},"author":{"name":"CL","@id":"https:\/\/www.webdo.tn\/fr\/#\/schema\/person\/f35b42a42c5e2511bbd282959d6385cc"},"headline":"Kais Saied en visite nocturne aux quartiers d\u00e9favoris\u00e9s d\u2019El Mnihla","datePublished":"2022-12-12T07:42:00+00:00","dateModified":"2025-05-20T22:48:10+00:00","mainEntityOfPage":{"@id":"https:\/\/www.webdo.tn\/fr\/actualite\/national\/saied-en-visite-nocturne-aux-quartiers-defavorises-d-el-mnihla\/200522\/"},"wordCount":145,"commentCount":0,"publisher":{"@id":"https:\/\/www.webdo.tn\/fr\/#organization"},"image":{"@id":"https:\/\/www.webdo.tn\/fr\/actualite\/national\/saied-en-visite-nocturne-aux-quartiers-defavorises-d-el-mnihla\/200522\/#primaryimage"},"thumbnailUrl":"https:\/\/www.webdo.tn\/fr\/wp-content\/uploads\/2022\/12\/7254c9b976faf2f81f8564feeee48f86.jpg","keywords":["Kais Saied","quartier","Tunisie","visite"],"articleSection":["National"],"inLanguage":"fr-FR"},{"@type":"WebPage","@id":"https:\/\/www.webdo.tn\/fr\/actualite\/national\/saied-en-visite-nocturne-aux-quartiers-defavorises-d-el-mnihla\/200522\/","url":"https:\/\/www.webdo.tn\/fr\/actualite\/national\/saied-en-visite-nocturne-aux-quartiers-defavorises-d-el-mnihla\/200522\/","name":"Kais Saied en visite nocturne aux quartiers d\u00e9favoris\u00e9s d\u2019El Mnihla","isPartOf":{"@id":"https:\/\/www.webdo.tn\/fr\/#website"},"primaryImageOfPage":{"@id":"https:\/\/www.webdo.tn\/fr\/actualite\/national\/saied-en-visite-nocturne-aux-quartiers-defavorises-d-el-mnihla\/200522\/#primaryimage"},"image":{"@id":"https:\/\/www.webdo.tn\/fr\/actualite\/national\/saied-en-visite-nocturne-aux-quartiers-defavorises-d-el-mnihla\/200522\/#primaryimage"},"thumbnailUrl":"https:\/\/www.webdo.tn\/fr\/wp-content\/uploads\/2022\/12\/7254c9b976faf2f81f8564feeee48f86.jpg","datePublished":"2022-12-12T07:42:00+00:00","dateModified":"2025-05-20T22:48:10+00:00","description":"Dans un communiqu\u00e9 rendu public hier dimanche 11 d\u00e9cembre, la pr\u00e9sidence de la R\u00e9publique a annonc\u00e9 que le pr\u00e9sident Ka\u00efs Sa\u00efed, a effectu\u00e9 une visite dans la d...","breadcrumb":{"@id":"https:\/\/www.webdo.tn\/fr\/actualite\/national\/saied-en-visite-nocturne-aux-quartiers-defavorises-d-el-mnihla\/200522\/#breadcrumb"},"inLanguage":"fr-FR","potentialAction":[{"@type":"ReadAction","target":["https:\/\/www.webdo.tn\/fr\/actualite\/national\/saied-en-visite-nocturne-aux-quartiers-defavorises-d-el-mnihla\/200522\/"]}]},{"@type":"ImageObject","inLanguage":"fr-FR","@id":"https:\/\/www.webdo.tn\/fr\/actualite\/national\/saied-en-visite-nocturne-aux-quartiers-defavorises-d-el-mnihla\/200522\/#primaryimage","url":"https:\/\/www.webdo.tn\/fr\/wp-content\/uploads\/2022\/12\/7254c9b976faf2f81f8564feeee48f86.jpg","contentUrl":"https:\/\/www.webdo.tn\/fr\/wp-content\/uploads\/2022\/12\/7254c9b976faf2f81f8564feeee48f86.jpg","width":750,"height":400,"caption":"Kais Saied"},{"@type":"BreadcrumbList","@id":"https:\/\/www.webdo.tn\/fr\/actualite\/national\/saied-en-visite-nocturne-aux-quartiers-defavorises-d-el-mnihla\/200522\/#breadcrumb","itemListElement":[{"@type":"ListItem","position":1,"name":"Accueil","item":"https:\/\/www.webdo.tn\/fr\/"},{"@type":"ListItem","position":2,"name":"Kais Saied en visite nocturne aux quartiers d\u00e9favoris\u00e9s d\u2019El Mnihla"}]},{"@type":"WebSite","@id":"https:\/\/www.webdo.tn\/fr\/#website","url":"https:\/\/www.webdo.tn\/fr\/","name":"webdo","description":"Tunisie - News en Tunisie et \u00e0 l&#039;international sur Webdo.tn","publisher":{"@id":"https:\/\/www.webdo.tn\/fr\/#organization"},"potentialAction":[{"@type":"SearchAction","target":{"@type":"EntryPoint","urlTemplate":"https:\/\/www.webdo.tn\/fr\/?s={search_term_string}"},"query-input":{"@type":"PropertyValueSpecification","valueRequired":true,"valueName":"search_term_string"}}],"inLanguage":"fr-FR"},{"@type":"Organization","@id":"https:\/\/www.webdo.tn\/fr\/#organization","name":"Webdo","alternateName":"Webdo.tn","url":"https:\/\/www.webdo.tn\/fr\/","logo":{"@type":"ImageObject","inLanguage":"fr-FR","@id":"https:\/\/www.webdo.tn\/fr\/#\/schema\/logo\/image\/","url":"https:\/\/www.webdo.tn\/fr\/wp-content\/uploads\/2025\/06\/Webdo-Tunisie_168377.jpg","contentUrl":"https:\/\/www.webdo.tn\/fr\/wp-content\/uploads\/2025\/06\/Webdo-Tunisie_168377.jpg","width":301,"height":301,"caption":"Webdo"},"image":{"@id":"https:\/\/www.webdo.tn\/fr\/#\/schema\/logo\/image\/"},"sameAs":["https:\/\/www.facebook.com\/webdotn","https:\/\/x.com\/webdo_tn"],"description":"Webdo est un m\u00e9dia num\u00e9rique tunisien fond\u00e9 en 2010, sp\u00e9cialis\u00e9 dans l\u2019actualit\u00e9 nationale et internationale, l\u2019\u00e9conomie, la soci\u00e9t\u00e9 et les analyses politiques. Le site s\u2019adresse \u00e0 un large public francophone et couvre l\u2019information tunisienne en temps r\u00e9el.","email":"redac@webdo.tn","legalName":"YNJ SARL","foundingDate":"2010-09-06","numberOfEmployees":{"@type":"QuantitativeValue","minValue":"11","maxValue":"50"}},{"@type":"Person","@id":"https:\/\/www.webdo.tn\/fr\/#\/schema\/person\/f35b42a42c5e2511bbd282959d6385cc","name":"CL","image":{"@type":"ImageObject","inLanguage":"fr-FR","@id":"https:\/\/secure.gravatar.com\/avatar\/1447a49909b67aa657c488aec6512e1dd6143a480c1ecfee9b5b5cd74eb3b59e?s=96&d=mm&r=g","url":"https:\/\/secure.gravatar.com\/avatar\/1447a49909b67aa657c488aec6512e1dd6143a480c1ecfee9b5b5cd74eb3b59e?s=96&d=mm&r=g","contentUrl":"https:\/\/secure.gravatar.com\/avatar\/1447a49909b67aa657c488aec6512e1dd6143a480c1ecfee9b5b5cd74eb3b59e?s=96&d=mm&r=g","caption":"CL"},"url":"https:\/\/www.webdo.tn\/fr\/actualite\/author\/cl\/"}]}},"_links":{"self":[{"href":"https:\/\/www.webdo.tn\/fr\/wp-json\/wp\/v2\/posts\/200522","targetHints":{"allow":["GET"]}}],"collection":[{"href":"https:\/\/www.webdo.tn\/fr\/wp-json\/wp\/v2\/posts"}],"about":[{"href":"https:\/\/www.webdo.tn\/fr\/wp-json\/wp\/v2\/types\/post"}],"author":[{"embeddable":true,"href":"https:\/\/www.webdo.tn\/fr\/wp-json\/wp\/v2\/users\/3175"}],"replies":[{"embeddable":true,"href":"https:\/\/www.webdo.tn\/fr\/wp-json\/wp\/v2\/comments?post=200522"}],"version-history":[{"count":0,"href":"https:\/\/www.webdo.tn\/fr\/wp-json\/wp\/v2\/posts\/200522\/revisions"}],"wp:featuredmedia":[{"embeddable":true,"href":"https:\/\/www.webdo.tn\/fr\/wp-json\/wp\/v2\/media\/277383"}],"wp:attachment":[{"href":"https:\/\/www.webdo.tn\/fr\/wp-json\/wp\/v2\/media?parent=200522"}],"wp:term":[{"taxonomy":"category","embeddable":true,"href":"https:\/\/www.webdo.tn\/fr\/wp-json\/wp\/v2\/categories?post=200522"},{"taxonomy":"post_tag","embeddable":true,"href":"https:\/\/www.webdo.tn\/fr\/wp-json\/wp\/v2\/tags?post=200522"}],"curies":[{"name":"wp","href":"https:\/\/api.w.org\/{rel}","templated":true}]}}