{"id":200518,"date":"2022-12-11T18:28:00","date_gmt":"2022-12-11T18:28:00","guid":{"rendered":"https:\/\/www.webdo.tn\/fr\/blog\/coupe-du-monde-le-ballon-al-hilm-remplace-al-rihla\/200518\/"},"modified":"2025-05-20T23:02:16","modified_gmt":"2025-05-20T23:02:16","slug":"coupe-du-monde-le-ballon-al-hilm-remplace-al-rihla","status":"publish","type":"post","link":"https:\/\/www.webdo.tn\/fr\/actualite\/sport\/coupe-du-monde-le-ballon-al-hilm-remplace-al-rihla\/200518\/","title":{"rendered":"Coupe du Monde : le ballon \u00a0\u00bbAl Hilm\u00a0\u00bb remplace \u00ab Al Rihla \u00bb"},"content":{"rendered":"<p>Un nouveau ballon baptis\u00e9 \u00a0\u00bbAl Hilm\u00a0\u00bb (le r\u00eave) et d\u00e9cor\u00e9 de nuances bordeaux rappelant le drapeau qatari, sera utilis\u00e9 lors des matches des demi-finales de la Coupe du monde 2022 au Qatar, pr\u00e9vus mardi et mercredi, a annonc\u00e9, ce dimanche, la F\u00e9d\u00e9ration internationale (Fifa).<\/p>\n<p>\t\t\t\t\t\t\t\t\t\u00ab\u00a0Al Hilm sera le ballon officiel des demi-finales, du match pour la troisi\u00e8me place et de la finale\u00a0\u00bb programm\u00e9e le 18 d\u00e9cembre au stade de Lusa\u00efl, a \u00e9crit la Fifa dans un communiqu\u00e9.<\/p>\n<p>La premi\u00e8re demi-finale, pr\u00e9vue mardi oppose l&rsquo;Argentine \u00e0 la Croatie, alors que la seconde, met aux prises, mercredi, l&rsquo;\u00e9quipe de France \u00e0 celle du Maroc.<\/p>\n<p>Le nouveau ballon \u00ab\u00a0Al Hilm\u00a0\u00bb, est \u00e0 dominante blanche avec des motifs rouge fonc\u00e9, alors que son pr\u00e9d\u00e9cesseur \u00ab\u00a0Al Rihla\u00a0\u00bb (le voyage) comportait des z\u00e9brures bleues et rouges relev\u00e9es de dor\u00e9.<\/p>\n<p>Al Hilm se veut \u00ab\u00a0le premier ballon du dernier carr\u00e9 d&rsquo;une Coupe du Monde de la Fifa utilisant exclusivement des encres et des colles \u00e0 l&rsquo;eau\u00a0\u00bb.<br \/>\nCe nouveau ballon de l&rsquo;\u00e9quipementier Adidas sera lui aussi \u00e9quip\u00e9 de la \u00ab\u00a0technologie semi-automatis\u00e9e du hors-jeu\u00a0\u00bb (SAOT), comme son pr\u00e9d\u00e9cesseur Al Rihla: un capteur plac\u00e9 au centre du ballon doit envoyer des donn\u00e9es 500 fois par seconde, d\u00e9terminant le moment o\u00f9 il est jou\u00e9 bien plus pr\u00e9cis\u00e9ment que ne pourrait le faire un \u0153il humain.<\/p>\n<p>La Fifa a introduit lors de cette Coupe du monde 2022 l&rsquo;utilisation de cette technologie, destin\u00e9e \u00e0 acc\u00e9l\u00e9rer et fiabiliser les d\u00e9cisions arbitrales.<\/p>\n<p>Le SAOT doit permettre d&rsquo;\u00e9tablir \u00e0 tout moment la position des joueurs et du ballon, facilitant la d\u00e9tection des hors-jeu sans toutefois remplacer l&rsquo;appr\u00e9ciation des arbitres.<\/p>\n<p>Sur le plan sportif, les trajectoires du ballon Al Rihla ont \u00e9t\u00e9 jug\u00e9 acceptables par Claudio Taffarel, entra\u00eeneur des gardiens du Br\u00e9sil: \u00ab\u00a0Ce n&rsquo;est pas mauvais, mais ce n&rsquo;est pas 100%\u00a0\u00bb, a d\u00e9clar\u00e9 fin novembre l&rsquo;ancien portier de la Sele\u00e7ao championne du monde 1994.<\/p>\n<p>Al Rihla et Al Hilm ont succ\u00e9d\u00e9 \u00e0 \u00ab\u00a0Telstar 18\u00a0\u00bb, le ballon de la Coupe du monde 2018 en Russie et \u00e0 \u00ab\u00a0Brazuca\u00a0\u00bb (Br\u00e9sil 2014) ou encore \u00ab\u00a0Jabulani\u00a0\u00bb (Afrique du sud 2010).<\/p>\n","protected":false},"excerpt":{"rendered":"<p>Un nouveau ballon baptis\u00e9 \u00a0\u00bbAl Hilm\u00a0\u00bb (le r\u00eave) et d\u00e9cor\u00e9 de nuances bordeaux rappelant le drapeau qatari, sera utilis\u00e9 lors des matches des demi-finales de la&#8230;<\/p>\n","protected":false},"author":3197,"featured_media":277374,"comment_status":"open","ping_status":"closed","sticky":false,"template":"","format":"standard","meta":{"footnotes":""},"categories":[2593],"tags":[9197,9157,4066,8935],"class_list":["post-200518","post","type-post","status-publish","format-standard","has-post-thumbnail","hentry","category-sport","tag-al-hilm","tag-al-rihla","tag-coupe-du-monde","tag-qatar2022"],"yoast_head":"<!-- This site is optimized with the Yoast SEO Premium plugin v27.4 (Yoast SEO v27.5) - https:\/\/yoast.com\/product\/yoast-seo-premium-wordpress\/ -->\n<title>Coupe du Monde : le ballon &#039;&#039;Al Hilm&#039;&#039; remplace \u00ab Al Rihla \u00bb<\/title>\n<meta name=\"description\" content=\"Un nouveau ballon baptis\u00e9 &#039;&#039;Al Hilm&#039;&#039; (le r\u00eave) et d\u00e9cor\u00e9 de nuances bordeaux rappelant le drapeau qatari, sera utilis\u00e9 lors des matches des demi-finales de la...\" \/>\n<link rel=\"canonical\" href=\"https:\/\/www.webdo.tn\/fr\/actualite\/sport\/coupe-du-monde-le-ballon-al-hilm-remplace-al-rihla\/200518\/\" \/>\n<meta property=\"og:locale\" content=\"fr_FR\" \/>\n<meta property=\"og:type\" content=\"article\" \/>\n<meta property=\"og:title\" content=\"Coupe du Monde : le ballon &#039;&#039;Al Hilm&#039;&#039; remplace \u00ab Al Rihla \u00bb\" \/>\n<meta property=\"og:description\" content=\"Un nouveau ballon baptis\u00e9 &#039;&#039;Al Hilm&#039;&#039; (le r\u00eave) et d\u00e9cor\u00e9 de nuances bordeaux rappelant le drapeau qatari, sera utilis\u00e9 lors des matches des demi-finales de la...\" \/>\n<meta property=\"og:url\" content=\"https:\/\/www.webdo.tn\/fr\/actualite\/sport\/coupe-du-monde-le-ballon-al-hilm-remplace-al-rihla\/200518\/\" \/>\n<meta property=\"og:site_name\" content=\"webdo\" \/>\n<meta property=\"article:publisher\" content=\"https:\/\/www.facebook.com\/webdotn\" \/>\n<meta property=\"article:published_time\" content=\"2022-12-11T18:28:00+00:00\" \/>\n<meta property=\"article:modified_time\" content=\"2025-05-20T23:02:16+00:00\" \/>\n<meta property=\"og:image\" content=\"https:\/\/www.webdo.tn\/fr\/wp-content\/uploads\/2022\/12\/458e325e008cf057b45a55bb25548cde.jpg\" \/>\n\t<meta property=\"og:image:width\" content=\"750\" \/>\n\t<meta property=\"og:image:height\" content=\"400\" \/>\n\t<meta property=\"og:image:type\" content=\"image\/jpeg\" \/>\n<meta name=\"author\" content=\"AGENCES\" \/>\n<meta name=\"twitter:card\" content=\"summary_large_image\" \/>\n<meta name=\"twitter:creator\" content=\"@webdo_tn\" \/>\n<meta name=\"twitter:site\" content=\"@webdo_tn\" \/>\n<meta name=\"twitter:label1\" content=\"\u00c9crit par\" \/>\n\t<meta name=\"twitter:data1\" content=\"AGENCES\" \/>\n\t<meta name=\"twitter:label2\" content=\"Dur\u00e9e de lecture estim\u00e9e\" \/>\n\t<meta name=\"twitter:data2\" content=\"2 minutes\" \/>\n<script type=\"application\/ld+json\" class=\"yoast-schema-graph\">{\"@context\":\"https:\\\/\\\/schema.org\",\"@graph\":[{\"@type\":\"NewsArticle\",\"@id\":\"https:\\\/\\\/www.webdo.tn\\\/fr\\\/actualite\\\/sport\\\/coupe-du-monde-le-ballon-al-hilm-remplace-al-rihla\\\/200518\\\/#article\",\"isPartOf\":{\"@id\":\"https:\\\/\\\/www.webdo.tn\\\/fr\\\/actualite\\\/sport\\\/coupe-du-monde-le-ballon-al-hilm-remplace-al-rihla\\\/200518\\\/\"},\"author\":{\"name\":\"AGENCES\",\"@id\":\"https:\\\/\\\/www.webdo.tn\\\/fr\\\/#\\\/schema\\\/person\\\/6e50a3c1ebb9274fbc3e320ee40ab3cf\"},\"headline\":\"Coupe du Monde : le ballon \u00a0\u00bbAl Hilm\u00a0\u00bb remplace \u00ab Al Rihla \u00bb\",\"datePublished\":\"2022-12-11T18:28:00+00:00\",\"dateModified\":\"2025-05-20T23:02:16+00:00\",\"mainEntityOfPage\":{\"@id\":\"https:\\\/\\\/www.webdo.tn\\\/fr\\\/actualite\\\/sport\\\/coupe-du-monde-le-ballon-al-hilm-remplace-al-rihla\\\/200518\\\/\"},\"wordCount\":376,\"commentCount\":0,\"publisher\":{\"@id\":\"https:\\\/\\\/www.webdo.tn\\\/fr\\\/#organization\"},\"image\":{\"@id\":\"https:\\\/\\\/www.webdo.tn\\\/fr\\\/actualite\\\/sport\\\/coupe-du-monde-le-ballon-al-hilm-remplace-al-rihla\\\/200518\\\/#primaryimage\"},\"thumbnailUrl\":\"https:\\\/\\\/www.webdo.tn\\\/fr\\\/wp-content\\\/uploads\\\/2022\\\/12\\\/458e325e008cf057b45a55bb25548cde.jpg\",\"keywords\":[\"Al Hilm\",\"Al Rihla\",\"Coupe du Monde\",\"Qatar2022\"],\"articleSection\":[\"Sport\"],\"inLanguage\":\"fr-FR\"},{\"@type\":\"WebPage\",\"@id\":\"https:\\\/\\\/www.webdo.tn\\\/fr\\\/actualite\\\/sport\\\/coupe-du-monde-le-ballon-al-hilm-remplace-al-rihla\\\/200518\\\/\",\"url\":\"https:\\\/\\\/www.webdo.tn\\\/fr\\\/actualite\\\/sport\\\/coupe-du-monde-le-ballon-al-hilm-remplace-al-rihla\\\/200518\\\/\",\"name\":\"Coupe du Monde : le ballon ''Al Hilm'' remplace \u00ab Al Rihla \u00bb\",\"isPartOf\":{\"@id\":\"https:\\\/\\\/www.webdo.tn\\\/fr\\\/#website\"},\"primaryImageOfPage\":{\"@id\":\"https:\\\/\\\/www.webdo.tn\\\/fr\\\/actualite\\\/sport\\\/coupe-du-monde-le-ballon-al-hilm-remplace-al-rihla\\\/200518\\\/#primaryimage\"},\"image\":{\"@id\":\"https:\\\/\\\/www.webdo.tn\\\/fr\\\/actualite\\\/sport\\\/coupe-du-monde-le-ballon-al-hilm-remplace-al-rihla\\\/200518\\\/#primaryimage\"},\"thumbnailUrl\":\"https:\\\/\\\/www.webdo.tn\\\/fr\\\/wp-content\\\/uploads\\\/2022\\\/12\\\/458e325e008cf057b45a55bb25548cde.jpg\",\"datePublished\":\"2022-12-11T18:28:00+00:00\",\"dateModified\":\"2025-05-20T23:02:16+00:00\",\"description\":\"Un nouveau ballon baptis\u00e9 ''Al Hilm'' (le r\u00eave) et d\u00e9cor\u00e9 de nuances bordeaux rappelant le drapeau qatari, sera utilis\u00e9 lors des matches des demi-finales de la...\",\"breadcrumb\":{\"@id\":\"https:\\\/\\\/www.webdo.tn\\\/fr\\\/actualite\\\/sport\\\/coupe-du-monde-le-ballon-al-hilm-remplace-al-rihla\\\/200518\\\/#breadcrumb\"},\"inLanguage\":\"fr-FR\",\"potentialAction\":[{\"@type\":\"ReadAction\",\"target\":[\"https:\\\/\\\/www.webdo.tn\\\/fr\\\/actualite\\\/sport\\\/coupe-du-monde-le-ballon-al-hilm-remplace-al-rihla\\\/200518\\\/\"]}]},{\"@type\":\"ImageObject\",\"inLanguage\":\"fr-FR\",\"@id\":\"https:\\\/\\\/www.webdo.tn\\\/fr\\\/actualite\\\/sport\\\/coupe-du-monde-le-ballon-al-hilm-remplace-al-rihla\\\/200518\\\/#primaryimage\",\"url\":\"https:\\\/\\\/www.webdo.tn\\\/fr\\\/wp-content\\\/uploads\\\/2022\\\/12\\\/458e325e008cf057b45a55bb25548cde.jpg\",\"contentUrl\":\"https:\\\/\\\/www.webdo.tn\\\/fr\\\/wp-content\\\/uploads\\\/2022\\\/12\\\/458e325e008cf057b45a55bb25548cde.jpg\",\"width\":750,\"height\":400,\"caption\":\"Al Hilm\"},{\"@type\":\"BreadcrumbList\",\"@id\":\"https:\\\/\\\/www.webdo.tn\\\/fr\\\/actualite\\\/sport\\\/coupe-du-monde-le-ballon-al-hilm-remplace-al-rihla\\\/200518\\\/#breadcrumb\",\"itemListElement\":[{\"@type\":\"ListItem\",\"position\":1,\"name\":\"Accueil\",\"item\":\"https:\\\/\\\/www.webdo.tn\\\/fr\\\/\"},{\"@type\":\"ListItem\",\"position\":2,\"name\":\"Coupe du Monde : le ballon \u00a0\u00bbAl Hilm\u00a0\u00bb remplace \u00ab Al Rihla \u00bb\"}]},{\"@type\":\"WebSite\",\"@id\":\"https:\\\/\\\/www.webdo.tn\\\/fr\\\/#website\",\"url\":\"https:\\\/\\\/www.webdo.tn\\\/fr\\\/\",\"name\":\"webdo\",\"description\":\"Tunisie - News en Tunisie et \u00e0 l&#039;international sur Webdo.tn\",\"publisher\":{\"@id\":\"https:\\\/\\\/www.webdo.tn\\\/fr\\\/#organization\"},\"potentialAction\":[{\"@type\":\"SearchAction\",\"target\":{\"@type\":\"EntryPoint\",\"urlTemplate\":\"https:\\\/\\\/www.webdo.tn\\\/fr\\\/?s={search_term_string}\"},\"query-input\":{\"@type\":\"PropertyValueSpecification\",\"valueRequired\":true,\"valueName\":\"search_term_string\"}}],\"inLanguage\":\"fr-FR\"},{\"@type\":\"Organization\",\"@id\":\"https:\\\/\\\/www.webdo.tn\\\/fr\\\/#organization\",\"name\":\"Webdo\",\"alternateName\":\"Webdo.tn\",\"url\":\"https:\\\/\\\/www.webdo.tn\\\/fr\\\/\",\"logo\":{\"@type\":\"ImageObject\",\"inLanguage\":\"fr-FR\",\"@id\":\"https:\\\/\\\/www.webdo.tn\\\/fr\\\/#\\\/schema\\\/logo\\\/image\\\/\",\"url\":\"https:\\\/\\\/www.webdo.tn\\\/fr\\\/wp-content\\\/uploads\\\/2025\\\/06\\\/Webdo-Tunisie_168377.jpg\",\"contentUrl\":\"https:\\\/\\\/www.webdo.tn\\\/fr\\\/wp-content\\\/uploads\\\/2025\\\/06\\\/Webdo-Tunisie_168377.jpg\",\"width\":301,\"height\":301,\"caption\":\"Webdo\"},\"image\":{\"@id\":\"https:\\\/\\\/www.webdo.tn\\\/fr\\\/#\\\/schema\\\/logo\\\/image\\\/\"},\"sameAs\":[\"https:\\\/\\\/www.facebook.com\\\/webdotn\",\"https:\\\/\\\/x.com\\\/webdo_tn\"],\"description\":\"Webdo est un m\u00e9dia num\u00e9rique tunisien fond\u00e9 en 2010, sp\u00e9cialis\u00e9 dans l\u2019actualit\u00e9 nationale et internationale, l\u2019\u00e9conomie, la soci\u00e9t\u00e9 et les analyses politiques. Le site s\u2019adresse \u00e0 un large public francophone et couvre l\u2019information tunisienne en temps r\u00e9el.\",\"email\":\"redac@webdo.tn\",\"legalName\":\"YNJ SARL\",\"foundingDate\":\"2010-09-06\",\"numberOfEmployees\":{\"@type\":\"QuantitativeValue\",\"minValue\":\"11\",\"maxValue\":\"50\"}},{\"@type\":\"Person\",\"@id\":\"https:\\\/\\\/www.webdo.tn\\\/fr\\\/#\\\/schema\\\/person\\\/6e50a3c1ebb9274fbc3e320ee40ab3cf\",\"name\":\"AGENCES\",\"image\":{\"@type\":\"ImageObject\",\"inLanguage\":\"fr-FR\",\"@id\":\"https:\\\/\\\/secure.gravatar.com\\\/avatar\\\/192cf545e04a4d20df71f09060afe2e898c58de7001c8b9c56adb29027e8c38d?s=96&d=mm&r=g\",\"url\":\"https:\\\/\\\/secure.gravatar.com\\\/avatar\\\/192cf545e04a4d20df71f09060afe2e898c58de7001c8b9c56adb29027e8c38d?s=96&d=mm&r=g\",\"contentUrl\":\"https:\\\/\\\/secure.gravatar.com\\\/avatar\\\/192cf545e04a4d20df71f09060afe2e898c58de7001c8b9c56adb29027e8c38d?s=96&d=mm&r=g\",\"caption\":\"AGENCES\"},\"url\":\"https:\\\/\\\/www.webdo.tn\\\/fr\\\/actualite\\\/author\\\/agences\\\/\"}]}<\/script>\n<!-- \/ Yoast SEO Premium plugin. -->","yoast_head_json":{"title":"Coupe du Monde : le ballon ''Al Hilm'' remplace \u00ab Al Rihla \u00bb","description":"Un nouveau ballon baptis\u00e9 ''Al Hilm'' (le r\u00eave) et d\u00e9cor\u00e9 de nuances bordeaux rappelant le drapeau qatari, sera utilis\u00e9 lors des matches des demi-finales de la...","canonical":"https:\/\/www.webdo.tn\/fr\/actualite\/sport\/coupe-du-monde-le-ballon-al-hilm-remplace-al-rihla\/200518\/","og_locale":"fr_FR","og_type":"article","og_title":"Coupe du Monde : le ballon ''Al Hilm'' remplace \u00ab Al Rihla \u00bb","og_description":"Un nouveau ballon baptis\u00e9 ''Al Hilm'' (le r\u00eave) et d\u00e9cor\u00e9 de nuances bordeaux rappelant le drapeau qatari, sera utilis\u00e9 lors des matches des demi-finales de la...","og_url":"https:\/\/www.webdo.tn\/fr\/actualite\/sport\/coupe-du-monde-le-ballon-al-hilm-remplace-al-rihla\/200518\/","og_site_name":"webdo","article_publisher":"https:\/\/www.facebook.com\/webdotn","article_published_time":"2022-12-11T18:28:00+00:00","article_modified_time":"2025-05-20T23:02:16+00:00","og_image":[{"width":750,"height":400,"url":"https:\/\/www.webdo.tn\/fr\/wp-content\/uploads\/2022\/12\/458e325e008cf057b45a55bb25548cde.jpg","type":"image\/jpeg"}],"author":"AGENCES","twitter_card":"summary_large_image","twitter_creator":"@webdo_tn","twitter_site":"@webdo_tn","twitter_misc":{"\u00c9crit par":"AGENCES","Dur\u00e9e de lecture estim\u00e9e":"2 minutes"},"schema":{"@context":"https:\/\/schema.org","@graph":[{"@type":"NewsArticle","@id":"https:\/\/www.webdo.tn\/fr\/actualite\/sport\/coupe-du-monde-le-ballon-al-hilm-remplace-al-rihla\/200518\/#article","isPartOf":{"@id":"https:\/\/www.webdo.tn\/fr\/actualite\/sport\/coupe-du-monde-le-ballon-al-hilm-remplace-al-rihla\/200518\/"},"author":{"name":"AGENCES","@id":"https:\/\/www.webdo.tn\/fr\/#\/schema\/person\/6e50a3c1ebb9274fbc3e320ee40ab3cf"},"headline":"Coupe du Monde : le ballon \u00a0\u00bbAl Hilm\u00a0\u00bb remplace \u00ab Al Rihla \u00bb","datePublished":"2022-12-11T18:28:00+00:00","dateModified":"2025-05-20T23:02:16+00:00","mainEntityOfPage":{"@id":"https:\/\/www.webdo.tn\/fr\/actualite\/sport\/coupe-du-monde-le-ballon-al-hilm-remplace-al-rihla\/200518\/"},"wordCount":376,"commentCount":0,"publisher":{"@id":"https:\/\/www.webdo.tn\/fr\/#organization"},"image":{"@id":"https:\/\/www.webdo.tn\/fr\/actualite\/sport\/coupe-du-monde-le-ballon-al-hilm-remplace-al-rihla\/200518\/#primaryimage"},"thumbnailUrl":"https:\/\/www.webdo.tn\/fr\/wp-content\/uploads\/2022\/12\/458e325e008cf057b45a55bb25548cde.jpg","keywords":["Al Hilm","Al Rihla","Coupe du Monde","Qatar2022"],"articleSection":["Sport"],"inLanguage":"fr-FR"},{"@type":"WebPage","@id":"https:\/\/www.webdo.tn\/fr\/actualite\/sport\/coupe-du-monde-le-ballon-al-hilm-remplace-al-rihla\/200518\/","url":"https:\/\/www.webdo.tn\/fr\/actualite\/sport\/coupe-du-monde-le-ballon-al-hilm-remplace-al-rihla\/200518\/","name":"Coupe du Monde : le ballon ''Al Hilm'' remplace \u00ab Al Rihla \u00bb","isPartOf":{"@id":"https:\/\/www.webdo.tn\/fr\/#website"},"primaryImageOfPage":{"@id":"https:\/\/www.webdo.tn\/fr\/actualite\/sport\/coupe-du-monde-le-ballon-al-hilm-remplace-al-rihla\/200518\/#primaryimage"},"image":{"@id":"https:\/\/www.webdo.tn\/fr\/actualite\/sport\/coupe-du-monde-le-ballon-al-hilm-remplace-al-rihla\/200518\/#primaryimage"},"thumbnailUrl":"https:\/\/www.webdo.tn\/fr\/wp-content\/uploads\/2022\/12\/458e325e008cf057b45a55bb25548cde.jpg","datePublished":"2022-12-11T18:28:00+00:00","dateModified":"2025-05-20T23:02:16+00:00","description":"Un nouveau ballon baptis\u00e9 ''Al Hilm'' (le r\u00eave) et d\u00e9cor\u00e9 de nuances bordeaux rappelant le drapeau qatari, sera utilis\u00e9 lors des matches des demi-finales de la...","breadcrumb":{"@id":"https:\/\/www.webdo.tn\/fr\/actualite\/sport\/coupe-du-monde-le-ballon-al-hilm-remplace-al-rihla\/200518\/#breadcrumb"},"inLanguage":"fr-FR","potentialAction":[{"@type":"ReadAction","target":["https:\/\/www.webdo.tn\/fr\/actualite\/sport\/coupe-du-monde-le-ballon-al-hilm-remplace-al-rihla\/200518\/"]}]},{"@type":"ImageObject","inLanguage":"fr-FR","@id":"https:\/\/www.webdo.tn\/fr\/actualite\/sport\/coupe-du-monde-le-ballon-al-hilm-remplace-al-rihla\/200518\/#primaryimage","url":"https:\/\/www.webdo.tn\/fr\/wp-content\/uploads\/2022\/12\/458e325e008cf057b45a55bb25548cde.jpg","contentUrl":"https:\/\/www.webdo.tn\/fr\/wp-content\/uploads\/2022\/12\/458e325e008cf057b45a55bb25548cde.jpg","width":750,"height":400,"caption":"Al Hilm"},{"@type":"BreadcrumbList","@id":"https:\/\/www.webdo.tn\/fr\/actualite\/sport\/coupe-du-monde-le-ballon-al-hilm-remplace-al-rihla\/200518\/#breadcrumb","itemListElement":[{"@type":"ListItem","position":1,"name":"Accueil","item":"https:\/\/www.webdo.tn\/fr\/"},{"@type":"ListItem","position":2,"name":"Coupe du Monde : le ballon \u00a0\u00bbAl Hilm\u00a0\u00bb remplace \u00ab Al Rihla \u00bb"}]},{"@type":"WebSite","@id":"https:\/\/www.webdo.tn\/fr\/#website","url":"https:\/\/www.webdo.tn\/fr\/","name":"webdo","description":"Tunisie - News en Tunisie et \u00e0 l&#039;international sur Webdo.tn","publisher":{"@id":"https:\/\/www.webdo.tn\/fr\/#organization"},"potentialAction":[{"@type":"SearchAction","target":{"@type":"EntryPoint","urlTemplate":"https:\/\/www.webdo.tn\/fr\/?s={search_term_string}"},"query-input":{"@type":"PropertyValueSpecification","valueRequired":true,"valueName":"search_term_string"}}],"inLanguage":"fr-FR"},{"@type":"Organization","@id":"https:\/\/www.webdo.tn\/fr\/#organization","name":"Webdo","alternateName":"Webdo.tn","url":"https:\/\/www.webdo.tn\/fr\/","logo":{"@type":"ImageObject","inLanguage":"fr-FR","@id":"https:\/\/www.webdo.tn\/fr\/#\/schema\/logo\/image\/","url":"https:\/\/www.webdo.tn\/fr\/wp-content\/uploads\/2025\/06\/Webdo-Tunisie_168377.jpg","contentUrl":"https:\/\/www.webdo.tn\/fr\/wp-content\/uploads\/2025\/06\/Webdo-Tunisie_168377.jpg","width":301,"height":301,"caption":"Webdo"},"image":{"@id":"https:\/\/www.webdo.tn\/fr\/#\/schema\/logo\/image\/"},"sameAs":["https:\/\/www.facebook.com\/webdotn","https:\/\/x.com\/webdo_tn"],"description":"Webdo est un m\u00e9dia num\u00e9rique tunisien fond\u00e9 en 2010, sp\u00e9cialis\u00e9 dans l\u2019actualit\u00e9 nationale et internationale, l\u2019\u00e9conomie, la soci\u00e9t\u00e9 et les analyses politiques. Le site s\u2019adresse \u00e0 un large public francophone et couvre l\u2019information tunisienne en temps r\u00e9el.","email":"redac@webdo.tn","legalName":"YNJ SARL","foundingDate":"2010-09-06","numberOfEmployees":{"@type":"QuantitativeValue","minValue":"11","maxValue":"50"}},{"@type":"Person","@id":"https:\/\/www.webdo.tn\/fr\/#\/schema\/person\/6e50a3c1ebb9274fbc3e320ee40ab3cf","name":"AGENCES","image":{"@type":"ImageObject","inLanguage":"fr-FR","@id":"https:\/\/secure.gravatar.com\/avatar\/192cf545e04a4d20df71f09060afe2e898c58de7001c8b9c56adb29027e8c38d?s=96&d=mm&r=g","url":"https:\/\/secure.gravatar.com\/avatar\/192cf545e04a4d20df71f09060afe2e898c58de7001c8b9c56adb29027e8c38d?s=96&d=mm&r=g","contentUrl":"https:\/\/secure.gravatar.com\/avatar\/192cf545e04a4d20df71f09060afe2e898c58de7001c8b9c56adb29027e8c38d?s=96&d=mm&r=g","caption":"AGENCES"},"url":"https:\/\/www.webdo.tn\/fr\/actualite\/author\/agences\/"}]}},"_links":{"self":[{"href":"https:\/\/www.webdo.tn\/fr\/wp-json\/wp\/v2\/posts\/200518","targetHints":{"allow":["GET"]}}],"collection":[{"href":"https:\/\/www.webdo.tn\/fr\/wp-json\/wp\/v2\/posts"}],"about":[{"href":"https:\/\/www.webdo.tn\/fr\/wp-json\/wp\/v2\/types\/post"}],"author":[{"embeddable":true,"href":"https:\/\/www.webdo.tn\/fr\/wp-json\/wp\/v2\/users\/3197"}],"replies":[{"embeddable":true,"href":"https:\/\/www.webdo.tn\/fr\/wp-json\/wp\/v2\/comments?post=200518"}],"version-history":[{"count":0,"href":"https:\/\/www.webdo.tn\/fr\/wp-json\/wp\/v2\/posts\/200518\/revisions"}],"wp:featuredmedia":[{"embeddable":true,"href":"https:\/\/www.webdo.tn\/fr\/wp-json\/wp\/v2\/media\/277374"}],"wp:attachment":[{"href":"https:\/\/www.webdo.tn\/fr\/wp-json\/wp\/v2\/media?parent=200518"}],"wp:term":[{"taxonomy":"category","embeddable":true,"href":"https:\/\/www.webdo.tn\/fr\/wp-json\/wp\/v2\/categories?post=200518"},{"taxonomy":"post_tag","embeddable":true,"href":"https:\/\/www.webdo.tn\/fr\/wp-json\/wp\/v2\/tags?post=200518"}],"curies":[{"name":"wp","href":"https:\/\/api.w.org\/{rel}","templated":true}]}}