{"id":200501,"date":"2022-12-10T12:01:00","date_gmt":"2022-12-10T12:01:00","guid":{"rendered":"https:\/\/www.webdo.tn\/fr\/blog\/marche-de-protestation-du-front-de-salut-national\/200501\/"},"modified":"2025-05-20T22:04:09","modified_gmt":"2025-05-20T22:04:09","slug":"marche-de-protestation-du-front-de-salut-national","status":"publish","type":"post","link":"https:\/\/www.webdo.tn\/fr\/actualite\/national\/marche-de-protestation-du-front-de-salut-national\/200501\/","title":{"rendered":"Marche de protestation du Front de salut national"},"content":{"rendered":"<p>Comme pr\u00e9vu, le Front de salut national a organis\u00e9, ce samedi 10 d\u00e9cembre 2022, une manifestation contre le \u00ab\u00a0contre le coup d\u2019Etat\u00a0\u00bb et contre ce qu\u2019il consid\u00e8re comme \u00ab\u00a0la mascarade des l\u00e9gislatives frauduleuses\u00a0\u00bb.<\/p>\n<p>\t\t\t\t\t\t\t\t\tCette marche de protestation, co\u00efncidant avec le 74e anniversaire de la D\u00e9claration universelle des droits de l&rsquo;homme, s&rsquo;est tenue au centre-ville de Tunis, sous haute s\u00e9curit\u00e9.<\/p>\n<p>Plusieurs composantes de la soci\u00e9t\u00e9 civile et le Front de salut national se sont rassembl\u00e9s devant le Th\u00e9\u00e2tre municipal de Tunis, scandant des slogans d\u00e9non\u00e7ant les \u00ab\u00a0restrictions\u00a0\u00bb li\u00e9es aux libert\u00e9s et appelant au boycott des \u00e9lections l\u00e9gislatives du 17 d\u00e9cembre prochain.<\/p>\n<p>Cette marche a pour objectif de \u00ab\u00a0r\u00e9affirmer l\u2019adh\u00e9sion du peuple tunisien aux valeurs de droits, de libert\u00e9s, \u00e0 la dignit\u00e9 humaine et aux principes de la d\u00e9mocratie\u00a0\u00bb, a tenu \u00e0 rappeler Ahmed Nejib Chebbi, pr\u00e9sident du Front, lors d&rsquo;une intervention sur l&rsquo;avenue Habib Bourguiba.<\/p>\n","protected":false},"excerpt":{"rendered":"<p>Comme pr\u00e9vu, le Front de salut national a organis\u00e9, ce samedi 10 d\u00e9cembre 2022, une manifestation contre le  contre le coup d\u2019Etat  et contre ce qu\u2019il consid\u00e8re&#8230;<\/p>\n","protected":false},"author":3162,"featured_media":252904,"comment_status":"open","ping_status":"closed","sticky":false,"template":"","format":"standard","meta":{"footnotes":""},"categories":[44],"tags":[6531,2817,3094,2796],"class_list":["post-200501","post","type-post","status-publish","format-standard","has-post-thumbnail","hentry","category-national","tag-front-de-salut-national","tag-manifestation","tag-marche","tag-protestation"],"yoast_head":"<!-- This site is optimized with the Yoast SEO Premium plugin v27.4 (Yoast SEO v27.5) - https:\/\/yoast.com\/product\/yoast-seo-premium-wordpress\/ -->\n<title>Marche de protestation du Front de salut national<\/title>\n<meta name=\"description\" content=\"Comme pr\u00e9vu, le Front de salut national a organis\u00e9, ce samedi 10 d\u00e9cembre 2022, une manifestation contre le contre le coup d\u2019Etat et contre ce qu\u2019il consid\u00e8re...\" \/>\n<link rel=\"canonical\" href=\"https:\/\/www.webdo.tn\/fr\/actualite\/national\/marche-de-protestation-du-front-de-salut-national\/200501\/\" \/>\n<meta property=\"og:locale\" content=\"fr_FR\" \/>\n<meta property=\"og:type\" content=\"article\" \/>\n<meta property=\"og:title\" content=\"Marche de protestation du Front de salut national\" \/>\n<meta property=\"og:description\" content=\"Comme pr\u00e9vu, le Front de salut national a organis\u00e9, ce samedi 10 d\u00e9cembre 2022, une manifestation contre le contre le coup d\u2019Etat et contre ce qu\u2019il consid\u00e8re...\" \/>\n<meta property=\"og:url\" content=\"https:\/\/www.webdo.tn\/fr\/actualite\/national\/marche-de-protestation-du-front-de-salut-national\/200501\/\" \/>\n<meta property=\"og:site_name\" content=\"webdo\" \/>\n<meta property=\"article:publisher\" content=\"https:\/\/www.facebook.com\/webdotn\" \/>\n<meta property=\"article:published_time\" content=\"2022-12-10T12:01:00+00:00\" \/>\n<meta property=\"article:modified_time\" content=\"2025-05-20T22:04:09+00:00\" \/>\n<meta property=\"og:image\" content=\"https:\/\/www.webdo.tn\/fr\/wp-content\/uploads\/2022\/12\/c07a0dcea7263c45b487b268ade40d90.jpg\" \/>\n\t<meta property=\"og:image:width\" content=\"750\" \/>\n\t<meta property=\"og:image:height\" content=\"400\" \/>\n\t<meta property=\"og:image:type\" content=\"image\/jpeg\" \/>\n<meta name=\"author\" content=\"MC\" \/>\n<meta name=\"twitter:card\" content=\"summary_large_image\" \/>\n<meta name=\"twitter:creator\" content=\"@webdo_tn\" \/>\n<meta name=\"twitter:site\" content=\"@webdo_tn\" \/>\n<meta name=\"twitter:label1\" content=\"\u00c9crit par\" \/>\n\t<meta name=\"twitter:data1\" content=\"MC\" \/>\n\t<meta name=\"twitter:label2\" content=\"Dur\u00e9e de lecture estim\u00e9e\" \/>\n\t<meta name=\"twitter:data2\" content=\"1 minute\" \/>\n<script type=\"application\/ld+json\" class=\"yoast-schema-graph\">{\"@context\":\"https:\\\/\\\/schema.org\",\"@graph\":[{\"@type\":\"NewsArticle\",\"@id\":\"https:\\\/\\\/www.webdo.tn\\\/fr\\\/actualite\\\/national\\\/marche-de-protestation-du-front-de-salut-national\\\/200501\\\/#article\",\"isPartOf\":{\"@id\":\"https:\\\/\\\/www.webdo.tn\\\/fr\\\/actualite\\\/national\\\/marche-de-protestation-du-front-de-salut-national\\\/200501\\\/\"},\"author\":{\"name\":\"MC\",\"@id\":\"https:\\\/\\\/www.webdo.tn\\\/fr\\\/#\\\/schema\\\/person\\\/2c4929cbf5a809e3bd38617c6ce150f6\"},\"headline\":\"Marche de protestation du Front de salut national\",\"datePublished\":\"2022-12-10T12:01:00+00:00\",\"dateModified\":\"2025-05-20T22:04:09+00:00\",\"mainEntityOfPage\":{\"@id\":\"https:\\\/\\\/www.webdo.tn\\\/fr\\\/actualite\\\/national\\\/marche-de-protestation-du-front-de-salut-national\\\/200501\\\/\"},\"wordCount\":175,\"commentCount\":0,\"publisher\":{\"@id\":\"https:\\\/\\\/www.webdo.tn\\\/fr\\\/#organization\"},\"image\":{\"@id\":\"https:\\\/\\\/www.webdo.tn\\\/fr\\\/actualite\\\/national\\\/marche-de-protestation-du-front-de-salut-national\\\/200501\\\/#primaryimage\"},\"thumbnailUrl\":\"https:\\\/\\\/www.webdo.tn\\\/fr\\\/wp-content\\\/uploads\\\/2022\\\/12\\\/c07a0dcea7263c45b487b268ade40d90.jpg\",\"keywords\":[\"Front de Salut national\",\"Manifestation\",\"marche\",\"protestation\"],\"articleSection\":[\"National\"],\"inLanguage\":\"fr-FR\"},{\"@type\":\"WebPage\",\"@id\":\"https:\\\/\\\/www.webdo.tn\\\/fr\\\/actualite\\\/national\\\/marche-de-protestation-du-front-de-salut-national\\\/200501\\\/\",\"url\":\"https:\\\/\\\/www.webdo.tn\\\/fr\\\/actualite\\\/national\\\/marche-de-protestation-du-front-de-salut-national\\\/200501\\\/\",\"name\":\"Marche de protestation du Front de salut national\",\"isPartOf\":{\"@id\":\"https:\\\/\\\/www.webdo.tn\\\/fr\\\/#website\"},\"primaryImageOfPage\":{\"@id\":\"https:\\\/\\\/www.webdo.tn\\\/fr\\\/actualite\\\/national\\\/marche-de-protestation-du-front-de-salut-national\\\/200501\\\/#primaryimage\"},\"image\":{\"@id\":\"https:\\\/\\\/www.webdo.tn\\\/fr\\\/actualite\\\/national\\\/marche-de-protestation-du-front-de-salut-national\\\/200501\\\/#primaryimage\"},\"thumbnailUrl\":\"https:\\\/\\\/www.webdo.tn\\\/fr\\\/wp-content\\\/uploads\\\/2022\\\/12\\\/c07a0dcea7263c45b487b268ade40d90.jpg\",\"datePublished\":\"2022-12-10T12:01:00+00:00\",\"dateModified\":\"2025-05-20T22:04:09+00:00\",\"description\":\"Comme pr\u00e9vu, le Front de salut national a organis\u00e9, ce samedi 10 d\u00e9cembre 2022, une manifestation contre le contre le coup d\u2019Etat et contre ce qu\u2019il consid\u00e8re...\",\"breadcrumb\":{\"@id\":\"https:\\\/\\\/www.webdo.tn\\\/fr\\\/actualite\\\/national\\\/marche-de-protestation-du-front-de-salut-national\\\/200501\\\/#breadcrumb\"},\"inLanguage\":\"fr-FR\",\"potentialAction\":[{\"@type\":\"ReadAction\",\"target\":[\"https:\\\/\\\/www.webdo.tn\\\/fr\\\/actualite\\\/national\\\/marche-de-protestation-du-front-de-salut-national\\\/200501\\\/\"]}]},{\"@type\":\"ImageObject\",\"inLanguage\":\"fr-FR\",\"@id\":\"https:\\\/\\\/www.webdo.tn\\\/fr\\\/actualite\\\/national\\\/marche-de-protestation-du-front-de-salut-national\\\/200501\\\/#primaryimage\",\"url\":\"https:\\\/\\\/www.webdo.tn\\\/fr\\\/wp-content\\\/uploads\\\/2022\\\/12\\\/c07a0dcea7263c45b487b268ade40d90.jpg\",\"contentUrl\":\"https:\\\/\\\/www.webdo.tn\\\/fr\\\/wp-content\\\/uploads\\\/2022\\\/12\\\/c07a0dcea7263c45b487b268ade40d90.jpg\",\"width\":750,\"height\":400,\"caption\":\"Marche de protestation du Front de salut national\"},{\"@type\":\"BreadcrumbList\",\"@id\":\"https:\\\/\\\/www.webdo.tn\\\/fr\\\/actualite\\\/national\\\/marche-de-protestation-du-front-de-salut-national\\\/200501\\\/#breadcrumb\",\"itemListElement\":[{\"@type\":\"ListItem\",\"position\":1,\"name\":\"Accueil\",\"item\":\"https:\\\/\\\/www.webdo.tn\\\/fr\\\/\"},{\"@type\":\"ListItem\",\"position\":2,\"name\":\"Marche de protestation du Front de salut national\"}]},{\"@type\":\"WebSite\",\"@id\":\"https:\\\/\\\/www.webdo.tn\\\/fr\\\/#website\",\"url\":\"https:\\\/\\\/www.webdo.tn\\\/fr\\\/\",\"name\":\"webdo\",\"description\":\"Tunisie - News en Tunisie et \u00e0 l&#039;international sur Webdo.tn\",\"publisher\":{\"@id\":\"https:\\\/\\\/www.webdo.tn\\\/fr\\\/#organization\"},\"potentialAction\":[{\"@type\":\"SearchAction\",\"target\":{\"@type\":\"EntryPoint\",\"urlTemplate\":\"https:\\\/\\\/www.webdo.tn\\\/fr\\\/?s={search_term_string}\"},\"query-input\":{\"@type\":\"PropertyValueSpecification\",\"valueRequired\":true,\"valueName\":\"search_term_string\"}}],\"inLanguage\":\"fr-FR\"},{\"@type\":\"Organization\",\"@id\":\"https:\\\/\\\/www.webdo.tn\\\/fr\\\/#organization\",\"name\":\"Webdo\",\"alternateName\":\"Webdo.tn\",\"url\":\"https:\\\/\\\/www.webdo.tn\\\/fr\\\/\",\"logo\":{\"@type\":\"ImageObject\",\"inLanguage\":\"fr-FR\",\"@id\":\"https:\\\/\\\/www.webdo.tn\\\/fr\\\/#\\\/schema\\\/logo\\\/image\\\/\",\"url\":\"https:\\\/\\\/www.webdo.tn\\\/fr\\\/wp-content\\\/uploads\\\/2025\\\/06\\\/Webdo-Tunisie_168377.jpg\",\"contentUrl\":\"https:\\\/\\\/www.webdo.tn\\\/fr\\\/wp-content\\\/uploads\\\/2025\\\/06\\\/Webdo-Tunisie_168377.jpg\",\"width\":301,\"height\":301,\"caption\":\"Webdo\"},\"image\":{\"@id\":\"https:\\\/\\\/www.webdo.tn\\\/fr\\\/#\\\/schema\\\/logo\\\/image\\\/\"},\"sameAs\":[\"https:\\\/\\\/www.facebook.com\\\/webdotn\",\"https:\\\/\\\/x.com\\\/webdo_tn\"],\"description\":\"Webdo est un m\u00e9dia num\u00e9rique tunisien fond\u00e9 en 2010, sp\u00e9cialis\u00e9 dans l\u2019actualit\u00e9 nationale et internationale, l\u2019\u00e9conomie, la soci\u00e9t\u00e9 et les analyses politiques. Le site s\u2019adresse \u00e0 un large public francophone et couvre l\u2019information tunisienne en temps r\u00e9el.\",\"email\":\"redac@webdo.tn\",\"legalName\":\"YNJ SARL\",\"foundingDate\":\"2010-09-06\",\"numberOfEmployees\":{\"@type\":\"QuantitativeValue\",\"minValue\":\"11\",\"maxValue\":\"50\"}},{\"@type\":\"Person\",\"@id\":\"https:\\\/\\\/www.webdo.tn\\\/fr\\\/#\\\/schema\\\/person\\\/2c4929cbf5a809e3bd38617c6ce150f6\",\"name\":\"MC\",\"image\":{\"@type\":\"ImageObject\",\"inLanguage\":\"fr-FR\",\"@id\":\"https:\\\/\\\/secure.gravatar.com\\\/avatar\\\/a545bbb6f84efdd5553dbbc2895e3ca8f1d12c5215e00a041c9670b54aa9b18a?s=96&d=mm&r=g\",\"url\":\"https:\\\/\\\/secure.gravatar.com\\\/avatar\\\/a545bbb6f84efdd5553dbbc2895e3ca8f1d12c5215e00a041c9670b54aa9b18a?s=96&d=mm&r=g\",\"contentUrl\":\"https:\\\/\\\/secure.gravatar.com\\\/avatar\\\/a545bbb6f84efdd5553dbbc2895e3ca8f1d12c5215e00a041c9670b54aa9b18a?s=96&d=mm&r=g\",\"caption\":\"MC\"},\"url\":\"https:\\\/\\\/www.webdo.tn\\\/fr\\\/actualite\\\/author\\\/mc\\\/\"}]}<\/script>\n<!-- \/ Yoast SEO Premium plugin. -->","yoast_head_json":{"title":"Marche de protestation du Front de salut national","description":"Comme pr\u00e9vu, le Front de salut national a organis\u00e9, ce samedi 10 d\u00e9cembre 2022, une manifestation contre le contre le coup d\u2019Etat et contre ce qu\u2019il consid\u00e8re...","canonical":"https:\/\/www.webdo.tn\/fr\/actualite\/national\/marche-de-protestation-du-front-de-salut-national\/200501\/","og_locale":"fr_FR","og_type":"article","og_title":"Marche de protestation du Front de salut national","og_description":"Comme pr\u00e9vu, le Front de salut national a organis\u00e9, ce samedi 10 d\u00e9cembre 2022, une manifestation contre le contre le coup d\u2019Etat et contre ce qu\u2019il consid\u00e8re...","og_url":"https:\/\/www.webdo.tn\/fr\/actualite\/national\/marche-de-protestation-du-front-de-salut-national\/200501\/","og_site_name":"webdo","article_publisher":"https:\/\/www.facebook.com\/webdotn","article_published_time":"2022-12-10T12:01:00+00:00","article_modified_time":"2025-05-20T22:04:09+00:00","og_image":[{"width":750,"height":400,"url":"https:\/\/www.webdo.tn\/fr\/wp-content\/uploads\/2022\/12\/c07a0dcea7263c45b487b268ade40d90.jpg","type":"image\/jpeg"}],"author":"MC","twitter_card":"summary_large_image","twitter_creator":"@webdo_tn","twitter_site":"@webdo_tn","twitter_misc":{"\u00c9crit par":"MC","Dur\u00e9e de lecture estim\u00e9e":"1 minute"},"schema":{"@context":"https:\/\/schema.org","@graph":[{"@type":"NewsArticle","@id":"https:\/\/www.webdo.tn\/fr\/actualite\/national\/marche-de-protestation-du-front-de-salut-national\/200501\/#article","isPartOf":{"@id":"https:\/\/www.webdo.tn\/fr\/actualite\/national\/marche-de-protestation-du-front-de-salut-national\/200501\/"},"author":{"name":"MC","@id":"https:\/\/www.webdo.tn\/fr\/#\/schema\/person\/2c4929cbf5a809e3bd38617c6ce150f6"},"headline":"Marche de protestation du Front de salut national","datePublished":"2022-12-10T12:01:00+00:00","dateModified":"2025-05-20T22:04:09+00:00","mainEntityOfPage":{"@id":"https:\/\/www.webdo.tn\/fr\/actualite\/national\/marche-de-protestation-du-front-de-salut-national\/200501\/"},"wordCount":175,"commentCount":0,"publisher":{"@id":"https:\/\/www.webdo.tn\/fr\/#organization"},"image":{"@id":"https:\/\/www.webdo.tn\/fr\/actualite\/national\/marche-de-protestation-du-front-de-salut-national\/200501\/#primaryimage"},"thumbnailUrl":"https:\/\/www.webdo.tn\/fr\/wp-content\/uploads\/2022\/12\/c07a0dcea7263c45b487b268ade40d90.jpg","keywords":["Front de Salut national","Manifestation","marche","protestation"],"articleSection":["National"],"inLanguage":"fr-FR"},{"@type":"WebPage","@id":"https:\/\/www.webdo.tn\/fr\/actualite\/national\/marche-de-protestation-du-front-de-salut-national\/200501\/","url":"https:\/\/www.webdo.tn\/fr\/actualite\/national\/marche-de-protestation-du-front-de-salut-national\/200501\/","name":"Marche de protestation du Front de salut national","isPartOf":{"@id":"https:\/\/www.webdo.tn\/fr\/#website"},"primaryImageOfPage":{"@id":"https:\/\/www.webdo.tn\/fr\/actualite\/national\/marche-de-protestation-du-front-de-salut-national\/200501\/#primaryimage"},"image":{"@id":"https:\/\/www.webdo.tn\/fr\/actualite\/national\/marche-de-protestation-du-front-de-salut-national\/200501\/#primaryimage"},"thumbnailUrl":"https:\/\/www.webdo.tn\/fr\/wp-content\/uploads\/2022\/12\/c07a0dcea7263c45b487b268ade40d90.jpg","datePublished":"2022-12-10T12:01:00+00:00","dateModified":"2025-05-20T22:04:09+00:00","description":"Comme pr\u00e9vu, le Front de salut national a organis\u00e9, ce samedi 10 d\u00e9cembre 2022, une manifestation contre le contre le coup d\u2019Etat et contre ce qu\u2019il consid\u00e8re...","breadcrumb":{"@id":"https:\/\/www.webdo.tn\/fr\/actualite\/national\/marche-de-protestation-du-front-de-salut-national\/200501\/#breadcrumb"},"inLanguage":"fr-FR","potentialAction":[{"@type":"ReadAction","target":["https:\/\/www.webdo.tn\/fr\/actualite\/national\/marche-de-protestation-du-front-de-salut-national\/200501\/"]}]},{"@type":"ImageObject","inLanguage":"fr-FR","@id":"https:\/\/www.webdo.tn\/fr\/actualite\/national\/marche-de-protestation-du-front-de-salut-national\/200501\/#primaryimage","url":"https:\/\/www.webdo.tn\/fr\/wp-content\/uploads\/2022\/12\/c07a0dcea7263c45b487b268ade40d90.jpg","contentUrl":"https:\/\/www.webdo.tn\/fr\/wp-content\/uploads\/2022\/12\/c07a0dcea7263c45b487b268ade40d90.jpg","width":750,"height":400,"caption":"Marche de protestation du Front de salut national"},{"@type":"BreadcrumbList","@id":"https:\/\/www.webdo.tn\/fr\/actualite\/national\/marche-de-protestation-du-front-de-salut-national\/200501\/#breadcrumb","itemListElement":[{"@type":"ListItem","position":1,"name":"Accueil","item":"https:\/\/www.webdo.tn\/fr\/"},{"@type":"ListItem","position":2,"name":"Marche de protestation du Front de salut national"}]},{"@type":"WebSite","@id":"https:\/\/www.webdo.tn\/fr\/#website","url":"https:\/\/www.webdo.tn\/fr\/","name":"webdo","description":"Tunisie - News en Tunisie et \u00e0 l&#039;international sur Webdo.tn","publisher":{"@id":"https:\/\/www.webdo.tn\/fr\/#organization"},"potentialAction":[{"@type":"SearchAction","target":{"@type":"EntryPoint","urlTemplate":"https:\/\/www.webdo.tn\/fr\/?s={search_term_string}"},"query-input":{"@type":"PropertyValueSpecification","valueRequired":true,"valueName":"search_term_string"}}],"inLanguage":"fr-FR"},{"@type":"Organization","@id":"https:\/\/www.webdo.tn\/fr\/#organization","name":"Webdo","alternateName":"Webdo.tn","url":"https:\/\/www.webdo.tn\/fr\/","logo":{"@type":"ImageObject","inLanguage":"fr-FR","@id":"https:\/\/www.webdo.tn\/fr\/#\/schema\/logo\/image\/","url":"https:\/\/www.webdo.tn\/fr\/wp-content\/uploads\/2025\/06\/Webdo-Tunisie_168377.jpg","contentUrl":"https:\/\/www.webdo.tn\/fr\/wp-content\/uploads\/2025\/06\/Webdo-Tunisie_168377.jpg","width":301,"height":301,"caption":"Webdo"},"image":{"@id":"https:\/\/www.webdo.tn\/fr\/#\/schema\/logo\/image\/"},"sameAs":["https:\/\/www.facebook.com\/webdotn","https:\/\/x.com\/webdo_tn"],"description":"Webdo est un m\u00e9dia num\u00e9rique tunisien fond\u00e9 en 2010, sp\u00e9cialis\u00e9 dans l\u2019actualit\u00e9 nationale et internationale, l\u2019\u00e9conomie, la soci\u00e9t\u00e9 et les analyses politiques. Le site s\u2019adresse \u00e0 un large public francophone et couvre l\u2019information tunisienne en temps r\u00e9el.","email":"redac@webdo.tn","legalName":"YNJ SARL","foundingDate":"2010-09-06","numberOfEmployees":{"@type":"QuantitativeValue","minValue":"11","maxValue":"50"}},{"@type":"Person","@id":"https:\/\/www.webdo.tn\/fr\/#\/schema\/person\/2c4929cbf5a809e3bd38617c6ce150f6","name":"MC","image":{"@type":"ImageObject","inLanguage":"fr-FR","@id":"https:\/\/secure.gravatar.com\/avatar\/a545bbb6f84efdd5553dbbc2895e3ca8f1d12c5215e00a041c9670b54aa9b18a?s=96&d=mm&r=g","url":"https:\/\/secure.gravatar.com\/avatar\/a545bbb6f84efdd5553dbbc2895e3ca8f1d12c5215e00a041c9670b54aa9b18a?s=96&d=mm&r=g","contentUrl":"https:\/\/secure.gravatar.com\/avatar\/a545bbb6f84efdd5553dbbc2895e3ca8f1d12c5215e00a041c9670b54aa9b18a?s=96&d=mm&r=g","caption":"MC"},"url":"https:\/\/www.webdo.tn\/fr\/actualite\/author\/mc\/"}]}},"_links":{"self":[{"href":"https:\/\/www.webdo.tn\/fr\/wp-json\/wp\/v2\/posts\/200501","targetHints":{"allow":["GET"]}}],"collection":[{"href":"https:\/\/www.webdo.tn\/fr\/wp-json\/wp\/v2\/posts"}],"about":[{"href":"https:\/\/www.webdo.tn\/fr\/wp-json\/wp\/v2\/types\/post"}],"author":[{"embeddable":true,"href":"https:\/\/www.webdo.tn\/fr\/wp-json\/wp\/v2\/users\/3162"}],"replies":[{"embeddable":true,"href":"https:\/\/www.webdo.tn\/fr\/wp-json\/wp\/v2\/comments?post=200501"}],"version-history":[{"count":0,"href":"https:\/\/www.webdo.tn\/fr\/wp-json\/wp\/v2\/posts\/200501\/revisions"}],"wp:featuredmedia":[{"embeddable":true,"href":"https:\/\/www.webdo.tn\/fr\/wp-json\/wp\/v2\/media\/252904"}],"wp:attachment":[{"href":"https:\/\/www.webdo.tn\/fr\/wp-json\/wp\/v2\/media?parent=200501"}],"wp:term":[{"taxonomy":"category","embeddable":true,"href":"https:\/\/www.webdo.tn\/fr\/wp-json\/wp\/v2\/categories?post=200501"},{"taxonomy":"post_tag","embeddable":true,"href":"https:\/\/www.webdo.tn\/fr\/wp-json\/wp\/v2\/tags?post=200501"}],"curies":[{"name":"wp","href":"https:\/\/api.w.org\/{rel}","templated":true}]}}