{"id":200498,"date":"2022-12-10T11:38:00","date_gmt":"2022-12-10T11:38:00","guid":{"rendered":"https:\/\/www.webdo.tn\/fr\/blog\/taekwondo-khalil-jendoubi-medaille-d-argent-au-grand-prix-de-ryad\/200498\/"},"modified":"2025-05-20T22:04:09","modified_gmt":"2025-05-20T22:04:09","slug":"taekwondo-khalil-jendoubi-medaille-d-argent-au-grand-prix-de-ryad","status":"publish","type":"post","link":"https:\/\/www.webdo.tn\/fr\/actualite\/sport\/taekwondo-khalil-jendoubi-medaille-d-argent-au-grand-prix-de-ryad\/200498\/","title":{"rendered":"Taekwondo : Khalil Jendoubi m\u00e9daill\u00e9 d\u2019argent au Grand Prix de Ryad"},"content":{"rendered":"<p>Le taekwondoiste tunisien, Khalil Jendoubi a d\u00e9croch\u00e9 la m\u00e9daille d\u2019argent de la cat\u00e9gorie des moins 58 kg, ce samedi 10 d\u00e9cembre 2022, au Grand prix de Ryad en Arabie Saoudite, en s&rsquo;inclinant en finale devant le cor\u00e9en Jun Jang.<\/p>\n<p>\t\t\t\t\t\t\t\t\tLors des tours pr\u00e9c\u00e9dents, le vice-champion olympique, s&rsquo;\u00e9tait impos\u00e9, respectivement, devant le Saoudien Fahd Smih, le Mexicain Brandon Plaza Hernandez et le Fran\u00e7ais, Cyrian Ravet.<\/p>\n<p>De son c\u00f4t\u00e9 Firas Gattoussi a perdu le quart de finale des -80 kg devant l&rsquo;Egyptien Seif Aissa.<\/p>\n<p>Il y a quelques jours, Khalil Jendoubi avait d\u00e9croch\u00e9 la m\u00e9daille de bronze des -58 kg lors du Championnat du monde de taekwondo qui s\u2019est d\u00e9roul\u00e9 \u00e0 Guadalajara au Mexique. Firas Gattoussi, avait, pour sa part \u00e9galement d\u00e9croch\u00e9 le bronze lors de ces mondiaux.<\/p>\n","protected":false},"excerpt":{"rendered":"<p>Le taekwondoiste tunisien, Khalil Jendoubi a d\u00e9croch\u00e9 la m\u00e9daille d\u2019argent de la cat\u00e9gorie des moins 58 kg, ce samedi 10 d\u00e9cembre 2022, au Grand prix de Ryad en&#8230;<\/p>\n","protected":false},"author":3162,"featured_media":252901,"comment_status":"open","ping_status":"closed","sticky":false,"template":"","format":"standard","meta":{"footnotes":""},"categories":[2593],"tags":[3794,6583,3795],"class_list":["post-200498","post","type-post","status-publish","format-standard","has-post-thumbnail","hentry","category-sport","tag-khalil-jendoubi","tag-medaille","tag-taekwondo"],"yoast_head":"<!-- This site is optimized with the Yoast SEO Premium plugin v27.4 (Yoast SEO v27.5) - https:\/\/yoast.com\/product\/yoast-seo-premium-wordpress\/ -->\n<title>Taekwondo : Khalil Jendoubi m\u00e9daill\u00e9 d\u2019argent au Grand Prix de Ryad<\/title>\n<meta name=\"description\" content=\"Le taekwondoiste tunisien, Khalil Jendoubi a d\u00e9croch\u00e9 la m\u00e9daille d\u2019argent de la cat\u00e9gorie des moins 58 kg, ce samedi 10 d\u00e9cembre 2022, au Grand prix de Ryad en...\" \/>\n<link rel=\"canonical\" href=\"https:\/\/www.webdo.tn\/fr\/actualite\/sport\/taekwondo-khalil-jendoubi-medaille-d-argent-au-grand-prix-de-ryad\/200498\/\" \/>\n<meta property=\"og:locale\" content=\"fr_FR\" \/>\n<meta property=\"og:type\" content=\"article\" \/>\n<meta property=\"og:title\" content=\"Taekwondo : Khalil Jendoubi m\u00e9daill\u00e9 d\u2019argent au Grand Prix de Ryad\" \/>\n<meta property=\"og:description\" content=\"Le taekwondoiste tunisien, Khalil Jendoubi a d\u00e9croch\u00e9 la m\u00e9daille d\u2019argent de la cat\u00e9gorie des moins 58 kg, ce samedi 10 d\u00e9cembre 2022, au Grand prix de Ryad en...\" \/>\n<meta property=\"og:url\" content=\"https:\/\/www.webdo.tn\/fr\/actualite\/sport\/taekwondo-khalil-jendoubi-medaille-d-argent-au-grand-prix-de-ryad\/200498\/\" \/>\n<meta property=\"og:site_name\" content=\"webdo\" \/>\n<meta property=\"article:publisher\" content=\"https:\/\/www.facebook.com\/webdotn\" \/>\n<meta property=\"article:published_time\" content=\"2022-12-10T11:38:00+00:00\" \/>\n<meta property=\"article:modified_time\" content=\"2025-05-20T22:04:09+00:00\" \/>\n<meta property=\"og:image\" content=\"https:\/\/www.webdo.tn\/fr\/wp-content\/uploads\/2022\/12\/bd04a74a181c4f99c4e3db6d1b0e564f.jpg\" \/>\n\t<meta property=\"og:image:width\" content=\"720\" \/>\n\t<meta property=\"og:image:height\" content=\"384\" \/>\n\t<meta property=\"og:image:type\" content=\"image\/jpeg\" \/>\n<meta name=\"author\" content=\"MC\" \/>\n<meta name=\"twitter:card\" content=\"summary_large_image\" \/>\n<meta name=\"twitter:creator\" content=\"@webdo_tn\" \/>\n<meta name=\"twitter:site\" content=\"@webdo_tn\" \/>\n<meta name=\"twitter:label1\" content=\"\u00c9crit par\" \/>\n\t<meta name=\"twitter:data1\" content=\"MC\" \/>\n\t<meta name=\"twitter:label2\" content=\"Dur\u00e9e de lecture estim\u00e9e\" \/>\n\t<meta name=\"twitter:data2\" content=\"1 minute\" \/>\n<script type=\"application\/ld+json\" class=\"yoast-schema-graph\">{\"@context\":\"https:\\\/\\\/schema.org\",\"@graph\":[{\"@type\":\"NewsArticle\",\"@id\":\"https:\\\/\\\/www.webdo.tn\\\/fr\\\/actualite\\\/sport\\\/taekwondo-khalil-jendoubi-medaille-d-argent-au-grand-prix-de-ryad\\\/200498\\\/#article\",\"isPartOf\":{\"@id\":\"https:\\\/\\\/www.webdo.tn\\\/fr\\\/actualite\\\/sport\\\/taekwondo-khalil-jendoubi-medaille-d-argent-au-grand-prix-de-ryad\\\/200498\\\/\"},\"author\":{\"name\":\"MC\",\"@id\":\"https:\\\/\\\/www.webdo.tn\\\/fr\\\/#\\\/schema\\\/person\\\/2c4929cbf5a809e3bd38617c6ce150f6\"},\"headline\":\"Taekwondo : Khalil Jendoubi m\u00e9daill\u00e9 d\u2019argent au Grand Prix de Ryad\",\"datePublished\":\"2022-12-10T11:38:00+00:00\",\"dateModified\":\"2025-05-20T22:04:09+00:00\",\"mainEntityOfPage\":{\"@id\":\"https:\\\/\\\/www.webdo.tn\\\/fr\\\/actualite\\\/sport\\\/taekwondo-khalil-jendoubi-medaille-d-argent-au-grand-prix-de-ryad\\\/200498\\\/\"},\"wordCount\":152,\"commentCount\":0,\"publisher\":{\"@id\":\"https:\\\/\\\/www.webdo.tn\\\/fr\\\/#organization\"},\"image\":{\"@id\":\"https:\\\/\\\/www.webdo.tn\\\/fr\\\/actualite\\\/sport\\\/taekwondo-khalil-jendoubi-medaille-d-argent-au-grand-prix-de-ryad\\\/200498\\\/#primaryimage\"},\"thumbnailUrl\":\"https:\\\/\\\/www.webdo.tn\\\/fr\\\/wp-content\\\/uploads\\\/2022\\\/12\\\/bd04a74a181c4f99c4e3db6d1b0e564f.jpg\",\"keywords\":[\"Khalil Jendoubi\",\"m\u00e9daille\",\"taekwondo\"],\"articleSection\":[\"Sport\"],\"inLanguage\":\"fr-FR\"},{\"@type\":\"WebPage\",\"@id\":\"https:\\\/\\\/www.webdo.tn\\\/fr\\\/actualite\\\/sport\\\/taekwondo-khalil-jendoubi-medaille-d-argent-au-grand-prix-de-ryad\\\/200498\\\/\",\"url\":\"https:\\\/\\\/www.webdo.tn\\\/fr\\\/actualite\\\/sport\\\/taekwondo-khalil-jendoubi-medaille-d-argent-au-grand-prix-de-ryad\\\/200498\\\/\",\"name\":\"Taekwondo : Khalil Jendoubi m\u00e9daill\u00e9 d\u2019argent au Grand Prix de Ryad\",\"isPartOf\":{\"@id\":\"https:\\\/\\\/www.webdo.tn\\\/fr\\\/#website\"},\"primaryImageOfPage\":{\"@id\":\"https:\\\/\\\/www.webdo.tn\\\/fr\\\/actualite\\\/sport\\\/taekwondo-khalil-jendoubi-medaille-d-argent-au-grand-prix-de-ryad\\\/200498\\\/#primaryimage\"},\"image\":{\"@id\":\"https:\\\/\\\/www.webdo.tn\\\/fr\\\/actualite\\\/sport\\\/taekwondo-khalil-jendoubi-medaille-d-argent-au-grand-prix-de-ryad\\\/200498\\\/#primaryimage\"},\"thumbnailUrl\":\"https:\\\/\\\/www.webdo.tn\\\/fr\\\/wp-content\\\/uploads\\\/2022\\\/12\\\/bd04a74a181c4f99c4e3db6d1b0e564f.jpg\",\"datePublished\":\"2022-12-10T11:38:00+00:00\",\"dateModified\":\"2025-05-20T22:04:09+00:00\",\"description\":\"Le taekwondoiste tunisien, Khalil Jendoubi a d\u00e9croch\u00e9 la m\u00e9daille d\u2019argent de la cat\u00e9gorie des moins 58 kg, ce samedi 10 d\u00e9cembre 2022, au Grand prix de Ryad en...\",\"breadcrumb\":{\"@id\":\"https:\\\/\\\/www.webdo.tn\\\/fr\\\/actualite\\\/sport\\\/taekwondo-khalil-jendoubi-medaille-d-argent-au-grand-prix-de-ryad\\\/200498\\\/#breadcrumb\"},\"inLanguage\":\"fr-FR\",\"potentialAction\":[{\"@type\":\"ReadAction\",\"target\":[\"https:\\\/\\\/www.webdo.tn\\\/fr\\\/actualite\\\/sport\\\/taekwondo-khalil-jendoubi-medaille-d-argent-au-grand-prix-de-ryad\\\/200498\\\/\"]}]},{\"@type\":\"ImageObject\",\"inLanguage\":\"fr-FR\",\"@id\":\"https:\\\/\\\/www.webdo.tn\\\/fr\\\/actualite\\\/sport\\\/taekwondo-khalil-jendoubi-medaille-d-argent-au-grand-prix-de-ryad\\\/200498\\\/#primaryimage\",\"url\":\"https:\\\/\\\/www.webdo.tn\\\/fr\\\/wp-content\\\/uploads\\\/2022\\\/12\\\/bd04a74a181c4f99c4e3db6d1b0e564f.jpg\",\"contentUrl\":\"https:\\\/\\\/www.webdo.tn\\\/fr\\\/wp-content\\\/uploads\\\/2022\\\/12\\\/bd04a74a181c4f99c4e3db6d1b0e564f.jpg\",\"width\":720,\"height\":384,\"caption\":\"Taekwondo : Khalil Jendoubi m\u00e9daill\u00e9 d\u2019argent au Grand Prix de Ryad\"},{\"@type\":\"BreadcrumbList\",\"@id\":\"https:\\\/\\\/www.webdo.tn\\\/fr\\\/actualite\\\/sport\\\/taekwondo-khalil-jendoubi-medaille-d-argent-au-grand-prix-de-ryad\\\/200498\\\/#breadcrumb\",\"itemListElement\":[{\"@type\":\"ListItem\",\"position\":1,\"name\":\"Accueil\",\"item\":\"https:\\\/\\\/www.webdo.tn\\\/fr\\\/\"},{\"@type\":\"ListItem\",\"position\":2,\"name\":\"Taekwondo : Khalil Jendoubi m\u00e9daill\u00e9 d\u2019argent au Grand Prix de Ryad\"}]},{\"@type\":\"WebSite\",\"@id\":\"https:\\\/\\\/www.webdo.tn\\\/fr\\\/#website\",\"url\":\"https:\\\/\\\/www.webdo.tn\\\/fr\\\/\",\"name\":\"webdo\",\"description\":\"Tunisie - News en Tunisie et \u00e0 l&#039;international sur Webdo.tn\",\"publisher\":{\"@id\":\"https:\\\/\\\/www.webdo.tn\\\/fr\\\/#organization\"},\"potentialAction\":[{\"@type\":\"SearchAction\",\"target\":{\"@type\":\"EntryPoint\",\"urlTemplate\":\"https:\\\/\\\/www.webdo.tn\\\/fr\\\/?s={search_term_string}\"},\"query-input\":{\"@type\":\"PropertyValueSpecification\",\"valueRequired\":true,\"valueName\":\"search_term_string\"}}],\"inLanguage\":\"fr-FR\"},{\"@type\":\"Organization\",\"@id\":\"https:\\\/\\\/www.webdo.tn\\\/fr\\\/#organization\",\"name\":\"Webdo\",\"alternateName\":\"Webdo.tn\",\"url\":\"https:\\\/\\\/www.webdo.tn\\\/fr\\\/\",\"logo\":{\"@type\":\"ImageObject\",\"inLanguage\":\"fr-FR\",\"@id\":\"https:\\\/\\\/www.webdo.tn\\\/fr\\\/#\\\/schema\\\/logo\\\/image\\\/\",\"url\":\"https:\\\/\\\/www.webdo.tn\\\/fr\\\/wp-content\\\/uploads\\\/2025\\\/06\\\/Webdo-Tunisie_168377.jpg\",\"contentUrl\":\"https:\\\/\\\/www.webdo.tn\\\/fr\\\/wp-content\\\/uploads\\\/2025\\\/06\\\/Webdo-Tunisie_168377.jpg\",\"width\":301,\"height\":301,\"caption\":\"Webdo\"},\"image\":{\"@id\":\"https:\\\/\\\/www.webdo.tn\\\/fr\\\/#\\\/schema\\\/logo\\\/image\\\/\"},\"sameAs\":[\"https:\\\/\\\/www.facebook.com\\\/webdotn\",\"https:\\\/\\\/x.com\\\/webdo_tn\"],\"description\":\"Webdo est un m\u00e9dia num\u00e9rique tunisien fond\u00e9 en 2010, sp\u00e9cialis\u00e9 dans l\u2019actualit\u00e9 nationale et internationale, l\u2019\u00e9conomie, la soci\u00e9t\u00e9 et les analyses politiques. Le site s\u2019adresse \u00e0 un large public francophone et couvre l\u2019information tunisienne en temps r\u00e9el.\",\"email\":\"redac@webdo.tn\",\"legalName\":\"YNJ SARL\",\"foundingDate\":\"2010-09-06\",\"numberOfEmployees\":{\"@type\":\"QuantitativeValue\",\"minValue\":\"11\",\"maxValue\":\"50\"}},{\"@type\":\"Person\",\"@id\":\"https:\\\/\\\/www.webdo.tn\\\/fr\\\/#\\\/schema\\\/person\\\/2c4929cbf5a809e3bd38617c6ce150f6\",\"name\":\"MC\",\"image\":{\"@type\":\"ImageObject\",\"inLanguage\":\"fr-FR\",\"@id\":\"https:\\\/\\\/secure.gravatar.com\\\/avatar\\\/a545bbb6f84efdd5553dbbc2895e3ca8f1d12c5215e00a041c9670b54aa9b18a?s=96&d=mm&r=g\",\"url\":\"https:\\\/\\\/secure.gravatar.com\\\/avatar\\\/a545bbb6f84efdd5553dbbc2895e3ca8f1d12c5215e00a041c9670b54aa9b18a?s=96&d=mm&r=g\",\"contentUrl\":\"https:\\\/\\\/secure.gravatar.com\\\/avatar\\\/a545bbb6f84efdd5553dbbc2895e3ca8f1d12c5215e00a041c9670b54aa9b18a?s=96&d=mm&r=g\",\"caption\":\"MC\"},\"url\":\"https:\\\/\\\/www.webdo.tn\\\/fr\\\/actualite\\\/author\\\/mc\\\/\"}]}<\/script>\n<!-- \/ Yoast SEO Premium plugin. -->","yoast_head_json":{"title":"Taekwondo : Khalil Jendoubi m\u00e9daill\u00e9 d\u2019argent au Grand Prix de Ryad","description":"Le taekwondoiste tunisien, Khalil Jendoubi a d\u00e9croch\u00e9 la m\u00e9daille d\u2019argent de la cat\u00e9gorie des moins 58 kg, ce samedi 10 d\u00e9cembre 2022, au Grand prix de Ryad en...","canonical":"https:\/\/www.webdo.tn\/fr\/actualite\/sport\/taekwondo-khalil-jendoubi-medaille-d-argent-au-grand-prix-de-ryad\/200498\/","og_locale":"fr_FR","og_type":"article","og_title":"Taekwondo : Khalil Jendoubi m\u00e9daill\u00e9 d\u2019argent au Grand Prix de Ryad","og_description":"Le taekwondoiste tunisien, Khalil Jendoubi a d\u00e9croch\u00e9 la m\u00e9daille d\u2019argent de la cat\u00e9gorie des moins 58 kg, ce samedi 10 d\u00e9cembre 2022, au Grand prix de Ryad en...","og_url":"https:\/\/www.webdo.tn\/fr\/actualite\/sport\/taekwondo-khalil-jendoubi-medaille-d-argent-au-grand-prix-de-ryad\/200498\/","og_site_name":"webdo","article_publisher":"https:\/\/www.facebook.com\/webdotn","article_published_time":"2022-12-10T11:38:00+00:00","article_modified_time":"2025-05-20T22:04:09+00:00","og_image":[{"width":720,"height":384,"url":"https:\/\/www.webdo.tn\/fr\/wp-content\/uploads\/2022\/12\/bd04a74a181c4f99c4e3db6d1b0e564f.jpg","type":"image\/jpeg"}],"author":"MC","twitter_card":"summary_large_image","twitter_creator":"@webdo_tn","twitter_site":"@webdo_tn","twitter_misc":{"\u00c9crit par":"MC","Dur\u00e9e de lecture estim\u00e9e":"1 minute"},"schema":{"@context":"https:\/\/schema.org","@graph":[{"@type":"NewsArticle","@id":"https:\/\/www.webdo.tn\/fr\/actualite\/sport\/taekwondo-khalil-jendoubi-medaille-d-argent-au-grand-prix-de-ryad\/200498\/#article","isPartOf":{"@id":"https:\/\/www.webdo.tn\/fr\/actualite\/sport\/taekwondo-khalil-jendoubi-medaille-d-argent-au-grand-prix-de-ryad\/200498\/"},"author":{"name":"MC","@id":"https:\/\/www.webdo.tn\/fr\/#\/schema\/person\/2c4929cbf5a809e3bd38617c6ce150f6"},"headline":"Taekwondo : Khalil Jendoubi m\u00e9daill\u00e9 d\u2019argent au Grand Prix de Ryad","datePublished":"2022-12-10T11:38:00+00:00","dateModified":"2025-05-20T22:04:09+00:00","mainEntityOfPage":{"@id":"https:\/\/www.webdo.tn\/fr\/actualite\/sport\/taekwondo-khalil-jendoubi-medaille-d-argent-au-grand-prix-de-ryad\/200498\/"},"wordCount":152,"commentCount":0,"publisher":{"@id":"https:\/\/www.webdo.tn\/fr\/#organization"},"image":{"@id":"https:\/\/www.webdo.tn\/fr\/actualite\/sport\/taekwondo-khalil-jendoubi-medaille-d-argent-au-grand-prix-de-ryad\/200498\/#primaryimage"},"thumbnailUrl":"https:\/\/www.webdo.tn\/fr\/wp-content\/uploads\/2022\/12\/bd04a74a181c4f99c4e3db6d1b0e564f.jpg","keywords":["Khalil Jendoubi","m\u00e9daille","taekwondo"],"articleSection":["Sport"],"inLanguage":"fr-FR"},{"@type":"WebPage","@id":"https:\/\/www.webdo.tn\/fr\/actualite\/sport\/taekwondo-khalil-jendoubi-medaille-d-argent-au-grand-prix-de-ryad\/200498\/","url":"https:\/\/www.webdo.tn\/fr\/actualite\/sport\/taekwondo-khalil-jendoubi-medaille-d-argent-au-grand-prix-de-ryad\/200498\/","name":"Taekwondo : Khalil Jendoubi m\u00e9daill\u00e9 d\u2019argent au Grand Prix de Ryad","isPartOf":{"@id":"https:\/\/www.webdo.tn\/fr\/#website"},"primaryImageOfPage":{"@id":"https:\/\/www.webdo.tn\/fr\/actualite\/sport\/taekwondo-khalil-jendoubi-medaille-d-argent-au-grand-prix-de-ryad\/200498\/#primaryimage"},"image":{"@id":"https:\/\/www.webdo.tn\/fr\/actualite\/sport\/taekwondo-khalil-jendoubi-medaille-d-argent-au-grand-prix-de-ryad\/200498\/#primaryimage"},"thumbnailUrl":"https:\/\/www.webdo.tn\/fr\/wp-content\/uploads\/2022\/12\/bd04a74a181c4f99c4e3db6d1b0e564f.jpg","datePublished":"2022-12-10T11:38:00+00:00","dateModified":"2025-05-20T22:04:09+00:00","description":"Le taekwondoiste tunisien, Khalil Jendoubi a d\u00e9croch\u00e9 la m\u00e9daille d\u2019argent de la cat\u00e9gorie des moins 58 kg, ce samedi 10 d\u00e9cembre 2022, au Grand prix de Ryad en...","breadcrumb":{"@id":"https:\/\/www.webdo.tn\/fr\/actualite\/sport\/taekwondo-khalil-jendoubi-medaille-d-argent-au-grand-prix-de-ryad\/200498\/#breadcrumb"},"inLanguage":"fr-FR","potentialAction":[{"@type":"ReadAction","target":["https:\/\/www.webdo.tn\/fr\/actualite\/sport\/taekwondo-khalil-jendoubi-medaille-d-argent-au-grand-prix-de-ryad\/200498\/"]}]},{"@type":"ImageObject","inLanguage":"fr-FR","@id":"https:\/\/www.webdo.tn\/fr\/actualite\/sport\/taekwondo-khalil-jendoubi-medaille-d-argent-au-grand-prix-de-ryad\/200498\/#primaryimage","url":"https:\/\/www.webdo.tn\/fr\/wp-content\/uploads\/2022\/12\/bd04a74a181c4f99c4e3db6d1b0e564f.jpg","contentUrl":"https:\/\/www.webdo.tn\/fr\/wp-content\/uploads\/2022\/12\/bd04a74a181c4f99c4e3db6d1b0e564f.jpg","width":720,"height":384,"caption":"Taekwondo : Khalil Jendoubi m\u00e9daill\u00e9 d\u2019argent au Grand Prix de Ryad"},{"@type":"BreadcrumbList","@id":"https:\/\/www.webdo.tn\/fr\/actualite\/sport\/taekwondo-khalil-jendoubi-medaille-d-argent-au-grand-prix-de-ryad\/200498\/#breadcrumb","itemListElement":[{"@type":"ListItem","position":1,"name":"Accueil","item":"https:\/\/www.webdo.tn\/fr\/"},{"@type":"ListItem","position":2,"name":"Taekwondo : Khalil Jendoubi m\u00e9daill\u00e9 d\u2019argent au Grand Prix de Ryad"}]},{"@type":"WebSite","@id":"https:\/\/www.webdo.tn\/fr\/#website","url":"https:\/\/www.webdo.tn\/fr\/","name":"webdo","description":"Tunisie - News en Tunisie et \u00e0 l&#039;international sur Webdo.tn","publisher":{"@id":"https:\/\/www.webdo.tn\/fr\/#organization"},"potentialAction":[{"@type":"SearchAction","target":{"@type":"EntryPoint","urlTemplate":"https:\/\/www.webdo.tn\/fr\/?s={search_term_string}"},"query-input":{"@type":"PropertyValueSpecification","valueRequired":true,"valueName":"search_term_string"}}],"inLanguage":"fr-FR"},{"@type":"Organization","@id":"https:\/\/www.webdo.tn\/fr\/#organization","name":"Webdo","alternateName":"Webdo.tn","url":"https:\/\/www.webdo.tn\/fr\/","logo":{"@type":"ImageObject","inLanguage":"fr-FR","@id":"https:\/\/www.webdo.tn\/fr\/#\/schema\/logo\/image\/","url":"https:\/\/www.webdo.tn\/fr\/wp-content\/uploads\/2025\/06\/Webdo-Tunisie_168377.jpg","contentUrl":"https:\/\/www.webdo.tn\/fr\/wp-content\/uploads\/2025\/06\/Webdo-Tunisie_168377.jpg","width":301,"height":301,"caption":"Webdo"},"image":{"@id":"https:\/\/www.webdo.tn\/fr\/#\/schema\/logo\/image\/"},"sameAs":["https:\/\/www.facebook.com\/webdotn","https:\/\/x.com\/webdo_tn"],"description":"Webdo est un m\u00e9dia num\u00e9rique tunisien fond\u00e9 en 2010, sp\u00e9cialis\u00e9 dans l\u2019actualit\u00e9 nationale et internationale, l\u2019\u00e9conomie, la soci\u00e9t\u00e9 et les analyses politiques. Le site s\u2019adresse \u00e0 un large public francophone et couvre l\u2019information tunisienne en temps r\u00e9el.","email":"redac@webdo.tn","legalName":"YNJ SARL","foundingDate":"2010-09-06","numberOfEmployees":{"@type":"QuantitativeValue","minValue":"11","maxValue":"50"}},{"@type":"Person","@id":"https:\/\/www.webdo.tn\/fr\/#\/schema\/person\/2c4929cbf5a809e3bd38617c6ce150f6","name":"MC","image":{"@type":"ImageObject","inLanguage":"fr-FR","@id":"https:\/\/secure.gravatar.com\/avatar\/a545bbb6f84efdd5553dbbc2895e3ca8f1d12c5215e00a041c9670b54aa9b18a?s=96&d=mm&r=g","url":"https:\/\/secure.gravatar.com\/avatar\/a545bbb6f84efdd5553dbbc2895e3ca8f1d12c5215e00a041c9670b54aa9b18a?s=96&d=mm&r=g","contentUrl":"https:\/\/secure.gravatar.com\/avatar\/a545bbb6f84efdd5553dbbc2895e3ca8f1d12c5215e00a041c9670b54aa9b18a?s=96&d=mm&r=g","caption":"MC"},"url":"https:\/\/www.webdo.tn\/fr\/actualite\/author\/mc\/"}]}},"_links":{"self":[{"href":"https:\/\/www.webdo.tn\/fr\/wp-json\/wp\/v2\/posts\/200498","targetHints":{"allow":["GET"]}}],"collection":[{"href":"https:\/\/www.webdo.tn\/fr\/wp-json\/wp\/v2\/posts"}],"about":[{"href":"https:\/\/www.webdo.tn\/fr\/wp-json\/wp\/v2\/types\/post"}],"author":[{"embeddable":true,"href":"https:\/\/www.webdo.tn\/fr\/wp-json\/wp\/v2\/users\/3162"}],"replies":[{"embeddable":true,"href":"https:\/\/www.webdo.tn\/fr\/wp-json\/wp\/v2\/comments?post=200498"}],"version-history":[{"count":0,"href":"https:\/\/www.webdo.tn\/fr\/wp-json\/wp\/v2\/posts\/200498\/revisions"}],"wp:featuredmedia":[{"embeddable":true,"href":"https:\/\/www.webdo.tn\/fr\/wp-json\/wp\/v2\/media\/252901"}],"wp:attachment":[{"href":"https:\/\/www.webdo.tn\/fr\/wp-json\/wp\/v2\/media?parent=200498"}],"wp:term":[{"taxonomy":"category","embeddable":true,"href":"https:\/\/www.webdo.tn\/fr\/wp-json\/wp\/v2\/categories?post=200498"},{"taxonomy":"post_tag","embeddable":true,"href":"https:\/\/www.webdo.tn\/fr\/wp-json\/wp\/v2\/tags?post=200498"}],"curies":[{"name":"wp","href":"https:\/\/api.w.org\/{rel}","templated":true}]}}