{"id":200489,"date":"2022-12-10T09:42:00","date_gmt":"2022-12-10T09:42:00","guid":{"rendered":"https:\/\/www.webdo.tn\/fr\/blog\/le-journaliste-americain-grant-wahl-meurt-en-plein-match-entre-l-argentine-et-les-pays-bas\/200489\/"},"modified":"2025-05-20T23:02:11","modified_gmt":"2025-05-20T23:02:11","slug":"le-journaliste-americain-grant-wahl-meurt-en-plein-match-entre-l-argentine-et-les-pays-bas","status":"publish","type":"post","link":"https:\/\/www.webdo.tn\/fr\/actualite\/sport\/le-journaliste-americain-grant-wahl-meurt-en-plein-match-entre-l-argentine-et-les-pays-bas\/200489\/","title":{"rendered":"Le journaliste am\u00e9ricain Grant Wahl meurt en plein match entre l&rsquo;Argentine et les Pays-Bas"},"content":{"rendered":"<p>Un journaliste sportif am\u00e9ricain tr\u00e8s connu, qui avait fait parler de lui r\u00e9cemment apr\u00e8s sa d\u00e9tention au Qatar pour avoir port\u00e9 un T-shirt arc-en-ciel, est d\u00e9c\u00e9d\u00e9 vendredi \u00e0 Doha, ont annonc\u00e9 son \u00e9pouse et la F\u00e9d\u00e9ration am\u00e9ricaine de football.<\/p>\n<p>\t\t\t\t\t\t\t\t\tGrant Wahl, 48 ans est d\u00e9c\u00e9d\u00e9 en assurant la couverture du quart de finale de la coupe du monde 2022 entre l&rsquo;Argentine et les Pays-Bas, vendredi.<\/p>\n<p>D&rsquo;apr\u00e8s la radio am\u00e9ricaine NPR, il s&rsquo;est effondr\u00e9 dans la tribune de presse alors que le match tirait \u00e0 sa fin. Du personnel m\u00e9dical a pratiqu\u00e9 les gestes de premiers secours avant de l&#8217;emporter sur une civi\u00e8re.<\/p>\n<p>Selon le quotidien am\u00e9ricain The Wall Street Journal, Wahl a semble-t-il succomb\u00e9 \u00e0 un malaise cardiaque.<\/p>\n<p>Wahl \u00e9tait mari\u00e9 au docteur Celine Gounder, une sp\u00e9cialiste reconnue des maladies infectieuses qui est apparue \u00e0 plusieurs reprises \u00e0 la t\u00e9l\u00e9vision pendant la pand\u00e9mie de Covid-19.<\/p>\n<p>\u00ab Je suis compl\u00e8tement sous le choc \u00bb, a-t-elle tweet\u00e9.<\/p>\n","protected":false},"excerpt":{"rendered":"<p>Un journaliste sportif am\u00e9ricain tr\u00e8s connu, qui avait fait parler de lui r\u00e9cemment apr\u00e8s sa d\u00e9tention au Qatar pour avoir port\u00e9 un T-shirt arc-en-ciel, est d\u00e9c&#8230;<\/p>\n","protected":false},"author":3197,"featured_media":252893,"comment_status":"open","ping_status":"closed","sticky":false,"template":"","format":"standard","meta":{"footnotes":""},"categories":[2593],"tags":[4066,8937,8935],"class_list":["post-200489","post","type-post","status-publish","format-standard","has-post-thumbnail","hentry","category-sport","tag-coupe-du-monde","tag-grant-wahl","tag-qatar2022"],"yoast_head":"<!-- This site is optimized with the Yoast SEO Premium plugin v27.4 (Yoast SEO v27.5) - https:\/\/yoast.com\/product\/yoast-seo-premium-wordpress\/ -->\n<title>Le journaliste am\u00e9ricain Grant Wahl meurt en plein match entre l&#039;Argentine et les Pays-Bas<\/title>\n<meta name=\"description\" content=\"Un journaliste sportif am\u00e9ricain tr\u00e8s connu, qui avait fait parler de lui r\u00e9cemment apr\u00e8s sa d\u00e9tention au Qatar pour avoir port\u00e9 un T-shirt arc-en-ciel, est d\u00e9c...\" \/>\n<link rel=\"canonical\" href=\"https:\/\/www.webdo.tn\/fr\/actualite\/sport\/le-journaliste-americain-grant-wahl-meurt-en-plein-match-entre-l-argentine-et-les-pays-bas\/200489\/\" \/>\n<meta property=\"og:locale\" content=\"fr_FR\" \/>\n<meta property=\"og:type\" content=\"article\" \/>\n<meta property=\"og:title\" content=\"Le journaliste am\u00e9ricain Grant Wahl meurt en plein match entre l&#039;Argentine et les Pays-Bas\" \/>\n<meta property=\"og:description\" content=\"Un journaliste sportif am\u00e9ricain tr\u00e8s connu, qui avait fait parler de lui r\u00e9cemment apr\u00e8s sa d\u00e9tention au Qatar pour avoir port\u00e9 un T-shirt arc-en-ciel, est d\u00e9c...\" \/>\n<meta property=\"og:url\" content=\"https:\/\/www.webdo.tn\/fr\/actualite\/sport\/le-journaliste-americain-grant-wahl-meurt-en-plein-match-entre-l-argentine-et-les-pays-bas\/200489\/\" \/>\n<meta property=\"og:site_name\" content=\"webdo\" \/>\n<meta property=\"article:publisher\" content=\"https:\/\/www.facebook.com\/webdotn\" \/>\n<meta property=\"article:published_time\" content=\"2022-12-10T09:42:00+00:00\" \/>\n<meta property=\"article:modified_time\" content=\"2025-05-20T23:02:11+00:00\" \/>\n<meta property=\"og:image\" content=\"https:\/\/www.webdo.tn\/fr\/wp-content\/uploads\/2022\/12\/654bf611dd25c0c3d6f4bee1e2d7987b.png\" \/>\n\t<meta property=\"og:image:width\" content=\"750\" \/>\n\t<meta property=\"og:image:height\" content=\"400\" \/>\n\t<meta property=\"og:image:type\" content=\"image\/png\" \/>\n<meta name=\"author\" content=\"AGENCES\" \/>\n<meta name=\"twitter:card\" content=\"summary_large_image\" \/>\n<meta name=\"twitter:creator\" content=\"@webdo_tn\" \/>\n<meta name=\"twitter:site\" content=\"@webdo_tn\" \/>\n<meta name=\"twitter:label1\" content=\"\u00c9crit par\" \/>\n\t<meta name=\"twitter:data1\" content=\"AGENCES\" \/>\n\t<meta name=\"twitter:label2\" content=\"Dur\u00e9e de lecture estim\u00e9e\" \/>\n\t<meta name=\"twitter:data2\" content=\"1 minute\" \/>\n<script type=\"application\/ld+json\" class=\"yoast-schema-graph\">{\"@context\":\"https:\\\/\\\/schema.org\",\"@graph\":[{\"@type\":\"NewsArticle\",\"@id\":\"https:\\\/\\\/www.webdo.tn\\\/fr\\\/actualite\\\/sport\\\/le-journaliste-americain-grant-wahl-meurt-en-plein-match-entre-l-argentine-et-les-pays-bas\\\/200489\\\/#article\",\"isPartOf\":{\"@id\":\"https:\\\/\\\/www.webdo.tn\\\/fr\\\/actualite\\\/sport\\\/le-journaliste-americain-grant-wahl-meurt-en-plein-match-entre-l-argentine-et-les-pays-bas\\\/200489\\\/\"},\"author\":{\"name\":\"AGENCES\",\"@id\":\"https:\\\/\\\/www.webdo.tn\\\/fr\\\/#\\\/schema\\\/person\\\/6e50a3c1ebb9274fbc3e320ee40ab3cf\"},\"headline\":\"Le journaliste am\u00e9ricain Grant Wahl meurt en plein match entre l&rsquo;Argentine et les Pays-Bas\",\"datePublished\":\"2022-12-10T09:42:00+00:00\",\"dateModified\":\"2025-05-20T23:02:11+00:00\",\"mainEntityOfPage\":{\"@id\":\"https:\\\/\\\/www.webdo.tn\\\/fr\\\/actualite\\\/sport\\\/le-journaliste-americain-grant-wahl-meurt-en-plein-match-entre-l-argentine-et-les-pays-bas\\\/200489\\\/\"},\"wordCount\":188,\"commentCount\":0,\"publisher\":{\"@id\":\"https:\\\/\\\/www.webdo.tn\\\/fr\\\/#organization\"},\"image\":{\"@id\":\"https:\\\/\\\/www.webdo.tn\\\/fr\\\/actualite\\\/sport\\\/le-journaliste-americain-grant-wahl-meurt-en-plein-match-entre-l-argentine-et-les-pays-bas\\\/200489\\\/#primaryimage\"},\"thumbnailUrl\":\"https:\\\/\\\/www.webdo.tn\\\/fr\\\/wp-content\\\/uploads\\\/2022\\\/12\\\/654bf611dd25c0c3d6f4bee1e2d7987b.png\",\"keywords\":[\"Coupe du Monde\",\"Grant Wahl\",\"Qatar2022\"],\"articleSection\":[\"Sport\"],\"inLanguage\":\"fr-FR\"},{\"@type\":\"WebPage\",\"@id\":\"https:\\\/\\\/www.webdo.tn\\\/fr\\\/actualite\\\/sport\\\/le-journaliste-americain-grant-wahl-meurt-en-plein-match-entre-l-argentine-et-les-pays-bas\\\/200489\\\/\",\"url\":\"https:\\\/\\\/www.webdo.tn\\\/fr\\\/actualite\\\/sport\\\/le-journaliste-americain-grant-wahl-meurt-en-plein-match-entre-l-argentine-et-les-pays-bas\\\/200489\\\/\",\"name\":\"Le journaliste am\u00e9ricain Grant Wahl meurt en plein match entre l'Argentine et les Pays-Bas\",\"isPartOf\":{\"@id\":\"https:\\\/\\\/www.webdo.tn\\\/fr\\\/#website\"},\"primaryImageOfPage\":{\"@id\":\"https:\\\/\\\/www.webdo.tn\\\/fr\\\/actualite\\\/sport\\\/le-journaliste-americain-grant-wahl-meurt-en-plein-match-entre-l-argentine-et-les-pays-bas\\\/200489\\\/#primaryimage\"},\"image\":{\"@id\":\"https:\\\/\\\/www.webdo.tn\\\/fr\\\/actualite\\\/sport\\\/le-journaliste-americain-grant-wahl-meurt-en-plein-match-entre-l-argentine-et-les-pays-bas\\\/200489\\\/#primaryimage\"},\"thumbnailUrl\":\"https:\\\/\\\/www.webdo.tn\\\/fr\\\/wp-content\\\/uploads\\\/2022\\\/12\\\/654bf611dd25c0c3d6f4bee1e2d7987b.png\",\"datePublished\":\"2022-12-10T09:42:00+00:00\",\"dateModified\":\"2025-05-20T23:02:11+00:00\",\"description\":\"Un journaliste sportif am\u00e9ricain tr\u00e8s connu, qui avait fait parler de lui r\u00e9cemment apr\u00e8s sa d\u00e9tention au Qatar pour avoir port\u00e9 un T-shirt arc-en-ciel, est d\u00e9c...\",\"breadcrumb\":{\"@id\":\"https:\\\/\\\/www.webdo.tn\\\/fr\\\/actualite\\\/sport\\\/le-journaliste-americain-grant-wahl-meurt-en-plein-match-entre-l-argentine-et-les-pays-bas\\\/200489\\\/#breadcrumb\"},\"inLanguage\":\"fr-FR\",\"potentialAction\":[{\"@type\":\"ReadAction\",\"target\":[\"https:\\\/\\\/www.webdo.tn\\\/fr\\\/actualite\\\/sport\\\/le-journaliste-americain-grant-wahl-meurt-en-plein-match-entre-l-argentine-et-les-pays-bas\\\/200489\\\/\"]}]},{\"@type\":\"ImageObject\",\"inLanguage\":\"fr-FR\",\"@id\":\"https:\\\/\\\/www.webdo.tn\\\/fr\\\/actualite\\\/sport\\\/le-journaliste-americain-grant-wahl-meurt-en-plein-match-entre-l-argentine-et-les-pays-bas\\\/200489\\\/#primaryimage\",\"url\":\"https:\\\/\\\/www.webdo.tn\\\/fr\\\/wp-content\\\/uploads\\\/2022\\\/12\\\/654bf611dd25c0c3d6f4bee1e2d7987b.png\",\"contentUrl\":\"https:\\\/\\\/www.webdo.tn\\\/fr\\\/wp-content\\\/uploads\\\/2022\\\/12\\\/654bf611dd25c0c3d6f4bee1e2d7987b.png\",\"width\":750,\"height\":400,\"caption\":\"Grant Wahl\"},{\"@type\":\"BreadcrumbList\",\"@id\":\"https:\\\/\\\/www.webdo.tn\\\/fr\\\/actualite\\\/sport\\\/le-journaliste-americain-grant-wahl-meurt-en-plein-match-entre-l-argentine-et-les-pays-bas\\\/200489\\\/#breadcrumb\",\"itemListElement\":[{\"@type\":\"ListItem\",\"position\":1,\"name\":\"Accueil\",\"item\":\"https:\\\/\\\/www.webdo.tn\\\/fr\\\/\"},{\"@type\":\"ListItem\",\"position\":2,\"name\":\"Le journaliste am\u00e9ricain Grant Wahl meurt en plein match entre l&rsquo;Argentine et les Pays-Bas\"}]},{\"@type\":\"WebSite\",\"@id\":\"https:\\\/\\\/www.webdo.tn\\\/fr\\\/#website\",\"url\":\"https:\\\/\\\/www.webdo.tn\\\/fr\\\/\",\"name\":\"webdo\",\"description\":\"Tunisie - News en Tunisie et \u00e0 l&#039;international sur Webdo.tn\",\"publisher\":{\"@id\":\"https:\\\/\\\/www.webdo.tn\\\/fr\\\/#organization\"},\"potentialAction\":[{\"@type\":\"SearchAction\",\"target\":{\"@type\":\"EntryPoint\",\"urlTemplate\":\"https:\\\/\\\/www.webdo.tn\\\/fr\\\/?s={search_term_string}\"},\"query-input\":{\"@type\":\"PropertyValueSpecification\",\"valueRequired\":true,\"valueName\":\"search_term_string\"}}],\"inLanguage\":\"fr-FR\"},{\"@type\":\"Organization\",\"@id\":\"https:\\\/\\\/www.webdo.tn\\\/fr\\\/#organization\",\"name\":\"Webdo\",\"alternateName\":\"Webdo.tn\",\"url\":\"https:\\\/\\\/www.webdo.tn\\\/fr\\\/\",\"logo\":{\"@type\":\"ImageObject\",\"inLanguage\":\"fr-FR\",\"@id\":\"https:\\\/\\\/www.webdo.tn\\\/fr\\\/#\\\/schema\\\/logo\\\/image\\\/\",\"url\":\"https:\\\/\\\/www.webdo.tn\\\/fr\\\/wp-content\\\/uploads\\\/2025\\\/06\\\/Webdo-Tunisie_168377.jpg\",\"contentUrl\":\"https:\\\/\\\/www.webdo.tn\\\/fr\\\/wp-content\\\/uploads\\\/2025\\\/06\\\/Webdo-Tunisie_168377.jpg\",\"width\":301,\"height\":301,\"caption\":\"Webdo\"},\"image\":{\"@id\":\"https:\\\/\\\/www.webdo.tn\\\/fr\\\/#\\\/schema\\\/logo\\\/image\\\/\"},\"sameAs\":[\"https:\\\/\\\/www.facebook.com\\\/webdotn\",\"https:\\\/\\\/x.com\\\/webdo_tn\"],\"description\":\"Webdo est un m\u00e9dia num\u00e9rique tunisien fond\u00e9 en 2010, sp\u00e9cialis\u00e9 dans l\u2019actualit\u00e9 nationale et internationale, l\u2019\u00e9conomie, la soci\u00e9t\u00e9 et les analyses politiques. Le site s\u2019adresse \u00e0 un large public francophone et couvre l\u2019information tunisienne en temps r\u00e9el.\",\"email\":\"redac@webdo.tn\",\"legalName\":\"YNJ SARL\",\"foundingDate\":\"2010-09-06\",\"numberOfEmployees\":{\"@type\":\"QuantitativeValue\",\"minValue\":\"11\",\"maxValue\":\"50\"}},{\"@type\":\"Person\",\"@id\":\"https:\\\/\\\/www.webdo.tn\\\/fr\\\/#\\\/schema\\\/person\\\/6e50a3c1ebb9274fbc3e320ee40ab3cf\",\"name\":\"AGENCES\",\"image\":{\"@type\":\"ImageObject\",\"inLanguage\":\"fr-FR\",\"@id\":\"https:\\\/\\\/secure.gravatar.com\\\/avatar\\\/192cf545e04a4d20df71f09060afe2e898c58de7001c8b9c56adb29027e8c38d?s=96&d=mm&r=g\",\"url\":\"https:\\\/\\\/secure.gravatar.com\\\/avatar\\\/192cf545e04a4d20df71f09060afe2e898c58de7001c8b9c56adb29027e8c38d?s=96&d=mm&r=g\",\"contentUrl\":\"https:\\\/\\\/secure.gravatar.com\\\/avatar\\\/192cf545e04a4d20df71f09060afe2e898c58de7001c8b9c56adb29027e8c38d?s=96&d=mm&r=g\",\"caption\":\"AGENCES\"},\"url\":\"https:\\\/\\\/www.webdo.tn\\\/fr\\\/actualite\\\/author\\\/agences\\\/\"}]}<\/script>\n<!-- \/ Yoast SEO Premium plugin. -->","yoast_head_json":{"title":"Le journaliste am\u00e9ricain Grant Wahl meurt en plein match entre l'Argentine et les Pays-Bas","description":"Un journaliste sportif am\u00e9ricain tr\u00e8s connu, qui avait fait parler de lui r\u00e9cemment apr\u00e8s sa d\u00e9tention au Qatar pour avoir port\u00e9 un T-shirt arc-en-ciel, est d\u00e9c...","canonical":"https:\/\/www.webdo.tn\/fr\/actualite\/sport\/le-journaliste-americain-grant-wahl-meurt-en-plein-match-entre-l-argentine-et-les-pays-bas\/200489\/","og_locale":"fr_FR","og_type":"article","og_title":"Le journaliste am\u00e9ricain Grant Wahl meurt en plein match entre l'Argentine et les Pays-Bas","og_description":"Un journaliste sportif am\u00e9ricain tr\u00e8s connu, qui avait fait parler de lui r\u00e9cemment apr\u00e8s sa d\u00e9tention au Qatar pour avoir port\u00e9 un T-shirt arc-en-ciel, est d\u00e9c...","og_url":"https:\/\/www.webdo.tn\/fr\/actualite\/sport\/le-journaliste-americain-grant-wahl-meurt-en-plein-match-entre-l-argentine-et-les-pays-bas\/200489\/","og_site_name":"webdo","article_publisher":"https:\/\/www.facebook.com\/webdotn","article_published_time":"2022-12-10T09:42:00+00:00","article_modified_time":"2025-05-20T23:02:11+00:00","og_image":[{"width":750,"height":400,"url":"https:\/\/www.webdo.tn\/fr\/wp-content\/uploads\/2022\/12\/654bf611dd25c0c3d6f4bee1e2d7987b.png","type":"image\/png"}],"author":"AGENCES","twitter_card":"summary_large_image","twitter_creator":"@webdo_tn","twitter_site":"@webdo_tn","twitter_misc":{"\u00c9crit par":"AGENCES","Dur\u00e9e de lecture estim\u00e9e":"1 minute"},"schema":{"@context":"https:\/\/schema.org","@graph":[{"@type":"NewsArticle","@id":"https:\/\/www.webdo.tn\/fr\/actualite\/sport\/le-journaliste-americain-grant-wahl-meurt-en-plein-match-entre-l-argentine-et-les-pays-bas\/200489\/#article","isPartOf":{"@id":"https:\/\/www.webdo.tn\/fr\/actualite\/sport\/le-journaliste-americain-grant-wahl-meurt-en-plein-match-entre-l-argentine-et-les-pays-bas\/200489\/"},"author":{"name":"AGENCES","@id":"https:\/\/www.webdo.tn\/fr\/#\/schema\/person\/6e50a3c1ebb9274fbc3e320ee40ab3cf"},"headline":"Le journaliste am\u00e9ricain Grant Wahl meurt en plein match entre l&rsquo;Argentine et les Pays-Bas","datePublished":"2022-12-10T09:42:00+00:00","dateModified":"2025-05-20T23:02:11+00:00","mainEntityOfPage":{"@id":"https:\/\/www.webdo.tn\/fr\/actualite\/sport\/le-journaliste-americain-grant-wahl-meurt-en-plein-match-entre-l-argentine-et-les-pays-bas\/200489\/"},"wordCount":188,"commentCount":0,"publisher":{"@id":"https:\/\/www.webdo.tn\/fr\/#organization"},"image":{"@id":"https:\/\/www.webdo.tn\/fr\/actualite\/sport\/le-journaliste-americain-grant-wahl-meurt-en-plein-match-entre-l-argentine-et-les-pays-bas\/200489\/#primaryimage"},"thumbnailUrl":"https:\/\/www.webdo.tn\/fr\/wp-content\/uploads\/2022\/12\/654bf611dd25c0c3d6f4bee1e2d7987b.png","keywords":["Coupe du Monde","Grant Wahl","Qatar2022"],"articleSection":["Sport"],"inLanguage":"fr-FR"},{"@type":"WebPage","@id":"https:\/\/www.webdo.tn\/fr\/actualite\/sport\/le-journaliste-americain-grant-wahl-meurt-en-plein-match-entre-l-argentine-et-les-pays-bas\/200489\/","url":"https:\/\/www.webdo.tn\/fr\/actualite\/sport\/le-journaliste-americain-grant-wahl-meurt-en-plein-match-entre-l-argentine-et-les-pays-bas\/200489\/","name":"Le journaliste am\u00e9ricain Grant Wahl meurt en plein match entre l'Argentine et les Pays-Bas","isPartOf":{"@id":"https:\/\/www.webdo.tn\/fr\/#website"},"primaryImageOfPage":{"@id":"https:\/\/www.webdo.tn\/fr\/actualite\/sport\/le-journaliste-americain-grant-wahl-meurt-en-plein-match-entre-l-argentine-et-les-pays-bas\/200489\/#primaryimage"},"image":{"@id":"https:\/\/www.webdo.tn\/fr\/actualite\/sport\/le-journaliste-americain-grant-wahl-meurt-en-plein-match-entre-l-argentine-et-les-pays-bas\/200489\/#primaryimage"},"thumbnailUrl":"https:\/\/www.webdo.tn\/fr\/wp-content\/uploads\/2022\/12\/654bf611dd25c0c3d6f4bee1e2d7987b.png","datePublished":"2022-12-10T09:42:00+00:00","dateModified":"2025-05-20T23:02:11+00:00","description":"Un journaliste sportif am\u00e9ricain tr\u00e8s connu, qui avait fait parler de lui r\u00e9cemment apr\u00e8s sa d\u00e9tention au Qatar pour avoir port\u00e9 un T-shirt arc-en-ciel, est d\u00e9c...","breadcrumb":{"@id":"https:\/\/www.webdo.tn\/fr\/actualite\/sport\/le-journaliste-americain-grant-wahl-meurt-en-plein-match-entre-l-argentine-et-les-pays-bas\/200489\/#breadcrumb"},"inLanguage":"fr-FR","potentialAction":[{"@type":"ReadAction","target":["https:\/\/www.webdo.tn\/fr\/actualite\/sport\/le-journaliste-americain-grant-wahl-meurt-en-plein-match-entre-l-argentine-et-les-pays-bas\/200489\/"]}]},{"@type":"ImageObject","inLanguage":"fr-FR","@id":"https:\/\/www.webdo.tn\/fr\/actualite\/sport\/le-journaliste-americain-grant-wahl-meurt-en-plein-match-entre-l-argentine-et-les-pays-bas\/200489\/#primaryimage","url":"https:\/\/www.webdo.tn\/fr\/wp-content\/uploads\/2022\/12\/654bf611dd25c0c3d6f4bee1e2d7987b.png","contentUrl":"https:\/\/www.webdo.tn\/fr\/wp-content\/uploads\/2022\/12\/654bf611dd25c0c3d6f4bee1e2d7987b.png","width":750,"height":400,"caption":"Grant Wahl"},{"@type":"BreadcrumbList","@id":"https:\/\/www.webdo.tn\/fr\/actualite\/sport\/le-journaliste-americain-grant-wahl-meurt-en-plein-match-entre-l-argentine-et-les-pays-bas\/200489\/#breadcrumb","itemListElement":[{"@type":"ListItem","position":1,"name":"Accueil","item":"https:\/\/www.webdo.tn\/fr\/"},{"@type":"ListItem","position":2,"name":"Le journaliste am\u00e9ricain Grant Wahl meurt en plein match entre l&rsquo;Argentine et les Pays-Bas"}]},{"@type":"WebSite","@id":"https:\/\/www.webdo.tn\/fr\/#website","url":"https:\/\/www.webdo.tn\/fr\/","name":"webdo","description":"Tunisie - News en Tunisie et \u00e0 l&#039;international sur Webdo.tn","publisher":{"@id":"https:\/\/www.webdo.tn\/fr\/#organization"},"potentialAction":[{"@type":"SearchAction","target":{"@type":"EntryPoint","urlTemplate":"https:\/\/www.webdo.tn\/fr\/?s={search_term_string}"},"query-input":{"@type":"PropertyValueSpecification","valueRequired":true,"valueName":"search_term_string"}}],"inLanguage":"fr-FR"},{"@type":"Organization","@id":"https:\/\/www.webdo.tn\/fr\/#organization","name":"Webdo","alternateName":"Webdo.tn","url":"https:\/\/www.webdo.tn\/fr\/","logo":{"@type":"ImageObject","inLanguage":"fr-FR","@id":"https:\/\/www.webdo.tn\/fr\/#\/schema\/logo\/image\/","url":"https:\/\/www.webdo.tn\/fr\/wp-content\/uploads\/2025\/06\/Webdo-Tunisie_168377.jpg","contentUrl":"https:\/\/www.webdo.tn\/fr\/wp-content\/uploads\/2025\/06\/Webdo-Tunisie_168377.jpg","width":301,"height":301,"caption":"Webdo"},"image":{"@id":"https:\/\/www.webdo.tn\/fr\/#\/schema\/logo\/image\/"},"sameAs":["https:\/\/www.facebook.com\/webdotn","https:\/\/x.com\/webdo_tn"],"description":"Webdo est un m\u00e9dia num\u00e9rique tunisien fond\u00e9 en 2010, sp\u00e9cialis\u00e9 dans l\u2019actualit\u00e9 nationale et internationale, l\u2019\u00e9conomie, la soci\u00e9t\u00e9 et les analyses politiques. Le site s\u2019adresse \u00e0 un large public francophone et couvre l\u2019information tunisienne en temps r\u00e9el.","email":"redac@webdo.tn","legalName":"YNJ SARL","foundingDate":"2010-09-06","numberOfEmployees":{"@type":"QuantitativeValue","minValue":"11","maxValue":"50"}},{"@type":"Person","@id":"https:\/\/www.webdo.tn\/fr\/#\/schema\/person\/6e50a3c1ebb9274fbc3e320ee40ab3cf","name":"AGENCES","image":{"@type":"ImageObject","inLanguage":"fr-FR","@id":"https:\/\/secure.gravatar.com\/avatar\/192cf545e04a4d20df71f09060afe2e898c58de7001c8b9c56adb29027e8c38d?s=96&d=mm&r=g","url":"https:\/\/secure.gravatar.com\/avatar\/192cf545e04a4d20df71f09060afe2e898c58de7001c8b9c56adb29027e8c38d?s=96&d=mm&r=g","contentUrl":"https:\/\/secure.gravatar.com\/avatar\/192cf545e04a4d20df71f09060afe2e898c58de7001c8b9c56adb29027e8c38d?s=96&d=mm&r=g","caption":"AGENCES"},"url":"https:\/\/www.webdo.tn\/fr\/actualite\/author\/agences\/"}]}},"_links":{"self":[{"href":"https:\/\/www.webdo.tn\/fr\/wp-json\/wp\/v2\/posts\/200489","targetHints":{"allow":["GET"]}}],"collection":[{"href":"https:\/\/www.webdo.tn\/fr\/wp-json\/wp\/v2\/posts"}],"about":[{"href":"https:\/\/www.webdo.tn\/fr\/wp-json\/wp\/v2\/types\/post"}],"author":[{"embeddable":true,"href":"https:\/\/www.webdo.tn\/fr\/wp-json\/wp\/v2\/users\/3197"}],"replies":[{"embeddable":true,"href":"https:\/\/www.webdo.tn\/fr\/wp-json\/wp\/v2\/comments?post=200489"}],"version-history":[{"count":0,"href":"https:\/\/www.webdo.tn\/fr\/wp-json\/wp\/v2\/posts\/200489\/revisions"}],"wp:featuredmedia":[{"embeddable":true,"href":"https:\/\/www.webdo.tn\/fr\/wp-json\/wp\/v2\/media\/252893"}],"wp:attachment":[{"href":"https:\/\/www.webdo.tn\/fr\/wp-json\/wp\/v2\/media?parent=200489"}],"wp:term":[{"taxonomy":"category","embeddable":true,"href":"https:\/\/www.webdo.tn\/fr\/wp-json\/wp\/v2\/categories?post=200489"},{"taxonomy":"post_tag","embeddable":true,"href":"https:\/\/www.webdo.tn\/fr\/wp-json\/wp\/v2\/tags?post=200489"}],"curies":[{"name":"wp","href":"https:\/\/api.w.org\/{rel}","templated":true}]}}