{"id":200453,"date":"2022-12-09T14:30:00","date_gmt":"2022-12-09T14:30:00","guid":{"rendered":"https:\/\/www.webdo.tn\/fr\/actualite\/blog\/programme-anti-corruption-au-sein-du-ministere-de-l-education\/200453\/"},"modified":"2025-05-22T11:41:32","modified_gmt":"2025-05-22T11:41:32","slug":"programme-anti-corruption-au-sein-du-ministere-de-l-education","status":"publish","type":"post","link":"https:\/\/www.webdo.tn\/fr\/actualite\/national\/programme-anti-corruption-au-sein-du-ministere-de-l-education\/200453\/","title":{"rendered":"Programme anti-corruption au sein du minist\u00e8re de l\u2019Education"},"content":{"rendered":"<p>Face aux risques de prolif\u00e9ration de la corruption, notamment en milieu \u00e9ducatif, le minist\u00e8re de l\u2019Education a d\u00e9cid\u00e9 d\u2019agir.<\/p>\n<p> Ce vendredi 9 d\u00e9cembre 2022, le ministre de l\u2019Education Fethi Sellaouti a annonc\u00e9 que son d\u00e9partement a d\u00e9cid\u00e9 de mettre en place tout un programme pour lutter contre ce fl\u00e9au au sein du d\u00e9partement.\u00a0<\/p>\n<p>Le ministre qui explique dans des d\u00e9clarations m\u00e9diatiques que ce programme a \u00e9t\u00e9 d\u00e9j\u00e0 lanc\u00e9, pr\u00e9cise que des r\u00e9sultats concrets ont \u00e9t\u00e9 r\u00e9alis\u00e9s.\u00a0<\/p>\n<p>Et d\u2019expliquer que ce programme comporte \u00e9galement l\u2019introduction de modules d\u2019enseignement et clubs pour sensibiliser les \u00e9l\u00e8ves contre les risques de la corruption.\u00a0<\/p>\n<p>S\u2019agissant des cours particuliers, Fethi Sellaouti affirme que son d\u00e9partement d\u00e9ploie tous les efforts pour lutter contre ce probl\u00e8me affirmant qu\u2019il a saisi la justice \u00e0 plusieurs reprises.<\/p>\n","protected":false},"excerpt":{"rendered":"<p>Face aux risques de prolif\u00e9ration de la corruption, notamment en milieu \u00e9ducatif, le minist\u00e8re de l\u2019Education a d\u00e9cid\u00e9 d\u2019agir.<\/p>\n","protected":false},"author":3175,"featured_media":348457,"comment_status":"open","ping_status":"closed","sticky":false,"template":"","format":"standard","meta":{"footnotes":""},"categories":[44],"tags":[3196,2634,2608],"class_list":["post-200453","post","type-post","status-publish","format-standard","has-post-thumbnail","hentry","category-national","tag-corruption","tag-education","tag-tunisie"],"yoast_head":"<!-- This site is optimized with the Yoast SEO Premium plugin v27.4 (Yoast SEO v27.5) - https:\/\/yoast.com\/product\/yoast-seo-premium-wordpress\/ -->\n<title>Programme anti-corruption au sein du minist\u00e8re de l\u2019Education<\/title>\n<meta name=\"description\" content=\"Face aux risques de prolif\u00e9ration de la corruption, notamment en milieu \u00e9ducatif, le minist\u00e8re de l\u2019Education a d\u00e9cid\u00e9 d\u2019agir.\" \/>\n<link rel=\"canonical\" href=\"https:\/\/www.webdo.tn\/fr\/actualite\/national-45\/programme-anti-corruption-au-sein-du-ministere-de-l-education\/200453\/\" \/>\n<meta property=\"og:locale\" content=\"fr_FR\" \/>\n<meta property=\"og:type\" content=\"article\" \/>\n<meta property=\"og:title\" content=\"Programme anti-corruption au sein du minist\u00e8re de l\u2019Education\" \/>\n<meta property=\"og:description\" content=\"Face aux risques de prolif\u00e9ration de la corruption, notamment en milieu \u00e9ducatif, le minist\u00e8re de l\u2019Education a d\u00e9cid\u00e9 d\u2019agir.\" \/>\n<meta property=\"og:url\" content=\"https:\/\/www.webdo.tn\/fr\/actualite\/national-45\/programme-anti-corruption-au-sein-du-ministere-de-l-education\/200453\/\" \/>\n<meta property=\"og:site_name\" content=\"webdo\" \/>\n<meta property=\"article:publisher\" content=\"https:\/\/www.facebook.com\/webdotn\" \/>\n<meta property=\"article:published_time\" content=\"2022-12-09T14:30:00+00:00\" \/>\n<meta property=\"article:modified_time\" content=\"2025-05-22T11:41:32+00:00\" \/>\n<meta property=\"og:image\" content=\"https:\/\/www.webdo.tn\/fr\/wp-content\/uploads\/2022\/12\/ff8b72a9643661a3a80bea9c5fab93e2.jpg\" \/>\n\t<meta property=\"og:image:width\" content=\"750\" \/>\n\t<meta property=\"og:image:height\" content=\"400\" \/>\n\t<meta property=\"og:image:type\" content=\"image\/jpeg\" \/>\n<meta name=\"author\" content=\"CL\" \/>\n<meta name=\"twitter:card\" content=\"summary_large_image\" \/>\n<meta name=\"twitter:creator\" content=\"@webdo_tn\" \/>\n<meta name=\"twitter:site\" content=\"@webdo_tn\" \/>\n<meta name=\"twitter:label1\" content=\"\u00c9crit par\" \/>\n\t<meta name=\"twitter:data1\" content=\"CL\" \/>\n\t<meta name=\"twitter:label2\" content=\"Dur\u00e9e de lecture estim\u00e9e\" \/>\n\t<meta name=\"twitter:data2\" content=\"1 minute\" \/>\n<script type=\"application\/ld+json\" class=\"yoast-schema-graph\">{\"@context\":\"https:\\\/\\\/schema.org\",\"@graph\":[{\"@type\":\"NewsArticle\",\"@id\":\"https:\\\/\\\/www.webdo.tn\\\/fr\\\/actualite\\\/national-45\\\/programme-anti-corruption-au-sein-du-ministere-de-l-education\\\/200453\\\/#article\",\"isPartOf\":{\"@id\":\"https:\\\/\\\/www.webdo.tn\\\/fr\\\/actualite\\\/national-45\\\/programme-anti-corruption-au-sein-du-ministere-de-l-education\\\/200453\\\/\"},\"author\":{\"name\":\"CL\",\"@id\":\"https:\\\/\\\/www.webdo.tn\\\/fr\\\/#\\\/schema\\\/person\\\/f35b42a42c5e2511bbd282959d6385cc\"},\"headline\":\"Programme anti-corruption au sein du minist\u00e8re de l\u2019Education\",\"datePublished\":\"2022-12-09T14:30:00+00:00\",\"dateModified\":\"2025-05-22T11:41:32+00:00\",\"mainEntityOfPage\":{\"@id\":\"https:\\\/\\\/www.webdo.tn\\\/fr\\\/actualite\\\/national-45\\\/programme-anti-corruption-au-sein-du-ministere-de-l-education\\\/200453\\\/\"},\"wordCount\":161,\"commentCount\":0,\"publisher\":{\"@id\":\"https:\\\/\\\/www.webdo.tn\\\/fr\\\/#organization\"},\"image\":{\"@id\":\"https:\\\/\\\/www.webdo.tn\\\/fr\\\/actualite\\\/national-45\\\/programme-anti-corruption-au-sein-du-ministere-de-l-education\\\/200453\\\/#primaryimage\"},\"thumbnailUrl\":\"https:\\\/\\\/www.webdo.tn\\\/fr\\\/wp-content\\\/uploads\\\/2022\\\/12\\\/ff8b72a9643661a3a80bea9c5fab93e2.jpg\",\"keywords\":[\"corruption\",\"\u00e9ducation\",\"Tunisie\"],\"articleSection\":[\"National\"],\"inLanguage\":\"fr-FR\"},{\"@type\":\"WebPage\",\"@id\":\"https:\\\/\\\/www.webdo.tn\\\/fr\\\/actualite\\\/national-45\\\/programme-anti-corruption-au-sein-du-ministere-de-l-education\\\/200453\\\/\",\"url\":\"https:\\\/\\\/www.webdo.tn\\\/fr\\\/actualite\\\/national-45\\\/programme-anti-corruption-au-sein-du-ministere-de-l-education\\\/200453\\\/\",\"name\":\"Programme anti-corruption au sein du minist\u00e8re de l\u2019Education\",\"isPartOf\":{\"@id\":\"https:\\\/\\\/www.webdo.tn\\\/fr\\\/#website\"},\"primaryImageOfPage\":{\"@id\":\"https:\\\/\\\/www.webdo.tn\\\/fr\\\/actualite\\\/national-45\\\/programme-anti-corruption-au-sein-du-ministere-de-l-education\\\/200453\\\/#primaryimage\"},\"image\":{\"@id\":\"https:\\\/\\\/www.webdo.tn\\\/fr\\\/actualite\\\/national-45\\\/programme-anti-corruption-au-sein-du-ministere-de-l-education\\\/200453\\\/#primaryimage\"},\"thumbnailUrl\":\"https:\\\/\\\/www.webdo.tn\\\/fr\\\/wp-content\\\/uploads\\\/2022\\\/12\\\/ff8b72a9643661a3a80bea9c5fab93e2.jpg\",\"datePublished\":\"2022-12-09T14:30:00+00:00\",\"dateModified\":\"2025-05-22T11:41:32+00:00\",\"description\":\"Face aux risques de prolif\u00e9ration de la corruption, notamment en milieu \u00e9ducatif, le minist\u00e8re de l\u2019Education a d\u00e9cid\u00e9 d\u2019agir.\",\"breadcrumb\":{\"@id\":\"https:\\\/\\\/www.webdo.tn\\\/fr\\\/actualite\\\/national-45\\\/programme-anti-corruption-au-sein-du-ministere-de-l-education\\\/200453\\\/#breadcrumb\"},\"inLanguage\":\"fr-FR\",\"potentialAction\":[{\"@type\":\"ReadAction\",\"target\":[\"https:\\\/\\\/www.webdo.tn\\\/fr\\\/actualite\\\/national-45\\\/programme-anti-corruption-au-sein-du-ministere-de-l-education\\\/200453\\\/\"]}]},{\"@type\":\"ImageObject\",\"inLanguage\":\"fr-FR\",\"@id\":\"https:\\\/\\\/www.webdo.tn\\\/fr\\\/actualite\\\/national-45\\\/programme-anti-corruption-au-sein-du-ministere-de-l-education\\\/200453\\\/#primaryimage\",\"url\":\"https:\\\/\\\/www.webdo.tn\\\/fr\\\/wp-content\\\/uploads\\\/2022\\\/12\\\/ff8b72a9643661a3a80bea9c5fab93e2.jpg\",\"contentUrl\":\"https:\\\/\\\/www.webdo.tn\\\/fr\\\/wp-content\\\/uploads\\\/2022\\\/12\\\/ff8b72a9643661a3a80bea9c5fab93e2.jpg\",\"width\":750,\"height\":400,\"caption\":\"Minist\u00e8re de l'Education\"},{\"@type\":\"BreadcrumbList\",\"@id\":\"https:\\\/\\\/www.webdo.tn\\\/fr\\\/actualite\\\/national-45\\\/programme-anti-corruption-au-sein-du-ministere-de-l-education\\\/200453\\\/#breadcrumb\",\"itemListElement\":[{\"@type\":\"ListItem\",\"position\":1,\"name\":\"Accueil\",\"item\":\"https:\\\/\\\/www.webdo.tn\\\/fr\\\/\"},{\"@type\":\"ListItem\",\"position\":2,\"name\":\"Programme anti-corruption au sein du minist\u00e8re de l\u2019Education\"}]},{\"@type\":\"WebSite\",\"@id\":\"https:\\\/\\\/www.webdo.tn\\\/fr\\\/#website\",\"url\":\"https:\\\/\\\/www.webdo.tn\\\/fr\\\/\",\"name\":\"webdo\",\"description\":\"Tunisie - News en Tunisie et \u00e0 l&#039;international sur Webdo.tn\",\"publisher\":{\"@id\":\"https:\\\/\\\/www.webdo.tn\\\/fr\\\/#organization\"},\"potentialAction\":[{\"@type\":\"SearchAction\",\"target\":{\"@type\":\"EntryPoint\",\"urlTemplate\":\"https:\\\/\\\/www.webdo.tn\\\/fr\\\/?s={search_term_string}\"},\"query-input\":{\"@type\":\"PropertyValueSpecification\",\"valueRequired\":true,\"valueName\":\"search_term_string\"}}],\"inLanguage\":\"fr-FR\"},{\"@type\":\"Organization\",\"@id\":\"https:\\\/\\\/www.webdo.tn\\\/fr\\\/#organization\",\"name\":\"Webdo\",\"alternateName\":\"Webdo.tn\",\"url\":\"https:\\\/\\\/www.webdo.tn\\\/fr\\\/\",\"logo\":{\"@type\":\"ImageObject\",\"inLanguage\":\"fr-FR\",\"@id\":\"https:\\\/\\\/www.webdo.tn\\\/fr\\\/#\\\/schema\\\/logo\\\/image\\\/\",\"url\":\"https:\\\/\\\/www.webdo.tn\\\/fr\\\/wp-content\\\/uploads\\\/2025\\\/06\\\/Webdo-Tunisie_168377.jpg\",\"contentUrl\":\"https:\\\/\\\/www.webdo.tn\\\/fr\\\/wp-content\\\/uploads\\\/2025\\\/06\\\/Webdo-Tunisie_168377.jpg\",\"width\":301,\"height\":301,\"caption\":\"Webdo\"},\"image\":{\"@id\":\"https:\\\/\\\/www.webdo.tn\\\/fr\\\/#\\\/schema\\\/logo\\\/image\\\/\"},\"sameAs\":[\"https:\\\/\\\/www.facebook.com\\\/webdotn\",\"https:\\\/\\\/x.com\\\/webdo_tn\"],\"description\":\"Webdo est un m\u00e9dia num\u00e9rique tunisien fond\u00e9 en 2010, sp\u00e9cialis\u00e9 dans l\u2019actualit\u00e9 nationale et internationale, l\u2019\u00e9conomie, la soci\u00e9t\u00e9 et les analyses politiques. Le site s\u2019adresse \u00e0 un large public francophone et couvre l\u2019information tunisienne en temps r\u00e9el.\",\"email\":\"redac@webdo.tn\",\"legalName\":\"YNJ SARL\",\"foundingDate\":\"2010-09-06\",\"numberOfEmployees\":{\"@type\":\"QuantitativeValue\",\"minValue\":\"11\",\"maxValue\":\"50\"}},{\"@type\":\"Person\",\"@id\":\"https:\\\/\\\/www.webdo.tn\\\/fr\\\/#\\\/schema\\\/person\\\/f35b42a42c5e2511bbd282959d6385cc\",\"name\":\"CL\",\"image\":{\"@type\":\"ImageObject\",\"inLanguage\":\"fr-FR\",\"@id\":\"https:\\\/\\\/secure.gravatar.com\\\/avatar\\\/1447a49909b67aa657c488aec6512e1dd6143a480c1ecfee9b5b5cd74eb3b59e?s=96&d=mm&r=g\",\"url\":\"https:\\\/\\\/secure.gravatar.com\\\/avatar\\\/1447a49909b67aa657c488aec6512e1dd6143a480c1ecfee9b5b5cd74eb3b59e?s=96&d=mm&r=g\",\"contentUrl\":\"https:\\\/\\\/secure.gravatar.com\\\/avatar\\\/1447a49909b67aa657c488aec6512e1dd6143a480c1ecfee9b5b5cd74eb3b59e?s=96&d=mm&r=g\",\"caption\":\"CL\"},\"url\":\"https:\\\/\\\/www.webdo.tn\\\/fr\\\/actualite\\\/author\\\/cl\\\/\"}]}<\/script>\n<!-- \/ Yoast SEO Premium plugin. -->","yoast_head_json":{"title":"Programme anti-corruption au sein du minist\u00e8re de l\u2019Education","description":"Face aux risques de prolif\u00e9ration de la corruption, notamment en milieu \u00e9ducatif, le minist\u00e8re de l\u2019Education a d\u00e9cid\u00e9 d\u2019agir.","canonical":"https:\/\/www.webdo.tn\/fr\/actualite\/national-45\/programme-anti-corruption-au-sein-du-ministere-de-l-education\/200453\/","og_locale":"fr_FR","og_type":"article","og_title":"Programme anti-corruption au sein du minist\u00e8re de l\u2019Education","og_description":"Face aux risques de prolif\u00e9ration de la corruption, notamment en milieu \u00e9ducatif, le minist\u00e8re de l\u2019Education a d\u00e9cid\u00e9 d\u2019agir.","og_url":"https:\/\/www.webdo.tn\/fr\/actualite\/national-45\/programme-anti-corruption-au-sein-du-ministere-de-l-education\/200453\/","og_site_name":"webdo","article_publisher":"https:\/\/www.facebook.com\/webdotn","article_published_time":"2022-12-09T14:30:00+00:00","article_modified_time":"2025-05-22T11:41:32+00:00","og_image":[{"width":750,"height":400,"url":"https:\/\/www.webdo.tn\/fr\/wp-content\/uploads\/2022\/12\/ff8b72a9643661a3a80bea9c5fab93e2.jpg","type":"image\/jpeg"}],"author":"CL","twitter_card":"summary_large_image","twitter_creator":"@webdo_tn","twitter_site":"@webdo_tn","twitter_misc":{"\u00c9crit par":"CL","Dur\u00e9e de lecture estim\u00e9e":"1 minute"},"schema":{"@context":"https:\/\/schema.org","@graph":[{"@type":"NewsArticle","@id":"https:\/\/www.webdo.tn\/fr\/actualite\/national-45\/programme-anti-corruption-au-sein-du-ministere-de-l-education\/200453\/#article","isPartOf":{"@id":"https:\/\/www.webdo.tn\/fr\/actualite\/national-45\/programme-anti-corruption-au-sein-du-ministere-de-l-education\/200453\/"},"author":{"name":"CL","@id":"https:\/\/www.webdo.tn\/fr\/#\/schema\/person\/f35b42a42c5e2511bbd282959d6385cc"},"headline":"Programme anti-corruption au sein du minist\u00e8re de l\u2019Education","datePublished":"2022-12-09T14:30:00+00:00","dateModified":"2025-05-22T11:41:32+00:00","mainEntityOfPage":{"@id":"https:\/\/www.webdo.tn\/fr\/actualite\/national-45\/programme-anti-corruption-au-sein-du-ministere-de-l-education\/200453\/"},"wordCount":161,"commentCount":0,"publisher":{"@id":"https:\/\/www.webdo.tn\/fr\/#organization"},"image":{"@id":"https:\/\/www.webdo.tn\/fr\/actualite\/national-45\/programme-anti-corruption-au-sein-du-ministere-de-l-education\/200453\/#primaryimage"},"thumbnailUrl":"https:\/\/www.webdo.tn\/fr\/wp-content\/uploads\/2022\/12\/ff8b72a9643661a3a80bea9c5fab93e2.jpg","keywords":["corruption","\u00e9ducation","Tunisie"],"articleSection":["National"],"inLanguage":"fr-FR"},{"@type":"WebPage","@id":"https:\/\/www.webdo.tn\/fr\/actualite\/national-45\/programme-anti-corruption-au-sein-du-ministere-de-l-education\/200453\/","url":"https:\/\/www.webdo.tn\/fr\/actualite\/national-45\/programme-anti-corruption-au-sein-du-ministere-de-l-education\/200453\/","name":"Programme anti-corruption au sein du minist\u00e8re de l\u2019Education","isPartOf":{"@id":"https:\/\/www.webdo.tn\/fr\/#website"},"primaryImageOfPage":{"@id":"https:\/\/www.webdo.tn\/fr\/actualite\/national-45\/programme-anti-corruption-au-sein-du-ministere-de-l-education\/200453\/#primaryimage"},"image":{"@id":"https:\/\/www.webdo.tn\/fr\/actualite\/national-45\/programme-anti-corruption-au-sein-du-ministere-de-l-education\/200453\/#primaryimage"},"thumbnailUrl":"https:\/\/www.webdo.tn\/fr\/wp-content\/uploads\/2022\/12\/ff8b72a9643661a3a80bea9c5fab93e2.jpg","datePublished":"2022-12-09T14:30:00+00:00","dateModified":"2025-05-22T11:41:32+00:00","description":"Face aux risques de prolif\u00e9ration de la corruption, notamment en milieu \u00e9ducatif, le minist\u00e8re de l\u2019Education a d\u00e9cid\u00e9 d\u2019agir.","breadcrumb":{"@id":"https:\/\/www.webdo.tn\/fr\/actualite\/national-45\/programme-anti-corruption-au-sein-du-ministere-de-l-education\/200453\/#breadcrumb"},"inLanguage":"fr-FR","potentialAction":[{"@type":"ReadAction","target":["https:\/\/www.webdo.tn\/fr\/actualite\/national-45\/programme-anti-corruption-au-sein-du-ministere-de-l-education\/200453\/"]}]},{"@type":"ImageObject","inLanguage":"fr-FR","@id":"https:\/\/www.webdo.tn\/fr\/actualite\/national-45\/programme-anti-corruption-au-sein-du-ministere-de-l-education\/200453\/#primaryimage","url":"https:\/\/www.webdo.tn\/fr\/wp-content\/uploads\/2022\/12\/ff8b72a9643661a3a80bea9c5fab93e2.jpg","contentUrl":"https:\/\/www.webdo.tn\/fr\/wp-content\/uploads\/2022\/12\/ff8b72a9643661a3a80bea9c5fab93e2.jpg","width":750,"height":400,"caption":"Minist\u00e8re de l'Education"},{"@type":"BreadcrumbList","@id":"https:\/\/www.webdo.tn\/fr\/actualite\/national-45\/programme-anti-corruption-au-sein-du-ministere-de-l-education\/200453\/#breadcrumb","itemListElement":[{"@type":"ListItem","position":1,"name":"Accueil","item":"https:\/\/www.webdo.tn\/fr\/"},{"@type":"ListItem","position":2,"name":"Programme anti-corruption au sein du minist\u00e8re de l\u2019Education"}]},{"@type":"WebSite","@id":"https:\/\/www.webdo.tn\/fr\/#website","url":"https:\/\/www.webdo.tn\/fr\/","name":"webdo","description":"Tunisie - News en Tunisie et \u00e0 l&#039;international sur Webdo.tn","publisher":{"@id":"https:\/\/www.webdo.tn\/fr\/#organization"},"potentialAction":[{"@type":"SearchAction","target":{"@type":"EntryPoint","urlTemplate":"https:\/\/www.webdo.tn\/fr\/?s={search_term_string}"},"query-input":{"@type":"PropertyValueSpecification","valueRequired":true,"valueName":"search_term_string"}}],"inLanguage":"fr-FR"},{"@type":"Organization","@id":"https:\/\/www.webdo.tn\/fr\/#organization","name":"Webdo","alternateName":"Webdo.tn","url":"https:\/\/www.webdo.tn\/fr\/","logo":{"@type":"ImageObject","inLanguage":"fr-FR","@id":"https:\/\/www.webdo.tn\/fr\/#\/schema\/logo\/image\/","url":"https:\/\/www.webdo.tn\/fr\/wp-content\/uploads\/2025\/06\/Webdo-Tunisie_168377.jpg","contentUrl":"https:\/\/www.webdo.tn\/fr\/wp-content\/uploads\/2025\/06\/Webdo-Tunisie_168377.jpg","width":301,"height":301,"caption":"Webdo"},"image":{"@id":"https:\/\/www.webdo.tn\/fr\/#\/schema\/logo\/image\/"},"sameAs":["https:\/\/www.facebook.com\/webdotn","https:\/\/x.com\/webdo_tn"],"description":"Webdo est un m\u00e9dia num\u00e9rique tunisien fond\u00e9 en 2010, sp\u00e9cialis\u00e9 dans l\u2019actualit\u00e9 nationale et internationale, l\u2019\u00e9conomie, la soci\u00e9t\u00e9 et les analyses politiques. Le site s\u2019adresse \u00e0 un large public francophone et couvre l\u2019information tunisienne en temps r\u00e9el.","email":"redac@webdo.tn","legalName":"YNJ SARL","foundingDate":"2010-09-06","numberOfEmployees":{"@type":"QuantitativeValue","minValue":"11","maxValue":"50"}},{"@type":"Person","@id":"https:\/\/www.webdo.tn\/fr\/#\/schema\/person\/f35b42a42c5e2511bbd282959d6385cc","name":"CL","image":{"@type":"ImageObject","inLanguage":"fr-FR","@id":"https:\/\/secure.gravatar.com\/avatar\/1447a49909b67aa657c488aec6512e1dd6143a480c1ecfee9b5b5cd74eb3b59e?s=96&d=mm&r=g","url":"https:\/\/secure.gravatar.com\/avatar\/1447a49909b67aa657c488aec6512e1dd6143a480c1ecfee9b5b5cd74eb3b59e?s=96&d=mm&r=g","contentUrl":"https:\/\/secure.gravatar.com\/avatar\/1447a49909b67aa657c488aec6512e1dd6143a480c1ecfee9b5b5cd74eb3b59e?s=96&d=mm&r=g","caption":"CL"},"url":"https:\/\/www.webdo.tn\/fr\/actualite\/author\/cl\/"}]}},"_links":{"self":[{"href":"https:\/\/www.webdo.tn\/fr\/wp-json\/wp\/v2\/posts\/200453","targetHints":{"allow":["GET"]}}],"collection":[{"href":"https:\/\/www.webdo.tn\/fr\/wp-json\/wp\/v2\/posts"}],"about":[{"href":"https:\/\/www.webdo.tn\/fr\/wp-json\/wp\/v2\/types\/post"}],"author":[{"embeddable":true,"href":"https:\/\/www.webdo.tn\/fr\/wp-json\/wp\/v2\/users\/3175"}],"replies":[{"embeddable":true,"href":"https:\/\/www.webdo.tn\/fr\/wp-json\/wp\/v2\/comments?post=200453"}],"version-history":[{"count":0,"href":"https:\/\/www.webdo.tn\/fr\/wp-json\/wp\/v2\/posts\/200453\/revisions"}],"wp:featuredmedia":[{"embeddable":true,"href":"https:\/\/www.webdo.tn\/fr\/wp-json\/wp\/v2\/media\/348457"}],"wp:attachment":[{"href":"https:\/\/www.webdo.tn\/fr\/wp-json\/wp\/v2\/media?parent=200453"}],"wp:term":[{"taxonomy":"category","embeddable":true,"href":"https:\/\/www.webdo.tn\/fr\/wp-json\/wp\/v2\/categories?post=200453"},{"taxonomy":"post_tag","embeddable":true,"href":"https:\/\/www.webdo.tn\/fr\/wp-json\/wp\/v2\/tags?post=200453"}],"curies":[{"name":"wp","href":"https:\/\/api.w.org\/{rel}","templated":true}]}}