{"id":200450,"date":"2022-12-09T13:27:00","date_gmt":"2022-12-09T13:27:00","guid":{"rendered":"https:\/\/www.webdo.tn\/fr\/actualite\/blog\/le-pdl-va-porter-plainte-contre-tous-les-participants-aux-elections\/200450\/"},"modified":"2025-05-22T11:41:27","modified_gmt":"2025-05-22T11:41:27","slug":"le-pdl-va-porter-plainte-contre-tous-les-participants-aux-elections","status":"publish","type":"post","link":"https:\/\/www.webdo.tn\/fr\/actualite\/national\/le-pdl-va-porter-plainte-contre-tous-les-participants-aux-elections\/200450\/","title":{"rendered":"Le PDL va porter plainte contre tous les participants aux \u00e9lections"},"content":{"rendered":"<p>La pr\u00e9sidente du parti destourien libre (PDL) Abir Moussi a r\u00e9it\u00e9r\u00e9 son rejet aux \u00e9lections l\u00e9gislatives pr\u00e9vues le 17 d\u00e9cembre prochain.<\/p>\n<p>S\u2019exprimant lors d\u2019une conf\u00e9rence de presse, Moussi a consid\u00e9r\u00e9 que ces \u00ab \u00e9lections sont ill\u00e9gitimes \u00bb, affirmant qu\u2019elle allait porter plainte contre tous ceux qui vont participer \u00e0 ce rendez-vous \u00e9lectoral.\u00a0<\/p>\n<p>\u00ab Le parti \u0153uvre actuellement \u00e0 porter plainte aupr\u00e8s de la justice internationale contre toutes les parties qui vont participer \u00e0 ces \u00e9lections \u00bb, a-t-elle insist\u00e9.\u00a0<\/p>\n<p>Pour Abir Moussi, les organisations internationales sont \u00e9galement appel\u00e9es \u00e0 boycotter l\u2019observation de ces \u00e9lections puisque nous \u00e9voquons un processus ill\u00e9gitime.<\/p>\n","protected":false},"excerpt":{"rendered":"<p>La pr\u00e9sidente du parti destourien libre (PDL) Abir Moussi a r\u00e9it\u00e9r\u00e9 son rejet aux \u00e9lections l\u00e9gislatives pr\u00e9vues le 17 d\u00e9cembre prochain.<\/p>\n","protected":false},"author":3175,"featured_media":348454,"comment_status":"open","ping_status":"closed","sticky":false,"template":"","format":"standard","meta":{"footnotes":""},"categories":[44],"tags":[3923,4028,2608],"class_list":["post-200450","post","type-post","status-publish","format-standard","has-post-thumbnail","hentry","category-national","tag-elections","tag-pdl","tag-tunisie"],"yoast_head":"<!-- This site is optimized with the Yoast SEO Premium plugin v27.5 (Yoast SEO v27.5) - https:\/\/yoast.com\/product\/yoast-seo-premium-wordpress\/ -->\n<title>Le PDL va porter plainte contre tous les participants aux \u00e9lections<\/title>\n<meta name=\"description\" content=\"La pr\u00e9sidente du parti destourien libre (PDL) Abir Moussi a r\u00e9it\u00e9r\u00e9 son rejet aux \u00e9lections l\u00e9gislatives pr\u00e9vues le 17 d\u00e9cembre prochain.\" \/>\n<link rel=\"canonical\" href=\"https:\/\/www.webdo.tn\/fr\/actualite\/national-45\/le-pdl-va-porter-plainte-contre-tous-les-participants-aux-elections\/200450\/\" \/>\n<meta property=\"og:locale\" content=\"fr_FR\" \/>\n<meta property=\"og:type\" content=\"article\" \/>\n<meta property=\"og:title\" content=\"Le PDL va porter plainte contre tous les participants aux \u00e9lections\" \/>\n<meta property=\"og:description\" content=\"La pr\u00e9sidente du parti destourien libre (PDL) Abir Moussi a r\u00e9it\u00e9r\u00e9 son rejet aux \u00e9lections l\u00e9gislatives pr\u00e9vues le 17 d\u00e9cembre prochain.\" \/>\n<meta property=\"og:url\" content=\"https:\/\/www.webdo.tn\/fr\/actualite\/national-45\/le-pdl-va-porter-plainte-contre-tous-les-participants-aux-elections\/200450\/\" \/>\n<meta property=\"og:site_name\" content=\"webdo\" \/>\n<meta property=\"article:publisher\" content=\"https:\/\/www.facebook.com\/webdotn\" \/>\n<meta property=\"article:published_time\" content=\"2022-12-09T13:27:00+00:00\" \/>\n<meta property=\"article:modified_time\" content=\"2025-05-22T11:41:27+00:00\" \/>\n<meta property=\"og:image\" content=\"https:\/\/www.webdo.tn\/fr\/wp-content\/uploads\/2022\/12\/cacc1ef9c8193b7722de88501ae4a37a.jpg\" \/>\n\t<meta property=\"og:image:width\" content=\"750\" \/>\n\t<meta property=\"og:image:height\" content=\"400\" \/>\n\t<meta property=\"og:image:type\" content=\"image\/jpeg\" \/>\n<meta name=\"author\" content=\"CL\" \/>\n<meta name=\"twitter:card\" content=\"summary_large_image\" \/>\n<meta name=\"twitter:creator\" content=\"@webdo_tn\" \/>\n<meta name=\"twitter:site\" content=\"@webdo_tn\" \/>\n<meta name=\"twitter:label1\" content=\"\u00c9crit par\" \/>\n\t<meta name=\"twitter:data1\" content=\"CL\" \/>\n\t<meta name=\"twitter:label2\" content=\"Dur\u00e9e de lecture estim\u00e9e\" \/>\n\t<meta name=\"twitter:data2\" content=\"1 minute\" \/>\n<script type=\"application\/ld+json\" class=\"yoast-schema-graph\">{\"@context\":\"https:\\\/\\\/schema.org\",\"@graph\":[{\"@type\":\"NewsArticle\",\"@id\":\"https:\\\/\\\/www.webdo.tn\\\/fr\\\/actualite\\\/national-45\\\/le-pdl-va-porter-plainte-contre-tous-les-participants-aux-elections\\\/200450\\\/#article\",\"isPartOf\":{\"@id\":\"https:\\\/\\\/www.webdo.tn\\\/fr\\\/actualite\\\/national-45\\\/le-pdl-va-porter-plainte-contre-tous-les-participants-aux-elections\\\/200450\\\/\"},\"author\":{\"name\":\"CL\",\"@id\":\"https:\\\/\\\/www.webdo.tn\\\/fr\\\/#\\\/schema\\\/person\\\/f35b42a42c5e2511bbd282959d6385cc\"},\"headline\":\"Le PDL va porter plainte contre tous les participants aux \u00e9lections\",\"datePublished\":\"2022-12-09T13:27:00+00:00\",\"dateModified\":\"2025-05-22T11:41:27+00:00\",\"mainEntityOfPage\":{\"@id\":\"https:\\\/\\\/www.webdo.tn\\\/fr\\\/actualite\\\/national-45\\\/le-pdl-va-porter-plainte-contre-tous-les-participants-aux-elections\\\/200450\\\/\"},\"wordCount\":117,\"commentCount\":0,\"publisher\":{\"@id\":\"https:\\\/\\\/www.webdo.tn\\\/fr\\\/#organization\"},\"image\":{\"@id\":\"https:\\\/\\\/www.webdo.tn\\\/fr\\\/actualite\\\/national-45\\\/le-pdl-va-porter-plainte-contre-tous-les-participants-aux-elections\\\/200450\\\/#primaryimage\"},\"thumbnailUrl\":\"https:\\\/\\\/www.webdo.tn\\\/fr\\\/wp-content\\\/uploads\\\/2022\\\/12\\\/cacc1ef9c8193b7722de88501ae4a37a.jpg\",\"keywords\":[\"\u00e9lections\",\"PDL\",\"Tunisie\"],\"articleSection\":[\"National\"],\"inLanguage\":\"fr-FR\"},{\"@type\":\"WebPage\",\"@id\":\"https:\\\/\\\/www.webdo.tn\\\/fr\\\/actualite\\\/national-45\\\/le-pdl-va-porter-plainte-contre-tous-les-participants-aux-elections\\\/200450\\\/\",\"url\":\"https:\\\/\\\/www.webdo.tn\\\/fr\\\/actualite\\\/national-45\\\/le-pdl-va-porter-plainte-contre-tous-les-participants-aux-elections\\\/200450\\\/\",\"name\":\"Le PDL va porter plainte contre tous les participants aux \u00e9lections\",\"isPartOf\":{\"@id\":\"https:\\\/\\\/www.webdo.tn\\\/fr\\\/#website\"},\"primaryImageOfPage\":{\"@id\":\"https:\\\/\\\/www.webdo.tn\\\/fr\\\/actualite\\\/national-45\\\/le-pdl-va-porter-plainte-contre-tous-les-participants-aux-elections\\\/200450\\\/#primaryimage\"},\"image\":{\"@id\":\"https:\\\/\\\/www.webdo.tn\\\/fr\\\/actualite\\\/national-45\\\/le-pdl-va-porter-plainte-contre-tous-les-participants-aux-elections\\\/200450\\\/#primaryimage\"},\"thumbnailUrl\":\"https:\\\/\\\/www.webdo.tn\\\/fr\\\/wp-content\\\/uploads\\\/2022\\\/12\\\/cacc1ef9c8193b7722de88501ae4a37a.jpg\",\"datePublished\":\"2022-12-09T13:27:00+00:00\",\"dateModified\":\"2025-05-22T11:41:27+00:00\",\"description\":\"La pr\u00e9sidente du parti destourien libre (PDL) Abir Moussi a r\u00e9it\u00e9r\u00e9 son rejet aux \u00e9lections l\u00e9gislatives pr\u00e9vues le 17 d\u00e9cembre prochain.\",\"breadcrumb\":{\"@id\":\"https:\\\/\\\/www.webdo.tn\\\/fr\\\/actualite\\\/national-45\\\/le-pdl-va-porter-plainte-contre-tous-les-participants-aux-elections\\\/200450\\\/#breadcrumb\"},\"inLanguage\":\"fr-FR\",\"potentialAction\":[{\"@type\":\"ReadAction\",\"target\":[\"https:\\\/\\\/www.webdo.tn\\\/fr\\\/actualite\\\/national-45\\\/le-pdl-va-porter-plainte-contre-tous-les-participants-aux-elections\\\/200450\\\/\"]}]},{\"@type\":\"ImageObject\",\"inLanguage\":\"fr-FR\",\"@id\":\"https:\\\/\\\/www.webdo.tn\\\/fr\\\/actualite\\\/national-45\\\/le-pdl-va-porter-plainte-contre-tous-les-participants-aux-elections\\\/200450\\\/#primaryimage\",\"url\":\"https:\\\/\\\/www.webdo.tn\\\/fr\\\/wp-content\\\/uploads\\\/2022\\\/12\\\/cacc1ef9c8193b7722de88501ae4a37a.jpg\",\"contentUrl\":\"https:\\\/\\\/www.webdo.tn\\\/fr\\\/wp-content\\\/uploads\\\/2022\\\/12\\\/cacc1ef9c8193b7722de88501ae4a37a.jpg\",\"width\":750,\"height\":400,\"caption\":\"Abir Moussi\"},{\"@type\":\"BreadcrumbList\",\"@id\":\"https:\\\/\\\/www.webdo.tn\\\/fr\\\/actualite\\\/national-45\\\/le-pdl-va-porter-plainte-contre-tous-les-participants-aux-elections\\\/200450\\\/#breadcrumb\",\"itemListElement\":[{\"@type\":\"ListItem\",\"position\":1,\"name\":\"Accueil\",\"item\":\"https:\\\/\\\/www.webdo.tn\\\/fr\\\/\"},{\"@type\":\"ListItem\",\"position\":2,\"name\":\"Le PDL va porter plainte contre tous les participants aux \u00e9lections\"}]},{\"@type\":\"WebSite\",\"@id\":\"https:\\\/\\\/www.webdo.tn\\\/fr\\\/#website\",\"url\":\"https:\\\/\\\/www.webdo.tn\\\/fr\\\/\",\"name\":\"webdo\",\"description\":\"Tunisie - News en Tunisie et \u00e0 l&#039;international sur Webdo.tn\",\"publisher\":{\"@id\":\"https:\\\/\\\/www.webdo.tn\\\/fr\\\/#organization\"},\"potentialAction\":[{\"@type\":\"SearchAction\",\"target\":{\"@type\":\"EntryPoint\",\"urlTemplate\":\"https:\\\/\\\/www.webdo.tn\\\/fr\\\/?s={search_term_string}\"},\"query-input\":{\"@type\":\"PropertyValueSpecification\",\"valueRequired\":true,\"valueName\":\"search_term_string\"}}],\"inLanguage\":\"fr-FR\"},{\"@type\":\"Organization\",\"@id\":\"https:\\\/\\\/www.webdo.tn\\\/fr\\\/#organization\",\"name\":\"Webdo\",\"alternateName\":\"Webdo.tn\",\"url\":\"https:\\\/\\\/www.webdo.tn\\\/fr\\\/\",\"logo\":{\"@type\":\"ImageObject\",\"inLanguage\":\"fr-FR\",\"@id\":\"https:\\\/\\\/www.webdo.tn\\\/fr\\\/#\\\/schema\\\/logo\\\/image\\\/\",\"url\":\"https:\\\/\\\/www.webdo.tn\\\/fr\\\/wp-content\\\/uploads\\\/2025\\\/06\\\/Webdo-Tunisie_168377.jpg\",\"contentUrl\":\"https:\\\/\\\/www.webdo.tn\\\/fr\\\/wp-content\\\/uploads\\\/2025\\\/06\\\/Webdo-Tunisie_168377.jpg\",\"width\":301,\"height\":301,\"caption\":\"Webdo\"},\"image\":{\"@id\":\"https:\\\/\\\/www.webdo.tn\\\/fr\\\/#\\\/schema\\\/logo\\\/image\\\/\"},\"sameAs\":[\"https:\\\/\\\/www.facebook.com\\\/webdotn\",\"https:\\\/\\\/x.com\\\/webdo_tn\"],\"description\":\"Webdo est un m\u00e9dia num\u00e9rique tunisien fond\u00e9 en 2010, sp\u00e9cialis\u00e9 dans l\u2019actualit\u00e9 nationale et internationale, l\u2019\u00e9conomie, la soci\u00e9t\u00e9 et les analyses politiques. Le site s\u2019adresse \u00e0 un large public francophone et couvre l\u2019information tunisienne en temps r\u00e9el.\",\"email\":\"redac@webdo.tn\",\"legalName\":\"YNJ SARL\",\"foundingDate\":\"2010-09-06\",\"numberOfEmployees\":{\"@type\":\"QuantitativeValue\",\"minValue\":\"11\",\"maxValue\":\"50\"}},{\"@type\":\"Person\",\"@id\":\"https:\\\/\\\/www.webdo.tn\\\/fr\\\/#\\\/schema\\\/person\\\/f35b42a42c5e2511bbd282959d6385cc\",\"name\":\"CL\",\"image\":{\"@type\":\"ImageObject\",\"inLanguage\":\"fr-FR\",\"@id\":\"https:\\\/\\\/secure.gravatar.com\\\/avatar\\\/1447a49909b67aa657c488aec6512e1dd6143a480c1ecfee9b5b5cd74eb3b59e?s=96&d=mm&r=g\",\"url\":\"https:\\\/\\\/secure.gravatar.com\\\/avatar\\\/1447a49909b67aa657c488aec6512e1dd6143a480c1ecfee9b5b5cd74eb3b59e?s=96&d=mm&r=g\",\"contentUrl\":\"https:\\\/\\\/secure.gravatar.com\\\/avatar\\\/1447a49909b67aa657c488aec6512e1dd6143a480c1ecfee9b5b5cd74eb3b59e?s=96&d=mm&r=g\",\"caption\":\"CL\"},\"url\":\"https:\\\/\\\/www.webdo.tn\\\/fr\\\/actualite\\\/author\\\/cl\\\/\"}]}<\/script>\n<!-- \/ Yoast SEO Premium plugin. -->","yoast_head_json":{"title":"Le PDL va porter plainte contre tous les participants aux \u00e9lections","description":"La pr\u00e9sidente du parti destourien libre (PDL) Abir Moussi a r\u00e9it\u00e9r\u00e9 son rejet aux \u00e9lections l\u00e9gislatives pr\u00e9vues le 17 d\u00e9cembre prochain.","canonical":"https:\/\/www.webdo.tn\/fr\/actualite\/national-45\/le-pdl-va-porter-plainte-contre-tous-les-participants-aux-elections\/200450\/","og_locale":"fr_FR","og_type":"article","og_title":"Le PDL va porter plainte contre tous les participants aux \u00e9lections","og_description":"La pr\u00e9sidente du parti destourien libre (PDL) Abir Moussi a r\u00e9it\u00e9r\u00e9 son rejet aux \u00e9lections l\u00e9gislatives pr\u00e9vues le 17 d\u00e9cembre prochain.","og_url":"https:\/\/www.webdo.tn\/fr\/actualite\/national-45\/le-pdl-va-porter-plainte-contre-tous-les-participants-aux-elections\/200450\/","og_site_name":"webdo","article_publisher":"https:\/\/www.facebook.com\/webdotn","article_published_time":"2022-12-09T13:27:00+00:00","article_modified_time":"2025-05-22T11:41:27+00:00","og_image":[{"width":750,"height":400,"url":"https:\/\/www.webdo.tn\/fr\/wp-content\/uploads\/2022\/12\/cacc1ef9c8193b7722de88501ae4a37a.jpg","type":"image\/jpeg"}],"author":"CL","twitter_card":"summary_large_image","twitter_creator":"@webdo_tn","twitter_site":"@webdo_tn","twitter_misc":{"\u00c9crit par":"CL","Dur\u00e9e de lecture estim\u00e9e":"1 minute"},"schema":{"@context":"https:\/\/schema.org","@graph":[{"@type":"NewsArticle","@id":"https:\/\/www.webdo.tn\/fr\/actualite\/national-45\/le-pdl-va-porter-plainte-contre-tous-les-participants-aux-elections\/200450\/#article","isPartOf":{"@id":"https:\/\/www.webdo.tn\/fr\/actualite\/national-45\/le-pdl-va-porter-plainte-contre-tous-les-participants-aux-elections\/200450\/"},"author":{"name":"CL","@id":"https:\/\/www.webdo.tn\/fr\/#\/schema\/person\/f35b42a42c5e2511bbd282959d6385cc"},"headline":"Le PDL va porter plainte contre tous les participants aux \u00e9lections","datePublished":"2022-12-09T13:27:00+00:00","dateModified":"2025-05-22T11:41:27+00:00","mainEntityOfPage":{"@id":"https:\/\/www.webdo.tn\/fr\/actualite\/national-45\/le-pdl-va-porter-plainte-contre-tous-les-participants-aux-elections\/200450\/"},"wordCount":117,"commentCount":0,"publisher":{"@id":"https:\/\/www.webdo.tn\/fr\/#organization"},"image":{"@id":"https:\/\/www.webdo.tn\/fr\/actualite\/national-45\/le-pdl-va-porter-plainte-contre-tous-les-participants-aux-elections\/200450\/#primaryimage"},"thumbnailUrl":"https:\/\/www.webdo.tn\/fr\/wp-content\/uploads\/2022\/12\/cacc1ef9c8193b7722de88501ae4a37a.jpg","keywords":["\u00e9lections","PDL","Tunisie"],"articleSection":["National"],"inLanguage":"fr-FR"},{"@type":"WebPage","@id":"https:\/\/www.webdo.tn\/fr\/actualite\/national-45\/le-pdl-va-porter-plainte-contre-tous-les-participants-aux-elections\/200450\/","url":"https:\/\/www.webdo.tn\/fr\/actualite\/national-45\/le-pdl-va-porter-plainte-contre-tous-les-participants-aux-elections\/200450\/","name":"Le PDL va porter plainte contre tous les participants aux \u00e9lections","isPartOf":{"@id":"https:\/\/www.webdo.tn\/fr\/#website"},"primaryImageOfPage":{"@id":"https:\/\/www.webdo.tn\/fr\/actualite\/national-45\/le-pdl-va-porter-plainte-contre-tous-les-participants-aux-elections\/200450\/#primaryimage"},"image":{"@id":"https:\/\/www.webdo.tn\/fr\/actualite\/national-45\/le-pdl-va-porter-plainte-contre-tous-les-participants-aux-elections\/200450\/#primaryimage"},"thumbnailUrl":"https:\/\/www.webdo.tn\/fr\/wp-content\/uploads\/2022\/12\/cacc1ef9c8193b7722de88501ae4a37a.jpg","datePublished":"2022-12-09T13:27:00+00:00","dateModified":"2025-05-22T11:41:27+00:00","description":"La pr\u00e9sidente du parti destourien libre (PDL) Abir Moussi a r\u00e9it\u00e9r\u00e9 son rejet aux \u00e9lections l\u00e9gislatives pr\u00e9vues le 17 d\u00e9cembre prochain.","breadcrumb":{"@id":"https:\/\/www.webdo.tn\/fr\/actualite\/national-45\/le-pdl-va-porter-plainte-contre-tous-les-participants-aux-elections\/200450\/#breadcrumb"},"inLanguage":"fr-FR","potentialAction":[{"@type":"ReadAction","target":["https:\/\/www.webdo.tn\/fr\/actualite\/national-45\/le-pdl-va-porter-plainte-contre-tous-les-participants-aux-elections\/200450\/"]}]},{"@type":"ImageObject","inLanguage":"fr-FR","@id":"https:\/\/www.webdo.tn\/fr\/actualite\/national-45\/le-pdl-va-porter-plainte-contre-tous-les-participants-aux-elections\/200450\/#primaryimage","url":"https:\/\/www.webdo.tn\/fr\/wp-content\/uploads\/2022\/12\/cacc1ef9c8193b7722de88501ae4a37a.jpg","contentUrl":"https:\/\/www.webdo.tn\/fr\/wp-content\/uploads\/2022\/12\/cacc1ef9c8193b7722de88501ae4a37a.jpg","width":750,"height":400,"caption":"Abir Moussi"},{"@type":"BreadcrumbList","@id":"https:\/\/www.webdo.tn\/fr\/actualite\/national-45\/le-pdl-va-porter-plainte-contre-tous-les-participants-aux-elections\/200450\/#breadcrumb","itemListElement":[{"@type":"ListItem","position":1,"name":"Accueil","item":"https:\/\/www.webdo.tn\/fr\/"},{"@type":"ListItem","position":2,"name":"Le PDL va porter plainte contre tous les participants aux \u00e9lections"}]},{"@type":"WebSite","@id":"https:\/\/www.webdo.tn\/fr\/#website","url":"https:\/\/www.webdo.tn\/fr\/","name":"webdo","description":"Tunisie - News en Tunisie et \u00e0 l&#039;international sur Webdo.tn","publisher":{"@id":"https:\/\/www.webdo.tn\/fr\/#organization"},"potentialAction":[{"@type":"SearchAction","target":{"@type":"EntryPoint","urlTemplate":"https:\/\/www.webdo.tn\/fr\/?s={search_term_string}"},"query-input":{"@type":"PropertyValueSpecification","valueRequired":true,"valueName":"search_term_string"}}],"inLanguage":"fr-FR"},{"@type":"Organization","@id":"https:\/\/www.webdo.tn\/fr\/#organization","name":"Webdo","alternateName":"Webdo.tn","url":"https:\/\/www.webdo.tn\/fr\/","logo":{"@type":"ImageObject","inLanguage":"fr-FR","@id":"https:\/\/www.webdo.tn\/fr\/#\/schema\/logo\/image\/","url":"https:\/\/www.webdo.tn\/fr\/wp-content\/uploads\/2025\/06\/Webdo-Tunisie_168377.jpg","contentUrl":"https:\/\/www.webdo.tn\/fr\/wp-content\/uploads\/2025\/06\/Webdo-Tunisie_168377.jpg","width":301,"height":301,"caption":"Webdo"},"image":{"@id":"https:\/\/www.webdo.tn\/fr\/#\/schema\/logo\/image\/"},"sameAs":["https:\/\/www.facebook.com\/webdotn","https:\/\/x.com\/webdo_tn"],"description":"Webdo est un m\u00e9dia num\u00e9rique tunisien fond\u00e9 en 2010, sp\u00e9cialis\u00e9 dans l\u2019actualit\u00e9 nationale et internationale, l\u2019\u00e9conomie, la soci\u00e9t\u00e9 et les analyses politiques. Le site s\u2019adresse \u00e0 un large public francophone et couvre l\u2019information tunisienne en temps r\u00e9el.","email":"redac@webdo.tn","legalName":"YNJ SARL","foundingDate":"2010-09-06","numberOfEmployees":{"@type":"QuantitativeValue","minValue":"11","maxValue":"50"}},{"@type":"Person","@id":"https:\/\/www.webdo.tn\/fr\/#\/schema\/person\/f35b42a42c5e2511bbd282959d6385cc","name":"CL","image":{"@type":"ImageObject","inLanguage":"fr-FR","@id":"https:\/\/secure.gravatar.com\/avatar\/1447a49909b67aa657c488aec6512e1dd6143a480c1ecfee9b5b5cd74eb3b59e?s=96&d=mm&r=g","url":"https:\/\/secure.gravatar.com\/avatar\/1447a49909b67aa657c488aec6512e1dd6143a480c1ecfee9b5b5cd74eb3b59e?s=96&d=mm&r=g","contentUrl":"https:\/\/secure.gravatar.com\/avatar\/1447a49909b67aa657c488aec6512e1dd6143a480c1ecfee9b5b5cd74eb3b59e?s=96&d=mm&r=g","caption":"CL"},"url":"https:\/\/www.webdo.tn\/fr\/actualite\/author\/cl\/"}]}},"_links":{"self":[{"href":"https:\/\/www.webdo.tn\/fr\/wp-json\/wp\/v2\/posts\/200450","targetHints":{"allow":["GET"]}}],"collection":[{"href":"https:\/\/www.webdo.tn\/fr\/wp-json\/wp\/v2\/posts"}],"about":[{"href":"https:\/\/www.webdo.tn\/fr\/wp-json\/wp\/v2\/types\/post"}],"author":[{"embeddable":true,"href":"https:\/\/www.webdo.tn\/fr\/wp-json\/wp\/v2\/users\/3175"}],"replies":[{"embeddable":true,"href":"https:\/\/www.webdo.tn\/fr\/wp-json\/wp\/v2\/comments?post=200450"}],"version-history":[{"count":0,"href":"https:\/\/www.webdo.tn\/fr\/wp-json\/wp\/v2\/posts\/200450\/revisions"}],"wp:featuredmedia":[{"embeddable":true,"href":"https:\/\/www.webdo.tn\/fr\/wp-json\/wp\/v2\/media\/348454"}],"wp:attachment":[{"href":"https:\/\/www.webdo.tn\/fr\/wp-json\/wp\/v2\/media?parent=200450"}],"wp:term":[{"taxonomy":"category","embeddable":true,"href":"https:\/\/www.webdo.tn\/fr\/wp-json\/wp\/v2\/categories?post=200450"},{"taxonomy":"post_tag","embeddable":true,"href":"https:\/\/www.webdo.tn\/fr\/wp-json\/wp\/v2\/tags?post=200450"}],"curies":[{"name":"wp","href":"https:\/\/api.w.org\/{rel}","templated":true}]}}