{"id":200445,"date":"2022-12-09T12:18:00","date_gmt":"2022-12-09T12:18:00","guid":{"rendered":"https:\/\/www.webdo.tn\/fr\/actualite\/blog\/prix-subventions-la-ministre-de-l-energie-reaffirme-les-priorites-du-gouvernement\/200445\/"},"modified":"2025-05-22T11:41:24","modified_gmt":"2025-05-22T11:41:24","slug":"prix-subventions-la-ministre-de-l-energie-reaffirme-les-priorites-du-gouvernement","status":"publish","type":"post","link":"https:\/\/www.webdo.tn\/fr\/actualite\/national\/prix-subventions-la-ministre-de-l-energie-reaffirme-les-priorites-du-gouvernement\/200445\/","title":{"rendered":"Prix, subventions : la ministre de l&rsquo;Energie r\u00e9affirme les priorit\u00e9s du gouvernement"},"content":{"rendered":"<p>La ministre de l&rsquo;Industrie, de l&rsquo;Energie et des Mines, Neila Nouira Gongi, participe \u00e0 la 36\u00e8me \u00e9dition des journ\u00e9es de l\u2019Entreprise, en remplacement de la Cheffe du gouvernement, Najla Bouden.<\/p>\n<p> A cette occasion, elle a prononc\u00e9, ce vendredi 9 d\u00e9cembre 2022, un discours au nom de la cheffe du gouvernement Najla Bouden, soulignant la volont\u00e9 du gouvernement \u00e0 contr\u00f4ler les prix afin d&rsquo;att\u00e9nuer l&rsquo;impact de l&rsquo;inflation.<\/p>\n<p>Elle a aussi indiqu\u00e9 que le syst\u00e8me de subvention des produits de premi\u00e8re n\u00e9cessit\u00e9 sera r\u00e9vis\u00e9, dans le cadre de la loi de Finances 2023.<\/p>\n<p>Sur un autre plan, la ministre a d\u00e9clar\u00e9 lors de son intervention \u00e0 l&rsquo;occasion de la 36\u00e8me \u00e9dition des journ\u00e9es de l&rsquo;entreprise que le gouvernement reste d\u00e9termin\u00e9 \u00e0 poursuivre le dialogue avec l&rsquo;UGTT et l&rsquo;UTICA comme partenaires essentiels.<\/p>\n","protected":false},"excerpt":{"rendered":"<p>La ministre de l&rsquo;Industrie, de l&rsquo;Energie et des Mines, Neila Nouira Gongi, participe \u00e0 la 36\u00e8me \u00e9dition des journ\u00e9es de l\u2019Entreprise, en remplacement de la Chef&#8230;<\/p>\n","protected":false},"author":3162,"featured_media":348453,"comment_status":"open","ping_status":"closed","sticky":false,"template":"","format":"standard","meta":{"footnotes":""},"categories":[44],"tags":[2651,2610,3848,2609,7382],"class_list":["post-200445","post","type-post","status-publish","format-standard","has-post-thumbnail","hentry","category-national","tag-gouvernement","tag-inflation","tag-pouvoir-dachat","tag-prix","tag-subvention"],"yoast_head":"<!-- This site is optimized with the Yoast SEO Premium plugin v27.5 (Yoast SEO v27.5) - https:\/\/yoast.com\/product\/yoast-seo-premium-wordpress\/ -->\n<title>Prix, subventions : la ministre de l&#039;Energie r\u00e9affirme les priorit\u00e9s du gouvernement<\/title>\n<meta name=\"description\" content=\"La ministre de l&#039;Industrie, de l&#039;Energie et des Mines, Neila Nouira Gongi, participe \u00e0 la 36\u00e8me \u00e9dition des journ\u00e9es de l\u2019Entreprise, en remplacement de la Chef...\" \/>\n<link rel=\"canonical\" href=\"https:\/\/www.webdo.tn\/fr\/actualite\/national-45\/prix-subventions-la-ministre-de-l-energie-reaffirme-les-priorites-du-gouvernement\/200445\/\" \/>\n<meta property=\"og:locale\" content=\"fr_FR\" \/>\n<meta property=\"og:type\" content=\"article\" \/>\n<meta property=\"og:title\" content=\"Prix, subventions : la ministre de l&#039;Energie r\u00e9affirme les priorit\u00e9s du gouvernement\" \/>\n<meta property=\"og:description\" content=\"La ministre de l&#039;Industrie, de l&#039;Energie et des Mines, Neila Nouira Gongi, participe \u00e0 la 36\u00e8me \u00e9dition des journ\u00e9es de l\u2019Entreprise, en remplacement de la Chef...\" \/>\n<meta property=\"og:url\" content=\"https:\/\/www.webdo.tn\/fr\/actualite\/national-45\/prix-subventions-la-ministre-de-l-energie-reaffirme-les-priorites-du-gouvernement\/200445\/\" \/>\n<meta property=\"og:site_name\" content=\"webdo\" \/>\n<meta property=\"article:publisher\" content=\"https:\/\/www.facebook.com\/webdotn\" \/>\n<meta property=\"article:published_time\" content=\"2022-12-09T12:18:00+00:00\" \/>\n<meta property=\"article:modified_time\" content=\"2025-05-22T11:41:24+00:00\" \/>\n<meta property=\"og:image\" content=\"https:\/\/www.webdo.tn\/fr\/wp-content\/uploads\/2022\/12\/13fdb52e492e5ea0a2651c8cb913a567.jpg\" \/>\n\t<meta property=\"og:image:width\" content=\"750\" \/>\n\t<meta property=\"og:image:height\" content=\"400\" \/>\n\t<meta property=\"og:image:type\" content=\"image\/jpeg\" \/>\n<meta name=\"author\" content=\"MC\" \/>\n<meta name=\"twitter:card\" content=\"summary_large_image\" \/>\n<meta name=\"twitter:creator\" content=\"@webdo_tn\" \/>\n<meta name=\"twitter:site\" content=\"@webdo_tn\" \/>\n<meta name=\"twitter:label1\" content=\"\u00c9crit par\" \/>\n\t<meta name=\"twitter:data1\" content=\"MC\" \/>\n\t<meta name=\"twitter:label2\" content=\"Dur\u00e9e de lecture estim\u00e9e\" \/>\n\t<meta name=\"twitter:data2\" content=\"1 minute\" \/>\n<script type=\"application\/ld+json\" class=\"yoast-schema-graph\">{\"@context\":\"https:\\\/\\\/schema.org\",\"@graph\":[{\"@type\":\"NewsArticle\",\"@id\":\"https:\\\/\\\/www.webdo.tn\\\/fr\\\/actualite\\\/national-45\\\/prix-subventions-la-ministre-de-l-energie-reaffirme-les-priorites-du-gouvernement\\\/200445\\\/#article\",\"isPartOf\":{\"@id\":\"https:\\\/\\\/www.webdo.tn\\\/fr\\\/actualite\\\/national-45\\\/prix-subventions-la-ministre-de-l-energie-reaffirme-les-priorites-du-gouvernement\\\/200445\\\/\"},\"author\":{\"name\":\"MC\",\"@id\":\"https:\\\/\\\/www.webdo.tn\\\/fr\\\/#\\\/schema\\\/person\\\/2c4929cbf5a809e3bd38617c6ce150f6\"},\"headline\":\"Prix, subventions : la ministre de l&rsquo;Energie r\u00e9affirme les priorit\u00e9s du gouvernement\",\"datePublished\":\"2022-12-09T12:18:00+00:00\",\"dateModified\":\"2025-05-22T11:41:24+00:00\",\"mainEntityOfPage\":{\"@id\":\"https:\\\/\\\/www.webdo.tn\\\/fr\\\/actualite\\\/national-45\\\/prix-subventions-la-ministre-de-l-energie-reaffirme-les-priorites-du-gouvernement\\\/200445\\\/\"},\"wordCount\":157,\"commentCount\":0,\"publisher\":{\"@id\":\"https:\\\/\\\/www.webdo.tn\\\/fr\\\/#organization\"},\"image\":{\"@id\":\"https:\\\/\\\/www.webdo.tn\\\/fr\\\/actualite\\\/national-45\\\/prix-subventions-la-ministre-de-l-energie-reaffirme-les-priorites-du-gouvernement\\\/200445\\\/#primaryimage\"},\"thumbnailUrl\":\"https:\\\/\\\/www.webdo.tn\\\/fr\\\/wp-content\\\/uploads\\\/2022\\\/12\\\/13fdb52e492e5ea0a2651c8cb913a567.jpg\",\"keywords\":[\"gouvernement\",\"inflation\",\"pouvoir d'achat\",\"prix\",\"Subvention\"],\"articleSection\":[\"National\"],\"inLanguage\":\"fr-FR\"},{\"@type\":\"WebPage\",\"@id\":\"https:\\\/\\\/www.webdo.tn\\\/fr\\\/actualite\\\/national-45\\\/prix-subventions-la-ministre-de-l-energie-reaffirme-les-priorites-du-gouvernement\\\/200445\\\/\",\"url\":\"https:\\\/\\\/www.webdo.tn\\\/fr\\\/actualite\\\/national-45\\\/prix-subventions-la-ministre-de-l-energie-reaffirme-les-priorites-du-gouvernement\\\/200445\\\/\",\"name\":\"Prix, subventions : la ministre de l'Energie r\u00e9affirme les priorit\u00e9s du gouvernement\",\"isPartOf\":{\"@id\":\"https:\\\/\\\/www.webdo.tn\\\/fr\\\/#website\"},\"primaryImageOfPage\":{\"@id\":\"https:\\\/\\\/www.webdo.tn\\\/fr\\\/actualite\\\/national-45\\\/prix-subventions-la-ministre-de-l-energie-reaffirme-les-priorites-du-gouvernement\\\/200445\\\/#primaryimage\"},\"image\":{\"@id\":\"https:\\\/\\\/www.webdo.tn\\\/fr\\\/actualite\\\/national-45\\\/prix-subventions-la-ministre-de-l-energie-reaffirme-les-priorites-du-gouvernement\\\/200445\\\/#primaryimage\"},\"thumbnailUrl\":\"https:\\\/\\\/www.webdo.tn\\\/fr\\\/wp-content\\\/uploads\\\/2022\\\/12\\\/13fdb52e492e5ea0a2651c8cb913a567.jpg\",\"datePublished\":\"2022-12-09T12:18:00+00:00\",\"dateModified\":\"2025-05-22T11:41:24+00:00\",\"description\":\"La ministre de l'Industrie, de l'Energie et des Mines, Neila Nouira Gongi, participe \u00e0 la 36\u00e8me \u00e9dition des journ\u00e9es de l\u2019Entreprise, en remplacement de la Chef...\",\"breadcrumb\":{\"@id\":\"https:\\\/\\\/www.webdo.tn\\\/fr\\\/actualite\\\/national-45\\\/prix-subventions-la-ministre-de-l-energie-reaffirme-les-priorites-du-gouvernement\\\/200445\\\/#breadcrumb\"},\"inLanguage\":\"fr-FR\",\"potentialAction\":[{\"@type\":\"ReadAction\",\"target\":[\"https:\\\/\\\/www.webdo.tn\\\/fr\\\/actualite\\\/national-45\\\/prix-subventions-la-ministre-de-l-energie-reaffirme-les-priorites-du-gouvernement\\\/200445\\\/\"]}]},{\"@type\":\"ImageObject\",\"inLanguage\":\"fr-FR\",\"@id\":\"https:\\\/\\\/www.webdo.tn\\\/fr\\\/actualite\\\/national-45\\\/prix-subventions-la-ministre-de-l-energie-reaffirme-les-priorites-du-gouvernement\\\/200445\\\/#primaryimage\",\"url\":\"https:\\\/\\\/www.webdo.tn\\\/fr\\\/wp-content\\\/uploads\\\/2022\\\/12\\\/13fdb52e492e5ea0a2651c8cb913a567.jpg\",\"contentUrl\":\"https:\\\/\\\/www.webdo.tn\\\/fr\\\/wp-content\\\/uploads\\\/2022\\\/12\\\/13fdb52e492e5ea0a2651c8cb913a567.jpg\",\"width\":750,\"height\":400,\"caption\":\"Prix, subventions : la ministre de l'Energie r\u00e9affirme les priorit\u00e9s du gouvernement\"},{\"@type\":\"BreadcrumbList\",\"@id\":\"https:\\\/\\\/www.webdo.tn\\\/fr\\\/actualite\\\/national-45\\\/prix-subventions-la-ministre-de-l-energie-reaffirme-les-priorites-du-gouvernement\\\/200445\\\/#breadcrumb\",\"itemListElement\":[{\"@type\":\"ListItem\",\"position\":1,\"name\":\"Accueil\",\"item\":\"https:\\\/\\\/www.webdo.tn\\\/fr\\\/\"},{\"@type\":\"ListItem\",\"position\":2,\"name\":\"Prix, subventions : la ministre de l&rsquo;Energie r\u00e9affirme les priorit\u00e9s du gouvernement\"}]},{\"@type\":\"WebSite\",\"@id\":\"https:\\\/\\\/www.webdo.tn\\\/fr\\\/#website\",\"url\":\"https:\\\/\\\/www.webdo.tn\\\/fr\\\/\",\"name\":\"webdo\",\"description\":\"Tunisie - News en Tunisie et \u00e0 l&#039;international sur Webdo.tn\",\"publisher\":{\"@id\":\"https:\\\/\\\/www.webdo.tn\\\/fr\\\/#organization\"},\"potentialAction\":[{\"@type\":\"SearchAction\",\"target\":{\"@type\":\"EntryPoint\",\"urlTemplate\":\"https:\\\/\\\/www.webdo.tn\\\/fr\\\/?s={search_term_string}\"},\"query-input\":{\"@type\":\"PropertyValueSpecification\",\"valueRequired\":true,\"valueName\":\"search_term_string\"}}],\"inLanguage\":\"fr-FR\"},{\"@type\":\"Organization\",\"@id\":\"https:\\\/\\\/www.webdo.tn\\\/fr\\\/#organization\",\"name\":\"Webdo\",\"alternateName\":\"Webdo.tn\",\"url\":\"https:\\\/\\\/www.webdo.tn\\\/fr\\\/\",\"logo\":{\"@type\":\"ImageObject\",\"inLanguage\":\"fr-FR\",\"@id\":\"https:\\\/\\\/www.webdo.tn\\\/fr\\\/#\\\/schema\\\/logo\\\/image\\\/\",\"url\":\"https:\\\/\\\/www.webdo.tn\\\/fr\\\/wp-content\\\/uploads\\\/2025\\\/06\\\/Webdo-Tunisie_168377.jpg\",\"contentUrl\":\"https:\\\/\\\/www.webdo.tn\\\/fr\\\/wp-content\\\/uploads\\\/2025\\\/06\\\/Webdo-Tunisie_168377.jpg\",\"width\":301,\"height\":301,\"caption\":\"Webdo\"},\"image\":{\"@id\":\"https:\\\/\\\/www.webdo.tn\\\/fr\\\/#\\\/schema\\\/logo\\\/image\\\/\"},\"sameAs\":[\"https:\\\/\\\/www.facebook.com\\\/webdotn\",\"https:\\\/\\\/x.com\\\/webdo_tn\"],\"description\":\"Webdo est un m\u00e9dia num\u00e9rique tunisien fond\u00e9 en 2010, sp\u00e9cialis\u00e9 dans l\u2019actualit\u00e9 nationale et internationale, l\u2019\u00e9conomie, la soci\u00e9t\u00e9 et les analyses politiques. Le site s\u2019adresse \u00e0 un large public francophone et couvre l\u2019information tunisienne en temps r\u00e9el.\",\"email\":\"redac@webdo.tn\",\"legalName\":\"YNJ SARL\",\"foundingDate\":\"2010-09-06\",\"numberOfEmployees\":{\"@type\":\"QuantitativeValue\",\"minValue\":\"11\",\"maxValue\":\"50\"}},{\"@type\":\"Person\",\"@id\":\"https:\\\/\\\/www.webdo.tn\\\/fr\\\/#\\\/schema\\\/person\\\/2c4929cbf5a809e3bd38617c6ce150f6\",\"name\":\"MC\",\"image\":{\"@type\":\"ImageObject\",\"inLanguage\":\"fr-FR\",\"@id\":\"https:\\\/\\\/secure.gravatar.com\\\/avatar\\\/a545bbb6f84efdd5553dbbc2895e3ca8f1d12c5215e00a041c9670b54aa9b18a?s=96&d=mm&r=g\",\"url\":\"https:\\\/\\\/secure.gravatar.com\\\/avatar\\\/a545bbb6f84efdd5553dbbc2895e3ca8f1d12c5215e00a041c9670b54aa9b18a?s=96&d=mm&r=g\",\"contentUrl\":\"https:\\\/\\\/secure.gravatar.com\\\/avatar\\\/a545bbb6f84efdd5553dbbc2895e3ca8f1d12c5215e00a041c9670b54aa9b18a?s=96&d=mm&r=g\",\"caption\":\"MC\"},\"url\":\"https:\\\/\\\/www.webdo.tn\\\/fr\\\/actualite\\\/author\\\/mc\\\/\"}]}<\/script>\n<!-- \/ Yoast SEO Premium plugin. -->","yoast_head_json":{"title":"Prix, subventions : la ministre de l'Energie r\u00e9affirme les priorit\u00e9s du gouvernement","description":"La ministre de l'Industrie, de l'Energie et des Mines, Neila Nouira Gongi, participe \u00e0 la 36\u00e8me \u00e9dition des journ\u00e9es de l\u2019Entreprise, en remplacement de la Chef...","canonical":"https:\/\/www.webdo.tn\/fr\/actualite\/national-45\/prix-subventions-la-ministre-de-l-energie-reaffirme-les-priorites-du-gouvernement\/200445\/","og_locale":"fr_FR","og_type":"article","og_title":"Prix, subventions : la ministre de l'Energie r\u00e9affirme les priorit\u00e9s du gouvernement","og_description":"La ministre de l'Industrie, de l'Energie et des Mines, Neila Nouira Gongi, participe \u00e0 la 36\u00e8me \u00e9dition des journ\u00e9es de l\u2019Entreprise, en remplacement de la Chef...","og_url":"https:\/\/www.webdo.tn\/fr\/actualite\/national-45\/prix-subventions-la-ministre-de-l-energie-reaffirme-les-priorites-du-gouvernement\/200445\/","og_site_name":"webdo","article_publisher":"https:\/\/www.facebook.com\/webdotn","article_published_time":"2022-12-09T12:18:00+00:00","article_modified_time":"2025-05-22T11:41:24+00:00","og_image":[{"width":750,"height":400,"url":"https:\/\/www.webdo.tn\/fr\/wp-content\/uploads\/2022\/12\/13fdb52e492e5ea0a2651c8cb913a567.jpg","type":"image\/jpeg"}],"author":"MC","twitter_card":"summary_large_image","twitter_creator":"@webdo_tn","twitter_site":"@webdo_tn","twitter_misc":{"\u00c9crit par":"MC","Dur\u00e9e de lecture estim\u00e9e":"1 minute"},"schema":{"@context":"https:\/\/schema.org","@graph":[{"@type":"NewsArticle","@id":"https:\/\/www.webdo.tn\/fr\/actualite\/national-45\/prix-subventions-la-ministre-de-l-energie-reaffirme-les-priorites-du-gouvernement\/200445\/#article","isPartOf":{"@id":"https:\/\/www.webdo.tn\/fr\/actualite\/national-45\/prix-subventions-la-ministre-de-l-energie-reaffirme-les-priorites-du-gouvernement\/200445\/"},"author":{"name":"MC","@id":"https:\/\/www.webdo.tn\/fr\/#\/schema\/person\/2c4929cbf5a809e3bd38617c6ce150f6"},"headline":"Prix, subventions : la ministre de l&rsquo;Energie r\u00e9affirme les priorit\u00e9s du gouvernement","datePublished":"2022-12-09T12:18:00+00:00","dateModified":"2025-05-22T11:41:24+00:00","mainEntityOfPage":{"@id":"https:\/\/www.webdo.tn\/fr\/actualite\/national-45\/prix-subventions-la-ministre-de-l-energie-reaffirme-les-priorites-du-gouvernement\/200445\/"},"wordCount":157,"commentCount":0,"publisher":{"@id":"https:\/\/www.webdo.tn\/fr\/#organization"},"image":{"@id":"https:\/\/www.webdo.tn\/fr\/actualite\/national-45\/prix-subventions-la-ministre-de-l-energie-reaffirme-les-priorites-du-gouvernement\/200445\/#primaryimage"},"thumbnailUrl":"https:\/\/www.webdo.tn\/fr\/wp-content\/uploads\/2022\/12\/13fdb52e492e5ea0a2651c8cb913a567.jpg","keywords":["gouvernement","inflation","pouvoir d'achat","prix","Subvention"],"articleSection":["National"],"inLanguage":"fr-FR"},{"@type":"WebPage","@id":"https:\/\/www.webdo.tn\/fr\/actualite\/national-45\/prix-subventions-la-ministre-de-l-energie-reaffirme-les-priorites-du-gouvernement\/200445\/","url":"https:\/\/www.webdo.tn\/fr\/actualite\/national-45\/prix-subventions-la-ministre-de-l-energie-reaffirme-les-priorites-du-gouvernement\/200445\/","name":"Prix, subventions : la ministre de l'Energie r\u00e9affirme les priorit\u00e9s du gouvernement","isPartOf":{"@id":"https:\/\/www.webdo.tn\/fr\/#website"},"primaryImageOfPage":{"@id":"https:\/\/www.webdo.tn\/fr\/actualite\/national-45\/prix-subventions-la-ministre-de-l-energie-reaffirme-les-priorites-du-gouvernement\/200445\/#primaryimage"},"image":{"@id":"https:\/\/www.webdo.tn\/fr\/actualite\/national-45\/prix-subventions-la-ministre-de-l-energie-reaffirme-les-priorites-du-gouvernement\/200445\/#primaryimage"},"thumbnailUrl":"https:\/\/www.webdo.tn\/fr\/wp-content\/uploads\/2022\/12\/13fdb52e492e5ea0a2651c8cb913a567.jpg","datePublished":"2022-12-09T12:18:00+00:00","dateModified":"2025-05-22T11:41:24+00:00","description":"La ministre de l'Industrie, de l'Energie et des Mines, Neila Nouira Gongi, participe \u00e0 la 36\u00e8me \u00e9dition des journ\u00e9es de l\u2019Entreprise, en remplacement de la Chef...","breadcrumb":{"@id":"https:\/\/www.webdo.tn\/fr\/actualite\/national-45\/prix-subventions-la-ministre-de-l-energie-reaffirme-les-priorites-du-gouvernement\/200445\/#breadcrumb"},"inLanguage":"fr-FR","potentialAction":[{"@type":"ReadAction","target":["https:\/\/www.webdo.tn\/fr\/actualite\/national-45\/prix-subventions-la-ministre-de-l-energie-reaffirme-les-priorites-du-gouvernement\/200445\/"]}]},{"@type":"ImageObject","inLanguage":"fr-FR","@id":"https:\/\/www.webdo.tn\/fr\/actualite\/national-45\/prix-subventions-la-ministre-de-l-energie-reaffirme-les-priorites-du-gouvernement\/200445\/#primaryimage","url":"https:\/\/www.webdo.tn\/fr\/wp-content\/uploads\/2022\/12\/13fdb52e492e5ea0a2651c8cb913a567.jpg","contentUrl":"https:\/\/www.webdo.tn\/fr\/wp-content\/uploads\/2022\/12\/13fdb52e492e5ea0a2651c8cb913a567.jpg","width":750,"height":400,"caption":"Prix, subventions : la ministre de l'Energie r\u00e9affirme les priorit\u00e9s du gouvernement"},{"@type":"BreadcrumbList","@id":"https:\/\/www.webdo.tn\/fr\/actualite\/national-45\/prix-subventions-la-ministre-de-l-energie-reaffirme-les-priorites-du-gouvernement\/200445\/#breadcrumb","itemListElement":[{"@type":"ListItem","position":1,"name":"Accueil","item":"https:\/\/www.webdo.tn\/fr\/"},{"@type":"ListItem","position":2,"name":"Prix, subventions : la ministre de l&rsquo;Energie r\u00e9affirme les priorit\u00e9s du gouvernement"}]},{"@type":"WebSite","@id":"https:\/\/www.webdo.tn\/fr\/#website","url":"https:\/\/www.webdo.tn\/fr\/","name":"webdo","description":"Tunisie - News en Tunisie et \u00e0 l&#039;international sur Webdo.tn","publisher":{"@id":"https:\/\/www.webdo.tn\/fr\/#organization"},"potentialAction":[{"@type":"SearchAction","target":{"@type":"EntryPoint","urlTemplate":"https:\/\/www.webdo.tn\/fr\/?s={search_term_string}"},"query-input":{"@type":"PropertyValueSpecification","valueRequired":true,"valueName":"search_term_string"}}],"inLanguage":"fr-FR"},{"@type":"Organization","@id":"https:\/\/www.webdo.tn\/fr\/#organization","name":"Webdo","alternateName":"Webdo.tn","url":"https:\/\/www.webdo.tn\/fr\/","logo":{"@type":"ImageObject","inLanguage":"fr-FR","@id":"https:\/\/www.webdo.tn\/fr\/#\/schema\/logo\/image\/","url":"https:\/\/www.webdo.tn\/fr\/wp-content\/uploads\/2025\/06\/Webdo-Tunisie_168377.jpg","contentUrl":"https:\/\/www.webdo.tn\/fr\/wp-content\/uploads\/2025\/06\/Webdo-Tunisie_168377.jpg","width":301,"height":301,"caption":"Webdo"},"image":{"@id":"https:\/\/www.webdo.tn\/fr\/#\/schema\/logo\/image\/"},"sameAs":["https:\/\/www.facebook.com\/webdotn","https:\/\/x.com\/webdo_tn"],"description":"Webdo est un m\u00e9dia num\u00e9rique tunisien fond\u00e9 en 2010, sp\u00e9cialis\u00e9 dans l\u2019actualit\u00e9 nationale et internationale, l\u2019\u00e9conomie, la soci\u00e9t\u00e9 et les analyses politiques. Le site s\u2019adresse \u00e0 un large public francophone et couvre l\u2019information tunisienne en temps r\u00e9el.","email":"redac@webdo.tn","legalName":"YNJ SARL","foundingDate":"2010-09-06","numberOfEmployees":{"@type":"QuantitativeValue","minValue":"11","maxValue":"50"}},{"@type":"Person","@id":"https:\/\/www.webdo.tn\/fr\/#\/schema\/person\/2c4929cbf5a809e3bd38617c6ce150f6","name":"MC","image":{"@type":"ImageObject","inLanguage":"fr-FR","@id":"https:\/\/secure.gravatar.com\/avatar\/a545bbb6f84efdd5553dbbc2895e3ca8f1d12c5215e00a041c9670b54aa9b18a?s=96&d=mm&r=g","url":"https:\/\/secure.gravatar.com\/avatar\/a545bbb6f84efdd5553dbbc2895e3ca8f1d12c5215e00a041c9670b54aa9b18a?s=96&d=mm&r=g","contentUrl":"https:\/\/secure.gravatar.com\/avatar\/a545bbb6f84efdd5553dbbc2895e3ca8f1d12c5215e00a041c9670b54aa9b18a?s=96&d=mm&r=g","caption":"MC"},"url":"https:\/\/www.webdo.tn\/fr\/actualite\/author\/mc\/"}]}},"_links":{"self":[{"href":"https:\/\/www.webdo.tn\/fr\/wp-json\/wp\/v2\/posts\/200445","targetHints":{"allow":["GET"]}}],"collection":[{"href":"https:\/\/www.webdo.tn\/fr\/wp-json\/wp\/v2\/posts"}],"about":[{"href":"https:\/\/www.webdo.tn\/fr\/wp-json\/wp\/v2\/types\/post"}],"author":[{"embeddable":true,"href":"https:\/\/www.webdo.tn\/fr\/wp-json\/wp\/v2\/users\/3162"}],"replies":[{"embeddable":true,"href":"https:\/\/www.webdo.tn\/fr\/wp-json\/wp\/v2\/comments?post=200445"}],"version-history":[{"count":0,"href":"https:\/\/www.webdo.tn\/fr\/wp-json\/wp\/v2\/posts\/200445\/revisions"}],"wp:featuredmedia":[{"embeddable":true,"href":"https:\/\/www.webdo.tn\/fr\/wp-json\/wp\/v2\/media\/348453"}],"wp:attachment":[{"href":"https:\/\/www.webdo.tn\/fr\/wp-json\/wp\/v2\/media?parent=200445"}],"wp:term":[{"taxonomy":"category","embeddable":true,"href":"https:\/\/www.webdo.tn\/fr\/wp-json\/wp\/v2\/categories?post=200445"},{"taxonomy":"post_tag","embeddable":true,"href":"https:\/\/www.webdo.tn\/fr\/wp-json\/wp\/v2\/tags?post=200445"}],"curies":[{"name":"wp","href":"https:\/\/api.w.org\/{rel}","templated":true}]}}