{"id":200437,"date":"2022-12-09T10:57:00","date_gmt":"2022-12-09T10:57:00","guid":{"rendered":"https:\/\/www.webdo.tn\/fr\/blog\/css-maurizio-jacobacci-prend-les-renes\/200437\/"},"modified":"2025-05-20T23:01:16","modified_gmt":"2025-05-20T23:01:16","slug":"css-maurizio-jacobacci-prend-les-renes","status":"publish","type":"post","link":"https:\/\/www.webdo.tn\/fr\/actualite\/sport\/css-maurizio-jacobacci-prend-les-renes\/200437\/","title":{"rendered":"CSS : Maurizio Jacobacci prend les r\u00eanes"},"content":{"rendered":"<p>Le Club Sportif Sfaxien a engag\u00e9 l&rsquo;entra\u00eeneur italien Maurizio Jacobacci pour tenir les r\u00eanes techniques de l&rsquo;\u00e9quipe premi\u00e8re de football, \u00e0 la place de Karim Dalhoum.<\/p>\n<p>\t\t\t\t\t\t\t\t\tArriv\u00e9 \u00e0 Sfax hier soir, il suivra la rencontre entre l\u2019Esp\u00e9rance de Tunis et le CS Sfaxien, demain samedi, depuis les gradins du stade municipal de Hammam-Lif.<\/p>\n<p>Jacobacci a eu de multiples exp\u00e9riences, notamment en Suisse o\u00f9 il a entra\u00een\u00e9 12 \u00e9quipes de 2016 \u00e0 2021, avant de diriger l\u2019\u00e9quipe fran\u00e7aise de Grenoble.<\/p>\n<p>Il d\u00e9butera officiellement son aventure avec le CSS \u00e0 partir de ce dimanche.<\/p>\n","protected":false},"excerpt":{"rendered":"<p>Le Club Sportif Sfaxien a engag\u00e9 l&rsquo;entra\u00eeneur italien Maurizio Jacobacci pour tenir les r\u00eanes techniques de l&rsquo;\u00e9quipe premi\u00e8re de football, \u00e0 la place de Karim D&#8230;<\/p>\n","protected":false},"author":3196,"featured_media":252925,"comment_status":"open","ping_status":"closed","sticky":false,"template":"","format":"standard","meta":{"footnotes":""},"categories":[2593],"tags":[4913,4914,8943],"class_list":["post-200437","post","type-post","status-publish","format-standard","has-post-thumbnail","hentry","category-sport","tag-club-sportif-sfaxien","tag-css","tag-maurizio-jacobacci"],"yoast_head":"<!-- This site is optimized with the Yoast SEO Premium plugin v27.4 (Yoast SEO v27.5) - https:\/\/yoast.com\/product\/yoast-seo-premium-wordpress\/ -->\n<title>CSS : Maurizio Jacobacci prend les r\u00eanes<\/title>\n<meta name=\"description\" content=\"Le Club Sportif Sfaxien a engag\u00e9 l&#039;entra\u00eeneur italien Maurizio Jacobacci pour tenir les r\u00eanes techniques de l&#039;\u00e9quipe premi\u00e8re de football, \u00e0 la place de Karim D...\" \/>\n<link rel=\"canonical\" href=\"https:\/\/www.webdo.tn\/fr\/actualite\/sport\/css-maurizio-jacobacci-prend-les-renes\/200437\/\" \/>\n<meta property=\"og:locale\" content=\"fr_FR\" \/>\n<meta property=\"og:type\" content=\"article\" \/>\n<meta property=\"og:title\" content=\"CSS : Maurizio Jacobacci prend les r\u00eanes\" \/>\n<meta property=\"og:description\" content=\"Le Club Sportif Sfaxien a engag\u00e9 l&#039;entra\u00eeneur italien Maurizio Jacobacci pour tenir les r\u00eanes techniques de l&#039;\u00e9quipe premi\u00e8re de football, \u00e0 la place de Karim D...\" \/>\n<meta property=\"og:url\" content=\"https:\/\/www.webdo.tn\/fr\/actualite\/sport\/css-maurizio-jacobacci-prend-les-renes\/200437\/\" \/>\n<meta property=\"og:site_name\" content=\"webdo\" \/>\n<meta property=\"article:publisher\" content=\"https:\/\/www.facebook.com\/webdotn\" \/>\n<meta property=\"article:published_time\" content=\"2022-12-09T10:57:00+00:00\" \/>\n<meta property=\"article:modified_time\" content=\"2025-05-20T23:01:16+00:00\" \/>\n<meta property=\"og:image\" content=\"https:\/\/www.webdo.tn\/fr\/wp-content\/uploads\/2022\/12\/23f252f6664d2def768d655584a86c00.jpg\" \/>\n\t<meta property=\"og:image:width\" content=\"750\" \/>\n\t<meta property=\"og:image:height\" content=\"400\" \/>\n\t<meta property=\"og:image:type\" content=\"image\/jpeg\" \/>\n<meta name=\"author\" content=\"MK\" \/>\n<meta name=\"twitter:card\" content=\"summary_large_image\" \/>\n<meta name=\"twitter:creator\" content=\"@webdo_tn\" \/>\n<meta name=\"twitter:site\" content=\"@webdo_tn\" \/>\n<meta name=\"twitter:label1\" content=\"\u00c9crit par\" \/>\n\t<meta name=\"twitter:data1\" content=\"MK\" \/>\n<script type=\"application\/ld+json\" class=\"yoast-schema-graph\">{\"@context\":\"https:\\\/\\\/schema.org\",\"@graph\":[{\"@type\":\"NewsArticle\",\"@id\":\"https:\\\/\\\/www.webdo.tn\\\/fr\\\/actualite\\\/sport\\\/css-maurizio-jacobacci-prend-les-renes\\\/200437\\\/#article\",\"isPartOf\":{\"@id\":\"https:\\\/\\\/www.webdo.tn\\\/fr\\\/actualite\\\/sport\\\/css-maurizio-jacobacci-prend-les-renes\\\/200437\\\/\"},\"author\":{\"name\":\"MK\",\"@id\":\"https:\\\/\\\/www.webdo.tn\\\/fr\\\/#\\\/schema\\\/person\\\/c3a9d32fa6d495ca5f4b6510e3db97bf\"},\"headline\":\"CSS : Maurizio Jacobacci prend les r\u00eanes\",\"datePublished\":\"2022-12-09T10:57:00+00:00\",\"dateModified\":\"2025-05-20T23:01:16+00:00\",\"mainEntityOfPage\":{\"@id\":\"https:\\\/\\\/www.webdo.tn\\\/fr\\\/actualite\\\/sport\\\/css-maurizio-jacobacci-prend-les-renes\\\/200437\\\/\"},\"wordCount\":104,\"commentCount\":0,\"publisher\":{\"@id\":\"https:\\\/\\\/www.webdo.tn\\\/fr\\\/#organization\"},\"image\":{\"@id\":\"https:\\\/\\\/www.webdo.tn\\\/fr\\\/actualite\\\/sport\\\/css-maurizio-jacobacci-prend-les-renes\\\/200437\\\/#primaryimage\"},\"thumbnailUrl\":\"https:\\\/\\\/www.webdo.tn\\\/fr\\\/wp-content\\\/uploads\\\/2022\\\/12\\\/23f252f6664d2def768d655584a86c00.jpg\",\"keywords\":[\"Club sportif Sfaxien\",\"CSS\",\"Maurizio Jacobacci\"],\"articleSection\":[\"Sport\"],\"inLanguage\":\"fr-FR\"},{\"@type\":\"WebPage\",\"@id\":\"https:\\\/\\\/www.webdo.tn\\\/fr\\\/actualite\\\/sport\\\/css-maurizio-jacobacci-prend-les-renes\\\/200437\\\/\",\"url\":\"https:\\\/\\\/www.webdo.tn\\\/fr\\\/actualite\\\/sport\\\/css-maurizio-jacobacci-prend-les-renes\\\/200437\\\/\",\"name\":\"CSS : Maurizio Jacobacci prend les r\u00eanes\",\"isPartOf\":{\"@id\":\"https:\\\/\\\/www.webdo.tn\\\/fr\\\/#website\"},\"primaryImageOfPage\":{\"@id\":\"https:\\\/\\\/www.webdo.tn\\\/fr\\\/actualite\\\/sport\\\/css-maurizio-jacobacci-prend-les-renes\\\/200437\\\/#primaryimage\"},\"image\":{\"@id\":\"https:\\\/\\\/www.webdo.tn\\\/fr\\\/actualite\\\/sport\\\/css-maurizio-jacobacci-prend-les-renes\\\/200437\\\/#primaryimage\"},\"thumbnailUrl\":\"https:\\\/\\\/www.webdo.tn\\\/fr\\\/wp-content\\\/uploads\\\/2022\\\/12\\\/23f252f6664d2def768d655584a86c00.jpg\",\"datePublished\":\"2022-12-09T10:57:00+00:00\",\"dateModified\":\"2025-05-20T23:01:16+00:00\",\"description\":\"Le Club Sportif Sfaxien a engag\u00e9 l'entra\u00eeneur italien Maurizio Jacobacci pour tenir les r\u00eanes techniques de l'\u00e9quipe premi\u00e8re de football, \u00e0 la place de Karim D...\",\"breadcrumb\":{\"@id\":\"https:\\\/\\\/www.webdo.tn\\\/fr\\\/actualite\\\/sport\\\/css-maurizio-jacobacci-prend-les-renes\\\/200437\\\/#breadcrumb\"},\"inLanguage\":\"fr-FR\",\"potentialAction\":[{\"@type\":\"ReadAction\",\"target\":[\"https:\\\/\\\/www.webdo.tn\\\/fr\\\/actualite\\\/sport\\\/css-maurizio-jacobacci-prend-les-renes\\\/200437\\\/\"]}]},{\"@type\":\"ImageObject\",\"inLanguage\":\"fr-FR\",\"@id\":\"https:\\\/\\\/www.webdo.tn\\\/fr\\\/actualite\\\/sport\\\/css-maurizio-jacobacci-prend-les-renes\\\/200437\\\/#primaryimage\",\"url\":\"https:\\\/\\\/www.webdo.tn\\\/fr\\\/wp-content\\\/uploads\\\/2022\\\/12\\\/23f252f6664d2def768d655584a86c00.jpg\",\"contentUrl\":\"https:\\\/\\\/www.webdo.tn\\\/fr\\\/wp-content\\\/uploads\\\/2022\\\/12\\\/23f252f6664d2def768d655584a86c00.jpg\",\"width\":750,\"height\":400,\"caption\":\"Maurizio Jacobacci\"},{\"@type\":\"BreadcrumbList\",\"@id\":\"https:\\\/\\\/www.webdo.tn\\\/fr\\\/actualite\\\/sport\\\/css-maurizio-jacobacci-prend-les-renes\\\/200437\\\/#breadcrumb\",\"itemListElement\":[{\"@type\":\"ListItem\",\"position\":1,\"name\":\"Accueil\",\"item\":\"https:\\\/\\\/www.webdo.tn\\\/fr\\\/\"},{\"@type\":\"ListItem\",\"position\":2,\"name\":\"CSS : Maurizio Jacobacci prend les r\u00eanes\"}]},{\"@type\":\"WebSite\",\"@id\":\"https:\\\/\\\/www.webdo.tn\\\/fr\\\/#website\",\"url\":\"https:\\\/\\\/www.webdo.tn\\\/fr\\\/\",\"name\":\"webdo\",\"description\":\"Tunisie - News en Tunisie et \u00e0 l&#039;international sur Webdo.tn\",\"publisher\":{\"@id\":\"https:\\\/\\\/www.webdo.tn\\\/fr\\\/#organization\"},\"potentialAction\":[{\"@type\":\"SearchAction\",\"target\":{\"@type\":\"EntryPoint\",\"urlTemplate\":\"https:\\\/\\\/www.webdo.tn\\\/fr\\\/?s={search_term_string}\"},\"query-input\":{\"@type\":\"PropertyValueSpecification\",\"valueRequired\":true,\"valueName\":\"search_term_string\"}}],\"inLanguage\":\"fr-FR\"},{\"@type\":\"Organization\",\"@id\":\"https:\\\/\\\/www.webdo.tn\\\/fr\\\/#organization\",\"name\":\"Webdo\",\"alternateName\":\"Webdo.tn\",\"url\":\"https:\\\/\\\/www.webdo.tn\\\/fr\\\/\",\"logo\":{\"@type\":\"ImageObject\",\"inLanguage\":\"fr-FR\",\"@id\":\"https:\\\/\\\/www.webdo.tn\\\/fr\\\/#\\\/schema\\\/logo\\\/image\\\/\",\"url\":\"https:\\\/\\\/www.webdo.tn\\\/fr\\\/wp-content\\\/uploads\\\/2025\\\/06\\\/Webdo-Tunisie_168377.jpg\",\"contentUrl\":\"https:\\\/\\\/www.webdo.tn\\\/fr\\\/wp-content\\\/uploads\\\/2025\\\/06\\\/Webdo-Tunisie_168377.jpg\",\"width\":301,\"height\":301,\"caption\":\"Webdo\"},\"image\":{\"@id\":\"https:\\\/\\\/www.webdo.tn\\\/fr\\\/#\\\/schema\\\/logo\\\/image\\\/\"},\"sameAs\":[\"https:\\\/\\\/www.facebook.com\\\/webdotn\",\"https:\\\/\\\/x.com\\\/webdo_tn\"],\"description\":\"Webdo est un m\u00e9dia num\u00e9rique tunisien fond\u00e9 en 2010, sp\u00e9cialis\u00e9 dans l\u2019actualit\u00e9 nationale et internationale, l\u2019\u00e9conomie, la soci\u00e9t\u00e9 et les analyses politiques. Le site s\u2019adresse \u00e0 un large public francophone et couvre l\u2019information tunisienne en temps r\u00e9el.\",\"email\":\"redac@webdo.tn\",\"legalName\":\"YNJ SARL\",\"foundingDate\":\"2010-09-06\",\"numberOfEmployees\":{\"@type\":\"QuantitativeValue\",\"minValue\":\"11\",\"maxValue\":\"50\"}},{\"@type\":\"Person\",\"@id\":\"https:\\\/\\\/www.webdo.tn\\\/fr\\\/#\\\/schema\\\/person\\\/c3a9d32fa6d495ca5f4b6510e3db97bf\",\"name\":\"MK\",\"image\":{\"@type\":\"ImageObject\",\"inLanguage\":\"fr-FR\",\"@id\":\"https:\\\/\\\/secure.gravatar.com\\\/avatar\\\/6d44f937f19929f3b75db77056d3e08abd6e302e71bcfea340cd8b00c13e7baf?s=96&d=mm&r=g\",\"url\":\"https:\\\/\\\/secure.gravatar.com\\\/avatar\\\/6d44f937f19929f3b75db77056d3e08abd6e302e71bcfea340cd8b00c13e7baf?s=96&d=mm&r=g\",\"contentUrl\":\"https:\\\/\\\/secure.gravatar.com\\\/avatar\\\/6d44f937f19929f3b75db77056d3e08abd6e302e71bcfea340cd8b00c13e7baf?s=96&d=mm&r=g\",\"caption\":\"MK\"},\"url\":\"https:\\\/\\\/www.webdo.tn\\\/fr\\\/actualite\\\/author\\\/mk\\\/\"}]}<\/script>\n<!-- \/ Yoast SEO Premium plugin. -->","yoast_head_json":{"title":"CSS : Maurizio Jacobacci prend les r\u00eanes","description":"Le Club Sportif Sfaxien a engag\u00e9 l'entra\u00eeneur italien Maurizio Jacobacci pour tenir les r\u00eanes techniques de l'\u00e9quipe premi\u00e8re de football, \u00e0 la place de Karim D...","canonical":"https:\/\/www.webdo.tn\/fr\/actualite\/sport\/css-maurizio-jacobacci-prend-les-renes\/200437\/","og_locale":"fr_FR","og_type":"article","og_title":"CSS : Maurizio Jacobacci prend les r\u00eanes","og_description":"Le Club Sportif Sfaxien a engag\u00e9 l'entra\u00eeneur italien Maurizio Jacobacci pour tenir les r\u00eanes techniques de l'\u00e9quipe premi\u00e8re de football, \u00e0 la place de Karim D...","og_url":"https:\/\/www.webdo.tn\/fr\/actualite\/sport\/css-maurizio-jacobacci-prend-les-renes\/200437\/","og_site_name":"webdo","article_publisher":"https:\/\/www.facebook.com\/webdotn","article_published_time":"2022-12-09T10:57:00+00:00","article_modified_time":"2025-05-20T23:01:16+00:00","og_image":[{"width":750,"height":400,"url":"https:\/\/www.webdo.tn\/fr\/wp-content\/uploads\/2022\/12\/23f252f6664d2def768d655584a86c00.jpg","type":"image\/jpeg"}],"author":"MK","twitter_card":"summary_large_image","twitter_creator":"@webdo_tn","twitter_site":"@webdo_tn","twitter_misc":{"\u00c9crit par":"MK"},"schema":{"@context":"https:\/\/schema.org","@graph":[{"@type":"NewsArticle","@id":"https:\/\/www.webdo.tn\/fr\/actualite\/sport\/css-maurizio-jacobacci-prend-les-renes\/200437\/#article","isPartOf":{"@id":"https:\/\/www.webdo.tn\/fr\/actualite\/sport\/css-maurizio-jacobacci-prend-les-renes\/200437\/"},"author":{"name":"MK","@id":"https:\/\/www.webdo.tn\/fr\/#\/schema\/person\/c3a9d32fa6d495ca5f4b6510e3db97bf"},"headline":"CSS : Maurizio Jacobacci prend les r\u00eanes","datePublished":"2022-12-09T10:57:00+00:00","dateModified":"2025-05-20T23:01:16+00:00","mainEntityOfPage":{"@id":"https:\/\/www.webdo.tn\/fr\/actualite\/sport\/css-maurizio-jacobacci-prend-les-renes\/200437\/"},"wordCount":104,"commentCount":0,"publisher":{"@id":"https:\/\/www.webdo.tn\/fr\/#organization"},"image":{"@id":"https:\/\/www.webdo.tn\/fr\/actualite\/sport\/css-maurizio-jacobacci-prend-les-renes\/200437\/#primaryimage"},"thumbnailUrl":"https:\/\/www.webdo.tn\/fr\/wp-content\/uploads\/2022\/12\/23f252f6664d2def768d655584a86c00.jpg","keywords":["Club sportif Sfaxien","CSS","Maurizio Jacobacci"],"articleSection":["Sport"],"inLanguage":"fr-FR"},{"@type":"WebPage","@id":"https:\/\/www.webdo.tn\/fr\/actualite\/sport\/css-maurizio-jacobacci-prend-les-renes\/200437\/","url":"https:\/\/www.webdo.tn\/fr\/actualite\/sport\/css-maurizio-jacobacci-prend-les-renes\/200437\/","name":"CSS : Maurizio Jacobacci prend les r\u00eanes","isPartOf":{"@id":"https:\/\/www.webdo.tn\/fr\/#website"},"primaryImageOfPage":{"@id":"https:\/\/www.webdo.tn\/fr\/actualite\/sport\/css-maurizio-jacobacci-prend-les-renes\/200437\/#primaryimage"},"image":{"@id":"https:\/\/www.webdo.tn\/fr\/actualite\/sport\/css-maurizio-jacobacci-prend-les-renes\/200437\/#primaryimage"},"thumbnailUrl":"https:\/\/www.webdo.tn\/fr\/wp-content\/uploads\/2022\/12\/23f252f6664d2def768d655584a86c00.jpg","datePublished":"2022-12-09T10:57:00+00:00","dateModified":"2025-05-20T23:01:16+00:00","description":"Le Club Sportif Sfaxien a engag\u00e9 l'entra\u00eeneur italien Maurizio Jacobacci pour tenir les r\u00eanes techniques de l'\u00e9quipe premi\u00e8re de football, \u00e0 la place de Karim D...","breadcrumb":{"@id":"https:\/\/www.webdo.tn\/fr\/actualite\/sport\/css-maurizio-jacobacci-prend-les-renes\/200437\/#breadcrumb"},"inLanguage":"fr-FR","potentialAction":[{"@type":"ReadAction","target":["https:\/\/www.webdo.tn\/fr\/actualite\/sport\/css-maurizio-jacobacci-prend-les-renes\/200437\/"]}]},{"@type":"ImageObject","inLanguage":"fr-FR","@id":"https:\/\/www.webdo.tn\/fr\/actualite\/sport\/css-maurizio-jacobacci-prend-les-renes\/200437\/#primaryimage","url":"https:\/\/www.webdo.tn\/fr\/wp-content\/uploads\/2022\/12\/23f252f6664d2def768d655584a86c00.jpg","contentUrl":"https:\/\/www.webdo.tn\/fr\/wp-content\/uploads\/2022\/12\/23f252f6664d2def768d655584a86c00.jpg","width":750,"height":400,"caption":"Maurizio Jacobacci"},{"@type":"BreadcrumbList","@id":"https:\/\/www.webdo.tn\/fr\/actualite\/sport\/css-maurizio-jacobacci-prend-les-renes\/200437\/#breadcrumb","itemListElement":[{"@type":"ListItem","position":1,"name":"Accueil","item":"https:\/\/www.webdo.tn\/fr\/"},{"@type":"ListItem","position":2,"name":"CSS : Maurizio Jacobacci prend les r\u00eanes"}]},{"@type":"WebSite","@id":"https:\/\/www.webdo.tn\/fr\/#website","url":"https:\/\/www.webdo.tn\/fr\/","name":"webdo","description":"Tunisie - News en Tunisie et \u00e0 l&#039;international sur Webdo.tn","publisher":{"@id":"https:\/\/www.webdo.tn\/fr\/#organization"},"potentialAction":[{"@type":"SearchAction","target":{"@type":"EntryPoint","urlTemplate":"https:\/\/www.webdo.tn\/fr\/?s={search_term_string}"},"query-input":{"@type":"PropertyValueSpecification","valueRequired":true,"valueName":"search_term_string"}}],"inLanguage":"fr-FR"},{"@type":"Organization","@id":"https:\/\/www.webdo.tn\/fr\/#organization","name":"Webdo","alternateName":"Webdo.tn","url":"https:\/\/www.webdo.tn\/fr\/","logo":{"@type":"ImageObject","inLanguage":"fr-FR","@id":"https:\/\/www.webdo.tn\/fr\/#\/schema\/logo\/image\/","url":"https:\/\/www.webdo.tn\/fr\/wp-content\/uploads\/2025\/06\/Webdo-Tunisie_168377.jpg","contentUrl":"https:\/\/www.webdo.tn\/fr\/wp-content\/uploads\/2025\/06\/Webdo-Tunisie_168377.jpg","width":301,"height":301,"caption":"Webdo"},"image":{"@id":"https:\/\/www.webdo.tn\/fr\/#\/schema\/logo\/image\/"},"sameAs":["https:\/\/www.facebook.com\/webdotn","https:\/\/x.com\/webdo_tn"],"description":"Webdo est un m\u00e9dia num\u00e9rique tunisien fond\u00e9 en 2010, sp\u00e9cialis\u00e9 dans l\u2019actualit\u00e9 nationale et internationale, l\u2019\u00e9conomie, la soci\u00e9t\u00e9 et les analyses politiques. Le site s\u2019adresse \u00e0 un large public francophone et couvre l\u2019information tunisienne en temps r\u00e9el.","email":"redac@webdo.tn","legalName":"YNJ SARL","foundingDate":"2010-09-06","numberOfEmployees":{"@type":"QuantitativeValue","minValue":"11","maxValue":"50"}},{"@type":"Person","@id":"https:\/\/www.webdo.tn\/fr\/#\/schema\/person\/c3a9d32fa6d495ca5f4b6510e3db97bf","name":"MK","image":{"@type":"ImageObject","inLanguage":"fr-FR","@id":"https:\/\/secure.gravatar.com\/avatar\/6d44f937f19929f3b75db77056d3e08abd6e302e71bcfea340cd8b00c13e7baf?s=96&d=mm&r=g","url":"https:\/\/secure.gravatar.com\/avatar\/6d44f937f19929f3b75db77056d3e08abd6e302e71bcfea340cd8b00c13e7baf?s=96&d=mm&r=g","contentUrl":"https:\/\/secure.gravatar.com\/avatar\/6d44f937f19929f3b75db77056d3e08abd6e302e71bcfea340cd8b00c13e7baf?s=96&d=mm&r=g","caption":"MK"},"url":"https:\/\/www.webdo.tn\/fr\/actualite\/author\/mk\/"}]}},"_links":{"self":[{"href":"https:\/\/www.webdo.tn\/fr\/wp-json\/wp\/v2\/posts\/200437","targetHints":{"allow":["GET"]}}],"collection":[{"href":"https:\/\/www.webdo.tn\/fr\/wp-json\/wp\/v2\/posts"}],"about":[{"href":"https:\/\/www.webdo.tn\/fr\/wp-json\/wp\/v2\/types\/post"}],"author":[{"embeddable":true,"href":"https:\/\/www.webdo.tn\/fr\/wp-json\/wp\/v2\/users\/3196"}],"replies":[{"embeddable":true,"href":"https:\/\/www.webdo.tn\/fr\/wp-json\/wp\/v2\/comments?post=200437"}],"version-history":[{"count":0,"href":"https:\/\/www.webdo.tn\/fr\/wp-json\/wp\/v2\/posts\/200437\/revisions"}],"wp:featuredmedia":[{"embeddable":true,"href":"https:\/\/www.webdo.tn\/fr\/wp-json\/wp\/v2\/media\/252925"}],"wp:attachment":[{"href":"https:\/\/www.webdo.tn\/fr\/wp-json\/wp\/v2\/media?parent=200437"}],"wp:term":[{"taxonomy":"category","embeddable":true,"href":"https:\/\/www.webdo.tn\/fr\/wp-json\/wp\/v2\/categories?post=200437"},{"taxonomy":"post_tag","embeddable":true,"href":"https:\/\/www.webdo.tn\/fr\/wp-json\/wp\/v2\/tags?post=200437"}],"curies":[{"name":"wp","href":"https:\/\/api.w.org\/{rel}","templated":true}]}}