{"id":200426,"date":"2022-12-09T09:15:00","date_gmt":"2022-12-09T09:15:00","guid":{"rendered":"https:\/\/www.webdo.tn\/fr\/actualite\/blog\/cinq-organisations-reclament-le-retrait-du-decret-loi-54\/200426\/"},"modified":"2025-05-22T11:41:35","modified_gmt":"2025-05-22T11:41:35","slug":"cinq-organisations-reclament-le-retrait-du-decret-loi-54","status":"publish","type":"post","link":"https:\/\/www.webdo.tn\/fr\/actualite\/national\/cinq-organisations-reclament-le-retrait-du-decret-loi-54\/200426\/","title":{"rendered":"Cinq organisations r\u00e9clament le retrait du d\u00e9cret-loi 54"},"content":{"rendered":"<p>Cinq organisations ont r\u00e9clam\u00e9 le retrait du d\u00e9cret-loi n\u00b02022-54 relatif \u00e0 la lutte contre les infractions se rapportant aux syst\u00e8mes d&rsquo;information et de communication qui, selon elles, est diam\u00e9tralement oppos\u00e9 aux objectifs de la r\u00e9volution du 17 d\u00e9cembre\/14 janvier.<\/p>\n<p> La persistance \u00e0 traduire des directeurs de journaux et des journalistes devant la justice en vertu de ce d\u00e9cret-loi pr\u00e9sidentiel repr\u00e9sente une atteinte syst\u00e9matique \u00e0 la libert\u00e9 d&rsquo;expression et de la presse, affirment les signataires d&rsquo;une d\u00e9claration commune rendue publique, ce jeudi.<\/p>\n<p>Il s&rsquo;agit d&rsquo;une tentative de b\u00e2illonner les m\u00e9dias, de les suffoquer au double plan \u00e9conomique et social et de les contraindre de d\u00e9missionner, assurent les organisations.<\/p>\n<p>Ces mesures repr\u00e9sentent une \u00ab\u00a0escalade dangereuse\u00a0\u00bb visant \u00e0 restreindre le droit des citoyens \u00e0 une information v\u00e9rifi\u00e9e et \u00e0 un d\u00e9bat public sur les politiques de gestion de la crise actuelle, ajoutent-elles, faisant remarquer qu&rsquo;elles ont par contre pour dessein de servir les agendas du pouvoir en place.<\/p>\n<p>Ce d\u00e9cret-loi, pr\u00e9cisent les organisations, prof\u00e8re explicitement des menaces contre tous ceux qui s&rsquo;avisent d&rsquo;\u00e9mettre un avis hostile au pouvoir en place.<\/p>\n<p>A cet \u00e9gard, les signataires de la d\u00e9claration plaident en faveur du lancement d&rsquo;une campagne nationale pour lutter contre ce d\u00e9cret-loi.<\/p>\n<p>D&rsquo;autre part, ils appellent les magistrats, \u00e9tant garants des droits, des libert\u00e9s, de la justice et de l&rsquo;\u00e9quit\u00e9, \u00e0 servir d&rsquo;un bouclier in\u00e9branlable contre toute atteinte aux libert\u00e9s publiques et individuelles.<\/p>\n<p>Cette d\u00e9claration a \u00e9t\u00e9 sign\u00e9e par l&rsquo;Union g\u00e9n\u00e9rale tunisienne du travail (UGTT), l&rsquo;Ordre national des avocats tunisiens (ONAT), la F\u00e9d\u00e9ration tunisienne des directeurs des journaux, le Syndicat national des journalistes tunisiens (SNJT) et la Ligue tunisienne de d\u00e9fense des droits de l&rsquo;Homme (LTDH).<\/p>\n<p>Compos\u00e9 de 38 articles, le d\u00e9cret-loi n\u00b02022-54 du 13 septembre 2022 porte sur la lutte contre les infractions se rapportant aux syst\u00e8mes d&rsquo;information et de communication.<\/p>\n","protected":false},"excerpt":{"rendered":"<p>Cinq organisations ont r\u00e9clam\u00e9 le retrait du d\u00e9cret-loi n\u00b02022-54 relatif \u00e0 la lutte contre les infractions se rapportant aux syst\u00e8mes d&rsquo;information et de commu&#8230;<\/p>\n","protected":false},"author":3175,"featured_media":348460,"comment_status":"open","ping_status":"closed","sticky":false,"template":"","format":"standard","meta":{"footnotes":""},"categories":[44],"tags":[3766,2608],"class_list":["post-200426","post","type-post","status-publish","format-standard","has-post-thumbnail","hentry","category-national","tag-decret","tag-tunisie"],"yoast_head":"<!-- This site is optimized with the Yoast SEO Premium plugin v27.5 (Yoast SEO v27.5) - https:\/\/yoast.com\/product\/yoast-seo-premium-wordpress\/ -->\n<title>Cinq organisations r\u00e9clament le retrait du d\u00e9cret-loi 54<\/title>\n<meta name=\"description\" content=\"Cinq organisations ont r\u00e9clam\u00e9 le retrait du d\u00e9cret-loi n\u00b02022-54 relatif \u00e0 la lutte contre les infractions se rapportant aux syst\u00e8mes d&#039;information et de commu...\" \/>\n<link rel=\"canonical\" href=\"https:\/\/www.webdo.tn\/fr\/actualite\/national-45\/cinq-organisations-reclament-le-retrait-du-decret-loi-54\/200426\/\" \/>\n<meta property=\"og:locale\" content=\"fr_FR\" \/>\n<meta property=\"og:type\" content=\"article\" \/>\n<meta property=\"og:title\" content=\"Cinq organisations r\u00e9clament le retrait du d\u00e9cret-loi 54\" \/>\n<meta property=\"og:description\" content=\"Cinq organisations ont r\u00e9clam\u00e9 le retrait du d\u00e9cret-loi n\u00b02022-54 relatif \u00e0 la lutte contre les infractions se rapportant aux syst\u00e8mes d&#039;information et de commu...\" \/>\n<meta property=\"og:url\" content=\"https:\/\/www.webdo.tn\/fr\/actualite\/national-45\/cinq-organisations-reclament-le-retrait-du-decret-loi-54\/200426\/\" \/>\n<meta property=\"og:site_name\" content=\"webdo\" \/>\n<meta property=\"article:publisher\" content=\"https:\/\/www.facebook.com\/webdotn\" \/>\n<meta property=\"article:published_time\" content=\"2022-12-09T09:15:00+00:00\" \/>\n<meta property=\"article:modified_time\" content=\"2025-05-22T11:41:35+00:00\" \/>\n<meta property=\"og:image\" content=\"https:\/\/www.webdo.tn\/fr\/wp-content\/uploads\/2022\/12\/2e101660f4a259c7a28a4a005c2d6bdd.jpg\" \/>\n\t<meta property=\"og:image:width\" content=\"750\" \/>\n\t<meta property=\"og:image:height\" content=\"400\" \/>\n\t<meta property=\"og:image:type\" content=\"image\/jpeg\" \/>\n<meta name=\"author\" content=\"CL\" \/>\n<meta name=\"twitter:card\" content=\"summary_large_image\" \/>\n<meta name=\"twitter:creator\" content=\"@webdo_tn\" \/>\n<meta name=\"twitter:site\" content=\"@webdo_tn\" \/>\n<meta name=\"twitter:label1\" content=\"\u00c9crit par\" \/>\n\t<meta name=\"twitter:data1\" content=\"CL\" \/>\n\t<meta name=\"twitter:label2\" content=\"Dur\u00e9e de lecture estim\u00e9e\" \/>\n\t<meta name=\"twitter:data2\" content=\"2 minutes\" \/>\n<script type=\"application\/ld+json\" class=\"yoast-schema-graph\">{\"@context\":\"https:\\\/\\\/schema.org\",\"@graph\":[{\"@type\":\"NewsArticle\",\"@id\":\"https:\\\/\\\/www.webdo.tn\\\/fr\\\/actualite\\\/national-45\\\/cinq-organisations-reclament-le-retrait-du-decret-loi-54\\\/200426\\\/#article\",\"isPartOf\":{\"@id\":\"https:\\\/\\\/www.webdo.tn\\\/fr\\\/actualite\\\/national-45\\\/cinq-organisations-reclament-le-retrait-du-decret-loi-54\\\/200426\\\/\"},\"author\":{\"name\":\"CL\",\"@id\":\"https:\\\/\\\/www.webdo.tn\\\/fr\\\/#\\\/schema\\\/person\\\/f35b42a42c5e2511bbd282959d6385cc\"},\"headline\":\"Cinq organisations r\u00e9clament le retrait du d\u00e9cret-loi 54\",\"datePublished\":\"2022-12-09T09:15:00+00:00\",\"dateModified\":\"2025-05-22T11:41:35+00:00\",\"mainEntityOfPage\":{\"@id\":\"https:\\\/\\\/www.webdo.tn\\\/fr\\\/actualite\\\/national-45\\\/cinq-organisations-reclament-le-retrait-du-decret-loi-54\\\/200426\\\/\"},\"wordCount\":349,\"commentCount\":0,\"publisher\":{\"@id\":\"https:\\\/\\\/www.webdo.tn\\\/fr\\\/#organization\"},\"image\":{\"@id\":\"https:\\\/\\\/www.webdo.tn\\\/fr\\\/actualite\\\/national-45\\\/cinq-organisations-reclament-le-retrait-du-decret-loi-54\\\/200426\\\/#primaryimage\"},\"thumbnailUrl\":\"https:\\\/\\\/www.webdo.tn\\\/fr\\\/wp-content\\\/uploads\\\/2022\\\/12\\\/2e101660f4a259c7a28a4a005c2d6bdd.jpg\",\"keywords\":[\"D\u00e9cret\",\"Tunisie\"],\"articleSection\":[\"National\"],\"inLanguage\":\"fr-FR\"},{\"@type\":\"WebPage\",\"@id\":\"https:\\\/\\\/www.webdo.tn\\\/fr\\\/actualite\\\/national-45\\\/cinq-organisations-reclament-le-retrait-du-decret-loi-54\\\/200426\\\/\",\"url\":\"https:\\\/\\\/www.webdo.tn\\\/fr\\\/actualite\\\/national-45\\\/cinq-organisations-reclament-le-retrait-du-decret-loi-54\\\/200426\\\/\",\"name\":\"Cinq organisations r\u00e9clament le retrait du d\u00e9cret-loi 54\",\"isPartOf\":{\"@id\":\"https:\\\/\\\/www.webdo.tn\\\/fr\\\/#website\"},\"primaryImageOfPage\":{\"@id\":\"https:\\\/\\\/www.webdo.tn\\\/fr\\\/actualite\\\/national-45\\\/cinq-organisations-reclament-le-retrait-du-decret-loi-54\\\/200426\\\/#primaryimage\"},\"image\":{\"@id\":\"https:\\\/\\\/www.webdo.tn\\\/fr\\\/actualite\\\/national-45\\\/cinq-organisations-reclament-le-retrait-du-decret-loi-54\\\/200426\\\/#primaryimage\"},\"thumbnailUrl\":\"https:\\\/\\\/www.webdo.tn\\\/fr\\\/wp-content\\\/uploads\\\/2022\\\/12\\\/2e101660f4a259c7a28a4a005c2d6bdd.jpg\",\"datePublished\":\"2022-12-09T09:15:00+00:00\",\"dateModified\":\"2025-05-22T11:41:35+00:00\",\"description\":\"Cinq organisations ont r\u00e9clam\u00e9 le retrait du d\u00e9cret-loi n\u00b02022-54 relatif \u00e0 la lutte contre les infractions se rapportant aux syst\u00e8mes d'information et de commu...\",\"breadcrumb\":{\"@id\":\"https:\\\/\\\/www.webdo.tn\\\/fr\\\/actualite\\\/national-45\\\/cinq-organisations-reclament-le-retrait-du-decret-loi-54\\\/200426\\\/#breadcrumb\"},\"inLanguage\":\"fr-FR\",\"potentialAction\":[{\"@type\":\"ReadAction\",\"target\":[\"https:\\\/\\\/www.webdo.tn\\\/fr\\\/actualite\\\/national-45\\\/cinq-organisations-reclament-le-retrait-du-decret-loi-54\\\/200426\\\/\"]}]},{\"@type\":\"ImageObject\",\"inLanguage\":\"fr-FR\",\"@id\":\"https:\\\/\\\/www.webdo.tn\\\/fr\\\/actualite\\\/national-45\\\/cinq-organisations-reclament-le-retrait-du-decret-loi-54\\\/200426\\\/#primaryimage\",\"url\":\"https:\\\/\\\/www.webdo.tn\\\/fr\\\/wp-content\\\/uploads\\\/2022\\\/12\\\/2e101660f4a259c7a28a4a005c2d6bdd.jpg\",\"contentUrl\":\"https:\\\/\\\/www.webdo.tn\\\/fr\\\/wp-content\\\/uploads\\\/2022\\\/12\\\/2e101660f4a259c7a28a4a005c2d6bdd.jpg\",\"width\":750,\"height\":400,\"caption\":\"D\u00e9cret 54\"},{\"@type\":\"BreadcrumbList\",\"@id\":\"https:\\\/\\\/www.webdo.tn\\\/fr\\\/actualite\\\/national-45\\\/cinq-organisations-reclament-le-retrait-du-decret-loi-54\\\/200426\\\/#breadcrumb\",\"itemListElement\":[{\"@type\":\"ListItem\",\"position\":1,\"name\":\"Accueil\",\"item\":\"https:\\\/\\\/www.webdo.tn\\\/fr\\\/\"},{\"@type\":\"ListItem\",\"position\":2,\"name\":\"Cinq organisations r\u00e9clament le retrait du d\u00e9cret-loi 54\"}]},{\"@type\":\"WebSite\",\"@id\":\"https:\\\/\\\/www.webdo.tn\\\/fr\\\/#website\",\"url\":\"https:\\\/\\\/www.webdo.tn\\\/fr\\\/\",\"name\":\"webdo\",\"description\":\"Tunisie - News en Tunisie et \u00e0 l&#039;international sur Webdo.tn\",\"publisher\":{\"@id\":\"https:\\\/\\\/www.webdo.tn\\\/fr\\\/#organization\"},\"potentialAction\":[{\"@type\":\"SearchAction\",\"target\":{\"@type\":\"EntryPoint\",\"urlTemplate\":\"https:\\\/\\\/www.webdo.tn\\\/fr\\\/?s={search_term_string}\"},\"query-input\":{\"@type\":\"PropertyValueSpecification\",\"valueRequired\":true,\"valueName\":\"search_term_string\"}}],\"inLanguage\":\"fr-FR\"},{\"@type\":\"Organization\",\"@id\":\"https:\\\/\\\/www.webdo.tn\\\/fr\\\/#organization\",\"name\":\"Webdo\",\"alternateName\":\"Webdo.tn\",\"url\":\"https:\\\/\\\/www.webdo.tn\\\/fr\\\/\",\"logo\":{\"@type\":\"ImageObject\",\"inLanguage\":\"fr-FR\",\"@id\":\"https:\\\/\\\/www.webdo.tn\\\/fr\\\/#\\\/schema\\\/logo\\\/image\\\/\",\"url\":\"https:\\\/\\\/www.webdo.tn\\\/fr\\\/wp-content\\\/uploads\\\/2025\\\/06\\\/Webdo-Tunisie_168377.jpg\",\"contentUrl\":\"https:\\\/\\\/www.webdo.tn\\\/fr\\\/wp-content\\\/uploads\\\/2025\\\/06\\\/Webdo-Tunisie_168377.jpg\",\"width\":301,\"height\":301,\"caption\":\"Webdo\"},\"image\":{\"@id\":\"https:\\\/\\\/www.webdo.tn\\\/fr\\\/#\\\/schema\\\/logo\\\/image\\\/\"},\"sameAs\":[\"https:\\\/\\\/www.facebook.com\\\/webdotn\",\"https:\\\/\\\/x.com\\\/webdo_tn\"],\"description\":\"Webdo est un m\u00e9dia num\u00e9rique tunisien fond\u00e9 en 2010, sp\u00e9cialis\u00e9 dans l\u2019actualit\u00e9 nationale et internationale, l\u2019\u00e9conomie, la soci\u00e9t\u00e9 et les analyses politiques. Le site s\u2019adresse \u00e0 un large public francophone et couvre l\u2019information tunisienne en temps r\u00e9el.\",\"email\":\"redac@webdo.tn\",\"legalName\":\"YNJ SARL\",\"foundingDate\":\"2010-09-06\",\"numberOfEmployees\":{\"@type\":\"QuantitativeValue\",\"minValue\":\"11\",\"maxValue\":\"50\"}},{\"@type\":\"Person\",\"@id\":\"https:\\\/\\\/www.webdo.tn\\\/fr\\\/#\\\/schema\\\/person\\\/f35b42a42c5e2511bbd282959d6385cc\",\"name\":\"CL\",\"image\":{\"@type\":\"ImageObject\",\"inLanguage\":\"fr-FR\",\"@id\":\"https:\\\/\\\/secure.gravatar.com\\\/avatar\\\/1447a49909b67aa657c488aec6512e1dd6143a480c1ecfee9b5b5cd74eb3b59e?s=96&d=mm&r=g\",\"url\":\"https:\\\/\\\/secure.gravatar.com\\\/avatar\\\/1447a49909b67aa657c488aec6512e1dd6143a480c1ecfee9b5b5cd74eb3b59e?s=96&d=mm&r=g\",\"contentUrl\":\"https:\\\/\\\/secure.gravatar.com\\\/avatar\\\/1447a49909b67aa657c488aec6512e1dd6143a480c1ecfee9b5b5cd74eb3b59e?s=96&d=mm&r=g\",\"caption\":\"CL\"},\"url\":\"https:\\\/\\\/www.webdo.tn\\\/fr\\\/actualite\\\/author\\\/cl\\\/\"}]}<\/script>\n<!-- \/ Yoast SEO Premium plugin. -->","yoast_head_json":{"title":"Cinq organisations r\u00e9clament le retrait du d\u00e9cret-loi 54","description":"Cinq organisations ont r\u00e9clam\u00e9 le retrait du d\u00e9cret-loi n\u00b02022-54 relatif \u00e0 la lutte contre les infractions se rapportant aux syst\u00e8mes d'information et de commu...","canonical":"https:\/\/www.webdo.tn\/fr\/actualite\/national-45\/cinq-organisations-reclament-le-retrait-du-decret-loi-54\/200426\/","og_locale":"fr_FR","og_type":"article","og_title":"Cinq organisations r\u00e9clament le retrait du d\u00e9cret-loi 54","og_description":"Cinq organisations ont r\u00e9clam\u00e9 le retrait du d\u00e9cret-loi n\u00b02022-54 relatif \u00e0 la lutte contre les infractions se rapportant aux syst\u00e8mes d'information et de commu...","og_url":"https:\/\/www.webdo.tn\/fr\/actualite\/national-45\/cinq-organisations-reclament-le-retrait-du-decret-loi-54\/200426\/","og_site_name":"webdo","article_publisher":"https:\/\/www.facebook.com\/webdotn","article_published_time":"2022-12-09T09:15:00+00:00","article_modified_time":"2025-05-22T11:41:35+00:00","og_image":[{"width":750,"height":400,"url":"https:\/\/www.webdo.tn\/fr\/wp-content\/uploads\/2022\/12\/2e101660f4a259c7a28a4a005c2d6bdd.jpg","type":"image\/jpeg"}],"author":"CL","twitter_card":"summary_large_image","twitter_creator":"@webdo_tn","twitter_site":"@webdo_tn","twitter_misc":{"\u00c9crit par":"CL","Dur\u00e9e de lecture estim\u00e9e":"2 minutes"},"schema":{"@context":"https:\/\/schema.org","@graph":[{"@type":"NewsArticle","@id":"https:\/\/www.webdo.tn\/fr\/actualite\/national-45\/cinq-organisations-reclament-le-retrait-du-decret-loi-54\/200426\/#article","isPartOf":{"@id":"https:\/\/www.webdo.tn\/fr\/actualite\/national-45\/cinq-organisations-reclament-le-retrait-du-decret-loi-54\/200426\/"},"author":{"name":"CL","@id":"https:\/\/www.webdo.tn\/fr\/#\/schema\/person\/f35b42a42c5e2511bbd282959d6385cc"},"headline":"Cinq organisations r\u00e9clament le retrait du d\u00e9cret-loi 54","datePublished":"2022-12-09T09:15:00+00:00","dateModified":"2025-05-22T11:41:35+00:00","mainEntityOfPage":{"@id":"https:\/\/www.webdo.tn\/fr\/actualite\/national-45\/cinq-organisations-reclament-le-retrait-du-decret-loi-54\/200426\/"},"wordCount":349,"commentCount":0,"publisher":{"@id":"https:\/\/www.webdo.tn\/fr\/#organization"},"image":{"@id":"https:\/\/www.webdo.tn\/fr\/actualite\/national-45\/cinq-organisations-reclament-le-retrait-du-decret-loi-54\/200426\/#primaryimage"},"thumbnailUrl":"https:\/\/www.webdo.tn\/fr\/wp-content\/uploads\/2022\/12\/2e101660f4a259c7a28a4a005c2d6bdd.jpg","keywords":["D\u00e9cret","Tunisie"],"articleSection":["National"],"inLanguage":"fr-FR"},{"@type":"WebPage","@id":"https:\/\/www.webdo.tn\/fr\/actualite\/national-45\/cinq-organisations-reclament-le-retrait-du-decret-loi-54\/200426\/","url":"https:\/\/www.webdo.tn\/fr\/actualite\/national-45\/cinq-organisations-reclament-le-retrait-du-decret-loi-54\/200426\/","name":"Cinq organisations r\u00e9clament le retrait du d\u00e9cret-loi 54","isPartOf":{"@id":"https:\/\/www.webdo.tn\/fr\/#website"},"primaryImageOfPage":{"@id":"https:\/\/www.webdo.tn\/fr\/actualite\/national-45\/cinq-organisations-reclament-le-retrait-du-decret-loi-54\/200426\/#primaryimage"},"image":{"@id":"https:\/\/www.webdo.tn\/fr\/actualite\/national-45\/cinq-organisations-reclament-le-retrait-du-decret-loi-54\/200426\/#primaryimage"},"thumbnailUrl":"https:\/\/www.webdo.tn\/fr\/wp-content\/uploads\/2022\/12\/2e101660f4a259c7a28a4a005c2d6bdd.jpg","datePublished":"2022-12-09T09:15:00+00:00","dateModified":"2025-05-22T11:41:35+00:00","description":"Cinq organisations ont r\u00e9clam\u00e9 le retrait du d\u00e9cret-loi n\u00b02022-54 relatif \u00e0 la lutte contre les infractions se rapportant aux syst\u00e8mes d'information et de commu...","breadcrumb":{"@id":"https:\/\/www.webdo.tn\/fr\/actualite\/national-45\/cinq-organisations-reclament-le-retrait-du-decret-loi-54\/200426\/#breadcrumb"},"inLanguage":"fr-FR","potentialAction":[{"@type":"ReadAction","target":["https:\/\/www.webdo.tn\/fr\/actualite\/national-45\/cinq-organisations-reclament-le-retrait-du-decret-loi-54\/200426\/"]}]},{"@type":"ImageObject","inLanguage":"fr-FR","@id":"https:\/\/www.webdo.tn\/fr\/actualite\/national-45\/cinq-organisations-reclament-le-retrait-du-decret-loi-54\/200426\/#primaryimage","url":"https:\/\/www.webdo.tn\/fr\/wp-content\/uploads\/2022\/12\/2e101660f4a259c7a28a4a005c2d6bdd.jpg","contentUrl":"https:\/\/www.webdo.tn\/fr\/wp-content\/uploads\/2022\/12\/2e101660f4a259c7a28a4a005c2d6bdd.jpg","width":750,"height":400,"caption":"D\u00e9cret 54"},{"@type":"BreadcrumbList","@id":"https:\/\/www.webdo.tn\/fr\/actualite\/national-45\/cinq-organisations-reclament-le-retrait-du-decret-loi-54\/200426\/#breadcrumb","itemListElement":[{"@type":"ListItem","position":1,"name":"Accueil","item":"https:\/\/www.webdo.tn\/fr\/"},{"@type":"ListItem","position":2,"name":"Cinq organisations r\u00e9clament le retrait du d\u00e9cret-loi 54"}]},{"@type":"WebSite","@id":"https:\/\/www.webdo.tn\/fr\/#website","url":"https:\/\/www.webdo.tn\/fr\/","name":"webdo","description":"Tunisie - News en Tunisie et \u00e0 l&#039;international sur Webdo.tn","publisher":{"@id":"https:\/\/www.webdo.tn\/fr\/#organization"},"potentialAction":[{"@type":"SearchAction","target":{"@type":"EntryPoint","urlTemplate":"https:\/\/www.webdo.tn\/fr\/?s={search_term_string}"},"query-input":{"@type":"PropertyValueSpecification","valueRequired":true,"valueName":"search_term_string"}}],"inLanguage":"fr-FR"},{"@type":"Organization","@id":"https:\/\/www.webdo.tn\/fr\/#organization","name":"Webdo","alternateName":"Webdo.tn","url":"https:\/\/www.webdo.tn\/fr\/","logo":{"@type":"ImageObject","inLanguage":"fr-FR","@id":"https:\/\/www.webdo.tn\/fr\/#\/schema\/logo\/image\/","url":"https:\/\/www.webdo.tn\/fr\/wp-content\/uploads\/2025\/06\/Webdo-Tunisie_168377.jpg","contentUrl":"https:\/\/www.webdo.tn\/fr\/wp-content\/uploads\/2025\/06\/Webdo-Tunisie_168377.jpg","width":301,"height":301,"caption":"Webdo"},"image":{"@id":"https:\/\/www.webdo.tn\/fr\/#\/schema\/logo\/image\/"},"sameAs":["https:\/\/www.facebook.com\/webdotn","https:\/\/x.com\/webdo_tn"],"description":"Webdo est un m\u00e9dia num\u00e9rique tunisien fond\u00e9 en 2010, sp\u00e9cialis\u00e9 dans l\u2019actualit\u00e9 nationale et internationale, l\u2019\u00e9conomie, la soci\u00e9t\u00e9 et les analyses politiques. Le site s\u2019adresse \u00e0 un large public francophone et couvre l\u2019information tunisienne en temps r\u00e9el.","email":"redac@webdo.tn","legalName":"YNJ SARL","foundingDate":"2010-09-06","numberOfEmployees":{"@type":"QuantitativeValue","minValue":"11","maxValue":"50"}},{"@type":"Person","@id":"https:\/\/www.webdo.tn\/fr\/#\/schema\/person\/f35b42a42c5e2511bbd282959d6385cc","name":"CL","image":{"@type":"ImageObject","inLanguage":"fr-FR","@id":"https:\/\/secure.gravatar.com\/avatar\/1447a49909b67aa657c488aec6512e1dd6143a480c1ecfee9b5b5cd74eb3b59e?s=96&d=mm&r=g","url":"https:\/\/secure.gravatar.com\/avatar\/1447a49909b67aa657c488aec6512e1dd6143a480c1ecfee9b5b5cd74eb3b59e?s=96&d=mm&r=g","contentUrl":"https:\/\/secure.gravatar.com\/avatar\/1447a49909b67aa657c488aec6512e1dd6143a480c1ecfee9b5b5cd74eb3b59e?s=96&d=mm&r=g","caption":"CL"},"url":"https:\/\/www.webdo.tn\/fr\/actualite\/author\/cl\/"}]}},"_links":{"self":[{"href":"https:\/\/www.webdo.tn\/fr\/wp-json\/wp\/v2\/posts\/200426","targetHints":{"allow":["GET"]}}],"collection":[{"href":"https:\/\/www.webdo.tn\/fr\/wp-json\/wp\/v2\/posts"}],"about":[{"href":"https:\/\/www.webdo.tn\/fr\/wp-json\/wp\/v2\/types\/post"}],"author":[{"embeddable":true,"href":"https:\/\/www.webdo.tn\/fr\/wp-json\/wp\/v2\/users\/3175"}],"replies":[{"embeddable":true,"href":"https:\/\/www.webdo.tn\/fr\/wp-json\/wp\/v2\/comments?post=200426"}],"version-history":[{"count":0,"href":"https:\/\/www.webdo.tn\/fr\/wp-json\/wp\/v2\/posts\/200426\/revisions"}],"wp:featuredmedia":[{"embeddable":true,"href":"https:\/\/www.webdo.tn\/fr\/wp-json\/wp\/v2\/media\/348460"}],"wp:attachment":[{"href":"https:\/\/www.webdo.tn\/fr\/wp-json\/wp\/v2\/media?parent=200426"}],"wp:term":[{"taxonomy":"category","embeddable":true,"href":"https:\/\/www.webdo.tn\/fr\/wp-json\/wp\/v2\/categories?post=200426"},{"taxonomy":"post_tag","embeddable":true,"href":"https:\/\/www.webdo.tn\/fr\/wp-json\/wp\/v2\/tags?post=200426"}],"curies":[{"name":"wp","href":"https:\/\/api.w.org\/{rel}","templated":true}]}}