{"id":200411,"date":"2022-12-08T19:54:00","date_gmt":"2022-12-08T19:54:00","guid":{"rendered":"https:\/\/www.webdo.tn\/fr\/blog\/ue-307-millions-d-euros-pour-financer-le-cable-electrique-italie-tunisie\/200411\/"},"modified":"2025-05-20T22:48:08","modified_gmt":"2025-05-20T22:48:08","slug":"ue-307-millions-d-euros-pour-financer-le-cable-electrique-italie-tunisie","status":"publish","type":"post","link":"https:\/\/www.webdo.tn\/fr\/actualite\/national\/ue-307-millions-d-euros-pour-financer-le-cable-electrique-italie-tunisie\/200411\/","title":{"rendered":"UE : 307 millions d&rsquo;euros pour financer le c\u00e2ble \u00e9lectrique Italie-Tunisie"},"content":{"rendered":"<p>La Tunisie sera le deuxi\u00e8me pays d\u2019Afrique du Nord \u00e0 \u00e9tablir une interconnexion \u00e9lectrique sous-marine avec un pays du sud de l\u2019Europe, apr\u00e8s le Maroc.<\/p>\n<p>Une ligne \u00e9lectrique sous-marine de 192 km de long devrait bient\u00f4t permettre \u00e0 pr\u00e8s de 600 MW d\u2019\u00e9lectricit\u00e9 de voyager entre la Tunisie et l\u2019Italie. Ce projet a \u00e9t\u00e9 sign\u00e9 en mai 2019 entre les deux pays. La ligne pourrait entrer en service en 2025.<\/p>\n<p>Ce jeudi 8 d\u00e9cembre 2022, l\u2019agence Reuters annonce que l\u2019Union Europ\u00e9enne a accept\u00e9 d\u2019apporter un soutien financier de 307 millions d&rsquo;euros (324 millions de dollars) \u00e0 ce projet.\u00a0<\/p>\n<p>L&rsquo;op\u00e9rateur du r\u00e9seau \u00e9lectrique italien Terna a expliqu\u00e9 que le minist\u00e8re italien de l&rsquo;Environnement et de la s\u00e9curit\u00e9 \u00e9nerg\u00e9tique a entam\u00e9 le processus d&rsquo;autorisation du projet, qui devrait co\u00fbter environ 850 millions d&rsquo;euros au total.<\/p>\n","protected":false},"excerpt":{"rendered":"<p>La Tunisie sera le deuxi\u00e8me pays d\u2019Afrique du Nord \u00e0 \u00e9tablir une interconnexion \u00e9lectrique sous-marine avec un pays du sud de l\u2019Europe, apr\u00e8s le Maroc.<\/p>\n","protected":false},"author":3175,"featured_media":277346,"comment_status":"open","ping_status":"closed","sticky":false,"template":"","format":"standard","meta":{"footnotes":""},"categories":[44],"tags":[3765,2660,2608],"class_list":["post-200411","post","type-post","status-publish","format-standard","has-post-thumbnail","hentry","category-national","tag-electricite","tag-italie","tag-tunisie"],"yoast_head":"<!-- This site is optimized with the Yoast SEO Premium plugin v27.4 (Yoast SEO v27.5) - https:\/\/yoast.com\/product\/yoast-seo-premium-wordpress\/ -->\n<title>UE : 307 millions d&#039;euros pour financer le c\u00e2ble \u00e9lectrique Italie-Tunisie<\/title>\n<meta name=\"description\" content=\"La Tunisie sera le deuxi\u00e8me pays d\u2019Afrique du Nord \u00e0 \u00e9tablir une interconnexion \u00e9lectrique sous-marine avec un pays du sud de l\u2019Europe, apr\u00e8s le Maroc.\" \/>\n<link rel=\"canonical\" href=\"https:\/\/www.webdo.tn\/fr\/actualite\/national\/ue-307-millions-d-euros-pour-financer-le-cable-electrique-italie-tunisie\/200411\/\" \/>\n<meta property=\"og:locale\" content=\"fr_FR\" \/>\n<meta property=\"og:type\" content=\"article\" \/>\n<meta property=\"og:title\" content=\"UE : 307 millions d&#039;euros pour financer le c\u00e2ble \u00e9lectrique Italie-Tunisie\" \/>\n<meta property=\"og:description\" content=\"La Tunisie sera le deuxi\u00e8me pays d\u2019Afrique du Nord \u00e0 \u00e9tablir une interconnexion \u00e9lectrique sous-marine avec un pays du sud de l\u2019Europe, apr\u00e8s le Maroc.\" \/>\n<meta property=\"og:url\" content=\"https:\/\/www.webdo.tn\/fr\/actualite\/national\/ue-307-millions-d-euros-pour-financer-le-cable-electrique-italie-tunisie\/200411\/\" \/>\n<meta property=\"og:site_name\" content=\"webdo\" \/>\n<meta property=\"article:publisher\" content=\"https:\/\/www.facebook.com\/webdotn\" \/>\n<meta property=\"article:published_time\" content=\"2022-12-08T19:54:00+00:00\" \/>\n<meta property=\"article:modified_time\" content=\"2025-05-20T22:48:08+00:00\" \/>\n<meta property=\"og:image\" content=\"https:\/\/www.webdo.tn\/fr\/wp-content\/uploads\/2022\/12\/b3313d5cf28d8951ff95d9249c7602dd.png\" \/>\n\t<meta property=\"og:image:width\" content=\"750\" \/>\n\t<meta property=\"og:image:height\" content=\"400\" \/>\n\t<meta property=\"og:image:type\" content=\"image\/png\" \/>\n<meta name=\"author\" content=\"CL\" \/>\n<meta name=\"twitter:card\" content=\"summary_large_image\" \/>\n<meta name=\"twitter:creator\" content=\"@webdo_tn\" \/>\n<meta name=\"twitter:site\" content=\"@webdo_tn\" \/>\n<meta name=\"twitter:label1\" content=\"\u00c9crit par\" \/>\n\t<meta name=\"twitter:data1\" content=\"CL\" \/>\n\t<meta name=\"twitter:label2\" content=\"Dur\u00e9e de lecture estim\u00e9e\" \/>\n\t<meta name=\"twitter:data2\" content=\"1 minute\" \/>\n<script type=\"application\/ld+json\" class=\"yoast-schema-graph\">{\"@context\":\"https:\\\/\\\/schema.org\",\"@graph\":[{\"@type\":\"NewsArticle\",\"@id\":\"https:\\\/\\\/www.webdo.tn\\\/fr\\\/actualite\\\/national\\\/ue-307-millions-d-euros-pour-financer-le-cable-electrique-italie-tunisie\\\/200411\\\/#article\",\"isPartOf\":{\"@id\":\"https:\\\/\\\/www.webdo.tn\\\/fr\\\/actualite\\\/national\\\/ue-307-millions-d-euros-pour-financer-le-cable-electrique-italie-tunisie\\\/200411\\\/\"},\"author\":{\"name\":\"CL\",\"@id\":\"https:\\\/\\\/www.webdo.tn\\\/fr\\\/#\\\/schema\\\/person\\\/f35b42a42c5e2511bbd282959d6385cc\"},\"headline\":\"UE : 307 millions d&rsquo;euros pour financer le c\u00e2ble \u00e9lectrique Italie-Tunisie\",\"datePublished\":\"2022-12-08T19:54:00+00:00\",\"dateModified\":\"2025-05-20T22:48:08+00:00\",\"mainEntityOfPage\":{\"@id\":\"https:\\\/\\\/www.webdo.tn\\\/fr\\\/actualite\\\/national\\\/ue-307-millions-d-euros-pour-financer-le-cable-electrique-italie-tunisie\\\/200411\\\/\"},\"wordCount\":156,\"commentCount\":0,\"publisher\":{\"@id\":\"https:\\\/\\\/www.webdo.tn\\\/fr\\\/#organization\"},\"image\":{\"@id\":\"https:\\\/\\\/www.webdo.tn\\\/fr\\\/actualite\\\/national\\\/ue-307-millions-d-euros-pour-financer-le-cable-electrique-italie-tunisie\\\/200411\\\/#primaryimage\"},\"thumbnailUrl\":\"https:\\\/\\\/www.webdo.tn\\\/fr\\\/wp-content\\\/uploads\\\/2022\\\/12\\\/b3313d5cf28d8951ff95d9249c7602dd.png\",\"keywords\":[\"\u00e9lectricit\u00e9\",\"Italie\",\"Tunisie\"],\"articleSection\":[\"National\"],\"inLanguage\":\"fr-FR\"},{\"@type\":\"WebPage\",\"@id\":\"https:\\\/\\\/www.webdo.tn\\\/fr\\\/actualite\\\/national\\\/ue-307-millions-d-euros-pour-financer-le-cable-electrique-italie-tunisie\\\/200411\\\/\",\"url\":\"https:\\\/\\\/www.webdo.tn\\\/fr\\\/actualite\\\/national\\\/ue-307-millions-d-euros-pour-financer-le-cable-electrique-italie-tunisie\\\/200411\\\/\",\"name\":\"UE : 307 millions d'euros pour financer le c\u00e2ble \u00e9lectrique Italie-Tunisie\",\"isPartOf\":{\"@id\":\"https:\\\/\\\/www.webdo.tn\\\/fr\\\/#website\"},\"primaryImageOfPage\":{\"@id\":\"https:\\\/\\\/www.webdo.tn\\\/fr\\\/actualite\\\/national\\\/ue-307-millions-d-euros-pour-financer-le-cable-electrique-italie-tunisie\\\/200411\\\/#primaryimage\"},\"image\":{\"@id\":\"https:\\\/\\\/www.webdo.tn\\\/fr\\\/actualite\\\/national\\\/ue-307-millions-d-euros-pour-financer-le-cable-electrique-italie-tunisie\\\/200411\\\/#primaryimage\"},\"thumbnailUrl\":\"https:\\\/\\\/www.webdo.tn\\\/fr\\\/wp-content\\\/uploads\\\/2022\\\/12\\\/b3313d5cf28d8951ff95d9249c7602dd.png\",\"datePublished\":\"2022-12-08T19:54:00+00:00\",\"dateModified\":\"2025-05-20T22:48:08+00:00\",\"description\":\"La Tunisie sera le deuxi\u00e8me pays d\u2019Afrique du Nord \u00e0 \u00e9tablir une interconnexion \u00e9lectrique sous-marine avec un pays du sud de l\u2019Europe, apr\u00e8s le Maroc.\",\"breadcrumb\":{\"@id\":\"https:\\\/\\\/www.webdo.tn\\\/fr\\\/actualite\\\/national\\\/ue-307-millions-d-euros-pour-financer-le-cable-electrique-italie-tunisie\\\/200411\\\/#breadcrumb\"},\"inLanguage\":\"fr-FR\",\"potentialAction\":[{\"@type\":\"ReadAction\",\"target\":[\"https:\\\/\\\/www.webdo.tn\\\/fr\\\/actualite\\\/national\\\/ue-307-millions-d-euros-pour-financer-le-cable-electrique-italie-tunisie\\\/200411\\\/\"]}]},{\"@type\":\"ImageObject\",\"inLanguage\":\"fr-FR\",\"@id\":\"https:\\\/\\\/www.webdo.tn\\\/fr\\\/actualite\\\/national\\\/ue-307-millions-d-euros-pour-financer-le-cable-electrique-italie-tunisie\\\/200411\\\/#primaryimage\",\"url\":\"https:\\\/\\\/www.webdo.tn\\\/fr\\\/wp-content\\\/uploads\\\/2022\\\/12\\\/b3313d5cf28d8951ff95d9249c7602dd.png\",\"contentUrl\":\"https:\\\/\\\/www.webdo.tn\\\/fr\\\/wp-content\\\/uploads\\\/2022\\\/12\\\/b3313d5cf28d8951ff95d9249c7602dd.png\",\"width\":750,\"height\":400,\"caption\":\"\u00e9lectricit\u00e9 sous-marin\"},{\"@type\":\"BreadcrumbList\",\"@id\":\"https:\\\/\\\/www.webdo.tn\\\/fr\\\/actualite\\\/national\\\/ue-307-millions-d-euros-pour-financer-le-cable-electrique-italie-tunisie\\\/200411\\\/#breadcrumb\",\"itemListElement\":[{\"@type\":\"ListItem\",\"position\":1,\"name\":\"Accueil\",\"item\":\"https:\\\/\\\/www.webdo.tn\\\/fr\\\/\"},{\"@type\":\"ListItem\",\"position\":2,\"name\":\"UE : 307 millions d&rsquo;euros pour financer le c\u00e2ble \u00e9lectrique Italie-Tunisie\"}]},{\"@type\":\"WebSite\",\"@id\":\"https:\\\/\\\/www.webdo.tn\\\/fr\\\/#website\",\"url\":\"https:\\\/\\\/www.webdo.tn\\\/fr\\\/\",\"name\":\"webdo\",\"description\":\"Tunisie - News en Tunisie et \u00e0 l&#039;international sur Webdo.tn\",\"publisher\":{\"@id\":\"https:\\\/\\\/www.webdo.tn\\\/fr\\\/#organization\"},\"potentialAction\":[{\"@type\":\"SearchAction\",\"target\":{\"@type\":\"EntryPoint\",\"urlTemplate\":\"https:\\\/\\\/www.webdo.tn\\\/fr\\\/?s={search_term_string}\"},\"query-input\":{\"@type\":\"PropertyValueSpecification\",\"valueRequired\":true,\"valueName\":\"search_term_string\"}}],\"inLanguage\":\"fr-FR\"},{\"@type\":\"Organization\",\"@id\":\"https:\\\/\\\/www.webdo.tn\\\/fr\\\/#organization\",\"name\":\"Webdo\",\"alternateName\":\"Webdo.tn\",\"url\":\"https:\\\/\\\/www.webdo.tn\\\/fr\\\/\",\"logo\":{\"@type\":\"ImageObject\",\"inLanguage\":\"fr-FR\",\"@id\":\"https:\\\/\\\/www.webdo.tn\\\/fr\\\/#\\\/schema\\\/logo\\\/image\\\/\",\"url\":\"https:\\\/\\\/www.webdo.tn\\\/fr\\\/wp-content\\\/uploads\\\/2025\\\/06\\\/Webdo-Tunisie_168377.jpg\",\"contentUrl\":\"https:\\\/\\\/www.webdo.tn\\\/fr\\\/wp-content\\\/uploads\\\/2025\\\/06\\\/Webdo-Tunisie_168377.jpg\",\"width\":301,\"height\":301,\"caption\":\"Webdo\"},\"image\":{\"@id\":\"https:\\\/\\\/www.webdo.tn\\\/fr\\\/#\\\/schema\\\/logo\\\/image\\\/\"},\"sameAs\":[\"https:\\\/\\\/www.facebook.com\\\/webdotn\",\"https:\\\/\\\/x.com\\\/webdo_tn\"],\"description\":\"Webdo est un m\u00e9dia num\u00e9rique tunisien fond\u00e9 en 2010, sp\u00e9cialis\u00e9 dans l\u2019actualit\u00e9 nationale et internationale, l\u2019\u00e9conomie, la soci\u00e9t\u00e9 et les analyses politiques. Le site s\u2019adresse \u00e0 un large public francophone et couvre l\u2019information tunisienne en temps r\u00e9el.\",\"email\":\"redac@webdo.tn\",\"legalName\":\"YNJ SARL\",\"foundingDate\":\"2010-09-06\",\"numberOfEmployees\":{\"@type\":\"QuantitativeValue\",\"minValue\":\"11\",\"maxValue\":\"50\"}},{\"@type\":\"Person\",\"@id\":\"https:\\\/\\\/www.webdo.tn\\\/fr\\\/#\\\/schema\\\/person\\\/f35b42a42c5e2511bbd282959d6385cc\",\"name\":\"CL\",\"image\":{\"@type\":\"ImageObject\",\"inLanguage\":\"fr-FR\",\"@id\":\"https:\\\/\\\/secure.gravatar.com\\\/avatar\\\/1447a49909b67aa657c488aec6512e1dd6143a480c1ecfee9b5b5cd74eb3b59e?s=96&d=mm&r=g\",\"url\":\"https:\\\/\\\/secure.gravatar.com\\\/avatar\\\/1447a49909b67aa657c488aec6512e1dd6143a480c1ecfee9b5b5cd74eb3b59e?s=96&d=mm&r=g\",\"contentUrl\":\"https:\\\/\\\/secure.gravatar.com\\\/avatar\\\/1447a49909b67aa657c488aec6512e1dd6143a480c1ecfee9b5b5cd74eb3b59e?s=96&d=mm&r=g\",\"caption\":\"CL\"},\"url\":\"https:\\\/\\\/www.webdo.tn\\\/fr\\\/actualite\\\/author\\\/cl\\\/\"}]}<\/script>\n<!-- \/ Yoast SEO Premium plugin. -->","yoast_head_json":{"title":"UE : 307 millions d'euros pour financer le c\u00e2ble \u00e9lectrique Italie-Tunisie","description":"La Tunisie sera le deuxi\u00e8me pays d\u2019Afrique du Nord \u00e0 \u00e9tablir une interconnexion \u00e9lectrique sous-marine avec un pays du sud de l\u2019Europe, apr\u00e8s le Maroc.","canonical":"https:\/\/www.webdo.tn\/fr\/actualite\/national\/ue-307-millions-d-euros-pour-financer-le-cable-electrique-italie-tunisie\/200411\/","og_locale":"fr_FR","og_type":"article","og_title":"UE : 307 millions d'euros pour financer le c\u00e2ble \u00e9lectrique Italie-Tunisie","og_description":"La Tunisie sera le deuxi\u00e8me pays d\u2019Afrique du Nord \u00e0 \u00e9tablir une interconnexion \u00e9lectrique sous-marine avec un pays du sud de l\u2019Europe, apr\u00e8s le Maroc.","og_url":"https:\/\/www.webdo.tn\/fr\/actualite\/national\/ue-307-millions-d-euros-pour-financer-le-cable-electrique-italie-tunisie\/200411\/","og_site_name":"webdo","article_publisher":"https:\/\/www.facebook.com\/webdotn","article_published_time":"2022-12-08T19:54:00+00:00","article_modified_time":"2025-05-20T22:48:08+00:00","og_image":[{"width":750,"height":400,"url":"https:\/\/www.webdo.tn\/fr\/wp-content\/uploads\/2022\/12\/b3313d5cf28d8951ff95d9249c7602dd.png","type":"image\/png"}],"author":"CL","twitter_card":"summary_large_image","twitter_creator":"@webdo_tn","twitter_site":"@webdo_tn","twitter_misc":{"\u00c9crit par":"CL","Dur\u00e9e de lecture estim\u00e9e":"1 minute"},"schema":{"@context":"https:\/\/schema.org","@graph":[{"@type":"NewsArticle","@id":"https:\/\/www.webdo.tn\/fr\/actualite\/national\/ue-307-millions-d-euros-pour-financer-le-cable-electrique-italie-tunisie\/200411\/#article","isPartOf":{"@id":"https:\/\/www.webdo.tn\/fr\/actualite\/national\/ue-307-millions-d-euros-pour-financer-le-cable-electrique-italie-tunisie\/200411\/"},"author":{"name":"CL","@id":"https:\/\/www.webdo.tn\/fr\/#\/schema\/person\/f35b42a42c5e2511bbd282959d6385cc"},"headline":"UE : 307 millions d&rsquo;euros pour financer le c\u00e2ble \u00e9lectrique Italie-Tunisie","datePublished":"2022-12-08T19:54:00+00:00","dateModified":"2025-05-20T22:48:08+00:00","mainEntityOfPage":{"@id":"https:\/\/www.webdo.tn\/fr\/actualite\/national\/ue-307-millions-d-euros-pour-financer-le-cable-electrique-italie-tunisie\/200411\/"},"wordCount":156,"commentCount":0,"publisher":{"@id":"https:\/\/www.webdo.tn\/fr\/#organization"},"image":{"@id":"https:\/\/www.webdo.tn\/fr\/actualite\/national\/ue-307-millions-d-euros-pour-financer-le-cable-electrique-italie-tunisie\/200411\/#primaryimage"},"thumbnailUrl":"https:\/\/www.webdo.tn\/fr\/wp-content\/uploads\/2022\/12\/b3313d5cf28d8951ff95d9249c7602dd.png","keywords":["\u00e9lectricit\u00e9","Italie","Tunisie"],"articleSection":["National"],"inLanguage":"fr-FR"},{"@type":"WebPage","@id":"https:\/\/www.webdo.tn\/fr\/actualite\/national\/ue-307-millions-d-euros-pour-financer-le-cable-electrique-italie-tunisie\/200411\/","url":"https:\/\/www.webdo.tn\/fr\/actualite\/national\/ue-307-millions-d-euros-pour-financer-le-cable-electrique-italie-tunisie\/200411\/","name":"UE : 307 millions d'euros pour financer le c\u00e2ble \u00e9lectrique Italie-Tunisie","isPartOf":{"@id":"https:\/\/www.webdo.tn\/fr\/#website"},"primaryImageOfPage":{"@id":"https:\/\/www.webdo.tn\/fr\/actualite\/national\/ue-307-millions-d-euros-pour-financer-le-cable-electrique-italie-tunisie\/200411\/#primaryimage"},"image":{"@id":"https:\/\/www.webdo.tn\/fr\/actualite\/national\/ue-307-millions-d-euros-pour-financer-le-cable-electrique-italie-tunisie\/200411\/#primaryimage"},"thumbnailUrl":"https:\/\/www.webdo.tn\/fr\/wp-content\/uploads\/2022\/12\/b3313d5cf28d8951ff95d9249c7602dd.png","datePublished":"2022-12-08T19:54:00+00:00","dateModified":"2025-05-20T22:48:08+00:00","description":"La Tunisie sera le deuxi\u00e8me pays d\u2019Afrique du Nord \u00e0 \u00e9tablir une interconnexion \u00e9lectrique sous-marine avec un pays du sud de l\u2019Europe, apr\u00e8s le Maroc.","breadcrumb":{"@id":"https:\/\/www.webdo.tn\/fr\/actualite\/national\/ue-307-millions-d-euros-pour-financer-le-cable-electrique-italie-tunisie\/200411\/#breadcrumb"},"inLanguage":"fr-FR","potentialAction":[{"@type":"ReadAction","target":["https:\/\/www.webdo.tn\/fr\/actualite\/national\/ue-307-millions-d-euros-pour-financer-le-cable-electrique-italie-tunisie\/200411\/"]}]},{"@type":"ImageObject","inLanguage":"fr-FR","@id":"https:\/\/www.webdo.tn\/fr\/actualite\/national\/ue-307-millions-d-euros-pour-financer-le-cable-electrique-italie-tunisie\/200411\/#primaryimage","url":"https:\/\/www.webdo.tn\/fr\/wp-content\/uploads\/2022\/12\/b3313d5cf28d8951ff95d9249c7602dd.png","contentUrl":"https:\/\/www.webdo.tn\/fr\/wp-content\/uploads\/2022\/12\/b3313d5cf28d8951ff95d9249c7602dd.png","width":750,"height":400,"caption":"\u00e9lectricit\u00e9 sous-marin"},{"@type":"BreadcrumbList","@id":"https:\/\/www.webdo.tn\/fr\/actualite\/national\/ue-307-millions-d-euros-pour-financer-le-cable-electrique-italie-tunisie\/200411\/#breadcrumb","itemListElement":[{"@type":"ListItem","position":1,"name":"Accueil","item":"https:\/\/www.webdo.tn\/fr\/"},{"@type":"ListItem","position":2,"name":"UE : 307 millions d&rsquo;euros pour financer le c\u00e2ble \u00e9lectrique Italie-Tunisie"}]},{"@type":"WebSite","@id":"https:\/\/www.webdo.tn\/fr\/#website","url":"https:\/\/www.webdo.tn\/fr\/","name":"webdo","description":"Tunisie - News en Tunisie et \u00e0 l&#039;international sur Webdo.tn","publisher":{"@id":"https:\/\/www.webdo.tn\/fr\/#organization"},"potentialAction":[{"@type":"SearchAction","target":{"@type":"EntryPoint","urlTemplate":"https:\/\/www.webdo.tn\/fr\/?s={search_term_string}"},"query-input":{"@type":"PropertyValueSpecification","valueRequired":true,"valueName":"search_term_string"}}],"inLanguage":"fr-FR"},{"@type":"Organization","@id":"https:\/\/www.webdo.tn\/fr\/#organization","name":"Webdo","alternateName":"Webdo.tn","url":"https:\/\/www.webdo.tn\/fr\/","logo":{"@type":"ImageObject","inLanguage":"fr-FR","@id":"https:\/\/www.webdo.tn\/fr\/#\/schema\/logo\/image\/","url":"https:\/\/www.webdo.tn\/fr\/wp-content\/uploads\/2025\/06\/Webdo-Tunisie_168377.jpg","contentUrl":"https:\/\/www.webdo.tn\/fr\/wp-content\/uploads\/2025\/06\/Webdo-Tunisie_168377.jpg","width":301,"height":301,"caption":"Webdo"},"image":{"@id":"https:\/\/www.webdo.tn\/fr\/#\/schema\/logo\/image\/"},"sameAs":["https:\/\/www.facebook.com\/webdotn","https:\/\/x.com\/webdo_tn"],"description":"Webdo est un m\u00e9dia num\u00e9rique tunisien fond\u00e9 en 2010, sp\u00e9cialis\u00e9 dans l\u2019actualit\u00e9 nationale et internationale, l\u2019\u00e9conomie, la soci\u00e9t\u00e9 et les analyses politiques. Le site s\u2019adresse \u00e0 un large public francophone et couvre l\u2019information tunisienne en temps r\u00e9el.","email":"redac@webdo.tn","legalName":"YNJ SARL","foundingDate":"2010-09-06","numberOfEmployees":{"@type":"QuantitativeValue","minValue":"11","maxValue":"50"}},{"@type":"Person","@id":"https:\/\/www.webdo.tn\/fr\/#\/schema\/person\/f35b42a42c5e2511bbd282959d6385cc","name":"CL","image":{"@type":"ImageObject","inLanguage":"fr-FR","@id":"https:\/\/secure.gravatar.com\/avatar\/1447a49909b67aa657c488aec6512e1dd6143a480c1ecfee9b5b5cd74eb3b59e?s=96&d=mm&r=g","url":"https:\/\/secure.gravatar.com\/avatar\/1447a49909b67aa657c488aec6512e1dd6143a480c1ecfee9b5b5cd74eb3b59e?s=96&d=mm&r=g","contentUrl":"https:\/\/secure.gravatar.com\/avatar\/1447a49909b67aa657c488aec6512e1dd6143a480c1ecfee9b5b5cd74eb3b59e?s=96&d=mm&r=g","caption":"CL"},"url":"https:\/\/www.webdo.tn\/fr\/actualite\/author\/cl\/"}]}},"_links":{"self":[{"href":"https:\/\/www.webdo.tn\/fr\/wp-json\/wp\/v2\/posts\/200411","targetHints":{"allow":["GET"]}}],"collection":[{"href":"https:\/\/www.webdo.tn\/fr\/wp-json\/wp\/v2\/posts"}],"about":[{"href":"https:\/\/www.webdo.tn\/fr\/wp-json\/wp\/v2\/types\/post"}],"author":[{"embeddable":true,"href":"https:\/\/www.webdo.tn\/fr\/wp-json\/wp\/v2\/users\/3175"}],"replies":[{"embeddable":true,"href":"https:\/\/www.webdo.tn\/fr\/wp-json\/wp\/v2\/comments?post=200411"}],"version-history":[{"count":0,"href":"https:\/\/www.webdo.tn\/fr\/wp-json\/wp\/v2\/posts\/200411\/revisions"}],"wp:featuredmedia":[{"embeddable":true,"href":"https:\/\/www.webdo.tn\/fr\/wp-json\/wp\/v2\/media\/277346"}],"wp:attachment":[{"href":"https:\/\/www.webdo.tn\/fr\/wp-json\/wp\/v2\/media?parent=200411"}],"wp:term":[{"taxonomy":"category","embeddable":true,"href":"https:\/\/www.webdo.tn\/fr\/wp-json\/wp\/v2\/categories?post=200411"},{"taxonomy":"post_tag","embeddable":true,"href":"https:\/\/www.webdo.tn\/fr\/wp-json\/wp\/v2\/tags?post=200411"}],"curies":[{"name":"wp","href":"https:\/\/api.w.org\/{rel}","templated":true}]}}