{"id":200399,"date":"2022-12-08T17:16:00","date_gmt":"2022-12-08T17:16:00","guid":{"rendered":"https:\/\/www.webdo.tn\/fr\/blog\/avenue-habib-bourguiba-un-policier-blesse-par-son-arme\/200399\/"},"modified":"2025-05-20T22:48:06","modified_gmt":"2025-05-20T22:48:06","slug":"avenue-habib-bourguiba-un-policier-blesse-par-son-arme","status":"publish","type":"post","link":"https:\/\/www.webdo.tn\/fr\/actualite\/national\/avenue-habib-bourguiba-un-policier-blesse-par-son-arme\/200399\/","title":{"rendered":"Avenue Habib Bourguiba : D\u00e9c\u00e8s du policier bless\u00e9 par son arme"},"content":{"rendered":"<p>Mise \u00e0 Jour 20h00 \u2013 L\u2019agent de police qui a \u00e9t\u00e9 bless\u00e9 par balle de son propre arme ce jeudi au niveau de l\u2019avenue Habib Bourguiba a succomb\u00e9 \u00e0 ses blessures.<\/p>\n<p>\t\t\t\t\t\t\t\t\tDans l\u2019apr\u00e8s-midi de ce jeudi 8 d\u00e9cembre 2022 un agent s\u00e9curitaire a \u00e9t\u00e9 bless\u00e9 par balle de sa propre arme, \u00e0 Tunis.<\/p>\n<p>Selon Mosa\u00efque FM, il a \u00e9t\u00e9 bless\u00e9 accidentellement au niveau de son ventre. L\u2019incident a eu lieu \u00e0 l\u2019avenue Habib Bourguiba.\u00a0<\/p>\n<p>Toujours selon la meme source, il a \u00e9t\u00e9 transf\u00e9r\u00e9 \u00e0 l&rsquo;h\u00f4pital Charles Nicolle pour recevoir les soins n\u00e9cessaires.<\/p>\n","protected":false},"excerpt":{"rendered":"<p>Mise \u00e0 Jour 20h00 \u2013 L\u2019agent de police qui a \u00e9t\u00e9 bless\u00e9 par balle de son propre arme ce jeudi au niveau de l\u2019avenue Habib Bourguiba a succomb\u00e9 \u00e0 ses blessures.<\/p>\n","protected":false},"author":3175,"featured_media":277336,"comment_status":"open","ping_status":"closed","sticky":false,"template":"","format":"standard","meta":{"footnotes":""},"categories":[44],"tags":[8612,4604,2608],"class_list":["post-200399","post","type-post","status-publish","format-standard","has-post-thumbnail","hentry","category-national","tag-arme","tag-policier","tag-tunisie"],"yoast_head":"<!-- This site is optimized with the Yoast SEO Premium plugin v27.4 (Yoast SEO v27.5) - https:\/\/yoast.com\/product\/yoast-seo-premium-wordpress\/ -->\n<title>Avenue Habib Bourguiba : D\u00e9c\u00e8s du policier bless\u00e9 par son arme<\/title>\n<meta name=\"description\" content=\"Mise \u00e0 Jour 20h00 \u2013 L\u2019agent de police qui a \u00e9t\u00e9 bless\u00e9 par balle de son propre arme ce jeudi au niveau de l\u2019avenue Habib Bourguiba a succomb\u00e9 \u00e0 ses blessures.\" \/>\n<link rel=\"canonical\" href=\"https:\/\/www.webdo.tn\/fr\/actualite\/national\/avenue-habib-bourguiba-un-policier-blesse-par-son-arme\/200399\/\" \/>\n<meta property=\"og:locale\" content=\"fr_FR\" \/>\n<meta property=\"og:type\" content=\"article\" \/>\n<meta property=\"og:title\" content=\"Avenue Habib Bourguiba : D\u00e9c\u00e8s du policier bless\u00e9 par son arme\" \/>\n<meta property=\"og:description\" content=\"Mise \u00e0 Jour 20h00 \u2013 L\u2019agent de police qui a \u00e9t\u00e9 bless\u00e9 par balle de son propre arme ce jeudi au niveau de l\u2019avenue Habib Bourguiba a succomb\u00e9 \u00e0 ses blessures.\" \/>\n<meta property=\"og:url\" content=\"https:\/\/www.webdo.tn\/fr\/actualite\/national\/avenue-habib-bourguiba-un-policier-blesse-par-son-arme\/200399\/\" \/>\n<meta property=\"og:site_name\" content=\"webdo\" \/>\n<meta property=\"article:publisher\" content=\"https:\/\/www.facebook.com\/webdotn\" \/>\n<meta property=\"article:published_time\" content=\"2022-12-08T17:16:00+00:00\" \/>\n<meta property=\"article:modified_time\" content=\"2025-05-20T22:48:06+00:00\" \/>\n<meta property=\"og:image\" content=\"https:\/\/www.webdo.tn\/fr\/wp-content\/uploads\/2022\/12\/002e8a0506e46a3829c3f6b0112ee079.jpg\" \/>\n\t<meta property=\"og:image:width\" content=\"600\" \/>\n\t<meta property=\"og:image:height\" content=\"320\" \/>\n\t<meta property=\"og:image:type\" content=\"image\/jpeg\" \/>\n<meta name=\"author\" content=\"CL\" \/>\n<meta name=\"twitter:card\" content=\"summary_large_image\" \/>\n<meta name=\"twitter:creator\" content=\"@webdo_tn\" \/>\n<meta name=\"twitter:site\" content=\"@webdo_tn\" \/>\n<meta name=\"twitter:label1\" content=\"\u00c9crit par\" \/>\n\t<meta name=\"twitter:data1\" content=\"CL\" \/>\n<script type=\"application\/ld+json\" class=\"yoast-schema-graph\">{\"@context\":\"https:\\\/\\\/schema.org\",\"@graph\":[{\"@type\":\"NewsArticle\",\"@id\":\"https:\\\/\\\/www.webdo.tn\\\/fr\\\/actualite\\\/national\\\/avenue-habib-bourguiba-un-policier-blesse-par-son-arme\\\/200399\\\/#article\",\"isPartOf\":{\"@id\":\"https:\\\/\\\/www.webdo.tn\\\/fr\\\/actualite\\\/national\\\/avenue-habib-bourguiba-un-policier-blesse-par-son-arme\\\/200399\\\/\"},\"author\":{\"name\":\"CL\",\"@id\":\"https:\\\/\\\/www.webdo.tn\\\/fr\\\/#\\\/schema\\\/person\\\/f35b42a42c5e2511bbd282959d6385cc\"},\"headline\":\"Avenue Habib Bourguiba : D\u00e9c\u00e8s du policier bless\u00e9 par son arme\",\"datePublished\":\"2022-12-08T17:16:00+00:00\",\"dateModified\":\"2025-05-20T22:48:06+00:00\",\"mainEntityOfPage\":{\"@id\":\"https:\\\/\\\/www.webdo.tn\\\/fr\\\/actualite\\\/national\\\/avenue-habib-bourguiba-un-policier-blesse-par-son-arme\\\/200399\\\/\"},\"wordCount\":109,\"commentCount\":0,\"publisher\":{\"@id\":\"https:\\\/\\\/www.webdo.tn\\\/fr\\\/#organization\"},\"image\":{\"@id\":\"https:\\\/\\\/www.webdo.tn\\\/fr\\\/actualite\\\/national\\\/avenue-habib-bourguiba-un-policier-blesse-par-son-arme\\\/200399\\\/#primaryimage\"},\"thumbnailUrl\":\"https:\\\/\\\/www.webdo.tn\\\/fr\\\/wp-content\\\/uploads\\\/2022\\\/12\\\/002e8a0506e46a3829c3f6b0112ee079.jpg\",\"keywords\":[\"arme\",\"policier\",\"Tunisie\"],\"articleSection\":[\"National\"],\"inLanguage\":\"fr-FR\"},{\"@type\":\"WebPage\",\"@id\":\"https:\\\/\\\/www.webdo.tn\\\/fr\\\/actualite\\\/national\\\/avenue-habib-bourguiba-un-policier-blesse-par-son-arme\\\/200399\\\/\",\"url\":\"https:\\\/\\\/www.webdo.tn\\\/fr\\\/actualite\\\/national\\\/avenue-habib-bourguiba-un-policier-blesse-par-son-arme\\\/200399\\\/\",\"name\":\"Avenue Habib Bourguiba : D\u00e9c\u00e8s du policier bless\u00e9 par son arme\",\"isPartOf\":{\"@id\":\"https:\\\/\\\/www.webdo.tn\\\/fr\\\/#website\"},\"primaryImageOfPage\":{\"@id\":\"https:\\\/\\\/www.webdo.tn\\\/fr\\\/actualite\\\/national\\\/avenue-habib-bourguiba-un-policier-blesse-par-son-arme\\\/200399\\\/#primaryimage\"},\"image\":{\"@id\":\"https:\\\/\\\/www.webdo.tn\\\/fr\\\/actualite\\\/national\\\/avenue-habib-bourguiba-un-policier-blesse-par-son-arme\\\/200399\\\/#primaryimage\"},\"thumbnailUrl\":\"https:\\\/\\\/www.webdo.tn\\\/fr\\\/wp-content\\\/uploads\\\/2022\\\/12\\\/002e8a0506e46a3829c3f6b0112ee079.jpg\",\"datePublished\":\"2022-12-08T17:16:00+00:00\",\"dateModified\":\"2025-05-20T22:48:06+00:00\",\"description\":\"Mise \u00e0 Jour 20h00 \u2013 L\u2019agent de police qui a \u00e9t\u00e9 bless\u00e9 par balle de son propre arme ce jeudi au niveau de l\u2019avenue Habib Bourguiba a succomb\u00e9 \u00e0 ses blessures.\",\"breadcrumb\":{\"@id\":\"https:\\\/\\\/www.webdo.tn\\\/fr\\\/actualite\\\/national\\\/avenue-habib-bourguiba-un-policier-blesse-par-son-arme\\\/200399\\\/#breadcrumb\"},\"inLanguage\":\"fr-FR\",\"potentialAction\":[{\"@type\":\"ReadAction\",\"target\":[\"https:\\\/\\\/www.webdo.tn\\\/fr\\\/actualite\\\/national\\\/avenue-habib-bourguiba-un-policier-blesse-par-son-arme\\\/200399\\\/\"]}]},{\"@type\":\"ImageObject\",\"inLanguage\":\"fr-FR\",\"@id\":\"https:\\\/\\\/www.webdo.tn\\\/fr\\\/actualite\\\/national\\\/avenue-habib-bourguiba-un-policier-blesse-par-son-arme\\\/200399\\\/#primaryimage\",\"url\":\"https:\\\/\\\/www.webdo.tn\\\/fr\\\/wp-content\\\/uploads\\\/2022\\\/12\\\/002e8a0506e46a3829c3f6b0112ee079.jpg\",\"contentUrl\":\"https:\\\/\\\/www.webdo.tn\\\/fr\\\/wp-content\\\/uploads\\\/2022\\\/12\\\/002e8a0506e46a3829c3f6b0112ee079.jpg\",\"width\":600,\"height\":320,\"caption\":\"Avenue Habib Bourguiba\"},{\"@type\":\"BreadcrumbList\",\"@id\":\"https:\\\/\\\/www.webdo.tn\\\/fr\\\/actualite\\\/national\\\/avenue-habib-bourguiba-un-policier-blesse-par-son-arme\\\/200399\\\/#breadcrumb\",\"itemListElement\":[{\"@type\":\"ListItem\",\"position\":1,\"name\":\"Accueil\",\"item\":\"https:\\\/\\\/www.webdo.tn\\\/fr\\\/\"},{\"@type\":\"ListItem\",\"position\":2,\"name\":\"Avenue Habib Bourguiba : D\u00e9c\u00e8s du policier bless\u00e9 par son arme\"}]},{\"@type\":\"WebSite\",\"@id\":\"https:\\\/\\\/www.webdo.tn\\\/fr\\\/#website\",\"url\":\"https:\\\/\\\/www.webdo.tn\\\/fr\\\/\",\"name\":\"webdo\",\"description\":\"Tunisie - News en Tunisie et \u00e0 l&#039;international sur Webdo.tn\",\"publisher\":{\"@id\":\"https:\\\/\\\/www.webdo.tn\\\/fr\\\/#organization\"},\"potentialAction\":[{\"@type\":\"SearchAction\",\"target\":{\"@type\":\"EntryPoint\",\"urlTemplate\":\"https:\\\/\\\/www.webdo.tn\\\/fr\\\/?s={search_term_string}\"},\"query-input\":{\"@type\":\"PropertyValueSpecification\",\"valueRequired\":true,\"valueName\":\"search_term_string\"}}],\"inLanguage\":\"fr-FR\"},{\"@type\":\"Organization\",\"@id\":\"https:\\\/\\\/www.webdo.tn\\\/fr\\\/#organization\",\"name\":\"Webdo\",\"alternateName\":\"Webdo.tn\",\"url\":\"https:\\\/\\\/www.webdo.tn\\\/fr\\\/\",\"logo\":{\"@type\":\"ImageObject\",\"inLanguage\":\"fr-FR\",\"@id\":\"https:\\\/\\\/www.webdo.tn\\\/fr\\\/#\\\/schema\\\/logo\\\/image\\\/\",\"url\":\"https:\\\/\\\/www.webdo.tn\\\/fr\\\/wp-content\\\/uploads\\\/2025\\\/06\\\/Webdo-Tunisie_168377.jpg\",\"contentUrl\":\"https:\\\/\\\/www.webdo.tn\\\/fr\\\/wp-content\\\/uploads\\\/2025\\\/06\\\/Webdo-Tunisie_168377.jpg\",\"width\":301,\"height\":301,\"caption\":\"Webdo\"},\"image\":{\"@id\":\"https:\\\/\\\/www.webdo.tn\\\/fr\\\/#\\\/schema\\\/logo\\\/image\\\/\"},\"sameAs\":[\"https:\\\/\\\/www.facebook.com\\\/webdotn\",\"https:\\\/\\\/x.com\\\/webdo_tn\"],\"description\":\"Webdo est un m\u00e9dia num\u00e9rique tunisien fond\u00e9 en 2010, sp\u00e9cialis\u00e9 dans l\u2019actualit\u00e9 nationale et internationale, l\u2019\u00e9conomie, la soci\u00e9t\u00e9 et les analyses politiques. Le site s\u2019adresse \u00e0 un large public francophone et couvre l\u2019information tunisienne en temps r\u00e9el.\",\"email\":\"redac@webdo.tn\",\"legalName\":\"YNJ SARL\",\"foundingDate\":\"2010-09-06\",\"numberOfEmployees\":{\"@type\":\"QuantitativeValue\",\"minValue\":\"11\",\"maxValue\":\"50\"}},{\"@type\":\"Person\",\"@id\":\"https:\\\/\\\/www.webdo.tn\\\/fr\\\/#\\\/schema\\\/person\\\/f35b42a42c5e2511bbd282959d6385cc\",\"name\":\"CL\",\"image\":{\"@type\":\"ImageObject\",\"inLanguage\":\"fr-FR\",\"@id\":\"https:\\\/\\\/secure.gravatar.com\\\/avatar\\\/1447a49909b67aa657c488aec6512e1dd6143a480c1ecfee9b5b5cd74eb3b59e?s=96&d=mm&r=g\",\"url\":\"https:\\\/\\\/secure.gravatar.com\\\/avatar\\\/1447a49909b67aa657c488aec6512e1dd6143a480c1ecfee9b5b5cd74eb3b59e?s=96&d=mm&r=g\",\"contentUrl\":\"https:\\\/\\\/secure.gravatar.com\\\/avatar\\\/1447a49909b67aa657c488aec6512e1dd6143a480c1ecfee9b5b5cd74eb3b59e?s=96&d=mm&r=g\",\"caption\":\"CL\"},\"url\":\"https:\\\/\\\/www.webdo.tn\\\/fr\\\/actualite\\\/author\\\/cl\\\/\"}]}<\/script>\n<!-- \/ Yoast SEO Premium plugin. -->","yoast_head_json":{"title":"Avenue Habib Bourguiba : D\u00e9c\u00e8s du policier bless\u00e9 par son arme","description":"Mise \u00e0 Jour 20h00 \u2013 L\u2019agent de police qui a \u00e9t\u00e9 bless\u00e9 par balle de son propre arme ce jeudi au niveau de l\u2019avenue Habib Bourguiba a succomb\u00e9 \u00e0 ses blessures.","canonical":"https:\/\/www.webdo.tn\/fr\/actualite\/national\/avenue-habib-bourguiba-un-policier-blesse-par-son-arme\/200399\/","og_locale":"fr_FR","og_type":"article","og_title":"Avenue Habib Bourguiba : D\u00e9c\u00e8s du policier bless\u00e9 par son arme","og_description":"Mise \u00e0 Jour 20h00 \u2013 L\u2019agent de police qui a \u00e9t\u00e9 bless\u00e9 par balle de son propre arme ce jeudi au niveau de l\u2019avenue Habib Bourguiba a succomb\u00e9 \u00e0 ses blessures.","og_url":"https:\/\/www.webdo.tn\/fr\/actualite\/national\/avenue-habib-bourguiba-un-policier-blesse-par-son-arme\/200399\/","og_site_name":"webdo","article_publisher":"https:\/\/www.facebook.com\/webdotn","article_published_time":"2022-12-08T17:16:00+00:00","article_modified_time":"2025-05-20T22:48:06+00:00","og_image":[{"width":600,"height":320,"url":"https:\/\/www.webdo.tn\/fr\/wp-content\/uploads\/2022\/12\/002e8a0506e46a3829c3f6b0112ee079.jpg","type":"image\/jpeg"}],"author":"CL","twitter_card":"summary_large_image","twitter_creator":"@webdo_tn","twitter_site":"@webdo_tn","twitter_misc":{"\u00c9crit par":"CL"},"schema":{"@context":"https:\/\/schema.org","@graph":[{"@type":"NewsArticle","@id":"https:\/\/www.webdo.tn\/fr\/actualite\/national\/avenue-habib-bourguiba-un-policier-blesse-par-son-arme\/200399\/#article","isPartOf":{"@id":"https:\/\/www.webdo.tn\/fr\/actualite\/national\/avenue-habib-bourguiba-un-policier-blesse-par-son-arme\/200399\/"},"author":{"name":"CL","@id":"https:\/\/www.webdo.tn\/fr\/#\/schema\/person\/f35b42a42c5e2511bbd282959d6385cc"},"headline":"Avenue Habib Bourguiba : D\u00e9c\u00e8s du policier bless\u00e9 par son arme","datePublished":"2022-12-08T17:16:00+00:00","dateModified":"2025-05-20T22:48:06+00:00","mainEntityOfPage":{"@id":"https:\/\/www.webdo.tn\/fr\/actualite\/national\/avenue-habib-bourguiba-un-policier-blesse-par-son-arme\/200399\/"},"wordCount":109,"commentCount":0,"publisher":{"@id":"https:\/\/www.webdo.tn\/fr\/#organization"},"image":{"@id":"https:\/\/www.webdo.tn\/fr\/actualite\/national\/avenue-habib-bourguiba-un-policier-blesse-par-son-arme\/200399\/#primaryimage"},"thumbnailUrl":"https:\/\/www.webdo.tn\/fr\/wp-content\/uploads\/2022\/12\/002e8a0506e46a3829c3f6b0112ee079.jpg","keywords":["arme","policier","Tunisie"],"articleSection":["National"],"inLanguage":"fr-FR"},{"@type":"WebPage","@id":"https:\/\/www.webdo.tn\/fr\/actualite\/national\/avenue-habib-bourguiba-un-policier-blesse-par-son-arme\/200399\/","url":"https:\/\/www.webdo.tn\/fr\/actualite\/national\/avenue-habib-bourguiba-un-policier-blesse-par-son-arme\/200399\/","name":"Avenue Habib Bourguiba : D\u00e9c\u00e8s du policier bless\u00e9 par son arme","isPartOf":{"@id":"https:\/\/www.webdo.tn\/fr\/#website"},"primaryImageOfPage":{"@id":"https:\/\/www.webdo.tn\/fr\/actualite\/national\/avenue-habib-bourguiba-un-policier-blesse-par-son-arme\/200399\/#primaryimage"},"image":{"@id":"https:\/\/www.webdo.tn\/fr\/actualite\/national\/avenue-habib-bourguiba-un-policier-blesse-par-son-arme\/200399\/#primaryimage"},"thumbnailUrl":"https:\/\/www.webdo.tn\/fr\/wp-content\/uploads\/2022\/12\/002e8a0506e46a3829c3f6b0112ee079.jpg","datePublished":"2022-12-08T17:16:00+00:00","dateModified":"2025-05-20T22:48:06+00:00","description":"Mise \u00e0 Jour 20h00 \u2013 L\u2019agent de police qui a \u00e9t\u00e9 bless\u00e9 par balle de son propre arme ce jeudi au niveau de l\u2019avenue Habib Bourguiba a succomb\u00e9 \u00e0 ses blessures.","breadcrumb":{"@id":"https:\/\/www.webdo.tn\/fr\/actualite\/national\/avenue-habib-bourguiba-un-policier-blesse-par-son-arme\/200399\/#breadcrumb"},"inLanguage":"fr-FR","potentialAction":[{"@type":"ReadAction","target":["https:\/\/www.webdo.tn\/fr\/actualite\/national\/avenue-habib-bourguiba-un-policier-blesse-par-son-arme\/200399\/"]}]},{"@type":"ImageObject","inLanguage":"fr-FR","@id":"https:\/\/www.webdo.tn\/fr\/actualite\/national\/avenue-habib-bourguiba-un-policier-blesse-par-son-arme\/200399\/#primaryimage","url":"https:\/\/www.webdo.tn\/fr\/wp-content\/uploads\/2022\/12\/002e8a0506e46a3829c3f6b0112ee079.jpg","contentUrl":"https:\/\/www.webdo.tn\/fr\/wp-content\/uploads\/2022\/12\/002e8a0506e46a3829c3f6b0112ee079.jpg","width":600,"height":320,"caption":"Avenue Habib Bourguiba"},{"@type":"BreadcrumbList","@id":"https:\/\/www.webdo.tn\/fr\/actualite\/national\/avenue-habib-bourguiba-un-policier-blesse-par-son-arme\/200399\/#breadcrumb","itemListElement":[{"@type":"ListItem","position":1,"name":"Accueil","item":"https:\/\/www.webdo.tn\/fr\/"},{"@type":"ListItem","position":2,"name":"Avenue Habib Bourguiba : D\u00e9c\u00e8s du policier bless\u00e9 par son arme"}]},{"@type":"WebSite","@id":"https:\/\/www.webdo.tn\/fr\/#website","url":"https:\/\/www.webdo.tn\/fr\/","name":"webdo","description":"Tunisie - News en Tunisie et \u00e0 l&#039;international sur Webdo.tn","publisher":{"@id":"https:\/\/www.webdo.tn\/fr\/#organization"},"potentialAction":[{"@type":"SearchAction","target":{"@type":"EntryPoint","urlTemplate":"https:\/\/www.webdo.tn\/fr\/?s={search_term_string}"},"query-input":{"@type":"PropertyValueSpecification","valueRequired":true,"valueName":"search_term_string"}}],"inLanguage":"fr-FR"},{"@type":"Organization","@id":"https:\/\/www.webdo.tn\/fr\/#organization","name":"Webdo","alternateName":"Webdo.tn","url":"https:\/\/www.webdo.tn\/fr\/","logo":{"@type":"ImageObject","inLanguage":"fr-FR","@id":"https:\/\/www.webdo.tn\/fr\/#\/schema\/logo\/image\/","url":"https:\/\/www.webdo.tn\/fr\/wp-content\/uploads\/2025\/06\/Webdo-Tunisie_168377.jpg","contentUrl":"https:\/\/www.webdo.tn\/fr\/wp-content\/uploads\/2025\/06\/Webdo-Tunisie_168377.jpg","width":301,"height":301,"caption":"Webdo"},"image":{"@id":"https:\/\/www.webdo.tn\/fr\/#\/schema\/logo\/image\/"},"sameAs":["https:\/\/www.facebook.com\/webdotn","https:\/\/x.com\/webdo_tn"],"description":"Webdo est un m\u00e9dia num\u00e9rique tunisien fond\u00e9 en 2010, sp\u00e9cialis\u00e9 dans l\u2019actualit\u00e9 nationale et internationale, l\u2019\u00e9conomie, la soci\u00e9t\u00e9 et les analyses politiques. Le site s\u2019adresse \u00e0 un large public francophone et couvre l\u2019information tunisienne en temps r\u00e9el.","email":"redac@webdo.tn","legalName":"YNJ SARL","foundingDate":"2010-09-06","numberOfEmployees":{"@type":"QuantitativeValue","minValue":"11","maxValue":"50"}},{"@type":"Person","@id":"https:\/\/www.webdo.tn\/fr\/#\/schema\/person\/f35b42a42c5e2511bbd282959d6385cc","name":"CL","image":{"@type":"ImageObject","inLanguage":"fr-FR","@id":"https:\/\/secure.gravatar.com\/avatar\/1447a49909b67aa657c488aec6512e1dd6143a480c1ecfee9b5b5cd74eb3b59e?s=96&d=mm&r=g","url":"https:\/\/secure.gravatar.com\/avatar\/1447a49909b67aa657c488aec6512e1dd6143a480c1ecfee9b5b5cd74eb3b59e?s=96&d=mm&r=g","contentUrl":"https:\/\/secure.gravatar.com\/avatar\/1447a49909b67aa657c488aec6512e1dd6143a480c1ecfee9b5b5cd74eb3b59e?s=96&d=mm&r=g","caption":"CL"},"url":"https:\/\/www.webdo.tn\/fr\/actualite\/author\/cl\/"}]}},"_links":{"self":[{"href":"https:\/\/www.webdo.tn\/fr\/wp-json\/wp\/v2\/posts\/200399","targetHints":{"allow":["GET"]}}],"collection":[{"href":"https:\/\/www.webdo.tn\/fr\/wp-json\/wp\/v2\/posts"}],"about":[{"href":"https:\/\/www.webdo.tn\/fr\/wp-json\/wp\/v2\/types\/post"}],"author":[{"embeddable":true,"href":"https:\/\/www.webdo.tn\/fr\/wp-json\/wp\/v2\/users\/3175"}],"replies":[{"embeddable":true,"href":"https:\/\/www.webdo.tn\/fr\/wp-json\/wp\/v2\/comments?post=200399"}],"version-history":[{"count":0,"href":"https:\/\/www.webdo.tn\/fr\/wp-json\/wp\/v2\/posts\/200399\/revisions"}],"wp:featuredmedia":[{"embeddable":true,"href":"https:\/\/www.webdo.tn\/fr\/wp-json\/wp\/v2\/media\/277336"}],"wp:attachment":[{"href":"https:\/\/www.webdo.tn\/fr\/wp-json\/wp\/v2\/media?parent=200399"}],"wp:term":[{"taxonomy":"category","embeddable":true,"href":"https:\/\/www.webdo.tn\/fr\/wp-json\/wp\/v2\/categories?post=200399"},{"taxonomy":"post_tag","embeddable":true,"href":"https:\/\/www.webdo.tn\/fr\/wp-json\/wp\/v2\/tags?post=200399"}],"curies":[{"name":"wp","href":"https:\/\/api.w.org\/{rel}","templated":true}]}}