{"id":200394,"date":"2022-12-08T15:35:00","date_gmt":"2022-12-08T15:35:00","guid":{"rendered":"https:\/\/www.webdo.tn\/fr\/actualite\/blog\/le-stade-chedly-zouiten-en-perpetuelle-renovation\/200394\/"},"modified":"2025-05-22T11:41:44","modified_gmt":"2025-05-22T11:41:44","slug":"le-stade-chedly-zouiten-en-perpetuelle-renovation","status":"publish","type":"post","link":"https:\/\/www.webdo.tn\/fr\/actualite\/sport\/le-stade-chedly-zouiten-en-perpetuelle-renovation\/200394\/","title":{"rendered":"Le stade Chedly Zouiten en perp\u00e9tuelle r\u00e9novation !"},"content":{"rendered":"<p>Le stade Chedly Zouiten reste une \u00e9nigme pour tous les Tunisiens. Depuis des ann\u00e9es, on annonce \u00e0 cor et \u00e0 cri que ce stade n\u00e9cessite une r\u00e9novation totale\u2026 Depuis des ann\u00e9es, on effectue des r\u00e9am\u00e9nagements dans ce stade qui n\u2019accueille d\u00e9sormais que par intermittence des matches amicaux \u00e0 huis clos.<\/p>\n<p> Et pourtant, \u00e0 chaque fois qu\u2019il revient sous les feux de l\u2019actualit\u00e9, ce stade r\u00e9appara\u00eet avec ses probl\u00e8mes. Actuellement, le stade Hamadi Agrebi est ferm\u00e9 pour entretien annuel, le stade d\u2019El-Menzah est en compl\u00e8te r\u00e9novation, ce qui oblige les deux clubs de la capitale, le Club Africain et l\u2019ES Tunis \u00e0 se rabattre sur lui.<\/p>\n<p>Malheureusement, cela ne sera pas possible avant le 20 d\u00e9cembre comme le confirme Imed Dabbabi, pr\u00e9sident de la Commission de la jeunesse et des sports \u00e0 la municipalit\u00e9 de Tunis. Ce dernier a indiqu\u00e9 aujourd\u2019hui, sur les ondes de Mosaique fm que le stade Chedly Zouiten ne sera pas pr\u00eat avant le 20 d\u00e9cembre 2022, apr\u00e8s l&rsquo;entretien de la pelouse.<\/p>\n<p>Il a pr\u00e9cis\u00e9 que la municipalit\u00e9 de Tunis et la circonscription municipale d&rsquo;El Menzah avaient effectu\u00e9 les travaux n\u00e9cessaires pour le r\u00e9am\u00e9nagement du stade pour accueillir des matches, ajoutant que les d\u00e9penses ont d\u00e9pass\u00e9 250 mille dinars.<\/p>\n<p>Imed Dabbabi a toutefois pr\u00e9cis\u00e9 que le vrai probl\u00e8me qui emp\u00eache l&rsquo;organisation de matcs au stade Chedly Zouiten est la s\u00e9curit\u00e9 sachant que ce stade peut accueillir 18 mille spectateurs.<\/p>\n<p>Cons\u00e9quence : l\u2019ES Tunis accueillera, dimanche prochain le CS Sfaxien au stade municipal de Hammam-Lif pour y jouer son match retard de la 1\u00e8re journ\u00e9e de Ligue 1.<\/p>\n","protected":false},"excerpt":{"rendered":"<p>Le stade Chedly Zouiten reste une \u00e9nigme pour tous les Tunisiens. Depuis des ann\u00e9es, on annonce \u00e0 cor et \u00e0 cri que ce stade n\u00e9cessite une r\u00e9novation totale\u2026 Dep&#8230;<\/p>\n","protected":false},"author":3162,"featured_media":348468,"comment_status":"open","ping_status":"closed","sticky":false,"template":"","format":"standard","meta":{"footnotes":""},"categories":[2593],"tags":[2777,11486,2640],"class_list":["post-200394","post","type-post","status-publish","format-standard","has-post-thumbnail","hentry","category-sport","tag-ligue-1","tag-stade-chedly-zouiten","tag-tunis"],"yoast_head":"<!-- This site is optimized with the Yoast SEO Premium plugin v27.5 (Yoast SEO v27.5) - https:\/\/yoast.com\/product\/yoast-seo-premium-wordpress\/ -->\n<title>Le stade Chedly Zouiten en perp\u00e9tuelle r\u00e9novation !<\/title>\n<meta name=\"description\" content=\"Le stade Chedly Zouiten reste une \u00e9nigme pour tous les Tunisiens. Depuis des ann\u00e9es, on annonce \u00e0 cor et \u00e0 cri que ce stade n\u00e9cessite une r\u00e9novation totale\u2026 Dep...\" \/>\n<link rel=\"canonical\" href=\"https:\/\/www.webdo.tn\/fr\/actualite\/sport\/le-stade-chedly-zouiten-en-perpetuelle-renovation\/200394\/\" \/>\n<meta property=\"og:locale\" content=\"fr_FR\" \/>\n<meta property=\"og:type\" content=\"article\" \/>\n<meta property=\"og:title\" content=\"Le stade Chedly Zouiten en perp\u00e9tuelle r\u00e9novation !\" \/>\n<meta property=\"og:description\" content=\"Le stade Chedly Zouiten reste une \u00e9nigme pour tous les Tunisiens. Depuis des ann\u00e9es, on annonce \u00e0 cor et \u00e0 cri que ce stade n\u00e9cessite une r\u00e9novation totale\u2026 Dep...\" \/>\n<meta property=\"og:url\" content=\"https:\/\/www.webdo.tn\/fr\/actualite\/sport\/le-stade-chedly-zouiten-en-perpetuelle-renovation\/200394\/\" \/>\n<meta property=\"og:site_name\" content=\"webdo\" \/>\n<meta property=\"article:publisher\" content=\"https:\/\/www.facebook.com\/webdotn\" \/>\n<meta property=\"article:published_time\" content=\"2022-12-08T15:35:00+00:00\" \/>\n<meta property=\"article:modified_time\" content=\"2025-05-22T11:41:44+00:00\" \/>\n<meta property=\"og:image\" content=\"https:\/\/www.webdo.tn\/fr\/wp-content\/uploads\/2022\/12\/3c4fc5a18363347757aaa6b61cea7ef9.jpg\" \/>\n\t<meta property=\"og:image:width\" content=\"750\" \/>\n\t<meta property=\"og:image:height\" content=\"400\" \/>\n\t<meta property=\"og:image:type\" content=\"image\/jpeg\" \/>\n<meta name=\"author\" content=\"MC\" \/>\n<meta name=\"twitter:card\" content=\"summary_large_image\" \/>\n<meta name=\"twitter:creator\" content=\"@webdo_tn\" \/>\n<meta name=\"twitter:site\" content=\"@webdo_tn\" \/>\n<meta name=\"twitter:label1\" content=\"\u00c9crit par\" \/>\n\t<meta name=\"twitter:data1\" content=\"MC\" \/>\n\t<meta name=\"twitter:label2\" content=\"Dur\u00e9e de lecture estim\u00e9e\" \/>\n\t<meta name=\"twitter:data2\" content=\"1 minute\" \/>\n<script type=\"application\/ld+json\" class=\"yoast-schema-graph\">{\"@context\":\"https:\\\/\\\/schema.org\",\"@graph\":[{\"@type\":\"NewsArticle\",\"@id\":\"https:\\\/\\\/www.webdo.tn\\\/fr\\\/actualite\\\/sport\\\/le-stade-chedly-zouiten-en-perpetuelle-renovation\\\/200394\\\/#article\",\"isPartOf\":{\"@id\":\"https:\\\/\\\/www.webdo.tn\\\/fr\\\/actualite\\\/sport\\\/le-stade-chedly-zouiten-en-perpetuelle-renovation\\\/200394\\\/\"},\"author\":{\"name\":\"MC\",\"@id\":\"https:\\\/\\\/www.webdo.tn\\\/fr\\\/#\\\/schema\\\/person\\\/2c4929cbf5a809e3bd38617c6ce150f6\"},\"headline\":\"Le stade Chedly Zouiten en perp\u00e9tuelle r\u00e9novation !\",\"datePublished\":\"2022-12-08T15:35:00+00:00\",\"dateModified\":\"2025-05-22T11:41:44+00:00\",\"mainEntityOfPage\":{\"@id\":\"https:\\\/\\\/www.webdo.tn\\\/fr\\\/actualite\\\/sport\\\/le-stade-chedly-zouiten-en-perpetuelle-renovation\\\/200394\\\/\"},\"wordCount\":295,\"commentCount\":0,\"publisher\":{\"@id\":\"https:\\\/\\\/www.webdo.tn\\\/fr\\\/#organization\"},\"image\":{\"@id\":\"https:\\\/\\\/www.webdo.tn\\\/fr\\\/actualite\\\/sport\\\/le-stade-chedly-zouiten-en-perpetuelle-renovation\\\/200394\\\/#primaryimage\"},\"thumbnailUrl\":\"https:\\\/\\\/www.webdo.tn\\\/fr\\\/wp-content\\\/uploads\\\/2022\\\/12\\\/3c4fc5a18363347757aaa6b61cea7ef9.jpg\",\"keywords\":[\"Ligue 1\",\"stade chedly zouiten\",\"Tunis\"],\"articleSection\":[\"Sport\"],\"inLanguage\":\"fr-FR\"},{\"@type\":\"WebPage\",\"@id\":\"https:\\\/\\\/www.webdo.tn\\\/fr\\\/actualite\\\/sport\\\/le-stade-chedly-zouiten-en-perpetuelle-renovation\\\/200394\\\/\",\"url\":\"https:\\\/\\\/www.webdo.tn\\\/fr\\\/actualite\\\/sport\\\/le-stade-chedly-zouiten-en-perpetuelle-renovation\\\/200394\\\/\",\"name\":\"Le stade Chedly Zouiten en perp\u00e9tuelle r\u00e9novation !\",\"isPartOf\":{\"@id\":\"https:\\\/\\\/www.webdo.tn\\\/fr\\\/#website\"},\"primaryImageOfPage\":{\"@id\":\"https:\\\/\\\/www.webdo.tn\\\/fr\\\/actualite\\\/sport\\\/le-stade-chedly-zouiten-en-perpetuelle-renovation\\\/200394\\\/#primaryimage\"},\"image\":{\"@id\":\"https:\\\/\\\/www.webdo.tn\\\/fr\\\/actualite\\\/sport\\\/le-stade-chedly-zouiten-en-perpetuelle-renovation\\\/200394\\\/#primaryimage\"},\"thumbnailUrl\":\"https:\\\/\\\/www.webdo.tn\\\/fr\\\/wp-content\\\/uploads\\\/2022\\\/12\\\/3c4fc5a18363347757aaa6b61cea7ef9.jpg\",\"datePublished\":\"2022-12-08T15:35:00+00:00\",\"dateModified\":\"2025-05-22T11:41:44+00:00\",\"description\":\"Le stade Chedly Zouiten reste une \u00e9nigme pour tous les Tunisiens. Depuis des ann\u00e9es, on annonce \u00e0 cor et \u00e0 cri que ce stade n\u00e9cessite une r\u00e9novation totale\u2026 Dep...\",\"breadcrumb\":{\"@id\":\"https:\\\/\\\/www.webdo.tn\\\/fr\\\/actualite\\\/sport\\\/le-stade-chedly-zouiten-en-perpetuelle-renovation\\\/200394\\\/#breadcrumb\"},\"inLanguage\":\"fr-FR\",\"potentialAction\":[{\"@type\":\"ReadAction\",\"target\":[\"https:\\\/\\\/www.webdo.tn\\\/fr\\\/actualite\\\/sport\\\/le-stade-chedly-zouiten-en-perpetuelle-renovation\\\/200394\\\/\"]}]},{\"@type\":\"ImageObject\",\"inLanguage\":\"fr-FR\",\"@id\":\"https:\\\/\\\/www.webdo.tn\\\/fr\\\/actualite\\\/sport\\\/le-stade-chedly-zouiten-en-perpetuelle-renovation\\\/200394\\\/#primaryimage\",\"url\":\"https:\\\/\\\/www.webdo.tn\\\/fr\\\/wp-content\\\/uploads\\\/2022\\\/12\\\/3c4fc5a18363347757aaa6b61cea7ef9.jpg\",\"contentUrl\":\"https:\\\/\\\/www.webdo.tn\\\/fr\\\/wp-content\\\/uploads\\\/2022\\\/12\\\/3c4fc5a18363347757aaa6b61cea7ef9.jpg\",\"width\":750,\"height\":400,\"caption\":\"Le stade Chedly Zouiten en perp\u00e9tuelle r\u00e9novation !\"},{\"@type\":\"BreadcrumbList\",\"@id\":\"https:\\\/\\\/www.webdo.tn\\\/fr\\\/actualite\\\/sport\\\/le-stade-chedly-zouiten-en-perpetuelle-renovation\\\/200394\\\/#breadcrumb\",\"itemListElement\":[{\"@type\":\"ListItem\",\"position\":1,\"name\":\"Accueil\",\"item\":\"https:\\\/\\\/www.webdo.tn\\\/fr\\\/\"},{\"@type\":\"ListItem\",\"position\":2,\"name\":\"Le stade Chedly Zouiten en perp\u00e9tuelle r\u00e9novation !\"}]},{\"@type\":\"WebSite\",\"@id\":\"https:\\\/\\\/www.webdo.tn\\\/fr\\\/#website\",\"url\":\"https:\\\/\\\/www.webdo.tn\\\/fr\\\/\",\"name\":\"webdo\",\"description\":\"Tunisie - News en Tunisie et \u00e0 l&#039;international sur Webdo.tn\",\"publisher\":{\"@id\":\"https:\\\/\\\/www.webdo.tn\\\/fr\\\/#organization\"},\"potentialAction\":[{\"@type\":\"SearchAction\",\"target\":{\"@type\":\"EntryPoint\",\"urlTemplate\":\"https:\\\/\\\/www.webdo.tn\\\/fr\\\/?s={search_term_string}\"},\"query-input\":{\"@type\":\"PropertyValueSpecification\",\"valueRequired\":true,\"valueName\":\"search_term_string\"}}],\"inLanguage\":\"fr-FR\"},{\"@type\":\"Organization\",\"@id\":\"https:\\\/\\\/www.webdo.tn\\\/fr\\\/#organization\",\"name\":\"Webdo\",\"alternateName\":\"Webdo.tn\",\"url\":\"https:\\\/\\\/www.webdo.tn\\\/fr\\\/\",\"logo\":{\"@type\":\"ImageObject\",\"inLanguage\":\"fr-FR\",\"@id\":\"https:\\\/\\\/www.webdo.tn\\\/fr\\\/#\\\/schema\\\/logo\\\/image\\\/\",\"url\":\"https:\\\/\\\/www.webdo.tn\\\/fr\\\/wp-content\\\/uploads\\\/2025\\\/06\\\/Webdo-Tunisie_168377.jpg\",\"contentUrl\":\"https:\\\/\\\/www.webdo.tn\\\/fr\\\/wp-content\\\/uploads\\\/2025\\\/06\\\/Webdo-Tunisie_168377.jpg\",\"width\":301,\"height\":301,\"caption\":\"Webdo\"},\"image\":{\"@id\":\"https:\\\/\\\/www.webdo.tn\\\/fr\\\/#\\\/schema\\\/logo\\\/image\\\/\"},\"sameAs\":[\"https:\\\/\\\/www.facebook.com\\\/webdotn\",\"https:\\\/\\\/x.com\\\/webdo_tn\"],\"description\":\"Webdo est un m\u00e9dia num\u00e9rique tunisien fond\u00e9 en 2010, sp\u00e9cialis\u00e9 dans l\u2019actualit\u00e9 nationale et internationale, l\u2019\u00e9conomie, la soci\u00e9t\u00e9 et les analyses politiques. Le site s\u2019adresse \u00e0 un large public francophone et couvre l\u2019information tunisienne en temps r\u00e9el.\",\"email\":\"redac@webdo.tn\",\"legalName\":\"YNJ SARL\",\"foundingDate\":\"2010-09-06\",\"numberOfEmployees\":{\"@type\":\"QuantitativeValue\",\"minValue\":\"11\",\"maxValue\":\"50\"}},{\"@type\":\"Person\",\"@id\":\"https:\\\/\\\/www.webdo.tn\\\/fr\\\/#\\\/schema\\\/person\\\/2c4929cbf5a809e3bd38617c6ce150f6\",\"name\":\"MC\",\"image\":{\"@type\":\"ImageObject\",\"inLanguage\":\"fr-FR\",\"@id\":\"https:\\\/\\\/secure.gravatar.com\\\/avatar\\\/a545bbb6f84efdd5553dbbc2895e3ca8f1d12c5215e00a041c9670b54aa9b18a?s=96&d=mm&r=g\",\"url\":\"https:\\\/\\\/secure.gravatar.com\\\/avatar\\\/a545bbb6f84efdd5553dbbc2895e3ca8f1d12c5215e00a041c9670b54aa9b18a?s=96&d=mm&r=g\",\"contentUrl\":\"https:\\\/\\\/secure.gravatar.com\\\/avatar\\\/a545bbb6f84efdd5553dbbc2895e3ca8f1d12c5215e00a041c9670b54aa9b18a?s=96&d=mm&r=g\",\"caption\":\"MC\"},\"url\":\"https:\\\/\\\/www.webdo.tn\\\/fr\\\/actualite\\\/author\\\/mc\\\/\"}]}<\/script>\n<!-- \/ Yoast SEO Premium plugin. -->","yoast_head_json":{"title":"Le stade Chedly Zouiten en perp\u00e9tuelle r\u00e9novation !","description":"Le stade Chedly Zouiten reste une \u00e9nigme pour tous les Tunisiens. Depuis des ann\u00e9es, on annonce \u00e0 cor et \u00e0 cri que ce stade n\u00e9cessite une r\u00e9novation totale\u2026 Dep...","canonical":"https:\/\/www.webdo.tn\/fr\/actualite\/sport\/le-stade-chedly-zouiten-en-perpetuelle-renovation\/200394\/","og_locale":"fr_FR","og_type":"article","og_title":"Le stade Chedly Zouiten en perp\u00e9tuelle r\u00e9novation !","og_description":"Le stade Chedly Zouiten reste une \u00e9nigme pour tous les Tunisiens. Depuis des ann\u00e9es, on annonce \u00e0 cor et \u00e0 cri que ce stade n\u00e9cessite une r\u00e9novation totale\u2026 Dep...","og_url":"https:\/\/www.webdo.tn\/fr\/actualite\/sport\/le-stade-chedly-zouiten-en-perpetuelle-renovation\/200394\/","og_site_name":"webdo","article_publisher":"https:\/\/www.facebook.com\/webdotn","article_published_time":"2022-12-08T15:35:00+00:00","article_modified_time":"2025-05-22T11:41:44+00:00","og_image":[{"width":750,"height":400,"url":"https:\/\/www.webdo.tn\/fr\/wp-content\/uploads\/2022\/12\/3c4fc5a18363347757aaa6b61cea7ef9.jpg","type":"image\/jpeg"}],"author":"MC","twitter_card":"summary_large_image","twitter_creator":"@webdo_tn","twitter_site":"@webdo_tn","twitter_misc":{"\u00c9crit par":"MC","Dur\u00e9e de lecture estim\u00e9e":"1 minute"},"schema":{"@context":"https:\/\/schema.org","@graph":[{"@type":"NewsArticle","@id":"https:\/\/www.webdo.tn\/fr\/actualite\/sport\/le-stade-chedly-zouiten-en-perpetuelle-renovation\/200394\/#article","isPartOf":{"@id":"https:\/\/www.webdo.tn\/fr\/actualite\/sport\/le-stade-chedly-zouiten-en-perpetuelle-renovation\/200394\/"},"author":{"name":"MC","@id":"https:\/\/www.webdo.tn\/fr\/#\/schema\/person\/2c4929cbf5a809e3bd38617c6ce150f6"},"headline":"Le stade Chedly Zouiten en perp\u00e9tuelle r\u00e9novation !","datePublished":"2022-12-08T15:35:00+00:00","dateModified":"2025-05-22T11:41:44+00:00","mainEntityOfPage":{"@id":"https:\/\/www.webdo.tn\/fr\/actualite\/sport\/le-stade-chedly-zouiten-en-perpetuelle-renovation\/200394\/"},"wordCount":295,"commentCount":0,"publisher":{"@id":"https:\/\/www.webdo.tn\/fr\/#organization"},"image":{"@id":"https:\/\/www.webdo.tn\/fr\/actualite\/sport\/le-stade-chedly-zouiten-en-perpetuelle-renovation\/200394\/#primaryimage"},"thumbnailUrl":"https:\/\/www.webdo.tn\/fr\/wp-content\/uploads\/2022\/12\/3c4fc5a18363347757aaa6b61cea7ef9.jpg","keywords":["Ligue 1","stade chedly zouiten","Tunis"],"articleSection":["Sport"],"inLanguage":"fr-FR"},{"@type":"WebPage","@id":"https:\/\/www.webdo.tn\/fr\/actualite\/sport\/le-stade-chedly-zouiten-en-perpetuelle-renovation\/200394\/","url":"https:\/\/www.webdo.tn\/fr\/actualite\/sport\/le-stade-chedly-zouiten-en-perpetuelle-renovation\/200394\/","name":"Le stade Chedly Zouiten en perp\u00e9tuelle r\u00e9novation !","isPartOf":{"@id":"https:\/\/www.webdo.tn\/fr\/#website"},"primaryImageOfPage":{"@id":"https:\/\/www.webdo.tn\/fr\/actualite\/sport\/le-stade-chedly-zouiten-en-perpetuelle-renovation\/200394\/#primaryimage"},"image":{"@id":"https:\/\/www.webdo.tn\/fr\/actualite\/sport\/le-stade-chedly-zouiten-en-perpetuelle-renovation\/200394\/#primaryimage"},"thumbnailUrl":"https:\/\/www.webdo.tn\/fr\/wp-content\/uploads\/2022\/12\/3c4fc5a18363347757aaa6b61cea7ef9.jpg","datePublished":"2022-12-08T15:35:00+00:00","dateModified":"2025-05-22T11:41:44+00:00","description":"Le stade Chedly Zouiten reste une \u00e9nigme pour tous les Tunisiens. Depuis des ann\u00e9es, on annonce \u00e0 cor et \u00e0 cri que ce stade n\u00e9cessite une r\u00e9novation totale\u2026 Dep...","breadcrumb":{"@id":"https:\/\/www.webdo.tn\/fr\/actualite\/sport\/le-stade-chedly-zouiten-en-perpetuelle-renovation\/200394\/#breadcrumb"},"inLanguage":"fr-FR","potentialAction":[{"@type":"ReadAction","target":["https:\/\/www.webdo.tn\/fr\/actualite\/sport\/le-stade-chedly-zouiten-en-perpetuelle-renovation\/200394\/"]}]},{"@type":"ImageObject","inLanguage":"fr-FR","@id":"https:\/\/www.webdo.tn\/fr\/actualite\/sport\/le-stade-chedly-zouiten-en-perpetuelle-renovation\/200394\/#primaryimage","url":"https:\/\/www.webdo.tn\/fr\/wp-content\/uploads\/2022\/12\/3c4fc5a18363347757aaa6b61cea7ef9.jpg","contentUrl":"https:\/\/www.webdo.tn\/fr\/wp-content\/uploads\/2022\/12\/3c4fc5a18363347757aaa6b61cea7ef9.jpg","width":750,"height":400,"caption":"Le stade Chedly Zouiten en perp\u00e9tuelle r\u00e9novation !"},{"@type":"BreadcrumbList","@id":"https:\/\/www.webdo.tn\/fr\/actualite\/sport\/le-stade-chedly-zouiten-en-perpetuelle-renovation\/200394\/#breadcrumb","itemListElement":[{"@type":"ListItem","position":1,"name":"Accueil","item":"https:\/\/www.webdo.tn\/fr\/"},{"@type":"ListItem","position":2,"name":"Le stade Chedly Zouiten en perp\u00e9tuelle r\u00e9novation !"}]},{"@type":"WebSite","@id":"https:\/\/www.webdo.tn\/fr\/#website","url":"https:\/\/www.webdo.tn\/fr\/","name":"webdo","description":"Tunisie - News en Tunisie et \u00e0 l&#039;international sur Webdo.tn","publisher":{"@id":"https:\/\/www.webdo.tn\/fr\/#organization"},"potentialAction":[{"@type":"SearchAction","target":{"@type":"EntryPoint","urlTemplate":"https:\/\/www.webdo.tn\/fr\/?s={search_term_string}"},"query-input":{"@type":"PropertyValueSpecification","valueRequired":true,"valueName":"search_term_string"}}],"inLanguage":"fr-FR"},{"@type":"Organization","@id":"https:\/\/www.webdo.tn\/fr\/#organization","name":"Webdo","alternateName":"Webdo.tn","url":"https:\/\/www.webdo.tn\/fr\/","logo":{"@type":"ImageObject","inLanguage":"fr-FR","@id":"https:\/\/www.webdo.tn\/fr\/#\/schema\/logo\/image\/","url":"https:\/\/www.webdo.tn\/fr\/wp-content\/uploads\/2025\/06\/Webdo-Tunisie_168377.jpg","contentUrl":"https:\/\/www.webdo.tn\/fr\/wp-content\/uploads\/2025\/06\/Webdo-Tunisie_168377.jpg","width":301,"height":301,"caption":"Webdo"},"image":{"@id":"https:\/\/www.webdo.tn\/fr\/#\/schema\/logo\/image\/"},"sameAs":["https:\/\/www.facebook.com\/webdotn","https:\/\/x.com\/webdo_tn"],"description":"Webdo est un m\u00e9dia num\u00e9rique tunisien fond\u00e9 en 2010, sp\u00e9cialis\u00e9 dans l\u2019actualit\u00e9 nationale et internationale, l\u2019\u00e9conomie, la soci\u00e9t\u00e9 et les analyses politiques. Le site s\u2019adresse \u00e0 un large public francophone et couvre l\u2019information tunisienne en temps r\u00e9el.","email":"redac@webdo.tn","legalName":"YNJ SARL","foundingDate":"2010-09-06","numberOfEmployees":{"@type":"QuantitativeValue","minValue":"11","maxValue":"50"}},{"@type":"Person","@id":"https:\/\/www.webdo.tn\/fr\/#\/schema\/person\/2c4929cbf5a809e3bd38617c6ce150f6","name":"MC","image":{"@type":"ImageObject","inLanguage":"fr-FR","@id":"https:\/\/secure.gravatar.com\/avatar\/a545bbb6f84efdd5553dbbc2895e3ca8f1d12c5215e00a041c9670b54aa9b18a?s=96&d=mm&r=g","url":"https:\/\/secure.gravatar.com\/avatar\/a545bbb6f84efdd5553dbbc2895e3ca8f1d12c5215e00a041c9670b54aa9b18a?s=96&d=mm&r=g","contentUrl":"https:\/\/secure.gravatar.com\/avatar\/a545bbb6f84efdd5553dbbc2895e3ca8f1d12c5215e00a041c9670b54aa9b18a?s=96&d=mm&r=g","caption":"MC"},"url":"https:\/\/www.webdo.tn\/fr\/actualite\/author\/mc\/"}]}},"_links":{"self":[{"href":"https:\/\/www.webdo.tn\/fr\/wp-json\/wp\/v2\/posts\/200394","targetHints":{"allow":["GET"]}}],"collection":[{"href":"https:\/\/www.webdo.tn\/fr\/wp-json\/wp\/v2\/posts"}],"about":[{"href":"https:\/\/www.webdo.tn\/fr\/wp-json\/wp\/v2\/types\/post"}],"author":[{"embeddable":true,"href":"https:\/\/www.webdo.tn\/fr\/wp-json\/wp\/v2\/users\/3162"}],"replies":[{"embeddable":true,"href":"https:\/\/www.webdo.tn\/fr\/wp-json\/wp\/v2\/comments?post=200394"}],"version-history":[{"count":0,"href":"https:\/\/www.webdo.tn\/fr\/wp-json\/wp\/v2\/posts\/200394\/revisions"}],"wp:featuredmedia":[{"embeddable":true,"href":"https:\/\/www.webdo.tn\/fr\/wp-json\/wp\/v2\/media\/348468"}],"wp:attachment":[{"href":"https:\/\/www.webdo.tn\/fr\/wp-json\/wp\/v2\/media?parent=200394"}],"wp:term":[{"taxonomy":"category","embeddable":true,"href":"https:\/\/www.webdo.tn\/fr\/wp-json\/wp\/v2\/categories?post=200394"},{"taxonomy":"post_tag","embeddable":true,"href":"https:\/\/www.webdo.tn\/fr\/wp-json\/wp\/v2\/tags?post=200394"}],"curies":[{"name":"wp","href":"https:\/\/api.w.org\/{rel}","templated":true}]}}