{"id":200355,"date":"2022-12-07T19:58:00","date_gmt":"2022-12-07T19:58:00","guid":{"rendered":"https:\/\/www.webdo.tn\/fr\/actualite\/blog\/un-plan-terroriste-dejoue-a-sfax\/200355\/"},"modified":"2025-05-22T11:41:58","modified_gmt":"2025-05-22T11:41:58","slug":"un-plan-terroriste-dejoue-a-sfax","status":"publish","type":"post","link":"https:\/\/www.webdo.tn\/fr\/actualite\/national\/un-plan-terroriste-dejoue-a-sfax\/200355\/","title":{"rendered":"Un plan terroriste d\u00e9jou\u00e9 \u00e0 Sfax"},"content":{"rendered":"<p>Un plan terroriste a \u00e9t\u00e9 d\u00e9jou\u00e9 \u00e0 Sfax par les unit\u00e9s de la garde nationale, selon un communiqu\u00e9 publi\u00e9, ce mercredi 7 d\u00e9cembre 2022, par la Direction g\u00e9n\u00e9rale de la Garde nationale.<\/p>\n<p> Cette op\u00e9ration visait une unit\u00e9 s\u00e9curitaire et un \u00ab\u00a0lieu de culte\u00a0\u00bb \u00e0 Sfax et \u00e9tait planifi\u00e9e par un \u00e9l\u00e9ment takfiriste, selon le m\u00eame communiqu\u00e9.<\/p>\n<p>C&rsquo;est dans le cadre d&rsquo;une \u00a0\u00bb op\u00e9ration anticipative \u00a0\u00bb supervis\u00e9e par le minist\u00e8re public pr\u00e8s le p\u00f4le judiciaire de lutte contre le terrorisme, que le plan a pu \u00eatre d\u00e9jou\u00e9.<\/p>\n<p>Il est \u00e0 signaler que l&rsquo;\u00e9l\u00e9ment terroriste avait auparavant \u00e9t\u00e9 incarc\u00e9r\u00e9 pour son implication dans une affaire judiciaire \u00e0 caract\u00e8re terroriste, selon le communiqu\u00e9. Le suspect a \u00e9t\u00e9 transf\u00e9r\u00e9 au minist\u00e8re public pr\u00e8s le p\u00f4le judiciaire anti-terroriste et une enqu\u00eate a \u00e9t\u00e9 ouverte \u00e0 cet effet et un mandat de d\u00e9p\u00f4t a \u00e9t\u00e9 \u00e9mis \u00e0 son encontre.<\/p>\n","protected":false},"excerpt":{"rendered":"<p>Un plan terroriste a \u00e9t\u00e9 d\u00e9jou\u00e9 \u00e0 Sfax par les unit\u00e9s de la garde nationale, selon un communiqu\u00e9 publi\u00e9, ce mercredi 7 d\u00e9cembre 2022, par la Direction g\u00e9n\u00e9rale&#8230;<\/p>\n","protected":false},"author":3195,"featured_media":348480,"comment_status":"open","ping_status":"closed","sticky":false,"template":"","format":"standard","meta":{"footnotes":""},"categories":[44],"tags":[3029,2675,4603,2845,2608],"class_list":["post-200355","post","type-post","status-publish","format-standard","has-post-thumbnail","hentry","category-national","tag-plan","tag-sfax","tag-takfiriste","tag-terrorisme","tag-tunisie"],"yoast_head":"<!-- This site is optimized with the Yoast SEO Premium plugin v27.4 (Yoast SEO v27.4) - https:\/\/yoast.com\/product\/yoast-seo-premium-wordpress\/ -->\n<title>Un plan terroriste d\u00e9jou\u00e9 \u00e0 Sfax<\/title>\n<meta name=\"description\" content=\"Un plan terroriste a \u00e9t\u00e9 d\u00e9jou\u00e9 \u00e0 Sfax par les unit\u00e9s de la garde nationale, selon un communiqu\u00e9 publi\u00e9, ce mercredi 7 d\u00e9cembre 2022, par la Direction g\u00e9n\u00e9rale...\" \/>\n<link rel=\"canonical\" href=\"https:\/\/www.webdo.tn\/fr\/actualite\/national-45\/un-plan-terroriste-dejoue-a-sfax\/200355\/\" \/>\n<meta property=\"og:locale\" content=\"fr_FR\" \/>\n<meta property=\"og:type\" content=\"article\" \/>\n<meta property=\"og:title\" content=\"Un plan terroriste d\u00e9jou\u00e9 \u00e0 Sfax\" \/>\n<meta property=\"og:description\" content=\"Un plan terroriste a \u00e9t\u00e9 d\u00e9jou\u00e9 \u00e0 Sfax par les unit\u00e9s de la garde nationale, selon un communiqu\u00e9 publi\u00e9, ce mercredi 7 d\u00e9cembre 2022, par la Direction g\u00e9n\u00e9rale...\" \/>\n<meta property=\"og:url\" content=\"https:\/\/www.webdo.tn\/fr\/actualite\/national-45\/un-plan-terroriste-dejoue-a-sfax\/200355\/\" \/>\n<meta property=\"og:site_name\" content=\"webdo\" \/>\n<meta property=\"article:publisher\" content=\"https:\/\/www.facebook.com\/webdotn\" \/>\n<meta property=\"article:published_time\" content=\"2022-12-07T19:58:00+00:00\" \/>\n<meta property=\"article:modified_time\" content=\"2025-05-22T11:41:58+00:00\" \/>\n<meta property=\"og:image\" content=\"https:\/\/www.webdo.tn\/fr\/wp-content\/uploads\/2022\/12\/1b8a275326cf06a50df897b3fcc9bbae.jpg\" \/>\n\t<meta property=\"og:image:width\" content=\"528\" \/>\n\t<meta property=\"og:image:height\" content=\"282\" \/>\n\t<meta property=\"og:image:type\" content=\"image\/jpeg\" \/>\n<meta name=\"author\" content=\"NJ\" \/>\n<meta name=\"twitter:card\" content=\"summary_large_image\" \/>\n<meta name=\"twitter:creator\" content=\"@webdo_tn\" \/>\n<meta name=\"twitter:site\" content=\"@webdo_tn\" \/>\n<meta name=\"twitter:label1\" content=\"\u00c9crit par\" \/>\n\t<meta name=\"twitter:data1\" content=\"NJ\" \/>\n\t<meta name=\"twitter:label2\" content=\"Dur\u00e9e de lecture estim\u00e9e\" \/>\n\t<meta name=\"twitter:data2\" content=\"1 minute\" \/>\n<script type=\"application\/ld+json\" class=\"yoast-schema-graph\">{\"@context\":\"https:\\\/\\\/schema.org\",\"@graph\":[{\"@type\":\"NewsArticle\",\"@id\":\"https:\\\/\\\/www.webdo.tn\\\/fr\\\/actualite\\\/national-45\\\/un-plan-terroriste-dejoue-a-sfax\\\/200355\\\/#article\",\"isPartOf\":{\"@id\":\"https:\\\/\\\/www.webdo.tn\\\/fr\\\/actualite\\\/national-45\\\/un-plan-terroriste-dejoue-a-sfax\\\/200355\\\/\"},\"author\":{\"name\":\"NJ\",\"@id\":\"https:\\\/\\\/www.webdo.tn\\\/fr\\\/#\\\/schema\\\/person\\\/646f7c4406ab78299805d9d39b2636d8\"},\"headline\":\"Un plan terroriste d\u00e9jou\u00e9 \u00e0 Sfax\",\"datePublished\":\"2022-12-07T19:58:00+00:00\",\"dateModified\":\"2025-05-22T11:41:58+00:00\",\"mainEntityOfPage\":{\"@id\":\"https:\\\/\\\/www.webdo.tn\\\/fr\\\/actualite\\\/national-45\\\/un-plan-terroriste-dejoue-a-sfax\\\/200355\\\/\"},\"wordCount\":168,\"commentCount\":0,\"publisher\":{\"@id\":\"https:\\\/\\\/www.webdo.tn\\\/fr\\\/#organization\"},\"image\":{\"@id\":\"https:\\\/\\\/www.webdo.tn\\\/fr\\\/actualite\\\/national-45\\\/un-plan-terroriste-dejoue-a-sfax\\\/200355\\\/#primaryimage\"},\"thumbnailUrl\":\"https:\\\/\\\/www.webdo.tn\\\/fr\\\/wp-content\\\/uploads\\\/2022\\\/12\\\/1b8a275326cf06a50df897b3fcc9bbae.jpg\",\"keywords\":[\"plan\",\"Sfax\",\"takfiriste\",\"Terrorisme\",\"Tunisie\"],\"articleSection\":[\"National\"],\"inLanguage\":\"fr-FR\"},{\"@type\":\"WebPage\",\"@id\":\"https:\\\/\\\/www.webdo.tn\\\/fr\\\/actualite\\\/national-45\\\/un-plan-terroriste-dejoue-a-sfax\\\/200355\\\/\",\"url\":\"https:\\\/\\\/www.webdo.tn\\\/fr\\\/actualite\\\/national-45\\\/un-plan-terroriste-dejoue-a-sfax\\\/200355\\\/\",\"name\":\"Un plan terroriste d\u00e9jou\u00e9 \u00e0 Sfax\",\"isPartOf\":{\"@id\":\"https:\\\/\\\/www.webdo.tn\\\/fr\\\/#website\"},\"primaryImageOfPage\":{\"@id\":\"https:\\\/\\\/www.webdo.tn\\\/fr\\\/actualite\\\/national-45\\\/un-plan-terroriste-dejoue-a-sfax\\\/200355\\\/#primaryimage\"},\"image\":{\"@id\":\"https:\\\/\\\/www.webdo.tn\\\/fr\\\/actualite\\\/national-45\\\/un-plan-terroriste-dejoue-a-sfax\\\/200355\\\/#primaryimage\"},\"thumbnailUrl\":\"https:\\\/\\\/www.webdo.tn\\\/fr\\\/wp-content\\\/uploads\\\/2022\\\/12\\\/1b8a275326cf06a50df897b3fcc9bbae.jpg\",\"datePublished\":\"2022-12-07T19:58:00+00:00\",\"dateModified\":\"2025-05-22T11:41:58+00:00\",\"description\":\"Un plan terroriste a \u00e9t\u00e9 d\u00e9jou\u00e9 \u00e0 Sfax par les unit\u00e9s de la garde nationale, selon un communiqu\u00e9 publi\u00e9, ce mercredi 7 d\u00e9cembre 2022, par la Direction g\u00e9n\u00e9rale...\",\"breadcrumb\":{\"@id\":\"https:\\\/\\\/www.webdo.tn\\\/fr\\\/actualite\\\/national-45\\\/un-plan-terroriste-dejoue-a-sfax\\\/200355\\\/#breadcrumb\"},\"inLanguage\":\"fr-FR\",\"potentialAction\":[{\"@type\":\"ReadAction\",\"target\":[\"https:\\\/\\\/www.webdo.tn\\\/fr\\\/actualite\\\/national-45\\\/un-plan-terroriste-dejoue-a-sfax\\\/200355\\\/\"]}]},{\"@type\":\"ImageObject\",\"inLanguage\":\"fr-FR\",\"@id\":\"https:\\\/\\\/www.webdo.tn\\\/fr\\\/actualite\\\/national-45\\\/un-plan-terroriste-dejoue-a-sfax\\\/200355\\\/#primaryimage\",\"url\":\"https:\\\/\\\/www.webdo.tn\\\/fr\\\/wp-content\\\/uploads\\\/2022\\\/12\\\/1b8a275326cf06a50df897b3fcc9bbae.jpg\",\"contentUrl\":\"https:\\\/\\\/www.webdo.tn\\\/fr\\\/wp-content\\\/uploads\\\/2022\\\/12\\\/1b8a275326cf06a50df897b3fcc9bbae.jpg\",\"width\":528,\"height\":282,\"caption\":\"Un plan terroriste d\u00e9jou\u00e9 \u00e0 Sfax\"},{\"@type\":\"BreadcrumbList\",\"@id\":\"https:\\\/\\\/www.webdo.tn\\\/fr\\\/actualite\\\/national-45\\\/un-plan-terroriste-dejoue-a-sfax\\\/200355\\\/#breadcrumb\",\"itemListElement\":[{\"@type\":\"ListItem\",\"position\":1,\"name\":\"Accueil\",\"item\":\"https:\\\/\\\/www.webdo.tn\\\/fr\\\/\"},{\"@type\":\"ListItem\",\"position\":2,\"name\":\"Un plan terroriste d\u00e9jou\u00e9 \u00e0 Sfax\"}]},{\"@type\":\"WebSite\",\"@id\":\"https:\\\/\\\/www.webdo.tn\\\/fr\\\/#website\",\"url\":\"https:\\\/\\\/www.webdo.tn\\\/fr\\\/\",\"name\":\"webdo\",\"description\":\"Tunisie - News en Tunisie et \u00e0 l&#039;international sur Webdo.tn\",\"publisher\":{\"@id\":\"https:\\\/\\\/www.webdo.tn\\\/fr\\\/#organization\"},\"potentialAction\":[{\"@type\":\"SearchAction\",\"target\":{\"@type\":\"EntryPoint\",\"urlTemplate\":\"https:\\\/\\\/www.webdo.tn\\\/fr\\\/?s={search_term_string}\"},\"query-input\":{\"@type\":\"PropertyValueSpecification\",\"valueRequired\":true,\"valueName\":\"search_term_string\"}}],\"inLanguage\":\"fr-FR\"},{\"@type\":\"Organization\",\"@id\":\"https:\\\/\\\/www.webdo.tn\\\/fr\\\/#organization\",\"name\":\"Webdo\",\"alternateName\":\"Webdo.tn\",\"url\":\"https:\\\/\\\/www.webdo.tn\\\/fr\\\/\",\"logo\":{\"@type\":\"ImageObject\",\"inLanguage\":\"fr-FR\",\"@id\":\"https:\\\/\\\/www.webdo.tn\\\/fr\\\/#\\\/schema\\\/logo\\\/image\\\/\",\"url\":\"https:\\\/\\\/www.webdo.tn\\\/fr\\\/wp-content\\\/uploads\\\/2025\\\/06\\\/Webdo-Tunisie_168377.jpg\",\"contentUrl\":\"https:\\\/\\\/www.webdo.tn\\\/fr\\\/wp-content\\\/uploads\\\/2025\\\/06\\\/Webdo-Tunisie_168377.jpg\",\"width\":301,\"height\":301,\"caption\":\"Webdo\"},\"image\":{\"@id\":\"https:\\\/\\\/www.webdo.tn\\\/fr\\\/#\\\/schema\\\/logo\\\/image\\\/\"},\"sameAs\":[\"https:\\\/\\\/www.facebook.com\\\/webdotn\",\"https:\\\/\\\/x.com\\\/webdo_tn\"],\"description\":\"Webdo est un m\u00e9dia num\u00e9rique tunisien fond\u00e9 en 2010, sp\u00e9cialis\u00e9 dans l\u2019actualit\u00e9 nationale et internationale, l\u2019\u00e9conomie, la soci\u00e9t\u00e9 et les analyses politiques. Le site s\u2019adresse \u00e0 un large public francophone et couvre l\u2019information tunisienne en temps r\u00e9el.\",\"email\":\"redac@webdo.tn\",\"legalName\":\"YNJ SARL\",\"foundingDate\":\"2010-09-06\",\"numberOfEmployees\":{\"@type\":\"QuantitativeValue\",\"minValue\":\"11\",\"maxValue\":\"50\"}},{\"@type\":\"Person\",\"@id\":\"https:\\\/\\\/www.webdo.tn\\\/fr\\\/#\\\/schema\\\/person\\\/646f7c4406ab78299805d9d39b2636d8\",\"name\":\"NJ\",\"image\":{\"@type\":\"ImageObject\",\"inLanguage\":\"fr-FR\",\"@id\":\"https:\\\/\\\/secure.gravatar.com\\\/avatar\\\/57ee8a7cee8271948beede1dd4413f641d3b749a42dfabf45a3352af812389e1?s=96&d=mm&r=g\",\"url\":\"https:\\\/\\\/secure.gravatar.com\\\/avatar\\\/57ee8a7cee8271948beede1dd4413f641d3b749a42dfabf45a3352af812389e1?s=96&d=mm&r=g\",\"contentUrl\":\"https:\\\/\\\/secure.gravatar.com\\\/avatar\\\/57ee8a7cee8271948beede1dd4413f641d3b749a42dfabf45a3352af812389e1?s=96&d=mm&r=g\",\"caption\":\"NJ\"},\"url\":\"https:\\\/\\\/www.webdo.tn\\\/fr\\\/actualite\\\/author\\\/nj\\\/\"}]}<\/script>\n<!-- \/ Yoast SEO Premium plugin. -->","yoast_head_json":{"title":"Un plan terroriste d\u00e9jou\u00e9 \u00e0 Sfax","description":"Un plan terroriste a \u00e9t\u00e9 d\u00e9jou\u00e9 \u00e0 Sfax par les unit\u00e9s de la garde nationale, selon un communiqu\u00e9 publi\u00e9, ce mercredi 7 d\u00e9cembre 2022, par la Direction g\u00e9n\u00e9rale...","canonical":"https:\/\/www.webdo.tn\/fr\/actualite\/national-45\/un-plan-terroriste-dejoue-a-sfax\/200355\/","og_locale":"fr_FR","og_type":"article","og_title":"Un plan terroriste d\u00e9jou\u00e9 \u00e0 Sfax","og_description":"Un plan terroriste a \u00e9t\u00e9 d\u00e9jou\u00e9 \u00e0 Sfax par les unit\u00e9s de la garde nationale, selon un communiqu\u00e9 publi\u00e9, ce mercredi 7 d\u00e9cembre 2022, par la Direction g\u00e9n\u00e9rale...","og_url":"https:\/\/www.webdo.tn\/fr\/actualite\/national-45\/un-plan-terroriste-dejoue-a-sfax\/200355\/","og_site_name":"webdo","article_publisher":"https:\/\/www.facebook.com\/webdotn","article_published_time":"2022-12-07T19:58:00+00:00","article_modified_time":"2025-05-22T11:41:58+00:00","og_image":[{"width":528,"height":282,"url":"https:\/\/www.webdo.tn\/fr\/wp-content\/uploads\/2022\/12\/1b8a275326cf06a50df897b3fcc9bbae.jpg","type":"image\/jpeg"}],"author":"NJ","twitter_card":"summary_large_image","twitter_creator":"@webdo_tn","twitter_site":"@webdo_tn","twitter_misc":{"\u00c9crit par":"NJ","Dur\u00e9e de lecture estim\u00e9e":"1 minute"},"schema":{"@context":"https:\/\/schema.org","@graph":[{"@type":"NewsArticle","@id":"https:\/\/www.webdo.tn\/fr\/actualite\/national-45\/un-plan-terroriste-dejoue-a-sfax\/200355\/#article","isPartOf":{"@id":"https:\/\/www.webdo.tn\/fr\/actualite\/national-45\/un-plan-terroriste-dejoue-a-sfax\/200355\/"},"author":{"name":"NJ","@id":"https:\/\/www.webdo.tn\/fr\/#\/schema\/person\/646f7c4406ab78299805d9d39b2636d8"},"headline":"Un plan terroriste d\u00e9jou\u00e9 \u00e0 Sfax","datePublished":"2022-12-07T19:58:00+00:00","dateModified":"2025-05-22T11:41:58+00:00","mainEntityOfPage":{"@id":"https:\/\/www.webdo.tn\/fr\/actualite\/national-45\/un-plan-terroriste-dejoue-a-sfax\/200355\/"},"wordCount":168,"commentCount":0,"publisher":{"@id":"https:\/\/www.webdo.tn\/fr\/#organization"},"image":{"@id":"https:\/\/www.webdo.tn\/fr\/actualite\/national-45\/un-plan-terroriste-dejoue-a-sfax\/200355\/#primaryimage"},"thumbnailUrl":"https:\/\/www.webdo.tn\/fr\/wp-content\/uploads\/2022\/12\/1b8a275326cf06a50df897b3fcc9bbae.jpg","keywords":["plan","Sfax","takfiriste","Terrorisme","Tunisie"],"articleSection":["National"],"inLanguage":"fr-FR"},{"@type":"WebPage","@id":"https:\/\/www.webdo.tn\/fr\/actualite\/national-45\/un-plan-terroriste-dejoue-a-sfax\/200355\/","url":"https:\/\/www.webdo.tn\/fr\/actualite\/national-45\/un-plan-terroriste-dejoue-a-sfax\/200355\/","name":"Un plan terroriste d\u00e9jou\u00e9 \u00e0 Sfax","isPartOf":{"@id":"https:\/\/www.webdo.tn\/fr\/#website"},"primaryImageOfPage":{"@id":"https:\/\/www.webdo.tn\/fr\/actualite\/national-45\/un-plan-terroriste-dejoue-a-sfax\/200355\/#primaryimage"},"image":{"@id":"https:\/\/www.webdo.tn\/fr\/actualite\/national-45\/un-plan-terroriste-dejoue-a-sfax\/200355\/#primaryimage"},"thumbnailUrl":"https:\/\/www.webdo.tn\/fr\/wp-content\/uploads\/2022\/12\/1b8a275326cf06a50df897b3fcc9bbae.jpg","datePublished":"2022-12-07T19:58:00+00:00","dateModified":"2025-05-22T11:41:58+00:00","description":"Un plan terroriste a \u00e9t\u00e9 d\u00e9jou\u00e9 \u00e0 Sfax par les unit\u00e9s de la garde nationale, selon un communiqu\u00e9 publi\u00e9, ce mercredi 7 d\u00e9cembre 2022, par la Direction g\u00e9n\u00e9rale...","breadcrumb":{"@id":"https:\/\/www.webdo.tn\/fr\/actualite\/national-45\/un-plan-terroriste-dejoue-a-sfax\/200355\/#breadcrumb"},"inLanguage":"fr-FR","potentialAction":[{"@type":"ReadAction","target":["https:\/\/www.webdo.tn\/fr\/actualite\/national-45\/un-plan-terroriste-dejoue-a-sfax\/200355\/"]}]},{"@type":"ImageObject","inLanguage":"fr-FR","@id":"https:\/\/www.webdo.tn\/fr\/actualite\/national-45\/un-plan-terroriste-dejoue-a-sfax\/200355\/#primaryimage","url":"https:\/\/www.webdo.tn\/fr\/wp-content\/uploads\/2022\/12\/1b8a275326cf06a50df897b3fcc9bbae.jpg","contentUrl":"https:\/\/www.webdo.tn\/fr\/wp-content\/uploads\/2022\/12\/1b8a275326cf06a50df897b3fcc9bbae.jpg","width":528,"height":282,"caption":"Un plan terroriste d\u00e9jou\u00e9 \u00e0 Sfax"},{"@type":"BreadcrumbList","@id":"https:\/\/www.webdo.tn\/fr\/actualite\/national-45\/un-plan-terroriste-dejoue-a-sfax\/200355\/#breadcrumb","itemListElement":[{"@type":"ListItem","position":1,"name":"Accueil","item":"https:\/\/www.webdo.tn\/fr\/"},{"@type":"ListItem","position":2,"name":"Un plan terroriste d\u00e9jou\u00e9 \u00e0 Sfax"}]},{"@type":"WebSite","@id":"https:\/\/www.webdo.tn\/fr\/#website","url":"https:\/\/www.webdo.tn\/fr\/","name":"webdo","description":"Tunisie - News en Tunisie et \u00e0 l&#039;international sur Webdo.tn","publisher":{"@id":"https:\/\/www.webdo.tn\/fr\/#organization"},"potentialAction":[{"@type":"SearchAction","target":{"@type":"EntryPoint","urlTemplate":"https:\/\/www.webdo.tn\/fr\/?s={search_term_string}"},"query-input":{"@type":"PropertyValueSpecification","valueRequired":true,"valueName":"search_term_string"}}],"inLanguage":"fr-FR"},{"@type":"Organization","@id":"https:\/\/www.webdo.tn\/fr\/#organization","name":"Webdo","alternateName":"Webdo.tn","url":"https:\/\/www.webdo.tn\/fr\/","logo":{"@type":"ImageObject","inLanguage":"fr-FR","@id":"https:\/\/www.webdo.tn\/fr\/#\/schema\/logo\/image\/","url":"https:\/\/www.webdo.tn\/fr\/wp-content\/uploads\/2025\/06\/Webdo-Tunisie_168377.jpg","contentUrl":"https:\/\/www.webdo.tn\/fr\/wp-content\/uploads\/2025\/06\/Webdo-Tunisie_168377.jpg","width":301,"height":301,"caption":"Webdo"},"image":{"@id":"https:\/\/www.webdo.tn\/fr\/#\/schema\/logo\/image\/"},"sameAs":["https:\/\/www.facebook.com\/webdotn","https:\/\/x.com\/webdo_tn"],"description":"Webdo est un m\u00e9dia num\u00e9rique tunisien fond\u00e9 en 2010, sp\u00e9cialis\u00e9 dans l\u2019actualit\u00e9 nationale et internationale, l\u2019\u00e9conomie, la soci\u00e9t\u00e9 et les analyses politiques. Le site s\u2019adresse \u00e0 un large public francophone et couvre l\u2019information tunisienne en temps r\u00e9el.","email":"redac@webdo.tn","legalName":"YNJ SARL","foundingDate":"2010-09-06","numberOfEmployees":{"@type":"QuantitativeValue","minValue":"11","maxValue":"50"}},{"@type":"Person","@id":"https:\/\/www.webdo.tn\/fr\/#\/schema\/person\/646f7c4406ab78299805d9d39b2636d8","name":"NJ","image":{"@type":"ImageObject","inLanguage":"fr-FR","@id":"https:\/\/secure.gravatar.com\/avatar\/57ee8a7cee8271948beede1dd4413f641d3b749a42dfabf45a3352af812389e1?s=96&d=mm&r=g","url":"https:\/\/secure.gravatar.com\/avatar\/57ee8a7cee8271948beede1dd4413f641d3b749a42dfabf45a3352af812389e1?s=96&d=mm&r=g","contentUrl":"https:\/\/secure.gravatar.com\/avatar\/57ee8a7cee8271948beede1dd4413f641d3b749a42dfabf45a3352af812389e1?s=96&d=mm&r=g","caption":"NJ"},"url":"https:\/\/www.webdo.tn\/fr\/actualite\/author\/nj\/"}]}},"_links":{"self":[{"href":"https:\/\/www.webdo.tn\/fr\/wp-json\/wp\/v2\/posts\/200355","targetHints":{"allow":["GET"]}}],"collection":[{"href":"https:\/\/www.webdo.tn\/fr\/wp-json\/wp\/v2\/posts"}],"about":[{"href":"https:\/\/www.webdo.tn\/fr\/wp-json\/wp\/v2\/types\/post"}],"author":[{"embeddable":true,"href":"https:\/\/www.webdo.tn\/fr\/wp-json\/wp\/v2\/users\/3195"}],"replies":[{"embeddable":true,"href":"https:\/\/www.webdo.tn\/fr\/wp-json\/wp\/v2\/comments?post=200355"}],"version-history":[{"count":0,"href":"https:\/\/www.webdo.tn\/fr\/wp-json\/wp\/v2\/posts\/200355\/revisions"}],"wp:featuredmedia":[{"embeddable":true,"href":"https:\/\/www.webdo.tn\/fr\/wp-json\/wp\/v2\/media\/348480"}],"wp:attachment":[{"href":"https:\/\/www.webdo.tn\/fr\/wp-json\/wp\/v2\/media?parent=200355"}],"wp:term":[{"taxonomy":"category","embeddable":true,"href":"https:\/\/www.webdo.tn\/fr\/wp-json\/wp\/v2\/categories?post=200355"},{"taxonomy":"post_tag","embeddable":true,"href":"https:\/\/www.webdo.tn\/fr\/wp-json\/wp\/v2\/tags?post=200355"}],"curies":[{"name":"wp","href":"https:\/\/api.w.org\/{rel}","templated":true}]}}