{"id":200331,"date":"2022-12-07T13:31:00","date_gmt":"2022-12-07T13:31:00","guid":{"rendered":"https:\/\/www.webdo.tn\/fr\/actualite\/blog\/club-africain-assemblee-generale-elective-le-7-janvier-2023\/200331\/"},"modified":"2025-05-22T11:41:46","modified_gmt":"2025-05-22T11:41:46","slug":"club-africain-assemblee-generale-elective-le-7-janvier-2023","status":"publish","type":"post","link":"https:\/\/www.webdo.tn\/fr\/actualite\/sport\/club-africain-assemblee-generale-elective-le-7-janvier-2023\/200331\/","title":{"rendered":"Club africain : Assembl\u00e9e g\u00e9n\u00e9rale \u00e9lective le 7 janvier 2023"},"content":{"rendered":"<p>Le Club Africain a annonc\u00e9, aujourd\u2019hui, dans un communiqu\u00e9 que l&rsquo;Assembl\u00e9e g\u00e9n\u00e9rale \u00e9lective extraordinaire du club se tiendra le 7 janvier prochain. L&rsquo;ouverture des candidatures a \u00e9t\u00e9 fix\u00e9e au 12 d\u00e9cembre.<\/p>\n<p> A ce titre, une commission compos\u00e9e de Adnene Lassoued, Toumi Ben Farhat, Mohamed Aymen Chbok, Zine El Abidine Oueslati et Mohsen Trabelsi se chargera de superviser le processus \u00e9lectoral.<\/p>\n<p>Les membres du comit\u00e9 directeur du Club africain, pr\u00e9sid\u00e9 par Youssef Eulmi ont annonc\u00e9 leur d\u00e9mission le 10 novembre dernier tout en s&rsquo;engageant \u00e0 assurer la gestion des affaires du club jusqu&rsquo;\u00e0 la tenue d&rsquo;une Assembl\u00e9e g\u00e9n\u00e9rale \u00e9lective.<\/p>\n","protected":false},"excerpt":{"rendered":"<p>Le Club Africain a annonc\u00e9, aujourd\u2019hui, dans un communiqu\u00e9 que l&rsquo;Assembl\u00e9e g\u00e9n\u00e9rale \u00e9lective extraordinaire du club se tiendra le 7 janvier prochain. L&rsquo;ouvertu&#8230;<\/p>\n","protected":false},"author":3162,"featured_media":348470,"comment_status":"open","ping_status":"closed","sticky":false,"template":"","format":"standard","meta":{"footnotes":""},"categories":[2593],"tags":[11488,3101,11489],"class_list":["post-200331","post","type-post","status-publish","format-standard","has-post-thumbnail","hentry","category-sport","tag-assemblee-elective","tag-club-africain","tag-comite-directeur"],"yoast_head":"<!-- This site is optimized with the Yoast SEO Premium plugin v27.4 (Yoast SEO v27.5) - https:\/\/yoast.com\/product\/yoast-seo-premium-wordpress\/ -->\n<title>Club africain : Assembl\u00e9e g\u00e9n\u00e9rale \u00e9lective le 7 janvier 2023<\/title>\n<meta name=\"description\" content=\"Le Club Africain a annonc\u00e9, aujourd\u2019hui, dans un communiqu\u00e9 que l&#039;Assembl\u00e9e g\u00e9n\u00e9rale \u00e9lective extraordinaire du club se tiendra le 7 janvier prochain. L&#039;ouvertu...\" \/>\n<link rel=\"canonical\" href=\"https:\/\/www.webdo.tn\/fr\/actualite\/sport\/club-africain-assemblee-generale-elective-le-7-janvier-2023\/200331\/\" \/>\n<meta property=\"og:locale\" content=\"fr_FR\" \/>\n<meta property=\"og:type\" content=\"article\" \/>\n<meta property=\"og:title\" content=\"Club africain : Assembl\u00e9e g\u00e9n\u00e9rale \u00e9lective le 7 janvier 2023\" \/>\n<meta property=\"og:description\" content=\"Le Club Africain a annonc\u00e9, aujourd\u2019hui, dans un communiqu\u00e9 que l&#039;Assembl\u00e9e g\u00e9n\u00e9rale \u00e9lective extraordinaire du club se tiendra le 7 janvier prochain. L&#039;ouvertu...\" \/>\n<meta property=\"og:url\" content=\"https:\/\/www.webdo.tn\/fr\/actualite\/sport\/club-africain-assemblee-generale-elective-le-7-janvier-2023\/200331\/\" \/>\n<meta property=\"og:site_name\" content=\"webdo\" \/>\n<meta property=\"article:publisher\" content=\"https:\/\/www.facebook.com\/webdotn\" \/>\n<meta property=\"article:published_time\" content=\"2022-12-07T13:31:00+00:00\" \/>\n<meta property=\"article:modified_time\" content=\"2025-05-22T11:41:46+00:00\" \/>\n<meta property=\"og:image\" content=\"https:\/\/www.webdo.tn\/fr\/wp-content\/uploads\/2022\/12\/f85a38f7339cb78cc370d6fd800d0e20.jpg\" \/>\n\t<meta property=\"og:image:width\" content=\"750\" \/>\n\t<meta property=\"og:image:height\" content=\"400\" \/>\n\t<meta property=\"og:image:type\" content=\"image\/jpeg\" \/>\n<meta name=\"author\" content=\"MC\" \/>\n<meta name=\"twitter:card\" content=\"summary_large_image\" \/>\n<meta name=\"twitter:creator\" content=\"@webdo_tn\" \/>\n<meta name=\"twitter:site\" content=\"@webdo_tn\" \/>\n<meta name=\"twitter:label1\" content=\"\u00c9crit par\" \/>\n\t<meta name=\"twitter:data1\" content=\"MC\" \/>\n\t<meta name=\"twitter:label2\" content=\"Dur\u00e9e de lecture estim\u00e9e\" \/>\n\t<meta name=\"twitter:data2\" content=\"1 minute\" \/>\n<script type=\"application\/ld+json\" class=\"yoast-schema-graph\">{\"@context\":\"https:\\\/\\\/schema.org\",\"@graph\":[{\"@type\":\"NewsArticle\",\"@id\":\"https:\\\/\\\/www.webdo.tn\\\/fr\\\/actualite\\\/sport\\\/club-africain-assemblee-generale-elective-le-7-janvier-2023\\\/200331\\\/#article\",\"isPartOf\":{\"@id\":\"https:\\\/\\\/www.webdo.tn\\\/fr\\\/actualite\\\/sport\\\/club-africain-assemblee-generale-elective-le-7-janvier-2023\\\/200331\\\/\"},\"author\":{\"name\":\"MC\",\"@id\":\"https:\\\/\\\/www.webdo.tn\\\/fr\\\/#\\\/schema\\\/person\\\/2c4929cbf5a809e3bd38617c6ce150f6\"},\"headline\":\"Club africain : Assembl\u00e9e g\u00e9n\u00e9rale \u00e9lective le 7 janvier 2023\",\"datePublished\":\"2022-12-07T13:31:00+00:00\",\"dateModified\":\"2025-05-22T11:41:46+00:00\",\"mainEntityOfPage\":{\"@id\":\"https:\\\/\\\/www.webdo.tn\\\/fr\\\/actualite\\\/sport\\\/club-africain-assemblee-generale-elective-le-7-janvier-2023\\\/200331\\\/\"},\"wordCount\":120,\"commentCount\":0,\"publisher\":{\"@id\":\"https:\\\/\\\/www.webdo.tn\\\/fr\\\/#organization\"},\"image\":{\"@id\":\"https:\\\/\\\/www.webdo.tn\\\/fr\\\/actualite\\\/sport\\\/club-africain-assemblee-generale-elective-le-7-janvier-2023\\\/200331\\\/#primaryimage\"},\"thumbnailUrl\":\"https:\\\/\\\/www.webdo.tn\\\/fr\\\/wp-content\\\/uploads\\\/2022\\\/12\\\/f85a38f7339cb78cc370d6fd800d0e20.jpg\",\"keywords\":[\"assembl\u00e9e \u00e9lective\",\"Club Africain\",\"comit\u00e9 directeur\"],\"articleSection\":[\"Sport\"],\"inLanguage\":\"fr-FR\"},{\"@type\":\"WebPage\",\"@id\":\"https:\\\/\\\/www.webdo.tn\\\/fr\\\/actualite\\\/sport\\\/club-africain-assemblee-generale-elective-le-7-janvier-2023\\\/200331\\\/\",\"url\":\"https:\\\/\\\/www.webdo.tn\\\/fr\\\/actualite\\\/sport\\\/club-africain-assemblee-generale-elective-le-7-janvier-2023\\\/200331\\\/\",\"name\":\"Club africain : Assembl\u00e9e g\u00e9n\u00e9rale \u00e9lective le 7 janvier 2023\",\"isPartOf\":{\"@id\":\"https:\\\/\\\/www.webdo.tn\\\/fr\\\/#website\"},\"primaryImageOfPage\":{\"@id\":\"https:\\\/\\\/www.webdo.tn\\\/fr\\\/actualite\\\/sport\\\/club-africain-assemblee-generale-elective-le-7-janvier-2023\\\/200331\\\/#primaryimage\"},\"image\":{\"@id\":\"https:\\\/\\\/www.webdo.tn\\\/fr\\\/actualite\\\/sport\\\/club-africain-assemblee-generale-elective-le-7-janvier-2023\\\/200331\\\/#primaryimage\"},\"thumbnailUrl\":\"https:\\\/\\\/www.webdo.tn\\\/fr\\\/wp-content\\\/uploads\\\/2022\\\/12\\\/f85a38f7339cb78cc370d6fd800d0e20.jpg\",\"datePublished\":\"2022-12-07T13:31:00+00:00\",\"dateModified\":\"2025-05-22T11:41:46+00:00\",\"description\":\"Le Club Africain a annonc\u00e9, aujourd\u2019hui, dans un communiqu\u00e9 que l'Assembl\u00e9e g\u00e9n\u00e9rale \u00e9lective extraordinaire du club se tiendra le 7 janvier prochain. L'ouvertu...\",\"breadcrumb\":{\"@id\":\"https:\\\/\\\/www.webdo.tn\\\/fr\\\/actualite\\\/sport\\\/club-africain-assemblee-generale-elective-le-7-janvier-2023\\\/200331\\\/#breadcrumb\"},\"inLanguage\":\"fr-FR\",\"potentialAction\":[{\"@type\":\"ReadAction\",\"target\":[\"https:\\\/\\\/www.webdo.tn\\\/fr\\\/actualite\\\/sport\\\/club-africain-assemblee-generale-elective-le-7-janvier-2023\\\/200331\\\/\"]}]},{\"@type\":\"ImageObject\",\"inLanguage\":\"fr-FR\",\"@id\":\"https:\\\/\\\/www.webdo.tn\\\/fr\\\/actualite\\\/sport\\\/club-africain-assemblee-generale-elective-le-7-janvier-2023\\\/200331\\\/#primaryimage\",\"url\":\"https:\\\/\\\/www.webdo.tn\\\/fr\\\/wp-content\\\/uploads\\\/2022\\\/12\\\/f85a38f7339cb78cc370d6fd800d0e20.jpg\",\"contentUrl\":\"https:\\\/\\\/www.webdo.tn\\\/fr\\\/wp-content\\\/uploads\\\/2022\\\/12\\\/f85a38f7339cb78cc370d6fd800d0e20.jpg\",\"width\":750,\"height\":400,\"caption\":\"Club africain : Assembl\u00e9e g\u00e9n\u00e9rale \u00e9lective le 7 janvier 2023\"},{\"@type\":\"BreadcrumbList\",\"@id\":\"https:\\\/\\\/www.webdo.tn\\\/fr\\\/actualite\\\/sport\\\/club-africain-assemblee-generale-elective-le-7-janvier-2023\\\/200331\\\/#breadcrumb\",\"itemListElement\":[{\"@type\":\"ListItem\",\"position\":1,\"name\":\"Accueil\",\"item\":\"https:\\\/\\\/www.webdo.tn\\\/fr\\\/\"},{\"@type\":\"ListItem\",\"position\":2,\"name\":\"Club africain : Assembl\u00e9e g\u00e9n\u00e9rale \u00e9lective le 7 janvier 2023\"}]},{\"@type\":\"WebSite\",\"@id\":\"https:\\\/\\\/www.webdo.tn\\\/fr\\\/#website\",\"url\":\"https:\\\/\\\/www.webdo.tn\\\/fr\\\/\",\"name\":\"webdo\",\"description\":\"Tunisie - News en Tunisie et \u00e0 l&#039;international sur Webdo.tn\",\"publisher\":{\"@id\":\"https:\\\/\\\/www.webdo.tn\\\/fr\\\/#organization\"},\"potentialAction\":[{\"@type\":\"SearchAction\",\"target\":{\"@type\":\"EntryPoint\",\"urlTemplate\":\"https:\\\/\\\/www.webdo.tn\\\/fr\\\/?s={search_term_string}\"},\"query-input\":{\"@type\":\"PropertyValueSpecification\",\"valueRequired\":true,\"valueName\":\"search_term_string\"}}],\"inLanguage\":\"fr-FR\"},{\"@type\":\"Organization\",\"@id\":\"https:\\\/\\\/www.webdo.tn\\\/fr\\\/#organization\",\"name\":\"Webdo\",\"alternateName\":\"Webdo.tn\",\"url\":\"https:\\\/\\\/www.webdo.tn\\\/fr\\\/\",\"logo\":{\"@type\":\"ImageObject\",\"inLanguage\":\"fr-FR\",\"@id\":\"https:\\\/\\\/www.webdo.tn\\\/fr\\\/#\\\/schema\\\/logo\\\/image\\\/\",\"url\":\"https:\\\/\\\/www.webdo.tn\\\/fr\\\/wp-content\\\/uploads\\\/2025\\\/06\\\/Webdo-Tunisie_168377.jpg\",\"contentUrl\":\"https:\\\/\\\/www.webdo.tn\\\/fr\\\/wp-content\\\/uploads\\\/2025\\\/06\\\/Webdo-Tunisie_168377.jpg\",\"width\":301,\"height\":301,\"caption\":\"Webdo\"},\"image\":{\"@id\":\"https:\\\/\\\/www.webdo.tn\\\/fr\\\/#\\\/schema\\\/logo\\\/image\\\/\"},\"sameAs\":[\"https:\\\/\\\/www.facebook.com\\\/webdotn\",\"https:\\\/\\\/x.com\\\/webdo_tn\"],\"description\":\"Webdo est un m\u00e9dia num\u00e9rique tunisien fond\u00e9 en 2010, sp\u00e9cialis\u00e9 dans l\u2019actualit\u00e9 nationale et internationale, l\u2019\u00e9conomie, la soci\u00e9t\u00e9 et les analyses politiques. Le site s\u2019adresse \u00e0 un large public francophone et couvre l\u2019information tunisienne en temps r\u00e9el.\",\"email\":\"redac@webdo.tn\",\"legalName\":\"YNJ SARL\",\"foundingDate\":\"2010-09-06\",\"numberOfEmployees\":{\"@type\":\"QuantitativeValue\",\"minValue\":\"11\",\"maxValue\":\"50\"}},{\"@type\":\"Person\",\"@id\":\"https:\\\/\\\/www.webdo.tn\\\/fr\\\/#\\\/schema\\\/person\\\/2c4929cbf5a809e3bd38617c6ce150f6\",\"name\":\"MC\",\"image\":{\"@type\":\"ImageObject\",\"inLanguage\":\"fr-FR\",\"@id\":\"https:\\\/\\\/secure.gravatar.com\\\/avatar\\\/a545bbb6f84efdd5553dbbc2895e3ca8f1d12c5215e00a041c9670b54aa9b18a?s=96&d=mm&r=g\",\"url\":\"https:\\\/\\\/secure.gravatar.com\\\/avatar\\\/a545bbb6f84efdd5553dbbc2895e3ca8f1d12c5215e00a041c9670b54aa9b18a?s=96&d=mm&r=g\",\"contentUrl\":\"https:\\\/\\\/secure.gravatar.com\\\/avatar\\\/a545bbb6f84efdd5553dbbc2895e3ca8f1d12c5215e00a041c9670b54aa9b18a?s=96&d=mm&r=g\",\"caption\":\"MC\"},\"url\":\"https:\\\/\\\/www.webdo.tn\\\/fr\\\/actualite\\\/author\\\/mc\\\/\"}]}<\/script>\n<!-- \/ Yoast SEO Premium plugin. -->","yoast_head_json":{"title":"Club africain : Assembl\u00e9e g\u00e9n\u00e9rale \u00e9lective le 7 janvier 2023","description":"Le Club Africain a annonc\u00e9, aujourd\u2019hui, dans un communiqu\u00e9 que l'Assembl\u00e9e g\u00e9n\u00e9rale \u00e9lective extraordinaire du club se tiendra le 7 janvier prochain. L'ouvertu...","canonical":"https:\/\/www.webdo.tn\/fr\/actualite\/sport\/club-africain-assemblee-generale-elective-le-7-janvier-2023\/200331\/","og_locale":"fr_FR","og_type":"article","og_title":"Club africain : Assembl\u00e9e g\u00e9n\u00e9rale \u00e9lective le 7 janvier 2023","og_description":"Le Club Africain a annonc\u00e9, aujourd\u2019hui, dans un communiqu\u00e9 que l'Assembl\u00e9e g\u00e9n\u00e9rale \u00e9lective extraordinaire du club se tiendra le 7 janvier prochain. L'ouvertu...","og_url":"https:\/\/www.webdo.tn\/fr\/actualite\/sport\/club-africain-assemblee-generale-elective-le-7-janvier-2023\/200331\/","og_site_name":"webdo","article_publisher":"https:\/\/www.facebook.com\/webdotn","article_published_time":"2022-12-07T13:31:00+00:00","article_modified_time":"2025-05-22T11:41:46+00:00","og_image":[{"width":750,"height":400,"url":"https:\/\/www.webdo.tn\/fr\/wp-content\/uploads\/2022\/12\/f85a38f7339cb78cc370d6fd800d0e20.jpg","type":"image\/jpeg"}],"author":"MC","twitter_card":"summary_large_image","twitter_creator":"@webdo_tn","twitter_site":"@webdo_tn","twitter_misc":{"\u00c9crit par":"MC","Dur\u00e9e de lecture estim\u00e9e":"1 minute"},"schema":{"@context":"https:\/\/schema.org","@graph":[{"@type":"NewsArticle","@id":"https:\/\/www.webdo.tn\/fr\/actualite\/sport\/club-africain-assemblee-generale-elective-le-7-janvier-2023\/200331\/#article","isPartOf":{"@id":"https:\/\/www.webdo.tn\/fr\/actualite\/sport\/club-africain-assemblee-generale-elective-le-7-janvier-2023\/200331\/"},"author":{"name":"MC","@id":"https:\/\/www.webdo.tn\/fr\/#\/schema\/person\/2c4929cbf5a809e3bd38617c6ce150f6"},"headline":"Club africain : Assembl\u00e9e g\u00e9n\u00e9rale \u00e9lective le 7 janvier 2023","datePublished":"2022-12-07T13:31:00+00:00","dateModified":"2025-05-22T11:41:46+00:00","mainEntityOfPage":{"@id":"https:\/\/www.webdo.tn\/fr\/actualite\/sport\/club-africain-assemblee-generale-elective-le-7-janvier-2023\/200331\/"},"wordCount":120,"commentCount":0,"publisher":{"@id":"https:\/\/www.webdo.tn\/fr\/#organization"},"image":{"@id":"https:\/\/www.webdo.tn\/fr\/actualite\/sport\/club-africain-assemblee-generale-elective-le-7-janvier-2023\/200331\/#primaryimage"},"thumbnailUrl":"https:\/\/www.webdo.tn\/fr\/wp-content\/uploads\/2022\/12\/f85a38f7339cb78cc370d6fd800d0e20.jpg","keywords":["assembl\u00e9e \u00e9lective","Club Africain","comit\u00e9 directeur"],"articleSection":["Sport"],"inLanguage":"fr-FR"},{"@type":"WebPage","@id":"https:\/\/www.webdo.tn\/fr\/actualite\/sport\/club-africain-assemblee-generale-elective-le-7-janvier-2023\/200331\/","url":"https:\/\/www.webdo.tn\/fr\/actualite\/sport\/club-africain-assemblee-generale-elective-le-7-janvier-2023\/200331\/","name":"Club africain : Assembl\u00e9e g\u00e9n\u00e9rale \u00e9lective le 7 janvier 2023","isPartOf":{"@id":"https:\/\/www.webdo.tn\/fr\/#website"},"primaryImageOfPage":{"@id":"https:\/\/www.webdo.tn\/fr\/actualite\/sport\/club-africain-assemblee-generale-elective-le-7-janvier-2023\/200331\/#primaryimage"},"image":{"@id":"https:\/\/www.webdo.tn\/fr\/actualite\/sport\/club-africain-assemblee-generale-elective-le-7-janvier-2023\/200331\/#primaryimage"},"thumbnailUrl":"https:\/\/www.webdo.tn\/fr\/wp-content\/uploads\/2022\/12\/f85a38f7339cb78cc370d6fd800d0e20.jpg","datePublished":"2022-12-07T13:31:00+00:00","dateModified":"2025-05-22T11:41:46+00:00","description":"Le Club Africain a annonc\u00e9, aujourd\u2019hui, dans un communiqu\u00e9 que l'Assembl\u00e9e g\u00e9n\u00e9rale \u00e9lective extraordinaire du club se tiendra le 7 janvier prochain. L'ouvertu...","breadcrumb":{"@id":"https:\/\/www.webdo.tn\/fr\/actualite\/sport\/club-africain-assemblee-generale-elective-le-7-janvier-2023\/200331\/#breadcrumb"},"inLanguage":"fr-FR","potentialAction":[{"@type":"ReadAction","target":["https:\/\/www.webdo.tn\/fr\/actualite\/sport\/club-africain-assemblee-generale-elective-le-7-janvier-2023\/200331\/"]}]},{"@type":"ImageObject","inLanguage":"fr-FR","@id":"https:\/\/www.webdo.tn\/fr\/actualite\/sport\/club-africain-assemblee-generale-elective-le-7-janvier-2023\/200331\/#primaryimage","url":"https:\/\/www.webdo.tn\/fr\/wp-content\/uploads\/2022\/12\/f85a38f7339cb78cc370d6fd800d0e20.jpg","contentUrl":"https:\/\/www.webdo.tn\/fr\/wp-content\/uploads\/2022\/12\/f85a38f7339cb78cc370d6fd800d0e20.jpg","width":750,"height":400,"caption":"Club africain : Assembl\u00e9e g\u00e9n\u00e9rale \u00e9lective le 7 janvier 2023"},{"@type":"BreadcrumbList","@id":"https:\/\/www.webdo.tn\/fr\/actualite\/sport\/club-africain-assemblee-generale-elective-le-7-janvier-2023\/200331\/#breadcrumb","itemListElement":[{"@type":"ListItem","position":1,"name":"Accueil","item":"https:\/\/www.webdo.tn\/fr\/"},{"@type":"ListItem","position":2,"name":"Club africain : Assembl\u00e9e g\u00e9n\u00e9rale \u00e9lective le 7 janvier 2023"}]},{"@type":"WebSite","@id":"https:\/\/www.webdo.tn\/fr\/#website","url":"https:\/\/www.webdo.tn\/fr\/","name":"webdo","description":"Tunisie - News en Tunisie et \u00e0 l&#039;international sur Webdo.tn","publisher":{"@id":"https:\/\/www.webdo.tn\/fr\/#organization"},"potentialAction":[{"@type":"SearchAction","target":{"@type":"EntryPoint","urlTemplate":"https:\/\/www.webdo.tn\/fr\/?s={search_term_string}"},"query-input":{"@type":"PropertyValueSpecification","valueRequired":true,"valueName":"search_term_string"}}],"inLanguage":"fr-FR"},{"@type":"Organization","@id":"https:\/\/www.webdo.tn\/fr\/#organization","name":"Webdo","alternateName":"Webdo.tn","url":"https:\/\/www.webdo.tn\/fr\/","logo":{"@type":"ImageObject","inLanguage":"fr-FR","@id":"https:\/\/www.webdo.tn\/fr\/#\/schema\/logo\/image\/","url":"https:\/\/www.webdo.tn\/fr\/wp-content\/uploads\/2025\/06\/Webdo-Tunisie_168377.jpg","contentUrl":"https:\/\/www.webdo.tn\/fr\/wp-content\/uploads\/2025\/06\/Webdo-Tunisie_168377.jpg","width":301,"height":301,"caption":"Webdo"},"image":{"@id":"https:\/\/www.webdo.tn\/fr\/#\/schema\/logo\/image\/"},"sameAs":["https:\/\/www.facebook.com\/webdotn","https:\/\/x.com\/webdo_tn"],"description":"Webdo est un m\u00e9dia num\u00e9rique tunisien fond\u00e9 en 2010, sp\u00e9cialis\u00e9 dans l\u2019actualit\u00e9 nationale et internationale, l\u2019\u00e9conomie, la soci\u00e9t\u00e9 et les analyses politiques. Le site s\u2019adresse \u00e0 un large public francophone et couvre l\u2019information tunisienne en temps r\u00e9el.","email":"redac@webdo.tn","legalName":"YNJ SARL","foundingDate":"2010-09-06","numberOfEmployees":{"@type":"QuantitativeValue","minValue":"11","maxValue":"50"}},{"@type":"Person","@id":"https:\/\/www.webdo.tn\/fr\/#\/schema\/person\/2c4929cbf5a809e3bd38617c6ce150f6","name":"MC","image":{"@type":"ImageObject","inLanguage":"fr-FR","@id":"https:\/\/secure.gravatar.com\/avatar\/a545bbb6f84efdd5553dbbc2895e3ca8f1d12c5215e00a041c9670b54aa9b18a?s=96&d=mm&r=g","url":"https:\/\/secure.gravatar.com\/avatar\/a545bbb6f84efdd5553dbbc2895e3ca8f1d12c5215e00a041c9670b54aa9b18a?s=96&d=mm&r=g","contentUrl":"https:\/\/secure.gravatar.com\/avatar\/a545bbb6f84efdd5553dbbc2895e3ca8f1d12c5215e00a041c9670b54aa9b18a?s=96&d=mm&r=g","caption":"MC"},"url":"https:\/\/www.webdo.tn\/fr\/actualite\/author\/mc\/"}]}},"_links":{"self":[{"href":"https:\/\/www.webdo.tn\/fr\/wp-json\/wp\/v2\/posts\/200331","targetHints":{"allow":["GET"]}}],"collection":[{"href":"https:\/\/www.webdo.tn\/fr\/wp-json\/wp\/v2\/posts"}],"about":[{"href":"https:\/\/www.webdo.tn\/fr\/wp-json\/wp\/v2\/types\/post"}],"author":[{"embeddable":true,"href":"https:\/\/www.webdo.tn\/fr\/wp-json\/wp\/v2\/users\/3162"}],"replies":[{"embeddable":true,"href":"https:\/\/www.webdo.tn\/fr\/wp-json\/wp\/v2\/comments?post=200331"}],"version-history":[{"count":0,"href":"https:\/\/www.webdo.tn\/fr\/wp-json\/wp\/v2\/posts\/200331\/revisions"}],"wp:featuredmedia":[{"embeddable":true,"href":"https:\/\/www.webdo.tn\/fr\/wp-json\/wp\/v2\/media\/348470"}],"wp:attachment":[{"href":"https:\/\/www.webdo.tn\/fr\/wp-json\/wp\/v2\/media?parent=200331"}],"wp:term":[{"taxonomy":"category","embeddable":true,"href":"https:\/\/www.webdo.tn\/fr\/wp-json\/wp\/v2\/categories?post=200331"},{"taxonomy":"post_tag","embeddable":true,"href":"https:\/\/www.webdo.tn\/fr\/wp-json\/wp\/v2\/tags?post=200331"}],"curies":[{"name":"wp","href":"https:\/\/api.w.org\/{rel}","templated":true}]}}