{"id":200308,"date":"2022-12-07T09:21:00","date_gmt":"2022-12-07T09:21:00","guid":{"rendered":"https:\/\/www.webdo.tn\/fr\/blog\/tunisie-quatre-gouvernorats-concernes-par-l-autoroute-tunis-jelma\/200308\/"},"modified":"2025-05-20T22:46:40","modified_gmt":"2025-05-20T22:46:40","slug":"tunisie-quatre-gouvernorats-concernes-par-l-autoroute-tunis-jelma","status":"publish","type":"post","link":"https:\/\/www.webdo.tn\/fr\/actualite\/national\/tunisie-quatre-gouvernorats-concernes-par-l-autoroute-tunis-jelma\/200308\/","title":{"rendered":"Tunisie : Quatre gouvernorats concern\u00e9s par l\u2019autoroute Tunis-Jelma"},"content":{"rendered":"<p>Le pr\u00e9sident de la R\u00e9publique, Kaies Saied, s\u2019est rendu, hier mardi, \u00e0 Jelma, dans le gouvernorat de Sidi Bouzid pour lancer les travaux de construction de l\u2019Autoroute Tunis-Jelma.<\/p>\n<p>\t\t\t\t\t\t\t\t\tAccompagn\u00e9 de la ministre de l\u2019Equipement et de l\u2019Habitat, Sarra Za\u00e2frani, lors de la c\u00e9r\u00e9monie organis\u00e9e \u00e0 l\u2019occasion du coup d\u2019envoi des travaux de l\u2019autoroute reliant Tunis \u00e0 Jelma, il insist\u00e9 sur la n\u00e9cessit\u00e9 de renforcer le r\u00e9seau routier en Tunisie, comme forme de d\u00e9veloppement r\u00e9gional.\u00a0<\/p>\n<p>Pour sa part, la ministre de l\u2019Equipement est revenue sur ce qu\u2019elle a appel\u00e9 un acquis national, pr\u00e9cisant sur cette autoroute concernera quatre gouvernorats \u00e0 savoir : Sidi Bouzid, Kairouan, Kasserine et Gafs.\u00a0<\/p>\n<p>R\u00e9partie en 8 lots, cette autoroute de 386 km, dont une section prioritaire longue de 188 km devant relier Tunis \u00e0 Jelma, profitera \u00e9galement \u00e0 d\u2019importantes d\u00e9l\u00e9gations de l\u2019axe m\u00e9dian, entre autres Fouchana et M\u2019hamdia.<\/p>\n","protected":false},"excerpt":{"rendered":"<p>Le pr\u00e9sident de la R\u00e9publique, Kaies Saied, s\u2019est rendu, hier mardi, \u00e0 Jelma, dans le gouvernorat de Sidi Bouzid pour lancer les travaux de construction de l\u2019Au&#8230;<\/p>\n","protected":false},"author":3175,"featured_media":252974,"comment_status":"open","ping_status":"closed","sticky":false,"template":"","format":"standard","meta":{"footnotes":""},"categories":[44],"tags":[4163,8956,2608],"class_list":["post-200308","post","type-post","status-publish","format-standard","has-post-thumbnail","hentry","category-national","tag-autoroute","tag-tunis-jelma","tag-tunisie"],"yoast_head":"<!-- This site is optimized with the Yoast SEO Premium plugin v27.5 (Yoast SEO v27.5) - https:\/\/yoast.com\/product\/yoast-seo-premium-wordpress\/ -->\n<title>Tunisie : Quatre gouvernorats concern\u00e9s par l\u2019autoroute Tunis-Jelma<\/title>\n<meta name=\"description\" content=\"Le pr\u00e9sident de la R\u00e9publique, Kaies Saied, s\u2019est rendu, hier mardi, \u00e0 Jelma, dans le gouvernorat de Sidi Bouzid pour lancer les travaux de construction de l\u2019Au...\" \/>\n<link rel=\"canonical\" href=\"https:\/\/www.webdo.tn\/fr\/actualite\/national\/tunisie-quatre-gouvernorats-concernes-par-l-autoroute-tunis-jelma\/200308\/\" \/>\n<meta property=\"og:locale\" content=\"fr_FR\" \/>\n<meta property=\"og:type\" content=\"article\" \/>\n<meta property=\"og:title\" content=\"Tunisie : Quatre gouvernorats concern\u00e9s par l\u2019autoroute Tunis-Jelma\" \/>\n<meta property=\"og:description\" content=\"Le pr\u00e9sident de la R\u00e9publique, Kaies Saied, s\u2019est rendu, hier mardi, \u00e0 Jelma, dans le gouvernorat de Sidi Bouzid pour lancer les travaux de construction de l\u2019Au...\" \/>\n<meta property=\"og:url\" content=\"https:\/\/www.webdo.tn\/fr\/actualite\/national\/tunisie-quatre-gouvernorats-concernes-par-l-autoroute-tunis-jelma\/200308\/\" \/>\n<meta property=\"og:site_name\" content=\"webdo\" \/>\n<meta property=\"article:publisher\" content=\"https:\/\/www.facebook.com\/webdotn\" \/>\n<meta property=\"article:published_time\" content=\"2022-12-07T09:21:00+00:00\" \/>\n<meta property=\"article:modified_time\" content=\"2025-05-20T22:46:40+00:00\" \/>\n<meta property=\"og:image\" content=\"https:\/\/www.webdo.tn\/fr\/wp-content\/uploads\/2022\/12\/e541826637a7b5c853b544b99f9264aa.jpg\" \/>\n\t<meta property=\"og:image:width\" content=\"750\" \/>\n\t<meta property=\"og:image:height\" content=\"400\" \/>\n\t<meta property=\"og:image:type\" content=\"image\/jpeg\" \/>\n<meta name=\"author\" content=\"CL\" \/>\n<meta name=\"twitter:card\" content=\"summary_large_image\" \/>\n<meta name=\"twitter:creator\" content=\"@webdo_tn\" \/>\n<meta name=\"twitter:site\" content=\"@webdo_tn\" \/>\n<meta name=\"twitter:label1\" content=\"\u00c9crit par\" \/>\n\t<meta name=\"twitter:data1\" content=\"CL\" \/>\n\t<meta name=\"twitter:label2\" content=\"Dur\u00e9e de lecture estim\u00e9e\" \/>\n\t<meta name=\"twitter:data2\" content=\"1 minute\" \/>\n<script type=\"application\/ld+json\" class=\"yoast-schema-graph\">{\"@context\":\"https:\\\/\\\/schema.org\",\"@graph\":[{\"@type\":\"NewsArticle\",\"@id\":\"https:\\\/\\\/www.webdo.tn\\\/fr\\\/actualite\\\/national\\\/tunisie-quatre-gouvernorats-concernes-par-l-autoroute-tunis-jelma\\\/200308\\\/#article\",\"isPartOf\":{\"@id\":\"https:\\\/\\\/www.webdo.tn\\\/fr\\\/actualite\\\/national\\\/tunisie-quatre-gouvernorats-concernes-par-l-autoroute-tunis-jelma\\\/200308\\\/\"},\"author\":{\"name\":\"CL\",\"@id\":\"https:\\\/\\\/www.webdo.tn\\\/fr\\\/#\\\/schema\\\/person\\\/f35b42a42c5e2511bbd282959d6385cc\"},\"headline\":\"Tunisie : Quatre gouvernorats concern\u00e9s par l\u2019autoroute Tunis-Jelma\",\"datePublished\":\"2022-12-07T09:21:00+00:00\",\"dateModified\":\"2025-05-20T22:46:40+00:00\",\"mainEntityOfPage\":{\"@id\":\"https:\\\/\\\/www.webdo.tn\\\/fr\\\/actualite\\\/national\\\/tunisie-quatre-gouvernorats-concernes-par-l-autoroute-tunis-jelma\\\/200308\\\/\"},\"wordCount\":168,\"commentCount\":0,\"publisher\":{\"@id\":\"https:\\\/\\\/www.webdo.tn\\\/fr\\\/#organization\"},\"image\":{\"@id\":\"https:\\\/\\\/www.webdo.tn\\\/fr\\\/actualite\\\/national\\\/tunisie-quatre-gouvernorats-concernes-par-l-autoroute-tunis-jelma\\\/200308\\\/#primaryimage\"},\"thumbnailUrl\":\"https:\\\/\\\/www.webdo.tn\\\/fr\\\/wp-content\\\/uploads\\\/2022\\\/12\\\/e541826637a7b5c853b544b99f9264aa.jpg\",\"keywords\":[\"Autoroute\",\"Tunis-Jelma\",\"Tunisie\"],\"articleSection\":[\"National\"],\"inLanguage\":\"fr-FR\"},{\"@type\":\"WebPage\",\"@id\":\"https:\\\/\\\/www.webdo.tn\\\/fr\\\/actualite\\\/national\\\/tunisie-quatre-gouvernorats-concernes-par-l-autoroute-tunis-jelma\\\/200308\\\/\",\"url\":\"https:\\\/\\\/www.webdo.tn\\\/fr\\\/actualite\\\/national\\\/tunisie-quatre-gouvernorats-concernes-par-l-autoroute-tunis-jelma\\\/200308\\\/\",\"name\":\"Tunisie : Quatre gouvernorats concern\u00e9s par l\u2019autoroute Tunis-Jelma\",\"isPartOf\":{\"@id\":\"https:\\\/\\\/www.webdo.tn\\\/fr\\\/#website\"},\"primaryImageOfPage\":{\"@id\":\"https:\\\/\\\/www.webdo.tn\\\/fr\\\/actualite\\\/national\\\/tunisie-quatre-gouvernorats-concernes-par-l-autoroute-tunis-jelma\\\/200308\\\/#primaryimage\"},\"image\":{\"@id\":\"https:\\\/\\\/www.webdo.tn\\\/fr\\\/actualite\\\/national\\\/tunisie-quatre-gouvernorats-concernes-par-l-autoroute-tunis-jelma\\\/200308\\\/#primaryimage\"},\"thumbnailUrl\":\"https:\\\/\\\/www.webdo.tn\\\/fr\\\/wp-content\\\/uploads\\\/2022\\\/12\\\/e541826637a7b5c853b544b99f9264aa.jpg\",\"datePublished\":\"2022-12-07T09:21:00+00:00\",\"dateModified\":\"2025-05-20T22:46:40+00:00\",\"description\":\"Le pr\u00e9sident de la R\u00e9publique, Kaies Saied, s\u2019est rendu, hier mardi, \u00e0 Jelma, dans le gouvernorat de Sidi Bouzid pour lancer les travaux de construction de l\u2019Au...\",\"breadcrumb\":{\"@id\":\"https:\\\/\\\/www.webdo.tn\\\/fr\\\/actualite\\\/national\\\/tunisie-quatre-gouvernorats-concernes-par-l-autoroute-tunis-jelma\\\/200308\\\/#breadcrumb\"},\"inLanguage\":\"fr-FR\",\"potentialAction\":[{\"@type\":\"ReadAction\",\"target\":[\"https:\\\/\\\/www.webdo.tn\\\/fr\\\/actualite\\\/national\\\/tunisie-quatre-gouvernorats-concernes-par-l-autoroute-tunis-jelma\\\/200308\\\/\"]}]},{\"@type\":\"ImageObject\",\"inLanguage\":\"fr-FR\",\"@id\":\"https:\\\/\\\/www.webdo.tn\\\/fr\\\/actualite\\\/national\\\/tunisie-quatre-gouvernorats-concernes-par-l-autoroute-tunis-jelma\\\/200308\\\/#primaryimage\",\"url\":\"https:\\\/\\\/www.webdo.tn\\\/fr\\\/wp-content\\\/uploads\\\/2022\\\/12\\\/e541826637a7b5c853b544b99f9264aa.jpg\",\"contentUrl\":\"https:\\\/\\\/www.webdo.tn\\\/fr\\\/wp-content\\\/uploads\\\/2022\\\/12\\\/e541826637a7b5c853b544b99f9264aa.jpg\",\"width\":750,\"height\":400,\"caption\":\"autoroute\"},{\"@type\":\"BreadcrumbList\",\"@id\":\"https:\\\/\\\/www.webdo.tn\\\/fr\\\/actualite\\\/national\\\/tunisie-quatre-gouvernorats-concernes-par-l-autoroute-tunis-jelma\\\/200308\\\/#breadcrumb\",\"itemListElement\":[{\"@type\":\"ListItem\",\"position\":1,\"name\":\"Accueil\",\"item\":\"https:\\\/\\\/www.webdo.tn\\\/fr\\\/\"},{\"@type\":\"ListItem\",\"position\":2,\"name\":\"Tunisie : Quatre gouvernorats concern\u00e9s par l\u2019autoroute Tunis-Jelma\"}]},{\"@type\":\"WebSite\",\"@id\":\"https:\\\/\\\/www.webdo.tn\\\/fr\\\/#website\",\"url\":\"https:\\\/\\\/www.webdo.tn\\\/fr\\\/\",\"name\":\"webdo\",\"description\":\"Tunisie - News en Tunisie et \u00e0 l&#039;international sur Webdo.tn\",\"publisher\":{\"@id\":\"https:\\\/\\\/www.webdo.tn\\\/fr\\\/#organization\"},\"potentialAction\":[{\"@type\":\"SearchAction\",\"target\":{\"@type\":\"EntryPoint\",\"urlTemplate\":\"https:\\\/\\\/www.webdo.tn\\\/fr\\\/?s={search_term_string}\"},\"query-input\":{\"@type\":\"PropertyValueSpecification\",\"valueRequired\":true,\"valueName\":\"search_term_string\"}}],\"inLanguage\":\"fr-FR\"},{\"@type\":\"Organization\",\"@id\":\"https:\\\/\\\/www.webdo.tn\\\/fr\\\/#organization\",\"name\":\"Webdo\",\"alternateName\":\"Webdo.tn\",\"url\":\"https:\\\/\\\/www.webdo.tn\\\/fr\\\/\",\"logo\":{\"@type\":\"ImageObject\",\"inLanguage\":\"fr-FR\",\"@id\":\"https:\\\/\\\/www.webdo.tn\\\/fr\\\/#\\\/schema\\\/logo\\\/image\\\/\",\"url\":\"https:\\\/\\\/www.webdo.tn\\\/fr\\\/wp-content\\\/uploads\\\/2025\\\/06\\\/Webdo-Tunisie_168377.jpg\",\"contentUrl\":\"https:\\\/\\\/www.webdo.tn\\\/fr\\\/wp-content\\\/uploads\\\/2025\\\/06\\\/Webdo-Tunisie_168377.jpg\",\"width\":301,\"height\":301,\"caption\":\"Webdo\"},\"image\":{\"@id\":\"https:\\\/\\\/www.webdo.tn\\\/fr\\\/#\\\/schema\\\/logo\\\/image\\\/\"},\"sameAs\":[\"https:\\\/\\\/www.facebook.com\\\/webdotn\",\"https:\\\/\\\/x.com\\\/webdo_tn\"],\"description\":\"Webdo est un m\u00e9dia num\u00e9rique tunisien fond\u00e9 en 2010, sp\u00e9cialis\u00e9 dans l\u2019actualit\u00e9 nationale et internationale, l\u2019\u00e9conomie, la soci\u00e9t\u00e9 et les analyses politiques. Le site s\u2019adresse \u00e0 un large public francophone et couvre l\u2019information tunisienne en temps r\u00e9el.\",\"email\":\"redac@webdo.tn\",\"legalName\":\"YNJ SARL\",\"foundingDate\":\"2010-09-06\",\"numberOfEmployees\":{\"@type\":\"QuantitativeValue\",\"minValue\":\"11\",\"maxValue\":\"50\"}},{\"@type\":\"Person\",\"@id\":\"https:\\\/\\\/www.webdo.tn\\\/fr\\\/#\\\/schema\\\/person\\\/f35b42a42c5e2511bbd282959d6385cc\",\"name\":\"CL\",\"image\":{\"@type\":\"ImageObject\",\"inLanguage\":\"fr-FR\",\"@id\":\"https:\\\/\\\/secure.gravatar.com\\\/avatar\\\/1447a49909b67aa657c488aec6512e1dd6143a480c1ecfee9b5b5cd74eb3b59e?s=96&d=mm&r=g\",\"url\":\"https:\\\/\\\/secure.gravatar.com\\\/avatar\\\/1447a49909b67aa657c488aec6512e1dd6143a480c1ecfee9b5b5cd74eb3b59e?s=96&d=mm&r=g\",\"contentUrl\":\"https:\\\/\\\/secure.gravatar.com\\\/avatar\\\/1447a49909b67aa657c488aec6512e1dd6143a480c1ecfee9b5b5cd74eb3b59e?s=96&d=mm&r=g\",\"caption\":\"CL\"},\"url\":\"https:\\\/\\\/www.webdo.tn\\\/fr\\\/actualite\\\/author\\\/cl\\\/\"}]}<\/script>\n<!-- \/ Yoast SEO Premium plugin. -->","yoast_head_json":{"title":"Tunisie : Quatre gouvernorats concern\u00e9s par l\u2019autoroute Tunis-Jelma","description":"Le pr\u00e9sident de la R\u00e9publique, Kaies Saied, s\u2019est rendu, hier mardi, \u00e0 Jelma, dans le gouvernorat de Sidi Bouzid pour lancer les travaux de construction de l\u2019Au...","canonical":"https:\/\/www.webdo.tn\/fr\/actualite\/national\/tunisie-quatre-gouvernorats-concernes-par-l-autoroute-tunis-jelma\/200308\/","og_locale":"fr_FR","og_type":"article","og_title":"Tunisie : Quatre gouvernorats concern\u00e9s par l\u2019autoroute Tunis-Jelma","og_description":"Le pr\u00e9sident de la R\u00e9publique, Kaies Saied, s\u2019est rendu, hier mardi, \u00e0 Jelma, dans le gouvernorat de Sidi Bouzid pour lancer les travaux de construction de l\u2019Au...","og_url":"https:\/\/www.webdo.tn\/fr\/actualite\/national\/tunisie-quatre-gouvernorats-concernes-par-l-autoroute-tunis-jelma\/200308\/","og_site_name":"webdo","article_publisher":"https:\/\/www.facebook.com\/webdotn","article_published_time":"2022-12-07T09:21:00+00:00","article_modified_time":"2025-05-20T22:46:40+00:00","og_image":[{"width":750,"height":400,"url":"https:\/\/www.webdo.tn\/fr\/wp-content\/uploads\/2022\/12\/e541826637a7b5c853b544b99f9264aa.jpg","type":"image\/jpeg"}],"author":"CL","twitter_card":"summary_large_image","twitter_creator":"@webdo_tn","twitter_site":"@webdo_tn","twitter_misc":{"\u00c9crit par":"CL","Dur\u00e9e de lecture estim\u00e9e":"1 minute"},"schema":{"@context":"https:\/\/schema.org","@graph":[{"@type":"NewsArticle","@id":"https:\/\/www.webdo.tn\/fr\/actualite\/national\/tunisie-quatre-gouvernorats-concernes-par-l-autoroute-tunis-jelma\/200308\/#article","isPartOf":{"@id":"https:\/\/www.webdo.tn\/fr\/actualite\/national\/tunisie-quatre-gouvernorats-concernes-par-l-autoroute-tunis-jelma\/200308\/"},"author":{"name":"CL","@id":"https:\/\/www.webdo.tn\/fr\/#\/schema\/person\/f35b42a42c5e2511bbd282959d6385cc"},"headline":"Tunisie : Quatre gouvernorats concern\u00e9s par l\u2019autoroute Tunis-Jelma","datePublished":"2022-12-07T09:21:00+00:00","dateModified":"2025-05-20T22:46:40+00:00","mainEntityOfPage":{"@id":"https:\/\/www.webdo.tn\/fr\/actualite\/national\/tunisie-quatre-gouvernorats-concernes-par-l-autoroute-tunis-jelma\/200308\/"},"wordCount":168,"commentCount":0,"publisher":{"@id":"https:\/\/www.webdo.tn\/fr\/#organization"},"image":{"@id":"https:\/\/www.webdo.tn\/fr\/actualite\/national\/tunisie-quatre-gouvernorats-concernes-par-l-autoroute-tunis-jelma\/200308\/#primaryimage"},"thumbnailUrl":"https:\/\/www.webdo.tn\/fr\/wp-content\/uploads\/2022\/12\/e541826637a7b5c853b544b99f9264aa.jpg","keywords":["Autoroute","Tunis-Jelma","Tunisie"],"articleSection":["National"],"inLanguage":"fr-FR"},{"@type":"WebPage","@id":"https:\/\/www.webdo.tn\/fr\/actualite\/national\/tunisie-quatre-gouvernorats-concernes-par-l-autoroute-tunis-jelma\/200308\/","url":"https:\/\/www.webdo.tn\/fr\/actualite\/national\/tunisie-quatre-gouvernorats-concernes-par-l-autoroute-tunis-jelma\/200308\/","name":"Tunisie : Quatre gouvernorats concern\u00e9s par l\u2019autoroute Tunis-Jelma","isPartOf":{"@id":"https:\/\/www.webdo.tn\/fr\/#website"},"primaryImageOfPage":{"@id":"https:\/\/www.webdo.tn\/fr\/actualite\/national\/tunisie-quatre-gouvernorats-concernes-par-l-autoroute-tunis-jelma\/200308\/#primaryimage"},"image":{"@id":"https:\/\/www.webdo.tn\/fr\/actualite\/national\/tunisie-quatre-gouvernorats-concernes-par-l-autoroute-tunis-jelma\/200308\/#primaryimage"},"thumbnailUrl":"https:\/\/www.webdo.tn\/fr\/wp-content\/uploads\/2022\/12\/e541826637a7b5c853b544b99f9264aa.jpg","datePublished":"2022-12-07T09:21:00+00:00","dateModified":"2025-05-20T22:46:40+00:00","description":"Le pr\u00e9sident de la R\u00e9publique, Kaies Saied, s\u2019est rendu, hier mardi, \u00e0 Jelma, dans le gouvernorat de Sidi Bouzid pour lancer les travaux de construction de l\u2019Au...","breadcrumb":{"@id":"https:\/\/www.webdo.tn\/fr\/actualite\/national\/tunisie-quatre-gouvernorats-concernes-par-l-autoroute-tunis-jelma\/200308\/#breadcrumb"},"inLanguage":"fr-FR","potentialAction":[{"@type":"ReadAction","target":["https:\/\/www.webdo.tn\/fr\/actualite\/national\/tunisie-quatre-gouvernorats-concernes-par-l-autoroute-tunis-jelma\/200308\/"]}]},{"@type":"ImageObject","inLanguage":"fr-FR","@id":"https:\/\/www.webdo.tn\/fr\/actualite\/national\/tunisie-quatre-gouvernorats-concernes-par-l-autoroute-tunis-jelma\/200308\/#primaryimage","url":"https:\/\/www.webdo.tn\/fr\/wp-content\/uploads\/2022\/12\/e541826637a7b5c853b544b99f9264aa.jpg","contentUrl":"https:\/\/www.webdo.tn\/fr\/wp-content\/uploads\/2022\/12\/e541826637a7b5c853b544b99f9264aa.jpg","width":750,"height":400,"caption":"autoroute"},{"@type":"BreadcrumbList","@id":"https:\/\/www.webdo.tn\/fr\/actualite\/national\/tunisie-quatre-gouvernorats-concernes-par-l-autoroute-tunis-jelma\/200308\/#breadcrumb","itemListElement":[{"@type":"ListItem","position":1,"name":"Accueil","item":"https:\/\/www.webdo.tn\/fr\/"},{"@type":"ListItem","position":2,"name":"Tunisie : Quatre gouvernorats concern\u00e9s par l\u2019autoroute Tunis-Jelma"}]},{"@type":"WebSite","@id":"https:\/\/www.webdo.tn\/fr\/#website","url":"https:\/\/www.webdo.tn\/fr\/","name":"webdo","description":"Tunisie - News en Tunisie et \u00e0 l&#039;international sur Webdo.tn","publisher":{"@id":"https:\/\/www.webdo.tn\/fr\/#organization"},"potentialAction":[{"@type":"SearchAction","target":{"@type":"EntryPoint","urlTemplate":"https:\/\/www.webdo.tn\/fr\/?s={search_term_string}"},"query-input":{"@type":"PropertyValueSpecification","valueRequired":true,"valueName":"search_term_string"}}],"inLanguage":"fr-FR"},{"@type":"Organization","@id":"https:\/\/www.webdo.tn\/fr\/#organization","name":"Webdo","alternateName":"Webdo.tn","url":"https:\/\/www.webdo.tn\/fr\/","logo":{"@type":"ImageObject","inLanguage":"fr-FR","@id":"https:\/\/www.webdo.tn\/fr\/#\/schema\/logo\/image\/","url":"https:\/\/www.webdo.tn\/fr\/wp-content\/uploads\/2025\/06\/Webdo-Tunisie_168377.jpg","contentUrl":"https:\/\/www.webdo.tn\/fr\/wp-content\/uploads\/2025\/06\/Webdo-Tunisie_168377.jpg","width":301,"height":301,"caption":"Webdo"},"image":{"@id":"https:\/\/www.webdo.tn\/fr\/#\/schema\/logo\/image\/"},"sameAs":["https:\/\/www.facebook.com\/webdotn","https:\/\/x.com\/webdo_tn"],"description":"Webdo est un m\u00e9dia num\u00e9rique tunisien fond\u00e9 en 2010, sp\u00e9cialis\u00e9 dans l\u2019actualit\u00e9 nationale et internationale, l\u2019\u00e9conomie, la soci\u00e9t\u00e9 et les analyses politiques. Le site s\u2019adresse \u00e0 un large public francophone et couvre l\u2019information tunisienne en temps r\u00e9el.","email":"redac@webdo.tn","legalName":"YNJ SARL","foundingDate":"2010-09-06","numberOfEmployees":{"@type":"QuantitativeValue","minValue":"11","maxValue":"50"}},{"@type":"Person","@id":"https:\/\/www.webdo.tn\/fr\/#\/schema\/person\/f35b42a42c5e2511bbd282959d6385cc","name":"CL","image":{"@type":"ImageObject","inLanguage":"fr-FR","@id":"https:\/\/secure.gravatar.com\/avatar\/1447a49909b67aa657c488aec6512e1dd6143a480c1ecfee9b5b5cd74eb3b59e?s=96&d=mm&r=g","url":"https:\/\/secure.gravatar.com\/avatar\/1447a49909b67aa657c488aec6512e1dd6143a480c1ecfee9b5b5cd74eb3b59e?s=96&d=mm&r=g","contentUrl":"https:\/\/secure.gravatar.com\/avatar\/1447a49909b67aa657c488aec6512e1dd6143a480c1ecfee9b5b5cd74eb3b59e?s=96&d=mm&r=g","caption":"CL"},"url":"https:\/\/www.webdo.tn\/fr\/actualite\/author\/cl\/"}]}},"_links":{"self":[{"href":"https:\/\/www.webdo.tn\/fr\/wp-json\/wp\/v2\/posts\/200308","targetHints":{"allow":["GET"]}}],"collection":[{"href":"https:\/\/www.webdo.tn\/fr\/wp-json\/wp\/v2\/posts"}],"about":[{"href":"https:\/\/www.webdo.tn\/fr\/wp-json\/wp\/v2\/types\/post"}],"author":[{"embeddable":true,"href":"https:\/\/www.webdo.tn\/fr\/wp-json\/wp\/v2\/users\/3175"}],"replies":[{"embeddable":true,"href":"https:\/\/www.webdo.tn\/fr\/wp-json\/wp\/v2\/comments?post=200308"}],"version-history":[{"count":0,"href":"https:\/\/www.webdo.tn\/fr\/wp-json\/wp\/v2\/posts\/200308\/revisions"}],"wp:featuredmedia":[{"embeddable":true,"href":"https:\/\/www.webdo.tn\/fr\/wp-json\/wp\/v2\/media\/252974"}],"wp:attachment":[{"href":"https:\/\/www.webdo.tn\/fr\/wp-json\/wp\/v2\/media?parent=200308"}],"wp:term":[{"taxonomy":"category","embeddable":true,"href":"https:\/\/www.webdo.tn\/fr\/wp-json\/wp\/v2\/categories?post=200308"},{"taxonomy":"post_tag","embeddable":true,"href":"https:\/\/www.webdo.tn\/fr\/wp-json\/wp\/v2\/tags?post=200308"}],"curies":[{"name":"wp","href":"https:\/\/api.w.org\/{rel}","templated":true}]}}