{"id":200307,"date":"2022-12-07T09:08:00","date_gmt":"2022-12-07T09:08:00","guid":{"rendered":"https:\/\/www.webdo.tn\/fr\/blog\/ils-reclament-250-md-greve-ouverte-des-boulangers\/200307\/"},"modified":"2025-05-20T22:04:18","modified_gmt":"2025-05-20T22:04:18","slug":"ils-reclament-250-md-greve-ouverte-des-boulangers","status":"publish","type":"post","link":"https:\/\/www.webdo.tn\/fr\/actualite\/national\/ils-reclament-250-md-greve-ouverte-des-boulangers\/200307\/","title":{"rendered":"Ils r\u00e9clament 250 MD : gr\u00e8ve ouverte des boulangers"},"content":{"rendered":"<p>Toutes les boulangeries affili\u00e9es \u00e0 la Chambre nationale des boulangeries relevant de l\u2019UTICA ont entam\u00e9, aujourd\u2019hui, mercredi 7 d\u00e9cembre 2022, une gr\u00e8ve ouverte \u00e0 travers tout le pays.<\/p>\n<p>\t\t\t\t\t\t\t\t\tCette gr\u00e8ve a \u00e9t\u00e9 d\u00e9cid\u00e9e afin de r\u00e9clamer les sommes dues aupr\u00e8s de l\u2019Etat, soit 250 millions de dinars. Il s&rsquo;agit d&rsquo;une dette cumul\u00e9e pendant quatorze mois, engendr\u00e9e, par le syst\u00e8me des compensations obligeant l&rsquo;Etat \u00e0 prendre en charge une partie du prix de vente du pain.<\/p>\n<p>Cette gr\u00e8ve ne concerne toutefois pas les boulangers affili\u00e9s au groupement national interprofessionnel des boulangeries, relevant de la CONECT.<\/p>\n<p>Hier, le pr\u00e9sident de la chambre syndicale nationale des boulangers, Mohamed Bouanen a expliqu\u00e9 que le prix de vente d&rsquo;un pain \u00e9tait \u00e9gal \u00e0 0,270 dinar et que l&rsquo;Etat prenait en charge 0,7 dinar. Sauf que, ce dernier avait demand\u00e9 aux boulangers de prendre en charge les 0,7 dinar temporairement.<\/p>\n<p>\u00ab\u00a0Nous exigeons l&rsquo;int\u00e9gralit\u00e9 de la somme qui nous est due et non des compensations au titre d&rsquo;un mois ou deux. Les boulangers n&rsquo;ont plus les moyens de payer leurs factures d&rsquo;\u00e9lectricit\u00e9 ou m\u00eame leur personnel\u00a0\u00bb, a-t-il d\u00e9clar\u00e9.<\/p>\n<p>Il a rappel\u00e9 que le prix de vente de la baguette n&rsquo;avait pas \u00e9t\u00e9 r\u00e9vis\u00e9 depuis 2008, alors que les co\u00fbts de production et de produits de base avaient augment\u00e9.<\/p>\n","protected":false},"excerpt":{"rendered":"<p>Toutes les boulangeries affili\u00e9es \u00e0 la Chambre nationale des boulangeries relevant de l\u2019UTICA ont entam\u00e9, aujourd\u2019hui, mercredi 7 d\u00e9cembre 2022, une gr\u00e8ve ouver&#8230;<\/p>\n","protected":false},"author":3162,"featured_media":252968,"comment_status":"open","ping_status":"closed","sticky":false,"template":"","format":"standard","meta":{"footnotes":""},"categories":[44],"tags":[7909,8944,2647,3767],"class_list":["post-200307","post","type-post","status-publish","format-standard","has-post-thumbnail","hentry","category-national","tag-boulangeries","tag-boulangers","tag-greve","tag-pain"],"yoast_head":"<!-- This site is optimized with the Yoast SEO Premium plugin v27.5 (Yoast SEO v27.5) - https:\/\/yoast.com\/product\/yoast-seo-premium-wordpress\/ -->\n<title>Ils r\u00e9clament 250 MD : gr\u00e8ve ouverte des boulangers<\/title>\n<meta name=\"description\" content=\"Toutes les boulangeries affili\u00e9es \u00e0 la Chambre nationale des boulangeries relevant de l\u2019UTICA ont entam\u00e9, aujourd\u2019hui, mercredi 7 d\u00e9cembre 2022, une gr\u00e8ve ouver...\" \/>\n<link rel=\"canonical\" href=\"https:\/\/www.webdo.tn\/fr\/actualite\/national\/ils-reclament-250-md-greve-ouverte-des-boulangers\/200307\/\" \/>\n<meta property=\"og:locale\" content=\"fr_FR\" \/>\n<meta property=\"og:type\" content=\"article\" \/>\n<meta property=\"og:title\" content=\"Ils r\u00e9clament 250 MD : gr\u00e8ve ouverte des boulangers\" \/>\n<meta property=\"og:description\" content=\"Toutes les boulangeries affili\u00e9es \u00e0 la Chambre nationale des boulangeries relevant de l\u2019UTICA ont entam\u00e9, aujourd\u2019hui, mercredi 7 d\u00e9cembre 2022, une gr\u00e8ve ouver...\" \/>\n<meta property=\"og:url\" content=\"https:\/\/www.webdo.tn\/fr\/actualite\/national\/ils-reclament-250-md-greve-ouverte-des-boulangers\/200307\/\" \/>\n<meta property=\"og:site_name\" content=\"webdo\" \/>\n<meta property=\"article:publisher\" content=\"https:\/\/www.facebook.com\/webdotn\" \/>\n<meta property=\"article:published_time\" content=\"2022-12-07T09:08:00+00:00\" \/>\n<meta property=\"article:modified_time\" content=\"2025-05-20T22:04:18+00:00\" \/>\n<meta property=\"og:image\" content=\"https:\/\/www.webdo.tn\/fr\/wp-content\/uploads\/2022\/12\/8be311644b6fe251160fa947adc207dc.jpg\" \/>\n\t<meta property=\"og:image:width\" content=\"750\" \/>\n\t<meta property=\"og:image:height\" content=\"400\" \/>\n\t<meta property=\"og:image:type\" content=\"image\/jpeg\" \/>\n<meta name=\"author\" content=\"MC\" \/>\n<meta name=\"twitter:card\" content=\"summary_large_image\" \/>\n<meta name=\"twitter:creator\" content=\"@webdo_tn\" \/>\n<meta name=\"twitter:site\" content=\"@webdo_tn\" \/>\n<meta name=\"twitter:label1\" content=\"\u00c9crit par\" \/>\n\t<meta name=\"twitter:data1\" content=\"MC\" \/>\n\t<meta name=\"twitter:label2\" content=\"Dur\u00e9e de lecture estim\u00e9e\" \/>\n\t<meta name=\"twitter:data2\" content=\"1 minute\" \/>\n<script type=\"application\/ld+json\" class=\"yoast-schema-graph\">{\"@context\":\"https:\\\/\\\/schema.org\",\"@graph\":[{\"@type\":\"NewsArticle\",\"@id\":\"https:\\\/\\\/www.webdo.tn\\\/fr\\\/actualite\\\/national\\\/ils-reclament-250-md-greve-ouverte-des-boulangers\\\/200307\\\/#article\",\"isPartOf\":{\"@id\":\"https:\\\/\\\/www.webdo.tn\\\/fr\\\/actualite\\\/national\\\/ils-reclament-250-md-greve-ouverte-des-boulangers\\\/200307\\\/\"},\"author\":{\"name\":\"MC\",\"@id\":\"https:\\\/\\\/www.webdo.tn\\\/fr\\\/#\\\/schema\\\/person\\\/2c4929cbf5a809e3bd38617c6ce150f6\"},\"headline\":\"Ils r\u00e9clament 250 MD : gr\u00e8ve ouverte des boulangers\",\"datePublished\":\"2022-12-07T09:08:00+00:00\",\"dateModified\":\"2025-05-20T22:04:18+00:00\",\"mainEntityOfPage\":{\"@id\":\"https:\\\/\\\/www.webdo.tn\\\/fr\\\/actualite\\\/national\\\/ils-reclament-250-md-greve-ouverte-des-boulangers\\\/200307\\\/\"},\"wordCount\":241,\"commentCount\":0,\"publisher\":{\"@id\":\"https:\\\/\\\/www.webdo.tn\\\/fr\\\/#organization\"},\"image\":{\"@id\":\"https:\\\/\\\/www.webdo.tn\\\/fr\\\/actualite\\\/national\\\/ils-reclament-250-md-greve-ouverte-des-boulangers\\\/200307\\\/#primaryimage\"},\"thumbnailUrl\":\"https:\\\/\\\/www.webdo.tn\\\/fr\\\/wp-content\\\/uploads\\\/2022\\\/12\\\/8be311644b6fe251160fa947adc207dc.jpg\",\"keywords\":[\"boulangeries\",\"boulangers\",\"Gr\u00e8ve\",\"pain\"],\"articleSection\":[\"National\"],\"inLanguage\":\"fr-FR\"},{\"@type\":\"WebPage\",\"@id\":\"https:\\\/\\\/www.webdo.tn\\\/fr\\\/actualite\\\/national\\\/ils-reclament-250-md-greve-ouverte-des-boulangers\\\/200307\\\/\",\"url\":\"https:\\\/\\\/www.webdo.tn\\\/fr\\\/actualite\\\/national\\\/ils-reclament-250-md-greve-ouverte-des-boulangers\\\/200307\\\/\",\"name\":\"Ils r\u00e9clament 250 MD : gr\u00e8ve ouverte des boulangers\",\"isPartOf\":{\"@id\":\"https:\\\/\\\/www.webdo.tn\\\/fr\\\/#website\"},\"primaryImageOfPage\":{\"@id\":\"https:\\\/\\\/www.webdo.tn\\\/fr\\\/actualite\\\/national\\\/ils-reclament-250-md-greve-ouverte-des-boulangers\\\/200307\\\/#primaryimage\"},\"image\":{\"@id\":\"https:\\\/\\\/www.webdo.tn\\\/fr\\\/actualite\\\/national\\\/ils-reclament-250-md-greve-ouverte-des-boulangers\\\/200307\\\/#primaryimage\"},\"thumbnailUrl\":\"https:\\\/\\\/www.webdo.tn\\\/fr\\\/wp-content\\\/uploads\\\/2022\\\/12\\\/8be311644b6fe251160fa947adc207dc.jpg\",\"datePublished\":\"2022-12-07T09:08:00+00:00\",\"dateModified\":\"2025-05-20T22:04:18+00:00\",\"description\":\"Toutes les boulangeries affili\u00e9es \u00e0 la Chambre nationale des boulangeries relevant de l\u2019UTICA ont entam\u00e9, aujourd\u2019hui, mercredi 7 d\u00e9cembre 2022, une gr\u00e8ve ouver...\",\"breadcrumb\":{\"@id\":\"https:\\\/\\\/www.webdo.tn\\\/fr\\\/actualite\\\/national\\\/ils-reclament-250-md-greve-ouverte-des-boulangers\\\/200307\\\/#breadcrumb\"},\"inLanguage\":\"fr-FR\",\"potentialAction\":[{\"@type\":\"ReadAction\",\"target\":[\"https:\\\/\\\/www.webdo.tn\\\/fr\\\/actualite\\\/national\\\/ils-reclament-250-md-greve-ouverte-des-boulangers\\\/200307\\\/\"]}]},{\"@type\":\"ImageObject\",\"inLanguage\":\"fr-FR\",\"@id\":\"https:\\\/\\\/www.webdo.tn\\\/fr\\\/actualite\\\/national\\\/ils-reclament-250-md-greve-ouverte-des-boulangers\\\/200307\\\/#primaryimage\",\"url\":\"https:\\\/\\\/www.webdo.tn\\\/fr\\\/wp-content\\\/uploads\\\/2022\\\/12\\\/8be311644b6fe251160fa947adc207dc.jpg\",\"contentUrl\":\"https:\\\/\\\/www.webdo.tn\\\/fr\\\/wp-content\\\/uploads\\\/2022\\\/12\\\/8be311644b6fe251160fa947adc207dc.jpg\",\"width\":750,\"height\":400,\"caption\":\"Ils r\u00e9clament 250 MD : gr\u00e8ve ouverte des boulangers\"},{\"@type\":\"BreadcrumbList\",\"@id\":\"https:\\\/\\\/www.webdo.tn\\\/fr\\\/actualite\\\/national\\\/ils-reclament-250-md-greve-ouverte-des-boulangers\\\/200307\\\/#breadcrumb\",\"itemListElement\":[{\"@type\":\"ListItem\",\"position\":1,\"name\":\"Accueil\",\"item\":\"https:\\\/\\\/www.webdo.tn\\\/fr\\\/\"},{\"@type\":\"ListItem\",\"position\":2,\"name\":\"Ils r\u00e9clament 250 MD : gr\u00e8ve ouverte des boulangers\"}]},{\"@type\":\"WebSite\",\"@id\":\"https:\\\/\\\/www.webdo.tn\\\/fr\\\/#website\",\"url\":\"https:\\\/\\\/www.webdo.tn\\\/fr\\\/\",\"name\":\"webdo\",\"description\":\"Tunisie - News en Tunisie et \u00e0 l&#039;international sur Webdo.tn\",\"publisher\":{\"@id\":\"https:\\\/\\\/www.webdo.tn\\\/fr\\\/#organization\"},\"potentialAction\":[{\"@type\":\"SearchAction\",\"target\":{\"@type\":\"EntryPoint\",\"urlTemplate\":\"https:\\\/\\\/www.webdo.tn\\\/fr\\\/?s={search_term_string}\"},\"query-input\":{\"@type\":\"PropertyValueSpecification\",\"valueRequired\":true,\"valueName\":\"search_term_string\"}}],\"inLanguage\":\"fr-FR\"},{\"@type\":\"Organization\",\"@id\":\"https:\\\/\\\/www.webdo.tn\\\/fr\\\/#organization\",\"name\":\"Webdo\",\"alternateName\":\"Webdo.tn\",\"url\":\"https:\\\/\\\/www.webdo.tn\\\/fr\\\/\",\"logo\":{\"@type\":\"ImageObject\",\"inLanguage\":\"fr-FR\",\"@id\":\"https:\\\/\\\/www.webdo.tn\\\/fr\\\/#\\\/schema\\\/logo\\\/image\\\/\",\"url\":\"https:\\\/\\\/www.webdo.tn\\\/fr\\\/wp-content\\\/uploads\\\/2025\\\/06\\\/Webdo-Tunisie_168377.jpg\",\"contentUrl\":\"https:\\\/\\\/www.webdo.tn\\\/fr\\\/wp-content\\\/uploads\\\/2025\\\/06\\\/Webdo-Tunisie_168377.jpg\",\"width\":301,\"height\":301,\"caption\":\"Webdo\"},\"image\":{\"@id\":\"https:\\\/\\\/www.webdo.tn\\\/fr\\\/#\\\/schema\\\/logo\\\/image\\\/\"},\"sameAs\":[\"https:\\\/\\\/www.facebook.com\\\/webdotn\",\"https:\\\/\\\/x.com\\\/webdo_tn\"],\"description\":\"Webdo est un m\u00e9dia num\u00e9rique tunisien fond\u00e9 en 2010, sp\u00e9cialis\u00e9 dans l\u2019actualit\u00e9 nationale et internationale, l\u2019\u00e9conomie, la soci\u00e9t\u00e9 et les analyses politiques. Le site s\u2019adresse \u00e0 un large public francophone et couvre l\u2019information tunisienne en temps r\u00e9el.\",\"email\":\"redac@webdo.tn\",\"legalName\":\"YNJ SARL\",\"foundingDate\":\"2010-09-06\",\"numberOfEmployees\":{\"@type\":\"QuantitativeValue\",\"minValue\":\"11\",\"maxValue\":\"50\"}},{\"@type\":\"Person\",\"@id\":\"https:\\\/\\\/www.webdo.tn\\\/fr\\\/#\\\/schema\\\/person\\\/2c4929cbf5a809e3bd38617c6ce150f6\",\"name\":\"MC\",\"image\":{\"@type\":\"ImageObject\",\"inLanguage\":\"fr-FR\",\"@id\":\"https:\\\/\\\/secure.gravatar.com\\\/avatar\\\/a545bbb6f84efdd5553dbbc2895e3ca8f1d12c5215e00a041c9670b54aa9b18a?s=96&d=mm&r=g\",\"url\":\"https:\\\/\\\/secure.gravatar.com\\\/avatar\\\/a545bbb6f84efdd5553dbbc2895e3ca8f1d12c5215e00a041c9670b54aa9b18a?s=96&d=mm&r=g\",\"contentUrl\":\"https:\\\/\\\/secure.gravatar.com\\\/avatar\\\/a545bbb6f84efdd5553dbbc2895e3ca8f1d12c5215e00a041c9670b54aa9b18a?s=96&d=mm&r=g\",\"caption\":\"MC\"},\"url\":\"https:\\\/\\\/www.webdo.tn\\\/fr\\\/actualite\\\/author\\\/mc\\\/\"}]}<\/script>\n<!-- \/ Yoast SEO Premium plugin. -->","yoast_head_json":{"title":"Ils r\u00e9clament 250 MD : gr\u00e8ve ouverte des boulangers","description":"Toutes les boulangeries affili\u00e9es \u00e0 la Chambre nationale des boulangeries relevant de l\u2019UTICA ont entam\u00e9, aujourd\u2019hui, mercredi 7 d\u00e9cembre 2022, une gr\u00e8ve ouver...","canonical":"https:\/\/www.webdo.tn\/fr\/actualite\/national\/ils-reclament-250-md-greve-ouverte-des-boulangers\/200307\/","og_locale":"fr_FR","og_type":"article","og_title":"Ils r\u00e9clament 250 MD : gr\u00e8ve ouverte des boulangers","og_description":"Toutes les boulangeries affili\u00e9es \u00e0 la Chambre nationale des boulangeries relevant de l\u2019UTICA ont entam\u00e9, aujourd\u2019hui, mercredi 7 d\u00e9cembre 2022, une gr\u00e8ve ouver...","og_url":"https:\/\/www.webdo.tn\/fr\/actualite\/national\/ils-reclament-250-md-greve-ouverte-des-boulangers\/200307\/","og_site_name":"webdo","article_publisher":"https:\/\/www.facebook.com\/webdotn","article_published_time":"2022-12-07T09:08:00+00:00","article_modified_time":"2025-05-20T22:04:18+00:00","og_image":[{"width":750,"height":400,"url":"https:\/\/www.webdo.tn\/fr\/wp-content\/uploads\/2022\/12\/8be311644b6fe251160fa947adc207dc.jpg","type":"image\/jpeg"}],"author":"MC","twitter_card":"summary_large_image","twitter_creator":"@webdo_tn","twitter_site":"@webdo_tn","twitter_misc":{"\u00c9crit par":"MC","Dur\u00e9e de lecture estim\u00e9e":"1 minute"},"schema":{"@context":"https:\/\/schema.org","@graph":[{"@type":"NewsArticle","@id":"https:\/\/www.webdo.tn\/fr\/actualite\/national\/ils-reclament-250-md-greve-ouverte-des-boulangers\/200307\/#article","isPartOf":{"@id":"https:\/\/www.webdo.tn\/fr\/actualite\/national\/ils-reclament-250-md-greve-ouverte-des-boulangers\/200307\/"},"author":{"name":"MC","@id":"https:\/\/www.webdo.tn\/fr\/#\/schema\/person\/2c4929cbf5a809e3bd38617c6ce150f6"},"headline":"Ils r\u00e9clament 250 MD : gr\u00e8ve ouverte des boulangers","datePublished":"2022-12-07T09:08:00+00:00","dateModified":"2025-05-20T22:04:18+00:00","mainEntityOfPage":{"@id":"https:\/\/www.webdo.tn\/fr\/actualite\/national\/ils-reclament-250-md-greve-ouverte-des-boulangers\/200307\/"},"wordCount":241,"commentCount":0,"publisher":{"@id":"https:\/\/www.webdo.tn\/fr\/#organization"},"image":{"@id":"https:\/\/www.webdo.tn\/fr\/actualite\/national\/ils-reclament-250-md-greve-ouverte-des-boulangers\/200307\/#primaryimage"},"thumbnailUrl":"https:\/\/www.webdo.tn\/fr\/wp-content\/uploads\/2022\/12\/8be311644b6fe251160fa947adc207dc.jpg","keywords":["boulangeries","boulangers","Gr\u00e8ve","pain"],"articleSection":["National"],"inLanguage":"fr-FR"},{"@type":"WebPage","@id":"https:\/\/www.webdo.tn\/fr\/actualite\/national\/ils-reclament-250-md-greve-ouverte-des-boulangers\/200307\/","url":"https:\/\/www.webdo.tn\/fr\/actualite\/national\/ils-reclament-250-md-greve-ouverte-des-boulangers\/200307\/","name":"Ils r\u00e9clament 250 MD : gr\u00e8ve ouverte des boulangers","isPartOf":{"@id":"https:\/\/www.webdo.tn\/fr\/#website"},"primaryImageOfPage":{"@id":"https:\/\/www.webdo.tn\/fr\/actualite\/national\/ils-reclament-250-md-greve-ouverte-des-boulangers\/200307\/#primaryimage"},"image":{"@id":"https:\/\/www.webdo.tn\/fr\/actualite\/national\/ils-reclament-250-md-greve-ouverte-des-boulangers\/200307\/#primaryimage"},"thumbnailUrl":"https:\/\/www.webdo.tn\/fr\/wp-content\/uploads\/2022\/12\/8be311644b6fe251160fa947adc207dc.jpg","datePublished":"2022-12-07T09:08:00+00:00","dateModified":"2025-05-20T22:04:18+00:00","description":"Toutes les boulangeries affili\u00e9es \u00e0 la Chambre nationale des boulangeries relevant de l\u2019UTICA ont entam\u00e9, aujourd\u2019hui, mercredi 7 d\u00e9cembre 2022, une gr\u00e8ve ouver...","breadcrumb":{"@id":"https:\/\/www.webdo.tn\/fr\/actualite\/national\/ils-reclament-250-md-greve-ouverte-des-boulangers\/200307\/#breadcrumb"},"inLanguage":"fr-FR","potentialAction":[{"@type":"ReadAction","target":["https:\/\/www.webdo.tn\/fr\/actualite\/national\/ils-reclament-250-md-greve-ouverte-des-boulangers\/200307\/"]}]},{"@type":"ImageObject","inLanguage":"fr-FR","@id":"https:\/\/www.webdo.tn\/fr\/actualite\/national\/ils-reclament-250-md-greve-ouverte-des-boulangers\/200307\/#primaryimage","url":"https:\/\/www.webdo.tn\/fr\/wp-content\/uploads\/2022\/12\/8be311644b6fe251160fa947adc207dc.jpg","contentUrl":"https:\/\/www.webdo.tn\/fr\/wp-content\/uploads\/2022\/12\/8be311644b6fe251160fa947adc207dc.jpg","width":750,"height":400,"caption":"Ils r\u00e9clament 250 MD : gr\u00e8ve ouverte des boulangers"},{"@type":"BreadcrumbList","@id":"https:\/\/www.webdo.tn\/fr\/actualite\/national\/ils-reclament-250-md-greve-ouverte-des-boulangers\/200307\/#breadcrumb","itemListElement":[{"@type":"ListItem","position":1,"name":"Accueil","item":"https:\/\/www.webdo.tn\/fr\/"},{"@type":"ListItem","position":2,"name":"Ils r\u00e9clament 250 MD : gr\u00e8ve ouverte des boulangers"}]},{"@type":"WebSite","@id":"https:\/\/www.webdo.tn\/fr\/#website","url":"https:\/\/www.webdo.tn\/fr\/","name":"webdo","description":"Tunisie - News en Tunisie et \u00e0 l&#039;international sur Webdo.tn","publisher":{"@id":"https:\/\/www.webdo.tn\/fr\/#organization"},"potentialAction":[{"@type":"SearchAction","target":{"@type":"EntryPoint","urlTemplate":"https:\/\/www.webdo.tn\/fr\/?s={search_term_string}"},"query-input":{"@type":"PropertyValueSpecification","valueRequired":true,"valueName":"search_term_string"}}],"inLanguage":"fr-FR"},{"@type":"Organization","@id":"https:\/\/www.webdo.tn\/fr\/#organization","name":"Webdo","alternateName":"Webdo.tn","url":"https:\/\/www.webdo.tn\/fr\/","logo":{"@type":"ImageObject","inLanguage":"fr-FR","@id":"https:\/\/www.webdo.tn\/fr\/#\/schema\/logo\/image\/","url":"https:\/\/www.webdo.tn\/fr\/wp-content\/uploads\/2025\/06\/Webdo-Tunisie_168377.jpg","contentUrl":"https:\/\/www.webdo.tn\/fr\/wp-content\/uploads\/2025\/06\/Webdo-Tunisie_168377.jpg","width":301,"height":301,"caption":"Webdo"},"image":{"@id":"https:\/\/www.webdo.tn\/fr\/#\/schema\/logo\/image\/"},"sameAs":["https:\/\/www.facebook.com\/webdotn","https:\/\/x.com\/webdo_tn"],"description":"Webdo est un m\u00e9dia num\u00e9rique tunisien fond\u00e9 en 2010, sp\u00e9cialis\u00e9 dans l\u2019actualit\u00e9 nationale et internationale, l\u2019\u00e9conomie, la soci\u00e9t\u00e9 et les analyses politiques. Le site s\u2019adresse \u00e0 un large public francophone et couvre l\u2019information tunisienne en temps r\u00e9el.","email":"redac@webdo.tn","legalName":"YNJ SARL","foundingDate":"2010-09-06","numberOfEmployees":{"@type":"QuantitativeValue","minValue":"11","maxValue":"50"}},{"@type":"Person","@id":"https:\/\/www.webdo.tn\/fr\/#\/schema\/person\/2c4929cbf5a809e3bd38617c6ce150f6","name":"MC","image":{"@type":"ImageObject","inLanguage":"fr-FR","@id":"https:\/\/secure.gravatar.com\/avatar\/a545bbb6f84efdd5553dbbc2895e3ca8f1d12c5215e00a041c9670b54aa9b18a?s=96&d=mm&r=g","url":"https:\/\/secure.gravatar.com\/avatar\/a545bbb6f84efdd5553dbbc2895e3ca8f1d12c5215e00a041c9670b54aa9b18a?s=96&d=mm&r=g","contentUrl":"https:\/\/secure.gravatar.com\/avatar\/a545bbb6f84efdd5553dbbc2895e3ca8f1d12c5215e00a041c9670b54aa9b18a?s=96&d=mm&r=g","caption":"MC"},"url":"https:\/\/www.webdo.tn\/fr\/actualite\/author\/mc\/"}]}},"_links":{"self":[{"href":"https:\/\/www.webdo.tn\/fr\/wp-json\/wp\/v2\/posts\/200307","targetHints":{"allow":["GET"]}}],"collection":[{"href":"https:\/\/www.webdo.tn\/fr\/wp-json\/wp\/v2\/posts"}],"about":[{"href":"https:\/\/www.webdo.tn\/fr\/wp-json\/wp\/v2\/types\/post"}],"author":[{"embeddable":true,"href":"https:\/\/www.webdo.tn\/fr\/wp-json\/wp\/v2\/users\/3162"}],"replies":[{"embeddable":true,"href":"https:\/\/www.webdo.tn\/fr\/wp-json\/wp\/v2\/comments?post=200307"}],"version-history":[{"count":0,"href":"https:\/\/www.webdo.tn\/fr\/wp-json\/wp\/v2\/posts\/200307\/revisions"}],"wp:featuredmedia":[{"embeddable":true,"href":"https:\/\/www.webdo.tn\/fr\/wp-json\/wp\/v2\/media\/252968"}],"wp:attachment":[{"href":"https:\/\/www.webdo.tn\/fr\/wp-json\/wp\/v2\/media?parent=200307"}],"wp:term":[{"taxonomy":"category","embeddable":true,"href":"https:\/\/www.webdo.tn\/fr\/wp-json\/wp\/v2\/categories?post=200307"},{"taxonomy":"post_tag","embeddable":true,"href":"https:\/\/www.webdo.tn\/fr\/wp-json\/wp\/v2\/tags?post=200307"}],"curies":[{"name":"wp","href":"https:\/\/api.w.org\/{rel}","templated":true}]}}