{"id":200304,"date":"2022-12-07T08:48:00","date_gmt":"2022-12-07T08:48:00","guid":{"rendered":"https:\/\/www.webdo.tn\/fr\/blog\/le-front-de-salut-national-manifeste-samedi-contre-le-coup-d-etat\/200304\/"},"modified":"2025-05-20T22:04:17","modified_gmt":"2025-05-20T22:04:17","slug":"le-front-de-salut-national-manifeste-samedi-contre-le-coup-d-etat","status":"publish","type":"post","link":"https:\/\/www.webdo.tn\/fr\/actualite\/national\/le-front-de-salut-national-manifeste-samedi-contre-le-coup-d-etat\/200304\/","title":{"rendered":"Le Front de salut national manifeste, samedi, \u00ab\u00a0contre le coup d\u2019Etat\u00a0\u00bb"},"content":{"rendered":"<p>Le Front de salut national organise, ce samedi 10 d\u00e9cembre 2022, une manifestation contre le \u00ab\u00a0contre le coup d\u2019Etat\u00a0\u00bb et contre ce qu\u2019il consid\u00e8re comme \u00ab\u00a0la mascarade des l\u00e9gislatives frauduleuses\u00a0\u00bb.<\/p>\n<p>\t\t\t\t\t\t\t\t\tCette manifestation doit se tenir, samedi prochain \u00e0 11h00 au centre-ville de Tunis, indique un communiqu\u00e9 du Front, qui appelle ainsi les Tunisiens \u00e0 manifester afin de \u00ab\u00a0r\u00e9affirmer l\u2019adh\u00e9sion du peuple tunisien aux valeurs de droits, de libert\u00e9s, \u00e0 la dignit\u00e9 humaine et aux principes de la d\u00e9mocratie\u00a0\u00bb, souligne le communiqu\u00e9.<\/p>\n<p>La marche de protestation d\u00e9marrera \u00e0 la Place de la Monnaie pour se d\u00e9placer vers l\u2019Avenue Habib Bourguiba.<\/p>\n","protected":false},"excerpt":{"rendered":"<p>Le Front de salut national organise, ce samedi 10 d\u00e9cembre 2022, une manifestation contre le  contre le coup d\u2019Etat  et contre ce qu\u2019il consid\u00e8re comme  la masc&#8230;<\/p>\n","protected":false},"author":3162,"featured_media":252961,"comment_status":"open","ping_status":"closed","sticky":false,"template":"","format":"standard","meta":{"footnotes":""},"categories":[44],"tags":[6531,2817],"class_list":["post-200304","post","type-post","status-publish","format-standard","has-post-thumbnail","hentry","category-national","tag-front-de-salut-national","tag-manifestation"],"yoast_head":"<!-- This site is optimized with the Yoast SEO Premium plugin v27.4 (Yoast SEO v27.5) - https:\/\/yoast.com\/product\/yoast-seo-premium-wordpress\/ -->\n<title>Le Front de salut national manifeste, samedi, contre le coup d\u2019Etat<\/title>\n<meta name=\"description\" content=\"Le Front de salut national organise, ce samedi 10 d\u00e9cembre 2022, une manifestation contre le contre le coup d\u2019Etat et contre ce qu\u2019il consid\u00e8re comme la masc...\" \/>\n<link rel=\"canonical\" href=\"https:\/\/www.webdo.tn\/fr\/actualite\/national\/le-front-de-salut-national-manifeste-samedi-contre-le-coup-d-etat\/200304\/\" \/>\n<meta property=\"og:locale\" content=\"fr_FR\" \/>\n<meta property=\"og:type\" content=\"article\" \/>\n<meta property=\"og:title\" content=\"Le Front de salut national manifeste, samedi, &quot;contre le coup d\u2019Etat&quot;\" \/>\n<meta property=\"og:description\" content=\"Le Front de salut national organise, ce samedi 10 d\u00e9cembre 2022, une manifestation contre le contre le coup d\u2019Etat et contre ce qu\u2019il consid\u00e8re comme la masc...\" \/>\n<meta property=\"og:url\" content=\"https:\/\/www.webdo.tn\/fr\/actualite\/national\/le-front-de-salut-national-manifeste-samedi-contre-le-coup-d-etat\/200304\/\" \/>\n<meta property=\"og:site_name\" content=\"webdo\" \/>\n<meta property=\"article:publisher\" content=\"https:\/\/www.facebook.com\/webdotn\" \/>\n<meta property=\"article:published_time\" content=\"2022-12-07T08:48:00+00:00\" \/>\n<meta property=\"article:modified_time\" content=\"2025-05-20T22:04:17+00:00\" \/>\n<meta property=\"og:image\" content=\"https:\/\/www.webdo.tn\/fr\/wp-content\/uploads\/2022\/12\/1435198704ffe12b3abff62e90f01a8e.jpg\" \/>\n\t<meta property=\"og:image:width\" content=\"750\" \/>\n\t<meta property=\"og:image:height\" content=\"400\" \/>\n\t<meta property=\"og:image:type\" content=\"image\/jpeg\" \/>\n<meta name=\"author\" content=\"MC\" \/>\n<meta name=\"twitter:card\" content=\"summary_large_image\" \/>\n<meta name=\"twitter:creator\" content=\"@webdo_tn\" \/>\n<meta name=\"twitter:site\" content=\"@webdo_tn\" \/>\n<meta name=\"twitter:label1\" content=\"\u00c9crit par\" \/>\n\t<meta name=\"twitter:data1\" content=\"MC\" \/>\n\t<meta name=\"twitter:label2\" content=\"Dur\u00e9e de lecture estim\u00e9e\" \/>\n\t<meta name=\"twitter:data2\" content=\"1 minute\" \/>\n<script type=\"application\/ld+json\" class=\"yoast-schema-graph\">{\"@context\":\"https:\\\/\\\/schema.org\",\"@graph\":[{\"@type\":\"NewsArticle\",\"@id\":\"https:\\\/\\\/www.webdo.tn\\\/fr\\\/actualite\\\/national\\\/le-front-de-salut-national-manifeste-samedi-contre-le-coup-d-etat\\\/200304\\\/#article\",\"isPartOf\":{\"@id\":\"https:\\\/\\\/www.webdo.tn\\\/fr\\\/actualite\\\/national\\\/le-front-de-salut-national-manifeste-samedi-contre-le-coup-d-etat\\\/200304\\\/\"},\"author\":{\"name\":\"MC\",\"@id\":\"https:\\\/\\\/www.webdo.tn\\\/fr\\\/#\\\/schema\\\/person\\\/2c4929cbf5a809e3bd38617c6ce150f6\"},\"headline\":\"Le Front de salut national manifeste, samedi, \u00ab\u00a0contre le coup d\u2019Etat\u00a0\u00bb\",\"datePublished\":\"2022-12-07T08:48:00+00:00\",\"dateModified\":\"2025-05-20T22:04:17+00:00\",\"mainEntityOfPage\":{\"@id\":\"https:\\\/\\\/www.webdo.tn\\\/fr\\\/actualite\\\/national\\\/le-front-de-salut-national-manifeste-samedi-contre-le-coup-d-etat\\\/200304\\\/\"},\"wordCount\":118,\"commentCount\":0,\"publisher\":{\"@id\":\"https:\\\/\\\/www.webdo.tn\\\/fr\\\/#organization\"},\"image\":{\"@id\":\"https:\\\/\\\/www.webdo.tn\\\/fr\\\/actualite\\\/national\\\/le-front-de-salut-national-manifeste-samedi-contre-le-coup-d-etat\\\/200304\\\/#primaryimage\"},\"thumbnailUrl\":\"https:\\\/\\\/www.webdo.tn\\\/fr\\\/wp-content\\\/uploads\\\/2022\\\/12\\\/1435198704ffe12b3abff62e90f01a8e.jpg\",\"keywords\":[\"Front de Salut national\",\"Manifestation\"],\"articleSection\":[\"National\"],\"inLanguage\":\"fr-FR\"},{\"@type\":\"WebPage\",\"@id\":\"https:\\\/\\\/www.webdo.tn\\\/fr\\\/actualite\\\/national\\\/le-front-de-salut-national-manifeste-samedi-contre-le-coup-d-etat\\\/200304\\\/\",\"url\":\"https:\\\/\\\/www.webdo.tn\\\/fr\\\/actualite\\\/national\\\/le-front-de-salut-national-manifeste-samedi-contre-le-coup-d-etat\\\/200304\\\/\",\"name\":\"Le Front de salut national manifeste, samedi, contre le coup d\u2019Etat\",\"isPartOf\":{\"@id\":\"https:\\\/\\\/www.webdo.tn\\\/fr\\\/#website\"},\"primaryImageOfPage\":{\"@id\":\"https:\\\/\\\/www.webdo.tn\\\/fr\\\/actualite\\\/national\\\/le-front-de-salut-national-manifeste-samedi-contre-le-coup-d-etat\\\/200304\\\/#primaryimage\"},\"image\":{\"@id\":\"https:\\\/\\\/www.webdo.tn\\\/fr\\\/actualite\\\/national\\\/le-front-de-salut-national-manifeste-samedi-contre-le-coup-d-etat\\\/200304\\\/#primaryimage\"},\"thumbnailUrl\":\"https:\\\/\\\/www.webdo.tn\\\/fr\\\/wp-content\\\/uploads\\\/2022\\\/12\\\/1435198704ffe12b3abff62e90f01a8e.jpg\",\"datePublished\":\"2022-12-07T08:48:00+00:00\",\"dateModified\":\"2025-05-20T22:04:17+00:00\",\"description\":\"Le Front de salut national organise, ce samedi 10 d\u00e9cembre 2022, une manifestation contre le contre le coup d\u2019Etat et contre ce qu\u2019il consid\u00e8re comme la masc...\",\"breadcrumb\":{\"@id\":\"https:\\\/\\\/www.webdo.tn\\\/fr\\\/actualite\\\/national\\\/le-front-de-salut-national-manifeste-samedi-contre-le-coup-d-etat\\\/200304\\\/#breadcrumb\"},\"inLanguage\":\"fr-FR\",\"potentialAction\":[{\"@type\":\"ReadAction\",\"target\":[\"https:\\\/\\\/www.webdo.tn\\\/fr\\\/actualite\\\/national\\\/le-front-de-salut-national-manifeste-samedi-contre-le-coup-d-etat\\\/200304\\\/\"]}]},{\"@type\":\"ImageObject\",\"inLanguage\":\"fr-FR\",\"@id\":\"https:\\\/\\\/www.webdo.tn\\\/fr\\\/actualite\\\/national\\\/le-front-de-salut-national-manifeste-samedi-contre-le-coup-d-etat\\\/200304\\\/#primaryimage\",\"url\":\"https:\\\/\\\/www.webdo.tn\\\/fr\\\/wp-content\\\/uploads\\\/2022\\\/12\\\/1435198704ffe12b3abff62e90f01a8e.jpg\",\"contentUrl\":\"https:\\\/\\\/www.webdo.tn\\\/fr\\\/wp-content\\\/uploads\\\/2022\\\/12\\\/1435198704ffe12b3abff62e90f01a8e.jpg\",\"width\":750,\"height\":400,\"caption\":\"Le Front de salut national manifeste, samedi, \\\"contre le coup d\u2019Etat\\\"\"},{\"@type\":\"BreadcrumbList\",\"@id\":\"https:\\\/\\\/www.webdo.tn\\\/fr\\\/actualite\\\/national\\\/le-front-de-salut-national-manifeste-samedi-contre-le-coup-d-etat\\\/200304\\\/#breadcrumb\",\"itemListElement\":[{\"@type\":\"ListItem\",\"position\":1,\"name\":\"Accueil\",\"item\":\"https:\\\/\\\/www.webdo.tn\\\/fr\\\/\"},{\"@type\":\"ListItem\",\"position\":2,\"name\":\"Le Front de salut national manifeste, samedi, &#8220;contre le coup d\u2019Etat&#8221;\"}]},{\"@type\":\"WebSite\",\"@id\":\"https:\\\/\\\/www.webdo.tn\\\/fr\\\/#website\",\"url\":\"https:\\\/\\\/www.webdo.tn\\\/fr\\\/\",\"name\":\"webdo\",\"description\":\"Tunisie - News en Tunisie et \u00e0 l&#039;international sur Webdo.tn\",\"publisher\":{\"@id\":\"https:\\\/\\\/www.webdo.tn\\\/fr\\\/#organization\"},\"potentialAction\":[{\"@type\":\"SearchAction\",\"target\":{\"@type\":\"EntryPoint\",\"urlTemplate\":\"https:\\\/\\\/www.webdo.tn\\\/fr\\\/?s={search_term_string}\"},\"query-input\":{\"@type\":\"PropertyValueSpecification\",\"valueRequired\":true,\"valueName\":\"search_term_string\"}}],\"inLanguage\":\"fr-FR\"},{\"@type\":\"Organization\",\"@id\":\"https:\\\/\\\/www.webdo.tn\\\/fr\\\/#organization\",\"name\":\"Webdo\",\"alternateName\":\"Webdo.tn\",\"url\":\"https:\\\/\\\/www.webdo.tn\\\/fr\\\/\",\"logo\":{\"@type\":\"ImageObject\",\"inLanguage\":\"fr-FR\",\"@id\":\"https:\\\/\\\/www.webdo.tn\\\/fr\\\/#\\\/schema\\\/logo\\\/image\\\/\",\"url\":\"https:\\\/\\\/www.webdo.tn\\\/fr\\\/wp-content\\\/uploads\\\/2025\\\/06\\\/Webdo-Tunisie_168377.jpg\",\"contentUrl\":\"https:\\\/\\\/www.webdo.tn\\\/fr\\\/wp-content\\\/uploads\\\/2025\\\/06\\\/Webdo-Tunisie_168377.jpg\",\"width\":301,\"height\":301,\"caption\":\"Webdo\"},\"image\":{\"@id\":\"https:\\\/\\\/www.webdo.tn\\\/fr\\\/#\\\/schema\\\/logo\\\/image\\\/\"},\"sameAs\":[\"https:\\\/\\\/www.facebook.com\\\/webdotn\",\"https:\\\/\\\/x.com\\\/webdo_tn\"],\"description\":\"Webdo est un m\u00e9dia num\u00e9rique tunisien fond\u00e9 en 2010, sp\u00e9cialis\u00e9 dans l\u2019actualit\u00e9 nationale et internationale, l\u2019\u00e9conomie, la soci\u00e9t\u00e9 et les analyses politiques. Le site s\u2019adresse \u00e0 un large public francophone et couvre l\u2019information tunisienne en temps r\u00e9el.\",\"email\":\"redac@webdo.tn\",\"legalName\":\"YNJ SARL\",\"foundingDate\":\"2010-09-06\",\"numberOfEmployees\":{\"@type\":\"QuantitativeValue\",\"minValue\":\"11\",\"maxValue\":\"50\"}},{\"@type\":\"Person\",\"@id\":\"https:\\\/\\\/www.webdo.tn\\\/fr\\\/#\\\/schema\\\/person\\\/2c4929cbf5a809e3bd38617c6ce150f6\",\"name\":\"MC\",\"image\":{\"@type\":\"ImageObject\",\"inLanguage\":\"fr-FR\",\"@id\":\"https:\\\/\\\/secure.gravatar.com\\\/avatar\\\/a545bbb6f84efdd5553dbbc2895e3ca8f1d12c5215e00a041c9670b54aa9b18a?s=96&d=mm&r=g\",\"url\":\"https:\\\/\\\/secure.gravatar.com\\\/avatar\\\/a545bbb6f84efdd5553dbbc2895e3ca8f1d12c5215e00a041c9670b54aa9b18a?s=96&d=mm&r=g\",\"contentUrl\":\"https:\\\/\\\/secure.gravatar.com\\\/avatar\\\/a545bbb6f84efdd5553dbbc2895e3ca8f1d12c5215e00a041c9670b54aa9b18a?s=96&d=mm&r=g\",\"caption\":\"MC\"},\"url\":\"https:\\\/\\\/www.webdo.tn\\\/fr\\\/actualite\\\/author\\\/mc\\\/\"}]}<\/script>\n<!-- \/ Yoast SEO Premium plugin. -->","yoast_head_json":{"title":"Le Front de salut national manifeste, samedi, contre le coup d\u2019Etat","description":"Le Front de salut national organise, ce samedi 10 d\u00e9cembre 2022, une manifestation contre le contre le coup d\u2019Etat et contre ce qu\u2019il consid\u00e8re comme la masc...","canonical":"https:\/\/www.webdo.tn\/fr\/actualite\/national\/le-front-de-salut-national-manifeste-samedi-contre-le-coup-d-etat\/200304\/","og_locale":"fr_FR","og_type":"article","og_title":"Le Front de salut national manifeste, samedi, \"contre le coup d\u2019Etat\"","og_description":"Le Front de salut national organise, ce samedi 10 d\u00e9cembre 2022, une manifestation contre le contre le coup d\u2019Etat et contre ce qu\u2019il consid\u00e8re comme la masc...","og_url":"https:\/\/www.webdo.tn\/fr\/actualite\/national\/le-front-de-salut-national-manifeste-samedi-contre-le-coup-d-etat\/200304\/","og_site_name":"webdo","article_publisher":"https:\/\/www.facebook.com\/webdotn","article_published_time":"2022-12-07T08:48:00+00:00","article_modified_time":"2025-05-20T22:04:17+00:00","og_image":[{"width":750,"height":400,"url":"https:\/\/www.webdo.tn\/fr\/wp-content\/uploads\/2022\/12\/1435198704ffe12b3abff62e90f01a8e.jpg","type":"image\/jpeg"}],"author":"MC","twitter_card":"summary_large_image","twitter_creator":"@webdo_tn","twitter_site":"@webdo_tn","twitter_misc":{"\u00c9crit par":"MC","Dur\u00e9e de lecture estim\u00e9e":"1 minute"},"schema":{"@context":"https:\/\/schema.org","@graph":[{"@type":"NewsArticle","@id":"https:\/\/www.webdo.tn\/fr\/actualite\/national\/le-front-de-salut-national-manifeste-samedi-contre-le-coup-d-etat\/200304\/#article","isPartOf":{"@id":"https:\/\/www.webdo.tn\/fr\/actualite\/national\/le-front-de-salut-national-manifeste-samedi-contre-le-coup-d-etat\/200304\/"},"author":{"name":"MC","@id":"https:\/\/www.webdo.tn\/fr\/#\/schema\/person\/2c4929cbf5a809e3bd38617c6ce150f6"},"headline":"Le Front de salut national manifeste, samedi, \u00ab\u00a0contre le coup d\u2019Etat\u00a0\u00bb","datePublished":"2022-12-07T08:48:00+00:00","dateModified":"2025-05-20T22:04:17+00:00","mainEntityOfPage":{"@id":"https:\/\/www.webdo.tn\/fr\/actualite\/national\/le-front-de-salut-national-manifeste-samedi-contre-le-coup-d-etat\/200304\/"},"wordCount":118,"commentCount":0,"publisher":{"@id":"https:\/\/www.webdo.tn\/fr\/#organization"},"image":{"@id":"https:\/\/www.webdo.tn\/fr\/actualite\/national\/le-front-de-salut-national-manifeste-samedi-contre-le-coup-d-etat\/200304\/#primaryimage"},"thumbnailUrl":"https:\/\/www.webdo.tn\/fr\/wp-content\/uploads\/2022\/12\/1435198704ffe12b3abff62e90f01a8e.jpg","keywords":["Front de Salut national","Manifestation"],"articleSection":["National"],"inLanguage":"fr-FR"},{"@type":"WebPage","@id":"https:\/\/www.webdo.tn\/fr\/actualite\/national\/le-front-de-salut-national-manifeste-samedi-contre-le-coup-d-etat\/200304\/","url":"https:\/\/www.webdo.tn\/fr\/actualite\/national\/le-front-de-salut-national-manifeste-samedi-contre-le-coup-d-etat\/200304\/","name":"Le Front de salut national manifeste, samedi, contre le coup d\u2019Etat","isPartOf":{"@id":"https:\/\/www.webdo.tn\/fr\/#website"},"primaryImageOfPage":{"@id":"https:\/\/www.webdo.tn\/fr\/actualite\/national\/le-front-de-salut-national-manifeste-samedi-contre-le-coup-d-etat\/200304\/#primaryimage"},"image":{"@id":"https:\/\/www.webdo.tn\/fr\/actualite\/national\/le-front-de-salut-national-manifeste-samedi-contre-le-coup-d-etat\/200304\/#primaryimage"},"thumbnailUrl":"https:\/\/www.webdo.tn\/fr\/wp-content\/uploads\/2022\/12\/1435198704ffe12b3abff62e90f01a8e.jpg","datePublished":"2022-12-07T08:48:00+00:00","dateModified":"2025-05-20T22:04:17+00:00","description":"Le Front de salut national organise, ce samedi 10 d\u00e9cembre 2022, une manifestation contre le contre le coup d\u2019Etat et contre ce qu\u2019il consid\u00e8re comme la masc...","breadcrumb":{"@id":"https:\/\/www.webdo.tn\/fr\/actualite\/national\/le-front-de-salut-national-manifeste-samedi-contre-le-coup-d-etat\/200304\/#breadcrumb"},"inLanguage":"fr-FR","potentialAction":[{"@type":"ReadAction","target":["https:\/\/www.webdo.tn\/fr\/actualite\/national\/le-front-de-salut-national-manifeste-samedi-contre-le-coup-d-etat\/200304\/"]}]},{"@type":"ImageObject","inLanguage":"fr-FR","@id":"https:\/\/www.webdo.tn\/fr\/actualite\/national\/le-front-de-salut-national-manifeste-samedi-contre-le-coup-d-etat\/200304\/#primaryimage","url":"https:\/\/www.webdo.tn\/fr\/wp-content\/uploads\/2022\/12\/1435198704ffe12b3abff62e90f01a8e.jpg","contentUrl":"https:\/\/www.webdo.tn\/fr\/wp-content\/uploads\/2022\/12\/1435198704ffe12b3abff62e90f01a8e.jpg","width":750,"height":400,"caption":"Le Front de salut national manifeste, samedi, \"contre le coup d\u2019Etat\""},{"@type":"BreadcrumbList","@id":"https:\/\/www.webdo.tn\/fr\/actualite\/national\/le-front-de-salut-national-manifeste-samedi-contre-le-coup-d-etat\/200304\/#breadcrumb","itemListElement":[{"@type":"ListItem","position":1,"name":"Accueil","item":"https:\/\/www.webdo.tn\/fr\/"},{"@type":"ListItem","position":2,"name":"Le Front de salut national manifeste, samedi, &#8220;contre le coup d\u2019Etat&#8221;"}]},{"@type":"WebSite","@id":"https:\/\/www.webdo.tn\/fr\/#website","url":"https:\/\/www.webdo.tn\/fr\/","name":"webdo","description":"Tunisie - News en Tunisie et \u00e0 l&#039;international sur Webdo.tn","publisher":{"@id":"https:\/\/www.webdo.tn\/fr\/#organization"},"potentialAction":[{"@type":"SearchAction","target":{"@type":"EntryPoint","urlTemplate":"https:\/\/www.webdo.tn\/fr\/?s={search_term_string}"},"query-input":{"@type":"PropertyValueSpecification","valueRequired":true,"valueName":"search_term_string"}}],"inLanguage":"fr-FR"},{"@type":"Organization","@id":"https:\/\/www.webdo.tn\/fr\/#organization","name":"Webdo","alternateName":"Webdo.tn","url":"https:\/\/www.webdo.tn\/fr\/","logo":{"@type":"ImageObject","inLanguage":"fr-FR","@id":"https:\/\/www.webdo.tn\/fr\/#\/schema\/logo\/image\/","url":"https:\/\/www.webdo.tn\/fr\/wp-content\/uploads\/2025\/06\/Webdo-Tunisie_168377.jpg","contentUrl":"https:\/\/www.webdo.tn\/fr\/wp-content\/uploads\/2025\/06\/Webdo-Tunisie_168377.jpg","width":301,"height":301,"caption":"Webdo"},"image":{"@id":"https:\/\/www.webdo.tn\/fr\/#\/schema\/logo\/image\/"},"sameAs":["https:\/\/www.facebook.com\/webdotn","https:\/\/x.com\/webdo_tn"],"description":"Webdo est un m\u00e9dia num\u00e9rique tunisien fond\u00e9 en 2010, sp\u00e9cialis\u00e9 dans l\u2019actualit\u00e9 nationale et internationale, l\u2019\u00e9conomie, la soci\u00e9t\u00e9 et les analyses politiques. Le site s\u2019adresse \u00e0 un large public francophone et couvre l\u2019information tunisienne en temps r\u00e9el.","email":"redac@webdo.tn","legalName":"YNJ SARL","foundingDate":"2010-09-06","numberOfEmployees":{"@type":"QuantitativeValue","minValue":"11","maxValue":"50"}},{"@type":"Person","@id":"https:\/\/www.webdo.tn\/fr\/#\/schema\/person\/2c4929cbf5a809e3bd38617c6ce150f6","name":"MC","image":{"@type":"ImageObject","inLanguage":"fr-FR","@id":"https:\/\/secure.gravatar.com\/avatar\/a545bbb6f84efdd5553dbbc2895e3ca8f1d12c5215e00a041c9670b54aa9b18a?s=96&d=mm&r=g","url":"https:\/\/secure.gravatar.com\/avatar\/a545bbb6f84efdd5553dbbc2895e3ca8f1d12c5215e00a041c9670b54aa9b18a?s=96&d=mm&r=g","contentUrl":"https:\/\/secure.gravatar.com\/avatar\/a545bbb6f84efdd5553dbbc2895e3ca8f1d12c5215e00a041c9670b54aa9b18a?s=96&d=mm&r=g","caption":"MC"},"url":"https:\/\/www.webdo.tn\/fr\/actualite\/author\/mc\/"}]}},"_links":{"self":[{"href":"https:\/\/www.webdo.tn\/fr\/wp-json\/wp\/v2\/posts\/200304","targetHints":{"allow":["GET"]}}],"collection":[{"href":"https:\/\/www.webdo.tn\/fr\/wp-json\/wp\/v2\/posts"}],"about":[{"href":"https:\/\/www.webdo.tn\/fr\/wp-json\/wp\/v2\/types\/post"}],"author":[{"embeddable":true,"href":"https:\/\/www.webdo.tn\/fr\/wp-json\/wp\/v2\/users\/3162"}],"replies":[{"embeddable":true,"href":"https:\/\/www.webdo.tn\/fr\/wp-json\/wp\/v2\/comments?post=200304"}],"version-history":[{"count":0,"href":"https:\/\/www.webdo.tn\/fr\/wp-json\/wp\/v2\/posts\/200304\/revisions"}],"wp:featuredmedia":[{"embeddable":true,"href":"https:\/\/www.webdo.tn\/fr\/wp-json\/wp\/v2\/media\/252961"}],"wp:attachment":[{"href":"https:\/\/www.webdo.tn\/fr\/wp-json\/wp\/v2\/media?parent=200304"}],"wp:term":[{"taxonomy":"category","embeddable":true,"href":"https:\/\/www.webdo.tn\/fr\/wp-json\/wp\/v2\/categories?post=200304"},{"taxonomy":"post_tag","embeddable":true,"href":"https:\/\/www.webdo.tn\/fr\/wp-json\/wp\/v2\/tags?post=200304"}],"curies":[{"name":"wp","href":"https:\/\/api.w.org\/{rel}","templated":true}]}}