{"id":200302,"date":"2022-12-07T07:28:00","date_gmt":"2022-12-07T07:28:00","guid":{"rendered":"https:\/\/www.webdo.tn\/fr\/blog\/saied-la-crise-des-medicaments-en-passe-d-etre-resolue\/200302\/"},"modified":"2025-05-20T22:46:39","modified_gmt":"2025-05-20T22:46:39","slug":"saied-la-crise-des-medicaments-en-passe-d-etre-resolue","status":"publish","type":"post","link":"https:\/\/www.webdo.tn\/fr\/actualite\/national\/saied-la-crise-des-medicaments-en-passe-d-etre-resolue\/200302\/","title":{"rendered":"Saied : \u00ab La crise des m\u00e9dicaments en passe d&rsquo;\u00eatre r\u00e9solue \u00bb"},"content":{"rendered":"<p>\u00a0\u00bb La Tunisie dispose de tous les attributs n\u00e9cessaires \u00e0 m\u00eame de lui permettre de satisfaire ses besoins en m\u00e9dicaments \u00ab\u00a0, a affirm\u00e9 le pr\u00e9sident de la R\u00e9publique, Ka\u00efs Sa\u00efed, au cours de sa visite, ce mardi, \u00e0 une entreprise sp\u00e9cialis\u00e9e dans l&rsquo;industrie pharmaceutique.<\/p>\n<p>\t\t\t\t\t\t\t\t\tLors de sa rencontre avec les responsables de cette unit\u00e9, il a soulign\u00e9 l&rsquo;imp\u00e9rieuse n\u00e9cessit\u00e9 de constituer des stocks strat\u00e9giques en pr\u00e9vision de toute urgence.<\/p>\n<p>\u00a0\u00bb La crise que traverse actuellement le secteur de distribution des m\u00e9dicaments est en passe d&rsquo;\u00eatre r\u00e9solue \u00ab\u00a0, a-t-il rassur\u00e9, mettant l&rsquo;accent sur la n\u00e9cessit\u00e9 de conjuguer tous les efforts, particuli\u00e8rement en cette conjoncture pour faire face aux difficult\u00e9s et relever les d\u00e9fis.<\/p>\n<p>Selon un communiqu\u00e9 de la pr\u00e9sidence de la R\u00e9publique, Sa\u00efed a visit\u00e9 les diff\u00e9rents locaux de cette unit\u00e9 o\u00f9 il a pris connaissance des m\u00e9thodes de fabrication et de distribution des m\u00e9dicaments.<\/p>\n","protected":false},"excerpt":{"rendered":"<p>  La Tunisie dispose de tous les attributs n\u00e9cessaires \u00e0 m\u00eame de lui permettre de satisfaire ses besoins en m\u00e9dicaments  , a affirm\u00e9 le pr\u00e9sident de la R\u00e9publiq&#8230;<\/p>\n","protected":false},"author":3175,"featured_media":252962,"comment_status":"open","ping_status":"closed","sticky":false,"template":"","format":"standard","meta":{"footnotes":""},"categories":[44],"tags":[2614,3479,2608,8955],"class_list":["post-200302","post","type-post","status-publish","format-standard","has-post-thumbnail","hentry","category-national","tag-kais-saied","tag-medicaments","tag-tunisie","tag-w"],"yoast_head":"<!-- This site is optimized with the Yoast SEO Premium plugin v27.4 (Yoast SEO v27.5) - https:\/\/yoast.com\/product\/yoast-seo-premium-wordpress\/ -->\n<title>Saied : \u00ab La crise des m\u00e9dicaments en passe d&#039;\u00eatre r\u00e9solue \u00bb<\/title>\n<meta name=\"description\" content=\"La Tunisie dispose de tous les attributs n\u00e9cessaires \u00e0 m\u00eame de lui permettre de satisfaire ses besoins en m\u00e9dicaments , a affirm\u00e9 le pr\u00e9sident de la R\u00e9publiq...\" \/>\n<link rel=\"canonical\" href=\"https:\/\/www.webdo.tn\/fr\/actualite\/national\/saied-la-crise-des-medicaments-en-passe-d-etre-resolue\/200302\/\" \/>\n<meta property=\"og:locale\" content=\"fr_FR\" \/>\n<meta property=\"og:type\" content=\"article\" \/>\n<meta property=\"og:title\" content=\"Saied : \u00ab La crise des m\u00e9dicaments en passe d&#039;\u00eatre r\u00e9solue \u00bb\" \/>\n<meta property=\"og:description\" content=\"La Tunisie dispose de tous les attributs n\u00e9cessaires \u00e0 m\u00eame de lui permettre de satisfaire ses besoins en m\u00e9dicaments , a affirm\u00e9 le pr\u00e9sident de la R\u00e9publiq...\" \/>\n<meta property=\"og:url\" content=\"https:\/\/www.webdo.tn\/fr\/actualite\/national\/saied-la-crise-des-medicaments-en-passe-d-etre-resolue\/200302\/\" \/>\n<meta property=\"og:site_name\" content=\"webdo\" \/>\n<meta property=\"article:publisher\" content=\"https:\/\/www.facebook.com\/webdotn\" \/>\n<meta property=\"article:published_time\" content=\"2022-12-07T07:28:00+00:00\" \/>\n<meta property=\"article:modified_time\" content=\"2025-05-20T22:46:39+00:00\" \/>\n<meta property=\"og:image\" content=\"https:\/\/www.webdo.tn\/fr\/wp-content\/uploads\/2022\/12\/3f3661e35cffe5aa5d4638ae2f5fd8cc.jpg\" \/>\n\t<meta property=\"og:image:width\" content=\"750\" \/>\n\t<meta property=\"og:image:height\" content=\"400\" \/>\n\t<meta property=\"og:image:type\" content=\"image\/jpeg\" \/>\n<meta name=\"author\" content=\"CL\" \/>\n<meta name=\"twitter:card\" content=\"summary_large_image\" \/>\n<meta name=\"twitter:creator\" content=\"@webdo_tn\" \/>\n<meta name=\"twitter:site\" content=\"@webdo_tn\" \/>\n<meta name=\"twitter:label1\" content=\"\u00c9crit par\" \/>\n\t<meta name=\"twitter:data1\" content=\"CL\" \/>\n\t<meta name=\"twitter:label2\" content=\"Dur\u00e9e de lecture estim\u00e9e\" \/>\n\t<meta name=\"twitter:data2\" content=\"1 minute\" \/>\n<script type=\"application\/ld+json\" class=\"yoast-schema-graph\">{\"@context\":\"https:\\\/\\\/schema.org\",\"@graph\":[{\"@type\":\"NewsArticle\",\"@id\":\"https:\\\/\\\/www.webdo.tn\\\/fr\\\/actualite\\\/national\\\/saied-la-crise-des-medicaments-en-passe-d-etre-resolue\\\/200302\\\/#article\",\"isPartOf\":{\"@id\":\"https:\\\/\\\/www.webdo.tn\\\/fr\\\/actualite\\\/national\\\/saied-la-crise-des-medicaments-en-passe-d-etre-resolue\\\/200302\\\/\"},\"author\":{\"name\":\"CL\",\"@id\":\"https:\\\/\\\/www.webdo.tn\\\/fr\\\/#\\\/schema\\\/person\\\/f35b42a42c5e2511bbd282959d6385cc\"},\"headline\":\"Saied : \u00ab La crise des m\u00e9dicaments en passe d&rsquo;\u00eatre r\u00e9solue \u00bb\",\"datePublished\":\"2022-12-07T07:28:00+00:00\",\"dateModified\":\"2025-05-20T22:46:39+00:00\",\"mainEntityOfPage\":{\"@id\":\"https:\\\/\\\/www.webdo.tn\\\/fr\\\/actualite\\\/national\\\/saied-la-crise-des-medicaments-en-passe-d-etre-resolue\\\/200302\\\/\"},\"wordCount\":179,\"commentCount\":0,\"publisher\":{\"@id\":\"https:\\\/\\\/www.webdo.tn\\\/fr\\\/#organization\"},\"image\":{\"@id\":\"https:\\\/\\\/www.webdo.tn\\\/fr\\\/actualite\\\/national\\\/saied-la-crise-des-medicaments-en-passe-d-etre-resolue\\\/200302\\\/#primaryimage\"},\"thumbnailUrl\":\"https:\\\/\\\/www.webdo.tn\\\/fr\\\/wp-content\\\/uploads\\\/2022\\\/12\\\/3f3661e35cffe5aa5d4638ae2f5fd8cc.jpg\",\"keywords\":[\"Kais Saied\",\"m\u00e9dicaments\",\"Tunisie\",\"w\"],\"articleSection\":[\"National\"],\"inLanguage\":\"fr-FR\"},{\"@type\":\"WebPage\",\"@id\":\"https:\\\/\\\/www.webdo.tn\\\/fr\\\/actualite\\\/national\\\/saied-la-crise-des-medicaments-en-passe-d-etre-resolue\\\/200302\\\/\",\"url\":\"https:\\\/\\\/www.webdo.tn\\\/fr\\\/actualite\\\/national\\\/saied-la-crise-des-medicaments-en-passe-d-etre-resolue\\\/200302\\\/\",\"name\":\"Saied : \u00ab La crise des m\u00e9dicaments en passe d'\u00eatre r\u00e9solue \u00bb\",\"isPartOf\":{\"@id\":\"https:\\\/\\\/www.webdo.tn\\\/fr\\\/#website\"},\"primaryImageOfPage\":{\"@id\":\"https:\\\/\\\/www.webdo.tn\\\/fr\\\/actualite\\\/national\\\/saied-la-crise-des-medicaments-en-passe-d-etre-resolue\\\/200302\\\/#primaryimage\"},\"image\":{\"@id\":\"https:\\\/\\\/www.webdo.tn\\\/fr\\\/actualite\\\/national\\\/saied-la-crise-des-medicaments-en-passe-d-etre-resolue\\\/200302\\\/#primaryimage\"},\"thumbnailUrl\":\"https:\\\/\\\/www.webdo.tn\\\/fr\\\/wp-content\\\/uploads\\\/2022\\\/12\\\/3f3661e35cffe5aa5d4638ae2f5fd8cc.jpg\",\"datePublished\":\"2022-12-07T07:28:00+00:00\",\"dateModified\":\"2025-05-20T22:46:39+00:00\",\"description\":\"La Tunisie dispose de tous les attributs n\u00e9cessaires \u00e0 m\u00eame de lui permettre de satisfaire ses besoins en m\u00e9dicaments , a affirm\u00e9 le pr\u00e9sident de la R\u00e9publiq...\",\"breadcrumb\":{\"@id\":\"https:\\\/\\\/www.webdo.tn\\\/fr\\\/actualite\\\/national\\\/saied-la-crise-des-medicaments-en-passe-d-etre-resolue\\\/200302\\\/#breadcrumb\"},\"inLanguage\":\"fr-FR\",\"potentialAction\":[{\"@type\":\"ReadAction\",\"target\":[\"https:\\\/\\\/www.webdo.tn\\\/fr\\\/actualite\\\/national\\\/saied-la-crise-des-medicaments-en-passe-d-etre-resolue\\\/200302\\\/\"]}]},{\"@type\":\"ImageObject\",\"inLanguage\":\"fr-FR\",\"@id\":\"https:\\\/\\\/www.webdo.tn\\\/fr\\\/actualite\\\/national\\\/saied-la-crise-des-medicaments-en-passe-d-etre-resolue\\\/200302\\\/#primaryimage\",\"url\":\"https:\\\/\\\/www.webdo.tn\\\/fr\\\/wp-content\\\/uploads\\\/2022\\\/12\\\/3f3661e35cffe5aa5d4638ae2f5fd8cc.jpg\",\"contentUrl\":\"https:\\\/\\\/www.webdo.tn\\\/fr\\\/wp-content\\\/uploads\\\/2022\\\/12\\\/3f3661e35cffe5aa5d4638ae2f5fd8cc.jpg\",\"width\":750,\"height\":400,\"caption\":\"Kais Saied\"},{\"@type\":\"BreadcrumbList\",\"@id\":\"https:\\\/\\\/www.webdo.tn\\\/fr\\\/actualite\\\/national\\\/saied-la-crise-des-medicaments-en-passe-d-etre-resolue\\\/200302\\\/#breadcrumb\",\"itemListElement\":[{\"@type\":\"ListItem\",\"position\":1,\"name\":\"Accueil\",\"item\":\"https:\\\/\\\/www.webdo.tn\\\/fr\\\/\"},{\"@type\":\"ListItem\",\"position\":2,\"name\":\"Saied : \u00ab La crise des m\u00e9dicaments en passe d&#8217;\u00eatre r\u00e9solue \u00bb\"}]},{\"@type\":\"WebSite\",\"@id\":\"https:\\\/\\\/www.webdo.tn\\\/fr\\\/#website\",\"url\":\"https:\\\/\\\/www.webdo.tn\\\/fr\\\/\",\"name\":\"webdo\",\"description\":\"Tunisie - News en Tunisie et \u00e0 l&#039;international sur Webdo.tn\",\"publisher\":{\"@id\":\"https:\\\/\\\/www.webdo.tn\\\/fr\\\/#organization\"},\"potentialAction\":[{\"@type\":\"SearchAction\",\"target\":{\"@type\":\"EntryPoint\",\"urlTemplate\":\"https:\\\/\\\/www.webdo.tn\\\/fr\\\/?s={search_term_string}\"},\"query-input\":{\"@type\":\"PropertyValueSpecification\",\"valueRequired\":true,\"valueName\":\"search_term_string\"}}],\"inLanguage\":\"fr-FR\"},{\"@type\":\"Organization\",\"@id\":\"https:\\\/\\\/www.webdo.tn\\\/fr\\\/#organization\",\"name\":\"Webdo\",\"alternateName\":\"Webdo.tn\",\"url\":\"https:\\\/\\\/www.webdo.tn\\\/fr\\\/\",\"logo\":{\"@type\":\"ImageObject\",\"inLanguage\":\"fr-FR\",\"@id\":\"https:\\\/\\\/www.webdo.tn\\\/fr\\\/#\\\/schema\\\/logo\\\/image\\\/\",\"url\":\"https:\\\/\\\/www.webdo.tn\\\/fr\\\/wp-content\\\/uploads\\\/2025\\\/06\\\/Webdo-Tunisie_168377.jpg\",\"contentUrl\":\"https:\\\/\\\/www.webdo.tn\\\/fr\\\/wp-content\\\/uploads\\\/2025\\\/06\\\/Webdo-Tunisie_168377.jpg\",\"width\":301,\"height\":301,\"caption\":\"Webdo\"},\"image\":{\"@id\":\"https:\\\/\\\/www.webdo.tn\\\/fr\\\/#\\\/schema\\\/logo\\\/image\\\/\"},\"sameAs\":[\"https:\\\/\\\/www.facebook.com\\\/webdotn\",\"https:\\\/\\\/x.com\\\/webdo_tn\"],\"description\":\"Webdo est un m\u00e9dia num\u00e9rique tunisien fond\u00e9 en 2010, sp\u00e9cialis\u00e9 dans l\u2019actualit\u00e9 nationale et internationale, l\u2019\u00e9conomie, la soci\u00e9t\u00e9 et les analyses politiques. Le site s\u2019adresse \u00e0 un large public francophone et couvre l\u2019information tunisienne en temps r\u00e9el.\",\"email\":\"redac@webdo.tn\",\"legalName\":\"YNJ SARL\",\"foundingDate\":\"2010-09-06\",\"numberOfEmployees\":{\"@type\":\"QuantitativeValue\",\"minValue\":\"11\",\"maxValue\":\"50\"}},{\"@type\":\"Person\",\"@id\":\"https:\\\/\\\/www.webdo.tn\\\/fr\\\/#\\\/schema\\\/person\\\/f35b42a42c5e2511bbd282959d6385cc\",\"name\":\"CL\",\"image\":{\"@type\":\"ImageObject\",\"inLanguage\":\"fr-FR\",\"@id\":\"https:\\\/\\\/secure.gravatar.com\\\/avatar\\\/1447a49909b67aa657c488aec6512e1dd6143a480c1ecfee9b5b5cd74eb3b59e?s=96&d=mm&r=g\",\"url\":\"https:\\\/\\\/secure.gravatar.com\\\/avatar\\\/1447a49909b67aa657c488aec6512e1dd6143a480c1ecfee9b5b5cd74eb3b59e?s=96&d=mm&r=g\",\"contentUrl\":\"https:\\\/\\\/secure.gravatar.com\\\/avatar\\\/1447a49909b67aa657c488aec6512e1dd6143a480c1ecfee9b5b5cd74eb3b59e?s=96&d=mm&r=g\",\"caption\":\"CL\"},\"url\":\"https:\\\/\\\/www.webdo.tn\\\/fr\\\/actualite\\\/author\\\/cl\\\/\"}]}<\/script>\n<!-- \/ Yoast SEO Premium plugin. -->","yoast_head_json":{"title":"Saied : \u00ab La crise des m\u00e9dicaments en passe d'\u00eatre r\u00e9solue \u00bb","description":"La Tunisie dispose de tous les attributs n\u00e9cessaires \u00e0 m\u00eame de lui permettre de satisfaire ses besoins en m\u00e9dicaments , a affirm\u00e9 le pr\u00e9sident de la R\u00e9publiq...","canonical":"https:\/\/www.webdo.tn\/fr\/actualite\/national\/saied-la-crise-des-medicaments-en-passe-d-etre-resolue\/200302\/","og_locale":"fr_FR","og_type":"article","og_title":"Saied : \u00ab La crise des m\u00e9dicaments en passe d'\u00eatre r\u00e9solue \u00bb","og_description":"La Tunisie dispose de tous les attributs n\u00e9cessaires \u00e0 m\u00eame de lui permettre de satisfaire ses besoins en m\u00e9dicaments , a affirm\u00e9 le pr\u00e9sident de la R\u00e9publiq...","og_url":"https:\/\/www.webdo.tn\/fr\/actualite\/national\/saied-la-crise-des-medicaments-en-passe-d-etre-resolue\/200302\/","og_site_name":"webdo","article_publisher":"https:\/\/www.facebook.com\/webdotn","article_published_time":"2022-12-07T07:28:00+00:00","article_modified_time":"2025-05-20T22:46:39+00:00","og_image":[{"width":750,"height":400,"url":"https:\/\/www.webdo.tn\/fr\/wp-content\/uploads\/2022\/12\/3f3661e35cffe5aa5d4638ae2f5fd8cc.jpg","type":"image\/jpeg"}],"author":"CL","twitter_card":"summary_large_image","twitter_creator":"@webdo_tn","twitter_site":"@webdo_tn","twitter_misc":{"\u00c9crit par":"CL","Dur\u00e9e de lecture estim\u00e9e":"1 minute"},"schema":{"@context":"https:\/\/schema.org","@graph":[{"@type":"NewsArticle","@id":"https:\/\/www.webdo.tn\/fr\/actualite\/national\/saied-la-crise-des-medicaments-en-passe-d-etre-resolue\/200302\/#article","isPartOf":{"@id":"https:\/\/www.webdo.tn\/fr\/actualite\/national\/saied-la-crise-des-medicaments-en-passe-d-etre-resolue\/200302\/"},"author":{"name":"CL","@id":"https:\/\/www.webdo.tn\/fr\/#\/schema\/person\/f35b42a42c5e2511bbd282959d6385cc"},"headline":"Saied : \u00ab La crise des m\u00e9dicaments en passe d&rsquo;\u00eatre r\u00e9solue \u00bb","datePublished":"2022-12-07T07:28:00+00:00","dateModified":"2025-05-20T22:46:39+00:00","mainEntityOfPage":{"@id":"https:\/\/www.webdo.tn\/fr\/actualite\/national\/saied-la-crise-des-medicaments-en-passe-d-etre-resolue\/200302\/"},"wordCount":179,"commentCount":0,"publisher":{"@id":"https:\/\/www.webdo.tn\/fr\/#organization"},"image":{"@id":"https:\/\/www.webdo.tn\/fr\/actualite\/national\/saied-la-crise-des-medicaments-en-passe-d-etre-resolue\/200302\/#primaryimage"},"thumbnailUrl":"https:\/\/www.webdo.tn\/fr\/wp-content\/uploads\/2022\/12\/3f3661e35cffe5aa5d4638ae2f5fd8cc.jpg","keywords":["Kais Saied","m\u00e9dicaments","Tunisie","w"],"articleSection":["National"],"inLanguage":"fr-FR"},{"@type":"WebPage","@id":"https:\/\/www.webdo.tn\/fr\/actualite\/national\/saied-la-crise-des-medicaments-en-passe-d-etre-resolue\/200302\/","url":"https:\/\/www.webdo.tn\/fr\/actualite\/national\/saied-la-crise-des-medicaments-en-passe-d-etre-resolue\/200302\/","name":"Saied : \u00ab La crise des m\u00e9dicaments en passe d'\u00eatre r\u00e9solue \u00bb","isPartOf":{"@id":"https:\/\/www.webdo.tn\/fr\/#website"},"primaryImageOfPage":{"@id":"https:\/\/www.webdo.tn\/fr\/actualite\/national\/saied-la-crise-des-medicaments-en-passe-d-etre-resolue\/200302\/#primaryimage"},"image":{"@id":"https:\/\/www.webdo.tn\/fr\/actualite\/national\/saied-la-crise-des-medicaments-en-passe-d-etre-resolue\/200302\/#primaryimage"},"thumbnailUrl":"https:\/\/www.webdo.tn\/fr\/wp-content\/uploads\/2022\/12\/3f3661e35cffe5aa5d4638ae2f5fd8cc.jpg","datePublished":"2022-12-07T07:28:00+00:00","dateModified":"2025-05-20T22:46:39+00:00","description":"La Tunisie dispose de tous les attributs n\u00e9cessaires \u00e0 m\u00eame de lui permettre de satisfaire ses besoins en m\u00e9dicaments , a affirm\u00e9 le pr\u00e9sident de la R\u00e9publiq...","breadcrumb":{"@id":"https:\/\/www.webdo.tn\/fr\/actualite\/national\/saied-la-crise-des-medicaments-en-passe-d-etre-resolue\/200302\/#breadcrumb"},"inLanguage":"fr-FR","potentialAction":[{"@type":"ReadAction","target":["https:\/\/www.webdo.tn\/fr\/actualite\/national\/saied-la-crise-des-medicaments-en-passe-d-etre-resolue\/200302\/"]}]},{"@type":"ImageObject","inLanguage":"fr-FR","@id":"https:\/\/www.webdo.tn\/fr\/actualite\/national\/saied-la-crise-des-medicaments-en-passe-d-etre-resolue\/200302\/#primaryimage","url":"https:\/\/www.webdo.tn\/fr\/wp-content\/uploads\/2022\/12\/3f3661e35cffe5aa5d4638ae2f5fd8cc.jpg","contentUrl":"https:\/\/www.webdo.tn\/fr\/wp-content\/uploads\/2022\/12\/3f3661e35cffe5aa5d4638ae2f5fd8cc.jpg","width":750,"height":400,"caption":"Kais Saied"},{"@type":"BreadcrumbList","@id":"https:\/\/www.webdo.tn\/fr\/actualite\/national\/saied-la-crise-des-medicaments-en-passe-d-etre-resolue\/200302\/#breadcrumb","itemListElement":[{"@type":"ListItem","position":1,"name":"Accueil","item":"https:\/\/www.webdo.tn\/fr\/"},{"@type":"ListItem","position":2,"name":"Saied : \u00ab La crise des m\u00e9dicaments en passe d&#8217;\u00eatre r\u00e9solue \u00bb"}]},{"@type":"WebSite","@id":"https:\/\/www.webdo.tn\/fr\/#website","url":"https:\/\/www.webdo.tn\/fr\/","name":"webdo","description":"Tunisie - News en Tunisie et \u00e0 l&#039;international sur Webdo.tn","publisher":{"@id":"https:\/\/www.webdo.tn\/fr\/#organization"},"potentialAction":[{"@type":"SearchAction","target":{"@type":"EntryPoint","urlTemplate":"https:\/\/www.webdo.tn\/fr\/?s={search_term_string}"},"query-input":{"@type":"PropertyValueSpecification","valueRequired":true,"valueName":"search_term_string"}}],"inLanguage":"fr-FR"},{"@type":"Organization","@id":"https:\/\/www.webdo.tn\/fr\/#organization","name":"Webdo","alternateName":"Webdo.tn","url":"https:\/\/www.webdo.tn\/fr\/","logo":{"@type":"ImageObject","inLanguage":"fr-FR","@id":"https:\/\/www.webdo.tn\/fr\/#\/schema\/logo\/image\/","url":"https:\/\/www.webdo.tn\/fr\/wp-content\/uploads\/2025\/06\/Webdo-Tunisie_168377.jpg","contentUrl":"https:\/\/www.webdo.tn\/fr\/wp-content\/uploads\/2025\/06\/Webdo-Tunisie_168377.jpg","width":301,"height":301,"caption":"Webdo"},"image":{"@id":"https:\/\/www.webdo.tn\/fr\/#\/schema\/logo\/image\/"},"sameAs":["https:\/\/www.facebook.com\/webdotn","https:\/\/x.com\/webdo_tn"],"description":"Webdo est un m\u00e9dia num\u00e9rique tunisien fond\u00e9 en 2010, sp\u00e9cialis\u00e9 dans l\u2019actualit\u00e9 nationale et internationale, l\u2019\u00e9conomie, la soci\u00e9t\u00e9 et les analyses politiques. Le site s\u2019adresse \u00e0 un large public francophone et couvre l\u2019information tunisienne en temps r\u00e9el.","email":"redac@webdo.tn","legalName":"YNJ SARL","foundingDate":"2010-09-06","numberOfEmployees":{"@type":"QuantitativeValue","minValue":"11","maxValue":"50"}},{"@type":"Person","@id":"https:\/\/www.webdo.tn\/fr\/#\/schema\/person\/f35b42a42c5e2511bbd282959d6385cc","name":"CL","image":{"@type":"ImageObject","inLanguage":"fr-FR","@id":"https:\/\/secure.gravatar.com\/avatar\/1447a49909b67aa657c488aec6512e1dd6143a480c1ecfee9b5b5cd74eb3b59e?s=96&d=mm&r=g","url":"https:\/\/secure.gravatar.com\/avatar\/1447a49909b67aa657c488aec6512e1dd6143a480c1ecfee9b5b5cd74eb3b59e?s=96&d=mm&r=g","contentUrl":"https:\/\/secure.gravatar.com\/avatar\/1447a49909b67aa657c488aec6512e1dd6143a480c1ecfee9b5b5cd74eb3b59e?s=96&d=mm&r=g","caption":"CL"},"url":"https:\/\/www.webdo.tn\/fr\/actualite\/author\/cl\/"}]}},"_links":{"self":[{"href":"https:\/\/www.webdo.tn\/fr\/wp-json\/wp\/v2\/posts\/200302","targetHints":{"allow":["GET"]}}],"collection":[{"href":"https:\/\/www.webdo.tn\/fr\/wp-json\/wp\/v2\/posts"}],"about":[{"href":"https:\/\/www.webdo.tn\/fr\/wp-json\/wp\/v2\/types\/post"}],"author":[{"embeddable":true,"href":"https:\/\/www.webdo.tn\/fr\/wp-json\/wp\/v2\/users\/3175"}],"replies":[{"embeddable":true,"href":"https:\/\/www.webdo.tn\/fr\/wp-json\/wp\/v2\/comments?post=200302"}],"version-history":[{"count":0,"href":"https:\/\/www.webdo.tn\/fr\/wp-json\/wp\/v2\/posts\/200302\/revisions"}],"wp:featuredmedia":[{"embeddable":true,"href":"https:\/\/www.webdo.tn\/fr\/wp-json\/wp\/v2\/media\/252962"}],"wp:attachment":[{"href":"https:\/\/www.webdo.tn\/fr\/wp-json\/wp\/v2\/media?parent=200302"}],"wp:term":[{"taxonomy":"category","embeddable":true,"href":"https:\/\/www.webdo.tn\/fr\/wp-json\/wp\/v2\/categories?post=200302"},{"taxonomy":"post_tag","embeddable":true,"href":"https:\/\/www.webdo.tn\/fr\/wp-json\/wp\/v2\/tags?post=200302"}],"curies":[{"name":"wp","href":"https:\/\/api.w.org\/{rel}","templated":true}]}}