{"id":200261,"date":"2022-12-06T10:28:00","date_gmt":"2022-12-06T10:28:00","guid":{"rendered":"https:\/\/www.webdo.tn\/fr\/actualite\/blog\/coupure-d-eau-demain-dans-plusieurs-zones-de-tunis-et-de-l-ariana\/200261\/"},"modified":"2025-05-22T11:42:06","modified_gmt":"2025-05-22T11:42:06","slug":"coupure-d-eau-demain-dans-plusieurs-zones-de-tunis-et-de-l-ariana","status":"publish","type":"post","link":"https:\/\/www.webdo.tn\/fr\/actualite\/national\/coupure-d-eau-demain-dans-plusieurs-zones-de-tunis-et-de-l-ariana\/200261\/","title":{"rendered":"Coupure d\u2019eau, demain, dans plusieurs zones de Tunis et de l\u2019Ariana"},"content":{"rendered":"<p>La Soci\u00e9t\u00e9 Nationale d&rsquo;Exploitation et de Distribution des Eaux (SONEDE) annonce une coupure de la distribution de l\u2019eau potable, demain, mercredi 7 d\u00e9cembre 2022, \u00e0 partir de 8h dans plusieurs zones de Tunis et l\u2019Ariana.<\/p>\n<p> Les zones concern\u00e9es sont El Manar 1, le Campus Universitaire El Manar 1, El Menzah 7 bis, les zones sup\u00e9rieures de Ras Tabia, El Menzah 9 A, El Menzah 9 B, Manar 2, Cit\u00e9 Ennasr 1, Cit\u00e9 Ennasr 2 et Cit\u00e9 El Faouz.<\/p>\n<p>La soci\u00e9t\u00e9 a expliqu\u00e9, dans un communiqu\u00e9 publi\u00e9 ce mardi 6 d\u00e9cembre, que cette coupure est due aux travaux de raccordement d\u2019une partie de la conduite principale approvisionnant ces zones, engag\u00e9s par ses services au niveau d&rsquo;El Manar 1 (Tunis), dans le cadre du projet de r\u00e9habilitation de la route X4 entrepris par les services du minist\u00e8re de l&rsquo;Equipement et de l&rsquo;Habitat.<\/p>\n<p>L\u2019approvisionnement en eau reprendra progressivement dans les zones concern\u00e9es, jeudi 8 d\u00e9cembre 2022, \u00e0 partir de 8h, apr\u00e8s l&rsquo;ach\u00e8vement des travaux.<\/p>\n","protected":false},"excerpt":{"rendered":"<p>La Soci\u00e9t\u00e9 Nationale d&rsquo;Exploitation et de Distribution des Eaux (SONEDE) annonce une coupure de la distribution de l\u2019eau potable, demain, mercredi 7 d\u00e9cembre 20&#8230;<\/p>\n","protected":false},"author":3162,"featured_media":348487,"comment_status":"open","ping_status":"closed","sticky":false,"template":"","format":"standard","meta":{"footnotes":""},"categories":[44],"tags":[3463,2753,2752,2640],"class_list":["post-200261","post","type-post","status-publish","format-standard","has-post-thumbnail","hentry","category-national","tag-ariana","tag-coupure-deau","tag-sonede","tag-tunis"],"yoast_head":"<!-- This site is optimized with the Yoast SEO Premium plugin v27.4 (Yoast SEO v27.5) - https:\/\/yoast.com\/product\/yoast-seo-premium-wordpress\/ -->\n<title>Coupure d\u2019eau, demain, dans plusieurs zones de Tunis et de l\u2019Ariana<\/title>\n<meta name=\"description\" content=\"La Soci\u00e9t\u00e9 Nationale d&#039;Exploitation et de Distribution des Eaux (SONEDE) annonce une coupure de la distribution de l\u2019eau potable, demain, mercredi 7 d\u00e9cembre 20...\" \/>\n<link rel=\"canonical\" href=\"https:\/\/www.webdo.tn\/fr\/actualite\/national-45\/coupure-d-eau-demain-dans-plusieurs-zones-de-tunis-et-de-l-ariana\/200261\/\" \/>\n<meta property=\"og:locale\" content=\"fr_FR\" \/>\n<meta property=\"og:type\" content=\"article\" \/>\n<meta property=\"og:title\" content=\"Coupure d\u2019eau, demain, dans plusieurs zones de Tunis et de l\u2019Ariana\" \/>\n<meta property=\"og:description\" content=\"La Soci\u00e9t\u00e9 Nationale d&#039;Exploitation et de Distribution des Eaux (SONEDE) annonce une coupure de la distribution de l\u2019eau potable, demain, mercredi 7 d\u00e9cembre 20...\" \/>\n<meta property=\"og:url\" content=\"https:\/\/www.webdo.tn\/fr\/actualite\/national-45\/coupure-d-eau-demain-dans-plusieurs-zones-de-tunis-et-de-l-ariana\/200261\/\" \/>\n<meta property=\"og:site_name\" content=\"webdo\" \/>\n<meta property=\"article:publisher\" content=\"https:\/\/www.facebook.com\/webdotn\" \/>\n<meta property=\"article:published_time\" content=\"2022-12-06T10:28:00+00:00\" \/>\n<meta property=\"article:modified_time\" content=\"2025-05-22T11:42:06+00:00\" \/>\n<meta property=\"og:image\" content=\"https:\/\/www.webdo.tn\/fr\/wp-content\/uploads\/2022\/12\/49dd9845feb4878f5f88895d8b0b96e8.jpg\" \/>\n\t<meta property=\"og:image:width\" content=\"750\" \/>\n\t<meta property=\"og:image:height\" content=\"400\" \/>\n\t<meta property=\"og:image:type\" content=\"image\/jpeg\" \/>\n<meta name=\"author\" content=\"MC\" \/>\n<meta name=\"twitter:card\" content=\"summary_large_image\" \/>\n<meta name=\"twitter:creator\" content=\"@webdo_tn\" \/>\n<meta name=\"twitter:site\" content=\"@webdo_tn\" \/>\n<meta name=\"twitter:label1\" content=\"\u00c9crit par\" \/>\n\t<meta name=\"twitter:data1\" content=\"MC\" \/>\n\t<meta name=\"twitter:label2\" content=\"Dur\u00e9e de lecture estim\u00e9e\" \/>\n\t<meta name=\"twitter:data2\" content=\"1 minute\" \/>\n<script type=\"application\/ld+json\" class=\"yoast-schema-graph\">{\"@context\":\"https:\\\/\\\/schema.org\",\"@graph\":[{\"@type\":\"NewsArticle\",\"@id\":\"https:\\\/\\\/www.webdo.tn\\\/fr\\\/actualite\\\/national-45\\\/coupure-d-eau-demain-dans-plusieurs-zones-de-tunis-et-de-l-ariana\\\/200261\\\/#article\",\"isPartOf\":{\"@id\":\"https:\\\/\\\/www.webdo.tn\\\/fr\\\/actualite\\\/national-45\\\/coupure-d-eau-demain-dans-plusieurs-zones-de-tunis-et-de-l-ariana\\\/200261\\\/\"},\"author\":{\"name\":\"MC\",\"@id\":\"https:\\\/\\\/www.webdo.tn\\\/fr\\\/#\\\/schema\\\/person\\\/2c4929cbf5a809e3bd38617c6ce150f6\"},\"headline\":\"Coupure d\u2019eau, demain, dans plusieurs zones de Tunis et de l\u2019Ariana\",\"datePublished\":\"2022-12-06T10:28:00+00:00\",\"dateModified\":\"2025-05-22T11:42:06+00:00\",\"mainEntityOfPage\":{\"@id\":\"https:\\\/\\\/www.webdo.tn\\\/fr\\\/actualite\\\/national-45\\\/coupure-d-eau-demain-dans-plusieurs-zones-de-tunis-et-de-l-ariana\\\/200261\\\/\"},\"wordCount\":180,\"commentCount\":0,\"publisher\":{\"@id\":\"https:\\\/\\\/www.webdo.tn\\\/fr\\\/#organization\"},\"image\":{\"@id\":\"https:\\\/\\\/www.webdo.tn\\\/fr\\\/actualite\\\/national-45\\\/coupure-d-eau-demain-dans-plusieurs-zones-de-tunis-et-de-l-ariana\\\/200261\\\/#primaryimage\"},\"thumbnailUrl\":\"https:\\\/\\\/www.webdo.tn\\\/fr\\\/wp-content\\\/uploads\\\/2022\\\/12\\\/49dd9845feb4878f5f88895d8b0b96e8.jpg\",\"keywords\":[\"ariana\",\"Coupure d'eau\",\"Sonede\",\"Tunis\"],\"articleSection\":[\"National\"],\"inLanguage\":\"fr-FR\"},{\"@type\":\"WebPage\",\"@id\":\"https:\\\/\\\/www.webdo.tn\\\/fr\\\/actualite\\\/national-45\\\/coupure-d-eau-demain-dans-plusieurs-zones-de-tunis-et-de-l-ariana\\\/200261\\\/\",\"url\":\"https:\\\/\\\/www.webdo.tn\\\/fr\\\/actualite\\\/national-45\\\/coupure-d-eau-demain-dans-plusieurs-zones-de-tunis-et-de-l-ariana\\\/200261\\\/\",\"name\":\"Coupure d\u2019eau, demain, dans plusieurs zones de Tunis et de l\u2019Ariana\",\"isPartOf\":{\"@id\":\"https:\\\/\\\/www.webdo.tn\\\/fr\\\/#website\"},\"primaryImageOfPage\":{\"@id\":\"https:\\\/\\\/www.webdo.tn\\\/fr\\\/actualite\\\/national-45\\\/coupure-d-eau-demain-dans-plusieurs-zones-de-tunis-et-de-l-ariana\\\/200261\\\/#primaryimage\"},\"image\":{\"@id\":\"https:\\\/\\\/www.webdo.tn\\\/fr\\\/actualite\\\/national-45\\\/coupure-d-eau-demain-dans-plusieurs-zones-de-tunis-et-de-l-ariana\\\/200261\\\/#primaryimage\"},\"thumbnailUrl\":\"https:\\\/\\\/www.webdo.tn\\\/fr\\\/wp-content\\\/uploads\\\/2022\\\/12\\\/49dd9845feb4878f5f88895d8b0b96e8.jpg\",\"datePublished\":\"2022-12-06T10:28:00+00:00\",\"dateModified\":\"2025-05-22T11:42:06+00:00\",\"description\":\"La Soci\u00e9t\u00e9 Nationale d'Exploitation et de Distribution des Eaux (SONEDE) annonce une coupure de la distribution de l\u2019eau potable, demain, mercredi 7 d\u00e9cembre 20...\",\"breadcrumb\":{\"@id\":\"https:\\\/\\\/www.webdo.tn\\\/fr\\\/actualite\\\/national-45\\\/coupure-d-eau-demain-dans-plusieurs-zones-de-tunis-et-de-l-ariana\\\/200261\\\/#breadcrumb\"},\"inLanguage\":\"fr-FR\",\"potentialAction\":[{\"@type\":\"ReadAction\",\"target\":[\"https:\\\/\\\/www.webdo.tn\\\/fr\\\/actualite\\\/national-45\\\/coupure-d-eau-demain-dans-plusieurs-zones-de-tunis-et-de-l-ariana\\\/200261\\\/\"]}]},{\"@type\":\"ImageObject\",\"inLanguage\":\"fr-FR\",\"@id\":\"https:\\\/\\\/www.webdo.tn\\\/fr\\\/actualite\\\/national-45\\\/coupure-d-eau-demain-dans-plusieurs-zones-de-tunis-et-de-l-ariana\\\/200261\\\/#primaryimage\",\"url\":\"https:\\\/\\\/www.webdo.tn\\\/fr\\\/wp-content\\\/uploads\\\/2022\\\/12\\\/49dd9845feb4878f5f88895d8b0b96e8.jpg\",\"contentUrl\":\"https:\\\/\\\/www.webdo.tn\\\/fr\\\/wp-content\\\/uploads\\\/2022\\\/12\\\/49dd9845feb4878f5f88895d8b0b96e8.jpg\",\"width\":750,\"height\":400,\"caption\":\"Coupure d\u2019eau, demain, dans plusieurs zones de Tunis et de l\u2019Ariana\"},{\"@type\":\"BreadcrumbList\",\"@id\":\"https:\\\/\\\/www.webdo.tn\\\/fr\\\/actualite\\\/national-45\\\/coupure-d-eau-demain-dans-plusieurs-zones-de-tunis-et-de-l-ariana\\\/200261\\\/#breadcrumb\",\"itemListElement\":[{\"@type\":\"ListItem\",\"position\":1,\"name\":\"Accueil\",\"item\":\"https:\\\/\\\/www.webdo.tn\\\/fr\\\/\"},{\"@type\":\"ListItem\",\"position\":2,\"name\":\"Coupure d\u2019eau, demain, dans plusieurs zones de Tunis et de l\u2019Ariana\"}]},{\"@type\":\"WebSite\",\"@id\":\"https:\\\/\\\/www.webdo.tn\\\/fr\\\/#website\",\"url\":\"https:\\\/\\\/www.webdo.tn\\\/fr\\\/\",\"name\":\"webdo\",\"description\":\"Tunisie - News en Tunisie et \u00e0 l&#039;international sur Webdo.tn\",\"publisher\":{\"@id\":\"https:\\\/\\\/www.webdo.tn\\\/fr\\\/#organization\"},\"potentialAction\":[{\"@type\":\"SearchAction\",\"target\":{\"@type\":\"EntryPoint\",\"urlTemplate\":\"https:\\\/\\\/www.webdo.tn\\\/fr\\\/?s={search_term_string}\"},\"query-input\":{\"@type\":\"PropertyValueSpecification\",\"valueRequired\":true,\"valueName\":\"search_term_string\"}}],\"inLanguage\":\"fr-FR\"},{\"@type\":\"Organization\",\"@id\":\"https:\\\/\\\/www.webdo.tn\\\/fr\\\/#organization\",\"name\":\"Webdo\",\"alternateName\":\"Webdo.tn\",\"url\":\"https:\\\/\\\/www.webdo.tn\\\/fr\\\/\",\"logo\":{\"@type\":\"ImageObject\",\"inLanguage\":\"fr-FR\",\"@id\":\"https:\\\/\\\/www.webdo.tn\\\/fr\\\/#\\\/schema\\\/logo\\\/image\\\/\",\"url\":\"https:\\\/\\\/www.webdo.tn\\\/fr\\\/wp-content\\\/uploads\\\/2025\\\/06\\\/Webdo-Tunisie_168377.jpg\",\"contentUrl\":\"https:\\\/\\\/www.webdo.tn\\\/fr\\\/wp-content\\\/uploads\\\/2025\\\/06\\\/Webdo-Tunisie_168377.jpg\",\"width\":301,\"height\":301,\"caption\":\"Webdo\"},\"image\":{\"@id\":\"https:\\\/\\\/www.webdo.tn\\\/fr\\\/#\\\/schema\\\/logo\\\/image\\\/\"},\"sameAs\":[\"https:\\\/\\\/www.facebook.com\\\/webdotn\",\"https:\\\/\\\/x.com\\\/webdo_tn\"],\"description\":\"Webdo est un m\u00e9dia num\u00e9rique tunisien fond\u00e9 en 2010, sp\u00e9cialis\u00e9 dans l\u2019actualit\u00e9 nationale et internationale, l\u2019\u00e9conomie, la soci\u00e9t\u00e9 et les analyses politiques. Le site s\u2019adresse \u00e0 un large public francophone et couvre l\u2019information tunisienne en temps r\u00e9el.\",\"email\":\"redac@webdo.tn\",\"legalName\":\"YNJ SARL\",\"foundingDate\":\"2010-09-06\",\"numberOfEmployees\":{\"@type\":\"QuantitativeValue\",\"minValue\":\"11\",\"maxValue\":\"50\"}},{\"@type\":\"Person\",\"@id\":\"https:\\\/\\\/www.webdo.tn\\\/fr\\\/#\\\/schema\\\/person\\\/2c4929cbf5a809e3bd38617c6ce150f6\",\"name\":\"MC\",\"image\":{\"@type\":\"ImageObject\",\"inLanguage\":\"fr-FR\",\"@id\":\"https:\\\/\\\/secure.gravatar.com\\\/avatar\\\/a545bbb6f84efdd5553dbbc2895e3ca8f1d12c5215e00a041c9670b54aa9b18a?s=96&d=mm&r=g\",\"url\":\"https:\\\/\\\/secure.gravatar.com\\\/avatar\\\/a545bbb6f84efdd5553dbbc2895e3ca8f1d12c5215e00a041c9670b54aa9b18a?s=96&d=mm&r=g\",\"contentUrl\":\"https:\\\/\\\/secure.gravatar.com\\\/avatar\\\/a545bbb6f84efdd5553dbbc2895e3ca8f1d12c5215e00a041c9670b54aa9b18a?s=96&d=mm&r=g\",\"caption\":\"MC\"},\"url\":\"https:\\\/\\\/www.webdo.tn\\\/fr\\\/actualite\\\/author\\\/mc\\\/\"}]}<\/script>\n<!-- \/ Yoast SEO Premium plugin. -->","yoast_head_json":{"title":"Coupure d\u2019eau, demain, dans plusieurs zones de Tunis et de l\u2019Ariana","description":"La Soci\u00e9t\u00e9 Nationale d'Exploitation et de Distribution des Eaux (SONEDE) annonce une coupure de la distribution de l\u2019eau potable, demain, mercredi 7 d\u00e9cembre 20...","canonical":"https:\/\/www.webdo.tn\/fr\/actualite\/national-45\/coupure-d-eau-demain-dans-plusieurs-zones-de-tunis-et-de-l-ariana\/200261\/","og_locale":"fr_FR","og_type":"article","og_title":"Coupure d\u2019eau, demain, dans plusieurs zones de Tunis et de l\u2019Ariana","og_description":"La Soci\u00e9t\u00e9 Nationale d'Exploitation et de Distribution des Eaux (SONEDE) annonce une coupure de la distribution de l\u2019eau potable, demain, mercredi 7 d\u00e9cembre 20...","og_url":"https:\/\/www.webdo.tn\/fr\/actualite\/national-45\/coupure-d-eau-demain-dans-plusieurs-zones-de-tunis-et-de-l-ariana\/200261\/","og_site_name":"webdo","article_publisher":"https:\/\/www.facebook.com\/webdotn","article_published_time":"2022-12-06T10:28:00+00:00","article_modified_time":"2025-05-22T11:42:06+00:00","og_image":[{"width":750,"height":400,"url":"https:\/\/www.webdo.tn\/fr\/wp-content\/uploads\/2022\/12\/49dd9845feb4878f5f88895d8b0b96e8.jpg","type":"image\/jpeg"}],"author":"MC","twitter_card":"summary_large_image","twitter_creator":"@webdo_tn","twitter_site":"@webdo_tn","twitter_misc":{"\u00c9crit par":"MC","Dur\u00e9e de lecture estim\u00e9e":"1 minute"},"schema":{"@context":"https:\/\/schema.org","@graph":[{"@type":"NewsArticle","@id":"https:\/\/www.webdo.tn\/fr\/actualite\/national-45\/coupure-d-eau-demain-dans-plusieurs-zones-de-tunis-et-de-l-ariana\/200261\/#article","isPartOf":{"@id":"https:\/\/www.webdo.tn\/fr\/actualite\/national-45\/coupure-d-eau-demain-dans-plusieurs-zones-de-tunis-et-de-l-ariana\/200261\/"},"author":{"name":"MC","@id":"https:\/\/www.webdo.tn\/fr\/#\/schema\/person\/2c4929cbf5a809e3bd38617c6ce150f6"},"headline":"Coupure d\u2019eau, demain, dans plusieurs zones de Tunis et de l\u2019Ariana","datePublished":"2022-12-06T10:28:00+00:00","dateModified":"2025-05-22T11:42:06+00:00","mainEntityOfPage":{"@id":"https:\/\/www.webdo.tn\/fr\/actualite\/national-45\/coupure-d-eau-demain-dans-plusieurs-zones-de-tunis-et-de-l-ariana\/200261\/"},"wordCount":180,"commentCount":0,"publisher":{"@id":"https:\/\/www.webdo.tn\/fr\/#organization"},"image":{"@id":"https:\/\/www.webdo.tn\/fr\/actualite\/national-45\/coupure-d-eau-demain-dans-plusieurs-zones-de-tunis-et-de-l-ariana\/200261\/#primaryimage"},"thumbnailUrl":"https:\/\/www.webdo.tn\/fr\/wp-content\/uploads\/2022\/12\/49dd9845feb4878f5f88895d8b0b96e8.jpg","keywords":["ariana","Coupure d'eau","Sonede","Tunis"],"articleSection":["National"],"inLanguage":"fr-FR"},{"@type":"WebPage","@id":"https:\/\/www.webdo.tn\/fr\/actualite\/national-45\/coupure-d-eau-demain-dans-plusieurs-zones-de-tunis-et-de-l-ariana\/200261\/","url":"https:\/\/www.webdo.tn\/fr\/actualite\/national-45\/coupure-d-eau-demain-dans-plusieurs-zones-de-tunis-et-de-l-ariana\/200261\/","name":"Coupure d\u2019eau, demain, dans plusieurs zones de Tunis et de l\u2019Ariana","isPartOf":{"@id":"https:\/\/www.webdo.tn\/fr\/#website"},"primaryImageOfPage":{"@id":"https:\/\/www.webdo.tn\/fr\/actualite\/national-45\/coupure-d-eau-demain-dans-plusieurs-zones-de-tunis-et-de-l-ariana\/200261\/#primaryimage"},"image":{"@id":"https:\/\/www.webdo.tn\/fr\/actualite\/national-45\/coupure-d-eau-demain-dans-plusieurs-zones-de-tunis-et-de-l-ariana\/200261\/#primaryimage"},"thumbnailUrl":"https:\/\/www.webdo.tn\/fr\/wp-content\/uploads\/2022\/12\/49dd9845feb4878f5f88895d8b0b96e8.jpg","datePublished":"2022-12-06T10:28:00+00:00","dateModified":"2025-05-22T11:42:06+00:00","description":"La Soci\u00e9t\u00e9 Nationale d'Exploitation et de Distribution des Eaux (SONEDE) annonce une coupure de la distribution de l\u2019eau potable, demain, mercredi 7 d\u00e9cembre 20...","breadcrumb":{"@id":"https:\/\/www.webdo.tn\/fr\/actualite\/national-45\/coupure-d-eau-demain-dans-plusieurs-zones-de-tunis-et-de-l-ariana\/200261\/#breadcrumb"},"inLanguage":"fr-FR","potentialAction":[{"@type":"ReadAction","target":["https:\/\/www.webdo.tn\/fr\/actualite\/national-45\/coupure-d-eau-demain-dans-plusieurs-zones-de-tunis-et-de-l-ariana\/200261\/"]}]},{"@type":"ImageObject","inLanguage":"fr-FR","@id":"https:\/\/www.webdo.tn\/fr\/actualite\/national-45\/coupure-d-eau-demain-dans-plusieurs-zones-de-tunis-et-de-l-ariana\/200261\/#primaryimage","url":"https:\/\/www.webdo.tn\/fr\/wp-content\/uploads\/2022\/12\/49dd9845feb4878f5f88895d8b0b96e8.jpg","contentUrl":"https:\/\/www.webdo.tn\/fr\/wp-content\/uploads\/2022\/12\/49dd9845feb4878f5f88895d8b0b96e8.jpg","width":750,"height":400,"caption":"Coupure d\u2019eau, demain, dans plusieurs zones de Tunis et de l\u2019Ariana"},{"@type":"BreadcrumbList","@id":"https:\/\/www.webdo.tn\/fr\/actualite\/national-45\/coupure-d-eau-demain-dans-plusieurs-zones-de-tunis-et-de-l-ariana\/200261\/#breadcrumb","itemListElement":[{"@type":"ListItem","position":1,"name":"Accueil","item":"https:\/\/www.webdo.tn\/fr\/"},{"@type":"ListItem","position":2,"name":"Coupure d\u2019eau, demain, dans plusieurs zones de Tunis et de l\u2019Ariana"}]},{"@type":"WebSite","@id":"https:\/\/www.webdo.tn\/fr\/#website","url":"https:\/\/www.webdo.tn\/fr\/","name":"webdo","description":"Tunisie - News en Tunisie et \u00e0 l&#039;international sur Webdo.tn","publisher":{"@id":"https:\/\/www.webdo.tn\/fr\/#organization"},"potentialAction":[{"@type":"SearchAction","target":{"@type":"EntryPoint","urlTemplate":"https:\/\/www.webdo.tn\/fr\/?s={search_term_string}"},"query-input":{"@type":"PropertyValueSpecification","valueRequired":true,"valueName":"search_term_string"}}],"inLanguage":"fr-FR"},{"@type":"Organization","@id":"https:\/\/www.webdo.tn\/fr\/#organization","name":"Webdo","alternateName":"Webdo.tn","url":"https:\/\/www.webdo.tn\/fr\/","logo":{"@type":"ImageObject","inLanguage":"fr-FR","@id":"https:\/\/www.webdo.tn\/fr\/#\/schema\/logo\/image\/","url":"https:\/\/www.webdo.tn\/fr\/wp-content\/uploads\/2025\/06\/Webdo-Tunisie_168377.jpg","contentUrl":"https:\/\/www.webdo.tn\/fr\/wp-content\/uploads\/2025\/06\/Webdo-Tunisie_168377.jpg","width":301,"height":301,"caption":"Webdo"},"image":{"@id":"https:\/\/www.webdo.tn\/fr\/#\/schema\/logo\/image\/"},"sameAs":["https:\/\/www.facebook.com\/webdotn","https:\/\/x.com\/webdo_tn"],"description":"Webdo est un m\u00e9dia num\u00e9rique tunisien fond\u00e9 en 2010, sp\u00e9cialis\u00e9 dans l\u2019actualit\u00e9 nationale et internationale, l\u2019\u00e9conomie, la soci\u00e9t\u00e9 et les analyses politiques. Le site s\u2019adresse \u00e0 un large public francophone et couvre l\u2019information tunisienne en temps r\u00e9el.","email":"redac@webdo.tn","legalName":"YNJ SARL","foundingDate":"2010-09-06","numberOfEmployees":{"@type":"QuantitativeValue","minValue":"11","maxValue":"50"}},{"@type":"Person","@id":"https:\/\/www.webdo.tn\/fr\/#\/schema\/person\/2c4929cbf5a809e3bd38617c6ce150f6","name":"MC","image":{"@type":"ImageObject","inLanguage":"fr-FR","@id":"https:\/\/secure.gravatar.com\/avatar\/a545bbb6f84efdd5553dbbc2895e3ca8f1d12c5215e00a041c9670b54aa9b18a?s=96&d=mm&r=g","url":"https:\/\/secure.gravatar.com\/avatar\/a545bbb6f84efdd5553dbbc2895e3ca8f1d12c5215e00a041c9670b54aa9b18a?s=96&d=mm&r=g","contentUrl":"https:\/\/secure.gravatar.com\/avatar\/a545bbb6f84efdd5553dbbc2895e3ca8f1d12c5215e00a041c9670b54aa9b18a?s=96&d=mm&r=g","caption":"MC"},"url":"https:\/\/www.webdo.tn\/fr\/actualite\/author\/mc\/"}]}},"_links":{"self":[{"href":"https:\/\/www.webdo.tn\/fr\/wp-json\/wp\/v2\/posts\/200261","targetHints":{"allow":["GET"]}}],"collection":[{"href":"https:\/\/www.webdo.tn\/fr\/wp-json\/wp\/v2\/posts"}],"about":[{"href":"https:\/\/www.webdo.tn\/fr\/wp-json\/wp\/v2\/types\/post"}],"author":[{"embeddable":true,"href":"https:\/\/www.webdo.tn\/fr\/wp-json\/wp\/v2\/users\/3162"}],"replies":[{"embeddable":true,"href":"https:\/\/www.webdo.tn\/fr\/wp-json\/wp\/v2\/comments?post=200261"}],"version-history":[{"count":0,"href":"https:\/\/www.webdo.tn\/fr\/wp-json\/wp\/v2\/posts\/200261\/revisions"}],"wp:featuredmedia":[{"embeddable":true,"href":"https:\/\/www.webdo.tn\/fr\/wp-json\/wp\/v2\/media\/348487"}],"wp:attachment":[{"href":"https:\/\/www.webdo.tn\/fr\/wp-json\/wp\/v2\/media?parent=200261"}],"wp:term":[{"taxonomy":"category","embeddable":true,"href":"https:\/\/www.webdo.tn\/fr\/wp-json\/wp\/v2\/categories?post=200261"},{"taxonomy":"post_tag","embeddable":true,"href":"https:\/\/www.webdo.tn\/fr\/wp-json\/wp\/v2\/tags?post=200261"}],"curies":[{"name":"wp","href":"https:\/\/api.w.org\/{rel}","templated":true}]}}