{"id":200252,"date":"2022-12-06T08:52:00","date_gmt":"2022-12-06T08:52:00","guid":{"rendered":"https:\/\/www.webdo.tn\/fr\/actualite\/blog\/mondial-2022-sur-quelles-chaines-suivre-maroc-espagne-et-portugal-suisse\/200252\/"},"modified":"2025-05-22T11:42:03","modified_gmt":"2025-05-22T11:42:03","slug":"mondial-2022-sur-quelles-chaines-suivre-maroc-espagne-et-portugal-suisse","status":"publish","type":"post","link":"https:\/\/www.webdo.tn\/fr\/actualite\/sport\/mondial-2022-sur-quelles-chaines-suivre-maroc-espagne-et-portugal-suisse\/200252\/","title":{"rendered":"Mondial-2022 : Sur quelles cha\u00eenes suivre Maroc-Espagne et Portugal-Suisse"},"content":{"rendered":"<p>Les huiti\u00e8mes de finale s&rsquo;ach\u00e8vent aujourd&rsquo;hui avec deux rencontres au menu. Le Maroc d\u00e9fie l&rsquo;Espagne alors que le Portugal affronte la Suisse pour les deux derniers billets.<\/p>\n<p> * 16h00 : Maroc &#8211; Espagne : beinsports ar Max 1, beinsports fr 1, La 1, Gol Mundial, Sport TV 1, SRF 2, Das Erste, ORF 1, RTS 2, RSI La 2, Rai 1<\/p>\n<p>* 20h00 : Portugal &#8211; Suisse : beinsports ar Max 1, beinsports fr 1, TF1, Gol Mundial, Sport TV 1, SRF 2, ORF 1, RTS 2, RSI La 2, Rai 1<\/p>\n","protected":false},"excerpt":{"rendered":"<p>Les huiti\u00e8mes de finale s&rsquo;ach\u00e8vent aujourd&rsquo;hui avec deux rencontres au menu. Le Maroc d\u00e9fie l&rsquo;Espagne alors que le Portugal affronte la Suisse pour les deux der&#8230;<\/p>\n","protected":false},"author":3162,"featured_media":348484,"comment_status":"open","ping_status":"closed","sticky":false,"template":"","format":"standard","meta":{"footnotes":""},"categories":[2593],"tags":[4066,3195,8928,2801],"class_list":["post-200252","post","type-post","status-publish","format-standard","has-post-thumbnail","hentry","category-sport","tag-coupe-du-monde","tag-huitiemes-de-finale","tag-mondial-2022","tag-retransmission-tv"],"yoast_head":"<!-- This site is optimized with the Yoast SEO Premium plugin v27.5 (Yoast SEO v27.5) - https:\/\/yoast.com\/product\/yoast-seo-premium-wordpress\/ -->\n<title>Mondial-2022 : Sur quelles cha\u00eenes suivre Maroc-Espagne et Portugal-Suisse<\/title>\n<meta name=\"description\" content=\"Les huiti\u00e8mes de finale s&#039;ach\u00e8vent aujourd&#039;hui avec deux rencontres au menu. Le Maroc d\u00e9fie l&#039;Espagne alors que le Portugal affronte la Suisse pour les deux der...\" \/>\n<link rel=\"canonical\" href=\"https:\/\/www.webdo.tn\/fr\/actualite\/sport\/mondial-2022-sur-quelles-chaines-suivre-maroc-espagne-et-portugal-suisse\/200252\/\" \/>\n<meta property=\"og:locale\" content=\"fr_FR\" \/>\n<meta property=\"og:type\" content=\"article\" \/>\n<meta property=\"og:title\" content=\"Mondial-2022 : Sur quelles cha\u00eenes suivre Maroc-Espagne et Portugal-Suisse\" \/>\n<meta property=\"og:description\" content=\"Les huiti\u00e8mes de finale s&#039;ach\u00e8vent aujourd&#039;hui avec deux rencontres au menu. Le Maroc d\u00e9fie l&#039;Espagne alors que le Portugal affronte la Suisse pour les deux der...\" \/>\n<meta property=\"og:url\" content=\"https:\/\/www.webdo.tn\/fr\/actualite\/sport\/mondial-2022-sur-quelles-chaines-suivre-maroc-espagne-et-portugal-suisse\/200252\/\" \/>\n<meta property=\"og:site_name\" content=\"webdo\" \/>\n<meta property=\"article:publisher\" content=\"https:\/\/www.facebook.com\/webdotn\" \/>\n<meta property=\"article:published_time\" content=\"2022-12-06T08:52:00+00:00\" \/>\n<meta property=\"article:modified_time\" content=\"2025-05-22T11:42:03+00:00\" \/>\n<meta property=\"og:image\" content=\"https:\/\/www.webdo.tn\/fr\/wp-content\/uploads\/2022\/12\/8cd4dad3163dea8ed9becd271129effb.jpg\" \/>\n\t<meta property=\"og:image:width\" content=\"750\" \/>\n\t<meta property=\"og:image:height\" content=\"400\" \/>\n\t<meta property=\"og:image:type\" content=\"image\/jpeg\" \/>\n<meta name=\"author\" content=\"MC\" \/>\n<meta name=\"twitter:card\" content=\"summary_large_image\" \/>\n<meta name=\"twitter:creator\" content=\"@webdo_tn\" \/>\n<meta name=\"twitter:site\" content=\"@webdo_tn\" \/>\n<meta name=\"twitter:label1\" content=\"\u00c9crit par\" \/>\n\t<meta name=\"twitter:data1\" content=\"MC\" \/>\n<script type=\"application\/ld+json\" class=\"yoast-schema-graph\">{\"@context\":\"https:\\\/\\\/schema.org\",\"@graph\":[{\"@type\":\"NewsArticle\",\"@id\":\"https:\\\/\\\/www.webdo.tn\\\/fr\\\/actualite\\\/sport\\\/mondial-2022-sur-quelles-chaines-suivre-maroc-espagne-et-portugal-suisse\\\/200252\\\/#article\",\"isPartOf\":{\"@id\":\"https:\\\/\\\/www.webdo.tn\\\/fr\\\/actualite\\\/sport\\\/mondial-2022-sur-quelles-chaines-suivre-maroc-espagne-et-portugal-suisse\\\/200252\\\/\"},\"author\":{\"name\":\"MC\",\"@id\":\"https:\\\/\\\/www.webdo.tn\\\/fr\\\/#\\\/schema\\\/person\\\/2c4929cbf5a809e3bd38617c6ce150f6\"},\"headline\":\"Mondial-2022 : Sur quelles cha\u00eenes suivre Maroc-Espagne et Portugal-Suisse\",\"datePublished\":\"2022-12-06T08:52:00+00:00\",\"dateModified\":\"2025-05-22T11:42:03+00:00\",\"mainEntityOfPage\":{\"@id\":\"https:\\\/\\\/www.webdo.tn\\\/fr\\\/actualite\\\/sport\\\/mondial-2022-sur-quelles-chaines-suivre-maroc-espagne-et-portugal-suisse\\\/200252\\\/\"},\"wordCount\":84,\"commentCount\":0,\"publisher\":{\"@id\":\"https:\\\/\\\/www.webdo.tn\\\/fr\\\/#organization\"},\"image\":{\"@id\":\"https:\\\/\\\/www.webdo.tn\\\/fr\\\/actualite\\\/sport\\\/mondial-2022-sur-quelles-chaines-suivre-maroc-espagne-et-portugal-suisse\\\/200252\\\/#primaryimage\"},\"thumbnailUrl\":\"https:\\\/\\\/www.webdo.tn\\\/fr\\\/wp-content\\\/uploads\\\/2022\\\/12\\\/8cd4dad3163dea8ed9becd271129effb.jpg\",\"keywords\":[\"Coupe du Monde\",\"huiti\u00e8mes de finale\",\"mondial 2022\",\"retransmission tv\"],\"articleSection\":[\"Sport\"],\"inLanguage\":\"fr-FR\"},{\"@type\":\"WebPage\",\"@id\":\"https:\\\/\\\/www.webdo.tn\\\/fr\\\/actualite\\\/sport\\\/mondial-2022-sur-quelles-chaines-suivre-maroc-espagne-et-portugal-suisse\\\/200252\\\/\",\"url\":\"https:\\\/\\\/www.webdo.tn\\\/fr\\\/actualite\\\/sport\\\/mondial-2022-sur-quelles-chaines-suivre-maroc-espagne-et-portugal-suisse\\\/200252\\\/\",\"name\":\"Mondial-2022 : Sur quelles cha\u00eenes suivre Maroc-Espagne et Portugal-Suisse\",\"isPartOf\":{\"@id\":\"https:\\\/\\\/www.webdo.tn\\\/fr\\\/#website\"},\"primaryImageOfPage\":{\"@id\":\"https:\\\/\\\/www.webdo.tn\\\/fr\\\/actualite\\\/sport\\\/mondial-2022-sur-quelles-chaines-suivre-maroc-espagne-et-portugal-suisse\\\/200252\\\/#primaryimage\"},\"image\":{\"@id\":\"https:\\\/\\\/www.webdo.tn\\\/fr\\\/actualite\\\/sport\\\/mondial-2022-sur-quelles-chaines-suivre-maroc-espagne-et-portugal-suisse\\\/200252\\\/#primaryimage\"},\"thumbnailUrl\":\"https:\\\/\\\/www.webdo.tn\\\/fr\\\/wp-content\\\/uploads\\\/2022\\\/12\\\/8cd4dad3163dea8ed9becd271129effb.jpg\",\"datePublished\":\"2022-12-06T08:52:00+00:00\",\"dateModified\":\"2025-05-22T11:42:03+00:00\",\"description\":\"Les huiti\u00e8mes de finale s'ach\u00e8vent aujourd'hui avec deux rencontres au menu. Le Maroc d\u00e9fie l'Espagne alors que le Portugal affronte la Suisse pour les deux der...\",\"breadcrumb\":{\"@id\":\"https:\\\/\\\/www.webdo.tn\\\/fr\\\/actualite\\\/sport\\\/mondial-2022-sur-quelles-chaines-suivre-maroc-espagne-et-portugal-suisse\\\/200252\\\/#breadcrumb\"},\"inLanguage\":\"fr-FR\",\"potentialAction\":[{\"@type\":\"ReadAction\",\"target\":[\"https:\\\/\\\/www.webdo.tn\\\/fr\\\/actualite\\\/sport\\\/mondial-2022-sur-quelles-chaines-suivre-maroc-espagne-et-portugal-suisse\\\/200252\\\/\"]}]},{\"@type\":\"ImageObject\",\"inLanguage\":\"fr-FR\",\"@id\":\"https:\\\/\\\/www.webdo.tn\\\/fr\\\/actualite\\\/sport\\\/mondial-2022-sur-quelles-chaines-suivre-maroc-espagne-et-portugal-suisse\\\/200252\\\/#primaryimage\",\"url\":\"https:\\\/\\\/www.webdo.tn\\\/fr\\\/wp-content\\\/uploads\\\/2022\\\/12\\\/8cd4dad3163dea8ed9becd271129effb.jpg\",\"contentUrl\":\"https:\\\/\\\/www.webdo.tn\\\/fr\\\/wp-content\\\/uploads\\\/2022\\\/12\\\/8cd4dad3163dea8ed9becd271129effb.jpg\",\"width\":750,\"height\":400,\"caption\":\"Mondial-2022 : Sur quelles cha\u00eenes suivre Maroc-Espagne et Portugal-Suisse\"},{\"@type\":\"BreadcrumbList\",\"@id\":\"https:\\\/\\\/www.webdo.tn\\\/fr\\\/actualite\\\/sport\\\/mondial-2022-sur-quelles-chaines-suivre-maroc-espagne-et-portugal-suisse\\\/200252\\\/#breadcrumb\",\"itemListElement\":[{\"@type\":\"ListItem\",\"position\":1,\"name\":\"Accueil\",\"item\":\"https:\\\/\\\/www.webdo.tn\\\/fr\\\/\"},{\"@type\":\"ListItem\",\"position\":2,\"name\":\"Mondial-2022 : Sur quelles cha\u00eenes suivre Maroc-Espagne et Portugal-Suisse\"}]},{\"@type\":\"WebSite\",\"@id\":\"https:\\\/\\\/www.webdo.tn\\\/fr\\\/#website\",\"url\":\"https:\\\/\\\/www.webdo.tn\\\/fr\\\/\",\"name\":\"webdo\",\"description\":\"Tunisie - News en Tunisie et \u00e0 l&#039;international sur Webdo.tn\",\"publisher\":{\"@id\":\"https:\\\/\\\/www.webdo.tn\\\/fr\\\/#organization\"},\"potentialAction\":[{\"@type\":\"SearchAction\",\"target\":{\"@type\":\"EntryPoint\",\"urlTemplate\":\"https:\\\/\\\/www.webdo.tn\\\/fr\\\/?s={search_term_string}\"},\"query-input\":{\"@type\":\"PropertyValueSpecification\",\"valueRequired\":true,\"valueName\":\"search_term_string\"}}],\"inLanguage\":\"fr-FR\"},{\"@type\":\"Organization\",\"@id\":\"https:\\\/\\\/www.webdo.tn\\\/fr\\\/#organization\",\"name\":\"Webdo\",\"alternateName\":\"Webdo.tn\",\"url\":\"https:\\\/\\\/www.webdo.tn\\\/fr\\\/\",\"logo\":{\"@type\":\"ImageObject\",\"inLanguage\":\"fr-FR\",\"@id\":\"https:\\\/\\\/www.webdo.tn\\\/fr\\\/#\\\/schema\\\/logo\\\/image\\\/\",\"url\":\"https:\\\/\\\/www.webdo.tn\\\/fr\\\/wp-content\\\/uploads\\\/2025\\\/06\\\/Webdo-Tunisie_168377.jpg\",\"contentUrl\":\"https:\\\/\\\/www.webdo.tn\\\/fr\\\/wp-content\\\/uploads\\\/2025\\\/06\\\/Webdo-Tunisie_168377.jpg\",\"width\":301,\"height\":301,\"caption\":\"Webdo\"},\"image\":{\"@id\":\"https:\\\/\\\/www.webdo.tn\\\/fr\\\/#\\\/schema\\\/logo\\\/image\\\/\"},\"sameAs\":[\"https:\\\/\\\/www.facebook.com\\\/webdotn\",\"https:\\\/\\\/x.com\\\/webdo_tn\"],\"description\":\"Webdo est un m\u00e9dia num\u00e9rique tunisien fond\u00e9 en 2010, sp\u00e9cialis\u00e9 dans l\u2019actualit\u00e9 nationale et internationale, l\u2019\u00e9conomie, la soci\u00e9t\u00e9 et les analyses politiques. Le site s\u2019adresse \u00e0 un large public francophone et couvre l\u2019information tunisienne en temps r\u00e9el.\",\"email\":\"redac@webdo.tn\",\"legalName\":\"YNJ SARL\",\"foundingDate\":\"2010-09-06\",\"numberOfEmployees\":{\"@type\":\"QuantitativeValue\",\"minValue\":\"11\",\"maxValue\":\"50\"}},{\"@type\":\"Person\",\"@id\":\"https:\\\/\\\/www.webdo.tn\\\/fr\\\/#\\\/schema\\\/person\\\/2c4929cbf5a809e3bd38617c6ce150f6\",\"name\":\"MC\",\"image\":{\"@type\":\"ImageObject\",\"inLanguage\":\"fr-FR\",\"@id\":\"https:\\\/\\\/secure.gravatar.com\\\/avatar\\\/a545bbb6f84efdd5553dbbc2895e3ca8f1d12c5215e00a041c9670b54aa9b18a?s=96&d=mm&r=g\",\"url\":\"https:\\\/\\\/secure.gravatar.com\\\/avatar\\\/a545bbb6f84efdd5553dbbc2895e3ca8f1d12c5215e00a041c9670b54aa9b18a?s=96&d=mm&r=g\",\"contentUrl\":\"https:\\\/\\\/secure.gravatar.com\\\/avatar\\\/a545bbb6f84efdd5553dbbc2895e3ca8f1d12c5215e00a041c9670b54aa9b18a?s=96&d=mm&r=g\",\"caption\":\"MC\"},\"url\":\"https:\\\/\\\/www.webdo.tn\\\/fr\\\/actualite\\\/author\\\/mc\\\/\"}]}<\/script>\n<!-- \/ Yoast SEO Premium plugin. -->","yoast_head_json":{"title":"Mondial-2022 : Sur quelles cha\u00eenes suivre Maroc-Espagne et Portugal-Suisse","description":"Les huiti\u00e8mes de finale s'ach\u00e8vent aujourd'hui avec deux rencontres au menu. Le Maroc d\u00e9fie l'Espagne alors que le Portugal affronte la Suisse pour les deux der...","canonical":"https:\/\/www.webdo.tn\/fr\/actualite\/sport\/mondial-2022-sur-quelles-chaines-suivre-maroc-espagne-et-portugal-suisse\/200252\/","og_locale":"fr_FR","og_type":"article","og_title":"Mondial-2022 : Sur quelles cha\u00eenes suivre Maroc-Espagne et Portugal-Suisse","og_description":"Les huiti\u00e8mes de finale s'ach\u00e8vent aujourd'hui avec deux rencontres au menu. Le Maroc d\u00e9fie l'Espagne alors que le Portugal affronte la Suisse pour les deux der...","og_url":"https:\/\/www.webdo.tn\/fr\/actualite\/sport\/mondial-2022-sur-quelles-chaines-suivre-maroc-espagne-et-portugal-suisse\/200252\/","og_site_name":"webdo","article_publisher":"https:\/\/www.facebook.com\/webdotn","article_published_time":"2022-12-06T08:52:00+00:00","article_modified_time":"2025-05-22T11:42:03+00:00","og_image":[{"width":750,"height":400,"url":"https:\/\/www.webdo.tn\/fr\/wp-content\/uploads\/2022\/12\/8cd4dad3163dea8ed9becd271129effb.jpg","type":"image\/jpeg"}],"author":"MC","twitter_card":"summary_large_image","twitter_creator":"@webdo_tn","twitter_site":"@webdo_tn","twitter_misc":{"\u00c9crit par":"MC"},"schema":{"@context":"https:\/\/schema.org","@graph":[{"@type":"NewsArticle","@id":"https:\/\/www.webdo.tn\/fr\/actualite\/sport\/mondial-2022-sur-quelles-chaines-suivre-maroc-espagne-et-portugal-suisse\/200252\/#article","isPartOf":{"@id":"https:\/\/www.webdo.tn\/fr\/actualite\/sport\/mondial-2022-sur-quelles-chaines-suivre-maroc-espagne-et-portugal-suisse\/200252\/"},"author":{"name":"MC","@id":"https:\/\/www.webdo.tn\/fr\/#\/schema\/person\/2c4929cbf5a809e3bd38617c6ce150f6"},"headline":"Mondial-2022 : Sur quelles cha\u00eenes suivre Maroc-Espagne et Portugal-Suisse","datePublished":"2022-12-06T08:52:00+00:00","dateModified":"2025-05-22T11:42:03+00:00","mainEntityOfPage":{"@id":"https:\/\/www.webdo.tn\/fr\/actualite\/sport\/mondial-2022-sur-quelles-chaines-suivre-maroc-espagne-et-portugal-suisse\/200252\/"},"wordCount":84,"commentCount":0,"publisher":{"@id":"https:\/\/www.webdo.tn\/fr\/#organization"},"image":{"@id":"https:\/\/www.webdo.tn\/fr\/actualite\/sport\/mondial-2022-sur-quelles-chaines-suivre-maroc-espagne-et-portugal-suisse\/200252\/#primaryimage"},"thumbnailUrl":"https:\/\/www.webdo.tn\/fr\/wp-content\/uploads\/2022\/12\/8cd4dad3163dea8ed9becd271129effb.jpg","keywords":["Coupe du Monde","huiti\u00e8mes de finale","mondial 2022","retransmission tv"],"articleSection":["Sport"],"inLanguage":"fr-FR"},{"@type":"WebPage","@id":"https:\/\/www.webdo.tn\/fr\/actualite\/sport\/mondial-2022-sur-quelles-chaines-suivre-maroc-espagne-et-portugal-suisse\/200252\/","url":"https:\/\/www.webdo.tn\/fr\/actualite\/sport\/mondial-2022-sur-quelles-chaines-suivre-maroc-espagne-et-portugal-suisse\/200252\/","name":"Mondial-2022 : Sur quelles cha\u00eenes suivre Maroc-Espagne et Portugal-Suisse","isPartOf":{"@id":"https:\/\/www.webdo.tn\/fr\/#website"},"primaryImageOfPage":{"@id":"https:\/\/www.webdo.tn\/fr\/actualite\/sport\/mondial-2022-sur-quelles-chaines-suivre-maroc-espagne-et-portugal-suisse\/200252\/#primaryimage"},"image":{"@id":"https:\/\/www.webdo.tn\/fr\/actualite\/sport\/mondial-2022-sur-quelles-chaines-suivre-maroc-espagne-et-portugal-suisse\/200252\/#primaryimage"},"thumbnailUrl":"https:\/\/www.webdo.tn\/fr\/wp-content\/uploads\/2022\/12\/8cd4dad3163dea8ed9becd271129effb.jpg","datePublished":"2022-12-06T08:52:00+00:00","dateModified":"2025-05-22T11:42:03+00:00","description":"Les huiti\u00e8mes de finale s'ach\u00e8vent aujourd'hui avec deux rencontres au menu. Le Maroc d\u00e9fie l'Espagne alors que le Portugal affronte la Suisse pour les deux der...","breadcrumb":{"@id":"https:\/\/www.webdo.tn\/fr\/actualite\/sport\/mondial-2022-sur-quelles-chaines-suivre-maroc-espagne-et-portugal-suisse\/200252\/#breadcrumb"},"inLanguage":"fr-FR","potentialAction":[{"@type":"ReadAction","target":["https:\/\/www.webdo.tn\/fr\/actualite\/sport\/mondial-2022-sur-quelles-chaines-suivre-maroc-espagne-et-portugal-suisse\/200252\/"]}]},{"@type":"ImageObject","inLanguage":"fr-FR","@id":"https:\/\/www.webdo.tn\/fr\/actualite\/sport\/mondial-2022-sur-quelles-chaines-suivre-maroc-espagne-et-portugal-suisse\/200252\/#primaryimage","url":"https:\/\/www.webdo.tn\/fr\/wp-content\/uploads\/2022\/12\/8cd4dad3163dea8ed9becd271129effb.jpg","contentUrl":"https:\/\/www.webdo.tn\/fr\/wp-content\/uploads\/2022\/12\/8cd4dad3163dea8ed9becd271129effb.jpg","width":750,"height":400,"caption":"Mondial-2022 : Sur quelles cha\u00eenes suivre Maroc-Espagne et Portugal-Suisse"},{"@type":"BreadcrumbList","@id":"https:\/\/www.webdo.tn\/fr\/actualite\/sport\/mondial-2022-sur-quelles-chaines-suivre-maroc-espagne-et-portugal-suisse\/200252\/#breadcrumb","itemListElement":[{"@type":"ListItem","position":1,"name":"Accueil","item":"https:\/\/www.webdo.tn\/fr\/"},{"@type":"ListItem","position":2,"name":"Mondial-2022 : Sur quelles cha\u00eenes suivre Maroc-Espagne et Portugal-Suisse"}]},{"@type":"WebSite","@id":"https:\/\/www.webdo.tn\/fr\/#website","url":"https:\/\/www.webdo.tn\/fr\/","name":"webdo","description":"Tunisie - News en Tunisie et \u00e0 l&#039;international sur Webdo.tn","publisher":{"@id":"https:\/\/www.webdo.tn\/fr\/#organization"},"potentialAction":[{"@type":"SearchAction","target":{"@type":"EntryPoint","urlTemplate":"https:\/\/www.webdo.tn\/fr\/?s={search_term_string}"},"query-input":{"@type":"PropertyValueSpecification","valueRequired":true,"valueName":"search_term_string"}}],"inLanguage":"fr-FR"},{"@type":"Organization","@id":"https:\/\/www.webdo.tn\/fr\/#organization","name":"Webdo","alternateName":"Webdo.tn","url":"https:\/\/www.webdo.tn\/fr\/","logo":{"@type":"ImageObject","inLanguage":"fr-FR","@id":"https:\/\/www.webdo.tn\/fr\/#\/schema\/logo\/image\/","url":"https:\/\/www.webdo.tn\/fr\/wp-content\/uploads\/2025\/06\/Webdo-Tunisie_168377.jpg","contentUrl":"https:\/\/www.webdo.tn\/fr\/wp-content\/uploads\/2025\/06\/Webdo-Tunisie_168377.jpg","width":301,"height":301,"caption":"Webdo"},"image":{"@id":"https:\/\/www.webdo.tn\/fr\/#\/schema\/logo\/image\/"},"sameAs":["https:\/\/www.facebook.com\/webdotn","https:\/\/x.com\/webdo_tn"],"description":"Webdo est un m\u00e9dia num\u00e9rique tunisien fond\u00e9 en 2010, sp\u00e9cialis\u00e9 dans l\u2019actualit\u00e9 nationale et internationale, l\u2019\u00e9conomie, la soci\u00e9t\u00e9 et les analyses politiques. Le site s\u2019adresse \u00e0 un large public francophone et couvre l\u2019information tunisienne en temps r\u00e9el.","email":"redac@webdo.tn","legalName":"YNJ SARL","foundingDate":"2010-09-06","numberOfEmployees":{"@type":"QuantitativeValue","minValue":"11","maxValue":"50"}},{"@type":"Person","@id":"https:\/\/www.webdo.tn\/fr\/#\/schema\/person\/2c4929cbf5a809e3bd38617c6ce150f6","name":"MC","image":{"@type":"ImageObject","inLanguage":"fr-FR","@id":"https:\/\/secure.gravatar.com\/avatar\/a545bbb6f84efdd5553dbbc2895e3ca8f1d12c5215e00a041c9670b54aa9b18a?s=96&d=mm&r=g","url":"https:\/\/secure.gravatar.com\/avatar\/a545bbb6f84efdd5553dbbc2895e3ca8f1d12c5215e00a041c9670b54aa9b18a?s=96&d=mm&r=g","contentUrl":"https:\/\/secure.gravatar.com\/avatar\/a545bbb6f84efdd5553dbbc2895e3ca8f1d12c5215e00a041c9670b54aa9b18a?s=96&d=mm&r=g","caption":"MC"},"url":"https:\/\/www.webdo.tn\/fr\/actualite\/author\/mc\/"}]}},"_links":{"self":[{"href":"https:\/\/www.webdo.tn\/fr\/wp-json\/wp\/v2\/posts\/200252","targetHints":{"allow":["GET"]}}],"collection":[{"href":"https:\/\/www.webdo.tn\/fr\/wp-json\/wp\/v2\/posts"}],"about":[{"href":"https:\/\/www.webdo.tn\/fr\/wp-json\/wp\/v2\/types\/post"}],"author":[{"embeddable":true,"href":"https:\/\/www.webdo.tn\/fr\/wp-json\/wp\/v2\/users\/3162"}],"replies":[{"embeddable":true,"href":"https:\/\/www.webdo.tn\/fr\/wp-json\/wp\/v2\/comments?post=200252"}],"version-history":[{"count":0,"href":"https:\/\/www.webdo.tn\/fr\/wp-json\/wp\/v2\/posts\/200252\/revisions"}],"wp:featuredmedia":[{"embeddable":true,"href":"https:\/\/www.webdo.tn\/fr\/wp-json\/wp\/v2\/media\/348484"}],"wp:attachment":[{"href":"https:\/\/www.webdo.tn\/fr\/wp-json\/wp\/v2\/media?parent=200252"}],"wp:term":[{"taxonomy":"category","embeddable":true,"href":"https:\/\/www.webdo.tn\/fr\/wp-json\/wp\/v2\/categories?post=200252"},{"taxonomy":"post_tag","embeddable":true,"href":"https:\/\/www.webdo.tn\/fr\/wp-json\/wp\/v2\/tags?post=200252"}],"curies":[{"name":"wp","href":"https:\/\/api.w.org\/{rel}","templated":true}]}}