{"id":200229,"date":"2022-12-05T15:52:00","date_gmt":"2022-12-05T15:52:00","guid":{"rendered":"https:\/\/www.webdo.tn\/fr\/blog\/hammadi-bousbia-inhume-au-cimetiere-de-gammarth\/200229\/"},"modified":"2025-05-20T22:04:19","modified_gmt":"2025-05-20T22:04:19","slug":"hammadi-bousbia-inhume-au-cimetiere-de-gammarth","status":"publish","type":"post","link":"https:\/\/www.webdo.tn\/fr\/actualite\/national\/hammadi-bousbia-inhume-au-cimetiere-de-gammarth\/200229\/","title":{"rendered":"Hammadi Bousbia inhum\u00e9 au cimeti\u00e8re de Gammarth"},"content":{"rendered":"<p>D\u00e9c\u00e9d\u00e9 hier, dimanche 4 d\u00e9cembre 2022 \u00e0 l\u2019\u00e2ge de 88 ans, l\u2019homme d\u2019affaires et ancien pr\u00e9sident du Club Africain Hammadi Bousbia, a \u00e9t\u00e9 inhum\u00e9, aujourd\u2019hui au cimeti\u00e8re de Gammarth Village.<\/p>\n<p>\t\t\t\t\t\t\t\t\tLe cort\u00e8ge fun\u00e9raire s&rsquo;est d\u00e9roul\u00e9 en pr\u00e9sence de plusieurs personnalit\u00e9s politiques, syndicales et sportives, dont plusieurs anciens pr\u00e9sidents et dirigeants du CA, \u00e0 l\u2019instar de Hammouda Ben Ammar, Said Neji, Khelil Chaibi, ou Mounir Balti.<\/p>\n<p>Etaient \u00e9galement pr\u00e9sents le secr\u00e9taire g\u00e9n\u00e9ral de l\u2019UGTT, Noureddine Taboubi, le gouverneur de la Banque centrale de Tunisie, Marouane Abassi, et plusieurs autres personnalit\u00e9s sportives dont le pr\u00e9sident de l\u2019Etoile, Othmane Jenayeh.<\/p>\n<p>Ancien pr\u00e9sident du CA en 1988-1989 et 1993-1994, Hammadi Bousbia \u00e9tait aussi son premier supporteur et \u00e9tait devenu son p\u00e8re spirituel au fil des ans. Mais il a aussi assum\u00e9 plusieurs responsabilit\u00e9s, de DG \u00e0 la Banque centrale jusqu\u2019au poste de PDG de la SFBT.<\/p>\n","protected":false},"excerpt":{"rendered":"<p>D\u00e9c\u00e9d\u00e9 hier, dimanche 4 d\u00e9cembre 2022 \u00e0 l\u2019\u00e2ge de 88 ans, l\u2019homme d\u2019affaires et ancien pr\u00e9sident du Club Africain Hammadi Bousbia, a \u00e9t\u00e9 inhum\u00e9, aujourd\u2019hui au c&#8230;<\/p>\n","protected":false},"author":3162,"featured_media":252987,"comment_status":"open","ping_status":"closed","sticky":false,"template":"","format":"standard","meta":{"footnotes":""},"categories":[44],"tags":[4736,8961],"class_list":["post-200229","post","type-post","status-publish","format-standard","has-post-thumbnail","hentry","category-national","tag-enterrement","tag-hammadi-bousbia"],"yoast_head":"<!-- This site is optimized with the Yoast SEO Premium plugin v27.5 (Yoast SEO v27.5) - https:\/\/yoast.com\/product\/yoast-seo-premium-wordpress\/ -->\n<title>Hammadi Bousbia inhum\u00e9 au cimeti\u00e8re de Gammarth<\/title>\n<meta name=\"description\" content=\"D\u00e9c\u00e9d\u00e9 hier, dimanche 4 d\u00e9cembre 2022 \u00e0 l\u2019\u00e2ge de 88 ans, l\u2019homme d\u2019affaires et ancien pr\u00e9sident du Club Africain Hammadi Bousbia, a \u00e9t\u00e9 inhum\u00e9, aujourd\u2019hui au c...\" \/>\n<link rel=\"canonical\" href=\"https:\/\/www.webdo.tn\/fr\/actualite\/national\/hammadi-bousbia-inhume-au-cimetiere-de-gammarth\/200229\/\" \/>\n<meta property=\"og:locale\" content=\"fr_FR\" \/>\n<meta property=\"og:type\" content=\"article\" \/>\n<meta property=\"og:title\" content=\"Hammadi Bousbia inhum\u00e9 au cimeti\u00e8re de Gammarth\" \/>\n<meta property=\"og:description\" content=\"D\u00e9c\u00e9d\u00e9 hier, dimanche 4 d\u00e9cembre 2022 \u00e0 l\u2019\u00e2ge de 88 ans, l\u2019homme d\u2019affaires et ancien pr\u00e9sident du Club Africain Hammadi Bousbia, a \u00e9t\u00e9 inhum\u00e9, aujourd\u2019hui au c...\" \/>\n<meta property=\"og:url\" content=\"https:\/\/www.webdo.tn\/fr\/actualite\/national\/hammadi-bousbia-inhume-au-cimetiere-de-gammarth\/200229\/\" \/>\n<meta property=\"og:site_name\" content=\"webdo\" \/>\n<meta property=\"article:publisher\" content=\"https:\/\/www.facebook.com\/webdotn\" \/>\n<meta property=\"article:published_time\" content=\"2022-12-05T15:52:00+00:00\" \/>\n<meta property=\"article:modified_time\" content=\"2025-05-20T22:04:19+00:00\" \/>\n<meta property=\"og:image\" content=\"https:\/\/www.webdo.tn\/fr\/wp-content\/uploads\/2022\/12\/66fe1c67e7a709e3881bd22d8c935cbf.jpg\" \/>\n\t<meta property=\"og:image:width\" content=\"720\" \/>\n\t<meta property=\"og:image:height\" content=\"384\" \/>\n\t<meta property=\"og:image:type\" content=\"image\/jpeg\" \/>\n<meta name=\"author\" content=\"MC\" \/>\n<meta name=\"twitter:card\" content=\"summary_large_image\" \/>\n<meta name=\"twitter:creator\" content=\"@webdo_tn\" \/>\n<meta name=\"twitter:site\" content=\"@webdo_tn\" \/>\n<meta name=\"twitter:label1\" content=\"\u00c9crit par\" \/>\n\t<meta name=\"twitter:data1\" content=\"MC\" \/>\n\t<meta name=\"twitter:label2\" content=\"Dur\u00e9e de lecture estim\u00e9e\" \/>\n\t<meta name=\"twitter:data2\" content=\"1 minute\" \/>\n<script type=\"application\/ld+json\" class=\"yoast-schema-graph\">{\"@context\":\"https:\\\/\\\/schema.org\",\"@graph\":[{\"@type\":\"NewsArticle\",\"@id\":\"https:\\\/\\\/www.webdo.tn\\\/fr\\\/actualite\\\/national\\\/hammadi-bousbia-inhume-au-cimetiere-de-gammarth\\\/200229\\\/#article\",\"isPartOf\":{\"@id\":\"https:\\\/\\\/www.webdo.tn\\\/fr\\\/actualite\\\/national\\\/hammadi-bousbia-inhume-au-cimetiere-de-gammarth\\\/200229\\\/\"},\"author\":{\"name\":\"MC\",\"@id\":\"https:\\\/\\\/www.webdo.tn\\\/fr\\\/#\\\/schema\\\/person\\\/2c4929cbf5a809e3bd38617c6ce150f6\"},\"headline\":\"Hammadi Bousbia inhum\u00e9 au cimeti\u00e8re de Gammarth\",\"datePublished\":\"2022-12-05T15:52:00+00:00\",\"dateModified\":\"2025-05-20T22:04:19+00:00\",\"mainEntityOfPage\":{\"@id\":\"https:\\\/\\\/www.webdo.tn\\\/fr\\\/actualite\\\/national\\\/hammadi-bousbia-inhume-au-cimetiere-de-gammarth\\\/200229\\\/\"},\"wordCount\":173,\"commentCount\":0,\"publisher\":{\"@id\":\"https:\\\/\\\/www.webdo.tn\\\/fr\\\/#organization\"},\"image\":{\"@id\":\"https:\\\/\\\/www.webdo.tn\\\/fr\\\/actualite\\\/national\\\/hammadi-bousbia-inhume-au-cimetiere-de-gammarth\\\/200229\\\/#primaryimage\"},\"thumbnailUrl\":\"https:\\\/\\\/www.webdo.tn\\\/fr\\\/wp-content\\\/uploads\\\/2022\\\/12\\\/66fe1c67e7a709e3881bd22d8c935cbf.jpg\",\"keywords\":[\"enterrement\",\"hammadi bousbia\"],\"articleSection\":[\"National\"],\"inLanguage\":\"fr-FR\"},{\"@type\":\"WebPage\",\"@id\":\"https:\\\/\\\/www.webdo.tn\\\/fr\\\/actualite\\\/national\\\/hammadi-bousbia-inhume-au-cimetiere-de-gammarth\\\/200229\\\/\",\"url\":\"https:\\\/\\\/www.webdo.tn\\\/fr\\\/actualite\\\/national\\\/hammadi-bousbia-inhume-au-cimetiere-de-gammarth\\\/200229\\\/\",\"name\":\"Hammadi Bousbia inhum\u00e9 au cimeti\u00e8re de Gammarth\",\"isPartOf\":{\"@id\":\"https:\\\/\\\/www.webdo.tn\\\/fr\\\/#website\"},\"primaryImageOfPage\":{\"@id\":\"https:\\\/\\\/www.webdo.tn\\\/fr\\\/actualite\\\/national\\\/hammadi-bousbia-inhume-au-cimetiere-de-gammarth\\\/200229\\\/#primaryimage\"},\"image\":{\"@id\":\"https:\\\/\\\/www.webdo.tn\\\/fr\\\/actualite\\\/national\\\/hammadi-bousbia-inhume-au-cimetiere-de-gammarth\\\/200229\\\/#primaryimage\"},\"thumbnailUrl\":\"https:\\\/\\\/www.webdo.tn\\\/fr\\\/wp-content\\\/uploads\\\/2022\\\/12\\\/66fe1c67e7a709e3881bd22d8c935cbf.jpg\",\"datePublished\":\"2022-12-05T15:52:00+00:00\",\"dateModified\":\"2025-05-20T22:04:19+00:00\",\"description\":\"D\u00e9c\u00e9d\u00e9 hier, dimanche 4 d\u00e9cembre 2022 \u00e0 l\u2019\u00e2ge de 88 ans, l\u2019homme d\u2019affaires et ancien pr\u00e9sident du Club Africain Hammadi Bousbia, a \u00e9t\u00e9 inhum\u00e9, aujourd\u2019hui au c...\",\"breadcrumb\":{\"@id\":\"https:\\\/\\\/www.webdo.tn\\\/fr\\\/actualite\\\/national\\\/hammadi-bousbia-inhume-au-cimetiere-de-gammarth\\\/200229\\\/#breadcrumb\"},\"inLanguage\":\"fr-FR\",\"potentialAction\":[{\"@type\":\"ReadAction\",\"target\":[\"https:\\\/\\\/www.webdo.tn\\\/fr\\\/actualite\\\/national\\\/hammadi-bousbia-inhume-au-cimetiere-de-gammarth\\\/200229\\\/\"]}]},{\"@type\":\"ImageObject\",\"inLanguage\":\"fr-FR\",\"@id\":\"https:\\\/\\\/www.webdo.tn\\\/fr\\\/actualite\\\/national\\\/hammadi-bousbia-inhume-au-cimetiere-de-gammarth\\\/200229\\\/#primaryimage\",\"url\":\"https:\\\/\\\/www.webdo.tn\\\/fr\\\/wp-content\\\/uploads\\\/2022\\\/12\\\/66fe1c67e7a709e3881bd22d8c935cbf.jpg\",\"contentUrl\":\"https:\\\/\\\/www.webdo.tn\\\/fr\\\/wp-content\\\/uploads\\\/2022\\\/12\\\/66fe1c67e7a709e3881bd22d8c935cbf.jpg\",\"width\":720,\"height\":384,\"caption\":\"Hammadi Bousbia inhum\u00e9 au cimeti\u00e8re de Gammarth\"},{\"@type\":\"BreadcrumbList\",\"@id\":\"https:\\\/\\\/www.webdo.tn\\\/fr\\\/actualite\\\/national\\\/hammadi-bousbia-inhume-au-cimetiere-de-gammarth\\\/200229\\\/#breadcrumb\",\"itemListElement\":[{\"@type\":\"ListItem\",\"position\":1,\"name\":\"Accueil\",\"item\":\"https:\\\/\\\/www.webdo.tn\\\/fr\\\/\"},{\"@type\":\"ListItem\",\"position\":2,\"name\":\"Hammadi Bousbia inhum\u00e9 au cimeti\u00e8re de Gammarth\"}]},{\"@type\":\"WebSite\",\"@id\":\"https:\\\/\\\/www.webdo.tn\\\/fr\\\/#website\",\"url\":\"https:\\\/\\\/www.webdo.tn\\\/fr\\\/\",\"name\":\"webdo\",\"description\":\"Tunisie - News en Tunisie et \u00e0 l&#039;international sur Webdo.tn\",\"publisher\":{\"@id\":\"https:\\\/\\\/www.webdo.tn\\\/fr\\\/#organization\"},\"potentialAction\":[{\"@type\":\"SearchAction\",\"target\":{\"@type\":\"EntryPoint\",\"urlTemplate\":\"https:\\\/\\\/www.webdo.tn\\\/fr\\\/?s={search_term_string}\"},\"query-input\":{\"@type\":\"PropertyValueSpecification\",\"valueRequired\":true,\"valueName\":\"search_term_string\"}}],\"inLanguage\":\"fr-FR\"},{\"@type\":\"Organization\",\"@id\":\"https:\\\/\\\/www.webdo.tn\\\/fr\\\/#organization\",\"name\":\"Webdo\",\"alternateName\":\"Webdo.tn\",\"url\":\"https:\\\/\\\/www.webdo.tn\\\/fr\\\/\",\"logo\":{\"@type\":\"ImageObject\",\"inLanguage\":\"fr-FR\",\"@id\":\"https:\\\/\\\/www.webdo.tn\\\/fr\\\/#\\\/schema\\\/logo\\\/image\\\/\",\"url\":\"https:\\\/\\\/www.webdo.tn\\\/fr\\\/wp-content\\\/uploads\\\/2025\\\/06\\\/Webdo-Tunisie_168377.jpg\",\"contentUrl\":\"https:\\\/\\\/www.webdo.tn\\\/fr\\\/wp-content\\\/uploads\\\/2025\\\/06\\\/Webdo-Tunisie_168377.jpg\",\"width\":301,\"height\":301,\"caption\":\"Webdo\"},\"image\":{\"@id\":\"https:\\\/\\\/www.webdo.tn\\\/fr\\\/#\\\/schema\\\/logo\\\/image\\\/\"},\"sameAs\":[\"https:\\\/\\\/www.facebook.com\\\/webdotn\",\"https:\\\/\\\/x.com\\\/webdo_tn\"],\"description\":\"Webdo est un m\u00e9dia num\u00e9rique tunisien fond\u00e9 en 2010, sp\u00e9cialis\u00e9 dans l\u2019actualit\u00e9 nationale et internationale, l\u2019\u00e9conomie, la soci\u00e9t\u00e9 et les analyses politiques. Le site s\u2019adresse \u00e0 un large public francophone et couvre l\u2019information tunisienne en temps r\u00e9el.\",\"email\":\"redac@webdo.tn\",\"legalName\":\"YNJ SARL\",\"foundingDate\":\"2010-09-06\",\"numberOfEmployees\":{\"@type\":\"QuantitativeValue\",\"minValue\":\"11\",\"maxValue\":\"50\"}},{\"@type\":\"Person\",\"@id\":\"https:\\\/\\\/www.webdo.tn\\\/fr\\\/#\\\/schema\\\/person\\\/2c4929cbf5a809e3bd38617c6ce150f6\",\"name\":\"MC\",\"image\":{\"@type\":\"ImageObject\",\"inLanguage\":\"fr-FR\",\"@id\":\"https:\\\/\\\/secure.gravatar.com\\\/avatar\\\/a545bbb6f84efdd5553dbbc2895e3ca8f1d12c5215e00a041c9670b54aa9b18a?s=96&d=mm&r=g\",\"url\":\"https:\\\/\\\/secure.gravatar.com\\\/avatar\\\/a545bbb6f84efdd5553dbbc2895e3ca8f1d12c5215e00a041c9670b54aa9b18a?s=96&d=mm&r=g\",\"contentUrl\":\"https:\\\/\\\/secure.gravatar.com\\\/avatar\\\/a545bbb6f84efdd5553dbbc2895e3ca8f1d12c5215e00a041c9670b54aa9b18a?s=96&d=mm&r=g\",\"caption\":\"MC\"},\"url\":\"https:\\\/\\\/www.webdo.tn\\\/fr\\\/actualite\\\/author\\\/mc\\\/\"}]}<\/script>\n<!-- \/ Yoast SEO Premium plugin. -->","yoast_head_json":{"title":"Hammadi Bousbia inhum\u00e9 au cimeti\u00e8re de Gammarth","description":"D\u00e9c\u00e9d\u00e9 hier, dimanche 4 d\u00e9cembre 2022 \u00e0 l\u2019\u00e2ge de 88 ans, l\u2019homme d\u2019affaires et ancien pr\u00e9sident du Club Africain Hammadi Bousbia, a \u00e9t\u00e9 inhum\u00e9, aujourd\u2019hui au c...","canonical":"https:\/\/www.webdo.tn\/fr\/actualite\/national\/hammadi-bousbia-inhume-au-cimetiere-de-gammarth\/200229\/","og_locale":"fr_FR","og_type":"article","og_title":"Hammadi Bousbia inhum\u00e9 au cimeti\u00e8re de Gammarth","og_description":"D\u00e9c\u00e9d\u00e9 hier, dimanche 4 d\u00e9cembre 2022 \u00e0 l\u2019\u00e2ge de 88 ans, l\u2019homme d\u2019affaires et ancien pr\u00e9sident du Club Africain Hammadi Bousbia, a \u00e9t\u00e9 inhum\u00e9, aujourd\u2019hui au c...","og_url":"https:\/\/www.webdo.tn\/fr\/actualite\/national\/hammadi-bousbia-inhume-au-cimetiere-de-gammarth\/200229\/","og_site_name":"webdo","article_publisher":"https:\/\/www.facebook.com\/webdotn","article_published_time":"2022-12-05T15:52:00+00:00","article_modified_time":"2025-05-20T22:04:19+00:00","og_image":[{"width":720,"height":384,"url":"https:\/\/www.webdo.tn\/fr\/wp-content\/uploads\/2022\/12\/66fe1c67e7a709e3881bd22d8c935cbf.jpg","type":"image\/jpeg"}],"author":"MC","twitter_card":"summary_large_image","twitter_creator":"@webdo_tn","twitter_site":"@webdo_tn","twitter_misc":{"\u00c9crit par":"MC","Dur\u00e9e de lecture estim\u00e9e":"1 minute"},"schema":{"@context":"https:\/\/schema.org","@graph":[{"@type":"NewsArticle","@id":"https:\/\/www.webdo.tn\/fr\/actualite\/national\/hammadi-bousbia-inhume-au-cimetiere-de-gammarth\/200229\/#article","isPartOf":{"@id":"https:\/\/www.webdo.tn\/fr\/actualite\/national\/hammadi-bousbia-inhume-au-cimetiere-de-gammarth\/200229\/"},"author":{"name":"MC","@id":"https:\/\/www.webdo.tn\/fr\/#\/schema\/person\/2c4929cbf5a809e3bd38617c6ce150f6"},"headline":"Hammadi Bousbia inhum\u00e9 au cimeti\u00e8re de Gammarth","datePublished":"2022-12-05T15:52:00+00:00","dateModified":"2025-05-20T22:04:19+00:00","mainEntityOfPage":{"@id":"https:\/\/www.webdo.tn\/fr\/actualite\/national\/hammadi-bousbia-inhume-au-cimetiere-de-gammarth\/200229\/"},"wordCount":173,"commentCount":0,"publisher":{"@id":"https:\/\/www.webdo.tn\/fr\/#organization"},"image":{"@id":"https:\/\/www.webdo.tn\/fr\/actualite\/national\/hammadi-bousbia-inhume-au-cimetiere-de-gammarth\/200229\/#primaryimage"},"thumbnailUrl":"https:\/\/www.webdo.tn\/fr\/wp-content\/uploads\/2022\/12\/66fe1c67e7a709e3881bd22d8c935cbf.jpg","keywords":["enterrement","hammadi bousbia"],"articleSection":["National"],"inLanguage":"fr-FR"},{"@type":"WebPage","@id":"https:\/\/www.webdo.tn\/fr\/actualite\/national\/hammadi-bousbia-inhume-au-cimetiere-de-gammarth\/200229\/","url":"https:\/\/www.webdo.tn\/fr\/actualite\/national\/hammadi-bousbia-inhume-au-cimetiere-de-gammarth\/200229\/","name":"Hammadi Bousbia inhum\u00e9 au cimeti\u00e8re de Gammarth","isPartOf":{"@id":"https:\/\/www.webdo.tn\/fr\/#website"},"primaryImageOfPage":{"@id":"https:\/\/www.webdo.tn\/fr\/actualite\/national\/hammadi-bousbia-inhume-au-cimetiere-de-gammarth\/200229\/#primaryimage"},"image":{"@id":"https:\/\/www.webdo.tn\/fr\/actualite\/national\/hammadi-bousbia-inhume-au-cimetiere-de-gammarth\/200229\/#primaryimage"},"thumbnailUrl":"https:\/\/www.webdo.tn\/fr\/wp-content\/uploads\/2022\/12\/66fe1c67e7a709e3881bd22d8c935cbf.jpg","datePublished":"2022-12-05T15:52:00+00:00","dateModified":"2025-05-20T22:04:19+00:00","description":"D\u00e9c\u00e9d\u00e9 hier, dimanche 4 d\u00e9cembre 2022 \u00e0 l\u2019\u00e2ge de 88 ans, l\u2019homme d\u2019affaires et ancien pr\u00e9sident du Club Africain Hammadi Bousbia, a \u00e9t\u00e9 inhum\u00e9, aujourd\u2019hui au c...","breadcrumb":{"@id":"https:\/\/www.webdo.tn\/fr\/actualite\/national\/hammadi-bousbia-inhume-au-cimetiere-de-gammarth\/200229\/#breadcrumb"},"inLanguage":"fr-FR","potentialAction":[{"@type":"ReadAction","target":["https:\/\/www.webdo.tn\/fr\/actualite\/national\/hammadi-bousbia-inhume-au-cimetiere-de-gammarth\/200229\/"]}]},{"@type":"ImageObject","inLanguage":"fr-FR","@id":"https:\/\/www.webdo.tn\/fr\/actualite\/national\/hammadi-bousbia-inhume-au-cimetiere-de-gammarth\/200229\/#primaryimage","url":"https:\/\/www.webdo.tn\/fr\/wp-content\/uploads\/2022\/12\/66fe1c67e7a709e3881bd22d8c935cbf.jpg","contentUrl":"https:\/\/www.webdo.tn\/fr\/wp-content\/uploads\/2022\/12\/66fe1c67e7a709e3881bd22d8c935cbf.jpg","width":720,"height":384,"caption":"Hammadi Bousbia inhum\u00e9 au cimeti\u00e8re de Gammarth"},{"@type":"BreadcrumbList","@id":"https:\/\/www.webdo.tn\/fr\/actualite\/national\/hammadi-bousbia-inhume-au-cimetiere-de-gammarth\/200229\/#breadcrumb","itemListElement":[{"@type":"ListItem","position":1,"name":"Accueil","item":"https:\/\/www.webdo.tn\/fr\/"},{"@type":"ListItem","position":2,"name":"Hammadi Bousbia inhum\u00e9 au cimeti\u00e8re de Gammarth"}]},{"@type":"WebSite","@id":"https:\/\/www.webdo.tn\/fr\/#website","url":"https:\/\/www.webdo.tn\/fr\/","name":"webdo","description":"Tunisie - News en Tunisie et \u00e0 l&#039;international sur Webdo.tn","publisher":{"@id":"https:\/\/www.webdo.tn\/fr\/#organization"},"potentialAction":[{"@type":"SearchAction","target":{"@type":"EntryPoint","urlTemplate":"https:\/\/www.webdo.tn\/fr\/?s={search_term_string}"},"query-input":{"@type":"PropertyValueSpecification","valueRequired":true,"valueName":"search_term_string"}}],"inLanguage":"fr-FR"},{"@type":"Organization","@id":"https:\/\/www.webdo.tn\/fr\/#organization","name":"Webdo","alternateName":"Webdo.tn","url":"https:\/\/www.webdo.tn\/fr\/","logo":{"@type":"ImageObject","inLanguage":"fr-FR","@id":"https:\/\/www.webdo.tn\/fr\/#\/schema\/logo\/image\/","url":"https:\/\/www.webdo.tn\/fr\/wp-content\/uploads\/2025\/06\/Webdo-Tunisie_168377.jpg","contentUrl":"https:\/\/www.webdo.tn\/fr\/wp-content\/uploads\/2025\/06\/Webdo-Tunisie_168377.jpg","width":301,"height":301,"caption":"Webdo"},"image":{"@id":"https:\/\/www.webdo.tn\/fr\/#\/schema\/logo\/image\/"},"sameAs":["https:\/\/www.facebook.com\/webdotn","https:\/\/x.com\/webdo_tn"],"description":"Webdo est un m\u00e9dia num\u00e9rique tunisien fond\u00e9 en 2010, sp\u00e9cialis\u00e9 dans l\u2019actualit\u00e9 nationale et internationale, l\u2019\u00e9conomie, la soci\u00e9t\u00e9 et les analyses politiques. Le site s\u2019adresse \u00e0 un large public francophone et couvre l\u2019information tunisienne en temps r\u00e9el.","email":"redac@webdo.tn","legalName":"YNJ SARL","foundingDate":"2010-09-06","numberOfEmployees":{"@type":"QuantitativeValue","minValue":"11","maxValue":"50"}},{"@type":"Person","@id":"https:\/\/www.webdo.tn\/fr\/#\/schema\/person\/2c4929cbf5a809e3bd38617c6ce150f6","name":"MC","image":{"@type":"ImageObject","inLanguage":"fr-FR","@id":"https:\/\/secure.gravatar.com\/avatar\/a545bbb6f84efdd5553dbbc2895e3ca8f1d12c5215e00a041c9670b54aa9b18a?s=96&d=mm&r=g","url":"https:\/\/secure.gravatar.com\/avatar\/a545bbb6f84efdd5553dbbc2895e3ca8f1d12c5215e00a041c9670b54aa9b18a?s=96&d=mm&r=g","contentUrl":"https:\/\/secure.gravatar.com\/avatar\/a545bbb6f84efdd5553dbbc2895e3ca8f1d12c5215e00a041c9670b54aa9b18a?s=96&d=mm&r=g","caption":"MC"},"url":"https:\/\/www.webdo.tn\/fr\/actualite\/author\/mc\/"}]}},"_links":{"self":[{"href":"https:\/\/www.webdo.tn\/fr\/wp-json\/wp\/v2\/posts\/200229","targetHints":{"allow":["GET"]}}],"collection":[{"href":"https:\/\/www.webdo.tn\/fr\/wp-json\/wp\/v2\/posts"}],"about":[{"href":"https:\/\/www.webdo.tn\/fr\/wp-json\/wp\/v2\/types\/post"}],"author":[{"embeddable":true,"href":"https:\/\/www.webdo.tn\/fr\/wp-json\/wp\/v2\/users\/3162"}],"replies":[{"embeddable":true,"href":"https:\/\/www.webdo.tn\/fr\/wp-json\/wp\/v2\/comments?post=200229"}],"version-history":[{"count":0,"href":"https:\/\/www.webdo.tn\/fr\/wp-json\/wp\/v2\/posts\/200229\/revisions"}],"wp:featuredmedia":[{"embeddable":true,"href":"https:\/\/www.webdo.tn\/fr\/wp-json\/wp\/v2\/media\/252987"}],"wp:attachment":[{"href":"https:\/\/www.webdo.tn\/fr\/wp-json\/wp\/v2\/media?parent=200229"}],"wp:term":[{"taxonomy":"category","embeddable":true,"href":"https:\/\/www.webdo.tn\/fr\/wp-json\/wp\/v2\/categories?post=200229"},{"taxonomy":"post_tag","embeddable":true,"href":"https:\/\/www.webdo.tn\/fr\/wp-json\/wp\/v2\/tags?post=200229"}],"curies":[{"name":"wp","href":"https:\/\/api.w.org\/{rel}","templated":true}]}}