{"id":200223,"date":"2022-12-05T14:23:00","date_gmt":"2022-12-05T14:23:00","guid":{"rendered":"https:\/\/www.webdo.tn\/fr\/blog\/crise-des-medicaments-la-balle-dans-le-camp-des-finances\/200223\/"},"modified":"2025-05-20T22:46:41","modified_gmt":"2025-05-20T22:46:41","slug":"crise-des-medicaments-la-balle-dans-le-camp-des-finances","status":"publish","type":"post","link":"https:\/\/www.webdo.tn\/fr\/actualite\/national\/crise-des-medicaments-la-balle-dans-le-camp-des-finances\/200223\/","title":{"rendered":"Crise des m\u00e9dicaments : La balle dans le camp des Finances"},"content":{"rendered":"<p>Les pharmaciens grossistes ont d\u00e9cid\u00e9 de suspendre leur activit\u00e9 \u00e0 partir de ce lundi 5 d\u00e9cembre 2022 suite \u00e0 un blocage avec les autorit\u00e9s.<\/p>\n<p>\t\t\t\t\t\t\t\t\tEn effet, la Chambre syndicale nationale des pharmaciens grossistes-r\u00e9partiteurs (CSPGR), a d\u00e9cid\u00e9 de suspendre la distribution de m\u00e9dicaments sur tout le territoire, \u00e0 partir du lundi 5 d\u00e9cembre 2022.\u00a0<br \/>\nLa d\u00e9cision de la chambre intervient en raison du non renouvellement, par le minist\u00e8re des Finances, de l&rsquo;attestation d&rsquo;exon\u00e9ration de la retenue \u00e0 la source sur les ventes des m\u00e9dicaments au titre de l&rsquo;ann\u00e9e 2022.<\/p>\n<p>Le directeur g\u00e9n\u00e9ral de la pharmacie et des m\u00e9dicaments au sein du minist\u00e8re de la Sant\u00e9 a affirm\u00e9 dans des d\u00e9clarations m\u00e9diatiques que ces aspects financiers d\u00e9passent le minist\u00e8re et que c\u2019est le d\u00e9partement des Finances qui est concern\u00e9.\u00a0<\/p>\n<p>Rappelons que les pharmaciens grossistes b\u00e9n\u00e9ficiaient de cette exon\u00e9ration depuis 2006, sans interruption, \u00e9tant donn\u00e9 que leurs marges de b\u00e9n\u00e9ficies sont inf\u00e9rieures au taux de la retenue \u00e0 la source qui leur est appliqu\u00e9e.<\/p>\n","protected":false},"excerpt":{"rendered":"<p>Les pharmaciens grossistes ont d\u00e9cid\u00e9 de suspendre leur activit\u00e9 \u00e0 partir de ce lundi 5 d\u00e9cembre 2022 suite \u00e0 un blocage avec les autorit\u00e9s.<\/p>\n","protected":false},"author":3175,"featured_media":252989,"comment_status":"open","ping_status":"closed","sticky":false,"template":"","format":"standard","meta":{"footnotes":""},"categories":[44],"tags":[3642,3479,2608],"class_list":["post-200223","post","type-post","status-publish","format-standard","has-post-thumbnail","hentry","category-national","tag-finances","tag-medicaments","tag-tunisie"],"yoast_head":"<!-- This site is optimized with the Yoast SEO Premium plugin v27.4 (Yoast SEO v27.5) - https:\/\/yoast.com\/product\/yoast-seo-premium-wordpress\/ -->\n<title>Crise des m\u00e9dicaments : La balle dans le camp des Finances<\/title>\n<meta name=\"description\" content=\"Les pharmaciens grossistes ont d\u00e9cid\u00e9 de suspendre leur activit\u00e9 \u00e0 partir de ce lundi 5 d\u00e9cembre 2022 suite \u00e0 un blocage avec les autorit\u00e9s.\" \/>\n<link rel=\"canonical\" href=\"https:\/\/www.webdo.tn\/fr\/actualite\/national\/crise-des-medicaments-la-balle-dans-le-camp-des-finances\/200223\/\" \/>\n<meta property=\"og:locale\" content=\"fr_FR\" \/>\n<meta property=\"og:type\" content=\"article\" \/>\n<meta property=\"og:title\" content=\"Crise des m\u00e9dicaments : La balle dans le camp des Finances\" \/>\n<meta property=\"og:description\" content=\"Les pharmaciens grossistes ont d\u00e9cid\u00e9 de suspendre leur activit\u00e9 \u00e0 partir de ce lundi 5 d\u00e9cembre 2022 suite \u00e0 un blocage avec les autorit\u00e9s.\" \/>\n<meta property=\"og:url\" content=\"https:\/\/www.webdo.tn\/fr\/actualite\/national\/crise-des-medicaments-la-balle-dans-le-camp-des-finances\/200223\/\" \/>\n<meta property=\"og:site_name\" content=\"webdo\" \/>\n<meta property=\"article:publisher\" content=\"https:\/\/www.facebook.com\/webdotn\" \/>\n<meta property=\"article:published_time\" content=\"2022-12-05T14:23:00+00:00\" \/>\n<meta property=\"article:modified_time\" content=\"2025-05-20T22:46:41+00:00\" \/>\n<meta property=\"og:image\" content=\"https:\/\/www.webdo.tn\/fr\/wp-content\/uploads\/2022\/12\/b3a4a6aa37b783acd3a8ed3b8d8a87da.jpg\" \/>\n\t<meta property=\"og:image:width\" content=\"750\" \/>\n\t<meta property=\"og:image:height\" content=\"400\" \/>\n\t<meta property=\"og:image:type\" content=\"image\/jpeg\" \/>\n<meta name=\"author\" content=\"CL\" \/>\n<meta name=\"twitter:card\" content=\"summary_large_image\" \/>\n<meta name=\"twitter:creator\" content=\"@webdo_tn\" \/>\n<meta name=\"twitter:site\" content=\"@webdo_tn\" \/>\n<meta name=\"twitter:label1\" content=\"\u00c9crit par\" \/>\n\t<meta name=\"twitter:data1\" content=\"CL\" \/>\n\t<meta name=\"twitter:label2\" content=\"Dur\u00e9e de lecture estim\u00e9e\" \/>\n\t<meta name=\"twitter:data2\" content=\"1 minute\" \/>\n<script type=\"application\/ld+json\" class=\"yoast-schema-graph\">{\"@context\":\"https:\\\/\\\/schema.org\",\"@graph\":[{\"@type\":\"NewsArticle\",\"@id\":\"https:\\\/\\\/www.webdo.tn\\\/fr\\\/actualite\\\/national\\\/crise-des-medicaments-la-balle-dans-le-camp-des-finances\\\/200223\\\/#article\",\"isPartOf\":{\"@id\":\"https:\\\/\\\/www.webdo.tn\\\/fr\\\/actualite\\\/national\\\/crise-des-medicaments-la-balle-dans-le-camp-des-finances\\\/200223\\\/\"},\"author\":{\"name\":\"CL\",\"@id\":\"https:\\\/\\\/www.webdo.tn\\\/fr\\\/#\\\/schema\\\/person\\\/f35b42a42c5e2511bbd282959d6385cc\"},\"headline\":\"Crise des m\u00e9dicaments : La balle dans le camp des Finances\",\"datePublished\":\"2022-12-05T14:23:00+00:00\",\"dateModified\":\"2025-05-20T22:46:41+00:00\",\"mainEntityOfPage\":{\"@id\":\"https:\\\/\\\/www.webdo.tn\\\/fr\\\/actualite\\\/national\\\/crise-des-medicaments-la-balle-dans-le-camp-des-finances\\\/200223\\\/\"},\"wordCount\":193,\"commentCount\":0,\"publisher\":{\"@id\":\"https:\\\/\\\/www.webdo.tn\\\/fr\\\/#organization\"},\"image\":{\"@id\":\"https:\\\/\\\/www.webdo.tn\\\/fr\\\/actualite\\\/national\\\/crise-des-medicaments-la-balle-dans-le-camp-des-finances\\\/200223\\\/#primaryimage\"},\"thumbnailUrl\":\"https:\\\/\\\/www.webdo.tn\\\/fr\\\/wp-content\\\/uploads\\\/2022\\\/12\\\/b3a4a6aa37b783acd3a8ed3b8d8a87da.jpg\",\"keywords\":[\"Finances\",\"m\u00e9dicaments\",\"Tunisie\"],\"articleSection\":[\"National\"],\"inLanguage\":\"fr-FR\"},{\"@type\":\"WebPage\",\"@id\":\"https:\\\/\\\/www.webdo.tn\\\/fr\\\/actualite\\\/national\\\/crise-des-medicaments-la-balle-dans-le-camp-des-finances\\\/200223\\\/\",\"url\":\"https:\\\/\\\/www.webdo.tn\\\/fr\\\/actualite\\\/national\\\/crise-des-medicaments-la-balle-dans-le-camp-des-finances\\\/200223\\\/\",\"name\":\"Crise des m\u00e9dicaments : La balle dans le camp des Finances\",\"isPartOf\":{\"@id\":\"https:\\\/\\\/www.webdo.tn\\\/fr\\\/#website\"},\"primaryImageOfPage\":{\"@id\":\"https:\\\/\\\/www.webdo.tn\\\/fr\\\/actualite\\\/national\\\/crise-des-medicaments-la-balle-dans-le-camp-des-finances\\\/200223\\\/#primaryimage\"},\"image\":{\"@id\":\"https:\\\/\\\/www.webdo.tn\\\/fr\\\/actualite\\\/national\\\/crise-des-medicaments-la-balle-dans-le-camp-des-finances\\\/200223\\\/#primaryimage\"},\"thumbnailUrl\":\"https:\\\/\\\/www.webdo.tn\\\/fr\\\/wp-content\\\/uploads\\\/2022\\\/12\\\/b3a4a6aa37b783acd3a8ed3b8d8a87da.jpg\",\"datePublished\":\"2022-12-05T14:23:00+00:00\",\"dateModified\":\"2025-05-20T22:46:41+00:00\",\"description\":\"Les pharmaciens grossistes ont d\u00e9cid\u00e9 de suspendre leur activit\u00e9 \u00e0 partir de ce lundi 5 d\u00e9cembre 2022 suite \u00e0 un blocage avec les autorit\u00e9s.\",\"breadcrumb\":{\"@id\":\"https:\\\/\\\/www.webdo.tn\\\/fr\\\/actualite\\\/national\\\/crise-des-medicaments-la-balle-dans-le-camp-des-finances\\\/200223\\\/#breadcrumb\"},\"inLanguage\":\"fr-FR\",\"potentialAction\":[{\"@type\":\"ReadAction\",\"target\":[\"https:\\\/\\\/www.webdo.tn\\\/fr\\\/actualite\\\/national\\\/crise-des-medicaments-la-balle-dans-le-camp-des-finances\\\/200223\\\/\"]}]},{\"@type\":\"ImageObject\",\"inLanguage\":\"fr-FR\",\"@id\":\"https:\\\/\\\/www.webdo.tn\\\/fr\\\/actualite\\\/national\\\/crise-des-medicaments-la-balle-dans-le-camp-des-finances\\\/200223\\\/#primaryimage\",\"url\":\"https:\\\/\\\/www.webdo.tn\\\/fr\\\/wp-content\\\/uploads\\\/2022\\\/12\\\/b3a4a6aa37b783acd3a8ed3b8d8a87da.jpg\",\"contentUrl\":\"https:\\\/\\\/www.webdo.tn\\\/fr\\\/wp-content\\\/uploads\\\/2022\\\/12\\\/b3a4a6aa37b783acd3a8ed3b8d8a87da.jpg\",\"width\":750,\"height\":400,\"caption\":\"Minist\u00e8re des Finances\"},{\"@type\":\"BreadcrumbList\",\"@id\":\"https:\\\/\\\/www.webdo.tn\\\/fr\\\/actualite\\\/national\\\/crise-des-medicaments-la-balle-dans-le-camp-des-finances\\\/200223\\\/#breadcrumb\",\"itemListElement\":[{\"@type\":\"ListItem\",\"position\":1,\"name\":\"Accueil\",\"item\":\"https:\\\/\\\/www.webdo.tn\\\/fr\\\/\"},{\"@type\":\"ListItem\",\"position\":2,\"name\":\"Crise des m\u00e9dicaments : La balle dans le camp des Finances\"}]},{\"@type\":\"WebSite\",\"@id\":\"https:\\\/\\\/www.webdo.tn\\\/fr\\\/#website\",\"url\":\"https:\\\/\\\/www.webdo.tn\\\/fr\\\/\",\"name\":\"webdo\",\"description\":\"Tunisie - News en Tunisie et \u00e0 l&#039;international sur Webdo.tn\",\"publisher\":{\"@id\":\"https:\\\/\\\/www.webdo.tn\\\/fr\\\/#organization\"},\"potentialAction\":[{\"@type\":\"SearchAction\",\"target\":{\"@type\":\"EntryPoint\",\"urlTemplate\":\"https:\\\/\\\/www.webdo.tn\\\/fr\\\/?s={search_term_string}\"},\"query-input\":{\"@type\":\"PropertyValueSpecification\",\"valueRequired\":true,\"valueName\":\"search_term_string\"}}],\"inLanguage\":\"fr-FR\"},{\"@type\":\"Organization\",\"@id\":\"https:\\\/\\\/www.webdo.tn\\\/fr\\\/#organization\",\"name\":\"Webdo\",\"alternateName\":\"Webdo.tn\",\"url\":\"https:\\\/\\\/www.webdo.tn\\\/fr\\\/\",\"logo\":{\"@type\":\"ImageObject\",\"inLanguage\":\"fr-FR\",\"@id\":\"https:\\\/\\\/www.webdo.tn\\\/fr\\\/#\\\/schema\\\/logo\\\/image\\\/\",\"url\":\"https:\\\/\\\/www.webdo.tn\\\/fr\\\/wp-content\\\/uploads\\\/2025\\\/06\\\/Webdo-Tunisie_168377.jpg\",\"contentUrl\":\"https:\\\/\\\/www.webdo.tn\\\/fr\\\/wp-content\\\/uploads\\\/2025\\\/06\\\/Webdo-Tunisie_168377.jpg\",\"width\":301,\"height\":301,\"caption\":\"Webdo\"},\"image\":{\"@id\":\"https:\\\/\\\/www.webdo.tn\\\/fr\\\/#\\\/schema\\\/logo\\\/image\\\/\"},\"sameAs\":[\"https:\\\/\\\/www.facebook.com\\\/webdotn\",\"https:\\\/\\\/x.com\\\/webdo_tn\"],\"description\":\"Webdo est un m\u00e9dia num\u00e9rique tunisien fond\u00e9 en 2010, sp\u00e9cialis\u00e9 dans l\u2019actualit\u00e9 nationale et internationale, l\u2019\u00e9conomie, la soci\u00e9t\u00e9 et les analyses politiques. Le site s\u2019adresse \u00e0 un large public francophone et couvre l\u2019information tunisienne en temps r\u00e9el.\",\"email\":\"redac@webdo.tn\",\"legalName\":\"YNJ SARL\",\"foundingDate\":\"2010-09-06\",\"numberOfEmployees\":{\"@type\":\"QuantitativeValue\",\"minValue\":\"11\",\"maxValue\":\"50\"}},{\"@type\":\"Person\",\"@id\":\"https:\\\/\\\/www.webdo.tn\\\/fr\\\/#\\\/schema\\\/person\\\/f35b42a42c5e2511bbd282959d6385cc\",\"name\":\"CL\",\"image\":{\"@type\":\"ImageObject\",\"inLanguage\":\"fr-FR\",\"@id\":\"https:\\\/\\\/secure.gravatar.com\\\/avatar\\\/1447a49909b67aa657c488aec6512e1dd6143a480c1ecfee9b5b5cd74eb3b59e?s=96&d=mm&r=g\",\"url\":\"https:\\\/\\\/secure.gravatar.com\\\/avatar\\\/1447a49909b67aa657c488aec6512e1dd6143a480c1ecfee9b5b5cd74eb3b59e?s=96&d=mm&r=g\",\"contentUrl\":\"https:\\\/\\\/secure.gravatar.com\\\/avatar\\\/1447a49909b67aa657c488aec6512e1dd6143a480c1ecfee9b5b5cd74eb3b59e?s=96&d=mm&r=g\",\"caption\":\"CL\"},\"url\":\"https:\\\/\\\/www.webdo.tn\\\/fr\\\/actualite\\\/author\\\/cl\\\/\"}]}<\/script>\n<!-- \/ Yoast SEO Premium plugin. -->","yoast_head_json":{"title":"Crise des m\u00e9dicaments : La balle dans le camp des Finances","description":"Les pharmaciens grossistes ont d\u00e9cid\u00e9 de suspendre leur activit\u00e9 \u00e0 partir de ce lundi 5 d\u00e9cembre 2022 suite \u00e0 un blocage avec les autorit\u00e9s.","canonical":"https:\/\/www.webdo.tn\/fr\/actualite\/national\/crise-des-medicaments-la-balle-dans-le-camp-des-finances\/200223\/","og_locale":"fr_FR","og_type":"article","og_title":"Crise des m\u00e9dicaments : La balle dans le camp des Finances","og_description":"Les pharmaciens grossistes ont d\u00e9cid\u00e9 de suspendre leur activit\u00e9 \u00e0 partir de ce lundi 5 d\u00e9cembre 2022 suite \u00e0 un blocage avec les autorit\u00e9s.","og_url":"https:\/\/www.webdo.tn\/fr\/actualite\/national\/crise-des-medicaments-la-balle-dans-le-camp-des-finances\/200223\/","og_site_name":"webdo","article_publisher":"https:\/\/www.facebook.com\/webdotn","article_published_time":"2022-12-05T14:23:00+00:00","article_modified_time":"2025-05-20T22:46:41+00:00","og_image":[{"width":750,"height":400,"url":"https:\/\/www.webdo.tn\/fr\/wp-content\/uploads\/2022\/12\/b3a4a6aa37b783acd3a8ed3b8d8a87da.jpg","type":"image\/jpeg"}],"author":"CL","twitter_card":"summary_large_image","twitter_creator":"@webdo_tn","twitter_site":"@webdo_tn","twitter_misc":{"\u00c9crit par":"CL","Dur\u00e9e de lecture estim\u00e9e":"1 minute"},"schema":{"@context":"https:\/\/schema.org","@graph":[{"@type":"NewsArticle","@id":"https:\/\/www.webdo.tn\/fr\/actualite\/national\/crise-des-medicaments-la-balle-dans-le-camp-des-finances\/200223\/#article","isPartOf":{"@id":"https:\/\/www.webdo.tn\/fr\/actualite\/national\/crise-des-medicaments-la-balle-dans-le-camp-des-finances\/200223\/"},"author":{"name":"CL","@id":"https:\/\/www.webdo.tn\/fr\/#\/schema\/person\/f35b42a42c5e2511bbd282959d6385cc"},"headline":"Crise des m\u00e9dicaments : La balle dans le camp des Finances","datePublished":"2022-12-05T14:23:00+00:00","dateModified":"2025-05-20T22:46:41+00:00","mainEntityOfPage":{"@id":"https:\/\/www.webdo.tn\/fr\/actualite\/national\/crise-des-medicaments-la-balle-dans-le-camp-des-finances\/200223\/"},"wordCount":193,"commentCount":0,"publisher":{"@id":"https:\/\/www.webdo.tn\/fr\/#organization"},"image":{"@id":"https:\/\/www.webdo.tn\/fr\/actualite\/national\/crise-des-medicaments-la-balle-dans-le-camp-des-finances\/200223\/#primaryimage"},"thumbnailUrl":"https:\/\/www.webdo.tn\/fr\/wp-content\/uploads\/2022\/12\/b3a4a6aa37b783acd3a8ed3b8d8a87da.jpg","keywords":["Finances","m\u00e9dicaments","Tunisie"],"articleSection":["National"],"inLanguage":"fr-FR"},{"@type":"WebPage","@id":"https:\/\/www.webdo.tn\/fr\/actualite\/national\/crise-des-medicaments-la-balle-dans-le-camp-des-finances\/200223\/","url":"https:\/\/www.webdo.tn\/fr\/actualite\/national\/crise-des-medicaments-la-balle-dans-le-camp-des-finances\/200223\/","name":"Crise des m\u00e9dicaments : La balle dans le camp des Finances","isPartOf":{"@id":"https:\/\/www.webdo.tn\/fr\/#website"},"primaryImageOfPage":{"@id":"https:\/\/www.webdo.tn\/fr\/actualite\/national\/crise-des-medicaments-la-balle-dans-le-camp-des-finances\/200223\/#primaryimage"},"image":{"@id":"https:\/\/www.webdo.tn\/fr\/actualite\/national\/crise-des-medicaments-la-balle-dans-le-camp-des-finances\/200223\/#primaryimage"},"thumbnailUrl":"https:\/\/www.webdo.tn\/fr\/wp-content\/uploads\/2022\/12\/b3a4a6aa37b783acd3a8ed3b8d8a87da.jpg","datePublished":"2022-12-05T14:23:00+00:00","dateModified":"2025-05-20T22:46:41+00:00","description":"Les pharmaciens grossistes ont d\u00e9cid\u00e9 de suspendre leur activit\u00e9 \u00e0 partir de ce lundi 5 d\u00e9cembre 2022 suite \u00e0 un blocage avec les autorit\u00e9s.","breadcrumb":{"@id":"https:\/\/www.webdo.tn\/fr\/actualite\/national\/crise-des-medicaments-la-balle-dans-le-camp-des-finances\/200223\/#breadcrumb"},"inLanguage":"fr-FR","potentialAction":[{"@type":"ReadAction","target":["https:\/\/www.webdo.tn\/fr\/actualite\/national\/crise-des-medicaments-la-balle-dans-le-camp-des-finances\/200223\/"]}]},{"@type":"ImageObject","inLanguage":"fr-FR","@id":"https:\/\/www.webdo.tn\/fr\/actualite\/national\/crise-des-medicaments-la-balle-dans-le-camp-des-finances\/200223\/#primaryimage","url":"https:\/\/www.webdo.tn\/fr\/wp-content\/uploads\/2022\/12\/b3a4a6aa37b783acd3a8ed3b8d8a87da.jpg","contentUrl":"https:\/\/www.webdo.tn\/fr\/wp-content\/uploads\/2022\/12\/b3a4a6aa37b783acd3a8ed3b8d8a87da.jpg","width":750,"height":400,"caption":"Minist\u00e8re des Finances"},{"@type":"BreadcrumbList","@id":"https:\/\/www.webdo.tn\/fr\/actualite\/national\/crise-des-medicaments-la-balle-dans-le-camp-des-finances\/200223\/#breadcrumb","itemListElement":[{"@type":"ListItem","position":1,"name":"Accueil","item":"https:\/\/www.webdo.tn\/fr\/"},{"@type":"ListItem","position":2,"name":"Crise des m\u00e9dicaments : La balle dans le camp des Finances"}]},{"@type":"WebSite","@id":"https:\/\/www.webdo.tn\/fr\/#website","url":"https:\/\/www.webdo.tn\/fr\/","name":"webdo","description":"Tunisie - News en Tunisie et \u00e0 l&#039;international sur Webdo.tn","publisher":{"@id":"https:\/\/www.webdo.tn\/fr\/#organization"},"potentialAction":[{"@type":"SearchAction","target":{"@type":"EntryPoint","urlTemplate":"https:\/\/www.webdo.tn\/fr\/?s={search_term_string}"},"query-input":{"@type":"PropertyValueSpecification","valueRequired":true,"valueName":"search_term_string"}}],"inLanguage":"fr-FR"},{"@type":"Organization","@id":"https:\/\/www.webdo.tn\/fr\/#organization","name":"Webdo","alternateName":"Webdo.tn","url":"https:\/\/www.webdo.tn\/fr\/","logo":{"@type":"ImageObject","inLanguage":"fr-FR","@id":"https:\/\/www.webdo.tn\/fr\/#\/schema\/logo\/image\/","url":"https:\/\/www.webdo.tn\/fr\/wp-content\/uploads\/2025\/06\/Webdo-Tunisie_168377.jpg","contentUrl":"https:\/\/www.webdo.tn\/fr\/wp-content\/uploads\/2025\/06\/Webdo-Tunisie_168377.jpg","width":301,"height":301,"caption":"Webdo"},"image":{"@id":"https:\/\/www.webdo.tn\/fr\/#\/schema\/logo\/image\/"},"sameAs":["https:\/\/www.facebook.com\/webdotn","https:\/\/x.com\/webdo_tn"],"description":"Webdo est un m\u00e9dia num\u00e9rique tunisien fond\u00e9 en 2010, sp\u00e9cialis\u00e9 dans l\u2019actualit\u00e9 nationale et internationale, l\u2019\u00e9conomie, la soci\u00e9t\u00e9 et les analyses politiques. Le site s\u2019adresse \u00e0 un large public francophone et couvre l\u2019information tunisienne en temps r\u00e9el.","email":"redac@webdo.tn","legalName":"YNJ SARL","foundingDate":"2010-09-06","numberOfEmployees":{"@type":"QuantitativeValue","minValue":"11","maxValue":"50"}},{"@type":"Person","@id":"https:\/\/www.webdo.tn\/fr\/#\/schema\/person\/f35b42a42c5e2511bbd282959d6385cc","name":"CL","image":{"@type":"ImageObject","inLanguage":"fr-FR","@id":"https:\/\/secure.gravatar.com\/avatar\/1447a49909b67aa657c488aec6512e1dd6143a480c1ecfee9b5b5cd74eb3b59e?s=96&d=mm&r=g","url":"https:\/\/secure.gravatar.com\/avatar\/1447a49909b67aa657c488aec6512e1dd6143a480c1ecfee9b5b5cd74eb3b59e?s=96&d=mm&r=g","contentUrl":"https:\/\/secure.gravatar.com\/avatar\/1447a49909b67aa657c488aec6512e1dd6143a480c1ecfee9b5b5cd74eb3b59e?s=96&d=mm&r=g","caption":"CL"},"url":"https:\/\/www.webdo.tn\/fr\/actualite\/author\/cl\/"}]}},"_links":{"self":[{"href":"https:\/\/www.webdo.tn\/fr\/wp-json\/wp\/v2\/posts\/200223","targetHints":{"allow":["GET"]}}],"collection":[{"href":"https:\/\/www.webdo.tn\/fr\/wp-json\/wp\/v2\/posts"}],"about":[{"href":"https:\/\/www.webdo.tn\/fr\/wp-json\/wp\/v2\/types\/post"}],"author":[{"embeddable":true,"href":"https:\/\/www.webdo.tn\/fr\/wp-json\/wp\/v2\/users\/3175"}],"replies":[{"embeddable":true,"href":"https:\/\/www.webdo.tn\/fr\/wp-json\/wp\/v2\/comments?post=200223"}],"version-history":[{"count":0,"href":"https:\/\/www.webdo.tn\/fr\/wp-json\/wp\/v2\/posts\/200223\/revisions"}],"wp:featuredmedia":[{"embeddable":true,"href":"https:\/\/www.webdo.tn\/fr\/wp-json\/wp\/v2\/media\/252989"}],"wp:attachment":[{"href":"https:\/\/www.webdo.tn\/fr\/wp-json\/wp\/v2\/media?parent=200223"}],"wp:term":[{"taxonomy":"category","embeddable":true,"href":"https:\/\/www.webdo.tn\/fr\/wp-json\/wp\/v2\/categories?post=200223"},{"taxonomy":"post_tag","embeddable":true,"href":"https:\/\/www.webdo.tn\/fr\/wp-json\/wp\/v2\/tags?post=200223"}],"curies":[{"name":"wp","href":"https:\/\/api.w.org\/{rel}","templated":true}]}}